{"id":81595,"date":"2026-01-11T07:32:46","date_gmt":"2026-01-11T10:32:46","guid":{"rendered":"https:\/\/noticiasribeiraopreto.com.br\/index.php\/2026\/01\/11\/entenda-por-que-trecho-da-abrao-assed-em-ribeirao-preto-ficou-de-fora-de-leilao\/"},"modified":"2026-01-11T07:32:46","modified_gmt":"2026-01-11T10:32:46","slug":"entenda-por-que-trecho-da-abrao-assed-em-ribeirao-preto-ficou-de-fora-de-leilao","status":"publish","type":"post","link":"https:\/\/noticiasribeiraopreto.com.br\/index.php\/2026\/01\/11\/entenda-por-que-trecho-da-abrao-assed-em-ribeirao-preto-ficou-de-fora-de-leilao\/","title":{"rendered":"Entenda por que trecho da Abr\u00e3o Assed em Ribeir\u00e3o Preto ficou de fora de leil\u00e3o"},"content":{"rendered":"<div class='code-block code-block-1' style='margin: 8px 0 8px auto; text-align: right; display: block; clear: both;'>\n<p><a href=\"https:\/\/wa.link\/vpicfd\"><img data-recalc-dims=\"1\" class=\"wp-image-4922\" style=\"aspect-ratio: 2.0253164556962027; width: 561px; height: auto;\" src=\"https:\/\/i0.wp.com\/ismaelcolosi.com.br\/wp-content\/uploads\/2023\/11\/grupo-de-empregos-whatsapp-e-facebook-ismael-colosi-vagas.jpg?ssl=1\" alt=\"\" \/><\/a><\/p>\n<!-- \/wp:image -->\n<\/div>\n<p> <br \/>\n<\/p>\n<div>\n<p>O trecho da <strong>rodovia Abr\u00e3o Assed<\/strong> que passa por <strong>Ribeir\u00e3o Preto <\/strong>ficou de fora do leil\u00e3o do lote <strong>Rota Mogiana<\/strong>, que acontece no dia 27 de fevereiro na<strong> B3<\/strong>, em <strong>S\u00e3o Paulo<\/strong>. Segundo a <strong>Secretaria de Parcerias em Investimentos de S\u00e3o Paulo<\/strong> esse trecho de Ribeir\u00e3o Preto, por j\u00e1 ser duplicado, n\u00e3o ser\u00e1 leiloado neste momento.<\/p>\n<p><mark style=\"background-color:#fcb900\" class=\"has-inline-color has-black-color\">\u201cForam priorizados trechos ainda n\u00e3o duplicados e com maior necessidade de investimentos\u201d<\/mark>, informa. Com isso, n\u00e3o ser\u00e1 instalada a pra\u00e7a de ped\u00e1gio entre Ribeir\u00e3o Preto e Serrana que chegou a ser cogitada no projeto original.<\/p>\n<h2 class=\"wp-block-heading\"><strong>Prioridade<\/strong><\/h2>\n<p>A Secretaria de Parcerias em Investimentos aponta que a malha rodovi\u00e1ria integrante da Rota Mogiana foi definida ap\u00f3s estudo de equipes t\u00e9cnicas da SPI e da Artesp, al\u00e9m da realiza\u00e7\u00e3o de consultas e audi\u00eancias p\u00fablicas que totalizaram 284 contribui\u00e7\u00f5es da sociedade.<\/p>\n<p>\u201cFoi priorizada a inclus\u00e3o de segmentos ainda n\u00e3o duplicados e com maior necessidade de investimentos. Dessa forma, est\u00e1 prevista duplica\u00e7\u00e3o do trecho entre Mococa e Cajuru (SP 338) e entre Cajuru e Santa Cruz da Esperan\u00e7a (SP333)\u201d, explica.<\/p>\n<p>Contudo, a licita\u00e7\u00e3o ainda prev\u00ea a implanta\u00e7\u00e3o de uma pra\u00e7a de ped\u00e1gio free flow na divisa de Cajuru com Mococa e outra entre Serra Azul e Santa Cruz da Esperan\u00e7a, pr\u00f3xima ao Rio Pardo.<\/p>\n<h2 class=\"wp-block-heading\"><strong>Rota Mogiana<\/strong><\/h2>\n<p>No total, a nova Rota Mogiana prev\u00ea a moderniza\u00e7\u00e3o de mais de 500 quil\u00f4metros de rodovias com o objetivo de fortalecer a integra\u00e7\u00e3o entre os polos agr\u00edcolas, industriais e log\u00edsticos do interior paulista.<\/p>\n<p>Est\u00e3o previstos investimentos de R$ 9,3 bilh\u00f5es para duplica\u00e7\u00f5es, terceiras faixas, marginais, acostamentos, passarelas, dispositivos de acesso, ciclovias e outras obras de infraestrutura.<\/p>\n<p>Publicado originalmente em outubro de 2025, o edital foi republicado no \u00faltimo dia 2 de janeiro para consolidar ajustes t\u00e9cnicos com o objetivo de fortalecer o projeto e garantir a execu\u00e7\u00e3o das melhorias previstas.<\/p>\n<p>\u201cOs ajustes envolvem par\u00e2metros contratuais e operacionais, trazendo mais seguran\u00e7a ao contrato e assegurando que os investimentos saiam do papel, sem alterar o conjunto de obras previsto para a regi\u00e3o\u201d, informa.<\/p>\n<p>SAIBA MAIS<br \/>Cinema de Ribeir\u00e3o tem sess\u00e3o adaptada de Bob Esponja para p\u00fablico com TEA<\/p>\n<h2 class=\"wp-block-heading\"><strong>FIQUE ON<\/strong><\/h2>\n<p>Fique ligado em tudo que acontece em Ribeir\u00e3o Preto e regi\u00e3o. Siga os perfis do\u00a0<strong>acidade on\u00a0<\/strong>no<a href=\"https:\/\/www.instagram.com\/acidadeonribeirao\" target=\"_blank\" rel=\"noreferrer noopener\">\u00a0Instagram\u00a0<\/a>e no\u00a0<a href=\"https:\/\/www.facebook.com\/acidadeonribeirao\/\" target=\"_blank\" rel=\"noreferrer noopener\">Facebook<\/a>.<\/p>\n<p>Receba not\u00edcias do\u00a0<strong>acidade on\u00a0<\/strong>no WhatsApp. Para entrar no grupo,\u00a0basta<a href=\"https:\/\/chat.whatsapp.com\/GFH9HUMUTHNFJdnyEd0xxq\" target=\"_blank\" rel=\"noreferrer noopener\">\u00a0clicar aqui<\/a>. Ou, acesse o nosso\u00a0Canal\u00a0<a href=\"https:\/\/whatsapp.com\/channel\/0029Vb6IQl1JENyAeS57fk2p\" target=\"_blank\" rel=\"noreferrer noopener\">clicando aqui<\/a>.<\/p>\n<p>Fa\u00e7a uma den\u00fancia ou sugira uma reportagem sobre Ribeir\u00e3o Preto e regi\u00e3o pelo WhatsApp: 16 99117 7802.<\/p>\n<p>VEJA TAMB\u00c9M<br \/>Casas de Vidro esquentam o BBB 26; veja participantes do Sudeste<\/p>\n<p><!-- AI CONTENT END 1 -->\n<\/div>\n<p><script async src=\"\/\/www.instagram.com\/embed.js\"><\/script><br \/>\n<br \/><br \/>\n<br \/><a href=\"https:\/\/www.acidadeon.com\/ribeiraopreto\/politica\/nevio-archibald\/entenda-por-que-trecho-da-abrao-assed-em-ribeirao-preto-ficou-de-fora-de-leilao\/\">Source link <\/a><\/p>\n<!-- CONTENT END 1 -->\n","protected":false},"excerpt":{"rendered":"<p>O trecho da rodovia Abr\u00e3o Assed que passa por Ribeir\u00e3o Preto ficou de fora do leil\u00e3o do lote Rota Mogiana, que acontece no dia 27&#8230;<\/p>\n","protected":false},"author":1,"featured_media":81596,"comment_status":"open","ping_status":"open","sticky":false,"template":"","format":"standard","meta":{"advanced_seo_description":"","jetpack_seo_html_title":"","jetpack_seo_noindex":false,"jetpack_post_was_ever_published":false,"_jetpack_newsletter_access":"","_jetpack_dont_email_post_to_subs":false,"_jetpack_newsletter_tier_id":0,"_jetpack_memberships_contains_paywalled_content":false,"_jetpack_memberships_contains_paid_content":false,"footnotes":"","jetpack_publicize_message":"","jetpack_publicize_feature_enabled":true,"jetpack_social_post_already_shared":true,"jetpack_social_options":{"image_generator_settings":{"template":"highway","default_image_id":0,"font":"","enabled":false},"version":2}},"categories":[11],"tags":[],"class_list":["post-81595","post","type-post","status-publish","format-standard","has-post-thumbnail","hentry","category-noticias-de-ribeirao-preto-sp-e-regiao-ismael-colosi"],"jetpack_publicize_connections":[],"jetpack_featured_media_url":"https:\/\/i0.wp.com\/noticiasribeiraopreto.com.br\/wp-content\/uploads\/2026\/01\/rodovia-abrao-assed_2026-01-10_21-01-53.webp.webp?fit=979%2C554&ssl=1","jetpack-related-posts":[{"id":65726,"url":"https:\/\/noticiasribeiraopreto.com.br\/index.php\/2025\/03\/23\/entenda-o-projeto-de-concessao-que-pode-incluir-novos-pedagios-na-abrao-assed\/","url_meta":{"origin":81595,"position":0},"title":"Entenda o projeto de concess\u00e3o que pode incluir novos ped\u00e1gios na Abr\u00e3o Assed","author":"noticiasribeiraopreto.com.br","date":"23 de March de 2025","format":false,"excerpt":"Terminou na \u00faltima sexta-feira (21) a consulta p\u00fablica sobre a concess\u00e3o das rodovias da Rota Mogiana. O pacote inclui a rodovia Abr\u00e3o Assed, uma das principais da regi\u00e3o de Ribeir\u00e3o Preto, onde devem ser instalados dois p\u00f3rticos de ped\u00e1gio free flow no trecho entre Ribeir\u00e3o Preto e Cajuru. Segundo a\u2026","rel":"","context":"In &quot;Not\u00edcias de Ribeir\u00e3o Preto-SP e Regi\u00e3o&quot;","block_context":{"text":"Not\u00edcias de Ribeir\u00e3o Preto-SP e Regi\u00e3o","link":"https:\/\/noticiasribeiraopreto.com.br\/index.php\/category\/noticias-de-ribeirao-preto-sp-e-regiao-ismael-colosi\/"},"img":{"alt_text":"","src":"https:\/\/i0.wp.com\/noticiasribeiraopreto.com.br\/wp-content\/uploads\/2025\/03\/abrao-assed_2025-03-23_19-03-10_jpg_2025-03-23_19-03-10.webp.webp?fit=859%2C724&ssl=1&resize=350%2C200","width":350,"height":200,"srcset":"https:\/\/i0.wp.com\/noticiasribeiraopreto.com.br\/wp-content\/uploads\/2025\/03\/abrao-assed_2025-03-23_19-03-10_jpg_2025-03-23_19-03-10.webp.webp?fit=859%2C724&ssl=1&resize=350%2C200 1x, https:\/\/i0.wp.com\/noticiasribeiraopreto.com.br\/wp-content\/uploads\/2025\/03\/abrao-assed_2025-03-23_19-03-10_jpg_2025-03-23_19-03-10.webp.webp?fit=859%2C724&ssl=1&resize=525%2C300 1.5x, https:\/\/i0.wp.com\/noticiasribeiraopreto.com.br\/wp-content\/uploads\/2025\/03\/abrao-assed_2025-03-23_19-03-10_jpg_2025-03-23_19-03-10.webp.webp?fit=859%2C724&ssl=1&resize=700%2C400 2x"},"classes":[]},{"id":77630,"url":"https:\/\/noticiasribeiraopreto.com.br\/index.php\/2025\/09\/23\/terceirizacao-da-abrao-assed-avanca\/","url_meta":{"origin":81595,"position":1},"title":"Terceiriza\u00e7\u00e3o da Abr\u00e3o \u2028Assed avan\u00e7a","author":"noticiasribeiraopreto.com.br","date":"23 de September de 2025","format":false,"excerpt":"23 de setembro de 2025 08:292 Compartilhar0 Concess\u00e3o para a iniciativa privada ser\u00e1 feita entre as cidades de Cajuru e Ribeir\u00e3o Preto e entre Mococa e Cajuru\u2028\u2028 A modelagem e a autoriza\u00e7\u00e3o para publica\u00e7\u00e3o do edital de licita\u00e7\u00e3o da Rota Mogiana, que prev\u00ea a concess\u00e3o de 532 quil\u00f4metros de rodovias\u2026","rel":"","context":"In &quot;Not\u00edcias de Ribeir\u00e3o Preto-SP e Regi\u00e3o&quot;","block_context":{"text":"Not\u00edcias de Ribeir\u00e3o Preto-SP e Regi\u00e3o","link":"https:\/\/noticiasribeiraopreto.com.br\/index.php\/category\/noticias-de-ribeirao-preto-sp-e-regiao-ismael-colosi\/"},"img":{"alt_text":"","src":"https:\/\/i0.wp.com\/noticiasribeiraopreto.com.br\/wp-content\/uploads\/2025\/09\/Abrao-Alfredo-Risk-Arquivo-scaled.jpg?fit=1200%2C625&ssl=1&resize=350%2C200","width":350,"height":200,"srcset":"https:\/\/i0.wp.com\/noticiasribeiraopreto.com.br\/wp-content\/uploads\/2025\/09\/Abrao-Alfredo-Risk-Arquivo-scaled.jpg?fit=1200%2C625&ssl=1&resize=350%2C200 1x, https:\/\/i0.wp.com\/noticiasribeiraopreto.com.br\/wp-content\/uploads\/2025\/09\/Abrao-Alfredo-Risk-Arquivo-scaled.jpg?fit=1200%2C625&ssl=1&resize=525%2C300 1.5x, https:\/\/i0.wp.com\/noticiasribeiraopreto.com.br\/wp-content\/uploads\/2025\/09\/Abrao-Alfredo-Risk-Arquivo-scaled.jpg?fit=1200%2C625&ssl=1&resize=700%2C400 2x, https:\/\/i0.wp.com\/noticiasribeiraopreto.com.br\/wp-content\/uploads\/2025\/09\/Abrao-Alfredo-Risk-Arquivo-scaled.jpg?fit=1200%2C625&ssl=1&resize=1050%2C600 3x"},"classes":[]},{"id":78160,"url":"https:\/\/noticiasribeiraopreto.com.br\/index.php\/2025\/10\/03\/tarcisio-autoriza-licitacao-para-concessao-da-rodovia-abrao-assed\/","url_meta":{"origin":81595,"position":2},"title":"Tarc\u00edsio autoriza licita\u00e7\u00e3o para concess\u00e3o da rodovia Abr\u00e3o Assed","author":"noticiasribeiraopreto.com.br","date":"3 de October de 2025","format":false,"excerpt":"O governador de S\u00e3o Paulo, Tarc\u00edsio de Freitas (REP), autorizou a abertura da licita\u00e7\u00e3o para concess\u00e3o das rodovias do lote Rota Mogiana, entre elas, a rodovia Abr\u00e3o Assed (SP-333), uma das principais da regi\u00e3o de Ribeir\u00e3o Preto. O decreto que permite a abertura da licita\u00e7\u00e3o foi publicado no Di\u00e1rio Oficial\u2026","rel":"","context":"In &quot;Not\u00edcias de Ribeir\u00e3o Preto-SP e Regi\u00e3o&quot;","block_context":{"text":"Not\u00edcias de Ribeir\u00e3o Preto-SP e Regi\u00e3o","link":"https:\/\/noticiasribeiraopreto.com.br\/index.php\/category\/noticias-de-ribeirao-preto-sp-e-regiao-ismael-colosi\/"},"img":{"alt_text":"","src":"https:\/\/i0.wp.com\/noticiasribeiraopreto.com.br\/wp-content\/uploads\/2025\/10\/rodovia-abrao-assed_2025-03-12_15-14-15_jpg_2025-03-12_15-14-15.webp.webp?fit=1200%2C815&ssl=1&resize=350%2C200","width":350,"height":200,"srcset":"https:\/\/i0.wp.com\/noticiasribeiraopreto.com.br\/wp-content\/uploads\/2025\/10\/rodovia-abrao-assed_2025-03-12_15-14-15_jpg_2025-03-12_15-14-15.webp.webp?fit=1200%2C815&ssl=1&resize=350%2C200 1x, https:\/\/i0.wp.com\/noticiasribeiraopreto.com.br\/wp-content\/uploads\/2025\/10\/rodovia-abrao-assed_2025-03-12_15-14-15_jpg_2025-03-12_15-14-15.webp.webp?fit=1200%2C815&ssl=1&resize=525%2C300 1.5x, https:\/\/i0.wp.com\/noticiasribeiraopreto.com.br\/wp-content\/uploads\/2025\/10\/rodovia-abrao-assed_2025-03-12_15-14-15_jpg_2025-03-12_15-14-15.webp.webp?fit=1200%2C815&ssl=1&resize=700%2C400 2x, https:\/\/i0.wp.com\/noticiasribeiraopreto.com.br\/wp-content\/uploads\/2025\/10\/rodovia-abrao-assed_2025-03-12_15-14-15_jpg_2025-03-12_15-14-15.webp.webp?fit=1200%2C815&ssl=1&resize=1050%2C600 3x"},"classes":[]},{"id":79170,"url":"https:\/\/noticiasribeiraopreto.com.br\/index.php\/2025\/10\/25\/governo-de-sp-publica-licitacao-da-rota-mogiana-com-trecho-na-regiao-de-ribeirao-preto\/","url_meta":{"origin":81595,"position":3},"title":"Governo de SP publica licita\u00e7\u00e3o da Rota Mogiana, com trecho na regi\u00e3o de Ribeir\u00e3o Preto","author":"noticiasribeiraopreto.com.br","date":"25 de October de 2025","format":false,"excerpt":"O Governo do Estado de S\u00e3o Paulo publicou no Di\u00e1rio Oficial desta sexta-feira (24) a licita\u00e7\u00e3o de concess\u00e3o da Rota Mogiana. O pacote inclui a rodovia Abr\u00e3o Assed, uma das principais da regi\u00e3o de Ribeir\u00e3o Preto. O projeto prev\u00ea a moderniza\u00e7\u00e3o de mais de 500 quil\u00f4metros de rodovias no interior\u2026","rel":"","context":"In &quot;Not\u00edcias de Ribeir\u00e3o Preto-SP e Regi\u00e3o&quot;","block_context":{"text":"Not\u00edcias de Ribeir\u00e3o Preto-SP e Regi\u00e3o","link":"https:\/\/noticiasribeiraopreto.com.br\/index.php\/category\/noticias-de-ribeirao-preto-sp-e-regiao-ismael-colosi\/"},"img":{"alt_text":"","src":"https:\/\/i0.wp.com\/noticiasribeiraopreto.com.br\/wp-content\/uploads\/2025\/10\/rodovia-abrao-assed_2025-03-12_15-14-15_jpg_2025-03-12_15-14-15.webp.webp?fit=1200%2C815&ssl=1&resize=350%2C200","width":350,"height":200,"srcset":"https:\/\/i0.wp.com\/noticiasribeiraopreto.com.br\/wp-content\/uploads\/2025\/10\/rodovia-abrao-assed_2025-03-12_15-14-15_jpg_2025-03-12_15-14-15.webp.webp?fit=1200%2C815&ssl=1&resize=350%2C200 1x, https:\/\/i0.wp.com\/noticiasribeiraopreto.com.br\/wp-content\/uploads\/2025\/10\/rodovia-abrao-assed_2025-03-12_15-14-15_jpg_2025-03-12_15-14-15.webp.webp?fit=1200%2C815&ssl=1&resize=525%2C300 1.5x, https:\/\/i0.wp.com\/noticiasribeiraopreto.com.br\/wp-content\/uploads\/2025\/10\/rodovia-abrao-assed_2025-03-12_15-14-15_jpg_2025-03-12_15-14-15.webp.webp?fit=1200%2C815&ssl=1&resize=700%2C400 2x, https:\/\/i0.wp.com\/noticiasribeiraopreto.com.br\/wp-content\/uploads\/2025\/10\/rodovia-abrao-assed_2025-03-12_15-14-15_jpg_2025-03-12_15-14-15.webp.webp?fit=1200%2C815&ssl=1&resize=1050%2C600 3x"},"classes":[]},{"id":64783,"url":"https:\/\/noticiasribeiraopreto.com.br\/index.php\/2025\/03\/12\/rodovia-abrao-assed-sera-concedida-e-podera-ter-pedagio-free-flow-em-ribeirao-preto\/","url_meta":{"origin":81595,"position":4},"title":"Rodovia Abr\u00e3o Assed ser\u00e1 concedida e poder\u00e1 ter ped\u00e1gio free flow em Ribeir\u00e3o Preto","author":"noticiasribeiraopreto.com.br","date":"12 de March de 2025","format":false,"excerpt":"A rodovia Abr\u00e3o Assed, uma das principais de Ribeir\u00e3o Preto e regi\u00e3o, faz parte do lote da Rota Mogiana, que est\u00e1 em fase de concess\u00e3o pelo Governo de S\u00e3o Paulo. De acordo com a proposta, a rodovia administrada, atualmente, pelo DER-SP (Departamento de Estradas de Rodagem de S\u00e3o Paulo), poder\u00e1\u2026","rel":"","context":"In &quot;Not\u00edcias de Ribeir\u00e3o Preto-SP e Regi\u00e3o&quot;","block_context":{"text":"Not\u00edcias de Ribeir\u00e3o Preto-SP e Regi\u00e3o","link":"https:\/\/noticiasribeiraopreto.com.br\/index.php\/category\/noticias-de-ribeirao-preto-sp-e-regiao-ismael-colosi\/"},"img":{"alt_text":"","src":"https:\/\/i0.wp.com\/noticiasribeiraopreto.com.br\/wp-content\/uploads\/2025\/03\/rodovia-abrao-assed_2025-03-12_15-14-15_jpg_2025-03-12_15-14-15.webp.webp?fit=1200%2C815&ssl=1&resize=350%2C200","width":350,"height":200,"srcset":"https:\/\/i0.wp.com\/noticiasribeiraopreto.com.br\/wp-content\/uploads\/2025\/03\/rodovia-abrao-assed_2025-03-12_15-14-15_jpg_2025-03-12_15-14-15.webp.webp?fit=1200%2C815&ssl=1&resize=350%2C200 1x, https:\/\/i0.wp.com\/noticiasribeiraopreto.com.br\/wp-content\/uploads\/2025\/03\/rodovia-abrao-assed_2025-03-12_15-14-15_jpg_2025-03-12_15-14-15.webp.webp?fit=1200%2C815&ssl=1&resize=525%2C300 1.5x, https:\/\/i0.wp.com\/noticiasribeiraopreto.com.br\/wp-content\/uploads\/2025\/03\/rodovia-abrao-assed_2025-03-12_15-14-15_jpg_2025-03-12_15-14-15.webp.webp?fit=1200%2C815&ssl=1&resize=700%2C400 2x, https:\/\/i0.wp.com\/noticiasribeiraopreto.com.br\/wp-content\/uploads\/2025\/03\/rodovia-abrao-assed_2025-03-12_15-14-15_jpg_2025-03-12_15-14-15.webp.webp?fit=1200%2C815&ssl=1&resize=1050%2C600 3x"},"classes":[]},{"id":77524,"url":"https:\/\/noticiasribeiraopreto.com.br\/index.php\/2025\/09\/20\/governo-de-sp-aprova-edital-de-concessao-da-rota-mogiana-que-inclui-rodovia-na-regiao-de-ribeirao\/","url_meta":{"origin":81595,"position":5},"title":"Governo de SP aprova edital de concess\u00e3o da Rota Mogiana, que inclui rodovia na regi\u00e3o de Ribeir\u00e3o","author":"noticiasribeiraopreto.com.br","date":"20 de September de 2025","format":false,"excerpt":"O Governo de S\u00e3o Paulo aprovou na sexta-feira (19), a modelagem e a autoriza\u00e7\u00e3o para publica\u00e7\u00e3o do edital de licita\u00e7\u00e3o da Rota Mogiana, que prev\u00ea a concess\u00e3o de 532 km de rodovias no interior paulista. O pacote inclui a rodovia Abr\u00e3o Assed, uma das principais da regi\u00e3o de Ribeir\u00e3o Preto.\u2026","rel":"","context":"In &quot;Not\u00edcias de Ribeir\u00e3o Preto-SP e Regi\u00e3o&quot;","block_context":{"text":"Not\u00edcias de Ribeir\u00e3o Preto-SP e Regi\u00e3o","link":"https:\/\/noticiasribeiraopreto.com.br\/index.php\/category\/noticias-de-ribeirao-preto-sp-e-regiao-ismael-colosi\/"},"img":{"alt_text":"","src":"https:\/\/i0.wp.com\/noticiasribeiraopreto.com.br\/wp-content\/uploads\/2025\/09\/Copia-de-Copia-de-Copia-de-TAMANHO-EXATO-PARA-FOTOS-NO-SISTEMA-NOVO-2025-09-20T124643.684_2025-09-20_15-46-49.webp.webp?fit=1200%2C675&ssl=1&resize=350%2C200","width":350,"height":200,"srcset":"https:\/\/i0.wp.com\/noticiasribeiraopreto.com.br\/wp-content\/uploads\/2025\/09\/Copia-de-Copia-de-Copia-de-TAMANHO-EXATO-PARA-FOTOS-NO-SISTEMA-NOVO-2025-09-20T124643.684_2025-09-20_15-46-49.webp.webp?fit=1200%2C675&ssl=1&resize=350%2C200 1x, https:\/\/i0.wp.com\/noticiasribeiraopreto.com.br\/wp-content\/uploads\/2025\/09\/Copia-de-Copia-de-Copia-de-TAMANHO-EXATO-PARA-FOTOS-NO-SISTEMA-NOVO-2025-09-20T124643.684_2025-09-20_15-46-49.webp.webp?fit=1200%2C675&ssl=1&resize=525%2C300 1.5x, https:\/\/i0.wp.com\/noticiasribeiraopreto.com.br\/wp-content\/uploads\/2025\/09\/Copia-de-Copia-de-Copia-de-TAMANHO-EXATO-PARA-FOTOS-NO-SISTEMA-NOVO-2025-09-20T124643.684_2025-09-20_15-46-49.webp.webp?fit=1200%2C675&ssl=1&resize=700%2C400 2x, https:\/\/i0.wp.com\/noticiasribeiraopreto.com.br\/wp-content\/uploads\/2025\/09\/Copia-de-Copia-de-Copia-de-TAMANHO-EXATO-PARA-FOTOS-NO-SISTEMA-NOVO-2025-09-20T124643.684_2025-09-20_15-46-49.webp.webp?fit=1200%2C675&ssl=1&resize=1050%2C600 3x"},"classes":[]}],"jetpack_sharing_enabled":true,"jetpack_shortlink":"https:\/\/wp.me\/peQAOb-le3","_links":{"self":[{"href":"https:\/\/noticiasribeiraopreto.com.br\/index.php\/wp-json\/wp\/v2\/posts\/81595","targetHints":{"allow":["GET"]}}],"collection":[{"href":"https:\/\/noticiasribeiraopreto.com.br\/index.php\/wp-json\/wp\/v2\/posts"}],"about":[{"href":"https:\/\/noticiasribeiraopreto.com.br\/index.php\/wp-json\/wp\/v2\/types\/post"}],"author":[{"embeddable":true,"href":"https:\/\/noticiasribeiraopreto.com.br\/index.php\/wp-json\/wp\/v2\/users\/1"}],"replies":[{"embeddable":true,"href":"https:\/\/noticiasribeiraopreto.com.br\/index.php\/wp-json\/wp\/v2\/comments?post=81595"}],"version-history":[{"count":0,"href":"https:\/\/noticiasribeiraopreto.com.br\/index.php\/wp-json\/wp\/v2\/posts\/81595\/revisions"}],"wp:featuredmedia":[{"embeddable":true,"href":"https:\/\/noticiasribeiraopreto.com.br\/index.php\/wp-json\/wp\/v2\/media\/81596"}],"wp:attachment":[{"href":"https:\/\/noticiasribeiraopreto.com.br\/index.php\/wp-json\/wp\/v2\/media?parent=81595"}],"wp:term":[{"taxonomy":"category","embeddable":true,"href":"https:\/\/noticiasribeiraopreto.com.br\/index.php\/wp-json\/wp\/v2\/categories?post=81595"},{"taxonomy":"post_tag","embeddable":true,"href":"https:\/\/noticiasribeiraopreto.com.br\/index.php\/wp-json\/wp\/v2\/tags?post=81595"}],"curies":[{"name":"wp","href":"https:\/\/api.w.org\/{rel}","templated":true}]}}