{"id":81597,"date":"2026-01-11T07:42:16","date_gmt":"2026-01-11T10:42:16","guid":{"rendered":"https:\/\/noticiasribeiraopreto.com.br\/index.php\/2026\/01\/11\/guilherme-arantes-se-apresenta-em-ribeirao-preto-com-a-turne-50-anos-luz\/"},"modified":"2026-01-11T07:42:16","modified_gmt":"2026-01-11T10:42:16","slug":"guilherme-arantes-se-apresenta-em-ribeirao-preto-com-a-turne-50-anos-luz","status":"publish","type":"post","link":"https:\/\/noticiasribeiraopreto.com.br\/index.php\/2026\/01\/11\/guilherme-arantes-se-apresenta-em-ribeirao-preto-com-a-turne-50-anos-luz\/","title":{"rendered":"Guilherme Arantes se apresenta em Ribeir\u00e3o Preto com a turn\u00ea \u201850 Anos-Luz\u2019"},"content":{"rendered":"<div class='code-block code-block-1' style='margin: 8px 0 8px auto; text-align: right; display: block; clear: both;'>\n<p><a href=\"https:\/\/wa.link\/vpicfd\"><img data-recalc-dims=\"1\" class=\"wp-image-4922\" style=\"aspect-ratio: 2.0253164556962027; width: 561px; height: auto;\" src=\"https:\/\/i0.wp.com\/ismaelcolosi.com.br\/wp-content\/uploads\/2023\/11\/grupo-de-empregos-whatsapp-e-facebook-ismael-colosi-vagas.jpg?ssl=1\" alt=\"\" \/><\/a><\/p>\n<!-- \/wp:image -->\n<\/div>\n<p> <br \/>\n<\/p>\n<div>\n<p>O compositor, instrumentista e cantor <strong>Guilherme Arantes<\/strong> se apresenta em<strong> Ribeir\u00e3o Preto <\/strong>com a turn\u00ea \u201c50 Anos-Luz\u201d. A apresenta\u00e7\u00e3o acontece no dia 9 de maio, no <strong>Multiplan Hall<\/strong>, no <strong>Ribeir\u00e3o Shopping<\/strong>.<\/p>\n<p>A venda de ingressos deve come\u00e7ar em breve com link dispon\u00edvel no <a href=\"https:\/\/www.50anosluz.com\/\" data-type=\"link\" data-id=\"https:\/\/www.50anosluz.com\/\" target=\"_blank\" rel=\"noopener\">site da turn\u00ea (clique aqui)<\/a>.<\/p>\n<p>A tour come\u00e7a em S\u00e3o Paulo, no pr\u00f3ximo dia 7 de mar\u00e7o, no Espa\u00e7o Unimed. Tamb\u00e9m j\u00e1 foram confirmadas datas no Rio de Janeiro, Curitiba, Fortaleza, Recife, Belo Horizonte, Porto Alegre, Bel\u00e9m, Manaus, Bras\u00edlia e Santos.<\/p>\n<p>\u201cQuero convidar voc\u00ea a viajar comigo nessa trajet\u00f3ria. Vamos revisitar, juntos, sucessos que atravessaram gera\u00e7\u00f5es e ultrapassaram as fronteiras da m\u00fasica popular \u2014 \u2018Amanh\u00e3\u2019, \u2018Planeta \u00c1gua\u2019, \u2018Um Dia, Um Adeus\u2019, \u2018Coisas do Brasil\u2019, \u2018Deixa Chover\u2019, entre tantos outros \u2014 com a mesma intensidade de sempre: olho no olho, piano na veia e coro na garganta\u201d, escreveu o artista nas redes sociais.<\/p>\n<p>SAIBA MAIS<br \/>Cinema de Ribeir\u00e3o tem sess\u00e3o adaptada de Bob Esponja para p\u00fablico com TEA<\/p>\n<h2 class=\"wp-block-heading\"><strong>FIQUE ON<\/strong><\/h2>\n<p>Fique ligado em tudo que acontece em Ribeir\u00e3o Preto e regi\u00e3o. Siga os perfis do\u00a0<strong>acidade on\u00a0<\/strong>no<a href=\"https:\/\/www.instagram.com\/acidadeonribeirao\" target=\"_blank\" rel=\"noreferrer noopener\">\u00a0Instagram\u00a0<\/a>e no\u00a0<a href=\"https:\/\/www.facebook.com\/acidadeonribeirao\/\" target=\"_blank\" rel=\"noreferrer noopener\">Facebook<\/a>.<\/p>\n<p>Receba not\u00edcias do\u00a0<strong>acidade on\u00a0<\/strong>no WhatsApp. Para entrar no grupo,\u00a0basta<a href=\"https:\/\/chat.whatsapp.com\/GFH9HUMUTHNFJdnyEd0xxq\" target=\"_blank\" rel=\"noreferrer noopener\">\u00a0clicar aqui<\/a>. Ou, acesse o nosso\u00a0Canal\u00a0<a href=\"https:\/\/whatsapp.com\/channel\/0029Vb6IQl1JENyAeS57fk2p\" target=\"_blank\" rel=\"noreferrer noopener\">clicando aqui<\/a>.<\/p>\n<p>Fa\u00e7a uma den\u00fancia ou sugira uma reportagem sobre Ribeir\u00e3o Preto e regi\u00e3o pelo WhatsApp: 16 99117 7802.<\/p>\n<p>VEJA TAMB\u00c9M<br \/>Casas de Vidro esquentam o BBB 26; veja participantes do Sudeste<\/p>\n<p><!-- AI CONTENT END 1 -->\n<\/div>\n<p><script async src=\"\/\/www.instagram.com\/embed.js\"><\/script><br \/>\n<br \/><br \/>\n<br \/><a href=\"https:\/\/www.acidadeon.com\/ribeiraopreto\/lazer-e-cultura\/guilherme-arantes-se-apresenta-em-ribeirao-preto-com-turne-50-anos-luz\/\">Source link <\/a><\/p>\n<!-- CONTENT END 1 -->\n","protected":false},"excerpt":{"rendered":"<p>O compositor, instrumentista e cantor Guilherme Arantes se apresenta em Ribeir\u00e3o Preto com a turn\u00ea \u201c50 Anos-Luz\u201d. A apresenta\u00e7\u00e3o acontece no dia 9 de maio,&#8230;<\/p>\n","protected":false},"author":1,"featured_media":81598,"comment_status":"open","ping_status":"open","sticky":false,"template":"","format":"standard","meta":{"advanced_seo_description":"","jetpack_seo_html_title":"","jetpack_seo_noindex":false,"jetpack_post_was_ever_published":false,"_jetpack_newsletter_access":"","_jetpack_dont_email_post_to_subs":false,"_jetpack_newsletter_tier_id":0,"_jetpack_memberships_contains_paywalled_content":false,"_jetpack_memberships_contains_paid_content":false,"footnotes":"","jetpack_publicize_message":"","jetpack_publicize_feature_enabled":true,"jetpack_social_post_already_shared":true,"jetpack_social_options":{"image_generator_settings":{"template":"highway","default_image_id":0,"font":"","enabled":false},"version":2}},"categories":[11],"tags":[],"class_list":["post-81597","post","type-post","status-publish","format-standard","has-post-thumbnail","hentry","category-noticias-de-ribeirao-preto-sp-e-regiao-ismael-colosi"],"jetpack_publicize_connections":[],"jetpack_featured_media_url":"https:\/\/i0.wp.com\/noticiasribeiraopreto.com.br\/wp-content\/uploads\/2026\/01\/guilherme-arantes_2026-01-10_21-24-25.webp.webp?fit=1200%2C1152&ssl=1","jetpack-related-posts":[{"id":81631,"url":"https:\/\/noticiasribeiraopreto.com.br\/index.php\/2026\/01\/12\/veja-quais-shows-ja-estao-confirmados-em-ribeirao-preto-no-primeiro-semestre-de-2026\/","url_meta":{"origin":81597,"position":0},"title":"Veja quais shows j\u00e1 est\u00e3o confirmados em Ribeir\u00e3o Preto no primeiro semestre de 2026","author":"noticiasribeiraopreto.com.br","date":"12 de January de 2026","format":false,"excerpt":"Ribeir\u00e3o Preto come\u00e7a a formar sua agenda de shows de 2026, com apresenta\u00e7\u00f5es de artistas nacionais e internacionais de diferentes estilos musicais confirmadas ao longo do ano. Entre os nomes que j\u00e1 t\u00eam data marcada na cidade est\u00e3o Anitta, o grupo Menos \u00e9 Mais, o DJ Pedro Sampaio, a banda\u2026","rel":"","context":"In &quot;Not\u00edcias de Ribeir\u00e3o Preto-SP e Regi\u00e3o&quot;","block_context":{"text":"Not\u00edcias de Ribeir\u00e3o Preto-SP e Regi\u00e3o","link":"https:\/\/noticiasribeiraopreto.com.br\/index.php\/category\/noticias-de-ribeirao-preto-sp-e-regiao-ismael-colosi\/"},"img":{"alt_text":"","src":"https:\/\/i0.wp.com\/noticiasribeiraopreto.com.br\/wp-content\/uploads\/2026\/01\/Capturar-21.jpg?fit=612%2C409&ssl=1&resize=350%2C200","width":350,"height":200,"srcset":"https:\/\/i0.wp.com\/noticiasribeiraopreto.com.br\/wp-content\/uploads\/2026\/01\/Capturar-21.jpg?fit=612%2C409&ssl=1&resize=350%2C200 1x, https:\/\/i0.wp.com\/noticiasribeiraopreto.com.br\/wp-content\/uploads\/2026\/01\/Capturar-21.jpg?fit=612%2C409&ssl=1&resize=525%2C300 1.5x"},"classes":[]},{"id":2873,"url":"https:\/\/noticiasribeiraopreto.com.br\/index.php\/2023\/11\/16\/cantor-guilherme-de-sa-se-apresenta-no-theatro-pedro-ii-em-ribeirao-preto\/","url_meta":{"origin":81597,"position":1},"title":"Cantor Guilherme de S\u00e1 se apresenta no Theatro Pedro II em Ribeir\u00e3o Preto","author":"noticiasribeiraopreto.com.br","date":"16 de November de 2023","format":false,"excerpt":"O cantor Guilherme de S\u00e1 se apresenta em Ribeir\u00e3o Preto, nesta sexta-feira (17), no Theatro Pedro II, a partir das 20h, com o show \u2018Minimalista Tour\u2019. Os ingressos ainda est\u00e3o dispon\u00edveis. Cantor, compositor, escritor, produtor musical e arranjador brasileiro, Guilherme foi vocalista da banda Rosa de Saron de 2001 a\u2026","rel":"","context":"In &quot;Not\u00edcias de Ribeir\u00e3o Preto-SP e Regi\u00e3o&quot;","block_context":{"text":"Not\u00edcias de Ribeir\u00e3o Preto-SP e Regi\u00e3o","link":"https:\/\/noticiasribeiraopreto.com.br\/index.php\/category\/noticias-de-ribeirao-preto-sp-e-regiao-ismael-colosi\/"},"img":{"alt_text":"","src":"https:\/\/i0.wp.com\/noticiasribeiraopreto.com.br\/wp-content\/uploads\/2023\/11\/WhatsApp-Image-2023-09-01-at-15.04.23-1-1.jpeg?fit=1200%2C675&ssl=1&resize=350%2C200","width":350,"height":200,"srcset":"https:\/\/i0.wp.com\/noticiasribeiraopreto.com.br\/wp-content\/uploads\/2023\/11\/WhatsApp-Image-2023-09-01-at-15.04.23-1-1.jpeg?fit=1200%2C675&ssl=1&resize=350%2C200 1x, https:\/\/i0.wp.com\/noticiasribeiraopreto.com.br\/wp-content\/uploads\/2023\/11\/WhatsApp-Image-2023-09-01-at-15.04.23-1-1.jpeg?fit=1200%2C675&ssl=1&resize=525%2C300 1.5x, https:\/\/i0.wp.com\/noticiasribeiraopreto.com.br\/wp-content\/uploads\/2023\/11\/WhatsApp-Image-2023-09-01-at-15.04.23-1-1.jpeg?fit=1200%2C675&ssl=1&resize=700%2C400 2x, https:\/\/i0.wp.com\/noticiasribeiraopreto.com.br\/wp-content\/uploads\/2023\/11\/WhatsApp-Image-2023-09-01-at-15.04.23-1-1.jpeg?fit=1200%2C675&ssl=1&resize=1050%2C600 3x"},"classes":[]},{"id":27186,"url":"https:\/\/noticiasribeiraopreto.com.br\/index.php\/2024\/01\/11\/guilherme-arantes-passa-por-cirurgia-em-hospital-da-regiao-de-ribeirao-entenda\/","url_meta":{"origin":81597,"position":2},"title":"Guilherme Arantes passa por cirurgia em hospital da regi\u00e3o de Ribeir\u00e3o; Entenda","author":"noticiasribeiraopreto.com.br","date":"11 de January de 2024","format":false,"excerpt":"O cantor e compositor Guilherme Arantes, de 70 anos, realizou uma cirurgia no quadril e permanece internado na Santa casa de Batatais, cidade a 42 quil\u00f4metros de Ribeir\u00e3o Preto. A informa\u00e7\u00e3o foi confirmada pelo empres\u00e1rio do cantor ao portal acidade on, nesta quinta-feira (11). De acordo com o homem, a\u2026","rel":"","context":"In &quot;Not\u00edcias de Ribeir\u00e3o Preto-SP e Regi\u00e3o&quot;","block_context":{"text":"Not\u00edcias de Ribeir\u00e3o Preto-SP e Regi\u00e3o","link":"https:\/\/noticiasribeiraopreto.com.br\/index.php\/category\/noticias-de-ribeirao-preto-sp-e-regiao-ismael-colosi\/"},"img":{"alt_text":"","src":"https:\/\/i0.wp.com\/noticiasribeiraopreto.com.br\/wp-content\/uploads\/2024\/01\/236888485_372172644269665_5078006427887263608_n_version1660685860599.jpg?fit=1200%2C675&ssl=1&resize=350%2C200","width":350,"height":200,"srcset":"https:\/\/i0.wp.com\/noticiasribeiraopreto.com.br\/wp-content\/uploads\/2024\/01\/236888485_372172644269665_5078006427887263608_n_version1660685860599.jpg?fit=1200%2C675&ssl=1&resize=350%2C200 1x, https:\/\/i0.wp.com\/noticiasribeiraopreto.com.br\/wp-content\/uploads\/2024\/01\/236888485_372172644269665_5078006427887263608_n_version1660685860599.jpg?fit=1200%2C675&ssl=1&resize=525%2C300 1.5x, https:\/\/i0.wp.com\/noticiasribeiraopreto.com.br\/wp-content\/uploads\/2024\/01\/236888485_372172644269665_5078006427887263608_n_version1660685860599.jpg?fit=1200%2C675&ssl=1&resize=700%2C400 2x, https:\/\/i0.wp.com\/noticiasribeiraopreto.com.br\/wp-content\/uploads\/2024\/01\/236888485_372172644269665_5078006427887263608_n_version1660685860599.jpg?fit=1200%2C675&ssl=1&resize=1050%2C600 3x"},"classes":[]},{"id":50334,"url":"https:\/\/noticiasribeiraopreto.com.br\/index.php\/2024\/05\/15\/ator-de-2-filhos-de-francisco-se-apresenta-de-forma-gratuita-em-ribeirao-preto-veja-quando\/","url_meta":{"origin":81597,"position":3},"title":"Ator de \u20182 Filhos de Francisco\u2019 se apresenta de forma gratuita em Ribeir\u00e3o Preto; Veja quando","author":"noticiasribeiraopreto.com.br","date":"15 de May de 2024","format":false,"excerpt":"O ator \u00c2ngelo Ant\u00f4nio, que atuou nos sucessos \u20182 Filhos de Franscisco\u2019, \u2018O Cravo e a Rosa\u2019 e \u2018Pantanal\u2019 se apresenta nos dias 27 e 28 de maio, \u00e0s 20h, com o mon\u00f3logo \u2018Um Precip\u00edcio no Mar\u2019 no Sesi de Ribeir\u00e3o Preto. O mon\u00f3logo \u00e9 um texto do ingl\u00eas Simon\u2026","rel":"","context":"In &quot;Not\u00edcias de Ribeir\u00e3o Preto-SP e Regi\u00e3o&quot;","block_context":{"text":"Not\u00edcias de Ribeir\u00e3o Preto-SP e Regi\u00e3o","link":"https:\/\/noticiasribeiraopreto.com.br\/index.php\/category\/noticias-de-ribeirao-preto-sp-e-regiao-ismael-colosi\/"},"img":{"alt_text":"","src":"https:\/\/i0.wp.com\/noticiasribeiraopreto.com.br\/wp-content\/uploads\/2024\/05\/e377abf3-a05d-4558-875f-00bd1f383937_2024-05-15_22-09-25_png_2024-05-15_22-09-26.webp.webp?fit=1066%2C600&ssl=1&resize=350%2C200","width":350,"height":200,"srcset":"https:\/\/i0.wp.com\/noticiasribeiraopreto.com.br\/wp-content\/uploads\/2024\/05\/e377abf3-a05d-4558-875f-00bd1f383937_2024-05-15_22-09-25_png_2024-05-15_22-09-26.webp.webp?fit=1066%2C600&ssl=1&resize=350%2C200 1x, https:\/\/i0.wp.com\/noticiasribeiraopreto.com.br\/wp-content\/uploads\/2024\/05\/e377abf3-a05d-4558-875f-00bd1f383937_2024-05-15_22-09-25_png_2024-05-15_22-09-26.webp.webp?fit=1066%2C600&ssl=1&resize=525%2C300 1.5x, https:\/\/i0.wp.com\/noticiasribeiraopreto.com.br\/wp-content\/uploads\/2024\/05\/e377abf3-a05d-4558-875f-00bd1f383937_2024-05-15_22-09-25_png_2024-05-15_22-09-26.webp.webp?fit=1066%2C600&ssl=1&resize=700%2C400 2x, https:\/\/i0.wp.com\/noticiasribeiraopreto.com.br\/wp-content\/uploads\/2024\/05\/e377abf3-a05d-4558-875f-00bd1f383937_2024-05-15_22-09-25_png_2024-05-15_22-09-26.webp.webp?fit=1066%2C600&ssl=1&resize=1050%2C600 3x"},"classes":[]},{"id":73966,"url":"https:\/\/noticiasribeiraopreto.com.br\/index.php\/2025\/07\/13\/esquadrilha-da-fumaca-se-apresenta-na-regiao-de-ribeirao-preto-veja-quando\/","url_meta":{"origin":81597,"position":4},"title":"Esquadrilha da Fuma\u00e7a se apresenta na regi\u00e3o de Ribeir\u00e3o Preto; Veja quando","author":"noticiasribeiraopreto.com.br","date":"13 de July de 2025","format":false,"excerpt":"A Esquadrilha da Fuma\u00e7a se apresenta em Jaboticabal, na regi\u00e3o de Ribeir\u00e3o Preto, no pr\u00f3ximo dia 26 de julho. O show a\u00e9reo come\u00e7a a partir das 16h no aeroporto municipal de Jaboticabal, ao lado do campus da Unesp (Universidade Estadual Paulista). A apresenta\u00e7\u00e3o retorna \u00e0 cidade ap\u00f3s 17 anos. A\u2026","rel":"","context":"In &quot;Not\u00edcias de Ribeir\u00e3o Preto-SP e Regi\u00e3o&quot;","block_context":{"text":"Not\u00edcias de Ribeir\u00e3o Preto-SP e Regi\u00e3o","link":"https:\/\/noticiasribeiraopreto.com.br\/index.php\/category\/noticias-de-ribeirao-preto-sp-e-regiao-ismael-colosi\/"},"img":{"alt_text":"","src":"https:\/\/i0.wp.com\/noticiasribeiraopreto.com.br\/wp-content\/uploads\/2025\/07\/AnyConv.com__esquadrilha-da-fumaca.webp.webp?fit=1200%2C800&ssl=1&resize=350%2C200","width":350,"height":200,"srcset":"https:\/\/i0.wp.com\/noticiasribeiraopreto.com.br\/wp-content\/uploads\/2025\/07\/AnyConv.com__esquadrilha-da-fumaca.webp.webp?fit=1200%2C800&ssl=1&resize=350%2C200 1x, https:\/\/i0.wp.com\/noticiasribeiraopreto.com.br\/wp-content\/uploads\/2025\/07\/AnyConv.com__esquadrilha-da-fumaca.webp.webp?fit=1200%2C800&ssl=1&resize=525%2C300 1.5x, https:\/\/i0.wp.com\/noticiasribeiraopreto.com.br\/wp-content\/uploads\/2025\/07\/AnyConv.com__esquadrilha-da-fumaca.webp.webp?fit=1200%2C800&ssl=1&resize=700%2C400 2x, https:\/\/i0.wp.com\/noticiasribeiraopreto.com.br\/wp-content\/uploads\/2025\/07\/AnyConv.com__esquadrilha-da-fumaca.webp.webp?fit=1200%2C800&ssl=1&resize=1050%2C600 3x"},"classes":[]},{"id":74851,"url":"https:\/\/noticiasribeiraopreto.com.br\/index.php\/2025\/07\/30\/rapper-delacruz-se-apresenta-em-ribeirao-preto-com-a-turne-vinho\/","url_meta":{"origin":81597,"position":5},"title":"Rapper Delacruz se apresenta em Ribeir\u00e3o Preto com a turn\u00ea Vinho","author":"noticiasribeiraopreto.com.br","date":"30 de July de 2025","format":false,"excerpt":"O rapper carioca Delacruz, um dos principais nomes da nova gera\u00e7\u00e3o do estilo, se apresenta no Alcans Hall, em Ribeir\u00e3o Preto, no pr\u00f3ximo dia 30 de agosto. A apresenta\u00e7\u00e3o faz parte da turn\u00ea Vinho e as entradas j\u00e1 podem ser adquiridas pela internet (clique aqui) a partir de R$ 190\u2026","rel":"","context":"In &quot;Not\u00edcias de Ribeir\u00e3o Preto-SP e Regi\u00e3o&quot;","block_context":{"text":"Not\u00edcias de Ribeir\u00e3o Preto-SP e Regi\u00e3o","link":"https:\/\/noticiasribeiraopreto.com.br\/index.php\/category\/noticias-de-ribeirao-preto-sp-e-regiao-ismael-colosi\/"},"img":{"alt_text":"","src":"https:\/\/i0.wp.com\/noticiasribeiraopreto.com.br\/wp-content\/uploads\/2025\/07\/delacruz_2025-07-30_14-29-50.webp.webp?fit=1200%2C800&ssl=1&resize=350%2C200","width":350,"height":200,"srcset":"https:\/\/i0.wp.com\/noticiasribeiraopreto.com.br\/wp-content\/uploads\/2025\/07\/delacruz_2025-07-30_14-29-50.webp.webp?fit=1200%2C800&ssl=1&resize=350%2C200 1x, https:\/\/i0.wp.com\/noticiasribeiraopreto.com.br\/wp-content\/uploads\/2025\/07\/delacruz_2025-07-30_14-29-50.webp.webp?fit=1200%2C800&ssl=1&resize=525%2C300 1.5x, https:\/\/i0.wp.com\/noticiasribeiraopreto.com.br\/wp-content\/uploads\/2025\/07\/delacruz_2025-07-30_14-29-50.webp.webp?fit=1200%2C800&ssl=1&resize=700%2C400 2x, https:\/\/i0.wp.com\/noticiasribeiraopreto.com.br\/wp-content\/uploads\/2025\/07\/delacruz_2025-07-30_14-29-50.webp.webp?fit=1200%2C800&ssl=1&resize=1050%2C600 3x"},"classes":[]}],"jetpack_sharing_enabled":true,"jetpack_shortlink":"https:\/\/wp.me\/peQAOb-le5","_links":{"self":[{"href":"https:\/\/noticiasribeiraopreto.com.br\/index.php\/wp-json\/wp\/v2\/posts\/81597","targetHints":{"allow":["GET"]}}],"collection":[{"href":"https:\/\/noticiasribeiraopreto.com.br\/index.php\/wp-json\/wp\/v2\/posts"}],"about":[{"href":"https:\/\/noticiasribeiraopreto.com.br\/index.php\/wp-json\/wp\/v2\/types\/post"}],"author":[{"embeddable":true,"href":"https:\/\/noticiasribeiraopreto.com.br\/index.php\/wp-json\/wp\/v2\/users\/1"}],"replies":[{"embeddable":true,"href":"https:\/\/noticiasribeiraopreto.com.br\/index.php\/wp-json\/wp\/v2\/comments?post=81597"}],"version-history":[{"count":0,"href":"https:\/\/noticiasribeiraopreto.com.br\/index.php\/wp-json\/wp\/v2\/posts\/81597\/revisions"}],"wp:featuredmedia":[{"embeddable":true,"href":"https:\/\/noticiasribeiraopreto.com.br\/index.php\/wp-json\/wp\/v2\/media\/81598"}],"wp:attachment":[{"href":"https:\/\/noticiasribeiraopreto.com.br\/index.php\/wp-json\/wp\/v2\/media?parent=81597"}],"wp:term":[{"taxonomy":"category","embeddable":true,"href":"https:\/\/noticiasribeiraopreto.com.br\/index.php\/wp-json\/wp\/v2\/categories?post=81597"},{"taxonomy":"post_tag","embeddable":true,"href":"https:\/\/noticiasribeiraopreto.com.br\/index.php\/wp-json\/wp\/v2\/tags?post=81597"}],"curies":[{"name":"wp","href":"https:\/\/api.w.org\/{rel}","templated":true}]}}