{"id":81599,"date":"2026-01-11T07:52:46","date_gmt":"2026-01-11T10:52:46","guid":{"rendered":"https:\/\/noticiasribeiraopreto.com.br\/index.php\/2026\/01\/11\/mulher-e-assaltada-por-motociclista-em-ribeirao-preto-video\/"},"modified":"2026-01-11T07:52:46","modified_gmt":"2026-01-11T10:52:46","slug":"mulher-e-assaltada-por-motociclista-em-ribeirao-preto-video","status":"publish","type":"post","link":"https:\/\/noticiasribeiraopreto.com.br\/index.php\/2026\/01\/11\/mulher-e-assaltada-por-motociclista-em-ribeirao-preto-video\/","title":{"rendered":"Mulher \u00e9 assaltada por motociclista em Ribeir\u00e3o Preto; V\u00eddeo"},"content":{"rendered":"<div class='code-block code-block-1' style='margin: 8px 0 8px auto; text-align: right; display: block; clear: both;'>\n<p><a href=\"https:\/\/wa.link\/vpicfd\"><img data-recalc-dims=\"1\" class=\"wp-image-4922\" style=\"aspect-ratio: 2.0253164556962027; width: 561px; height: auto;\" src=\"https:\/\/i0.wp.com\/ismaelcolosi.com.br\/wp-content\/uploads\/2023\/11\/grupo-de-empregos-whatsapp-e-facebook-ismael-colosi-vagas.jpg?ssl=1\" alt=\"\" \/><\/a><\/p>\n<!-- \/wp:image -->\n<\/div>\n<p> <br \/>\n<\/p>\n<div data-td-block-uid=\"tdi_95\">\n<div class=\"tdb-block-inner td-fix-index\">\n<blockquote class=\"instagram-media\" data-instgrm-permalink=\"https:\/\/www.instagram.com\/reel\/DTV99qaDl97\/?utm_source=ig_embed&amp;utm_campaign=loading\" data-instgrm-version=\"14\" style=\" background:#FFF; border:0; border-radius:3px; box-shadow:0 0 1px 0 rgba(0,0,0,0.5),0 1px 10px 0 rgba(0,0,0,0.15); margin: 1px; max-width:540px; min-width:326px; padding:0; width:99.375%; width:-webkit-calc(100% - 2px); width:calc(100% - 2px);\"\/>\n<p>Uma mulher, de 61 anos, foi roubada por um ladr\u00e3o de motocicleta na manh\u00e3 deste s\u00e1bado (10) enquanto andava no bairro <strong>Geraldo Correia de Carvalho<\/strong>, em <strong>Ribeir\u00e3o Preto<\/strong>.<\/p>\n<p>O crime aconteceu na<strong> rua Leonor Domiciano Guimar\u00e3es<\/strong>. Uma c\u00e2mera de seguran\u00e7a registrou o momento que o ladr\u00e3o passa de moto, puxa a bolsa da mulher e foge.<\/p>\n<p>\u00c0<strong> EPTV<\/strong>, a v\u00edtima contou que ficou um pouco machucada no bra\u00e7o por causa do pux\u00e3o na al\u00e7a da bolsa. Ela teve o celular e os documentos levados pelo criminoso.<\/p>\n<p>O <strong>BO (boletim de ocorr\u00eancia) <\/strong>foi registrado e o caso ser\u00e1 investigado pela <strong>Pol\u00edcia Civil<\/strong> (com informa\u00e7\u00f5es <strong>EPTV<\/strong>).<\/p>\n<p>SAIBA MAIS<br \/>Cinema de Ribeir\u00e3o tem sess\u00e3o adaptada de Bob Esponja para p\u00fablico com TEA<\/p>\n<h2 class=\"wp-block-heading\"><strong>FIQUE ON<\/strong><\/h2>\n<p>Fique ligado em tudo que acontece em Ribeir\u00e3o Preto e regi\u00e3o. Siga os perfis do\u00a0<strong>acidade on\u00a0<\/strong>no<a href=\"https:\/\/www.instagram.com\/acidadeonribeirao\" target=\"_blank\" rel=\"noreferrer noopener\">\u00a0Instagram\u00a0<\/a>e no\u00a0<a href=\"https:\/\/www.facebook.com\/acidadeonribeirao\/\" target=\"_blank\" rel=\"noreferrer noopener\">Facebook<\/a>.<\/p>\n<p>Receba not\u00edcias do\u00a0<strong>acidade on\u00a0<\/strong>no WhatsApp. Para entrar no grupo,\u00a0basta<a href=\"https:\/\/chat.whatsapp.com\/GFH9HUMUTHNFJdnyEd0xxq\" target=\"_blank\" rel=\"noreferrer noopener\">\u00a0clicar aqui<\/a>. Ou, acesse o nosso\u00a0Canal\u00a0<a href=\"https:\/\/whatsapp.com\/channel\/0029Vb6IQl1JENyAeS57fk2p\" target=\"_blank\" rel=\"noreferrer noopener\">clicando aqui<\/a>.<\/p>\n<p>Fa\u00e7a uma den\u00fancia ou sugira uma reportagem sobre Ribeir\u00e3o Preto e regi\u00e3o pelo WhatsApp: 16 99117 7802.<\/p>\n<p>VEJA TAMB\u00c9M<br \/>Casas de Vidro esquentam o BBB 26; veja participantes do Sudeste<\/p>\n<p><!-- AI CONTENT END 1 -->\n<\/div>\n<\/div>\n<p><script async src=\"\/\/www.instagram.com\/embed.js\"><\/script><br \/>\n<br \/><br \/>\n<br \/><a href=\"https:\/\/www.acidadeon.com\/ribeiraopreto\/cotidiano\/mulher-e-assaltada-por-motociclista-em-ribeirao-preto-video\/\">Source link <\/a><\/p>\n<!-- CONTENT END 1 -->\n","protected":false},"excerpt":{"rendered":"<p>Uma mulher, de 61 anos, foi roubada por um ladr\u00e3o de motocicleta na manh\u00e3 deste s\u00e1bado (10) enquanto andava no bairro Geraldo Correia de Carvalho,&#8230;<\/p>\n","protected":false},"author":1,"featured_media":81600,"comment_status":"open","ping_status":"open","sticky":false,"template":"","format":"standard","meta":{"advanced_seo_description":"","jetpack_seo_html_title":"","jetpack_seo_noindex":false,"jetpack_post_was_ever_published":false,"_jetpack_newsletter_access":"","_jetpack_dont_email_post_to_subs":false,"_jetpack_newsletter_tier_id":0,"_jetpack_memberships_contains_paywalled_content":false,"_jetpack_memberships_contains_paid_content":false,"footnotes":"","jetpack_publicize_message":"","jetpack_publicize_feature_enabled":true,"jetpack_social_post_already_shared":true,"jetpack_social_options":{"image_generator_settings":{"template":"highway","default_image_id":0,"font":"","enabled":false},"version":2}},"categories":[11],"tags":[],"class_list":["post-81599","post","type-post","status-publish","format-standard","has-post-thumbnail","hentry","category-noticias-de-ribeirao-preto-sp-e-regiao-ismael-colosi"],"jetpack_publicize_connections":[],"jetpack_featured_media_url":"https:\/\/i0.wp.com\/noticiasribeiraopreto.com.br\/wp-content\/uploads\/2026\/01\/assalto-geraldo_2026-01-10_20-20-10.webp.webp?fit=1200%2C757&ssl=1","jetpack-related-posts":[{"id":55823,"url":"https:\/\/noticiasribeiraopreto.com.br\/index.php\/2024\/08\/07\/mulher-e-arrastada-por-ladrao-em-moto-na-zona-norte-de-ribeirao-preto-video\/","url_meta":{"origin":81599,"position":0},"title":"Mulher \u00e9 arrastada por ladr\u00e3o em moto na zona Norte de Ribeir\u00e3o Preto; V\u00eddeo","author":"noticiasribeiraopreto.com.br","date":"7 de August de 2024","format":false,"excerpt":"Uma mulher foi arrastada por um ladr\u00e3o enquanto caminhava pelo Ipiranga, zona Norte de Ribeir\u00e3o Preto, no \u00faltimo m\u00eas de julho. As imagens do crime foram registradas por uma c\u00e2mera de seguran\u00e7a \u2013 veja abaixo. VEJA O V\u00cdDEO A tentativa de assalto aconteceu na rua Bas\u00edlio da Gama. A v\u00edtima\u2026","rel":"","context":"In &quot;Not\u00edcias de Ribeir\u00e3o Preto-SP e Regi\u00e3o&quot;","block_context":{"text":"Not\u00edcias de Ribeir\u00e3o Preto-SP e Regi\u00e3o","link":"https:\/\/noticiasribeiraopreto.com.br\/index.php\/category\/noticias-de-ribeirao-preto-sp-e-regiao-ismael-colosi\/"},"img":{"alt_text":"","src":"https:\/\/i0.wp.com\/noticiasribeiraopreto.com.br\/wp-content\/uploads\/2024\/08\/mulher-arrastada_2024-08-06_17-36-32_jpg_2024-08-06_17-36-32.webp.webp?fit=989%2C639&ssl=1&resize=350%2C200","width":350,"height":200,"srcset":"https:\/\/i0.wp.com\/noticiasribeiraopreto.com.br\/wp-content\/uploads\/2024\/08\/mulher-arrastada_2024-08-06_17-36-32_jpg_2024-08-06_17-36-32.webp.webp?fit=989%2C639&ssl=1&resize=350%2C200 1x, https:\/\/i0.wp.com\/noticiasribeiraopreto.com.br\/wp-content\/uploads\/2024\/08\/mulher-arrastada_2024-08-06_17-36-32_jpg_2024-08-06_17-36-32.webp.webp?fit=989%2C639&ssl=1&resize=525%2C300 1.5x, https:\/\/i0.wp.com\/noticiasribeiraopreto.com.br\/wp-content\/uploads\/2024\/08\/mulher-arrastada_2024-08-06_17-36-32_jpg_2024-08-06_17-36-32.webp.webp?fit=989%2C639&ssl=1&resize=700%2C400 2x"},"classes":[]},{"id":62839,"url":"https:\/\/noticiasribeiraopreto.com.br\/index.php\/2025\/01\/25\/ladrao-em-moto-derruba-mulher-ao-puxar-bolsa-em-rua-de-ribeirao-preto-video\/","url_meta":{"origin":81599,"position":1},"title":"Ladr\u00e3o em moto derruba mulher ao puxar bolsa em rua de Ribeir\u00e3o Preto; V\u00eddeo","author":"noticiasribeiraopreto.com.br","date":"25 de January de 2025","format":false,"excerpt":"Uma mulher de 59 anos ficou com hematomas pelo corpo ap\u00f3s ser derrubada na rua durante um assalto, no bairro Quintino Facci II, zona Norte de Ribeir\u00e3o Preto. A a\u00e7\u00e3o r\u00e1pida e violenta foi registrada por uma c\u00e2mera de seguran\u00e7a no fim da madrugada da \u00faltima quinta-feira (23). Assista ao\u2026","rel":"","context":"In &quot;Not\u00edcias de Ribeir\u00e3o Preto-SP e Regi\u00e3o&quot;","block_context":{"text":"Not\u00edcias de Ribeir\u00e3o Preto-SP e Regi\u00e3o","link":"https:\/\/noticiasribeiraopreto.com.br\/index.php\/category\/noticias-de-ribeirao-preto-sp-e-regiao-ismael-colosi\/"},"img":{"alt_text":"","src":"https:\/\/i0.wp.com\/noticiasribeiraopreto.com.br\/wp-content\/uploads\/2025\/01\/ASSALTO_2025-01-25_20-25-38_jpg_2025-01-25_20-25-38.webp.webp?fit=1200%2C712&ssl=1&resize=350%2C200","width":350,"height":200,"srcset":"https:\/\/i0.wp.com\/noticiasribeiraopreto.com.br\/wp-content\/uploads\/2025\/01\/ASSALTO_2025-01-25_20-25-38_jpg_2025-01-25_20-25-38.webp.webp?fit=1200%2C712&ssl=1&resize=350%2C200 1x, https:\/\/i0.wp.com\/noticiasribeiraopreto.com.br\/wp-content\/uploads\/2025\/01\/ASSALTO_2025-01-25_20-25-38_jpg_2025-01-25_20-25-38.webp.webp?fit=1200%2C712&ssl=1&resize=525%2C300 1.5x, https:\/\/i0.wp.com\/noticiasribeiraopreto.com.br\/wp-content\/uploads\/2025\/01\/ASSALTO_2025-01-25_20-25-38_jpg_2025-01-25_20-25-38.webp.webp?fit=1200%2C712&ssl=1&resize=700%2C400 2x, https:\/\/i0.wp.com\/noticiasribeiraopreto.com.br\/wp-content\/uploads\/2025\/01\/ASSALTO_2025-01-25_20-25-38_jpg_2025-01-25_20-25-38.webp.webp?fit=1200%2C712&ssl=1&resize=1050%2C600 3x"},"classes":[]},{"id":83754,"url":"https:\/\/noticiasribeiraopreto.com.br\/index.php\/2026\/03\/25\/hoje-voce-nao-morre-diz-ladrao-apos-roubar-mulher-em-ribeirao-preto-video\/","url_meta":{"origin":81599,"position":2},"title":"\u2018Hoje voc\u00ea n\u00e3o morre\u2019, diz ladr\u00e3o ap\u00f3s roubar mulher em Ribeir\u00e3o Preto; V\u00eddeo","author":"noticiasribeiraopreto.com.br","date":"25 de March de 2026","format":false,"excerpt":"Um ladr\u00e3o amea\u00e7ou uma mulher com uma arma durante um assalto no Recreio das Ac\u00e1cias, em Ribeir\u00e3o Preto \u2013 veja o v\u00eddeo acima. O crime aconteceu na tarde da \u00faltima ter\u00e7a-feira (24), na avenida Afon\u00e7o Valera. A v\u00edtima conta que estava saindo do trabalho, por volta das 15h. Ela estava\u2026","rel":"","context":"In &quot;Not\u00edcias de Ribeir\u00e3o Preto-SP e Regi\u00e3o&quot;","block_context":{"text":"Not\u00edcias de Ribeir\u00e3o Preto-SP e Regi\u00e3o","link":"https:\/\/noticiasribeiraopreto.com.br\/index.php\/category\/noticias-de-ribeirao-preto-sp-e-regiao-ismael-colosi\/"},"img":{"alt_text":"","src":"https:\/\/i0.wp.com\/noticiasribeiraopreto.com.br\/wp-content\/uploads\/2026\/03\/assalto-recreio-das-acacias_2026-03-25_15-12-45.webp.webp?fit=1019%2C685&ssl=1&resize=350%2C200","width":350,"height":200,"srcset":"https:\/\/i0.wp.com\/noticiasribeiraopreto.com.br\/wp-content\/uploads\/2026\/03\/assalto-recreio-das-acacias_2026-03-25_15-12-45.webp.webp?fit=1019%2C685&ssl=1&resize=350%2C200 1x, https:\/\/i0.wp.com\/noticiasribeiraopreto.com.br\/wp-content\/uploads\/2026\/03\/assalto-recreio-das-acacias_2026-03-25_15-12-45.webp.webp?fit=1019%2C685&ssl=1&resize=525%2C300 1.5x, https:\/\/i0.wp.com\/noticiasribeiraopreto.com.br\/wp-content\/uploads\/2026\/03\/assalto-recreio-das-acacias_2026-03-25_15-12-45.webp.webp?fit=1019%2C685&ssl=1&resize=700%2C400 2x"},"classes":[]},{"id":46844,"url":"https:\/\/noticiasribeiraopreto.com.br\/index.php\/2024\/04\/15\/ladrao-rouba-aparelhos-de-medir-glicose-e-pressao-de-mulher-em-ponto-de-onibus-de-ribeirao\/","url_meta":{"origin":81599,"position":3},"title":"Ladr\u00e3o rouba aparelhos de medir glicose e press\u00e3o de mulher em ponto de \u00f4nibus de Ribeir\u00e3o","author":"noticiasribeiraopreto.com.br","date":"15 de April de 2024","format":false,"excerpt":"Uma mulher foi assaltada na madrugada do \u00faltimo s\u00e1bado (13), enquanto esperava o \u00f4nibus do transporte coletivo em um ponto na Vila Virg\u00ednia, zona Oeste de Ribeir\u00e3o Preto. Segundo o boletim de ocorr\u00eancia (BO), a bolsa da v\u00edtima foi roubada na a\u00e7\u00e3o, onde no interior havia dois aparelhos: um de\u2026","rel":"","context":"In &quot;Not\u00edcias de Ribeir\u00e3o Preto-SP e Regi\u00e3o&quot;","block_context":{"text":"Not\u00edcias de Ribeir\u00e3o Preto-SP e Regi\u00e3o","link":"https:\/\/noticiasribeiraopreto.com.br\/index.php\/category\/noticias-de-ribeirao-preto-sp-e-regiao-ismael-colosi\/"},"img":{"alt_text":"","src":"https:\/\/i0.wp.com\/noticiasribeiraopreto.com.br\/wp-content\/uploads\/2024\/04\/1713196663_20220620_114539075_policia_qru_1024x576_25052021184749_jpg_715985292.jpg?fit=1200%2C606&ssl=1&resize=350%2C200","width":350,"height":200,"srcset":"https:\/\/i0.wp.com\/noticiasribeiraopreto.com.br\/wp-content\/uploads\/2024\/04\/1713196663_20220620_114539075_policia_qru_1024x576_25052021184749_jpg_715985292.jpg?fit=1200%2C606&ssl=1&resize=350%2C200 1x, https:\/\/i0.wp.com\/noticiasribeiraopreto.com.br\/wp-content\/uploads\/2024\/04\/1713196663_20220620_114539075_policia_qru_1024x576_25052021184749_jpg_715985292.jpg?fit=1200%2C606&ssl=1&resize=525%2C300 1.5x, https:\/\/i0.wp.com\/noticiasribeiraopreto.com.br\/wp-content\/uploads\/2024\/04\/1713196663_20220620_114539075_policia_qru_1024x576_25052021184749_jpg_715985292.jpg?fit=1200%2C606&ssl=1&resize=700%2C400 2x, https:\/\/i0.wp.com\/noticiasribeiraopreto.com.br\/wp-content\/uploads\/2024\/04\/1713196663_20220620_114539075_policia_qru_1024x576_25052021184749_jpg_715985292.jpg?fit=1200%2C606&ssl=1&resize=1050%2C600 3x"},"classes":[]},{"id":52926,"url":"https:\/\/noticiasribeiraopreto.com.br\/index.php\/2024\/06\/14\/ladrao-apanha-de-mulher-vitima-de-roubo-na-zona-norte-de-ribeirao-preto-veja-o-video\/","url_meta":{"origin":81599,"position":4},"title":"Ladr\u00e3o apanha de mulher v\u00edtima de roubo na zona Norte de Ribeir\u00e3o Preto; Veja o v\u00eddeo","author":"noticiasribeiraopreto.com.br","date":"14 de June de 2024","format":false,"excerpt":"Um ladr\u00e3o apanhou de uma comerciante v\u00edtima de roubo, nesta quarta-feira (12), no bairro Vila Albertina, na zona Norte de Ribeir\u00e3o Preto. \u00a0Apesar de sair do local \u201ca pauladas\u201d, o homem conseguiu levar uma alian\u00e7a e R$ 60 em dinheiro. O caso foi registrado por c\u00e2meras de seguran\u00e7a do local\u2026","rel":"","context":"In &quot;Not\u00edcias de Ribeir\u00e3o Preto-SP e Regi\u00e3o&quot;","block_context":{"text":"Not\u00edcias de Ribeir\u00e3o Preto-SP e Regi\u00e3o","link":"https:\/\/noticiasribeiraopreto.com.br\/index.php\/category\/noticias-de-ribeirao-preto-sp-e-regiao-ismael-colosi\/"},"img":{"alt_text":"","src":"https:\/\/i0.wp.com\/noticiasribeiraopreto.com.br\/wp-content\/uploads\/2024\/06\/Copia-de-Copia-de-TAMANHO-EXATO-PARA-FOTOS-NO-SISTEMA-NOVO_2024-06-13_19-08-07_jpg_2024-06-13_19-08-08.webp.webp?fit=1200%2C675&ssl=1&resize=350%2C200","width":350,"height":200,"srcset":"https:\/\/i0.wp.com\/noticiasribeiraopreto.com.br\/wp-content\/uploads\/2024\/06\/Copia-de-Copia-de-TAMANHO-EXATO-PARA-FOTOS-NO-SISTEMA-NOVO_2024-06-13_19-08-07_jpg_2024-06-13_19-08-08.webp.webp?fit=1200%2C675&ssl=1&resize=350%2C200 1x, https:\/\/i0.wp.com\/noticiasribeiraopreto.com.br\/wp-content\/uploads\/2024\/06\/Copia-de-Copia-de-TAMANHO-EXATO-PARA-FOTOS-NO-SISTEMA-NOVO_2024-06-13_19-08-07_jpg_2024-06-13_19-08-08.webp.webp?fit=1200%2C675&ssl=1&resize=525%2C300 1.5x, https:\/\/i0.wp.com\/noticiasribeiraopreto.com.br\/wp-content\/uploads\/2024\/06\/Copia-de-Copia-de-TAMANHO-EXATO-PARA-FOTOS-NO-SISTEMA-NOVO_2024-06-13_19-08-07_jpg_2024-06-13_19-08-08.webp.webp?fit=1200%2C675&ssl=1&resize=700%2C400 2x, https:\/\/i0.wp.com\/noticiasribeiraopreto.com.br\/wp-content\/uploads\/2024\/06\/Copia-de-Copia-de-TAMANHO-EXATO-PARA-FOTOS-NO-SISTEMA-NOVO_2024-06-13_19-08-07_jpg_2024-06-13_19-08-08.webp.webp?fit=1200%2C675&ssl=1&resize=1050%2C600 3x"},"classes":[]},{"id":43614,"url":"https:\/\/noticiasribeiraopreto.com.br\/index.php\/2024\/03\/22\/professora-luta-com-ladrao-e-impede-roubo-de-veiculo\/","url_meta":{"origin":81599,"position":5},"title":"Professora luta com ladr\u00e3o e impede roubo de ve\u00edculo","author":"noticiasribeiraopreto.com.br","date":"22 de March de 2024","format":false,"excerpt":"Dupla de moto tentou levar o carro, mas acabaram fugindo ap\u00f3s rea\u00e7\u00e3o da v\u00edtima; mulher ficou ferida 22 de mar\u00e7o de 2024 | 12:11 1 Por: Adalberto Luque Uma mulher de 45 anos conseguiu evitar que seu carro fosse roubado, na noite desta quinta-feira (21). Ela foi abordada ap\u00f3s estacionar\u2026","rel":"","context":"In &quot;Not\u00edcias de Ribeir\u00e3o Preto-SP e Regi\u00e3o&quot;","block_context":{"text":"Not\u00edcias de Ribeir\u00e3o Preto-SP e Regi\u00e3o","link":"https:\/\/noticiasribeiraopreto.com.br\/index.php\/category\/noticias-de-ribeirao-preto-sp-e-regiao-ismael-colosi\/"},"img":{"alt_text":"","src":"https:\/\/i0.wp.com\/noticiasribeiraopreto.com.br\/wp-content\/uploads\/2024\/03\/00-22-mar-2024-professora-briga-foto-alfredo-risk-scaled.jpg?fit=968%2C645&ssl=1&resize=350%2C200","width":350,"height":200,"srcset":"https:\/\/i0.wp.com\/noticiasribeiraopreto.com.br\/wp-content\/uploads\/2024\/03\/00-22-mar-2024-professora-briga-foto-alfredo-risk-scaled.jpg?fit=968%2C645&ssl=1&resize=350%2C200 1x, https:\/\/i0.wp.com\/noticiasribeiraopreto.com.br\/wp-content\/uploads\/2024\/03\/00-22-mar-2024-professora-briga-foto-alfredo-risk-scaled.jpg?fit=968%2C645&ssl=1&resize=525%2C300 1.5x, https:\/\/i0.wp.com\/noticiasribeiraopreto.com.br\/wp-content\/uploads\/2024\/03\/00-22-mar-2024-professora-briga-foto-alfredo-risk-scaled.jpg?fit=968%2C645&ssl=1&resize=700%2C400 2x"},"classes":[]}],"jetpack_sharing_enabled":true,"jetpack_shortlink":"https:\/\/wp.me\/peQAOb-le7","_links":{"self":[{"href":"https:\/\/noticiasribeiraopreto.com.br\/index.php\/wp-json\/wp\/v2\/posts\/81599","targetHints":{"allow":["GET"]}}],"collection":[{"href":"https:\/\/noticiasribeiraopreto.com.br\/index.php\/wp-json\/wp\/v2\/posts"}],"about":[{"href":"https:\/\/noticiasribeiraopreto.com.br\/index.php\/wp-json\/wp\/v2\/types\/post"}],"author":[{"embeddable":true,"href":"https:\/\/noticiasribeiraopreto.com.br\/index.php\/wp-json\/wp\/v2\/users\/1"}],"replies":[{"embeddable":true,"href":"https:\/\/noticiasribeiraopreto.com.br\/index.php\/wp-json\/wp\/v2\/comments?post=81599"}],"version-history":[{"count":0,"href":"https:\/\/noticiasribeiraopreto.com.br\/index.php\/wp-json\/wp\/v2\/posts\/81599\/revisions"}],"wp:featuredmedia":[{"embeddable":true,"href":"https:\/\/noticiasribeiraopreto.com.br\/index.php\/wp-json\/wp\/v2\/media\/81600"}],"wp:attachment":[{"href":"https:\/\/noticiasribeiraopreto.com.br\/index.php\/wp-json\/wp\/v2\/media?parent=81599"}],"wp:term":[{"taxonomy":"category","embeddable":true,"href":"https:\/\/noticiasribeiraopreto.com.br\/index.php\/wp-json\/wp\/v2\/categories?post=81599"},{"taxonomy":"post_tag","embeddable":true,"href":"https:\/\/noticiasribeiraopreto.com.br\/index.php\/wp-json\/wp\/v2\/tags?post=81599"}],"curies":[{"name":"wp","href":"https:\/\/api.w.org\/{rel}","templated":true}]}}