{"id":81601,"date":"2026-01-11T08:02:07","date_gmt":"2026-01-11T11:02:07","guid":{"rendered":"https:\/\/noticiasribeiraopreto.com.br\/index.php\/2026\/01\/11\/comercial-vence-uniao-sao-joao-em-jogo-treino-em-ribeirao-preto\/"},"modified":"2026-01-11T08:02:07","modified_gmt":"2026-01-11T11:02:07","slug":"comercial-vence-uniao-sao-joao-em-jogo-treino-em-ribeirao-preto","status":"publish","type":"post","link":"https:\/\/noticiasribeiraopreto.com.br\/index.php\/2026\/01\/11\/comercial-vence-uniao-sao-joao-em-jogo-treino-em-ribeirao-preto\/","title":{"rendered":"Comercial vence Uni\u00e3o S\u00e3o Jo\u00e3o em jogo-treino em Ribeir\u00e3o Preto"},"content":{"rendered":"<div class='code-block code-block-1' style='margin: 8px 0 8px auto; text-align: right; display: block; clear: both;'>\n<p><a href=\"https:\/\/wa.link\/vpicfd\"><img data-recalc-dims=\"1\" class=\"wp-image-4922\" style=\"aspect-ratio: 2.0253164556962027; width: 561px; height: auto;\" src=\"https:\/\/i0.wp.com\/ismaelcolosi.com.br\/wp-content\/uploads\/2023\/11\/grupo-de-empregos-whatsapp-e-facebook-ismael-colosi-vagas.jpg?ssl=1\" alt=\"\" \/><\/a><\/p>\n<!-- \/wp:image -->\n<\/div>\n<p> <br \/>\n<\/p>\n<div data-td-block-uid=\"tdi_95\">\n<div class=\"tdb-block-inner td-fix-index\">\n<p>O <strong>Comercial <\/strong>venceu o <strong>Uni\u00e3o S\u00e3o Jo\u00e3o<\/strong> por 1 a 0 em jogo-treino realizado na manh\u00e3 deste s\u00e1bado (10), no <strong>est\u00e1dio Palma Travassos<\/strong>, em <strong>Ribeir\u00e3o Preto<\/strong>. O alvinegro se prepara para disputa do Campeonato Paulista da S\u00e9rie A4, j\u00e1 o visitante se prepara para S\u00e9rie A3.<\/p>\n<p>O Le\u00e3o do Norte come\u00e7ou o jogo com: Jeferson; Petuba, Lucas Lima, Cristhian Gabriel e Alex Silv\u00e9rio; Felipe Mian, Jo\u00e3o, e Vin\u00edcius; Mikael, Gustavo e Paulo Victor.<\/p>\n<p>O \u00fanico gol do confronto saiu aos oito minutos do segundo tempo, anotado pelo atacante Gustavo.<\/p>\n<p>O t\u00e9cnico Roberval Davino analisou a movimenta\u00e7\u00e3o. \u201cFoi dentro do esperado. Enfrentamos um time de uma divis\u00e3o acima e conseguimos ir bem. Foi um bom teste\u201d, disse.<\/p>\n<p>Comercial e Uni\u00e3o S\u00e3o Jo\u00e3o voltam a se enfrentar no pr\u00f3ximo s\u00e1bado pela manh\u00e3, em Araras.<\/p>\n<figure class=\"wp-block-image size-large\"><img data-recalc-dims=\"1\" fetchpriority=\"high\" decoding=\"async\" width=\"683\" height=\"1024\" src=\"https:\/\/i0.wp.com\/cdn.media-acidadeon.com.br\/ribeiraopreto\/wp-content\/uploads\/sites\/3\/2026\/01\/comercial-jogo-treino_2026-01-10_19-18-34-683x1024.webp?resize=683%2C1024&#038;ssl=1\" alt=\"comercial jogo treino 2026 01 10 19 18 34\" class=\"wp-image-141814\" title=\"Comercial vence Uni\u00e3o S\u00e3o Jo\u00e3o em jogo-treino em Ribeir\u00e3o Preto 1\" srcset=\"https:\/\/cdn.media-acidadeon.com.br\/ribeiraopreto\/wp-content\/uploads\/sites\/3\/2026\/01\/comercial-jogo-treino_2026-01-10_19-18-34-683x1024.webp 683w, https:\/\/cdn.media-acidadeon.com.br\/ribeiraopreto\/wp-content\/uploads\/sites\/3\/2026\/01\/comercial-jogo-treino_2026-01-10_19-18-34-200x300.webp 200w, https:\/\/cdn.media-acidadeon.com.br\/ribeiraopreto\/wp-content\/uploads\/sites\/3\/2026\/01\/comercial-jogo-treino_2026-01-10_19-18-34-768x1151.webp 768w, https:\/\/cdn.media-acidadeon.com.br\/ribeiraopreto\/wp-content\/uploads\/sites\/3\/2026\/01\/comercial-jogo-treino_2026-01-10_19-18-34-1025x1536.webp 1025w, https:\/\/cdn.media-acidadeon.com.br\/ribeiraopreto\/wp-content\/uploads\/sites\/3\/2026\/01\/comercial-jogo-treino_2026-01-10_19-18-34-696x1043.webp 696w, https:\/\/cdn.media-acidadeon.com.br\/ribeiraopreto\/wp-content\/uploads\/sites\/3\/2026\/01\/comercial-jogo-treino_2026-01-10_19-18-34-1068x1601.webp 1068w, https:\/\/cdn.media-acidadeon.com.br\/ribeiraopreto\/wp-content\/uploads\/sites\/3\/2026\/01\/comercial-jogo-treino_2026-01-10_19-18-34.webp 1200w\" sizes=\"(max-width: 683px) 100vw, 683px\"\/><figcaption class=\"wp-element-caption\">Comercial se prepara para disputada do Campeonato Paulista da S\u00e9rie A4 (Foto: Bianca Tremeschin\/Divulga\u00e7\u00e3o)<\/figcaption><\/figure>\n<p>SAIBA MAIS<br \/>Cinema de Ribeir\u00e3o tem sess\u00e3o adaptada de Bob Esponja para p\u00fablico com TEA<\/p>\n<h2 class=\"wp-block-heading\"><strong>FIQUE ON<\/strong><\/h2>\n<p>Fique ligado em tudo que acontece em Ribeir\u00e3o Preto e regi\u00e3o. Siga os perfis do\u00a0<strong>acidade on\u00a0<\/strong>no<a href=\"https:\/\/www.instagram.com\/acidadeonribeirao\" target=\"_blank\" rel=\"noreferrer noopener\">\u00a0Instagram\u00a0<\/a>e no\u00a0<a href=\"https:\/\/www.facebook.com\/acidadeonribeirao\/\" target=\"_blank\" rel=\"noreferrer noopener\">Facebook<\/a>.<\/p>\n<p>Receba not\u00edcias do\u00a0<strong>acidade on\u00a0<\/strong>no WhatsApp. Para entrar no grupo,\u00a0basta<a href=\"https:\/\/chat.whatsapp.com\/GFH9HUMUTHNFJdnyEd0xxq\" target=\"_blank\" rel=\"noreferrer noopener\">\u00a0clicar aqui<\/a>. Ou, acesse o nosso\u00a0Canal\u00a0<a href=\"https:\/\/whatsapp.com\/channel\/0029Vb6IQl1JENyAeS57fk2p\" target=\"_blank\" rel=\"noreferrer noopener\">clicando aqui<\/a>.<\/p>\n<p>Fa\u00e7a uma den\u00fancia ou sugira uma reportagem sobre Ribeir\u00e3o Preto e regi\u00e3o pelo WhatsApp: 16 99117 7802.<\/p>\n<p>VEJA TAMB\u00c9M<br \/>Casas de Vidro esquentam o BBB 26; veja participantes do Sudeste<\/p>\n<p><!-- AI CONTENT END 1 -->\n<\/div>\n<\/div>\n<p><script async src=\"\/\/www.instagram.com\/embed.js\"><\/script><br \/>\n<br \/><br \/>\n<br \/><a href=\"https:\/\/www.acidadeon.com\/ribeiraopreto\/esportes\/comercial-vence-uniao-sao-joao-em-jogo-treino-em-ribeirao-preto\/\">Source link <\/a><\/p>\n<!-- CONTENT END 1 -->\n","protected":false},"excerpt":{"rendered":"<p>O Comercial venceu o Uni\u00e3o S\u00e3o Jo\u00e3o por 1 a 0 em jogo-treino realizado na manh\u00e3 deste s\u00e1bado (10), no est\u00e1dio Palma Travassos, em Ribeir\u00e3o&#8230;<\/p>\n","protected":false},"author":1,"featured_media":81602,"comment_status":"open","ping_status":"open","sticky":false,"template":"","format":"standard","meta":{"advanced_seo_description":"","jetpack_seo_html_title":"","jetpack_seo_noindex":false,"jetpack_post_was_ever_published":false,"_jetpack_newsletter_access":"","_jetpack_dont_email_post_to_subs":false,"_jetpack_newsletter_tier_id":0,"_jetpack_memberships_contains_paywalled_content":false,"_jetpack_memberships_contains_paid_content":false,"footnotes":"","jetpack_publicize_message":"","jetpack_publicize_feature_enabled":true,"jetpack_social_post_already_shared":true,"jetpack_social_options":{"image_generator_settings":{"template":"highway","default_image_id":0,"font":"","enabled":false},"version":2}},"categories":[11],"tags":[],"class_list":["post-81601","post","type-post","status-publish","format-standard","has-post-thumbnail","hentry","category-noticias-de-ribeirao-preto-sp-e-regiao-ismael-colosi"],"jetpack_publicize_connections":[],"jetpack_featured_media_url":"https:\/\/i0.wp.com\/noticiasribeiraopreto.com.br\/wp-content\/uploads\/2026\/01\/comercial-uniao_2026-01-10_19-16-38.webp.webp?fit=1200%2C829&ssl=1","jetpack-related-posts":[{"id":80579,"url":"https:\/\/noticiasribeiraopreto.com.br\/index.php\/2025\/12\/06\/comercial-perde-primeiro-jogo-treino-da-pre-temporada\/","url_meta":{"origin":81601,"position":0},"title":"Comercial perde primeiro jogo-treino da pr\u00e9-temporada","author":"noticiasribeiraopreto.com.br","date":"6 de December de 2025","format":false,"excerpt":"\r \r \r 6 de dezembro de 2025 10:305 de dezembro de 2025 23:50 \r Compartilhar0 Por Hugo Luque O Comercial foi derrotado pelo XV de Ja\u00fa por 1 a 0, na manh\u00e3 desta sexta-feira (5), no Est\u00e1dio Zezinho Magalh\u00e3es, em Ja\u00fa (SP). Foi o primeiro jogo-treino do Le\u00e3o do\u2026","rel":"","context":"In &quot;Not\u00edcias de Ribeir\u00e3o Preto-SP e Regi\u00e3o&quot;","block_context":{"text":"Not\u00edcias de Ribeir\u00e3o Preto-SP e Regi\u00e3o","link":"https:\/\/noticiasribeiraopreto.com.br\/index.php\/category\/noticias-de-ribeirao-preto-sp-e-regiao-ismael-colosi\/"},"img":{"alt_text":"","src":"https:\/\/i0.wp.com\/noticiasribeiraopreto.com.br\/wp-content\/uploads\/2025\/12\/1-Comercial-x-XV-de-Jau-jogo-treino-Divulgacao_Comercial-FC-scaled.jpg?fit=1170%2C780&ssl=1&resize=350%2C200","width":350,"height":200,"srcset":"https:\/\/i0.wp.com\/noticiasribeiraopreto.com.br\/wp-content\/uploads\/2025\/12\/1-Comercial-x-XV-de-Jau-jogo-treino-Divulgacao_Comercial-FC-scaled.jpg?fit=1170%2C780&ssl=1&resize=350%2C200 1x, https:\/\/i0.wp.com\/noticiasribeiraopreto.com.br\/wp-content\/uploads\/2025\/12\/1-Comercial-x-XV-de-Jau-jogo-treino-Divulgacao_Comercial-FC-scaled.jpg?fit=1170%2C780&ssl=1&resize=525%2C300 1.5x, https:\/\/i0.wp.com\/noticiasribeiraopreto.com.br\/wp-content\/uploads\/2025\/12\/1-Comercial-x-XV-de-Jau-jogo-treino-Divulgacao_Comercial-FC-scaled.jpg?fit=1170%2C780&ssl=1&resize=700%2C400 2x, https:\/\/i0.wp.com\/noticiasribeiraopreto.com.br\/wp-content\/uploads\/2025\/12\/1-Comercial-x-XV-de-Jau-jogo-treino-Divulgacao_Comercial-FC-scaled.jpg?fit=1170%2C780&ssl=1&resize=1050%2C600 3x"},"classes":[]},{"id":63074,"url":"https:\/\/noticiasribeiraopreto.com.br\/index.php\/2025\/02\/01\/comercial-perde-para-o-uniao-sao-joao-e-segue-na-lanterna-da-serie-a3\/","url_meta":{"origin":81601,"position":1},"title":"Comercial perde para o Uni\u00e3o S\u00e3o Jo\u00e3o e segue na lanterna da S\u00e9rie A3","author":"noticiasribeiraopreto.com.br","date":"1 de February de 2025","format":false,"excerpt":"O Comercial perdeu para o Uni\u00e3o S\u00e3o Jo\u00e3o por 3 a 1 na tarde deste s\u00e1bado (1\u00ba), em partida v\u00e1lida pela quinta rodada do Campeonato Paulista da S\u00e9rie A3. O confronto aconteceu no est\u00e1dio Palma Travassos, em Ribeir\u00e3o Preto. O \u00fanico gol do Le\u00e3o do Norte na partida foi tamb\u00e9m\u2026","rel":"","context":"In &quot;Not\u00edcias de Ribeir\u00e3o Preto-SP e Regi\u00e3o&quot;","block_context":{"text":"Not\u00edcias de Ribeir\u00e3o Preto-SP e Regi\u00e3o","link":"https:\/\/noticiasribeiraopreto.com.br\/index.php\/category\/noticias-de-ribeirao-preto-sp-e-regiao-ismael-colosi\/"},"img":{"alt_text":"","src":"https:\/\/i0.wp.com\/noticiasribeiraopreto.com.br\/wp-content\/uploads\/2025\/02\/WhatsApp-Image-2025-02-01-at-18.27.14_2025-02-01_21-38-12_jpeg_2025-02-01_21-38-13-scaled.webp.webp?fit=1200%2C800&ssl=1&resize=350%2C200","width":350,"height":200,"srcset":"https:\/\/i0.wp.com\/noticiasribeiraopreto.com.br\/wp-content\/uploads\/2025\/02\/WhatsApp-Image-2025-02-01-at-18.27.14_2025-02-01_21-38-12_jpeg_2025-02-01_21-38-13-scaled.webp.webp?fit=1200%2C800&ssl=1&resize=350%2C200 1x, https:\/\/i0.wp.com\/noticiasribeiraopreto.com.br\/wp-content\/uploads\/2025\/02\/WhatsApp-Image-2025-02-01-at-18.27.14_2025-02-01_21-38-12_jpeg_2025-02-01_21-38-13-scaled.webp.webp?fit=1200%2C800&ssl=1&resize=525%2C300 1.5x, https:\/\/i0.wp.com\/noticiasribeiraopreto.com.br\/wp-content\/uploads\/2025\/02\/WhatsApp-Image-2025-02-01-at-18.27.14_2025-02-01_21-38-12_jpeg_2025-02-01_21-38-13-scaled.webp.webp?fit=1200%2C800&ssl=1&resize=700%2C400 2x, https:\/\/i0.wp.com\/noticiasribeiraopreto.com.br\/wp-content\/uploads\/2025\/02\/WhatsApp-Image-2025-02-01-at-18.27.14_2025-02-01_21-38-12_jpeg_2025-02-01_21-38-13-scaled.webp.webp?fit=1200%2C800&ssl=1&resize=1050%2C600 3x"},"classes":[]},{"id":73942,"url":"https:\/\/noticiasribeiraopreto.com.br\/index.php\/2025\/07\/12\/comercial-tropeca-diante-do-uniao-sao-joao-e-sofre-primeira-derrota-na-copa-paulista\/","url_meta":{"origin":81601,"position":2},"title":"Comercial trope\u00e7a diante do Uni\u00e3o S\u00e3o Jo\u00e3o e sofre primeira derrota na Copa Paulista","author":"noticiasribeiraopreto.com.br","date":"12 de July de 2025","format":false,"excerpt":"O Comercial foi derrotado por 1 a 0 pelo Uni\u00e3o S\u00e3o Jo\u00e3o neste s\u00e1bado (12), pela quinta rodada do Grupo 2 da Copa Paulista, e perdeu a invencibilidade na competi\u00e7\u00e3o. O atacante Jonatan Da Ora, camisa 99, marcou o \u00fanico gol da partida aos 21 minutos do primeiro tempo, garantindo\u2026","rel":"","context":"In &quot;Not\u00edcias de Ribeir\u00e3o Preto-SP e Regi\u00e3o&quot;","block_context":{"text":"Not\u00edcias de Ribeir\u00e3o Preto-SP e Regi\u00e3o","link":"https:\/\/noticiasribeiraopreto.com.br\/index.php\/category\/noticias-de-ribeirao-preto-sp-e-regiao-ismael-colosi\/"},"img":{"alt_text":"","src":"https:\/\/i0.wp.com\/noticiasribeiraopreto.com.br\/wp-content\/uploads\/2025\/07\/Imagem-do-WhatsApp-de-2025-07-12-as-16.19.13_ec8c143b_2025-07-12_19-49-33.webp.webp?fit=1200%2C800&ssl=1&resize=350%2C200","width":350,"height":200,"srcset":"https:\/\/i0.wp.com\/noticiasribeiraopreto.com.br\/wp-content\/uploads\/2025\/07\/Imagem-do-WhatsApp-de-2025-07-12-as-16.19.13_ec8c143b_2025-07-12_19-49-33.webp.webp?fit=1200%2C800&ssl=1&resize=350%2C200 1x, https:\/\/i0.wp.com\/noticiasribeiraopreto.com.br\/wp-content\/uploads\/2025\/07\/Imagem-do-WhatsApp-de-2025-07-12-as-16.19.13_ec8c143b_2025-07-12_19-49-33.webp.webp?fit=1200%2C800&ssl=1&resize=525%2C300 1.5x, https:\/\/i0.wp.com\/noticiasribeiraopreto.com.br\/wp-content\/uploads\/2025\/07\/Imagem-do-WhatsApp-de-2025-07-12-as-16.19.13_ec8c143b_2025-07-12_19-49-33.webp.webp?fit=1200%2C800&ssl=1&resize=700%2C400 2x, https:\/\/i0.wp.com\/noticiasribeiraopreto.com.br\/wp-content\/uploads\/2025\/07\/Imagem-do-WhatsApp-de-2025-07-12-as-16.19.13_ec8c143b_2025-07-12_19-49-33.webp.webp?fit=1200%2C800&ssl=1&resize=1050%2C600 3x"},"classes":[]},{"id":80577,"url":"https:\/\/noticiasribeiraopreto.com.br\/index.php\/2025\/12\/06\/fora-de-casa-comercial-perde-o-primeiro-jogo-treino-para-o-xv-de-jau\/","url_meta":{"origin":81601,"position":3},"title":"Fora de casa, Comercial perde o primeiro jogo-treino para o XV de Ja\u00fa","author":"noticiasribeiraopreto.com.br","date":"6 de December de 2025","format":false,"excerpt":"O Comercial abriu a s\u00e9rie de testes da pr\u00e9-temporada 2026 com derrota por 1 a 0 para o XV de Ja\u00fa, na manh\u00e3 desta sexta-feira (5), no est\u00e1dio Zezinho Magalh\u00e3es, em Ja\u00fa. O Bafo sofreu o gol logo aos 10 minutos do primeiro tempo, quando Gugu apareceu na \u00e1rea e\u2026","rel":"","context":"In &quot;Not\u00edcias de Ribeir\u00e3o Preto-SP e Regi\u00e3o&quot;","block_context":{"text":"Not\u00edcias de Ribeir\u00e3o Preto-SP e Regi\u00e3o","link":"https:\/\/noticiasribeiraopreto.com.br\/index.php\/category\/noticias-de-ribeirao-preto-sp-e-regiao-ismael-colosi\/"},"img":{"alt_text":"","src":"https:\/\/i0.wp.com\/noticiasribeiraopreto.com.br\/wp-content\/uploads\/2025\/12\/IMG_8817_2025-12-05_17-37-21.webp.webp?fit=1200%2C800&ssl=1&resize=350%2C200","width":350,"height":200,"srcset":"https:\/\/i0.wp.com\/noticiasribeiraopreto.com.br\/wp-content\/uploads\/2025\/12\/IMG_8817_2025-12-05_17-37-21.webp.webp?fit=1200%2C800&ssl=1&resize=350%2C200 1x, https:\/\/i0.wp.com\/noticiasribeiraopreto.com.br\/wp-content\/uploads\/2025\/12\/IMG_8817_2025-12-05_17-37-21.webp.webp?fit=1200%2C800&ssl=1&resize=525%2C300 1.5x, https:\/\/i0.wp.com\/noticiasribeiraopreto.com.br\/wp-content\/uploads\/2025\/12\/IMG_8817_2025-12-05_17-37-21.webp.webp?fit=1200%2C800&ssl=1&resize=700%2C400 2x, https:\/\/i0.wp.com\/noticiasribeiraopreto.com.br\/wp-content\/uploads\/2025\/12\/IMG_8817_2025-12-05_17-37-21.webp.webp?fit=1200%2C800&ssl=1&resize=1050%2C600 3x"},"classes":[]},{"id":73937,"url":"https:\/\/noticiasribeiraopreto.com.br\/index.php\/2025\/07\/12\/comercial-perde-para-uniao-sao-joao\/","url_meta":{"origin":81601,"position":4},"title":"Comercial perde para Uni\u00e3o S\u00e3o Jo\u00e3o","author":"noticiasribeiraopreto.com.br","date":"12 de July de 2025","format":false,"excerpt":"Le\u00e3o do Norte perde invencibilidade e lideran\u00e7a 12 de julho de 2025 17:2712 de julho de 2025 17:285 Compartilhar1 Por Hugo Luque O Comercial foi derrotado pelo Uni\u00e3o S\u00e3o Jo\u00e3o por 1 a 0 na tarde deste s\u00e1bado (12), no Palma Travassos, pela quinta rodada da Copa Paulista. O gol\u2026","rel":"","context":"In &quot;Not\u00edcias de Ribeir\u00e3o Preto-SP e Regi\u00e3o&quot;","block_context":{"text":"Not\u00edcias de Ribeir\u00e3o Preto-SP e Regi\u00e3o","link":"https:\/\/noticiasribeiraopreto.com.br\/index.php\/category\/noticias-de-ribeirao-preto-sp-e-regiao-ismael-colosi\/"},"img":{"alt_text":"","src":"https:\/\/i0.wp.com\/noticiasribeiraopreto.com.br\/wp-content\/uploads\/2025\/07\/ba2d6247-eb6e-414d-8780-29596ba06e4b-scaled.jpeg?fit=750%2C500&ssl=1&resize=350%2C200","width":350,"height":200,"srcset":"https:\/\/i0.wp.com\/noticiasribeiraopreto.com.br\/wp-content\/uploads\/2025\/07\/ba2d6247-eb6e-414d-8780-29596ba06e4b-scaled.jpeg?fit=750%2C500&ssl=1&resize=350%2C200 1x, https:\/\/i0.wp.com\/noticiasribeiraopreto.com.br\/wp-content\/uploads\/2025\/07\/ba2d6247-eb6e-414d-8780-29596ba06e4b-scaled.jpeg?fit=750%2C500&ssl=1&resize=525%2C300 1.5x, https:\/\/i0.wp.com\/noticiasribeiraopreto.com.br\/wp-content\/uploads\/2025\/07\/ba2d6247-eb6e-414d-8780-29596ba06e4b-scaled.jpeg?fit=750%2C500&ssl=1&resize=700%2C400 2x"},"classes":[]},{"id":68135,"url":"https:\/\/noticiasribeiraopreto.com.br\/index.php\/2025\/04\/22\/francana-acelera-preparacao-para-copa-paulista-com-jogo-treino-competicao-comeca-em-junho\/","url_meta":{"origin":81601,"position":5},"title":"Francana acelera prepara\u00e7\u00e3o para Copa Paulista com jogo-treino; competi\u00e7\u00e3o come\u00e7a em junho","author":"noticiasribeiraopreto.com.br","date":"22 de April de 2025","format":false,"excerpt":"Copa Paulista est\u00e1 sendo estruturada e vai ser a competi\u00e7\u00e3o da Francana neste segundo semestre. A copa vai contar com 23 clubes participantes, divididos em tr\u00eas grupos com seis equipes, e um grupo com cinco. O torneio tem data marcada para come\u00e7ar no dia 15 de junho e tem final\u2026","rel":"","context":"In &quot;Not\u00edcias de Franca-SP&quot;","block_context":{"text":"Not\u00edcias de Franca-SP","link":"https:\/\/noticiasribeiraopreto.com.br\/index.php\/category\/noticias-de-ribeirao-preto-sp-e-regiao-ismael-colosi\/noticias-franca-sp\/"},"img":{"alt_text":"","src":"https:\/\/i0.wp.com\/noticiasribeiraopreto.com.br\/wp-content\/uploads\/2025\/04\/francana-patrocinense.jpeg?fit=874%2C486&ssl=1&resize=350%2C200","width":350,"height":200,"srcset":"https:\/\/i0.wp.com\/noticiasribeiraopreto.com.br\/wp-content\/uploads\/2025\/04\/francana-patrocinense.jpeg?fit=874%2C486&ssl=1&resize=350%2C200 1x, https:\/\/i0.wp.com\/noticiasribeiraopreto.com.br\/wp-content\/uploads\/2025\/04\/francana-patrocinense.jpeg?fit=874%2C486&ssl=1&resize=525%2C300 1.5x, https:\/\/i0.wp.com\/noticiasribeiraopreto.com.br\/wp-content\/uploads\/2025\/04\/francana-patrocinense.jpeg?fit=874%2C486&ssl=1&resize=700%2C400 2x"},"classes":[]}],"jetpack_sharing_enabled":true,"jetpack_shortlink":"https:\/\/wp.me\/peQAOb-le9","_links":{"self":[{"href":"https:\/\/noticiasribeiraopreto.com.br\/index.php\/wp-json\/wp\/v2\/posts\/81601","targetHints":{"allow":["GET"]}}],"collection":[{"href":"https:\/\/noticiasribeiraopreto.com.br\/index.php\/wp-json\/wp\/v2\/posts"}],"about":[{"href":"https:\/\/noticiasribeiraopreto.com.br\/index.php\/wp-json\/wp\/v2\/types\/post"}],"author":[{"embeddable":true,"href":"https:\/\/noticiasribeiraopreto.com.br\/index.php\/wp-json\/wp\/v2\/users\/1"}],"replies":[{"embeddable":true,"href":"https:\/\/noticiasribeiraopreto.com.br\/index.php\/wp-json\/wp\/v2\/comments?post=81601"}],"version-history":[{"count":0,"href":"https:\/\/noticiasribeiraopreto.com.br\/index.php\/wp-json\/wp\/v2\/posts\/81601\/revisions"}],"wp:featuredmedia":[{"embeddable":true,"href":"https:\/\/noticiasribeiraopreto.com.br\/index.php\/wp-json\/wp\/v2\/media\/81602"}],"wp:attachment":[{"href":"https:\/\/noticiasribeiraopreto.com.br\/index.php\/wp-json\/wp\/v2\/media?parent=81601"}],"wp:term":[{"taxonomy":"category","embeddable":true,"href":"https:\/\/noticiasribeiraopreto.com.br\/index.php\/wp-json\/wp\/v2\/categories?post=81601"},{"taxonomy":"post_tag","embeddable":true,"href":"https:\/\/noticiasribeiraopreto.com.br\/index.php\/wp-json\/wp\/v2\/tags?post=81601"}],"curies":[{"name":"wp","href":"https:\/\/api.w.org\/{rel}","templated":true}]}}