{"id":81603,"date":"2026-01-11T08:10:08","date_gmt":"2026-01-11T11:10:08","guid":{"rendered":"https:\/\/noticiasribeiraopreto.com.br\/index.php\/2026\/01\/11\/motociclista-morre-apos-acidente-em-avenida-de-ribeirao-preto\/"},"modified":"2026-01-11T08:10:08","modified_gmt":"2026-01-11T11:10:08","slug":"motociclista-morre-apos-acidente-em-avenida-de-ribeirao-preto","status":"publish","type":"post","link":"https:\/\/noticiasribeiraopreto.com.br\/index.php\/2026\/01\/11\/motociclista-morre-apos-acidente-em-avenida-de-ribeirao-preto\/","title":{"rendered":"Motociclista morre ap\u00f3s acidente em avenida de Ribeir\u00e3o Preto"},"content":{"rendered":"<div class='code-block code-block-1' style='margin: 8px 0 8px auto; text-align: right; display: block; clear: both;'>\n<p><a href=\"https:\/\/wa.link\/vpicfd\"><img data-recalc-dims=\"1\" class=\"wp-image-4922\" style=\"aspect-ratio: 2.0253164556962027; width: 561px; height: auto;\" src=\"https:\/\/i0.wp.com\/ismaelcolosi.com.br\/wp-content\/uploads\/2023\/11\/grupo-de-empregos-whatsapp-e-facebook-ismael-colosi-vagas.jpg?ssl=1\" alt=\"\" \/><\/a><\/p>\n<!-- \/wp:image -->\n<\/div>\n<p> <br \/>\n<\/p>\n<div data-td-block-uid=\"tdi_95\">\n<div class=\"tdb-block-inner td-fix-index\">\n<p>Um motociclista morreu ap\u00f3s se envolver em um acidente na <strong>avenida \u00c1lvaro de Lima<\/strong>, na <strong>Vila Virg\u00ednia<\/strong>, em <strong>Ribeir\u00e3o Preto<\/strong>. A colis\u00e3o aconteceu no in\u00edcio da tarde deste s\u00e1bado (10). O motociclista teria perdido o controle da dire\u00e7\u00e3o e colidiu no canteiro central.<\/p>\n<p>Agentes da <strong>GCM (Guarda Civil Metropolitana)<\/strong>, que realizavam patrulha pela avenida, se depararam com o acidente e acionaram o <strong>Samu (Servi\u00e7o de Atendimento M\u00f3vel de Urg\u00eancia)<\/strong> e o<strong> Corpo Bombeiros<\/strong>, que constataram o \u00f3bito.<\/p>\n<p>As causas do acidente ser\u00e3o investigadas.<\/p>\n<p>SAIBA MAIS<br \/>Cinema de Ribeir\u00e3o tem sess\u00e3o adaptada de Bob Esponja para p\u00fablico com TEA<\/p>\n<h2 class=\"wp-block-heading\"><strong>FIQUE ON<\/strong><\/h2>\n<p>Fique ligado em tudo que acontece em Ribeir\u00e3o Preto e regi\u00e3o. Siga os perfis do\u00a0<strong>acidade on\u00a0<\/strong>no<a href=\"https:\/\/www.instagram.com\/acidadeonribeirao\" target=\"_blank\" rel=\"noreferrer noopener\">\u00a0Instagram\u00a0<\/a>e no\u00a0<a href=\"https:\/\/www.facebook.com\/acidadeonribeirao\/\" target=\"_blank\" rel=\"noreferrer noopener\">Facebook<\/a>.<\/p>\n<p>Receba not\u00edcias do\u00a0<strong>acidade on\u00a0<\/strong>no WhatsApp. Para entrar no grupo,\u00a0basta<a href=\"https:\/\/chat.whatsapp.com\/GFH9HUMUTHNFJdnyEd0xxq\" target=\"_blank\" rel=\"noreferrer noopener\">\u00a0clicar aqui<\/a>. Ou, acesse o nosso\u00a0Canal\u00a0<a href=\"https:\/\/whatsapp.com\/channel\/0029Vb6IQl1JENyAeS57fk2p\" target=\"_blank\" rel=\"noreferrer noopener\">clicando aqui<\/a>.<\/p>\n<p>Fa\u00e7a uma den\u00fancia ou sugira uma reportagem sobre Ribeir\u00e3o Preto e regi\u00e3o pelo WhatsApp: 16 99117 7802.<\/p>\n<p>VEJA TAMB\u00c9M<br \/>Casas de Vidro esquentam o BBB 26; veja participantes do Sudeste<\/p>\n<p><!-- AI CONTENT END 1 -->\n<\/div>\n<\/div>\n<p><script async src=\"\/\/www.instagram.com\/embed.js\"><\/script><br \/>\n<br \/><br \/>\n<br \/><a href=\"https:\/\/www.acidadeon.com\/ribeiraopreto\/cotidiano\/motociclista-morre-apos-acidente-em-avenida-de-ribeirao-preto\/\">Source link <\/a><\/p>\n<!-- CONTENT END 1 -->\n","protected":false},"excerpt":{"rendered":"<p>Um motociclista morreu ap\u00f3s se envolver em um acidente na avenida \u00c1lvaro de Lima, na Vila Virg\u00ednia, em Ribeir\u00e3o Preto. A colis\u00e3o aconteceu no in\u00edcio&#8230;<\/p>\n","protected":false},"author":1,"featured_media":81604,"comment_status":"open","ping_status":"open","sticky":false,"template":"","format":"standard","meta":{"advanced_seo_description":"","jetpack_seo_html_title":"","jetpack_seo_noindex":false,"jetpack_post_was_ever_published":false,"_jetpack_newsletter_access":"","_jetpack_dont_email_post_to_subs":false,"_jetpack_newsletter_tier_id":0,"_jetpack_memberships_contains_paywalled_content":false,"_jetpack_memberships_contains_paid_content":false,"footnotes":"","jetpack_publicize_message":"","jetpack_publicize_feature_enabled":true,"jetpack_social_post_already_shared":true,"jetpack_social_options":{"image_generator_settings":{"template":"highway","default_image_id":0,"font":"","enabled":false},"version":2}},"categories":[11],"tags":[],"class_list":["post-81603","post","type-post","status-publish","format-standard","has-post-thumbnail","hentry","category-noticias-de-ribeirao-preto-sp-e-regiao-ismael-colosi"],"jetpack_publicize_connections":[],"jetpack_featured_media_url":"https:\/\/i0.wp.com\/noticiasribeiraopreto.com.br\/wp-content\/uploads\/2026\/01\/acidente-alvaro-de-lima_2026-01-10_18-12-44.webp.webp?fit=1200%2C847&ssl=1","jetpack-related-posts":[{"id":51431,"url":"https:\/\/noticiasribeiraopreto.com.br\/index.php\/2024\/05\/26\/motociclista-morre-apos-acidente-em-cruzamento-de-avenida-em-ribeirao-preto\/","url_meta":{"origin":81603,"position":0},"title":"Motociclista morre ap\u00f3s acidente em cruzamento de avenida em Ribeir\u00e3o Preto","author":"noticiasribeiraopreto.com.br","date":"26 de May de 2024","format":false,"excerpt":"Um motociclista morreu, ap\u00f3s se envolver em um acidente com um carro, na tarde deste domingo (26), no cruzamento da avenida Dom Pedro I com a rua Par\u00e1, no bairro Ipiranga, na zona Norte de Ribeir\u00e3o Preto. Ainda n\u00e3o h\u00e1 informa\u00e7\u00f5es detalhadas sobre a v\u00edtima e as causas do acidente.\u2026","rel":"","context":"In &quot;Not\u00edcias de Ribeir\u00e3o Preto-SP e Regi\u00e3o&quot;","block_context":{"text":"Not\u00edcias de Ribeir\u00e3o Preto-SP e Regi\u00e3o","link":"https:\/\/noticiasribeiraopreto.com.br\/index.php\/category\/noticias-de-ribeirao-preto-sp-e-regiao-ismael-colosi\/"},"img":{"alt_text":"","src":"https:\/\/i0.wp.com\/noticiasribeiraopreto.com.br\/wp-content\/uploads\/2024\/05\/Copia-de-Copia-de-TAMANHO-EXATO-PARA-FOTOS-NO-SISTEMA-NOVO-2_2024-05-26_18-36-18_png_2024-05-26_18-36-18.webp.webp?fit=1200%2C675&ssl=1&resize=350%2C200","width":350,"height":200,"srcset":"https:\/\/i0.wp.com\/noticiasribeiraopreto.com.br\/wp-content\/uploads\/2024\/05\/Copia-de-Copia-de-TAMANHO-EXATO-PARA-FOTOS-NO-SISTEMA-NOVO-2_2024-05-26_18-36-18_png_2024-05-26_18-36-18.webp.webp?fit=1200%2C675&ssl=1&resize=350%2C200 1x, https:\/\/i0.wp.com\/noticiasribeiraopreto.com.br\/wp-content\/uploads\/2024\/05\/Copia-de-Copia-de-TAMANHO-EXATO-PARA-FOTOS-NO-SISTEMA-NOVO-2_2024-05-26_18-36-18_png_2024-05-26_18-36-18.webp.webp?fit=1200%2C675&ssl=1&resize=525%2C300 1.5x, https:\/\/i0.wp.com\/noticiasribeiraopreto.com.br\/wp-content\/uploads\/2024\/05\/Copia-de-Copia-de-TAMANHO-EXATO-PARA-FOTOS-NO-SISTEMA-NOVO-2_2024-05-26_18-36-18_png_2024-05-26_18-36-18.webp.webp?fit=1200%2C675&ssl=1&resize=700%2C400 2x, https:\/\/i0.wp.com\/noticiasribeiraopreto.com.br\/wp-content\/uploads\/2024\/05\/Copia-de-Copia-de-TAMANHO-EXATO-PARA-FOTOS-NO-SISTEMA-NOVO-2_2024-05-26_18-36-18_png_2024-05-26_18-36-18.webp.webp?fit=1200%2C675&ssl=1&resize=1050%2C600 3x"},"classes":[]},{"id":66793,"url":"https:\/\/noticiasribeiraopreto.com.br\/index.php\/2025\/04\/05\/motociclista-fica-ferido-apos-acidente-em-cruzamento-de-ribeirao-veja-video\/","url_meta":{"origin":81603,"position":1},"title":"Motociclista fica ferido ap\u00f3s acidente em cruzamento de Ribeir\u00e3o; Veja v\u00eddeo","author":"noticiasribeiraopreto.com.br","date":"5 de April de 2025","format":false,"excerpt":"Um motociclista ficou ferido ap\u00f3s se envolver em um acidente de tr\u00e2nsito no cruzamento da avenida Rene Oliva Strang, com a rua Diog\u00eanes Petean, no Jardim Paulo Gomes, zona Oeste de Ribeir\u00e3o Preto, na noite desta sexta-feira (4). Uma c\u00e2mera de seguran\u00e7a flagrou o ocorrido (veja abaixo). Nas imagens \u00e9\u2026","rel":"","context":"In &quot;Not\u00edcias de Ribeir\u00e3o Preto-SP e Regi\u00e3o&quot;","block_context":{"text":"Not\u00edcias de Ribeir\u00e3o Preto-SP e Regi\u00e3o","link":"https:\/\/noticiasribeiraopreto.com.br\/index.php\/category\/noticias-de-ribeirao-preto-sp-e-regiao-ismael-colosi\/"},"img":{"alt_text":"","src":"https:\/\/i0.wp.com\/noticiasribeiraopreto.com.br\/wp-content\/uploads\/2025\/04\/Copia-de-Copia-de-Copia-de-TAMANHO-EXATO-PARA-FOTOS-NO-SISTEMA-NOVO-2025-04-05T122247.389_2025-04-05_15-23-26_png_2025-04-05_15-23-26.webp.webp?fit=1200%2C675&ssl=1&resize=350%2C200","width":350,"height":200,"srcset":"https:\/\/i0.wp.com\/noticiasribeiraopreto.com.br\/wp-content\/uploads\/2025\/04\/Copia-de-Copia-de-Copia-de-TAMANHO-EXATO-PARA-FOTOS-NO-SISTEMA-NOVO-2025-04-05T122247.389_2025-04-05_15-23-26_png_2025-04-05_15-23-26.webp.webp?fit=1200%2C675&ssl=1&resize=350%2C200 1x, https:\/\/i0.wp.com\/noticiasribeiraopreto.com.br\/wp-content\/uploads\/2025\/04\/Copia-de-Copia-de-Copia-de-TAMANHO-EXATO-PARA-FOTOS-NO-SISTEMA-NOVO-2025-04-05T122247.389_2025-04-05_15-23-26_png_2025-04-05_15-23-26.webp.webp?fit=1200%2C675&ssl=1&resize=525%2C300 1.5x, https:\/\/i0.wp.com\/noticiasribeiraopreto.com.br\/wp-content\/uploads\/2025\/04\/Copia-de-Copia-de-Copia-de-TAMANHO-EXATO-PARA-FOTOS-NO-SISTEMA-NOVO-2025-04-05T122247.389_2025-04-05_15-23-26_png_2025-04-05_15-23-26.webp.webp?fit=1200%2C675&ssl=1&resize=700%2C400 2x, https:\/\/i0.wp.com\/noticiasribeiraopreto.com.br\/wp-content\/uploads\/2025\/04\/Copia-de-Copia-de-Copia-de-TAMANHO-EXATO-PARA-FOTOS-NO-SISTEMA-NOVO-2025-04-05T122247.389_2025-04-05_15-23-26_png_2025-04-05_15-23-26.webp.webp?fit=1200%2C675&ssl=1&resize=1050%2C600 3x"},"classes":[]},{"id":63852,"url":"https:\/\/noticiasribeiraopreto.com.br\/index.php\/2025\/02\/24\/motociclista-morre-em-acidente-na-avenida-francisco-junqueira-em-ribeirao-preto\/","url_meta":{"origin":81603,"position":2},"title":"Motociclista morre em acidente na avenida Francisco Junqueira em Ribeir\u00e3o Preto","author":"noticiasribeiraopreto.com.br","date":"24 de February de 2025","format":false,"excerpt":"Um motociclista de aproximadamente 30 anos morreu na manh\u00e3 desta segunda-feira (24) em um acidente entre moto e caminh\u00e3o, na avenida Francisco Junqueira, em Ribeir\u00e3o Preto. Segundo a RP Mobi, o cruzamento das avenidas Francisco Junqueira e Ant\u00f4nio Diederichsen, na pista Centro-bairro, est\u00e1 totalmente interditado. O trecho \u00e9 na altura\u2026","rel":"","context":"In &quot;Not\u00edcias de Ribeir\u00e3o Preto-SP e Regi\u00e3o&quot;","block_context":{"text":"Not\u00edcias de Ribeir\u00e3o Preto-SP e Regi\u00e3o","link":"https:\/\/noticiasribeiraopreto.com.br\/index.php\/category\/noticias-de-ribeirao-preto-sp-e-regiao-ismael-colosi\/"},"img":{"alt_text":"","src":"https:\/\/i0.wp.com\/noticiasribeiraopreto.com.br\/wp-content\/uploads\/2025\/02\/ACIDENTE-_2025-02-24_12-23-57_jpg_2025-02-24_12-23-57.webp.webp?fit=1200%2C671&ssl=1&resize=350%2C200","width":350,"height":200,"srcset":"https:\/\/i0.wp.com\/noticiasribeiraopreto.com.br\/wp-content\/uploads\/2025\/02\/ACIDENTE-_2025-02-24_12-23-57_jpg_2025-02-24_12-23-57.webp.webp?fit=1200%2C671&ssl=1&resize=350%2C200 1x, https:\/\/i0.wp.com\/noticiasribeiraopreto.com.br\/wp-content\/uploads\/2025\/02\/ACIDENTE-_2025-02-24_12-23-57_jpg_2025-02-24_12-23-57.webp.webp?fit=1200%2C671&ssl=1&resize=525%2C300 1.5x, https:\/\/i0.wp.com\/noticiasribeiraopreto.com.br\/wp-content\/uploads\/2025\/02\/ACIDENTE-_2025-02-24_12-23-57_jpg_2025-02-24_12-23-57.webp.webp?fit=1200%2C671&ssl=1&resize=700%2C400 2x, https:\/\/i0.wp.com\/noticiasribeiraopreto.com.br\/wp-content\/uploads\/2025\/02\/ACIDENTE-_2025-02-24_12-23-57_jpg_2025-02-24_12-23-57.webp.webp?fit=1200%2C671&ssl=1&resize=1050%2C600 3x"},"classes":[]},{"id":80261,"url":"https:\/\/noticiasribeiraopreto.com.br\/index.php\/2025\/11\/18\/motociclista-morre-apos-se-envolver-em-acidente-com-carro-em-ribeirao-preto\/","url_meta":{"origin":81603,"position":3},"title":"Motociclista morre ap\u00f3s se envolver em acidente com carro em Ribeir\u00e3o Preto","author":"noticiasribeiraopreto.com.br","date":"18 de November de 2025","format":false,"excerpt":"Um motociclista morreu ap\u00f3s se envolver em um acidente na avenida Thomaz Alberto Whately, em Ribeir\u00e3o Preto, nesta ter\u00e7a-feira (18). O acidente, que tamb\u00e9m envolveu um carro, aconteceu pr\u00f3ximo do aeroporto Leite Lopes e a avenida precisou ser bloqueada. Uma pessoa estava na garupa da moto precisou ser socorrida ao\u2026","rel":"","context":"In &quot;Not\u00edcias de Ribeir\u00e3o Preto-SP e Regi\u00e3o&quot;","block_context":{"text":"Not\u00edcias de Ribeir\u00e3o Preto-SP e Regi\u00e3o","link":"https:\/\/noticiasribeiraopreto.com.br\/index.php\/category\/noticias-de-ribeirao-preto-sp-e-regiao-ismael-colosi\/"},"img":{"alt_text":"","src":"https:\/\/i0.wp.com\/noticiasribeiraopreto.com.br\/wp-content\/uploads\/2025\/11\/acidente-moto-ribeirao-preto_2025-11-18_16-34-58.webp.webp?fit=1200%2C840&ssl=1&resize=350%2C200","width":350,"height":200,"srcset":"https:\/\/i0.wp.com\/noticiasribeiraopreto.com.br\/wp-content\/uploads\/2025\/11\/acidente-moto-ribeirao-preto_2025-11-18_16-34-58.webp.webp?fit=1200%2C840&ssl=1&resize=350%2C200 1x, https:\/\/i0.wp.com\/noticiasribeiraopreto.com.br\/wp-content\/uploads\/2025\/11\/acidente-moto-ribeirao-preto_2025-11-18_16-34-58.webp.webp?fit=1200%2C840&ssl=1&resize=525%2C300 1.5x, https:\/\/i0.wp.com\/noticiasribeiraopreto.com.br\/wp-content\/uploads\/2025\/11\/acidente-moto-ribeirao-preto_2025-11-18_16-34-58.webp.webp?fit=1200%2C840&ssl=1&resize=700%2C400 2x, https:\/\/i0.wp.com\/noticiasribeiraopreto.com.br\/wp-content\/uploads\/2025\/11\/acidente-moto-ribeirao-preto_2025-11-18_16-34-58.webp.webp?fit=1200%2C840&ssl=1&resize=1050%2C600 3x"},"classes":[]},{"id":62816,"url":"https:\/\/noticiasribeiraopreto.com.br\/index.php\/2025\/01\/24\/identificado-motociclista-morto-em-acidente-na-avenida-brasil-em-ribeirao\/","url_meta":{"origin":81603,"position":4},"title":"Identificado motociclista morto em acidente na avenida Brasil em Ribeir\u00e3o","author":"noticiasribeiraopreto.com.br","date":"24 de January de 2025","format":false,"excerpt":"O motociclista que morreu em um acidente na manh\u00e3 desta sexta-feira (24), em Ribeir\u00e3o Preto, foi identificado. De acordo com o boletim de ocorr\u00eancia, Gabriel Lino Mariano, de 24 anos, n\u00e3o resistiu e faleceu ainda no local, na avenida Brasil, depois da tentativa de reanima\u00e7\u00e3o prestada por socorristas do Corpo\u2026","rel":"","context":"In &quot;Not\u00edcias de Ribeir\u00e3o Preto-SP e Regi\u00e3o&quot;","block_context":{"text":"Not\u00edcias de Ribeir\u00e3o Preto-SP e Regi\u00e3o","link":"https:\/\/noticiasribeiraopreto.com.br\/index.php\/category\/noticias-de-ribeirao-preto-sp-e-regiao-ismael-colosi\/"},"img":{"alt_text":"","src":"https:\/\/i0.wp.com\/noticiasribeiraopreto.com.br\/wp-content\/uploads\/2025\/01\/ACIDENTE_2025-01-24_16-02-15_jpg_2025-01-24_16-02-15.webp.webp?fit=1200%2C667&ssl=1&resize=350%2C200","width":350,"height":200,"srcset":"https:\/\/i0.wp.com\/noticiasribeiraopreto.com.br\/wp-content\/uploads\/2025\/01\/ACIDENTE_2025-01-24_16-02-15_jpg_2025-01-24_16-02-15.webp.webp?fit=1200%2C667&ssl=1&resize=350%2C200 1x, https:\/\/i0.wp.com\/noticiasribeiraopreto.com.br\/wp-content\/uploads\/2025\/01\/ACIDENTE_2025-01-24_16-02-15_jpg_2025-01-24_16-02-15.webp.webp?fit=1200%2C667&ssl=1&resize=525%2C300 1.5x, https:\/\/i0.wp.com\/noticiasribeiraopreto.com.br\/wp-content\/uploads\/2025\/01\/ACIDENTE_2025-01-24_16-02-15_jpg_2025-01-24_16-02-15.webp.webp?fit=1200%2C667&ssl=1&resize=700%2C400 2x, https:\/\/i0.wp.com\/noticiasribeiraopreto.com.br\/wp-content\/uploads\/2025\/01\/ACIDENTE_2025-01-24_16-02-15_jpg_2025-01-24_16-02-15.webp.webp?fit=1200%2C667&ssl=1&resize=1050%2C600 3x"},"classes":[]},{"id":63861,"url":"https:\/\/noticiasribeiraopreto.com.br\/index.php\/2025\/02\/24\/identificado-motociclista-morto-em-acidente-na-francisco-junqueira-em-ribeirao-preto\/","url_meta":{"origin":81603,"position":5},"title":"Identificado motociclista morto em acidente na Francisco Junqueira em Ribeir\u00e3o Preto","author":"noticiasribeiraopreto.com.br","date":"24 de February de 2025","format":false,"excerpt":"O motociclista morto em um acidente entre moto e caminh\u00e3o, na manh\u00e3 desta segunda-feira (24), na avenida Francisco Junqueira, em Ribeir\u00e3o Preto, foi identificado como Paulo Donizete Donadeli, de 61 anos. O acidente ocorreu na liga\u00e7\u00e3o das\u00a0avenidas Francisco Junqueira e Ant\u00f4nio Diederichsen, na pista Centro-bairro, altura do\u00a0Viaduto Profissionais da Sa\u00fade.\u2026","rel":"","context":"In &quot;Not\u00edcias de Ribeir\u00e3o Preto-SP e Regi\u00e3o&quot;","block_context":{"text":"Not\u00edcias de Ribeir\u00e3o Preto-SP e Regi\u00e3o","link":"https:\/\/noticiasribeiraopreto.com.br\/index.php\/category\/noticias-de-ribeirao-preto-sp-e-regiao-ismael-colosi\/"},"img":{"alt_text":"","src":"https:\/\/i0.wp.com\/noticiasribeiraopreto.com.br\/wp-content\/uploads\/2025\/02\/MOTOCICLISTA_2025-02-24_15-01-50_jpg_2025-02-24_15-01-51.webp.webp?fit=1200%2C848&ssl=1&resize=350%2C200","width":350,"height":200,"srcset":"https:\/\/i0.wp.com\/noticiasribeiraopreto.com.br\/wp-content\/uploads\/2025\/02\/MOTOCICLISTA_2025-02-24_15-01-50_jpg_2025-02-24_15-01-51.webp.webp?fit=1200%2C848&ssl=1&resize=350%2C200 1x, https:\/\/i0.wp.com\/noticiasribeiraopreto.com.br\/wp-content\/uploads\/2025\/02\/MOTOCICLISTA_2025-02-24_15-01-50_jpg_2025-02-24_15-01-51.webp.webp?fit=1200%2C848&ssl=1&resize=525%2C300 1.5x, https:\/\/i0.wp.com\/noticiasribeiraopreto.com.br\/wp-content\/uploads\/2025\/02\/MOTOCICLISTA_2025-02-24_15-01-50_jpg_2025-02-24_15-01-51.webp.webp?fit=1200%2C848&ssl=1&resize=700%2C400 2x, https:\/\/i0.wp.com\/noticiasribeiraopreto.com.br\/wp-content\/uploads\/2025\/02\/MOTOCICLISTA_2025-02-24_15-01-50_jpg_2025-02-24_15-01-51.webp.webp?fit=1200%2C848&ssl=1&resize=1050%2C600 3x"},"classes":[]}],"jetpack_sharing_enabled":true,"jetpack_shortlink":"https:\/\/wp.me\/peQAOb-leb","_links":{"self":[{"href":"https:\/\/noticiasribeiraopreto.com.br\/index.php\/wp-json\/wp\/v2\/posts\/81603","targetHints":{"allow":["GET"]}}],"collection":[{"href":"https:\/\/noticiasribeiraopreto.com.br\/index.php\/wp-json\/wp\/v2\/posts"}],"about":[{"href":"https:\/\/noticiasribeiraopreto.com.br\/index.php\/wp-json\/wp\/v2\/types\/post"}],"author":[{"embeddable":true,"href":"https:\/\/noticiasribeiraopreto.com.br\/index.php\/wp-json\/wp\/v2\/users\/1"}],"replies":[{"embeddable":true,"href":"https:\/\/noticiasribeiraopreto.com.br\/index.php\/wp-json\/wp\/v2\/comments?post=81603"}],"version-history":[{"count":0,"href":"https:\/\/noticiasribeiraopreto.com.br\/index.php\/wp-json\/wp\/v2\/posts\/81603\/revisions"}],"wp:featuredmedia":[{"embeddable":true,"href":"https:\/\/noticiasribeiraopreto.com.br\/index.php\/wp-json\/wp\/v2\/media\/81604"}],"wp:attachment":[{"href":"https:\/\/noticiasribeiraopreto.com.br\/index.php\/wp-json\/wp\/v2\/media?parent=81603"}],"wp:term":[{"taxonomy":"category","embeddable":true,"href":"https:\/\/noticiasribeiraopreto.com.br\/index.php\/wp-json\/wp\/v2\/categories?post=81603"},{"taxonomy":"post_tag","embeddable":true,"href":"https:\/\/noticiasribeiraopreto.com.br\/index.php\/wp-json\/wp\/v2\/tags?post=81603"}],"curies":[{"name":"wp","href":"https:\/\/api.w.org\/{rel}","templated":true}]}}