{"id":81606,"date":"2026-01-11T08:28:02","date_gmt":"2026-01-11T11:28:02","guid":{"rendered":"https:\/\/noticiasribeiraopreto.com.br\/index.php\/2026\/01\/11\/morre-isabel-veloso-influenciadora-que-compartilhava-rotina-contra-cancer-terminal\/"},"modified":"2026-01-11T08:28:02","modified_gmt":"2026-01-11T11:28:02","slug":"morre-isabel-veloso-influenciadora-que-compartilhava-rotina-contra-cancer-terminal","status":"publish","type":"post","link":"https:\/\/noticiasribeiraopreto.com.br\/index.php\/2026\/01\/11\/morre-isabel-veloso-influenciadora-que-compartilhava-rotina-contra-cancer-terminal\/","title":{"rendered":"Morre Isabel Veloso, influenciadora que compartilhava rotina contra c\u00e2ncer terminal"},"content":{"rendered":"<div class='code-block code-block-1' style='margin: 8px 0 8px auto; text-align: right; display: block; clear: both;'>\n<p><a href=\"https:\/\/wa.link\/vpicfd\"><img data-recalc-dims=\"1\" class=\"wp-image-4922\" style=\"aspect-ratio: 2.0253164556962027; width: 561px; height: auto;\" src=\"https:\/\/i0.wp.com\/ismaelcolosi.com.br\/wp-content\/uploads\/2023\/11\/grupo-de-empregos-whatsapp-e-facebook-ismael-colosi-vagas.jpg?ssl=1\" alt=\"\" \/><\/a><\/p>\n<!-- \/wp:image -->\n<\/div>\n<p> <br \/>\n<\/p>\n<div>\n<p><strong>Isabel Veloso<\/strong>, influenciadora que compartilhava sua rotina de tratamento contra um c\u00e2ncer terminal, morreu neste s\u00e1bado (10), aos 19 anos. A informa\u00e7\u00e3o foi confirmada pelo marido de Isabel, <strong>Lucas Borbas<\/strong>, por meio de uma publica\u00e7\u00e3o no Instagram. Ela foi diagnosticada com <strong>linfoma de Hodgkin<\/strong> em 2021.<\/p>\n<p>Isabel estava internada desde novembro e chegou a ser extubada em dezembro. \u00c0 \u00e9poca do in\u00edcio da interna\u00e7\u00e3o, os exames da influenciadora apontaram um excesso de magn\u00e9sio no sangue. Poucos dias depois, ela foi diagnosticada com um quadro grave de pneumonia.<\/p>\n<p>O linfoma de Hodgkin \u00e9 um tipo c\u00e2ncer agressivo que se origina no sistema linf\u00e1tico. A influenciadora passou por tratamento paliativo por anos. Em maio de 2025, ela revelou que a doen\u00e7a estava em remiss\u00e3o, contrariando o progn\u00f3stico de muitos m\u00e9dicos e, em outubro, passou por um transplante de medula. Tanto seu o pai quanto sua m\u00e3e e a irm\u00e3 eram potenciais doadores, com 50% de compatibilidade da medula, mas a equipe m\u00e9dica optou pela doa\u00e7\u00e3o do pai.<\/p>\n<p>\u00c0 \u00e9poca do in\u00edcio da interna\u00e7\u00e3o em novembro, o marido pediu ora\u00e7\u00f5es pela influencer e disse que Isabel chegou a parar de respirar e de ter satura\u00e7\u00e3o. Ela chegou a receber alta da UTI, mas precisou retornar \u00e0 Unidade de Tratamento Intensivo ap\u00f3s piora.<\/p>\n<h2 class=\"wp-block-heading\"><strong>Lucas Borbas presta homenagem<\/strong><\/h2>\n<p>No texto publicado no Instagram, Lucas disse que sua dor \u201c\u00e9 grande demais para caber em palavras\u201d. \u201cA Isabel partiu, e com ela vai uma parte de mim. Mas o amor\u2026 O amor n\u00e3o morre\u201d, escreveu.<\/p>\n<p>O marido afirmou que a influenciadora \u201cviveu intensamente, amou profundamente, lutou at\u00e9 onde era humanamente poss\u00edvel \u2013 e at\u00e9 al\u00e9m\u201d. Ele tamb\u00e9m falou sobre o filho que teve com Isabel, Arthur, de um ano.<\/p>\n<p>\u201cConstru\u00edmos uma fam\u00edlia, um amor que n\u00e3o depende do tempo nem da presen\u00e7a f\u00edsica para existir. Ela vive em mim, vive no nosso filho, vive em cada pessoa que foi tocada pela for\u00e7a dela\u201d, disse.<\/p>\n<p>\u201cHoje d\u00f3i respirar. Hoje d\u00f3i existir. Mas, mesmo na dor, eu agrade\u00e7o a Deus por ter me permitido amar e ser amado por algu\u00e9m como a Isabel\u201d, prosseguiu. \u201cDescanse, meu amor. Aqui, eu sigo \u2013 por n\u00f3s, por voc\u00ea, por tudo o que fomos e sempre seremos\u201d (com informa\u00e7\u00f5es com informa\u00e7\u00f5es <strong>Sabrina Legramandi\/Estad\u00e3o Conte\u00fado<\/strong>).<\/p>\n<blockquote class=\"instagram-media\" data-instgrm-permalink=\"https:\/\/www.instagram.com\/p\/DTVXM97Da8U\/?utm_source=ig_embed&amp;utm_campaign=loading\" data-instgrm-version=\"14\" style=\" background:#FFF; border:0; border-radius:3px; box-shadow:0 0 1px 0 rgba(0,0,0,0.5),0 1px 10px 0 rgba(0,0,0,0.15); margin: 1px; max-width:540px; min-width:326px; padding:0; width:99.375%; width:-webkit-calc(100% - 2px); width:calc(100% - 2px);\"\/>\n<p><!-- AI CONTENT END 1 -->\n<\/div>\n<p><script async src=\"\/\/www.instagram.com\/embed.js\"><\/script><br \/>\n<br \/><br \/>\n<br \/><a href=\"https:\/\/www.acidadeon.com\/ribeiraopreto\/cotidiano\/morre-isabel-veloso-influenciadora-que-compartilhava-rotina-contra-cancer-terminal\/\">Source link <\/a><\/p>\n<!-- CONTENT END 1 -->\n","protected":false},"excerpt":{"rendered":"<p>Isabel Veloso, influenciadora que compartilhava sua rotina de tratamento contra um c\u00e2ncer terminal, morreu neste s\u00e1bado (10), aos 19 anos. A informa\u00e7\u00e3o foi confirmada pelo&#8230;<\/p>\n","protected":false},"author":1,"featured_media":81607,"comment_status":"open","ping_status":"open","sticky":false,"template":"","format":"standard","meta":{"advanced_seo_description":"","jetpack_seo_html_title":"","jetpack_seo_noindex":false,"jetpack_post_was_ever_published":false,"_jetpack_newsletter_access":"","_jetpack_dont_email_post_to_subs":false,"_jetpack_newsletter_tier_id":0,"_jetpack_memberships_contains_paywalled_content":false,"_jetpack_memberships_contains_paid_content":false,"footnotes":"","jetpack_publicize_message":"","jetpack_publicize_feature_enabled":true,"jetpack_social_post_already_shared":true,"jetpack_social_options":{"image_generator_settings":{"template":"highway","default_image_id":0,"font":"","enabled":false},"version":2}},"categories":[11],"tags":[],"class_list":["post-81606","post","type-post","status-publish","format-standard","has-post-thumbnail","hentry","category-noticias-de-ribeirao-preto-sp-e-regiao-ismael-colosi"],"jetpack_publicize_connections":[],"jetpack_featured_media_url":"https:\/\/i0.wp.com\/noticiasribeiraopreto.com.br\/wp-content\/uploads\/2026\/01\/isabel-veloso_2026-01-10_16-01-56-e1768060942139.webp.webp?fit=1080%2C826&ssl=1","jetpack-related-posts":[{"id":46418,"url":"https:\/\/noticiasribeiraopreto.com.br\/index.php\/2024\/04\/11\/saiba-qual-e-o-cancer-terminal-enfrentado-por-jovem-que-vai-se-casar\/","url_meta":{"origin":81606,"position":0},"title":"Saiba qual \u00e9 o c\u00e2ncer terminal enfrentado por jovem que vai se casar","author":"noticiasribeiraopreto.com.br","date":"11 de April de 2024","format":false,"excerpt":"A jovem Isabel Veloso, de 17 anos, emocionou milh\u00f5es de seguidores nas redes sociais ap\u00f3s revelar que em podcasts que enfrenta um c\u00e2ncer terminal. Ela vai se casar no pr\u00f3ximo s\u00e1bado (13), com o namorado Lucas Borbas, um sonho que pretende realizar. Isabel Veloso foi diagnosticada com linfoma de Hodgkin\u2026","rel":"","context":"In &quot;Not\u00edcias de Ribeir\u00e3o Preto-SP e Regi\u00e3o&quot;","block_context":{"text":"Not\u00edcias de Ribeir\u00e3o Preto-SP e Regi\u00e3o","link":"https:\/\/noticiasribeiraopreto.com.br\/index.php\/category\/noticias-de-ribeirao-preto-sp-e-regiao-ismael-colosi\/"},"img":{"alt_text":"","src":"https:\/\/i0.wp.com\/noticiasribeiraopreto.com.br\/wp-content\/uploads\/2024\/04\/AnyConv.com__isabel-veloso.webp.webp?fit=1080%2C865&ssl=1&resize=350%2C200","width":350,"height":200,"srcset":"https:\/\/i0.wp.com\/noticiasribeiraopreto.com.br\/wp-content\/uploads\/2024\/04\/AnyConv.com__isabel-veloso.webp.webp?fit=1080%2C865&ssl=1&resize=350%2C200 1x, https:\/\/i0.wp.com\/noticiasribeiraopreto.com.br\/wp-content\/uploads\/2024\/04\/AnyConv.com__isabel-veloso.webp.webp?fit=1080%2C865&ssl=1&resize=525%2C300 1.5x, https:\/\/i0.wp.com\/noticiasribeiraopreto.com.br\/wp-content\/uploads\/2024\/04\/AnyConv.com__isabel-veloso.webp.webp?fit=1080%2C865&ssl=1&resize=700%2C400 2x, https:\/\/i0.wp.com\/noticiasribeiraopreto.com.br\/wp-content\/uploads\/2024\/04\/AnyConv.com__isabel-veloso.webp.webp?fit=1080%2C865&ssl=1&resize=1050%2C600 3x"},"classes":[]},{"id":47921,"url":"https:\/\/noticiasribeiraopreto.com.br\/index.php\/2024\/04\/29\/ex-jogadora-do-corinthians-e-diagnosticada-com-linfoma-de-hodgkin\/","url_meta":{"origin":81606,"position":1},"title":"Ex-jogadora do Corinthians \u00e9 diagnosticada com Linfoma de Hodgkin","author":"noticiasribeiraopreto.com.br","date":"29 de April de 2024","format":false,"excerpt":"A meio-campista da sele\u00e7\u00e3o brasileira feminina de futebol, Luana Bertolucci, ex-jogadora do Corinthians, revelou nesta segunda-feira (29) que foi diagnosticada com Linfoma de Hodgkin, um tipo de c\u00e2ncer que ser origina no sistema linf\u00e1tico. Em comunicado em rede social, a jogadora de 30 anos disse que recebeu o diagn\u00f3stico ap\u00f3s\u2026","rel":"","context":"In &quot;Not\u00edcias de Ribeir\u00e3o Preto-SP e Regi\u00e3o&quot;","block_context":{"text":"Not\u00edcias de Ribeir\u00e3o Preto-SP e Regi\u00e3o","link":"https:\/\/noticiasribeiraopreto.com.br\/index.php\/category\/noticias-de-ribeirao-preto-sp-e-regiao-ismael-colosi\/"},"img":{"alt_text":"","src":"https:\/\/i0.wp.com\/noticiasribeiraopreto.com.br\/wp-content\/uploads\/2024\/04\/luana_2024-04-29_17-56-21_jpg.webp.webp?fit=941%2C627&ssl=1&resize=350%2C200","width":350,"height":200,"srcset":"https:\/\/i0.wp.com\/noticiasribeiraopreto.com.br\/wp-content\/uploads\/2024\/04\/luana_2024-04-29_17-56-21_jpg.webp.webp?fit=941%2C627&ssl=1&resize=350%2C200 1x, https:\/\/i0.wp.com\/noticiasribeiraopreto.com.br\/wp-content\/uploads\/2024\/04\/luana_2024-04-29_17-56-21_jpg.webp.webp?fit=941%2C627&ssl=1&resize=525%2C300 1.5x, https:\/\/i0.wp.com\/noticiasribeiraopreto.com.br\/wp-content\/uploads\/2024\/04\/luana_2024-04-29_17-56-21_jpg.webp.webp?fit=941%2C627&ssl=1&resize=700%2C400 2x"},"classes":[]},{"id":42017,"url":"https:\/\/noticiasribeiraopreto.com.br\/index.php\/2024\/03\/12\/usp-inicia-teste-contra-o-cancer\/","url_meta":{"origin":81606,"position":2},"title":"USP inicia teste contra o c\u00e2ncer\u00a0","author":"noticiasribeiraopreto.com.br","date":"12 de March de 2024","format":false,"excerpt":"12 de mar\u00e7o de 2024 | 15:0012 de mar\u00e7o de 2024 | 9:27 0Com informa\u00e7\u00f5es de Carlos Fioravanti \u00a0(Revista Fapesp)\u00a0\u00a0Come\u00e7a na pr\u00f3xima sexta-feira, 15 de mar\u00e7o, o estudo cl\u00ednico com o uso de terapia CAR-T conduzido pelo Hemocentro de Ribeir\u00e3o Preto, em parceria com o Hospital das Cl\u00ednicas da Faculdade\u2026","rel":"","context":"In &quot;Not\u00edcias de Ribeir\u00e3o Preto-SP e Regi\u00e3o&quot;","block_context":{"text":"Not\u00edcias de Ribeir\u00e3o Preto-SP e Regi\u00e3o","link":"https:\/\/noticiasribeiraopreto.com.br\/index.php\/category\/noticias-de-ribeirao-preto-sp-e-regiao-ismael-colosi\/"},"img":{"alt_text":"","src":"https:\/\/i0.wp.com\/noticiasribeiraopreto.com.br\/wp-content\/uploads\/2024\/03\/Linfoma-Nut-Guilherme-Sircili-scaled.jpg?fit=1000%2C585&ssl=1&resize=350%2C200","width":350,"height":200,"srcset":"https:\/\/i0.wp.com\/noticiasribeiraopreto.com.br\/wp-content\/uploads\/2024\/03\/Linfoma-Nut-Guilherme-Sircili-scaled.jpg?fit=1000%2C585&ssl=1&resize=350%2C200 1x, https:\/\/i0.wp.com\/noticiasribeiraopreto.com.br\/wp-content\/uploads\/2024\/03\/Linfoma-Nut-Guilherme-Sircili-scaled.jpg?fit=1000%2C585&ssl=1&resize=525%2C300 1.5x, https:\/\/i0.wp.com\/noticiasribeiraopreto.com.br\/wp-content\/uploads\/2024\/03\/Linfoma-Nut-Guilherme-Sircili-scaled.jpg?fit=1000%2C585&ssl=1&resize=700%2C400 2x"},"classes":[]},{"id":59688,"url":"https:\/\/noticiasribeiraopreto.com.br\/index.php\/2024\/10\/28\/linfoma-nao-hodgkin-entenda-o-cancer-de-eduardo-suplicy\/","url_meta":{"origin":81606,"position":3},"title":"Linfoma n\u00e3o-Hodgkin: entenda o c\u00e2ncer de Eduardo Suplicy","author":"noticiasribeiraopreto.com.br","date":"28 de October de 2024","format":false,"excerpt":"Nesta segunda-feira (28), o deputado Eduardo Suplicy (PT) anunciou que est\u00e1 com linfoma n\u00e3o-Hodgkin. Em comunicado publicado nas redes sociais, Suplicy confirmou que recebeu o diagn\u00f3stico em julho e que est\u00e1 realizando tratamento imunoquimioter\u00e1pico para a doen\u00e7a. O que \u00e9 Linfoma n\u00e3o-Hodgkin? De acordo com o Instituto Nacional do C\u00e2ncer\u2026","rel":"","context":"In &quot;Not\u00edcias de Ribeir\u00e3o Preto-SP e Regi\u00e3o&quot;","block_context":{"text":"Not\u00edcias de Ribeir\u00e3o Preto-SP e Regi\u00e3o","link":"https:\/\/noticiasribeiraopreto.com.br\/index.php\/category\/noticias-de-ribeirao-preto-sp-e-regiao-ismael-colosi\/"},"img":{"alt_text":"","src":"https:\/\/i0.wp.com\/noticiasribeiraopreto.com.br\/wp-content\/uploads\/2024\/10\/Copia-de-Copia-de-Copia-de-TAMANHO-EXATO-PARA-FOTOS-NO-SISTEMA-NOVO-51_2024-10-28_18-52-14_png_2024-10-28_18-52-14.webp.webp?fit=1200%2C675&ssl=1&resize=350%2C200","width":350,"height":200,"srcset":"https:\/\/i0.wp.com\/noticiasribeiraopreto.com.br\/wp-content\/uploads\/2024\/10\/Copia-de-Copia-de-Copia-de-TAMANHO-EXATO-PARA-FOTOS-NO-SISTEMA-NOVO-51_2024-10-28_18-52-14_png_2024-10-28_18-52-14.webp.webp?fit=1200%2C675&ssl=1&resize=350%2C200 1x, https:\/\/i0.wp.com\/noticiasribeiraopreto.com.br\/wp-content\/uploads\/2024\/10\/Copia-de-Copia-de-Copia-de-TAMANHO-EXATO-PARA-FOTOS-NO-SISTEMA-NOVO-51_2024-10-28_18-52-14_png_2024-10-28_18-52-14.webp.webp?fit=1200%2C675&ssl=1&resize=525%2C300 1.5x, https:\/\/i0.wp.com\/noticiasribeiraopreto.com.br\/wp-content\/uploads\/2024\/10\/Copia-de-Copia-de-Copia-de-TAMANHO-EXATO-PARA-FOTOS-NO-SISTEMA-NOVO-51_2024-10-28_18-52-14_png_2024-10-28_18-52-14.webp.webp?fit=1200%2C675&ssl=1&resize=700%2C400 2x, https:\/\/i0.wp.com\/noticiasribeiraopreto.com.br\/wp-content\/uploads\/2024\/10\/Copia-de-Copia-de-Copia-de-TAMANHO-EXATO-PARA-FOTOS-NO-SISTEMA-NOVO-51_2024-10-28_18-52-14_png_2024-10-28_18-52-14.webp.webp?fit=1200%2C675&ssl=1&resize=1050%2C600 3x"},"classes":[]},{"id":60544,"url":"https:\/\/noticiasribeiraopreto.com.br\/index.php\/2024\/11\/17\/quem-era-o-cantor-que-morreu-em-acidente-no-interior-de-sp-depois-de-curar-um-cancer\/","url_meta":{"origin":81606,"position":4},"title":"Quem era o cantor que morreu em acidente no interior de SP depois de curar um c\u00e2ncer","author":"noticiasribeiraopreto.com.br","date":"17 de November de 2024","format":false,"excerpt":"O cantor Cau\u00ea Felici Muniz dos Santos, de 34 anos, morreu em um acidente de carro na rodovia Washington Lu\u00eds (SP-310), em Araraquara, no interior de S\u00e3o Paulo, na madrugada de s\u00e1bado (16), aos 34 anos. Cau\u00ea foi diagnosticado com c\u00e2ncer aos 18 anos, e estava curado \u2013 saiba mais\u2026","rel":"","context":"In &quot;Not\u00edcias de Ribeir\u00e3o Preto-SP e Regi\u00e3o&quot;","block_context":{"text":"Not\u00edcias de Ribeir\u00e3o Preto-SP e Regi\u00e3o","link":"https:\/\/noticiasribeiraopreto.com.br\/index.php\/category\/noticias-de-ribeirao-preto-sp-e-regiao-ismael-colosi\/"},"img":{"alt_text":"","src":"https:\/\/i0.wp.com\/noticiasribeiraopreto.com.br\/wp-content\/uploads\/2024\/11\/322848539_501442848744271_29082597581295656_n_2024-11-17_18-02-09_jpg_2024-11-17_18-02-09.webp.webp?fit=1013%2C1013&ssl=1&resize=350%2C200","width":350,"height":200,"srcset":"https:\/\/i0.wp.com\/noticiasribeiraopreto.com.br\/wp-content\/uploads\/2024\/11\/322848539_501442848744271_29082597581295656_n_2024-11-17_18-02-09_jpg_2024-11-17_18-02-09.webp.webp?fit=1013%2C1013&ssl=1&resize=350%2C200 1x, https:\/\/i0.wp.com\/noticiasribeiraopreto.com.br\/wp-content\/uploads\/2024\/11\/322848539_501442848744271_29082597581295656_n_2024-11-17_18-02-09_jpg_2024-11-17_18-02-09.webp.webp?fit=1013%2C1013&ssl=1&resize=525%2C300 1.5x, https:\/\/i0.wp.com\/noticiasribeiraopreto.com.br\/wp-content\/uploads\/2024\/11\/322848539_501442848744271_29082597581295656_n_2024-11-17_18-02-09_jpg_2024-11-17_18-02-09.webp.webp?fit=1013%2C1013&ssl=1&resize=700%2C400 2x"},"classes":[]},{"id":65724,"url":"https:\/\/noticiasribeiraopreto.com.br\/index.php\/2025\/03\/23\/entenda-o-que-e-o-cancer-no-sistema-linfatico-doenca-que-afeta-o-cantor-netinho\/","url_meta":{"origin":81606,"position":5},"title":"Entenda o que \u00e9 o c\u00e2ncer no sistema linf\u00e1tico, doen\u00e7a que afeta o cantor Netinho","author":"noticiasribeiraopreto.com.br","date":"23 de March de 2025","format":false,"excerpt":"O cantor Netinho foi diagnosticado com c\u00e2ncer do sistema linf\u00e1tico. O an\u00fancio da descoberta do linfoma foi feito atrav\u00e9s da divulga\u00e7\u00e3o do boletim m\u00e9dico no site oficial do artista, no \u00faltimo s\u00e1bado (22). O comunicado, assinado pela diretoria m\u00e9dica do Hospital Alian\u00e7a Star, em Salvador, afirma que Netinho est\u00e1 com\u2026","rel":"","context":"In &quot;Not\u00edcias de Ribeir\u00e3o Preto-SP e Regi\u00e3o&quot;","block_context":{"text":"Not\u00edcias de Ribeir\u00e3o Preto-SP e Regi\u00e3o","link":"https:\/\/noticiasribeiraopreto.com.br\/index.php\/category\/noticias-de-ribeirao-preto-sp-e-regiao-ismael-colosi\/"},"img":{"alt_text":"","src":"https:\/\/i0.wp.com\/noticiasribeiraopreto.com.br\/wp-content\/uploads\/2025\/03\/netinho_2025-03-23_19-59-55_jpg_2025-03-23_19-59-55.webp.webp?fit=1200%2C800&ssl=1&resize=350%2C200","width":350,"height":200,"srcset":"https:\/\/i0.wp.com\/noticiasribeiraopreto.com.br\/wp-content\/uploads\/2025\/03\/netinho_2025-03-23_19-59-55_jpg_2025-03-23_19-59-55.webp.webp?fit=1200%2C800&ssl=1&resize=350%2C200 1x, https:\/\/i0.wp.com\/noticiasribeiraopreto.com.br\/wp-content\/uploads\/2025\/03\/netinho_2025-03-23_19-59-55_jpg_2025-03-23_19-59-55.webp.webp?fit=1200%2C800&ssl=1&resize=525%2C300 1.5x, https:\/\/i0.wp.com\/noticiasribeiraopreto.com.br\/wp-content\/uploads\/2025\/03\/netinho_2025-03-23_19-59-55_jpg_2025-03-23_19-59-55.webp.webp?fit=1200%2C800&ssl=1&resize=700%2C400 2x, https:\/\/i0.wp.com\/noticiasribeiraopreto.com.br\/wp-content\/uploads\/2025\/03\/netinho_2025-03-23_19-59-55_jpg_2025-03-23_19-59-55.webp.webp?fit=1200%2C800&ssl=1&resize=1050%2C600 3x"},"classes":[]}],"jetpack_sharing_enabled":true,"jetpack_shortlink":"https:\/\/wp.me\/peQAOb-lee","_links":{"self":[{"href":"https:\/\/noticiasribeiraopreto.com.br\/index.php\/wp-json\/wp\/v2\/posts\/81606","targetHints":{"allow":["GET"]}}],"collection":[{"href":"https:\/\/noticiasribeiraopreto.com.br\/index.php\/wp-json\/wp\/v2\/posts"}],"about":[{"href":"https:\/\/noticiasribeiraopreto.com.br\/index.php\/wp-json\/wp\/v2\/types\/post"}],"author":[{"embeddable":true,"href":"https:\/\/noticiasribeiraopreto.com.br\/index.php\/wp-json\/wp\/v2\/users\/1"}],"replies":[{"embeddable":true,"href":"https:\/\/noticiasribeiraopreto.com.br\/index.php\/wp-json\/wp\/v2\/comments?post=81606"}],"version-history":[{"count":0,"href":"https:\/\/noticiasribeiraopreto.com.br\/index.php\/wp-json\/wp\/v2\/posts\/81606\/revisions"}],"wp:featuredmedia":[{"embeddable":true,"href":"https:\/\/noticiasribeiraopreto.com.br\/index.php\/wp-json\/wp\/v2\/media\/81607"}],"wp:attachment":[{"href":"https:\/\/noticiasribeiraopreto.com.br\/index.php\/wp-json\/wp\/v2\/media?parent=81606"}],"wp:term":[{"taxonomy":"category","embeddable":true,"href":"https:\/\/noticiasribeiraopreto.com.br\/index.php\/wp-json\/wp\/v2\/categories?post=81606"},{"taxonomy":"post_tag","embeddable":true,"href":"https:\/\/noticiasribeiraopreto.com.br\/index.php\/wp-json\/wp\/v2\/tags?post=81606"}],"curies":[{"name":"wp","href":"https:\/\/api.w.org\/{rel}","templated":true}]}}