{"id":81608,"date":"2026-01-11T08:36:25","date_gmt":"2026-01-11T11:36:25","guid":{"rendered":"https:\/\/noticiasribeiraopreto.com.br\/index.php\/2026\/01\/11\/criminosos-sao-presos-apos-roubo-a-caminhao-em-posto-de-combustiveis\/"},"modified":"2026-01-11T08:36:25","modified_gmt":"2026-01-11T11:36:25","slug":"criminosos-sao-presos-apos-roubo-a-caminhao-em-posto-de-combustiveis","status":"publish","type":"post","link":"https:\/\/noticiasribeiraopreto.com.br\/index.php\/2026\/01\/11\/criminosos-sao-presos-apos-roubo-a-caminhao-em-posto-de-combustiveis\/","title":{"rendered":"Criminosos s\u00e3o presos ap\u00f3s roubo a caminh\u00e3o em posto de combust\u00edveis"},"content":{"rendered":"<div class='code-block code-block-1' style='margin: 8px 0 8px auto; text-align: right; display: block; clear: both;'>\n<p><a href=\"https:\/\/wa.link\/vpicfd\"><img data-recalc-dims=\"1\" class=\"wp-image-4922\" style=\"aspect-ratio: 2.0253164556962027; width: 561px; height: auto;\" src=\"https:\/\/i0.wp.com\/ismaelcolosi.com.br\/wp-content\/uploads\/2023\/11\/grupo-de-empregos-whatsapp-e-facebook-ismael-colosi-vagas.jpg?ssl=1\" alt=\"\" \/><\/a><\/p>\n<!-- \/wp:image -->\n<\/div>\n<p> <br \/>\n<\/p>\n<div data-td-block-uid=\"tdi_95\">\n<div class=\"tdb-block-inner td-fix-index\">\n<p>Criminosos foram presos pela <strong>Pol\u00edcia Militar <\/strong>na noite da \u00faltima sexta-feira (9) ap\u00f3s roubarem um caminh\u00e3o na <strong>rodovia Deputado Cunha Bueno<\/strong>, em<strong> Luiz Ant\u00f4nio<\/strong>, na regi\u00e3o de <strong>Ribeir\u00e3o Preto<\/strong>.<\/p>\n<p>Os ladr\u00f5es estavam mantendo o motorista ref\u00e9m e amarrado dentro da cabine do caminh\u00e3o, quando foram surpreendidos pela pol\u00edcia, que fazia patrulhamento no local.<\/p>\n<figure class=\"wp-block-image size-large\"><img data-recalc-dims=\"1\" fetchpriority=\"high\" decoding=\"async\" width=\"768\" height=\"1024\" src=\"https:\/\/i0.wp.com\/cdn.media-acidadeon.com.br\/ribeiraopreto\/wp-content\/uploads\/sites\/3\/2026\/01\/pm-apreensao_2026-01-10_15-25-34-768x1024.webp?resize=768%2C1024&#038;ssl=1\" alt=\"pm apreensao 2026 01 10 15 25 34\" class=\"wp-image-141800\" title=\"Criminosos s\u00e3o presos ap\u00f3s roubo a caminh\u00e3o em posto de combust\u00edveis 1\" srcset=\"https:\/\/cdn.media-acidadeon.com.br\/ribeiraopreto\/wp-content\/uploads\/sites\/3\/2026\/01\/pm-apreensao_2026-01-10_15-25-34-768x1024.webp 768w, https:\/\/cdn.media-acidadeon.com.br\/ribeiraopreto\/wp-content\/uploads\/sites\/3\/2026\/01\/pm-apreensao_2026-01-10_15-25-34-225x300.webp 225w, https:\/\/cdn.media-acidadeon.com.br\/ribeiraopreto\/wp-content\/uploads\/sites\/3\/2026\/01\/pm-apreensao_2026-01-10_15-25-34-696x928.webp 696w, https:\/\/cdn.media-acidadeon.com.br\/ribeiraopreto\/wp-content\/uploads\/sites\/3\/2026\/01\/pm-apreensao_2026-01-10_15-25-34.webp 780w\" sizes=\"(max-width: 768px) 100vw, 768px\"\/><figcaption class=\"wp-element-caption\">Pol\u00edcia apreendeu bloqueador de sinal com criminosos (Foto: divulga\u00e7\u00e3o\/PM)<\/figcaption><\/figure>\n<p>Com os criminosos, a pol\u00edcia apreendeu um carro, um simulacro de pistola, tr\u00eas celulares, um bloqueador de sinal, al\u00e9m de R$ 400 que foram devolvidos para v\u00edtima.<\/p>\n<p>Os presos foram encaminhados para CPJ (Centro de Pol\u00edcia Judici\u00e1ria) de Ribeir\u00e3o Preto. Os criminosos seguem \u00e0 disposi\u00e7\u00e3o da Justi\u00e7a (com informa\u00e7\u00f5es <strong>EPTV<\/strong>).<\/p>\n<p>SAIBA MAIS<br \/>Cinema de Ribeir\u00e3o tem sess\u00e3o adaptada de Bob Esponja para p\u00fablico com TEA<\/p>\n<h2 class=\"wp-block-heading\"><strong>FIQUE ON<\/strong><\/h2>\n<p>Fique ligado em tudo que acontece em Ribeir\u00e3o Preto e regi\u00e3o. Siga os perfis do\u00a0<strong>acidade on\u00a0<\/strong>no<a href=\"https:\/\/www.instagram.com\/acidadeonribeirao\" target=\"_blank\" rel=\"noreferrer noopener\">\u00a0Instagram\u00a0<\/a>e no\u00a0<a href=\"https:\/\/www.facebook.com\/acidadeonribeirao\/\" target=\"_blank\" rel=\"noreferrer noopener\">Facebook<\/a>.<\/p>\n<p>Receba not\u00edcias do\u00a0<strong>acidade on\u00a0<\/strong>no WhatsApp. Para entrar no grupo,\u00a0basta<a href=\"https:\/\/chat.whatsapp.com\/GFH9HUMUTHNFJdnyEd0xxq\" target=\"_blank\" rel=\"noreferrer noopener\">\u00a0clicar aqui<\/a>. Ou, acesse o nosso\u00a0Canal\u00a0<a href=\"https:\/\/whatsapp.com\/channel\/0029Vb6IQl1JENyAeS57fk2p\" target=\"_blank\" rel=\"noreferrer noopener\">clicando aqui<\/a>.<\/p>\n<p>Fa\u00e7a uma den\u00fancia ou sugira uma reportagem sobre Ribeir\u00e3o Preto e regi\u00e3o pelo WhatsApp: 16 99117 7802.<\/p>\n<p>VEJA TAMB\u00c9M<br \/>Casas de Vidro esquentam o BBB 26; veja participantes do Sudeste<\/p>\n<p><!-- AI CONTENT END 1 -->\n<\/div>\n<\/div>\n<p><script async src=\"\/\/www.instagram.com\/embed.js\"><\/script><br \/>\n<br \/><br \/>\n<br \/><a href=\"https:\/\/www.acidadeon.com\/ribeiraopreto\/cotidiano\/criminosos-sao-presos-apos-roubo-a-caminhao-em-posto-de-combustiveis\/\">Source link <\/a><\/p>\n<!-- CONTENT END 1 -->\n","protected":false},"excerpt":{"rendered":"<p>Criminosos foram presos pela Pol\u00edcia Militar na noite da \u00faltima sexta-feira (9) ap\u00f3s roubarem um caminh\u00e3o na rodovia Deputado Cunha Bueno, em Luiz Ant\u00f4nio, na&#8230;<\/p>\n","protected":false},"author":1,"featured_media":81609,"comment_status":"open","ping_status":"open","sticky":false,"template":"","format":"standard","meta":{"advanced_seo_description":"","jetpack_seo_html_title":"","jetpack_seo_noindex":false,"jetpack_post_was_ever_published":false,"_jetpack_newsletter_access":"","_jetpack_dont_email_post_to_subs":false,"_jetpack_newsletter_tier_id":0,"_jetpack_memberships_contains_paywalled_content":false,"_jetpack_memberships_contains_paid_content":false,"footnotes":"","jetpack_publicize_message":"","jetpack_publicize_feature_enabled":true,"jetpack_social_post_already_shared":true,"jetpack_social_options":{"image_generator_settings":{"template":"highway","default_image_id":0,"font":"","enabled":false},"version":2}},"categories":[11],"tags":[],"class_list":["post-81608","post","type-post","status-publish","format-standard","has-post-thumbnail","hentry","category-noticias-de-ribeirao-preto-sp-e-regiao-ismael-colosi"],"jetpack_publicize_connections":[],"jetpack_featured_media_url":"https:\/\/i0.wp.com\/noticiasribeiraopreto.com.br\/wp-content\/uploads\/2026\/01\/policia-cpj_2026-01-10_15-22-48.webp.webp?fit=1200%2C753&ssl=1","jetpack-related-posts":[{"id":67798,"url":"https:\/\/noticiasribeiraopreto.com.br\/index.php\/2025\/04\/18\/quadrilha-rouba-25-toneladas-de-bacalhau-no-litoral-de-sp-criminosos-foram-presos\/","url_meta":{"origin":81608,"position":0},"title":"Quadrilha rouba 25 toneladas de bacalhau no litoral de SP; criminosos foram presos","author":"noticiasribeiraopreto.com.br","date":"18 de April de 2025","format":false,"excerpt":"Uma quadrilha foi presa por roubar 25 toneladas de bacalhau no Guaruj\u00e1, litoral de S\u00e3o Paulo. O motorista aguardava para carregar o ve\u00edculo em um terminal alfandeg\u00e1rio quando foi abordado por um criminoso armado, na \u00faltima quinta-feira (17). Segundo a SSP-SP (Secretaria de Seguran\u00e7a P\u00fablica de S\u00e3o Paulo), o motorista\u2026","rel":"","context":"In &quot;Not\u00edcias de Ribeir\u00e3o Preto-SP e Regi\u00e3o&quot;","block_context":{"text":"Not\u00edcias de Ribeir\u00e3o Preto-SP e Regi\u00e3o","link":"https:\/\/noticiasribeiraopreto.com.br\/index.php\/category\/noticias-de-ribeirao-preto-sp-e-regiao-ismael-colosi\/"},"img":{"alt_text":"","src":"https:\/\/i0.wp.com\/noticiasribeiraopreto.com.br\/wp-content\/uploads\/2025\/04\/bacalhau_2025-04-18_19-39-38.webp.webp?fit=1200%2C693&ssl=1&resize=350%2C200","width":350,"height":200,"srcset":"https:\/\/i0.wp.com\/noticiasribeiraopreto.com.br\/wp-content\/uploads\/2025\/04\/bacalhau_2025-04-18_19-39-38.webp.webp?fit=1200%2C693&ssl=1&resize=350%2C200 1x, https:\/\/i0.wp.com\/noticiasribeiraopreto.com.br\/wp-content\/uploads\/2025\/04\/bacalhau_2025-04-18_19-39-38.webp.webp?fit=1200%2C693&ssl=1&resize=525%2C300 1.5x, https:\/\/i0.wp.com\/noticiasribeiraopreto.com.br\/wp-content\/uploads\/2025\/04\/bacalhau_2025-04-18_19-39-38.webp.webp?fit=1200%2C693&ssl=1&resize=700%2C400 2x, https:\/\/i0.wp.com\/noticiasribeiraopreto.com.br\/wp-content\/uploads\/2025\/04\/bacalhau_2025-04-18_19-39-38.webp.webp?fit=1200%2C693&ssl=1&resize=1050%2C600 3x"},"classes":[]},{"id":77986,"url":"https:\/\/noticiasribeiraopreto.com.br\/index.php\/2025\/09\/30\/motorista-de-caminhao-e-mecanico-sao-feitos-refens-durante-assalto\/","url_meta":{"origin":81608,"position":1},"title":"Motorista de caminh\u00e3o e mec\u00e2nico s\u00e3o feitos ref\u00e9ns durante assalto","author":"noticiasribeiraopreto.com.br","date":"30 de September de 2025","format":false,"excerpt":"Um motorista de caminh\u00e3o e um mec\u00e2nico foram feitos de ref\u00e9ns em um roubo na noite desta segunda-feira (29), \u00e0s margens da rodovia Jos\u00e9 Fregonezi (SP-328), em Cravinhos, na regi\u00e3o de Ribeir\u00e3o Preto. Segundo o boletim de ocorr\u00eancia (BO), as v\u00edtimas estavam com o ve\u00edculo junto de uma planta\u00e7\u00e3o de\u2026","rel":"","context":"In &quot;Not\u00edcias de Ribeir\u00e3o Preto-SP e Regi\u00e3o&quot;","block_context":{"text":"Not\u00edcias de Ribeir\u00e3o Preto-SP e Regi\u00e3o","link":"https:\/\/noticiasribeiraopreto.com.br\/index.php\/category\/noticias-de-ribeirao-preto-sp-e-regiao-ismael-colosi\/"},"img":{"alt_text":"","src":"https:\/\/i0.wp.com\/noticiasribeiraopreto.com.br\/wp-content\/uploads\/2025\/09\/LUZ-POLICIA_2025-09-18_12-53-42.webp.webp?fit=1200%2C672&ssl=1&resize=350%2C200","width":350,"height":200,"srcset":"https:\/\/i0.wp.com\/noticiasribeiraopreto.com.br\/wp-content\/uploads\/2025\/09\/LUZ-POLICIA_2025-09-18_12-53-42.webp.webp?fit=1200%2C672&ssl=1&resize=350%2C200 1x, https:\/\/i0.wp.com\/noticiasribeiraopreto.com.br\/wp-content\/uploads\/2025\/09\/LUZ-POLICIA_2025-09-18_12-53-42.webp.webp?fit=1200%2C672&ssl=1&resize=525%2C300 1.5x, https:\/\/i0.wp.com\/noticiasribeiraopreto.com.br\/wp-content\/uploads\/2025\/09\/LUZ-POLICIA_2025-09-18_12-53-42.webp.webp?fit=1200%2C672&ssl=1&resize=700%2C400 2x, https:\/\/i0.wp.com\/noticiasribeiraopreto.com.br\/wp-content\/uploads\/2025\/09\/LUZ-POLICIA_2025-09-18_12-53-42.webp.webp?fit=1200%2C672&ssl=1&resize=1050%2C600 3x"},"classes":[]},{"id":13168,"url":"https:\/\/noticiasribeiraopreto.com.br\/index.php\/2023\/12\/09\/homem-e-preso-em-ribeirao-preto-acusado-de-estupro-e-roubo\/","url_meta":{"origin":81608,"position":2},"title":"Homem \u00e9 preso em Ribeir\u00e3o Preto acusado de estupro e roubo","author":"noticiasribeiraopreto.com.br","date":"9 de December de 2023","format":false,"excerpt":"Um homem foi preso em Ribeir\u00e3o Preto, na manh\u00e3 deste s\u00e1bado (9), acusado de roubo e estupro. O crime aconteceu ainda na madrugada de s\u00e1bado em uma fazenda do munic\u00edpio de Serra Azul. Segundo informou o tenente Zanandreia, da Pol\u00edcia Militar, viaturas estavam em patrulhamento quando encontraram o caminh\u00e3o que\u2026","rel":"","context":"In &quot;Not\u00edcias de Ribeir\u00e3o Preto-SP e Regi\u00e3o&quot;","block_context":{"text":"Not\u00edcias de Ribeir\u00e3o Preto-SP e Regi\u00e3o","link":"https:\/\/noticiasribeiraopreto.com.br\/index.php\/category\/noticias-de-ribeirao-preto-sp-e-regiao-ismael-colosi\/"},"img":{"alt_text":"","src":"https:\/\/i0.wp.com\/noticiasribeiraopreto.com.br\/wp-content\/uploads\/2023\/12\/WhatsApp-Image-2023-12-09-at-10.57.21.jpeg?fit=1200%2C900&ssl=1&resize=350%2C200","width":350,"height":200,"srcset":"https:\/\/i0.wp.com\/noticiasribeiraopreto.com.br\/wp-content\/uploads\/2023\/12\/WhatsApp-Image-2023-12-09-at-10.57.21.jpeg?fit=1200%2C900&ssl=1&resize=350%2C200 1x, https:\/\/i0.wp.com\/noticiasribeiraopreto.com.br\/wp-content\/uploads\/2023\/12\/WhatsApp-Image-2023-12-09-at-10.57.21.jpeg?fit=1200%2C900&ssl=1&resize=525%2C300 1.5x, https:\/\/i0.wp.com\/noticiasribeiraopreto.com.br\/wp-content\/uploads\/2023\/12\/WhatsApp-Image-2023-12-09-at-10.57.21.jpeg?fit=1200%2C900&ssl=1&resize=700%2C400 2x, https:\/\/i0.wp.com\/noticiasribeiraopreto.com.br\/wp-content\/uploads\/2023\/12\/WhatsApp-Image-2023-12-09-at-10.57.21.jpeg?fit=1200%2C900&ssl=1&resize=1050%2C600 3x"},"classes":[]},{"id":48855,"url":"https:\/\/noticiasribeiraopreto.com.br\/index.php\/2024\/05\/07\/dois-homens-sao-presos-por-furto-de-combustivel-em-ribeirao-preto\/","url_meta":{"origin":81608,"position":3},"title":"Dois homens s\u00e3o presos por furto de combust\u00edvel em Ribeir\u00e3o Preto","author":"noticiasribeiraopreto.com.br","date":"7 de May de 2024","format":false,"excerpt":"Dois homens foram presos em flagrante por furto de combust\u00edvel na noite da \u00faltima segunda-feira (6), em Ribeir\u00e3o Preto. Os criminosos foram detidos na rodovia Alexandre Balbo (Anel Vi\u00e1rio Norte), pr\u00f3ximo de uma distribuidora de combust\u00edveis. Segundo o BO (boletim de ocorr\u00eancia), agentes da Pol\u00edcia Militar Rodovi\u00e1ria patrulhava pela \u00e1rea\u2026","rel":"","context":"In &quot;Not\u00edcias de Ribeir\u00e3o Preto-SP e Regi\u00e3o&quot;","block_context":{"text":"Not\u00edcias de Ribeir\u00e3o Preto-SP e Regi\u00e3o","link":"https:\/\/noticiasribeiraopreto.com.br\/index.php\/category\/noticias-de-ribeirao-preto-sp-e-regiao-ismael-colosi\/"},"img":{"alt_text":"","src":"https:\/\/i0.wp.com\/noticiasribeiraopreto.com.br\/wp-content\/uploads\/2024\/05\/policia_militar_1024x576_17072021134619.jpg?fit=1024%2C576&ssl=1&resize=350%2C200","width":350,"height":200,"srcset":"https:\/\/i0.wp.com\/noticiasribeiraopreto.com.br\/wp-content\/uploads\/2024\/05\/policia_militar_1024x576_17072021134619.jpg?fit=1024%2C576&ssl=1&resize=350%2C200 1x, https:\/\/i0.wp.com\/noticiasribeiraopreto.com.br\/wp-content\/uploads\/2024\/05\/policia_militar_1024x576_17072021134619.jpg?fit=1024%2C576&ssl=1&resize=525%2C300 1.5x, https:\/\/i0.wp.com\/noticiasribeiraopreto.com.br\/wp-content\/uploads\/2024\/05\/policia_militar_1024x576_17072021134619.jpg?fit=1024%2C576&ssl=1&resize=700%2C400 2x"},"classes":[]},{"id":80406,"url":"https:\/\/noticiasribeiraopreto.com.br\/index.php\/2025\/12\/03\/contrabandista-e-preso-na-regiao\/","url_meta":{"origin":81608,"position":4},"title":"Contrabandista \u00e9 preso na regi\u00e3o","author":"noticiasribeiraopreto.com.br","date":"3 de December de 2025","format":false,"excerpt":"\r \r \r Caminh\u00e3o transportava de forma oculta 200 mil ma\u00e7os de cigarro, carga avaliada em R$ 1,3 milh\u00e3o\r \r 2 de dezembro de 2025 11:36 \r Compartilhar2 \r Por: Adalberto Luque O motorista de um caminh\u00e3o foi preso, no final da tarde desta segunda-feira (1\u00ba) por contrabando. Ele transportava\u2026","rel":"","context":"In &quot;Not\u00edcias de Ribeir\u00e3o Preto-SP e Regi\u00e3o&quot;","block_context":{"text":"Not\u00edcias de Ribeir\u00e3o Preto-SP e Regi\u00e3o","link":"https:\/\/noticiasribeiraopreto.com.br\/index.php\/category\/noticias-de-ribeirao-preto-sp-e-regiao-ismael-colosi\/"},"img":{"alt_text":"","src":"https:\/\/i0.wp.com\/noticiasribeiraopreto.com.br\/wp-content\/uploads\/2025\/12\/02-dez-2025-cigarrospradopoli2-scaled.jpg?fit=1200%2C602&ssl=1&resize=350%2C200","width":350,"height":200,"srcset":"https:\/\/i0.wp.com\/noticiasribeiraopreto.com.br\/wp-content\/uploads\/2025\/12\/02-dez-2025-cigarrospradopoli2-scaled.jpg?fit=1200%2C602&ssl=1&resize=350%2C200 1x, https:\/\/i0.wp.com\/noticiasribeiraopreto.com.br\/wp-content\/uploads\/2025\/12\/02-dez-2025-cigarrospradopoli2-scaled.jpg?fit=1200%2C602&ssl=1&resize=525%2C300 1.5x, https:\/\/i0.wp.com\/noticiasribeiraopreto.com.br\/wp-content\/uploads\/2025\/12\/02-dez-2025-cigarrospradopoli2-scaled.jpg?fit=1200%2C602&ssl=1&resize=700%2C400 2x, https:\/\/i0.wp.com\/noticiasribeiraopreto.com.br\/wp-content\/uploads\/2025\/12\/02-dez-2025-cigarrospradopoli2-scaled.jpg?fit=1200%2C602&ssl=1&resize=1050%2C600 3x"},"classes":[]},{"id":29519,"url":"https:\/\/noticiasribeiraopreto.com.br\/index.php\/2024\/01\/18\/utm_sourcerssutm_mediumrssutm_campaignoperacao-rapadura-policia-de-rp-prende-cinco-criminosos-em-guariba-integrantes-de-uma-quadrilha-que-furtava-acucar-de-trens\/","url_meta":{"origin":81608,"position":5},"title":"Pol\u00edcia de RP prende cinco criminosos em Guariba integrantes de uma quadrilha que furtava a\u00e7\u00facar de trens \u2013 X Tudo Ribeir\u00e3o","author":"noticiasribeiraopreto.com.br","date":"18 de January de 2024","format":false,"excerpt":"Cinco homens integrantes de uma quadrilha especializada em furtar a\u00e7\u00facar de vag\u00f5es de trens foram presos durante a Opera\u00e7\u00e3o Rapadura deflagrada pelas equipes do GOE (Grupo de Opera\u00e7\u00e3o Especial) e da 1\u00aa DIG \/ do Deinter 3 na tarde desta quarta-feira (17\/) na cidade de Guariba. A quadrilha em um\u2026","rel":"","context":"In &quot;Not\u00edcias de Ribeir\u00e3o Preto-SP e Regi\u00e3o&quot;","block_context":{"text":"Not\u00edcias de Ribeir\u00e3o Preto-SP e Regi\u00e3o","link":"https:\/\/noticiasribeiraopreto.com.br\/index.php\/category\/noticias-de-ribeirao-preto-sp-e-regiao-ismael-colosi\/"},"img":{"alt_text":"","src":"https:\/\/i0.wp.com\/noticiasribeiraopreto.com.br\/wp-content\/uploads\/2024\/01\/Screenshot-2024-01-18-10.32.22.png?fit=657%2C676&ssl=1&resize=350%2C200","width":350,"height":200,"srcset":"https:\/\/i0.wp.com\/noticiasribeiraopreto.com.br\/wp-content\/uploads\/2024\/01\/Screenshot-2024-01-18-10.32.22.png?fit=657%2C676&ssl=1&resize=350%2C200 1x, https:\/\/i0.wp.com\/noticiasribeiraopreto.com.br\/wp-content\/uploads\/2024\/01\/Screenshot-2024-01-18-10.32.22.png?fit=657%2C676&ssl=1&resize=525%2C300 1.5x"},"classes":[]}],"jetpack_sharing_enabled":true,"jetpack_shortlink":"https:\/\/wp.me\/peQAOb-leg","_links":{"self":[{"href":"https:\/\/noticiasribeiraopreto.com.br\/index.php\/wp-json\/wp\/v2\/posts\/81608","targetHints":{"allow":["GET"]}}],"collection":[{"href":"https:\/\/noticiasribeiraopreto.com.br\/index.php\/wp-json\/wp\/v2\/posts"}],"about":[{"href":"https:\/\/noticiasribeiraopreto.com.br\/index.php\/wp-json\/wp\/v2\/types\/post"}],"author":[{"embeddable":true,"href":"https:\/\/noticiasribeiraopreto.com.br\/index.php\/wp-json\/wp\/v2\/users\/1"}],"replies":[{"embeddable":true,"href":"https:\/\/noticiasribeiraopreto.com.br\/index.php\/wp-json\/wp\/v2\/comments?post=81608"}],"version-history":[{"count":0,"href":"https:\/\/noticiasribeiraopreto.com.br\/index.php\/wp-json\/wp\/v2\/posts\/81608\/revisions"}],"wp:featuredmedia":[{"embeddable":true,"href":"https:\/\/noticiasribeiraopreto.com.br\/index.php\/wp-json\/wp\/v2\/media\/81609"}],"wp:attachment":[{"href":"https:\/\/noticiasribeiraopreto.com.br\/index.php\/wp-json\/wp\/v2\/media?parent=81608"}],"wp:term":[{"taxonomy":"category","embeddable":true,"href":"https:\/\/noticiasribeiraopreto.com.br\/index.php\/wp-json\/wp\/v2\/categories?post=81608"},{"taxonomy":"post_tag","embeddable":true,"href":"https:\/\/noticiasribeiraopreto.com.br\/index.php\/wp-json\/wp\/v2\/tags?post=81608"}],"curies":[{"name":"wp","href":"https:\/\/api.w.org\/{rel}","templated":true}]}}