{"id":81610,"date":"2026-01-11T08:45:24","date_gmt":"2026-01-11T11:45:24","guid":{"rendered":"https:\/\/noticiasribeiraopreto.com.br\/index.php\/2026\/01\/11\/o-dificil-acesso-a-educacao-para-criancas-carentes\/"},"modified":"2026-01-11T08:45:24","modified_gmt":"2026-01-11T11:45:24","slug":"o-dificil-acesso-a-educacao-para-criancas-carentes","status":"publish","type":"post","link":"https:\/\/noticiasribeiraopreto.com.br\/index.php\/2026\/01\/11\/o-dificil-acesso-a-educacao-para-criancas-carentes\/","title":{"rendered":"O dif\u00edcil acesso \u00e0 educa\u00e7\u00e3o para crian\u00e7as carentes"},"content":{"rendered":"<div class='code-block code-block-1' style='margin: 8px 0 8px auto; text-align: right; display: block; clear: both;'>\n<p><a href=\"https:\/\/wa.link\/vpicfd\"><img data-recalc-dims=\"1\" class=\"wp-image-4922\" style=\"aspect-ratio: 2.0253164556962027; width: 561px; height: auto;\" src=\"https:\/\/i0.wp.com\/ismaelcolosi.com.br\/wp-content\/uploads\/2023\/11\/grupo-de-empregos-whatsapp-e-facebook-ismael-colosi-vagas.jpg?ssl=1\" alt=\"\" \/><\/a><\/p>\n<!-- \/wp:image -->\n<\/div>\n<p> <br \/>\n<\/p>\n<div>\n<p>As desigualdades socioecon\u00f4micas continuam dificultando o acesso \u00e0 educa\u00e7\u00e3o infantil no Brasil. Essa \u00e9 uma das conclus\u00f5es do estudo in\u00e9dito \u201cO desafio da equidade no acesso \u00e0 educa\u00e7\u00e3o infantil \u2013 uma an\u00e1lise do Cad\u00danico e do Censo Escolar\u201d, realizado pela Funda\u00e7\u00e3o Maria Cecilia Souto Vidigal, em parceria com o Minist\u00e9rio da Educa\u00e7\u00e3o (MEC) e o Minist\u00e9rio do Desenvolvimento Social (MDS).<\/p>\n<p>A Funda\u00e7\u00e3o Maria Cecilia Souto Vidigal, criada em 1965, tem como foco a primeira inf\u00e2ncia, com base no entendimento de que as experi\u00eancias vividas no in\u00edcio da vida s\u00e3o fundamentais para o desenvolvimento da crian\u00e7a e da sociedade.<\/p>\n<figure id=\"attachment_451512\" aria-describedby=\"caption-attachment-451512\" style=\"width: 303px\" class=\"wp-caption alignleft\"><img data-recalc-dims=\"1\" loading=\"lazy\" decoding=\"async\" class=\"wp-image-451512 lazyload\" src=\"https:\/\/i0.wp.com\/www.tribunaribeirao.com.br\/wp-content\/uploads\/2026\/01\/para-ilustrar-se-preciso-reproducao-300x278.jpg?resize=303%2C280&#038;ssl=1\" alt=\"\" width=\"303\" height=\"280\" srcset=\"https:\/\/www.tribunaribeirao.com.br\/wp-content\/uploads\/2026\/01\/para-ilustrar-se-preciso-reproducao-300x278.jpg 300w, https:\/\/www.tribunaribeirao.com.br\/wp-content\/uploads\/2026\/01\/para-ilustrar-se-preciso-reproducao-431x400.jpg 431w, https:\/\/www.tribunaribeirao.com.br\/wp-content\/uploads\/2026\/01\/para-ilustrar-se-preciso-reproducao.jpg 539w\" data-sizes=\"(max-width: 303px) 100vw, 303px\" style=\"--smush-placeholder-width: 303px; --smush-placeholder-aspect-ratio: 303\/280;\"\/><figcaption id=\"caption-attachment-451512\" class=\"wp-caption-text\">Estudo revela que, entre fam\u00edlias de baixa renda, crian\u00e7as brancas t\u00eam 4% mais chance de estar na creche do que crian\u00e7as pretas, pardas e ind\u00edgenas | Reprodu\u00e7\u00e3o<\/figcaption><\/figure>\n<p>O estudo cruzou informa\u00e7\u00f5es do Cadastro \u00danico (Cad\u00danico) com o Censo Escolar e revelou que apenas 30% do total de 10 milh\u00f5es de crian\u00e7as de baixa renda na primeira inf\u00e2ncia inscritas no Cad\u00danico estavam matriculadas em creches em dezembro de 2023. J\u00e1 na pr\u00e9-escola, etapa obrigat\u00f3ria da educa\u00e7\u00e3o b\u00e1sica, apenas 72,5% das crian\u00e7as de 4 e 5 anos pertencentes a fam\u00edlias de baixa renda estavam matriculadas.<\/p>\n<p>O Cad\u00danico \u00e9 um instrumento coordenado pelo Minist\u00e9rio do Desenvolvimento Social que tem como objetivo identificar e caracterizar fam\u00edlias brasileiras de baixa renda, sendo pr\u00e9-requisito para a participa\u00e7\u00e3o em mais de 30 programas sociais. Ele re\u00fane informa\u00e7\u00f5es socioecon\u00f4micas como escolaridade, renda, condi\u00e7\u00f5es de moradia e matr\u00edcula escolar das crian\u00e7as, sendo uma ferramenta essencial para a formula\u00e7\u00e3o de pol\u00edticas p\u00fablicas.<\/p>\n<p>J\u00e1 o Censo Escolar \u00e9 o levantamento estat\u00edstico oficial da educa\u00e7\u00e3o b\u00e1sica no Brasil, realizado anualmente pelo Instituto Nacional de Estudos e Pesquisas Educacionais An\u00edsio Teixeira (Inep). Ele re\u00fane dados sobre matr\u00edculas, infraestrutura escolar, alunos e docentes das redes p\u00fablica e privada.<\/p>\n<p>\u00a0<\/p>\n<h2><strong>Desigualdade por regi\u00f5es<\/strong><\/h2>\n<p>Segundo o estudo, a desigualdade de acesso \u00e0 educa\u00e7\u00e3o infantil entre fam\u00edlias de baixa renda \u00e9 mais acentuada na Regi\u00e3o Norte, onde a taxa de matr\u00edcula em creches foi de 16,4% em 2023. Em seguida aparecem o Centro-Oeste (25%) e o Nordeste (28,7%). Apenas o Sudeste (37,6%) e o Sul (33,2%) registraram taxas superiores \u00e0 m\u00e9dia nacional de 30% para a popula\u00e7\u00e3o inscrita no Cad\u00danico.<\/p>\n<p>As diferen\u00e7as tamb\u00e9m se refletem na pr\u00e9-escola, com taxas de matr\u00edcula variando entre 68% e 78% nas regi\u00f5es do pa\u00eds, sendo novamente Norte e Nordeste os piores indicadores.<\/p>\n<p>O levantamento aponta ainda que munic\u00edpios menores e com menor \u00cdndice de Desenvolvimento Humano Municipal (IDH-M) enfrentam mais dificuldades para garantir vagas, seja por restri\u00e7\u00f5es financeiras ou falta de capacidade t\u00e9cnica, o que refor\u00e7a a necessidade de pol\u00edticas p\u00fablicas que promovam maior equil\u00edbrio na oferta de educa\u00e7\u00e3o infantil.<\/p>\n<p>Entre as fam\u00edlias de baixa renda cadastradas no Cad\u00danico, crian\u00e7as brancas t\u00eam 4% mais chance de estar na creche e quase 7% mais chances de frequentar a pr\u00e9-escola do que crian\u00e7as pretas, pardas e ind\u00edgenas. O estudo mostra tamb\u00e9m que meninas t\u00eam menor probabilidade de frequentar creche (-4,05%), enquanto crian\u00e7as com defici\u00eancia t\u00eam 13,44% menos chance de estar matriculadas na pr\u00e9-escola.<\/p>\n<p>\u00a0<\/p>\n<h3><strong>Realidade em Ribeir\u00e3o Preto<\/strong><\/h3>\n<p>Dados da Secretaria Municipal de Educa\u00e7\u00e3o revelam que, no ano passado, 1.561 crian\u00e7as ficaram na fila de espera por uma vaga na Educa\u00e7\u00e3o Infantil do munic\u00edpio. Desse total, 1.371 tinham entre 0 e 2 anos, faixa et\u00e1ria correspondente ao atendimento em creches.<\/p>\n<figure id=\"attachment_451514\" aria-describedby=\"caption-attachment-451514\" style=\"width: 300px\" class=\"wp-caption alignleft\"><img data-recalc-dims=\"1\" loading=\"lazy\" decoding=\"async\" class=\"size-medium wp-image-451514 lazyload\" src=\"https:\/\/i0.wp.com\/www.tribunaribeirao.com.br\/wp-content\/uploads\/2026\/01\/favela_risk-2-300x200.jpeg?resize=300%2C200&#038;ssl=1\" alt=\"\" width=\"300\" height=\"200\" srcset=\"https:\/\/www.tribunaribeirao.com.br\/wp-content\/uploads\/2026\/01\/favela_risk-2-300x200.jpeg 300w, https:\/\/www.tribunaribeirao.com.br\/wp-content\/uploads\/2026\/01\/favela_risk-2-1024x682.jpeg 1024w, https:\/\/www.tribunaribeirao.com.br\/wp-content\/uploads\/2026\/01\/favela_risk-2-768x512.jpeg 768w, https:\/\/www.tribunaribeirao.com.br\/wp-content\/uploads\/2026\/01\/favela_risk-2-1536x1023.jpeg 1536w, https:\/\/www.tribunaribeirao.com.br\/wp-content\/uploads\/2026\/01\/favela_risk-2-480x320.jpeg 480w, https:\/\/www.tribunaribeirao.com.br\/wp-content\/uploads\/2026\/01\/favela_risk-2-280x186.jpeg 280w, https:\/\/www.tribunaribeirao.com.br\/wp-content\/uploads\/2026\/01\/favela_risk-2-960x640.jpeg 960w, https:\/\/www.tribunaribeirao.com.br\/wp-content\/uploads\/2026\/01\/favela_risk-2-600x400.jpeg 600w, https:\/\/www.tribunaribeirao.com.br\/wp-content\/uploads\/2026\/01\/favela_risk-2-585x390.jpeg 585w, https:\/\/www.tribunaribeirao.com.br\/wp-content\/uploads\/2026\/01\/favela_risk-2-scaled.jpeg 1170w\" data-sizes=\"(max-width: 300px) 100vw, 300px\" style=\"--smush-placeholder-width: 300px; --smush-placeholder-aspect-ratio: 300\/200;\"\/><figcaption id=\"caption-attachment-451514\" class=\"wp-caption-text\">Censo revelou que Ribeir\u00e3o Preto tem 23.256 pessoas morando em favelas e comunidades, espalhados em 7.718 domic\u00edlios | Foto: Alfredo Risk<\/figcaption><\/figure>\n<p>Para o ano letivo atual, o cadastro realizado entre agosto e setembro de 2025 recebeu 3.242 pedidos. Com a reabertura do sistema nesta semana para quem perdeu o prazo inicial, cerca de 1.400 novos pedidos j\u00e1 foram registrados.<\/p>\n<p>De acordo com a Secretaria, os bairros com maior fila de espera s\u00e3o Jardim Cristo Redentor, Parque Ribeir\u00e3o e Jardim Progresso, na Zona Oeste; Parque S\u00e3o Sebasti\u00e3o, Jardim Helena e Manoel Penna, na Zona Leste; e Jardim Aeroporto, na Zona Norte.<\/p>\n<p>\u201cDevido ao crescimento populacional org\u00e2nico da cidade e \u00e0 expans\u00e3o habitacional em determinadas localidades, haver\u00e1 novas constru\u00e7\u00f5es, amplia\u00e7\u00f5es e manuten\u00e7\u00f5es de unidades escolares, visando o atendimento da demanda reprimida e futura\u201d, informou a Secretaria.<\/p>\n<p>A pasta afirma que a principal estrat\u00e9gia para absorver a fila de espera \u00e9 a amplia\u00e7\u00e3o da rede, com previs\u00e3o de cria\u00e7\u00e3o de mais de 7 mil novas vagas at\u00e9 2030 \u2014 quase 5 mil em Centros de Educa\u00e7\u00e3o Infantil (CEIs), cerca de 1.500 em Escolas Municipais de Educa\u00e7\u00e3o Infantil (Emeis) e 500 em Escolas Municipais de Ensino Fundamental (Emefs).<\/p>\n<p>Dados do Censo 2022, divulgados pelo Instituto Brasileiro de Geografia e Estat\u00edstica (IBGE), mostram que Ribeir\u00e3o Preto tem 23.256 pessoas morando em favelas e comunidades, distribu\u00eddas em 7.718 domic\u00edlios.<\/p>\n<\/div>\n<p><br \/>\n<br \/><a href=\"https:\/\/www.tribunaribeirao.com.br\/o-dificil-acesso-a-educacao-para-criancas-carentes\/\">Source link <\/a><\/p>\n<!-- CONTENT END 1 -->\n","protected":false},"excerpt":{"rendered":"<p>As desigualdades socioecon\u00f4micas continuam dificultando o acesso \u00e0 educa\u00e7\u00e3o infantil no Brasil. Essa \u00e9 uma das conclus\u00f5es do estudo in\u00e9dito \u201cO desafio da equidade no&#8230;<\/p>\n","protected":false},"author":1,"featured_media":81611,"comment_status":"open","ping_status":"open","sticky":false,"template":"","format":"standard","meta":{"advanced_seo_description":"","jetpack_seo_html_title":"","jetpack_seo_noindex":false,"jetpack_post_was_ever_published":false,"_jetpack_newsletter_access":"","_jetpack_dont_email_post_to_subs":false,"_jetpack_newsletter_tier_id":0,"_jetpack_memberships_contains_paywalled_content":false,"_jetpack_memberships_contains_paid_content":false,"footnotes":"","jetpack_publicize_message":"","jetpack_publicize_feature_enabled":true,"jetpack_social_post_already_shared":true,"jetpack_social_options":{"image_generator_settings":{"template":"highway","default_image_id":0,"font":"","enabled":false},"version":2}},"categories":[11],"tags":[],"class_list":["post-81610","post","type-post","status-publish","format-standard","has-post-thumbnail","hentry","category-noticias-de-ribeirao-preto-sp-e-regiao-ismael-colosi"],"jetpack_publicize_connections":[],"jetpack_featured_media_url":"https:\/\/i0.wp.com\/noticiasribeiraopreto.com.br\/wp-content\/uploads\/2026\/01\/box-Guilherme-Sircili.jpg?fit=1170%2C780&ssl=1","jetpack-related-posts":[{"id":75520,"url":"https:\/\/noticiasribeiraopreto.com.br\/index.php\/2025\/08\/10\/cuidadores-admitem-dar-palmadas-em-criancas\/","url_meta":{"origin":81610,"position":0},"title":"Cuidadores admitem dar palmadas em crian\u00e7as","author":"noticiasribeiraopreto.com.br","date":"10 de August de 2025","format":false,"excerpt":"10 de agosto de 2025 15:1710 de agosto de 2025 00:2110 Compartilhar0 Constata\u00e7\u00e3o est\u00e1 no levantamento Panorama da Primeira Inf\u00e2ncia: o que o Brasil sabe, vive e pensa sobre os primeiros seis anos de vida Apesar de castigos f\u00edsicos como palmadas, belisc\u00f5es e apertos serem proibidos por lei, 29% das\u2026","rel":"","context":"In &quot;Not\u00edcias de Ribeir\u00e3o Preto-SP e Regi\u00e3o&quot;","block_context":{"text":"Not\u00edcias de Ribeir\u00e3o Preto-SP e Regi\u00e3o","link":"https:\/\/noticiasribeiraopreto.com.br\/index.php\/category\/noticias-de-ribeirao-preto-sp-e-regiao-ismael-colosi\/"},"img":{"alt_text":"","src":"https:\/\/i0.wp.com\/noticiasribeiraopreto.com.br\/wp-content\/uploads\/2025\/08\/palmada.jpg?fit=800%2C500&ssl=1&resize=350%2C200","width":350,"height":200,"srcset":"https:\/\/i0.wp.com\/noticiasribeiraopreto.com.br\/wp-content\/uploads\/2025\/08\/palmada.jpg?fit=800%2C500&ssl=1&resize=350%2C200 1x, https:\/\/i0.wp.com\/noticiasribeiraopreto.com.br\/wp-content\/uploads\/2025\/08\/palmada.jpg?fit=800%2C500&ssl=1&resize=525%2C300 1.5x, https:\/\/i0.wp.com\/noticiasribeiraopreto.com.br\/wp-content\/uploads\/2025\/08\/palmada.jpg?fit=800%2C500&ssl=1&resize=700%2C400 2x"},"classes":[]},{"id":65752,"url":"https:\/\/noticiasribeiraopreto.com.br\/index.php\/2025\/03\/24\/jornal-da-franca-educacao-infantil-ganha-forca-com-1o-encontro-formativo-em-franca\/","url_meta":{"origin":81610,"position":1},"title":"Jornal da Franca &#8211; Educa\u00e7\u00e3o Infantil ganha for\u00e7a com 1\u00ba Encontro Formativo em Franca","author":"noticiasribeiraopreto.com.br","date":"24 de March de 2025","format":false,"excerpt":"compartilhar no whatsapp compartilhar no telegram compartilhar no facebook compartilhar no linkedin Evento reuniu quase mil educadores para aprimorar o ensino em creches Mais de mil educadores participaram do 1\u00ba Encontro formativo para profissionais da Educa\u00e7\u00e3o Infantil Na \u00faltima sexta-feira, 21 de mar\u00e7o, aconteceu o 1\u00ba \u2018Encontro Formativo\u2019, um evento\u2026","rel":"","context":"In &quot;Not\u00edcias de Franca-SP&quot;","block_context":{"text":"Not\u00edcias de Franca-SP","link":"https:\/\/noticiasribeiraopreto.com.br\/index.php\/category\/noticias-de-ribeirao-preto-sp-e-regiao-ismael-colosi\/noticias-franca-sp\/"},"img":{"alt_text":"","src":"https:\/\/i0.wp.com\/noticiasribeiraopreto.com.br\/wp-content\/uploads\/2025\/03\/formacao-creches.jpeg?fit=1200%2C794&ssl=1&resize=350%2C200","width":350,"height":200,"srcset":"https:\/\/i0.wp.com\/noticiasribeiraopreto.com.br\/wp-content\/uploads\/2025\/03\/formacao-creches.jpeg?fit=1200%2C794&ssl=1&resize=350%2C200 1x, https:\/\/i0.wp.com\/noticiasribeiraopreto.com.br\/wp-content\/uploads\/2025\/03\/formacao-creches.jpeg?fit=1200%2C794&ssl=1&resize=525%2C300 1.5x, https:\/\/i0.wp.com\/noticiasribeiraopreto.com.br\/wp-content\/uploads\/2025\/03\/formacao-creches.jpeg?fit=1200%2C794&ssl=1&resize=700%2C400 2x, https:\/\/i0.wp.com\/noticiasribeiraopreto.com.br\/wp-content\/uploads\/2025\/03\/formacao-creches.jpeg?fit=1200%2C794&ssl=1&resize=1050%2C600 3x"},"classes":[]},{"id":74043,"url":"https:\/\/noticiasribeiraopreto.com.br\/index.php\/2025\/07\/15\/quase-cinco-mil-criancas-participam-de-atividades-durante-recesso-escolar-em-rp\/","url_meta":{"origin":81610,"position":2},"title":"Quase cinco mil crian\u00e7as participam de atividades durante recesso escolar em RP","author":"noticiasribeiraopreto.com.br","date":"15 de July de 2025","format":false,"excerpt":"Durante o recesso escolar, 4.478 crian\u00e7as de 0 a 5 anos foram inscritas para atendimento nas 51 unidades \u2013 22 escolas de Educa\u00e7\u00e3o Infantil e 29 conveniadas \u2013 da rede municipal de ensino de Ribeir\u00e3o Preto. O n\u00famero representa crescimento de 13,36% em rela\u00e7\u00e3o \u00e0s f\u00e9rias de janeiro, 528 alunos\u2026","rel":"","context":"In &quot;Not\u00edcias de Ribeir\u00e3o Preto-SP e Regi\u00e3o&quot;","block_context":{"text":"Not\u00edcias de Ribeir\u00e3o Preto-SP e Regi\u00e3o","link":"https:\/\/noticiasribeiraopreto.com.br\/index.php\/category\/noticias-de-ribeirao-preto-sp-e-regiao-ismael-colosi\/"},"img":{"alt_text":"","src":"https:\/\/i0.wp.com\/noticiasribeiraopreto.com.br\/wp-content\/uploads\/2025\/07\/AulaRP-Divulgacao-101.jpeg?fit=1000%2C666&ssl=1&resize=350%2C200","width":350,"height":200,"srcset":"https:\/\/i0.wp.com\/noticiasribeiraopreto.com.br\/wp-content\/uploads\/2025\/07\/AulaRP-Divulgacao-101.jpeg?fit=1000%2C666&ssl=1&resize=350%2C200 1x, https:\/\/i0.wp.com\/noticiasribeiraopreto.com.br\/wp-content\/uploads\/2025\/07\/AulaRP-Divulgacao-101.jpeg?fit=1000%2C666&ssl=1&resize=525%2C300 1.5x, https:\/\/i0.wp.com\/noticiasribeiraopreto.com.br\/wp-content\/uploads\/2025\/07\/AulaRP-Divulgacao-101.jpeg?fit=1000%2C666&ssl=1&resize=700%2C400 2x"},"classes":[]},{"id":57659,"url":"https:\/\/noticiasribeiraopreto.com.br\/index.php\/2024\/09\/06\/ribeirao-preto-cria-cargo-de-coordenador-pedagogico-para-educacao-infantil\/","url_meta":{"origin":81610,"position":3},"title":"Ribeir\u00e3o Preto Cria Cargo de Coordenador Pedag\u00f3gico para Educa\u00e7\u00e3o Infantil","author":"noticiasribeiraopreto.com.br","date":"6 de September de 2024","format":false,"excerpt":"A C\u00e2mara Municipal de Ribeir\u00e3o Preto aprovou a cria\u00e7\u00e3o do cargo de Coordenador Pedag\u00f3gico para a Educa\u00e7\u00e3o Infantil, uma medida que promete fortalecer a qualidade do ensino nas creches e escolas municipais. A decis\u00e3o foi tomada em uma sess\u00e3o plen\u00e1ria, onde os vereadores destacaram a import\u00e2ncia desse novo cargo para\u2026","rel":"","context":"In &quot;Not\u00edcias de Ribeir\u00e3o Preto-SP e Regi\u00e3o&quot;","block_context":{"text":"Not\u00edcias de Ribeir\u00e3o Preto-SP e Regi\u00e3o","link":"https:\/\/noticiasribeiraopreto.com.br\/index.php\/category\/noticias-de-ribeirao-preto-sp-e-regiao-ismael-colosi\/"},"img":{"alt_text":"","src":"","width":0,"height":0},"classes":[]},{"id":15719,"url":"https:\/\/noticiasribeiraopreto.com.br\/index.php\/2023\/12\/14\/sp-cria-1-035-vagas-de-professor-de-educacao-infantil-via-concurso-publico-2\/","url_meta":{"origin":81610,"position":4},"title":"SP cria 1.035 vagas de Professor de Educa\u00e7\u00e3o Infantil via concurso p\u00fablico","author":"noticiasribeiraopreto.com.br","date":"14 de December de 2023","format":false,"excerpt":"Na tarde desta quarta-feira (13), a C\u00e2mara Municipal de S\u00e3o Paulo aprovou, em segundo e definitivo turno de vota\u00e7\u00e3o, o Projeto de Lei (PL) 712\/2023. O PL cria\u00a0 cria 1.035 vagas para o cargo de Professor de Educa\u00e7\u00e3o Infantil da Classe dos Docentes, integrante da carreira do Magist\u00e9rio Municipal e\u2026","rel":"","context":"In &quot;Vagas de Emprego em Ribeir\u00e3o Preto-SP&quot;","block_context":{"text":"Vagas de Emprego em Ribeir\u00e3o Preto-SP","link":"https:\/\/noticiasribeiraopreto.com.br\/index.php\/category\/empregos-classificados-vagas-trabalho\/vagas-de-empregos-em-ribeirao-preto-regiao-brasil\/"},"img":{"alt_text":"","src":"https:\/\/i0.wp.com\/noticiasribeiraopreto.com.br\/wp-content\/uploads\/2023\/12\/1702553230_concurso-professor-sao-paulo_.jpg?fit=1200%2C675&ssl=1&resize=350%2C200","width":350,"height":200,"srcset":"https:\/\/i0.wp.com\/noticiasribeiraopreto.com.br\/wp-content\/uploads\/2023\/12\/1702553230_concurso-professor-sao-paulo_.jpg?fit=1200%2C675&ssl=1&resize=350%2C200 1x, https:\/\/i0.wp.com\/noticiasribeiraopreto.com.br\/wp-content\/uploads\/2023\/12\/1702553230_concurso-professor-sao-paulo_.jpg?fit=1200%2C675&ssl=1&resize=525%2C300 1.5x, https:\/\/i0.wp.com\/noticiasribeiraopreto.com.br\/wp-content\/uploads\/2023\/12\/1702553230_concurso-professor-sao-paulo_.jpg?fit=1200%2C675&ssl=1&resize=700%2C400 2x, https:\/\/i0.wp.com\/noticiasribeiraopreto.com.br\/wp-content\/uploads\/2023\/12\/1702553230_concurso-professor-sao-paulo_.jpg?fit=1200%2C675&ssl=1&resize=1050%2C600 3x"},"classes":[]},{"id":77753,"url":"https:\/\/noticiasribeiraopreto.com.br\/index.php\/2025\/09\/25\/ribeirao-preto-tem-ultimo-dia-de-inscricoes-para-vagas-na-educacao-infantil\/","url_meta":{"origin":81610,"position":5},"title":"Ribeir\u00e3o Preto tem \u00faltimo dia de inscri\u00e7\u00f5es para vagas na educa\u00e7\u00e3o infantil","author":"noticiasribeiraopreto.com.br","date":"25 de September de 2025","format":false,"excerpt":"Termina nesta quinta-feira (25) o prazo das inscri\u00e7\u00f5es para as vagas na Educa\u00e7\u00e3o Infantil da rede municipal de ensino de Ribeir\u00e3o Preto. As vagas s\u00e3o destinadas a crian\u00e7as de 0 a 5 anos para o ano letivo de 2026. O per\u00edodo de cadastro, que teve in\u00edcio em 25 de agosto,\u2026","rel":"","context":"In &quot;Not\u00edcias de Ribeir\u00e3o Preto-SP e Regi\u00e3o&quot;","block_context":{"text":"Not\u00edcias de Ribeir\u00e3o Preto-SP e Regi\u00e3o","link":"https:\/\/noticiasribeiraopreto.com.br\/index.php\/category\/noticias-de-ribeirao-preto-sp-e-regiao-ismael-colosi\/"},"img":{"alt_text":"","src":"https:\/\/i0.wp.com\/noticiasribeiraopreto.com.br\/wp-content\/uploads\/2025\/07\/escola-infantil-ribeirao-preto_2024-09-03_19-11-33_jpg_2024-09-03_19-11-33.webp.webp?fit=1200%2C675&ssl=1&resize=350%2C200","width":350,"height":200,"srcset":"https:\/\/i0.wp.com\/noticiasribeiraopreto.com.br\/wp-content\/uploads\/2025\/07\/escola-infantil-ribeirao-preto_2024-09-03_19-11-33_jpg_2024-09-03_19-11-33.webp.webp?fit=1200%2C675&ssl=1&resize=350%2C200 1x, https:\/\/i0.wp.com\/noticiasribeiraopreto.com.br\/wp-content\/uploads\/2025\/07\/escola-infantil-ribeirao-preto_2024-09-03_19-11-33_jpg_2024-09-03_19-11-33.webp.webp?fit=1200%2C675&ssl=1&resize=525%2C300 1.5x, https:\/\/i0.wp.com\/noticiasribeiraopreto.com.br\/wp-content\/uploads\/2025\/07\/escola-infantil-ribeirao-preto_2024-09-03_19-11-33_jpg_2024-09-03_19-11-33.webp.webp?fit=1200%2C675&ssl=1&resize=700%2C400 2x, https:\/\/i0.wp.com\/noticiasribeiraopreto.com.br\/wp-content\/uploads\/2025\/07\/escola-infantil-ribeirao-preto_2024-09-03_19-11-33_jpg_2024-09-03_19-11-33.webp.webp?fit=1200%2C675&ssl=1&resize=1050%2C600 3x"},"classes":[]}],"jetpack_sharing_enabled":true,"jetpack_shortlink":"https:\/\/wp.me\/peQAOb-lei","_links":{"self":[{"href":"https:\/\/noticiasribeiraopreto.com.br\/index.php\/wp-json\/wp\/v2\/posts\/81610","targetHints":{"allow":["GET"]}}],"collection":[{"href":"https:\/\/noticiasribeiraopreto.com.br\/index.php\/wp-json\/wp\/v2\/posts"}],"about":[{"href":"https:\/\/noticiasribeiraopreto.com.br\/index.php\/wp-json\/wp\/v2\/types\/post"}],"author":[{"embeddable":true,"href":"https:\/\/noticiasribeiraopreto.com.br\/index.php\/wp-json\/wp\/v2\/users\/1"}],"replies":[{"embeddable":true,"href":"https:\/\/noticiasribeiraopreto.com.br\/index.php\/wp-json\/wp\/v2\/comments?post=81610"}],"version-history":[{"count":0,"href":"https:\/\/noticiasribeiraopreto.com.br\/index.php\/wp-json\/wp\/v2\/posts\/81610\/revisions"}],"wp:featuredmedia":[{"embeddable":true,"href":"https:\/\/noticiasribeiraopreto.com.br\/index.php\/wp-json\/wp\/v2\/media\/81611"}],"wp:attachment":[{"href":"https:\/\/noticiasribeiraopreto.com.br\/index.php\/wp-json\/wp\/v2\/media?parent=81610"}],"wp:term":[{"taxonomy":"category","embeddable":true,"href":"https:\/\/noticiasribeiraopreto.com.br\/index.php\/wp-json\/wp\/v2\/categories?post=81610"},{"taxonomy":"post_tag","embeddable":true,"href":"https:\/\/noticiasribeiraopreto.com.br\/index.php\/wp-json\/wp\/v2\/tags?post=81610"}],"curies":[{"name":"wp","href":"https:\/\/api.w.org\/{rel}","templated":true}]}}