{"id":81612,"date":"2026-01-11T08:49:26","date_gmt":"2026-01-11T11:49:26","guid":{"rendered":"https:\/\/noticiasribeiraopreto.com.br\/index.php\/2026\/01\/11\/bombeiros-resgatam-pessoa-que-caiu-em-corrego-de-ribeirao-preto\/"},"modified":"2026-01-11T08:49:26","modified_gmt":"2026-01-11T11:49:26","slug":"bombeiros-resgatam-pessoa-que-caiu-em-corrego-de-ribeirao-preto","status":"publish","type":"post","link":"https:\/\/noticiasribeiraopreto.com.br\/index.php\/2026\/01\/11\/bombeiros-resgatam-pessoa-que-caiu-em-corrego-de-ribeirao-preto\/","title":{"rendered":"Bombeiros resgatam pessoa que caiu em c\u00f3rrego de Ribeir\u00e3o Preto"},"content":{"rendered":"<div class='code-block code-block-1' style='margin: 8px 0 8px auto; text-align: right; display: block; clear: both;'>\n<p><a href=\"https:\/\/wa.link\/vpicfd\"><img data-recalc-dims=\"1\" class=\"wp-image-4922\" style=\"aspect-ratio: 2.0253164556962027; width: 561px; height: auto;\" src=\"https:\/\/i0.wp.com\/ismaelcolosi.com.br\/wp-content\/uploads\/2023\/11\/grupo-de-empregos-whatsapp-e-facebook-ismael-colosi-vagas.jpg?ssl=1\" alt=\"\" \/><\/a><\/p>\n<!-- \/wp:image -->\n<\/div>\n<p> <br \/>\n<\/p>\n<p>O <strong>Corpo de Bombeiros <\/strong>resgatou uma pessoa que caiu no c\u00f3rrego que corta a<strong> avenida Jer\u00f4nimo Gon\u00e7alves<\/strong>, em <strong>Ribeir\u00e3o Preto<\/strong>. O incidente aconteceu na manh\u00e3 deste s\u00e1bado (10).<\/p>\n<p>Segundo os Bombeiros, a v\u00edtima caiu no ribeir\u00e3o Preto por volta das 6h. Viaturas foram enviadas ao local para prestar socorro.<\/p>\n<p>Os Bombeiros informaram que a v\u00edtima foi retirada sem ferimentos e recusou socorro para hospital (com informa\u00e7\u00f5es <strong>EPTV<\/strong>).<\/p>\n<p>SAIBA MAIS<br \/>Cinema de Ribeir\u00e3o tem sess\u00e3o adaptada de Bob Esponja para p\u00fablico com TEA<\/p>\n<h2 class=\"wp-block-heading\"><strong>FIQUE ON<\/strong><\/h2>\n<p>Fique ligado em tudo que acontece em Ribeir\u00e3o Preto e regi\u00e3o. Siga os perfis do&nbsp;<strong>acidade on&nbsp;<\/strong>no<a href=\"https:\/\/www.instagram.com\/acidadeonribeirao\" target=\"_blank\" rel=\"noreferrer noopener\">&nbsp;Instagram&nbsp;<\/a>e no&nbsp;<a href=\"https:\/\/www.facebook.com\/acidadeonribeirao\/\" target=\"_blank\" rel=\"noreferrer noopener\">Facebook<\/a>.<\/p>\n<p>Receba not\u00edcias do&nbsp;<strong>acidade on&nbsp;<\/strong>no WhatsApp. Para entrar no grupo,&nbsp;basta<a href=\"https:\/\/chat.whatsapp.com\/GFH9HUMUTHNFJdnyEd0xxq\" target=\"_blank\" rel=\"noreferrer noopener\">&nbsp;clicar aqui<\/a>. Ou, acesse o nosso&nbsp;Canal&nbsp;<a href=\"https:\/\/whatsapp.com\/channel\/0029Vb6IQl1JENyAeS57fk2p\" target=\"_blank\" rel=\"noreferrer noopener\">clicando aqui<\/a>.<\/p>\n<p>Fa\u00e7a uma den\u00fancia ou sugira uma reportagem sobre Ribeir\u00e3o Preto e regi\u00e3o pelo WhatsApp: 16 99117 7802.<\/p>\n<p>VEJA TAMB\u00c9M<br \/>Casas de Vidro esquentam o BBB 26; veja participantes do Sudeste<\/p>\n<p>O post Bombeiros resgatam pessoa que caiu em c\u00f3rrego de Ribeir\u00e3o Preto apareceu primeiro em ACidade ON Ribeir\u00e3o Preto.<\/p>\n<p><script async src=\"\/\/www.instagram.com\/embed.js\"><\/script><br \/>\n<br \/><br \/>\n<br \/><a href=\"https:\/\/www.acidadeon.com\/ribeiraopreto\/cotidiano\/bombeiros-resgatam-pessoa-que-caiu-em-corrego-de-ribeirao-preto\/\">Source link <\/a><\/p>\n<!-- CONTENT END 1 -->\n","protected":false},"excerpt":{"rendered":"<p>O Corpo de Bombeiros resgatou uma pessoa que caiu no c\u00f3rrego que corta a avenida Jer\u00f4nimo Gon\u00e7alves, em Ribeir\u00e3o Preto. O incidente aconteceu na manh\u00e3&#8230;<\/p>\n","protected":false},"author":1,"featured_media":81613,"comment_status":"open","ping_status":"open","sticky":false,"template":"","format":"standard","meta":{"advanced_seo_description":"","jetpack_seo_html_title":"","jetpack_seo_noindex":false,"jetpack_post_was_ever_published":false,"_jetpack_newsletter_access":"","_jetpack_dont_email_post_to_subs":false,"_jetpack_newsletter_tier_id":0,"_jetpack_memberships_contains_paywalled_content":false,"_jetpack_memberships_contains_paid_content":false,"footnotes":"","jetpack_publicize_message":"","jetpack_publicize_feature_enabled":true,"jetpack_social_post_already_shared":true,"jetpack_social_options":{"image_generator_settings":{"template":"highway","default_image_id":0,"font":"","enabled":false},"version":2}},"categories":[11],"tags":[],"class_list":["post-81612","post","type-post","status-publish","format-standard","has-post-thumbnail","hentry","category-noticias-de-ribeirao-preto-sp-e-regiao-ismael-colosi"],"jetpack_publicize_connections":[],"jetpack_featured_media_url":"https:\/\/i0.wp.com\/noticiasribeiraopreto.com.br\/wp-content\/uploads\/2026\/01\/avenida-jeronimo-goncalves_2026-01-10_14-57-30.webp.webp?fit=1200%2C900&ssl=1","jetpack-related-posts":[{"id":43355,"url":"https:\/\/noticiasribeiraopreto.com.br\/index.php\/2024\/03\/20\/homem-cai-em-corrego-e-e-arrastado-por-tres-quilometros-na-regiao-de-ribeirao-veja-video\/","url_meta":{"origin":81612,"position":0},"title":"Homem cai em c\u00f3rrego e \u00e9 arrastado por tr\u00eas quil\u00f4metros na regi\u00e3o de Ribeir\u00e3o; Veja v\u00eddeo","author":"noticiasribeiraopreto.com.br","date":"20 de March de 2024","format":false,"excerpt":"Um homem, de 41 anos, caiu dentro do c\u00f3rrego dos Bagres, em Franca, cidade na regi\u00e3o de Ribeir\u00e3o Preto, e foi arrastado na tarde desta quarta-feira (20). Chovia forte na cidade no momento do ocorrido. De acordo com as informa\u00e7\u00f5es do Corpo de Bombeiros (CB), a v\u00edtima foi arrastada por\u2026","rel":"","context":"In &quot;Not\u00edcias de Ribeir\u00e3o Preto-SP e Regi\u00e3o&quot;","block_context":{"text":"Not\u00edcias de Ribeir\u00e3o Preto-SP e Regi\u00e3o","link":"https:\/\/noticiasribeiraopreto.com.br\/index.php\/category\/noticias-de-ribeirao-preto-sp-e-regiao-ismael-colosi\/"},"img":{"alt_text":"","src":"https:\/\/i0.wp.com\/noticiasribeiraopreto.com.br\/wp-content\/uploads\/2024\/03\/AnyConv.com__Copia-de-Copia-de-TAMANHO-EXATO-PARA-FOTOS-NO-SISTEMA-NOVO-14.webp.webp?fit=1200%2C675&ssl=1&resize=350%2C200","width":350,"height":200,"srcset":"https:\/\/i0.wp.com\/noticiasribeiraopreto.com.br\/wp-content\/uploads\/2024\/03\/AnyConv.com__Copia-de-Copia-de-TAMANHO-EXATO-PARA-FOTOS-NO-SISTEMA-NOVO-14.webp.webp?fit=1200%2C675&ssl=1&resize=350%2C200 1x, https:\/\/i0.wp.com\/noticiasribeiraopreto.com.br\/wp-content\/uploads\/2024\/03\/AnyConv.com__Copia-de-Copia-de-TAMANHO-EXATO-PARA-FOTOS-NO-SISTEMA-NOVO-14.webp.webp?fit=1200%2C675&ssl=1&resize=525%2C300 1.5x, https:\/\/i0.wp.com\/noticiasribeiraopreto.com.br\/wp-content\/uploads\/2024\/03\/AnyConv.com__Copia-de-Copia-de-TAMANHO-EXATO-PARA-FOTOS-NO-SISTEMA-NOVO-14.webp.webp?fit=1200%2C675&ssl=1&resize=700%2C400 2x, https:\/\/i0.wp.com\/noticiasribeiraopreto.com.br\/wp-content\/uploads\/2024\/03\/AnyConv.com__Copia-de-Copia-de-TAMANHO-EXATO-PARA-FOTOS-NO-SISTEMA-NOVO-14.webp.webp?fit=1200%2C675&ssl=1&resize=1050%2C600 3x"},"classes":[]},{"id":53093,"url":"https:\/\/noticiasribeiraopreto.com.br\/index.php\/2024\/06\/16\/morre-trabalhador-que-caiu-e-ficou-preso-em-maquina-de-bater-acucar-na-regiao-de-ribeirao\/","url_meta":{"origin":81612,"position":1},"title":"Morre trabalhador que caiu e ficou preso em m\u00e1quina de bater a\u00e7\u00facar na regi\u00e3o de Ribeir\u00e3o","author":"noticiasribeiraopreto.com.br","date":"16 de June de 2024","format":false,"excerpt":"O trabalhador, que caiu e ficou preso inconsciente em uma m\u00e1quina de bater a\u00e7\u00facar, n\u00e3o resistiu e morreu ainda no local. O acidente aconteceu no in\u00edcio da manh\u00e3 deste domingo (16), em uma f\u00e1brica de\u00a0Jardin\u00f3polis, cidade a 23 quil\u00f4metros de Ribeir\u00e3o Preto. A confirma\u00e7\u00e3o da morte foi feita por um\u2026","rel":"","context":"In &quot;Not\u00edcias de Ribeir\u00e3o Preto-SP e Regi\u00e3o&quot;","block_context":{"text":"Not\u00edcias de Ribeir\u00e3o Preto-SP e Regi\u00e3o","link":"https:\/\/noticiasribeiraopreto.com.br\/index.php\/category\/noticias-de-ribeirao-preto-sp-e-regiao-ismael-colosi\/"},"img":{"alt_text":"","src":"https:\/\/i0.wp.com\/noticiasribeiraopreto.com.br\/wp-content\/uploads\/2024\/06\/WhatsApp-Image-2023-10-01-at-15.55.52.jpeg?fit=1024%2C576&ssl=1&resize=350%2C200","width":350,"height":200,"srcset":"https:\/\/i0.wp.com\/noticiasribeiraopreto.com.br\/wp-content\/uploads\/2024\/06\/WhatsApp-Image-2023-10-01-at-15.55.52.jpeg?fit=1024%2C576&ssl=1&resize=350%2C200 1x, https:\/\/i0.wp.com\/noticiasribeiraopreto.com.br\/wp-content\/uploads\/2024\/06\/WhatsApp-Image-2023-10-01-at-15.55.52.jpeg?fit=1024%2C576&ssl=1&resize=525%2C300 1.5x, https:\/\/i0.wp.com\/noticiasribeiraopreto.com.br\/wp-content\/uploads\/2024\/06\/WhatsApp-Image-2023-10-01-at-15.55.52.jpeg?fit=1024%2C576&ssl=1&resize=700%2C400 2x"},"classes":[]},{"id":51527,"url":"https:\/\/noticiasribeiraopreto.com.br\/index.php\/2024\/05\/27\/carro-cai-em-corrego-da-avenida-francisco-junqueira-em-ribeirao-preto\/","url_meta":{"origin":81612,"position":2},"title":"Carro cai em c\u00f3rrego da avenida Francisco Junqueira em Ribeir\u00e3o Preto","author":"noticiasribeiraopreto.com.br","date":"27 de May de 2024","format":false,"excerpt":"Um carro caiu no c\u00f3rrego Retiro Saudoso, que corta a avenida Francisco Junqueira, em Ribeir\u00e3o Preto, na tarde desta segunda-feira (27). O acidente aconteceu por volta das 17h40, na altura do n\u00famero 1.800, pr\u00f3ximo ao cruzamento com a rua Olavo Bilac. De acordo com as primeiras informa\u00e7\u00f5es do Corpo de\u2026","rel":"","context":"In &quot;Not\u00edcias de Ribeir\u00e3o Preto-SP e Regi\u00e3o&quot;","block_context":{"text":"Not\u00edcias de Ribeir\u00e3o Preto-SP e Regi\u00e3o","link":"https:\/\/noticiasribeiraopreto.com.br\/index.php\/category\/noticias-de-ribeirao-preto-sp-e-regiao-ismael-colosi\/"},"img":{"alt_text":"","src":"https:\/\/i0.wp.com\/noticiasribeiraopreto.com.br\/wp-content\/uploads\/2024\/05\/Copia-de-Copia-de-TAMANHO-EXATO-PARA-FOTOS-NO-SISTEMA-NOVO-58_2024-05-27_21-06-39_png_2024-05-27_21-06-39.webp.webp?fit=1200%2C675&ssl=1&resize=350%2C200","width":350,"height":200,"srcset":"https:\/\/i0.wp.com\/noticiasribeiraopreto.com.br\/wp-content\/uploads\/2024\/05\/Copia-de-Copia-de-TAMANHO-EXATO-PARA-FOTOS-NO-SISTEMA-NOVO-58_2024-05-27_21-06-39_png_2024-05-27_21-06-39.webp.webp?fit=1200%2C675&ssl=1&resize=350%2C200 1x, https:\/\/i0.wp.com\/noticiasribeiraopreto.com.br\/wp-content\/uploads\/2024\/05\/Copia-de-Copia-de-TAMANHO-EXATO-PARA-FOTOS-NO-SISTEMA-NOVO-58_2024-05-27_21-06-39_png_2024-05-27_21-06-39.webp.webp?fit=1200%2C675&ssl=1&resize=525%2C300 1.5x, https:\/\/i0.wp.com\/noticiasribeiraopreto.com.br\/wp-content\/uploads\/2024\/05\/Copia-de-Copia-de-TAMANHO-EXATO-PARA-FOTOS-NO-SISTEMA-NOVO-58_2024-05-27_21-06-39_png_2024-05-27_21-06-39.webp.webp?fit=1200%2C675&ssl=1&resize=700%2C400 2x, https:\/\/i0.wp.com\/noticiasribeiraopreto.com.br\/wp-content\/uploads\/2024\/05\/Copia-de-Copia-de-TAMANHO-EXATO-PARA-FOTOS-NO-SISTEMA-NOVO-58_2024-05-27_21-06-39_png_2024-05-27_21-06-39.webp.webp?fit=1200%2C675&ssl=1&resize=1050%2C600 3x"},"classes":[]},{"id":60980,"url":"https:\/\/noticiasribeiraopreto.com.br\/index.php\/2024\/11\/30\/motorista-fica-ferido-apos-carro-cair-em-corrego-na-regiao-de-ribeirao-preto\/","url_meta":{"origin":81612,"position":3},"title":"Motorista fica ferido ap\u00f3s carro cair em c\u00f3rrego na regi\u00e3o de Ribeir\u00e3o Preto","author":"noticiasribeiraopreto.com.br","date":"30 de November de 2024","format":false,"excerpt":"Um homem ficou ferido ap\u00f3s perder o controle do carro e cair em um c\u00f3rrego na avenida Carlos Berchieri, em Jaboticabal, cidade a 55 quil\u00f4metros de Ribeir\u00e3o Preto, na madrugada deste s\u00e1bado (30). Segundo o Corpo de Bombeiros, o motorista teria perdido o controle na via quando atingiu uma mureta\u2026","rel":"","context":"In &quot;Not\u00edcias de Ribeir\u00e3o Preto-SP e Regi\u00e3o&quot;","block_context":{"text":"Not\u00edcias de Ribeir\u00e3o Preto-SP e Regi\u00e3o","link":"https:\/\/noticiasribeiraopreto.com.br\/index.php\/category\/noticias-de-ribeirao-preto-sp-e-regiao-ismael-colosi\/"},"img":{"alt_text":"","src":"https:\/\/i0.wp.com\/noticiasribeiraopreto.com.br\/wp-content\/uploads\/2024\/11\/carlos-berchieri_2024-11-30_19-42-19_jpeg_2024-11-30_19-42-20.webp.webp?fit=1200%2C900&ssl=1&resize=350%2C200","width":350,"height":200,"srcset":"https:\/\/i0.wp.com\/noticiasribeiraopreto.com.br\/wp-content\/uploads\/2024\/11\/carlos-berchieri_2024-11-30_19-42-19_jpeg_2024-11-30_19-42-20.webp.webp?fit=1200%2C900&ssl=1&resize=350%2C200 1x, https:\/\/i0.wp.com\/noticiasribeiraopreto.com.br\/wp-content\/uploads\/2024\/11\/carlos-berchieri_2024-11-30_19-42-19_jpeg_2024-11-30_19-42-20.webp.webp?fit=1200%2C900&ssl=1&resize=525%2C300 1.5x, https:\/\/i0.wp.com\/noticiasribeiraopreto.com.br\/wp-content\/uploads\/2024\/11\/carlos-berchieri_2024-11-30_19-42-19_jpeg_2024-11-30_19-42-20.webp.webp?fit=1200%2C900&ssl=1&resize=700%2C400 2x, https:\/\/i0.wp.com\/noticiasribeiraopreto.com.br\/wp-content\/uploads\/2024\/11\/carlos-berchieri_2024-11-30_19-42-19_jpeg_2024-11-30_19-42-20.webp.webp?fit=1200%2C900&ssl=1&resize=1050%2C600 3x"},"classes":[]},{"id":52106,"url":"https:\/\/noticiasribeiraopreto.com.br\/index.php\/2024\/06\/04\/corpo-e-encontrado-em-corrego-na-avenida-jeronimo-goncalves-em-ribeirao-preto\/","url_meta":{"origin":81612,"position":4},"title":"Corpo \u00e9 encontrado em c\u00f3rrego na avenida Jer\u00f4nimo Gon\u00e7alves em Ribeir\u00e3o Preto","author":"noticiasribeiraopreto.com.br","date":"4 de June de 2024","format":false,"excerpt":"Um corpo foi encontrado na madrugada desta ter\u00e7a-feira (4), no ribeir\u00e3o Preto, na avenida Jer\u00f4nimo Gon\u00e7alves, em Ribeir\u00e3o Preto. Segundo as primeiras informa\u00e7\u00f5es, o corpo, que seria de um homem ainda sem identifica\u00e7\u00e3o, foi retirado da \u00e1gua por uma equipe dos Bombeiros, na altura do Terminal de \u00f4nibus Dra.\u00a0Evangelina de\u2026","rel":"","context":"In &quot;Not\u00edcias de Ribeir\u00e3o Preto-SP e Regi\u00e3o&quot;","block_context":{"text":"Not\u00edcias de Ribeir\u00e3o Preto-SP e Regi\u00e3o","link":"https:\/\/noticiasribeiraopreto.com.br\/index.php\/category\/noticias-de-ribeirao-preto-sp-e-regiao-ismael-colosi\/"},"img":{"alt_text":"","src":"https:\/\/i0.wp.com\/noticiasribeiraopreto.com.br\/wp-content\/uploads\/2024\/06\/sirene_pm_1024x576_04022021085205.jpg?fit=1024%2C576&ssl=1&resize=350%2C200","width":350,"height":200,"srcset":"https:\/\/i0.wp.com\/noticiasribeiraopreto.com.br\/wp-content\/uploads\/2024\/06\/sirene_pm_1024x576_04022021085205.jpg?fit=1024%2C576&ssl=1&resize=350%2C200 1x, https:\/\/i0.wp.com\/noticiasribeiraopreto.com.br\/wp-content\/uploads\/2024\/06\/sirene_pm_1024x576_04022021085205.jpg?fit=1024%2C576&ssl=1&resize=525%2C300 1.5x, https:\/\/i0.wp.com\/noticiasribeiraopreto.com.br\/wp-content\/uploads\/2024\/06\/sirene_pm_1024x576_04022021085205.jpg?fit=1024%2C576&ssl=1&resize=700%2C400 2x"},"classes":[]},{"id":43042,"url":"https:\/\/noticiasribeiraopreto.com.br\/index.php\/2024\/03\/18\/bombeiros-trabalham-na-retirada-do-corpo-de-motorista-de-caminhao-que-caiu-em-rio-na-regiao-de-ribeirao\/","url_meta":{"origin":81612,"position":5},"title":"Bombeiros trabalham na retirada do corpo de motorista de caminh\u00e3o que caiu em rio na regi\u00e3o de Ribeir\u00e3o","author":"noticiasribeiraopreto.com.br","date":"18 de March de 2024","format":false,"excerpt":"O Corpo de Bombeiros (CB) informou que est\u00e1 trabalhando com a hip\u00f3tese de que o motorista que dirigia o caminh\u00e3o que caiu no rio Pardo n\u00e3o tenha sobrevivido ao acidente. O acidente aconteceu pr\u00f3ximo ao distrito de Cruz das Posses, na regi\u00e3o de Ribeir\u00e3o Preto, na tarde desta segunda-feira (18).\u2026","rel":"","context":"In &quot;Not\u00edcias de Ribeir\u00e3o Preto-SP e Regi\u00e3o&quot;","block_context":{"text":"Not\u00edcias de Ribeir\u00e3o Preto-SP e Regi\u00e3o","link":"https:\/\/noticiasribeiraopreto.com.br\/index.php\/category\/noticias-de-ribeirao-preto-sp-e-regiao-ismael-colosi\/"},"img":{"alt_text":"","src":"https:\/\/i0.wp.com\/noticiasribeiraopreto.com.br\/wp-content\/uploads\/2024\/03\/WhatsApp-Image-2024-03-18-at-17.58.10-scaled.jpeg?fit=1200%2C900&ssl=1&resize=350%2C200","width":350,"height":200,"srcset":"https:\/\/i0.wp.com\/noticiasribeiraopreto.com.br\/wp-content\/uploads\/2024\/03\/WhatsApp-Image-2024-03-18-at-17.58.10-scaled.jpeg?fit=1200%2C900&ssl=1&resize=350%2C200 1x, https:\/\/i0.wp.com\/noticiasribeiraopreto.com.br\/wp-content\/uploads\/2024\/03\/WhatsApp-Image-2024-03-18-at-17.58.10-scaled.jpeg?fit=1200%2C900&ssl=1&resize=525%2C300 1.5x, https:\/\/i0.wp.com\/noticiasribeiraopreto.com.br\/wp-content\/uploads\/2024\/03\/WhatsApp-Image-2024-03-18-at-17.58.10-scaled.jpeg?fit=1200%2C900&ssl=1&resize=700%2C400 2x, https:\/\/i0.wp.com\/noticiasribeiraopreto.com.br\/wp-content\/uploads\/2024\/03\/WhatsApp-Image-2024-03-18-at-17.58.10-scaled.jpeg?fit=1200%2C900&ssl=1&resize=1050%2C600 3x"},"classes":[]}],"jetpack_sharing_enabled":true,"jetpack_shortlink":"https:\/\/wp.me\/peQAOb-lek","_links":{"self":[{"href":"https:\/\/noticiasribeiraopreto.com.br\/index.php\/wp-json\/wp\/v2\/posts\/81612","targetHints":{"allow":["GET"]}}],"collection":[{"href":"https:\/\/noticiasribeiraopreto.com.br\/index.php\/wp-json\/wp\/v2\/posts"}],"about":[{"href":"https:\/\/noticiasribeiraopreto.com.br\/index.php\/wp-json\/wp\/v2\/types\/post"}],"author":[{"embeddable":true,"href":"https:\/\/noticiasribeiraopreto.com.br\/index.php\/wp-json\/wp\/v2\/users\/1"}],"replies":[{"embeddable":true,"href":"https:\/\/noticiasribeiraopreto.com.br\/index.php\/wp-json\/wp\/v2\/comments?post=81612"}],"version-history":[{"count":0,"href":"https:\/\/noticiasribeiraopreto.com.br\/index.php\/wp-json\/wp\/v2\/posts\/81612\/revisions"}],"wp:featuredmedia":[{"embeddable":true,"href":"https:\/\/noticiasribeiraopreto.com.br\/index.php\/wp-json\/wp\/v2\/media\/81613"}],"wp:attachment":[{"href":"https:\/\/noticiasribeiraopreto.com.br\/index.php\/wp-json\/wp\/v2\/media?parent=81612"}],"wp:term":[{"taxonomy":"category","embeddable":true,"href":"https:\/\/noticiasribeiraopreto.com.br\/index.php\/wp-json\/wp\/v2\/categories?post=81612"},{"taxonomy":"post_tag","embeddable":true,"href":"https:\/\/noticiasribeiraopreto.com.br\/index.php\/wp-json\/wp\/v2\/tags?post=81612"}],"curies":[{"name":"wp","href":"https:\/\/api.w.org\/{rel}","templated":true}]}}