{"id":81616,"date":"2026-01-11T10:49:02","date_gmt":"2026-01-11T13:49:02","guid":{"rendered":"https:\/\/noticiasribeiraopreto.com.br\/index.php\/2026\/01\/11\/pesquisa-revela-posicionamento-dos-jovens-brasileiros\/"},"modified":"2026-01-11T10:49:02","modified_gmt":"2026-01-11T13:49:02","slug":"pesquisa-revela-posicionamento-dos-jovens-brasileiros","status":"publish","type":"post","link":"https:\/\/noticiasribeiraopreto.com.br\/index.php\/2026\/01\/11\/pesquisa-revela-posicionamento-dos-jovens-brasileiros\/","title":{"rendered":"Pesquisa revela posicionamento dos jovens brasileiros"},"content":{"rendered":"<div class='code-block code-block-1' style='margin: 8px 0 8px auto; text-align: right; display: block; clear: both;'>\n<p><a href=\"https:\/\/wa.link\/vpicfd\"><img data-recalc-dims=\"1\" class=\"wp-image-4922\" style=\"aspect-ratio: 2.0253164556962027; width: 561px; height: auto;\" src=\"https:\/\/i0.wp.com\/ismaelcolosi.com.br\/wp-content\/uploads\/2023\/11\/grupo-de-empregos-whatsapp-e-facebook-ismael-colosi-vagas.jpg?ssl=1\" alt=\"\" \/><\/a><\/p>\n<!-- \/wp:image -->\n<\/div>\n<p> <br \/>\n<\/p>\n<div>\n<p>Uma pesquisa divulgada pela Funda\u00e7\u00e3o Friedrich Ebert Stiftung (FES Brasil) aponta que jovens brasileiras, na faixa et\u00e1ria de 15 a 35 anos, demonstram posicionamentos mais progressistas em compara\u00e7\u00e3o aos homens da mesma idade, que se mostram mais conservadores.<\/p>\n<p>Segundo os dados, 65% das mulheres destacaram a import\u00e2ncia de pol\u00edticas p\u00fablicas voltadas para sa\u00fade, educa\u00e7\u00e3o e combate \u00e0 pobreza, enquanto os homens apresentaram maior tend\u00eancia ao conservadorismo, especialmente em temas como aborto e valores sociais.<\/p>\n<p>Entre as mulheres, houve uma inclina\u00e7\u00e3o quatro pontos percentuais maior \u00e0 esquerda do espectro pol\u00edtico em rela\u00e7\u00e3o aos homens. Apesar das diferen\u00e7as, ambos os grupos concordam sobre a necessidade de pol\u00edticas p\u00fablicas e de redu\u00e7\u00e3o das desigualdades no pa\u00eds.<\/p>\n<p>No total, 38% dos entrevistados se declararam de direita, 44% de centro e 18% de esquerda. O diretor de Projetos da FES Brasil, Willian Habermann, ressalta que, embora haja um posicionamento mais \u00e0 direita, muitos jovens apoiam valores progressistas, como igualdade de direitos e o papel do Estado.<\/p>\n<p>Entre todos os jovens, 66% apoiam a liberdade de orienta\u00e7\u00e3o sexual e identidade de g\u00eanero, 58% aceitam o casamento entre pessoas do mesmo sexo e 59% concordam com o acesso de pessoas transg\u00eanero a cuidados de sa\u00fade relacionados \u00e0 afirma\u00e7\u00e3o de g\u00eanero. Em rela\u00e7\u00e3o ao aborto, 33% apoiam a legaliza\u00e7\u00e3o, 51% s\u00e3o contr\u00e1rios e 16% n\u00e3o souberam responder.<\/p>\n<p>A maioria considera a democracia a melhor forma de governo. No entanto, 49% acreditam que a democracia pode funcionar sem partidos pol\u00edticos. Al\u00e9m disso, 58% preferem um l\u00edder forte a partidos ou institui\u00e7\u00f5es, enquanto 29% preferem um governo autorit\u00e1rio.<\/p>\n<p>A pesquisa tamb\u00e9m aponta uma crise de confian\u00e7a nas institui\u00e7\u00f5es tradicionais: 57% n\u00e3o confiam nos partidos, 45% desconfiam da Presid\u00eancia da Rep\u00fablica e 42% do Legislativo. Universidades, igrejas e meios de comunica\u00e7\u00e3o s\u00e3o apontados como institui\u00e7\u00f5es mais confi\u00e1veis. A desconfian\u00e7a \u00e9 maior entre jovens negros em rela\u00e7\u00e3o \u00e0 pol\u00edcia e ao sistema judici\u00e1rio, refletindo desigualdades raciais e o impacto da viol\u00eancia institucional.<\/p>\n<p>\u00a0<\/p>\n<h2><strong>Prioridades dos jovens<\/strong><\/h2>\n<p>Os temas considerados priorit\u00e1rios s\u00e3o educa\u00e7\u00e3o e sa\u00fade (86%), prote\u00e7\u00e3o ambiental (85%), autonomia de povos ind\u00edgenas e comunidades \u00e9tnicas (75%) e regulamenta\u00e7\u00e3o de plataformas digitais (71%). Sessenta por cento defendem um imposto adicional para os mais ricos, visando \u00e0 redistribui\u00e7\u00e3o de renda.<\/p>\n<p>Apesar de 68% relatarem satisfa\u00e7\u00e3o com a vida e 70% com as rela\u00e7\u00f5es familiares, predomina a insatisfa\u00e7\u00e3o com a economia e a situa\u00e7\u00e3o do pa\u00eds. Entre jovens das classes mais baixas, 45% est\u00e3o desempregados ou em busca de oportunidades, e apenas 29% dos jovens pretos e 32% dos pardos t\u00eam trabalho est\u00e1vel, contra 45% dos brancos. Mesmo assim, 88% dos entrevistados mant\u00eam expectativas otimistas para os pr\u00f3ximos cinco anos.<\/p>\n<p>\u00a0<\/p>\n<h3><strong>Como eles se informam<\/strong><\/h3>\n<p>O acesso \u00e0s informa\u00e7\u00f5es ocorre principalmente pelas redes sociais, que s\u00e3o a fonte preferida para 60% dos jovens diariamente. Outros 33% utilizam as redes algumas vezes por semana. Plataformas como YouTube e WhatsApp tamb\u00e9m t\u00eam destaque, enquanto apenas 2% recorrem a jornais impressos.<\/p>\n<p>A pesquisa n\u00e3o identificou se os jovens checam a veracidade das informa\u00e7\u00f5es encontradas nas redes. Segundo a FES Brasil, a influ\u00eancia de influenciadores digitais foi menor do que o esperado.<\/p>\n<figure id=\"attachment_451541\" aria-describedby=\"caption-attachment-451541\" style=\"width: 300px\" class=\"wp-caption alignleft\"><img data-recalc-dims=\"1\" loading=\"lazy\" decoding=\"async\" class=\"size-medium wp-image-451541 lazyload\" src=\"https:\/\/i0.wp.com\/www.tribunaribeirao.com.br\/wp-content\/uploads\/2026\/01\/2-2-300x197.jpg?resize=300%2C197&#038;ssl=1\" alt=\"\" width=\"300\" height=\"197\" srcset=\"https:\/\/www.tribunaribeirao.com.br\/wp-content\/uploads\/2026\/01\/2-2-300x197.jpg 300w, https:\/\/www.tribunaribeirao.com.br\/wp-content\/uploads\/2026\/01\/2-2-1024x674.jpg 1024w, https:\/\/www.tribunaribeirao.com.br\/wp-content\/uploads\/2026\/01\/2-2-768x505.jpg 768w, https:\/\/www.tribunaribeirao.com.br\/wp-content\/uploads\/2026\/01\/2-2-960x632.jpg 960w, https:\/\/www.tribunaribeirao.com.br\/wp-content\/uploads\/2026\/01\/2-2-608x400.jpg 608w, https:\/\/www.tribunaribeirao.com.br\/wp-content\/uploads\/2026\/01\/2-2-585x385.jpg 585w, https:\/\/www.tribunaribeirao.com.br\/wp-content\/uploads\/2026\/01\/2-2-scaled.jpg 1186w\" data-sizes=\"(max-width: 300px) 100vw, 300px\" style=\"--smush-placeholder-width: 300px; --smush-placeholder-aspect-ratio: 300\/197;\"\/><figcaption id=\"caption-attachment-451541\" class=\"wp-caption-text\">60% dos jovens entrevistados afirmaram que sua fonte preferida de informa\u00e7\u00e3o s\u00e3o as redes sociais | Reprodu\u00e7\u00e3o<\/figcaption><\/figure>\n<p>O estudo, intitulado \u201cJuventudes: Um Desafio Pendente\u201d, entrevistou 2.024 jovens por meio de amostragem online, com uso de pain\u00e9is web. O levantamento faz parte de um estudo conduzido nos 14 pa\u00edses onde a FES atua.<\/p>\n<p>Em geral, jovens latino-americanos defendem a democracia, o papel do Estado na garantia de direitos sociais e o voto como ferramenta de transforma\u00e7\u00e3o. Na regi\u00e3o, a maioria se posiciona politicamente ao centro, seguida pela direita e, por \u00faltimo, pela esquerda.<\/p>\n<p>Habermann exemplifica que predominam posi\u00e7\u00f5es progressistas quanto \u00e0 igualdade e aos direitos: 66% apoiam a liberdade de orienta\u00e7\u00e3o sexual e identidade de g\u00eanero, 58% aceitam o casamento entre pessoas do mesmo sexo e 59% concordam que pessoas transg\u00eanero devem ter acesso a cuidados de sa\u00fade relacionados \u00e0 afirma\u00e7\u00e3o de g\u00eanero. J\u00e1 em rela\u00e7\u00e3o ao aborto, prevalece a posi\u00e7\u00e3o mais conservadora: apenas 33% apoiam a legaliza\u00e7\u00e3o, enquanto 51% s\u00e3o contr\u00e1rios e 16% n\u00e3o souberam responder.<\/p>\n<p>\u201cNo que tange a valores, especialmente os relacionados a g\u00eanero e ao papel do Estado, os dados mostram que a juventude talvez esteja entre o centro e a direita, mas reconhece o papel do Estado como fundamental para a sociedade brasileira\u201d, afirmou.<\/p>\n<p>\u00a0<\/p>\n<h4><strong>Crise de confian\u00e7a<\/strong><\/h4>\n<p>A maioria da juventude (66%) considera a democracia a melhor forma de governo, embora 49% acreditem que uma democracia pode funcionar sem partidos, o que sinaliza tens\u00f5es entre valores democr\u00e1ticos e autorit\u00e1rios.<\/p>\n<p>J\u00e1 58% dos entrevistados afirmaram preferir um l\u00edder forte, que resolva melhor os problemas, em vez de partidos ou institui\u00e7\u00f5es. Em contrapartida, apenas 29% disseram preferir um governo autorit\u00e1rio. Para Habermann, o fato de esses jovens n\u00e3o reconhecerem os partidos como parte da democratiza\u00e7\u00e3o \u00e9 um problema.<\/p>\n<p>O levantamento refor\u00e7a a exist\u00eancia de uma crise de confian\u00e7a nas institui\u00e7\u00f5es pol\u00edticas tradicionais: 57% n\u00e3o confiam nos partidos, 45% desconfiam da Presid\u00eancia da Rep\u00fablica e 42% do Legislativo. Em contrapartida, universidades, igrejas e meios de comunica\u00e7\u00e3o aparecem como as institui\u00e7\u00f5es mais confi\u00e1veis.<\/p>\n<p>\u00a0<\/p>\n<h5><strong>Estudo revela choque pol\u00edtico entre idosos e jovens<\/strong><\/h5>\n<p>Um levantamento da consultoria Pesquisa Atlas tra\u00e7ou um retrato das diferen\u00e7as entre gera\u00e7\u00f5es no pa\u00eds, com destaque para ideologia pol\u00edtica, expectativas econ\u00f4micas, percep\u00e7\u00e3o sobre redes sociais e prioridades eleitorais.<\/p>\n<p>O estudo ouviu 5.510 pessoas entre 22 e 27 de novembro, com margem de erro de 1 ponto percentual, e apresentou varia\u00e7\u00f5es marcantes entre Baby Boomers, Gera\u00e7\u00e3o X, Millennials e Gera\u00e7\u00e3o Z.<\/p>\n<p>Baby Boomers s\u00e3o os nascidos ap\u00f3s a Segunda Guerra Mundial, entre meados dos anos 1940 e 1960. A Gera\u00e7\u00e3o X abrange quem nasceu entre o fim dos anos 1960 e o in\u00edcio dos anos 1980. Os Millennials (ou Gera\u00e7\u00e3o Y) incluem os nascidos do in\u00edcio dos anos 1980 at\u00e9 meados dos anos 1990 e 2000. A Gera\u00e7\u00e3o Z corresponde aos nascidos a partir do fim dos anos 1990, j\u00e1 imersos no ambiente digital.<\/p>\n<p>No campo ideol\u00f3gico, o levantamento aponta que 57% dos Baby Boomers e 52% da Gera\u00e7\u00e3o X se consideram de esquerda ou centro-esquerda. Entre os mais jovens, o movimento \u00e9 oposto: 52% da Gera\u00e7\u00e3o Z e 51% dos Millennials se identificam como de direita ou centro-direita.<\/p>\n<p>No conjunto da popula\u00e7\u00e3o, o resultado fica dividido: 40% se declaram de esquerda ou centro-esquerda, enquanto 42% se dizem de direita ou centro-direita.<\/p>\n<p>As perspectivas sobre mobilidade econ\u00f4mica tamb\u00e9m variam. Segundo a pesquisa, 62% da Gera\u00e7\u00e3o X acreditam que ter\u00e3o mais oportunidades econ\u00f4micas do que os pais, sendo o grupo mais otimista. Entre Baby Boomers e Millennials, prevalece o pessimismo: 45% e 43%, respectivamente, acreditam que ter\u00e3o menos oportunidades. No total da popula\u00e7\u00e3o, 48% esperam mais oportunidades, contra 39% que projetam menos.<\/p>\n<p>O levantamento reuniu entrevistados de todas as regi\u00f5es do pa\u00eds e mostra um Brasil dividido tanto na vis\u00e3o pol\u00edtica quanto na confian\u00e7a no futuro econ\u00f4mico, mas convergente quanto \u00e0 import\u00e2ncia da economia nas pr\u00f3ximas escolhas eleitorais.<\/p>\n<p>\u00a0<\/p>\n<h6><strong>Desigualdade no trabalho e na renda ajuda a explicar o olhar cr\u00edtico da juventude<\/strong><\/h6>\n<p>Os dados de pesquisas oficiais do governo federal ajudam a contextualizar o posicionamento dos jovens brasileiros revelado pelo estudo da Funda\u00e7\u00e3o Friedrich-Ebert-Stiftung (FES Brasil). Indicadores do IBGE e do Minist\u00e9rio do Trabalho mostram que a faixa et\u00e1ria entre 15 e 35 anos enfrenta obst\u00e1culos mais intensos no mercado de trabalho, no acesso \u00e0 renda e \u00e0 estabilidade, fatores que influenciam diretamente a percep\u00e7\u00e3o sobre o papel do Estado, a pol\u00edtica e as institui\u00e7\u00f5es.<\/p>\n<p>Levantamentos da PNAD Cont\u00ednua, do IBGE, apontam que os jovens est\u00e3o mais expostos ao desemprego, \u00e0 informalidade e \u00e0 rotatividade profissional do que adultos de faixas et\u00e1rias mais altas. A entrada no mercado de trabalho ocorre, em muitos casos, por meio de ocupa\u00e7\u00f5es tempor\u00e1rias, sem garantias trabalhistas ou com rendimentos inferiores \u00e0 m\u00e9dia nacional.<\/p>\n<p>Dados do Cadastro Geral de Empregados e Desempregados (Caged) tamb\u00e9m indicam que, embora os jovens representem parcela relevante das contrata\u00e7\u00f5es formais, eles concentram grande parte dos desligamentos. O cen\u00e1rio reflete uma din\u00e2mica de instabilidade, com v\u00ednculos curtos e dificuldade de progress\u00e3o profissional.<\/p>\n<p>A desigualdade racial e social agrava esse quadro. Estat\u00edsticas oficiais mostram que jovens pretos e pardos t\u00eam, em m\u00e9dia, menos acesso a empregos formais e rendimentos mais baixos do que jovens brancos, al\u00e9m de maior exposi\u00e7\u00e3o ao desemprego. Essa disparidade est\u00e1 associada ao hist\u00f3rico de exclus\u00e3o educacional e \u00e0s diferen\u00e7as de oportunidades no mercado de trabalho.<\/p>\n<p>Na \u00e1rea da educa\u00e7\u00e3o, o Censo da Educa\u00e7\u00e3o Superior, do Minist\u00e9rio da Educa\u00e7\u00e3o, revela que o acesso \u00e0 universidade ainda \u00e9 fortemente influenciado pela renda familiar e pela origem social. Embora tenha havido expans\u00e3o do ensino superior nas \u00faltimas d\u00e9cadas, a evas\u00e3o e a dificuldade de perman\u00eancia atingem principalmente estudantes de baixa renda, o que impacta a qualifica\u00e7\u00e3o profissional e as perspectivas futuras.<\/p>\n<p>Especialistas em pol\u00edticas p\u00fablicas apontam que esse conjunto de fatores \u2014 emprego inst\u00e1vel, renda limitada e acesso desigual \u00e0 educa\u00e7\u00e3o \u2014 contribui para a vis\u00e3o cr\u00edtica da juventude em rela\u00e7\u00e3o \u00e0s institui\u00e7\u00f5es e para a valoriza\u00e7\u00e3o de pol\u00edticas p\u00fablicas voltadas \u00e0 redu\u00e7\u00e3o das desigualdades, como indicou a pesquisa da FES Brasil.<\/p>\n<p>Ao mesmo tempo, estudos do Ipea e de \u00f3rg\u00e3os ligados ao governo federal mostram que os jovens continuam atribuindo import\u00e2ncia \u00e0 democracia, aos direitos sociais e \u00e0 presen\u00e7a do Estado em \u00e1reas como sa\u00fade, educa\u00e7\u00e3o e prote\u00e7\u00e3o social. O desafio, segundo analistas, est\u00e1 em transformar essa percep\u00e7\u00e3o em pol\u00edticas capazes de responder \u00e0s demandas de uma gera\u00e7\u00e3o que viveu crises econ\u00f4micas, mudan\u00e7as no mundo do trabalho e forte transforma\u00e7\u00e3o tecnol\u00f3gica.<\/p>\n<p>Nesse contexto, o comportamento pol\u00edtico e social da juventude brasileira aparece menos como uma contradi\u00e7\u00e3o e mais como reflexo direto de suas condi\u00e7\u00f5es materiais de vida: um grupo mais escolarizado do que gera\u00e7\u00f5es anteriores, mas ainda submetido a inseguran\u00e7a econ\u00f4mica, desigualdades e incertezas quanto ao futuro.<\/p>\n<\/div>\n<p><br \/>\n<br \/><a href=\"https:\/\/www.tribunaribeirao.com.br\/pesquisa-revela-posicionamento-dos-jovens-brasileiros\/\">Source link <\/a><\/p>\n<!-- CONTENT END 1 -->\n","protected":false},"excerpt":{"rendered":"<p>Uma pesquisa divulgada pela Funda\u00e7\u00e3o Friedrich Ebert Stiftung (FES Brasil) aponta que jovens brasileiras, na faixa et\u00e1ria de 15 a 35 anos, demonstram posicionamentos mais&#8230;<\/p>\n","protected":false},"author":1,"featured_media":81617,"comment_status":"open","ping_status":"open","sticky":false,"template":"","format":"standard","meta":{"advanced_seo_description":"","jetpack_seo_html_title":"","jetpack_seo_noindex":false,"jetpack_post_was_ever_published":false,"_jetpack_newsletter_access":"","_jetpack_dont_email_post_to_subs":false,"_jetpack_newsletter_tier_id":0,"_jetpack_memberships_contains_paywalled_content":false,"_jetpack_memberships_contains_paid_content":false,"footnotes":"","jetpack_publicize_message":"","jetpack_publicize_feature_enabled":true,"jetpack_social_post_already_shared":true,"jetpack_social_options":{"image_generator_settings":{"template":"highway","default_image_id":0,"font":"","enabled":false},"version":2}},"categories":[11],"tags":[],"class_list":["post-81616","post","type-post","status-publish","format-standard","has-post-thumbnail","hentry","category-noticias-de-ribeirao-preto-sp-e-regiao-ismael-colosi"],"jetpack_publicize_connections":[],"jetpack_featured_media_url":"https:\/\/i0.wp.com\/noticiasribeiraopreto.com.br\/wp-content\/uploads\/2026\/01\/1-7.jpg?fit=1170%2C700&ssl=1","jetpack-related-posts":[{"id":41411,"url":"https:\/\/noticiasribeiraopreto.com.br\/index.php\/2024\/03\/08\/mulheres-estudam-mais-ganham-menos-e-sao-minoria-em-cargos-de-gestao-aponta-pesquisa\/","url_meta":{"origin":81616,"position":0},"title":"Mulheres estudam mais, ganham menos e s\u00e3o minoria em cargos de gest\u00e3o, aponta pesquisa","author":"noticiasribeiraopreto.com.br","date":"8 de March de 2024","format":false,"excerpt":"Bruno Pavani Bruno Pavan 08\/03\/2024 - 7:00 Uma pesquisa realizada pelo site de empregos Vagas.com aponta que ainda h\u00e1 muito o que avan\u00e7ar no ambiente corporativo para que as mulheres tenham condi\u00e7\u00f5es mais igualit\u00e1rias e melhores oportunidades.\u00a0O levantamento analisou dados dos \u00faltimos cinco anos de mais de 8 milh\u00f5es de\u2026","rel":"","context":"In &quot;Empregos - Classificados&quot;","block_context":{"text":"Empregos - Classificados","link":"https:\/\/noticiasribeiraopreto.com.br\/index.php\/category\/empregos-classificados-vagas-trabalho\/"},"img":{"alt_text":"","src":"https:\/\/i0.wp.com\/noticiasribeiraopreto.com.br\/wp-content\/uploads\/2024\/03\/mulherestrabalho.jpg?fit=900%2C600&ssl=1&resize=350%2C200","width":350,"height":200,"srcset":"https:\/\/i0.wp.com\/noticiasribeiraopreto.com.br\/wp-content\/uploads\/2024\/03\/mulherestrabalho.jpg?fit=900%2C600&ssl=1&resize=350%2C200 1x, https:\/\/i0.wp.com\/noticiasribeiraopreto.com.br\/wp-content\/uploads\/2024\/03\/mulherestrabalho.jpg?fit=900%2C600&ssl=1&resize=525%2C300 1.5x, https:\/\/i0.wp.com\/noticiasribeiraopreto.com.br\/wp-content\/uploads\/2024\/03\/mulherestrabalho.jpg?fit=900%2C600&ssl=1&resize=700%2C400 2x"},"classes":[]},{"id":13458,"url":"https:\/\/noticiasribeiraopreto.com.br\/index.php\/2023\/12\/10\/geracao-nem-nem-tem-109-milhoes-de-jovens\/","url_meta":{"origin":81616,"position":1},"title":"Gera\u00e7\u00e3o nem-nem tem 10,9 milh\u00f5es de jovens \u00a0","author":"noticiasribeiraopreto.com.br","date":"10 de December de 2023","format":false,"excerpt":"No ano passado, 10,9 milh\u00f5es de jovens com idade entre 15 e 29 anos, o correspondente a 22,3%, n\u00e3o estudavam, nem trabalhavam. \u00c9 o menor valor absoluto da s\u00e9rie hist\u00f3rica iniciada em 2012 pelo Instituto Brasileira de Estat\u00edstica e Geografia (IBGE). O dado consta da S\u00edntese de Indicadores Sociais 2023:\u2026","rel":"","context":"In &quot;Not\u00edcias de Ribeir\u00e3o Preto-SP e Regi\u00e3o&quot;","block_context":{"text":"Not\u00edcias de Ribeir\u00e3o Preto-SP e Regi\u00e3o","link":"https:\/\/noticiasribeiraopreto.com.br\/index.php\/category\/noticias-de-ribeirao-preto-sp-e-regiao-ismael-colosi\/"},"img":{"alt_text":"","src":"https:\/\/i0.wp.com\/noticiasribeiraopreto.com.br\/wp-content\/uploads\/2023\/12\/Nemnem-scaled.jpg?fit=1000%2C598&ssl=1&resize=350%2C200","width":350,"height":200,"srcset":"https:\/\/i0.wp.com\/noticiasribeiraopreto.com.br\/wp-content\/uploads\/2023\/12\/Nemnem-scaled.jpg?fit=1000%2C598&ssl=1&resize=350%2C200 1x, https:\/\/i0.wp.com\/noticiasribeiraopreto.com.br\/wp-content\/uploads\/2023\/12\/Nemnem-scaled.jpg?fit=1000%2C598&ssl=1&resize=525%2C300 1.5x, https:\/\/i0.wp.com\/noticiasribeiraopreto.com.br\/wp-content\/uploads\/2023\/12\/Nemnem-scaled.jpg?fit=1000%2C598&ssl=1&resize=700%2C400 2x"},"classes":[]},{"id":41453,"url":"https:\/\/noticiasribeiraopreto.com.br\/index.php\/2024\/03\/08\/mulheres-ainda-sao-minoria-em-posicoes-de-lideranca\/","url_meta":{"origin":81616,"position":2},"title":"Mulheres ainda s\u00e3o minoria em posi\u00e7\u00f5es de lideran\u00e7a","author":"noticiasribeiraopreto.com.br","date":"8 de March de 2024","format":false,"excerpt":"A disparidade \u00e9 observada n\u00e3o apenas no percentual de mulheres na lideran\u00e7a como tamb\u00e9m na remunera\u00e7\u00e3o As mulheres s\u00e3o maioria entre os estudantes que est\u00e3o em vias de concluir o ensino superior, no entanto s\u00e3o minoria em posi\u00e7\u00f5es de poder. Dados divulgados nesta sexta-feira (8) pelo IBGE (Instituto Brasileiro de\u2026","rel":"","context":"In &quot;Blog&quot;","block_context":{"text":"Blog","link":"https:\/\/noticiasribeiraopreto.com.br\/index.php\/category\/blog\/"},"img":{"alt_text":"","src":"https:\/\/i0.wp.com\/noticiasribeiraopreto.com.br\/wp-content\/uploads\/2024\/03\/mulher-lideranca-feminina-1-1024x683.jpg?fit=1024%2C683&ssl=1&resize=350%2C200","width":350,"height":200,"srcset":"https:\/\/i0.wp.com\/noticiasribeiraopreto.com.br\/wp-content\/uploads\/2024\/03\/mulher-lideranca-feminina-1-1024x683.jpg?fit=1024%2C683&ssl=1&resize=350%2C200 1x, https:\/\/i0.wp.com\/noticiasribeiraopreto.com.br\/wp-content\/uploads\/2024\/03\/mulher-lideranca-feminina-1-1024x683.jpg?fit=1024%2C683&ssl=1&resize=525%2C300 1.5x, https:\/\/i0.wp.com\/noticiasribeiraopreto.com.br\/wp-content\/uploads\/2024\/03\/mulher-lideranca-feminina-1-1024x683.jpg?fit=1024%2C683&ssl=1&resize=700%2C400 2x"},"classes":[]},{"id":40698,"url":"https:\/\/noticiasribeiraopreto.com.br\/index.php\/2024\/03\/05\/doencas-isquemicas-do-coracao-sao-as-que-mais-matam-mais-mulheres-no-pais\/","url_meta":{"origin":81616,"position":3},"title":"Doen\u00e7as isqu\u00eamicas do cora\u00e7\u00e3o s\u00e3o as que mais matam mais mulheres no pa\u00eds","author":"noticiasribeiraopreto.com.br","date":"5 de March de 2024","format":false,"excerpt":"5 de mar\u00e7o de 2024 | 10:475 de mar\u00e7o de 2024 | 11:08 0A doen\u00e7a isqu\u00eamica do cora\u00e7\u00e3o (DIC), como angina, infarto, doen\u00e7a arterial coronariana e cardiomiopatias, \u00e9 a principal causa de morte no pa\u00eds. Ela vem diminuindo nos \u00faltimos 20 anos, por\u00e9m com uma velocidade menor entre as mulheres\u2026","rel":"","context":"In &quot;Not\u00edcias de Ribeir\u00e3o Preto-SP e Regi\u00e3o&quot;","block_context":{"text":"Not\u00edcias de Ribeir\u00e3o Preto-SP e Regi\u00e3o","link":"https:\/\/noticiasribeiraopreto.com.br\/index.php\/category\/noticias-de-ribeirao-preto-sp-e-regiao-ismael-colosi\/"},"img":{"alt_text":"","src":"https:\/\/i0.wp.com\/noticiasribeiraopreto.com.br\/wp-content\/uploads\/2024\/03\/imagem-1.jpg?fit=800%2C500&ssl=1&resize=350%2C200","width":350,"height":200,"srcset":"https:\/\/i0.wp.com\/noticiasribeiraopreto.com.br\/wp-content\/uploads\/2024\/03\/imagem-1.jpg?fit=800%2C500&ssl=1&resize=350%2C200 1x, https:\/\/i0.wp.com\/noticiasribeiraopreto.com.br\/wp-content\/uploads\/2024\/03\/imagem-1.jpg?fit=800%2C500&ssl=1&resize=525%2C300 1.5x, https:\/\/i0.wp.com\/noticiasribeiraopreto.com.br\/wp-content\/uploads\/2024\/03\/imagem-1.jpg?fit=800%2C500&ssl=1&resize=700%2C400 2x"},"classes":[]},{"id":11587,"url":"https:\/\/noticiasribeiraopreto.com.br\/index.php\/2023\/12\/06\/reduziu-o-numero-de-jovens-que-nao-trabalham-e-nem-estudam-2\/","url_meta":{"origin":81616,"position":4},"title":"Reduziu o n\u00famero de jovens que n\u00e3o trabalham e nem estudam","author":"noticiasribeiraopreto.com.br","date":"6 de December de 2023","format":false,"excerpt":"Em 2022, 10,9 milh\u00f5es de jovens brasileiros entre 15 e 29 anos n\u00e3o estudavam nem trabalhavam. Este n\u00famero, que representa 22,3% da popula\u00e7\u00e3o jovem, \u00e9 o menor valor absoluto desde o in\u00edcio da s\u00e9rie hist\u00f3rica em 2012, segundo o Instituto Brasileiro de Estat\u00edstica e Geografia (IBGE). O total de jovens\u2026","rel":"","context":"In &quot;Vagas de Emprego em Ribeir\u00e3o Preto-SP&quot;","block_context":{"text":"Vagas de Emprego em Ribeir\u00e3o Preto-SP","link":"https:\/\/noticiasribeiraopreto.com.br\/index.php\/category\/empregos-classificados-vagas-trabalho\/vagas-de-empregos-em-ribeirao-preto-regiao-brasil\/"},"img":{"alt_text":"","src":"https:\/\/i0.wp.com\/noticiasribeiraopreto.com.br\/wp-content\/uploads\/2023\/12\/1701880432_jovem-estagio-freepik.jpg?fit=1200%2C675&ssl=1&resize=350%2C200","width":350,"height":200,"srcset":"https:\/\/i0.wp.com\/noticiasribeiraopreto.com.br\/wp-content\/uploads\/2023\/12\/1701880432_jovem-estagio-freepik.jpg?fit=1200%2C675&ssl=1&resize=350%2C200 1x, https:\/\/i0.wp.com\/noticiasribeiraopreto.com.br\/wp-content\/uploads\/2023\/12\/1701880432_jovem-estagio-freepik.jpg?fit=1200%2C675&ssl=1&resize=525%2C300 1.5x, https:\/\/i0.wp.com\/noticiasribeiraopreto.com.br\/wp-content\/uploads\/2023\/12\/1701880432_jovem-estagio-freepik.jpg?fit=1200%2C675&ssl=1&resize=700%2C400 2x, https:\/\/i0.wp.com\/noticiasribeiraopreto.com.br\/wp-content\/uploads\/2023\/12\/1701880432_jovem-estagio-freepik.jpg?fit=1200%2C675&ssl=1&resize=1050%2C600 3x"},"classes":[]},{"id":40754,"url":"https:\/\/noticiasribeiraopreto.com.br\/index.php\/2024\/03\/05\/diferenca-salarial-entre-mulheres-e-homens-diminui\/","url_meta":{"origin":81616,"position":5},"title":"Diferen\u00e7a salarial entre mulheres e homens diminui","author":"noticiasribeiraopreto.com.br","date":"5 de March de 2024","format":false,"excerpt":"Nova lei da igualdade salarial tamb\u00e9m estabelece medidas para tornar sal\u00e1rios mais justos e aumentar a fiscaliza\u00e7\u00e3o contra a discrimina\u00e7\u00e3o Nos \u00faltimos 10 anos, houve uma redu\u00e7\u00e3o na diferen\u00e7a entre sal\u00e1rios pagos \u00e0s mulheres e aos homens. O \u00edndice que mede a paridade salarial passou de 72 em 2013 para\u2026","rel":"","context":"In &quot;Blog&quot;","block_context":{"text":"Blog","link":"https:\/\/noticiasribeiraopreto.com.br\/index.php\/category\/blog\/"},"img":{"alt_text":"","src":"https:\/\/i0.wp.com\/noticiasribeiraopreto.com.br\/wp-content\/uploads\/2024\/03\/mulher-igualdade-salarial-1024x683.jpg?fit=1024%2C683&ssl=1&resize=350%2C200","width":350,"height":200,"srcset":"https:\/\/i0.wp.com\/noticiasribeiraopreto.com.br\/wp-content\/uploads\/2024\/03\/mulher-igualdade-salarial-1024x683.jpg?fit=1024%2C683&ssl=1&resize=350%2C200 1x, https:\/\/i0.wp.com\/noticiasribeiraopreto.com.br\/wp-content\/uploads\/2024\/03\/mulher-igualdade-salarial-1024x683.jpg?fit=1024%2C683&ssl=1&resize=525%2C300 1.5x, https:\/\/i0.wp.com\/noticiasribeiraopreto.com.br\/wp-content\/uploads\/2024\/03\/mulher-igualdade-salarial-1024x683.jpg?fit=1024%2C683&ssl=1&resize=700%2C400 2x"},"classes":[]}],"jetpack_sharing_enabled":true,"jetpack_shortlink":"https:\/\/wp.me\/peQAOb-leo","_links":{"self":[{"href":"https:\/\/noticiasribeiraopreto.com.br\/index.php\/wp-json\/wp\/v2\/posts\/81616","targetHints":{"allow":["GET"]}}],"collection":[{"href":"https:\/\/noticiasribeiraopreto.com.br\/index.php\/wp-json\/wp\/v2\/posts"}],"about":[{"href":"https:\/\/noticiasribeiraopreto.com.br\/index.php\/wp-json\/wp\/v2\/types\/post"}],"author":[{"embeddable":true,"href":"https:\/\/noticiasribeiraopreto.com.br\/index.php\/wp-json\/wp\/v2\/users\/1"}],"replies":[{"embeddable":true,"href":"https:\/\/noticiasribeiraopreto.com.br\/index.php\/wp-json\/wp\/v2\/comments?post=81616"}],"version-history":[{"count":0,"href":"https:\/\/noticiasribeiraopreto.com.br\/index.php\/wp-json\/wp\/v2\/posts\/81616\/revisions"}],"wp:featuredmedia":[{"embeddable":true,"href":"https:\/\/noticiasribeiraopreto.com.br\/index.php\/wp-json\/wp\/v2\/media\/81617"}],"wp:attachment":[{"href":"https:\/\/noticiasribeiraopreto.com.br\/index.php\/wp-json\/wp\/v2\/media?parent=81616"}],"wp:term":[{"taxonomy":"category","embeddable":true,"href":"https:\/\/noticiasribeiraopreto.com.br\/index.php\/wp-json\/wp\/v2\/categories?post=81616"},{"taxonomy":"post_tag","embeddable":true,"href":"https:\/\/noticiasribeiraopreto.com.br\/index.php\/wp-json\/wp\/v2\/tags?post=81616"}],"curies":[{"name":"wp","href":"https:\/\/api.w.org\/{rel}","templated":true}]}}