{"id":81619,"date":"2026-01-11T11:26:57","date_gmt":"2026-01-11T14:26:57","guid":{"rendered":"https:\/\/noticiasribeiraopreto.com.br\/index.php\/2026\/01\/11\/excesso-de-folgas-em-2026\/"},"modified":"2026-01-11T11:26:57","modified_gmt":"2026-01-11T14:26:57","slug":"excesso-de-folgas-em-2026","status":"publish","type":"post","link":"https:\/\/noticiasribeiraopreto.com.br\/index.php\/2026\/01\/11\/excesso-de-folgas-em-2026\/","title":{"rendered":"Excesso de folgas em 2026?"},"content":{"rendered":"<div class='code-block code-block-1' style='margin: 8px 0 8px auto; text-align: right; display: block; clear: both;'>\n<p><a href=\"https:\/\/wa.link\/vpicfd\"><img data-recalc-dims=\"1\" class=\"wp-image-4922\" style=\"aspect-ratio: 2.0253164556962027; width: 561px; height: auto;\" src=\"https:\/\/i0.wp.com\/ismaelcolosi.com.br\/wp-content\/uploads\/2023\/11\/grupo-de-empregos-whatsapp-e-facebook-ismael-colosi-vagas.jpg?ssl=1\" alt=\"\" \/><\/a><\/p>\n<!-- \/wp:image -->\n<\/div>\n<p> <br \/>\n<\/p>\n<div>\n<p><strong>Por: Adalberto Luque<\/strong><\/p>\n<p>\u00a0<\/p>\n<p>O ano de 2026 come\u00e7ou, como todos, com um feriado. A quest\u00e3o \u00e9 que ainda restam outros 15, sejam eles municipais, estaduais ou federal. No total, entre finais de semana, dias de feriado e dias emendados, o calend\u00e1rio pode ter 36% menos dias \u00fateis. 365 dias, 132 s\u00e3o finais de semana, feriados e dias emendados, restando 233 dias \u00fateis de fato.<\/p>\n<p>Para Christian Urbano, CEO da Family Turismo, o calend\u00e1rio de feriados de 2026 \u00e9 considerado dos mais favor\u00e1veis nos \u00faltimos anos para o setor de turismo. Com diversas datas pr\u00f3ximas aos fins de semana, esse ano criar\u00e1 condi\u00e7\u00f5es ideais para viagens curtas, escapadas prolongadas e um planejamento mais eficiente por parte de viajantes.<\/p>\n<p>\u201cEsse cen\u00e1rio impacta diretamente o mercado tur\u00edstico, que passa a ter uma demanda mais distribu\u00edda ao longo do ano. Para ag\u00eancias de viagem, os feriados bem posicionados reduzem a sazonalidade, aumentam a previsibilidade das vendas e permitem uma organiza\u00e7\u00e3o mais estrat\u00e9gica das opera\u00e7\u00f5es\u201d, explica Urbano.<\/p>\n<figure id=\"attachment_451554\" aria-describedby=\"caption-attachment-451554\" style=\"width: 225px\" class=\"wp-caption alignleft\"><img data-recalc-dims=\"1\" loading=\"lazy\" decoding=\"async\" class=\"size-medium wp-image-451554 lazyload\" src=\"https:\/\/i0.wp.com\/www.tribunaribeirao.com.br\/wp-content\/uploads\/2026\/01\/1-LUQUE-FOTO-02-Christian-Urbano-e-Katia-Cuter-Foto-Divulgacao-225x300.jpg?resize=225%2C300&#038;ssl=1\" alt=\"\" width=\"225\" height=\"300\" srcset=\"https:\/\/www.tribunaribeirao.com.br\/wp-content\/uploads\/2026\/01\/1-LUQUE-FOTO-02-Christian-Urbano-e-Katia-Cuter-Foto-Divulgacao-225x300.jpg 225w, https:\/\/www.tribunaribeirao.com.br\/wp-content\/uploads\/2026\/01\/1-LUQUE-FOTO-02-Christian-Urbano-e-Katia-Cuter-Foto-Divulgacao-769x1024.jpg 769w, https:\/\/www.tribunaribeirao.com.br\/wp-content\/uploads\/2026\/01\/1-LUQUE-FOTO-02-Christian-Urbano-e-Katia-Cuter-Foto-Divulgacao-768x1023.jpg 768w, https:\/\/www.tribunaribeirao.com.br\/wp-content\/uploads\/2026\/01\/1-LUQUE-FOTO-02-Christian-Urbano-e-Katia-Cuter-Foto-Divulgacao-1153x1536.jpg 1153w, https:\/\/www.tribunaribeirao.com.br\/wp-content\/uploads\/2026\/01\/1-LUQUE-FOTO-02-Christian-Urbano-e-Katia-Cuter-Foto-Divulgacao-960x1279.jpg 960w, https:\/\/www.tribunaribeirao.com.br\/wp-content\/uploads\/2026\/01\/1-LUQUE-FOTO-02-Christian-Urbano-e-Katia-Cuter-Foto-Divulgacao-300x400.jpg 300w, https:\/\/www.tribunaribeirao.com.br\/wp-content\/uploads\/2026\/01\/1-LUQUE-FOTO-02-Christian-Urbano-e-Katia-Cuter-Foto-Divulgacao-585x779.jpg 585w, https:\/\/www.tribunaribeirao.com.br\/wp-content\/uploads\/2026\/01\/1-LUQUE-FOTO-02-Christian-Urbano-e-Katia-Cuter-Foto-Divulgacao-scaled.jpg 586w\" data-sizes=\"(max-width: 225px) 100vw, 225px\" style=\"--smush-placeholder-width: 225px; --smush-placeholder-aspect-ratio: 225\/300;\"\/><figcaption id=\"caption-attachment-451554\" class=\"wp-caption-text\">Christian Urbano e sua esposa e s\u00f3cia K\u00e1tia Cuter apostam nos feriados prolongados como fator chave para crescimento | Foto: Divulga\u00e7\u00e3o<\/figcaption><\/figure>\n<p>E o que para alguns \u00e9 um n\u00famero excessivo de dias parados, impactando no faturamento de muitas empresas, para a Family Turismo \u00e9 oportunidade de prosperar. Com mais neg\u00f3cios.<\/p>\n<p>\u201cO calend\u00e1rio j\u00e1 vem sendo tratado como um fator-chave de crescimento. A ag\u00eancia se antecipou e estruturou seus pacotes, log\u00edstica e parcerias pensando na alta procura esperada para 2026. A prepara\u00e7\u00e3o inclui defini\u00e7\u00e3o pr\u00e9via de roteiros, negocia\u00e7\u00e3o com fornecedores e condi\u00e7\u00f5es de pagamento planejadas para atender diferentes perfis de clientes\u201d, explica.<\/p>\n<p>O CEO e sua esposa e s\u00f3cia na empresa, K\u00e1tia Cuter, entendem que a antecipa\u00e7\u00e3o, feita durante todo o ano de 2025, ser\u00e1 fundamental para garantir qualidade no atendimento e melhores experi\u00eancias aos viajantes. \u201cAl\u00e9m disso, os feriados favorecem viagens mais completas, o que amplia o consumo de servi\u00e7os tur\u00edsticos e fortalece toda a cadeia do setor. Com planejamento e organiza\u00e7\u00e3o, os feriados de 2026 deixam de ser apenas datas no calend\u00e1rio e se tornam oportunidades concretas de crescimento para o turismo e para empresas que apostam na prepara\u00e7\u00e3o antecipada\u201d, conclui.<\/p>\n<p>Setores como bares e restaurantes tamb\u00e9m acreditam em crescimento com as datas que, em 2026, se encaixaram em dias que possibilitam um n\u00famero maior de dias parados para quem tem a oportunidade de descansar no feriado.<\/p>\n<p>\u00a0<\/p>\n<h2><strong>Impacto direto<\/strong><\/h2>\n<p>Para Paulo C\u00e9sar Garcia Lopes, presidente do Sindicato do Com\u00e9rcio Varejista de Ribeir\u00e3o Preto e Regi\u00e3o (SINCOVARP) e da C\u00e2mara de Dirigentes Lojistas (CDL) Ribeir\u00e3o Preto, quando o assunto \u00e9 feriado, todos pensam em descanso e isso \u00e9 leg\u00edtimo.<\/p>\n<p>\u201cO problema \u00e9 que, para o com\u00e9rcio, muitos feriados no meio da semana geram impacto direto na atividade econ\u00f4mica. Sim, existe uma estimativa de retra\u00e7\u00e3o nas atividades comerciais por conta do excesso de feriados, especialmente aqueles que quebram a semana de trabalho e reduzem o movimento nas lojas\u201d, adianta.<\/p>\n<figure id=\"attachment_451555\" aria-describedby=\"caption-attachment-451555\" style=\"width: 300px\" class=\"wp-caption alignleft\"><img data-recalc-dims=\"1\" loading=\"lazy\" decoding=\"async\" class=\"size-medium wp-image-451555 lazyload\" src=\"https:\/\/i0.wp.com\/www.tribunaribeirao.com.br\/wp-content\/uploads\/2026\/01\/1-LUQUE-FOTO-03-Paulo-Cesar-Garcia-Lopes-horizontal-Foto-Divulgacao-300x200.jpg?resize=300%2C200&#038;ssl=1\" alt=\"\" width=\"300\" height=\"200\" srcset=\"https:\/\/www.tribunaribeirao.com.br\/wp-content\/uploads\/2026\/01\/1-LUQUE-FOTO-03-Paulo-Cesar-Garcia-Lopes-horizontal-Foto-Divulgacao-300x200.jpg 300w, https:\/\/www.tribunaribeirao.com.br\/wp-content\/uploads\/2026\/01\/1-LUQUE-FOTO-03-Paulo-Cesar-Garcia-Lopes-horizontal-Foto-Divulgacao-1024x682.jpg 1024w, https:\/\/www.tribunaribeirao.com.br\/wp-content\/uploads\/2026\/01\/1-LUQUE-FOTO-03-Paulo-Cesar-Garcia-Lopes-horizontal-Foto-Divulgacao-768x512.jpg 768w, https:\/\/www.tribunaribeirao.com.br\/wp-content\/uploads\/2026\/01\/1-LUQUE-FOTO-03-Paulo-Cesar-Garcia-Lopes-horizontal-Foto-Divulgacao-1536x1023.jpg 1536w, https:\/\/www.tribunaribeirao.com.br\/wp-content\/uploads\/2026\/01\/1-LUQUE-FOTO-03-Paulo-Cesar-Garcia-Lopes-horizontal-Foto-Divulgacao-480x320.jpg 480w, https:\/\/www.tribunaribeirao.com.br\/wp-content\/uploads\/2026\/01\/1-LUQUE-FOTO-03-Paulo-Cesar-Garcia-Lopes-horizontal-Foto-Divulgacao-280x186.jpg 280w, https:\/\/www.tribunaribeirao.com.br\/wp-content\/uploads\/2026\/01\/1-LUQUE-FOTO-03-Paulo-Cesar-Garcia-Lopes-horizontal-Foto-Divulgacao-960x640.jpg 960w, https:\/\/www.tribunaribeirao.com.br\/wp-content\/uploads\/2026\/01\/1-LUQUE-FOTO-03-Paulo-Cesar-Garcia-Lopes-horizontal-Foto-Divulgacao-600x400.jpg 600w, https:\/\/www.tribunaribeirao.com.br\/wp-content\/uploads\/2026\/01\/1-LUQUE-FOTO-03-Paulo-Cesar-Garcia-Lopes-horizontal-Foto-Divulgacao-585x390.jpg 585w, https:\/\/www.tribunaribeirao.com.br\/wp-content\/uploads\/2026\/01\/1-LUQUE-FOTO-03-Paulo-Cesar-Garcia-Lopes-horizontal-Foto-Divulgacao-scaled.jpg 1170w\" data-sizes=\"(max-width: 300px) 100vw, 300px\" style=\"--smush-placeholder-width: 300px; --smush-placeholder-aspect-ratio: 300\/200;\"\/><figcaption id=\"caption-attachment-451555\" class=\"wp-caption-text\">Paulo C\u00e9sar Garcia Lopes, presidente do SINCOVARP e CDL: \u201cPode parecer pouco, mas estamos falando de bilh\u00f5es de reais a menos circulando na economia\u201d | Foto: Divulga\u00e7\u00e3o<\/figcaption><\/figure>\n<p>Lopes diz que \u00e9 importante explicar que isso n\u00e3o significa que o brasileiro parou de consumir, nem que o dinheiro sumiu. \u201cO que acontece \u00e9 uma perda de dias \u00fateis de venda. A loja abre menos, o fluxo de pessoas cai, o consumidor adia a compra ou simplesmente deixa de fazer aquela compra por impulso. Parte at\u00e9 pode ser recuperada depois, mas uma parcela se perde definitivamente\u201d, aduz.<\/p>\n<p>Estudos das entidades do com\u00e9rcio mostram que esse impacto gira, em m\u00e9dia, entre 1% e 2% do faturamento anual do varejo, dependendo do setor e da regi\u00e3o. Em anos com calend\u00e1rio mais equilibrado, como foi 2024, essa estimativa ficou mais pr\u00f3xima de 0,8% a 1%. J\u00e1 em anos com mais feriados caindo em dias \u00fateis, como \u00e9 o cen\u00e1rio para 2026, essa perda sobe para algo em torno de 1,3% a 1,8%. \u201cPode parecer pouco, mas estamos falando de bilh\u00f5es de reais a menos circulando na economia.\u201d<\/p>\n<p>\u00a0<\/p>\n<h3><strong>Nem todos os setores s\u00e3o afetados<\/strong><\/h3>\n<p>De acordo com o dirigente do SINCOVARP e CDL, nem todos os setores sentem o impacto igualmente. Ele cita que o com\u00e9rcio de rua, lojas de vestu\u00e1rio, cal\u00e7ados, m\u00f3veis e eletrodom\u00e9sticos, entre outros, s\u00e3o os mais afetados.<\/p>\n<p>\u201cJ\u00e1 setores ligados a lazer, turismo e alimenta\u00e7\u00e3o, por exemplo, podem at\u00e9 ter algum ganho em feriados prolongados. Por isso, quando falamos em impacto, estamos olhando principalmente para o varejo tradicional, que depende do fluxo di\u00e1rio de consumidores.\u201d<\/p>\n<p>Lopes entende que, trazendo essa situa\u00e7\u00e3o para a realidade de Ribeir\u00e3o Preto, o efeito \u00e9 bem parecido, mas com algumas particularidades. Por ser polo regional, a cidade recebe consumidores de v\u00e1rias cidades vizinhas e tem um com\u00e9rcio muito dependente do movimento di\u00e1rio.<\/p>\n<p>\u201cAs proje\u00e7\u00f5es do CPV (Centro de Pesquisas do Varejo), mantido pelo SINCOVARP e pela CDL RP, indicam que o excesso de feriados pode representar uma redu\u00e7\u00e3o entre 1% e 1,5% no faturamento anual do com\u00e9rcio local, o que, em valores absolutos, significa dezenas ou at\u00e9 centenas de milh\u00f5es de reais a menos girando na economia local ao longo do ano. Para o pequeno e m\u00e9dio comerciante, isso pesa bastante at\u00e9 porque os custos continuam os mesmos: aluguel, folha de pagamento, impostos e contas para pagar\u201d, analisa.<\/p>\n<p>O presidente das entidades de representatividade do com\u00e9rcio entende que o feriado \u00e9 importante para a sociedade. \u201cMas quando ele \u00e9 excessivo e mal distribu\u00eddo, acaba gerando um efeito colateral claro no com\u00e9rcio: menos dias de venda, menos movimento e menos faturamento. Por isso, defendemos o equil\u00edbrio e o planejamento, para que o descanso do trabalhador n\u00e3o se transforme em dificuldade para quem gera emprego e renda.\u201d<\/p>\n<p>Outro ponto que preocupa SINCOVARP e CDL \u00e9 que feriados prolongados afetam entregas de estoque, transportes de mercadoria e at\u00e9 a produ\u00e7\u00e3o industrial. \u201cCentros de distribui\u00e7\u00e3o reduzem opera\u00e7\u00f5es, f\u00e1bricas param ou desaceleram e isso gera atraso no abastecimento das lojas e na entrega de produtos vendidos, inclusive no e-commerce.\u201d<\/p>\n<p>\u00a0<\/p>\n<h4><strong>Projetos<\/strong><\/h4>\n<p>O grande n\u00famero de feriados que geram emendas em dias \u00fateis e acabam prejudicando a rotina de vendas de setores do com\u00e9rcio chegou ao Congresso Nacional. Existe um projeto de lei no Senado (PLS 389\/2016), que prop\u00f5e antecipar para segundas-feiras os feriados nacionais que ca\u00edrem de ter\u00e7a-feira a sexta-feira. \u201cJustamente para evitar feriad\u00f5es no meio da semana. Ele j\u00e1 foi aprovado em comiss\u00e3o e segue para a C\u00e2mara dos Deputados para prosseguir a tramita\u00e7\u00e3o, mas ainda n\u00e3o virou lei\u201d, observa.<\/p>\n<p>Al\u00e9m disso, na C\u00e2mara dos Deputados tramita outra proposta semelhante (PL 3797\/2019) com o mesmo objetivo de reduzir o impacto de feriados em dias \u00fateis, mas essa foi rejeitada em uma das comiss\u00f5es e ainda n\u00e3o avan\u00e7ou para virar lei.<\/p>\n<p>\u201cDo ponto de vista do SINCOVARP e da CDL RP, essa ideia de organizar melhor o calend\u00e1rio para diminuir a quebra de dias \u00fateis \u00e9 positiva porque pode reduzir preju\u00edzos ao com\u00e9rcio. \u00c9 buscar um equil\u00edbrio melhor da vida social com a necessidade de mais dias \u00fateis para manter a economia girando, em especial para o Com\u00e9rcio Varejista\u201d, conclui Lopes.<\/p>\n<p>\u00a0<\/p>\n<h5><strong>Mudan\u00e7a no perfil<\/strong><\/h5>\n<p>Motorista por aplicativo h\u00e1 v\u00e1rios anos, Henrique Gouv\u00eaa n\u00e3o sente mudan\u00e7as dr\u00e1sticas em seu trabalho, mesmo com feriados. Ele atende aos passageiros de segunda a sexta-feira, das 05h00 \u00e0s 16h00 rigorosamente. Segundo ele, chova ou fa\u00e7a sol. Seja dia \u00fatil ou feriado.<\/p>\n<figure id=\"attachment_451556\" aria-describedby=\"caption-attachment-451556\" style=\"width: 165px\" class=\"wp-caption alignleft\"><img data-recalc-dims=\"1\" loading=\"lazy\" decoding=\"async\" class=\"wp-image-451556 lazyload\" src=\"https:\/\/i0.wp.com\/www.tribunaribeirao.com.br\/wp-content\/uploads\/2026\/01\/1-LUQUE-FOTO-04-BOX-1-Henrique-Gouvea-Foto-Arquivo-Pessoal-207x300.jpg?resize=165%2C239&#038;ssl=1\" alt=\"\" width=\"165\" height=\"239\" srcset=\"https:\/\/www.tribunaribeirao.com.br\/wp-content\/uploads\/2026\/01\/1-LUQUE-FOTO-04-BOX-1-Henrique-Gouvea-Foto-Arquivo-Pessoal-207x300.jpg 207w, https:\/\/www.tribunaribeirao.com.br\/wp-content\/uploads\/2026\/01\/1-LUQUE-FOTO-04-BOX-1-Henrique-Gouvea-Foto-Arquivo-Pessoal-706x1024.jpg 706w, https:\/\/www.tribunaribeirao.com.br\/wp-content\/uploads\/2026\/01\/1-LUQUE-FOTO-04-BOX-1-Henrique-Gouvea-Foto-Arquivo-Pessoal-276x400.jpg 276w, https:\/\/www.tribunaribeirao.com.br\/wp-content\/uploads\/2026\/01\/1-LUQUE-FOTO-04-BOX-1-Henrique-Gouvea-Foto-Arquivo-Pessoal-585x849.jpg 585w, https:\/\/www.tribunaribeirao.com.br\/wp-content\/uploads\/2026\/01\/1-LUQUE-FOTO-04-BOX-1-Henrique-Gouvea-Foto-Arquivo-Pessoal.jpg 537w\" data-sizes=\"(max-width: 165px) 100vw, 165px\" style=\"--smush-placeholder-width: 165px; --smush-placeholder-aspect-ratio: 165\/239;\"\/><figcaption id=\"caption-attachment-451556\" class=\"wp-caption-text\">Henrique Gouv\u00eaa v\u00ea mudar o perfil de seus passageiros, mas n\u00e3o sente mudan\u00e7a de faturamento | Foto: Arquivo Pessoal<\/figcaption><\/figure>\n<p>\u201cTenho minha rotina, independente de ser feriado\u201d, explica. E ele n\u00e3o sente mudan\u00e7as dr\u00e1sticas. Pelo menos em termos de faturamento. O que muda \u00e9 o perfil de seus passageiros.<\/p>\n<p>Gouv\u00eaa admite que quem entra no seu carro por aplicativo nos dias \u00fateis \u00e9 um tipo de passageiro. \u201cNormalmente \u00e9 quem vai trabalhar, vai para a rodovi\u00e1ria, ao aeroporto, \u00e0 farm\u00e1cia, a uma consulta m\u00e9dica. Principalmente nas primeiras corridas, at\u00e9 as 08h00\u201d, analisa.<\/p>\n<p>J\u00e1 nos feriados, ele percebe que quem entra no seu carro nas primeiras viagens s\u00e3o pessoas saindo de bares, baladas e festas. \u201cIsso vai at\u00e9 as 07h00, geralmente. Depois come\u00e7am as corridas normais. Mas no meu caso, tanto faz ser feriado ou dia \u00fatil. Vou trabalhar do mesmo jeito. A n\u00e3o ser quando viajo para aproveitar um feriado. Mas isso \u00e9 outra hist\u00f3ria, deixo de ser motorista por aplicativo e viro cidad\u00e3o comum\u201d, diverte-se Gouv\u00eaa.<\/p>\n<p>\u00a0<\/p>\n<h6><strong>Setor de beleza sente<\/strong><\/h6>\n<p>Moradora em Batatais, Adriana Sousa \u00e9 dona de um sal\u00e3o de belezas na rua Humait\u00e1, Santa Cruz do Jos\u00e9 Jacques, zona Sul de Ribeir\u00e3o Preto. Atende suas clientes como cabeleireira e manicure de quarta-feira a s\u00e1bado. Se tem um feriado, at\u00e9 abre normalmente o sal\u00e3o, mas o faturamento tem queda.<\/p>\n<figure id=\"attachment_451557\" aria-describedby=\"caption-attachment-451557\" style=\"width: 250px\" class=\"wp-caption alignleft\"><img data-recalc-dims=\"1\" loading=\"lazy\" decoding=\"async\" class=\"wp-image-451557 lazyload\" src=\"https:\/\/i0.wp.com\/www.tribunaribeirao.com.br\/wp-content\/uploads\/2026\/01\/1-LUQUE-FOTO-05-BOX-2-Adriana-Souza-Foto-Arquivo-Pessoal-300x300.jpg?resize=250%2C250&#038;ssl=1\" alt=\"\" width=\"250\" height=\"250\" srcset=\"https:\/\/www.tribunaribeirao.com.br\/wp-content\/uploads\/2026\/01\/1-LUQUE-FOTO-05-BOX-2-Adriana-Souza-Foto-Arquivo-Pessoal-300x300.jpg 300w, https:\/\/www.tribunaribeirao.com.br\/wp-content\/uploads\/2026\/01\/1-LUQUE-FOTO-05-BOX-2-Adriana-Souza-Foto-Arquivo-Pessoal-150x150.jpg 150w, https:\/\/www.tribunaribeirao.com.br\/wp-content\/uploads\/2026\/01\/1-LUQUE-FOTO-05-BOX-2-Adriana-Souza-Foto-Arquivo-Pessoal-480x480.jpg 480w, https:\/\/www.tribunaribeirao.com.br\/wp-content\/uploads\/2026\/01\/1-LUQUE-FOTO-05-BOX-2-Adriana-Souza-Foto-Arquivo-Pessoal-280x280.jpg 280w, https:\/\/www.tribunaribeirao.com.br\/wp-content\/uploads\/2026\/01\/1-LUQUE-FOTO-05-BOX-2-Adriana-Souza-Foto-Arquivo-Pessoal-401x400.jpg 401w, https:\/\/www.tribunaribeirao.com.br\/wp-content\/uploads\/2026\/01\/1-LUQUE-FOTO-05-BOX-2-Adriana-Souza-Foto-Arquivo-Pessoal-585x583.jpg 585w, https:\/\/www.tribunaribeirao.com.br\/wp-content\/uploads\/2026\/01\/1-LUQUE-FOTO-05-BOX-2-Adriana-Souza-Foto-Arquivo-Pessoal.jpg 720w\" data-sizes=\"(max-width: 250px) 100vw, 250px\" style=\"--smush-placeholder-width: 250px; --smush-placeholder-aspect-ratio: 250\/250;\"\/><figcaption id=\"caption-attachment-451557\" class=\"wp-caption-text\">Adriana Sousa tem queda no faturamento de seu sal\u00e3o de beleza com feriados prolongados e faturamento chega a cair 40% | Foto: Arquivo Pessoal<\/figcaption><\/figure>\n<p>\u201cAcaba sendo muito custoso voltar para Batatais quando, por exemplo, o feriado \u00e9 numa quinta-feira. Venho para Ribeir\u00e3o Preto porque tenho sempre clientes fixas, todas as semanas. Se tem feriado, para voltar a Batatais, vou gastar R$ 40 ida e volta. O problema, al\u00e9m do custo, \u00e9 que o hor\u00e1rio dos \u00f4nibus, tanto urbanos, quanto intermunicipais, s\u00e3o reduzidos. Minha viagem, que normalmente leva at\u00e9 uma hora e meia, pode demorar mais de duas horas e meia cada trecho, durante o feriado\u201d, explica. Voltar para casa no meio do feriado e regressar depois da folga acaba sendo invi\u00e1vel para ela.<\/p>\n<p>Adriana conta que j\u00e1 aconteceu de n\u00e3o conseguir embarcar para Batatais a tempo por conta de feriados. \u201cOs \u00f4nibus de l\u00e1 s\u00e3o programados em fun\u00e7\u00e3o de Ribeir\u00e3o Preto. Se \u00e9 feriado municipal aqui, interfere nos hor\u00e1rios de l\u00e1\u201d, acrescenta.<\/p>\n<p>Para Adriana, com os feriados, sobretudo os prolongados, seu faturamento fica prejudicado. \u201cMuitas clientes viajam e chego a ter uma queda de 40% no meu faturamento. Enquanto isso aluguel, energia el\u00e9trica e impostos seguem normais. No fim do m\u00eas, a conta n\u00e3o fecha\u201d, lamenta.<\/p>\n<p>\u00a0<\/p>\n<p><strong>Confira os feriados de 2026 em Ribeir\u00e3o Preto<\/strong><\/p>\n<ul>\n<li>1\/1 \u2013 quinta-feira: Confraterniza\u00e7\u00e3o Universal;<\/li>\n<li>20\/1 (municipal) \u2013 ter\u00e7a-feira: Dia de S\u00e3o Sebasti\u00e3o, Padroeiro de Ribeir\u00e3o Preto;<\/li>\n<li>16\/2 \u2013 segunda-feira: Carnaval (ponto facultativo);<\/li>\n<li>17\/2 \u2013 ter\u00e7a-feira: Carnaval (ponto facultativo);<\/li>\n<li>3\/4 \u2013 sexta-feira: Paix\u00e3o de Cristo;<\/li>\n<li>21\/4 \u2013 ter\u00e7a-feira: Tiradentes;<\/li>\n<li>1\/5 \u2013 sexta-feira: Dia do Trabalho;<\/li>\n<li>4\/6 \u2013 quinta-feira: Corpus Christi (ponto facultativo);<\/li>\n<li>19\/6 (municipal) \u2013 sexta-feira: Anivers\u00e1rio de Ribeir\u00e3o Preto;<\/li>\n<li>9\/7 \u2013 quinta-feira: Dia da Revolu\u00e7\u00e3o Constitucionalista de 32;<\/li>\n<li>7\/9 \u2013 segunda-feira: Independ\u00eancia do Brasil;<\/li>\n<li>12\/10 \u2013 segunda-feira: Nossa Sra. Aparecida, Padroeira do Brasil;<\/li>\n<li>2\/11 \u2013 segunda-feira: Finados;<\/li>\n<li>15\/11 \u2013 domingo: Proclama\u00e7\u00e3o da Rep\u00fablica;<\/li>\n<li>20\/11 \u2013 sexta-feira: Dia Nacional de Zumbi e da Consci\u00eancia Negra;<\/li>\n<li>25\/12 \u2013 sexta-feira: Natal.<\/li>\n<\/ul>\n<\/div>\n<p><br \/>\n<br \/><a href=\"https:\/\/www.tribunaribeirao.com.br\/excesso-de-folgas-em-2026\/\">Source link <\/a><\/p>\n<!-- CONTENT END 1 -->\n","protected":false},"excerpt":{"rendered":"<p>Por: Adalberto Luque \u00a0 O ano de 2026 come\u00e7ou, como todos, com um feriado. A quest\u00e3o \u00e9 que ainda restam outros 15, sejam eles municipais,&#8230;<\/p>\n","protected":false},"author":1,"featured_media":81620,"comment_status":"open","ping_status":"open","sticky":false,"template":"","format":"standard","meta":{"advanced_seo_description":"","jetpack_seo_html_title":"","jetpack_seo_noindex":false,"jetpack_post_was_ever_published":false,"_jetpack_newsletter_access":"","_jetpack_dont_email_post_to_subs":false,"_jetpack_newsletter_tier_id":0,"_jetpack_memberships_contains_paywalled_content":false,"_jetpack_memberships_contains_paid_content":false,"footnotes":"","jetpack_publicize_message":"","jetpack_publicize_feature_enabled":true,"jetpack_social_post_already_shared":true,"jetpack_social_options":{"image_generator_settings":{"template":"highway","default_image_id":0,"font":"","enabled":false},"version":2}},"categories":[11],"tags":[],"class_list":["post-81619","post","type-post","status-publish","format-standard","has-post-thumbnail","hentry","category-noticias-de-ribeirao-preto-sp-e-regiao-ismael-colosi"],"jetpack_publicize_connections":[],"jetpack_featured_media_url":"https:\/\/i0.wp.com\/noticiasribeiraopreto.com.br\/wp-content\/uploads\/2026\/01\/1-LUQUE-FOTO-01-Calcadao-Cheio-Foto-Alfredo-Risk-scaled.jpg?fit=1170%2C780&ssl=1","jetpack-related-posts":[{"id":22635,"url":"https:\/\/noticiasribeiraopreto.com.br\/index.php\/2023\/12\/30\/dias-melhores-para-o-varejo-comercio-preve-prejuizo-menor-para-o-proximo-ano\/","url_meta":{"origin":81619,"position":0},"title":"Dias melhores para o varejo? Com\u00e9rcio prev\u00ea preju\u00edzo menor para o pr\u00f3ximo ano","author":"noticiasribeiraopreto.com.br","date":"30 de December de 2023","format":false,"excerpt":"O calend\u00e1rio est\u00e1 a favor do varejo em 2024. Com menos feriados nacionais caindo em dias \u00fateis, lojistas dever\u00e3o ter um volume menor de gastos extras para abrir as lojas nos feriados. Diferentemente do que sup\u00f5e, abrir nesses dias tem impacto negativo no varejo e representa preju\u00edzo. Isso porque nem\u2026","rel":"","context":"In &quot;Dinheiro e Investimento&quot;","block_context":{"text":"Dinheiro e Investimento","link":"https:\/\/noticiasribeiraopreto.com.br\/index.php\/category\/dinheiro-e-investimento-como-fazer-como-ganhar\/"},"img":{"alt_text":"","src":"https:\/\/i0.wp.com\/noticiasribeiraopreto.com.br\/wp-content\/uploads\/2023\/12\/Varejo-1-628x353.png?fit=628%2C353&ssl=1&resize=350%2C200","width":350,"height":200,"srcset":"https:\/\/i0.wp.com\/noticiasribeiraopreto.com.br\/wp-content\/uploads\/2023\/12\/Varejo-1-628x353.png?fit=628%2C353&ssl=1&resize=350%2C200 1x, https:\/\/i0.wp.com\/noticiasribeiraopreto.com.br\/wp-content\/uploads\/2023\/12\/Varejo-1-628x353.png?fit=628%2C353&ssl=1&resize=525%2C300 1.5x"},"classes":[]},{"id":64440,"url":"https:\/\/noticiasribeiraopreto.com.br\/index.php\/2025\/03\/08\/jornal-da-franca-confira-os-feriados-francanos-que-este-ano-vao-emendar-com-o-final-de-semana\/","url_meta":{"origin":81619,"position":1},"title":"Jornal da Franca &#8211; Confira os feriados francanos que este ano v\u00e3o emendar com o final de semana","author":"noticiasribeiraopreto.com.br","date":"8 de March de 2025","format":false,"excerpt":"compartilhar no whatsapp compartilhar no telegram compartilhar no facebook compartilhar no linkedin Aproveitar os feriad\u00f5es pode ser uma excelente oportunidade para explorar novos destinos ou simplesmente relaxar em casa. Os francanos v\u00e3o poder contar com dois feriados municipais que v\u00e3o se emendar com o final de semana.\u00a0 \u00c9 o caso\u2026","rel":"","context":"In &quot;Not\u00edcias de Franca-SP&quot;","block_context":{"text":"Not\u00edcias de Franca-SP","link":"https:\/\/noticiasribeiraopreto.com.br\/index.php\/category\/noticias-de-ribeirao-preto-sp-e-regiao-ismael-colosi\/noticias-franca-sp\/"},"img":{"alt_text":"","src":"https:\/\/i0.wp.com\/noticiasribeiraopreto.com.br\/wp-content\/uploads\/2025\/03\/2149314032.jpg?fit=1000%2C666&ssl=1&resize=350%2C200","width":350,"height":200,"srcset":"https:\/\/i0.wp.com\/noticiasribeiraopreto.com.br\/wp-content\/uploads\/2025\/03\/2149314032.jpg?fit=1000%2C666&ssl=1&resize=350%2C200 1x, https:\/\/i0.wp.com\/noticiasribeiraopreto.com.br\/wp-content\/uploads\/2025\/03\/2149314032.jpg?fit=1000%2C666&ssl=1&resize=525%2C300 1.5x, https:\/\/i0.wp.com\/noticiasribeiraopreto.com.br\/wp-content\/uploads\/2025\/03\/2149314032.jpg?fit=1000%2C666&ssl=1&resize=700%2C400 2x"},"classes":[]},{"id":23807,"url":"https:\/\/noticiasribeiraopreto.com.br\/index.php\/2024\/01\/03\/veja-quando-sera-o-proximo-feriado-nacional\/","url_meta":{"origin":81619,"position":2},"title":"veja quando ser\u00e1 o pr\u00f3ximo feriado nacional","author":"noticiasribeiraopreto.com.br","date":"3 de January de 2024","format":false,"excerpt":"Esta ter\u00e7a-feira (2), \u00e9 o primeiro dia \u00fatil do ano de 2024. Para boa parte dos trabalhadores, esta \u00e9 a data de retorno aos trabalhos. Quem n\u00e3o est\u00e1 curtindo as f\u00e9rias, certamente j\u00e1 est\u00e1 de olho nos pr\u00f3ximos feriados. Mas afinal de contas, falta muito para a pr\u00f3xima folga? Em\u2026","rel":"","context":"In &quot;Vagas de Emprego em Ribeir\u00e3o Preto-SP&quot;","block_context":{"text":"Vagas de Emprego em Ribeir\u00e3o Preto-SP","link":"https:\/\/noticiasribeiraopreto.com.br\/index.php\/category\/empregos-classificados-vagas-trabalho\/vagas-de-empregos-em-ribeirao-preto-regiao-brasil\/"},"img":{"alt_text":"","src":"https:\/\/i0.wp.com\/noticiasribeiraopreto.com.br\/wp-content\/uploads\/2024\/01\/noticiasconcursos.com_.br-calendario-veja-quando-sera-o-proximo-feriado-nacional-nc-12.jpg?fit=800%2C400&ssl=1&resize=350%2C200","width":350,"height":200,"srcset":"https:\/\/i0.wp.com\/noticiasribeiraopreto.com.br\/wp-content\/uploads\/2024\/01\/noticiasconcursos.com_.br-calendario-veja-quando-sera-o-proximo-feriado-nacional-nc-12.jpg?fit=800%2C400&ssl=1&resize=350%2C200 1x, https:\/\/i0.wp.com\/noticiasribeiraopreto.com.br\/wp-content\/uploads\/2024\/01\/noticiasconcursos.com_.br-calendario-veja-quando-sera-o-proximo-feriado-nacional-nc-12.jpg?fit=800%2C400&ssl=1&resize=525%2C300 1.5x, https:\/\/i0.wp.com\/noticiasribeiraopreto.com.br\/wp-content\/uploads\/2024\/01\/noticiasconcursos.com_.br-calendario-veja-quando-sera-o-proximo-feriado-nacional-nc-12.jpg?fit=800%2C400&ssl=1&resize=700%2C400 2x"},"classes":[]},{"id":61913,"url":"https:\/\/noticiasribeiraopreto.com.br\/index.php\/2024\/12\/27\/feriados-prolongados-de-2025-confira-o-calendario-do-proximo-ano\/","url_meta":{"origin":81619,"position":3},"title":"Feriados prolongados de 2025: Confira o cal\u00e9nd\u00e1rio do pr\u00f3ximo ano","author":"noticiasribeiraopreto.com.br","date":"27 de December de 2024","format":false,"excerpt":"O ano de 2025 chega trazendo boas not\u00edcias para os trabalhadores brasileiros, com a volta dos aguardados feriados prolongados. Ap\u00f3s um 2024 at\u00edpico, em que a escassez de feriad\u00f5es foi consequ\u00eancia do ano bissexto, 2025 promete ser um al\u00edvio. A escassez de feriados prolongados em 2024 Em 2024, o calend\u00e1rio\u2026","rel":"","context":"In &quot;Not\u00edcias de Ribeir\u00e3o Preto-SP e Regi\u00e3o&quot;","block_context":{"text":"Not\u00edcias de Ribeir\u00e3o Preto-SP e Regi\u00e3o","link":"https:\/\/noticiasribeiraopreto.com.br\/index.php\/category\/noticias-de-ribeirao-preto-sp-e-regiao-ismael-colosi\/"},"img":{"alt_text":"","src":"https:\/\/i0.wp.com\/noticiasribeiraopreto.com.br\/wp-content\/uploads\/2024\/08\/Calendario-Freepik-944x531-1_2024-07-01_13-15-58_jpg_2024-07-01_13-15-58.webp.webp?fit=944%2C531&ssl=1&resize=350%2C200","width":350,"height":200,"srcset":"https:\/\/i0.wp.com\/noticiasribeiraopreto.com.br\/wp-content\/uploads\/2024\/08\/Calendario-Freepik-944x531-1_2024-07-01_13-15-58_jpg_2024-07-01_13-15-58.webp.webp?fit=944%2C531&ssl=1&resize=350%2C200 1x, https:\/\/i0.wp.com\/noticiasribeiraopreto.com.br\/wp-content\/uploads\/2024\/08\/Calendario-Freepik-944x531-1_2024-07-01_13-15-58_jpg_2024-07-01_13-15-58.webp.webp?fit=944%2C531&ssl=1&resize=525%2C300 1.5x, https:\/\/i0.wp.com\/noticiasribeiraopreto.com.br\/wp-content\/uploads\/2024\/08\/Calendario-Freepik-944x531-1_2024-07-01_13-15-58_jpg_2024-07-01_13-15-58.webp.webp?fit=944%2C531&ssl=1&resize=700%2C400 2x"},"classes":[]},{"id":77539,"url":"https:\/\/noticiasribeiraopreto.com.br\/index.php\/2025\/09\/20\/vai-ter-feriado-prolongado-em-2026-veja-as-folgas-do-ano-que-vem\/","url_meta":{"origin":81619,"position":4},"title":"Vai ter feriado prolongado em 2026? Veja as folgas do ano que vem","author":"noticiasribeiraopreto.com.br","date":"20 de September de 2025","format":false,"excerpt":"Ao contr\u00e1rio de 2025, que teve poucos feriados prolongados e a maioria caiu no fim de semana, 2026 promete ser mais generoso para quem quer aproveitar os dias extras de descanso. Ao todo, ser\u00e3o 10 feriados nacionais em dias da semana, que podem ser emendados com finas de semana. A\u2026","rel":"","context":"In &quot;Not\u00edcias de Ribeir\u00e3o Preto-SP e Regi\u00e3o&quot;","block_context":{"text":"Not\u00edcias de Ribeir\u00e3o Preto-SP e Regi\u00e3o","link":"https:\/\/noticiasribeiraopreto.com.br\/index.php\/category\/noticias-de-ribeirao-preto-sp-e-regiao-ismael-colosi\/"},"img":{"alt_text":"","src":"https:\/\/i0.wp.com\/noticiasribeiraopreto.com.br\/wp-content\/uploads\/2025\/09\/calendar-gab1f19fa1_1920_2025-09-20_20-52-18.webp.webp?fit=1200%2C900&ssl=1&resize=350%2C200","width":350,"height":200,"srcset":"https:\/\/i0.wp.com\/noticiasribeiraopreto.com.br\/wp-content\/uploads\/2025\/09\/calendar-gab1f19fa1_1920_2025-09-20_20-52-18.webp.webp?fit=1200%2C900&ssl=1&resize=350%2C200 1x, https:\/\/i0.wp.com\/noticiasribeiraopreto.com.br\/wp-content\/uploads\/2025\/09\/calendar-gab1f19fa1_1920_2025-09-20_20-52-18.webp.webp?fit=1200%2C900&ssl=1&resize=525%2C300 1.5x, https:\/\/i0.wp.com\/noticiasribeiraopreto.com.br\/wp-content\/uploads\/2025\/09\/calendar-gab1f19fa1_1920_2025-09-20_20-52-18.webp.webp?fit=1200%2C900&ssl=1&resize=700%2C400 2x, https:\/\/i0.wp.com\/noticiasribeiraopreto.com.br\/wp-content\/uploads\/2025\/09\/calendar-gab1f19fa1_1920_2025-09-20_20-52-18.webp.webp?fit=1200%2C900&ssl=1&resize=1050%2C600 3x"},"classes":[]},{"id":19379,"url":"https:\/\/noticiasribeiraopreto.com.br\/index.php\/2023\/12\/22\/calendario-da-b3-de-2024-tera-menos-feriados-que-o-de-2023\/","url_meta":{"origin":81619,"position":5},"title":"Calend\u00e1rio da B3 de 2024 ter\u00e1 menos feriados que o de 2023","author":"noticiasribeiraopreto.com.br","date":"22 de December de 2023","format":false,"excerpt":"Um novo ano j\u00e1 est\u00e1 no horizonte, faltando apenas nove dias para 2023 ficar para tr\u00e1s. Enquanto os investidores aproveitam o rali da bolsa, que vem alavancando o Ibovespa a mais de 132 mil pontos, a B3 j\u00e1 se prepara para 2024. O calend\u00e1rio da bolsa brasileira j\u00e1 foi divulgado\u2026","rel":"","context":"In &quot;Dinheiro e Investimento&quot;","block_context":{"text":"Dinheiro e Investimento","link":"https:\/\/noticiasribeiraopreto.com.br\/index.php\/category\/dinheiro-e-investimento-como-fazer-como-ganhar\/"},"img":{"alt_text":"","src":"https:\/\/i0.wp.com\/noticiasribeiraopreto.com.br\/wp-content\/uploads\/2023\/12\/grupo-de-pessoas-de-negocios-tendo-uma-reuniao-1-715x402.jpg?fit=715%2C402&ssl=1&resize=350%2C200","width":350,"height":200,"srcset":"https:\/\/i0.wp.com\/noticiasribeiraopreto.com.br\/wp-content\/uploads\/2023\/12\/grupo-de-pessoas-de-negocios-tendo-uma-reuniao-1-715x402.jpg?fit=715%2C402&ssl=1&resize=350%2C200 1x, https:\/\/i0.wp.com\/noticiasribeiraopreto.com.br\/wp-content\/uploads\/2023\/12\/grupo-de-pessoas-de-negocios-tendo-uma-reuniao-1-715x402.jpg?fit=715%2C402&ssl=1&resize=525%2C300 1.5x, https:\/\/i0.wp.com\/noticiasribeiraopreto.com.br\/wp-content\/uploads\/2023\/12\/grupo-de-pessoas-de-negocios-tendo-uma-reuniao-1-715x402.jpg?fit=715%2C402&ssl=1&resize=700%2C400 2x"},"classes":[]}],"jetpack_sharing_enabled":true,"jetpack_shortlink":"https:\/\/wp.me\/peQAOb-ler","_links":{"self":[{"href":"https:\/\/noticiasribeiraopreto.com.br\/index.php\/wp-json\/wp\/v2\/posts\/81619","targetHints":{"allow":["GET"]}}],"collection":[{"href":"https:\/\/noticiasribeiraopreto.com.br\/index.php\/wp-json\/wp\/v2\/posts"}],"about":[{"href":"https:\/\/noticiasribeiraopreto.com.br\/index.php\/wp-json\/wp\/v2\/types\/post"}],"author":[{"embeddable":true,"href":"https:\/\/noticiasribeiraopreto.com.br\/index.php\/wp-json\/wp\/v2\/users\/1"}],"replies":[{"embeddable":true,"href":"https:\/\/noticiasribeiraopreto.com.br\/index.php\/wp-json\/wp\/v2\/comments?post=81619"}],"version-history":[{"count":0,"href":"https:\/\/noticiasribeiraopreto.com.br\/index.php\/wp-json\/wp\/v2\/posts\/81619\/revisions"}],"wp:featuredmedia":[{"embeddable":true,"href":"https:\/\/noticiasribeiraopreto.com.br\/index.php\/wp-json\/wp\/v2\/media\/81620"}],"wp:attachment":[{"href":"https:\/\/noticiasribeiraopreto.com.br\/index.php\/wp-json\/wp\/v2\/media?parent=81619"}],"wp:term":[{"taxonomy":"category","embeddable":true,"href":"https:\/\/noticiasribeiraopreto.com.br\/index.php\/wp-json\/wp\/v2\/categories?post=81619"},{"taxonomy":"post_tag","embeddable":true,"href":"https:\/\/noticiasribeiraopreto.com.br\/index.php\/wp-json\/wp\/v2\/tags?post=81619"}],"curies":[{"name":"wp","href":"https:\/\/api.w.org\/{rel}","templated":true}]}}