{"id":81621,"date":"2026-01-11T19:18:52","date_gmt":"2026-01-11T22:18:52","guid":{"rendered":"https:\/\/noticiasribeiraopreto.com.br\/index.php\/2026\/01\/11\/botafogo-empata-com-velo-clube-em-estreia-no-paulistao\/"},"modified":"2026-01-11T19:18:52","modified_gmt":"2026-01-11T22:18:52","slug":"botafogo-empata-com-velo-clube-em-estreia-no-paulistao","status":"publish","type":"post","link":"https:\/\/noticiasribeiraopreto.com.br\/index.php\/2026\/01\/11\/botafogo-empata-com-velo-clube-em-estreia-no-paulistao\/","title":{"rendered":"Botafogo empata com Velo Clube em estreia no Paulist\u00e3o"},"content":{"rendered":"<div class='code-block code-block-1' style='margin: 8px 0 8px auto; text-align: right; display: block; clear: both;'>\n<p><a href=\"https:\/\/wa.link\/vpicfd\"><img data-recalc-dims=\"1\" class=\"wp-image-4922\" style=\"aspect-ratio: 2.0253164556962027; width: 561px; height: auto;\" src=\"https:\/\/i0.wp.com\/ismaelcolosi.com.br\/wp-content\/uploads\/2023\/11\/grupo-de-empregos-whatsapp-e-facebook-ismael-colosi-vagas.jpg?ssl=1\" alt=\"\" \/><\/a><\/p>\n<!-- \/wp:image -->\n<\/div>\n<p> <br \/>\n<\/p>\n<div id=\"\">&#13;<\/p>\n<h2 class=\"penci-post-subtitle\">Equipes fazem jogo de poucas oportunidades em Rio Claro<\/h2>\n<p>&#13;<\/p>\n<p>&#13;<br \/>\n\t\t\t\t\t\t\t\t\t<span class=\"entry-meta-item penci-posted-on\"><i class=\"fa fa-clock-o\"\/><time class=\"entry-date published updated\" datetime=\"2026-01-11T19:12:07-03:00\">11 de janeiro de 2026 19:12<\/time><\/span><span class=\"entry-meta-item penci-post-countview\"\/>\t\t\t\t\t\t\t\t<\/p>\n<p><!-- .entry-meta -->&#13;<br \/>\n\t\t\t\t\t\t\t\t<span class=\"penci-social-buttons penci-social-share-footer\"><span class=\"penci-social-share-text\">Compartilhar<\/span><a href=\"#\" class=\"penci-post-like penci_post-meta_item  single-like-button penci-social-item like\" data-post_id=\"451577\" title=\"Like\" data-like=\"Like\" data-unlike=\"Unlike\"><i class=\"fa fa-thumbs-o-up\"\/><span class=\"penci-share-number\">1<\/span><\/a><i class=\"fa fa-facebook\"\/><a class=\"penci-social-item twitter\" target=\"_blank\" rel=\"noopener\" title=\"\" href=\"https:\/\/twitter.com\/intent\/tweet?text=Botafogo%20empata%20com%20Velo%20Clube%20em%20estreia%20no%20Paulist\u00e3o%20-%20https:\/\/www.tribunaribeirao.com.br\/botafogo-empata-com-velo-clube-em-estreia-no-paulistao\/\"><i class=\"fa fa-twitter\"\/><\/a><i class=\"fa fa-linkedin\"\/><i class=\"fa fa-whatsapp\"\/><i class=\"fa fa-telegram\"\/><i class=\"fa fa-envelope\"\/><\/span>\t\t\t\t\t\t\t<\/div>\n<div>\n<p><em><strong>Por Hugo Luque<\/strong><\/em><\/p>\n<p>O Botafogo iniciou sua temporada de 2026 com um empate em 0 a 0 com o Velo Clube, neste domingo (11), no Est\u00e1dio Benit\u00e3o, pela primeira rodada do Campeonato Paulista. A partida foi marcada por pouca criatividade e chances escassas.<\/p>\n<p>Fora de casa, o time de Claudio Tencati rapidamente mostrou aquela que pode ser sua principal mudan\u00e7a em rela\u00e7\u00e3o a 2025: uma escala\u00e7\u00e3o com o meio de campo mais m\u00f3vel e t\u00e9cnico. Neste jogo, Everton Morelli, Leandro Maciel e Rafael Gava preencheram a intermedi\u00e1ria.<\/p>\n<p>No entanto, ao menos no primeiro desafio, essa op\u00e7\u00e3o do novo t\u00e9cnico botafoguense pouco surtiu efeito ofensivamente. No \u00e2mbito defensivo, o Pantera conseguiu evitou o gol mesmo ap\u00f3s a expuls\u00e3o do estreante lateral-esquerdo Gabriel Inoc\u00eancio, ainda que o Velo tenha subido as linhas com a vantagem num\u00e9rica.<\/p>\n<p>Al\u00e9m de Inoc\u00eancio, estrearam pelo Tricolor o lateral-direito Jonathan, o volante Matheus Sales e o ponta Hygor.<\/p>\n<p>O conjunto ribeir\u00e3o-pretano somou seu primeiro ponto na competi\u00e7\u00e3o estadual. O pr\u00f3ximo advers\u00e1rio \u00e9 o Noroeste, quinta-feira, \u00e0s 19h, no Est\u00e1dio Santa Cruz\/Arena Nicnet.<\/p>\n<p><strong>O jogo<\/strong><\/p>\n<p>O in\u00edcio de Paulist\u00e3o do Botafogo n\u00e3o foi intenso. No primeiro tempo, o Pantera dominou a posse de bola e trocou muitos passes, mas n\u00e3o conseguiu ser agudo. Tencati admitiu, durante a pr\u00e9-temporada, que fazer a equipe ser mais ofensiva ser\u00e1 um de seus principais desafios no novo clube.<\/p>\n<p>A \u00fanica boa chegada botafoguense foi logo aos tr\u00eas minutos, quando Jefferson Nem buscou L\u00e9o Gamalho na pequena \u00e1rea, mas a bola n\u00e3o chegou ao centroavante. O Galo Vermelho respondeu com uma cabe\u00e7ada para fora apenas aos 32. Pouco antes do intervalo, Leandro Maciel arriscou de longe, mas n\u00e3o furou o bloqueio rival.<\/p>\n<p>A conversa no vesti\u00e1rio pareceu surtir efeito, j\u00e1 que o Bota voltou a campo mais perigoso. Os minutos iniciais foram de press\u00e3o visitante, com uma sequ\u00eancia de lances de perigo. No primeiro, Inoc\u00eancio tentou bater de longe e parou em boa defesa do goleiro, que mandou pela linha de fundo. Na cobran\u00e7a de escanteio, Ericson tocou de cabe\u00e7a e a bola tirou tinta da trave.<\/p>\n<p>O problema \u00e9 que o \u00edmpeto tricolor parou por a\u00ed. Aos 16, Daniel Amorim teve a principal chance da partida e quase abriu o placar para o Velo, mas parou no travess\u00e3o em forte batida. No minuto seguinte, ele parou no goleiro Victor Souza.<\/p>\n<p>Tencati promoveu altera\u00e7\u00f5es no ataque e tentou dar f\u00f4lego novo ao time, mas os mandantes passaram a gostar do jogo. Z\u00e9 M\u00e1rio teve boa chance de abrir o marcador dentro da \u00e1rea, mas parou em a\u00e7\u00e3o providencial de Jonathan. Logo em seguida, a energia do Benit\u00e3o caiu e o jogo ficou paralisado por alguns instantes.<\/p>\n<p>Aos 42, Gabriel Inoc\u00eancio levantou muito o p\u00e9 e atingiu Z\u00e9 M\u00e1rio. O \u00e1rbitro mostrou o cart\u00e3o vermelho para o lateral, que encerrou sua estreia e foi para o chuveiro mais cedo.<\/p>\n<p>Os minutos derradeiros foram de press\u00e3o velista e bolas al\u00e7adas na \u00e1rea. Gabriel Mancha chegou a levar perigo em finaliza\u00e7\u00e3o que desviou em Guilherme Queiroz, mas o clube de Rio Claro n\u00e3o conseguiu tirar o zero do placar diante de sua torcida.<\/p>\n<\/div>\n<p><script async src=\"\/\/platform.twitter.com\/widgets.js\" charset=\"utf-8\"><\/script><br \/>\n<br \/><br \/>\n<br \/><a href=\"https:\/\/www.tribunaribeirao.com.br\/botafogo-empata-com-velo-clube-em-estreia-no-paulistao\/\">Source link <\/a><\/p>\n<!-- CONTENT END 1 -->\n","protected":false},"excerpt":{"rendered":"<p>&#13; Equipes fazem jogo de poucas oportunidades em Rio Claro &#13; &#13; 11 de janeiro de 2026 19:12 &#13; Compartilhar1 Por Hugo Luque O Botafogo&#8230;<\/p>\n","protected":false},"author":1,"featured_media":81622,"comment_status":"open","ping_status":"open","sticky":false,"template":"","format":"standard","meta":{"advanced_seo_description":"","jetpack_seo_html_title":"","jetpack_seo_noindex":false,"jetpack_post_was_ever_published":false,"_jetpack_newsletter_access":"","_jetpack_dont_email_post_to_subs":false,"_jetpack_newsletter_tier_id":0,"_jetpack_memberships_contains_paywalled_content":false,"_jetpack_memberships_contains_paid_content":false,"footnotes":"","jetpack_publicize_message":"","jetpack_publicize_feature_enabled":true,"jetpack_social_post_already_shared":true,"jetpack_social_options":{"image_generator_settings":{"template":"highway","default_image_id":0,"font":"","enabled":false},"version":2}},"categories":[11],"tags":[],"class_list":["post-81621","post","type-post","status-publish","format-standard","has-post-thumbnail","hentry","category-noticias-de-ribeirao-preto-sp-e-regiao-ismael-colosi"],"jetpack_publicize_connections":[],"jetpack_featured_media_url":"https:\/\/i0.wp.com\/noticiasribeiraopreto.com.br\/wp-content\/uploads\/2026\/01\/Velo-Clube-x-Botafogo-Luiz-Fernando-Cosenzo_Agencia-Botafogo-scaled.jpeg?fit=1170%2C780&ssl=1","jetpack-related-posts":[{"id":75001,"url":"https:\/\/noticiasribeiraopreto.com.br\/index.php\/2025\/08\/01\/roubos-avancam-em-junho-ante-maio\/","url_meta":{"origin":81621,"position":0},"title":"Roubos avan\u00e7am em junho ante maio","author":"noticiasribeiraopreto.com.br","date":"1 de August de 2025","format":false,"excerpt":"A Secretaria de Seguran\u00e7a P\u00fablica do Estado de S\u00e3o Paulo (SSP\/SP) divulgou os resultados das \u201cEstat\u00edsticas da Criminalidade\u201d. Em Ribeir\u00e3o Preto, todos os crimes contra o patrim\u00f4nio registraram queda \u2013 furtos e roubos em geral e furtos e roubos de ve\u00edculos \u2013 no primeiro semestre deste ano em rela\u00e7\u00e3o ao\u2026","rel":"","context":"In &quot;Not\u00edcias de Ribeir\u00e3o Preto-SP e Regi\u00e3o&quot;","block_context":{"text":"Not\u00edcias de Ribeir\u00e3o Preto-SP e Regi\u00e3o","link":"https:\/\/noticiasribeiraopreto.com.br\/index.php\/category\/noticias-de-ribeirao-preto-sp-e-regiao-ismael-colosi\/"},"img":{"alt_text":"","src":"https:\/\/i0.wp.com\/noticiasribeiraopreto.com.br\/wp-content\/uploads\/2025\/08\/CrimeRP-Pixabay-scaled.jpg?fit=1170%2C780&ssl=1&resize=350%2C200","width":350,"height":200,"srcset":"https:\/\/i0.wp.com\/noticiasribeiraopreto.com.br\/wp-content\/uploads\/2025\/08\/CrimeRP-Pixabay-scaled.jpg?fit=1170%2C780&ssl=1&resize=350%2C200 1x, https:\/\/i0.wp.com\/noticiasribeiraopreto.com.br\/wp-content\/uploads\/2025\/08\/CrimeRP-Pixabay-scaled.jpg?fit=1170%2C780&ssl=1&resize=525%2C300 1.5x, https:\/\/i0.wp.com\/noticiasribeiraopreto.com.br\/wp-content\/uploads\/2025\/08\/CrimeRP-Pixabay-scaled.jpg?fit=1170%2C780&ssl=1&resize=700%2C400 2x, https:\/\/i0.wp.com\/noticiasribeiraopreto.com.br\/wp-content\/uploads\/2025\/08\/CrimeRP-Pixabay-scaled.jpg?fit=1170%2C780&ssl=1&resize=1050%2C600 3x"},"classes":[]},{"id":73990,"url":"https:\/\/noticiasribeiraopreto.com.br\/index.php\/2025\/07\/14\/ataques-de-escorpiao-avancam-no-ano-2\/","url_meta":{"origin":81621,"position":1},"title":"Ataques de escorpi\u00e3o avan\u00e7am no ano","author":"noticiasribeiraopreto.com.br","date":"14 de July de 2025","format":false,"excerpt":"Ribeir\u00e3o Preto j\u00e1 soma 888 ataques de escorpi\u00e3o em cinco meses deste ano, m\u00e9dia de um caso a cada quatro horas, segundo dados do painel da Secretaria Municipal da Sa\u00fade. Em compara\u00e7\u00e3o com os 668 do mesmo per\u00edodo de 2024, s\u00e3o 220 a mais e crescimento de 32,93%. Recuou na\u2026","rel":"","context":"In &quot;Not\u00edcias de Ribeir\u00e3o Preto-SP e Regi\u00e3o&quot;","block_context":{"text":"Not\u00edcias de Ribeir\u00e3o Preto-SP e Regi\u00e3o","link":"https:\/\/noticiasribeiraopreto.com.br\/index.php\/category\/noticias-de-ribeirao-preto-sp-e-regiao-ismael-colosi\/"},"img":{"alt_text":"","src":"https:\/\/i0.wp.com\/noticiasribeiraopreto.com.br\/wp-content\/uploads\/2025\/07\/Escorpiao-Redes-sociais-Reproducao-scaled.jpeg?fit=756%2C500&ssl=1&resize=350%2C200","width":350,"height":200,"srcset":"https:\/\/i0.wp.com\/noticiasribeiraopreto.com.br\/wp-content\/uploads\/2025\/07\/Escorpiao-Redes-sociais-Reproducao-scaled.jpeg?fit=756%2C500&ssl=1&resize=350%2C200 1x, https:\/\/i0.wp.com\/noticiasribeiraopreto.com.br\/wp-content\/uploads\/2025\/07\/Escorpiao-Redes-sociais-Reproducao-scaled.jpeg?fit=756%2C500&ssl=1&resize=525%2C300 1.5x, https:\/\/i0.wp.com\/noticiasribeiraopreto.com.br\/wp-content\/uploads\/2025\/07\/Escorpiao-Redes-sociais-Reproducao-scaled.jpeg?fit=756%2C500&ssl=1&resize=700%2C400 2x"},"classes":[]},{"id":69227,"url":"https:\/\/noticiasribeiraopreto.com.br\/index.php\/2025\/05\/03\/ataques-de-escorpiao-avancam-em-2025\/","url_meta":{"origin":81621,"position":2},"title":"Ataques de escorpi\u00e3o avan\u00e7am em 2025 \u00a0","author":"noticiasribeiraopreto.com.br","date":"3 de May de 2025","format":false,"excerpt":"3 de maio de 2025 16:303 de maio de 2025 09:068 Compartilhar0 Ribeir\u00e3o Preto j\u00e1 soma 534 ataques de escorpi\u00e3o em tr\u00eas meses deste ano, m\u00e9dia de um caso a cada quatro horas, segundo dados do painel da Secretaria Municipal da Sa\u00fade. Em compara\u00e7\u00e3o com os 397 do primeiro trimestre\u2026","rel":"","context":"In &quot;Not\u00edcias de Ribeir\u00e3o Preto-SP e Regi\u00e3o&quot;","block_context":{"text":"Not\u00edcias de Ribeir\u00e3o Preto-SP e Regi\u00e3o","link":"https:\/\/noticiasribeiraopreto.com.br\/index.php\/category\/noticias-de-ribeirao-preto-sp-e-regiao-ismael-colosi\/"},"img":{"alt_text":"","src":"https:\/\/i0.wp.com\/noticiasribeiraopreto.com.br\/wp-content\/uploads\/2025\/05\/Escorpiao-Redes-sociais-Reproducao-2.jpg?fit=1200%2C800&ssl=1&resize=350%2C200","width":350,"height":200,"srcset":"https:\/\/i0.wp.com\/noticiasribeiraopreto.com.br\/wp-content\/uploads\/2025\/05\/Escorpiao-Redes-sociais-Reproducao-2.jpg?fit=1200%2C800&ssl=1&resize=350%2C200 1x, https:\/\/i0.wp.com\/noticiasribeiraopreto.com.br\/wp-content\/uploads\/2025\/05\/Escorpiao-Redes-sociais-Reproducao-2.jpg?fit=1200%2C800&ssl=1&resize=525%2C300 1.5x, https:\/\/i0.wp.com\/noticiasribeiraopreto.com.br\/wp-content\/uploads\/2025\/05\/Escorpiao-Redes-sociais-Reproducao-2.jpg?fit=1200%2C800&ssl=1&resize=700%2C400 2x, https:\/\/i0.wp.com\/noticiasribeiraopreto.com.br\/wp-content\/uploads\/2025\/05\/Escorpiao-Redes-sociais-Reproducao-2.jpg?fit=1200%2C800&ssl=1&resize=1050%2C600 3x"},"classes":[]},{"id":46478,"url":"https:\/\/noticiasribeiraopreto.com.br\/index.php\/2024\/04\/11\/vaga-para-tecnico-de-controle-de-qualidade-em-ribeirao-preto\/","url_meta":{"origin":81621,"position":3},"title":"Vaga para T\u00e9cnico de Controle de Qualidade em Ribeir\u00e3o Preto","author":"noticiasribeiraopreto.com.br","date":"11 de April de 2024","format":false,"excerpt":"Vaga para T\u00e9cnico de Controle de Qualidade em Ribeir\u00e3o Preto 1 vaga para Supervisor de Produ\u00e7\u00e3o em Ribeir\u00e3o Preto - SPh\u00e1 4 horas 1 vaga para Auxiliar de Produ\u00e7\u00e3o - PCD em Ribeir\u00e3o Preto - SPh\u00e1 4 horas Vaga para Analista de Departamento Pessoal em Ribeir\u00e3o Pretoh\u00e1 5 horas Vaga\u2026","rel":"","context":"In &quot;Vagas de Emprego em Ribeir\u00e3o Preto-SP&quot;","block_context":{"text":"Vagas de Emprego em Ribeir\u00e3o Preto-SP","link":"https:\/\/noticiasribeiraopreto.com.br\/index.php\/category\/empregos-classificados-vagas-trabalho\/vagas-de-empregos-em-ribeirao-preto-regiao-brasil\/"},"img":{"alt_text":"","src":"","width":0,"height":0},"classes":[]},{"id":82438,"url":"https:\/\/noticiasribeiraopreto.com.br\/index.php\/2026\/02\/14\/rp-fecha-janeiro-com-199-ataques\/","url_meta":{"origin":81621,"position":4},"title":"RP fecha janeiro com 199 ataques","author":"noticiasribeiraopreto.com.br","date":"14 de February de 2026","format":false,"excerpt":"Ribeir\u00e3o Preto encerrou 2025 com 1.998 ataques de escorpi\u00e3o, m\u00e9dia de um caso a cada quatro horas e meia, segundo dados do painel da Secretaria Municipal da Sa\u00fade. O n\u00famero \u00e9 33,02% superior as 1.502 ocorr\u00eancias de 2024. S\u00e3o 496 a mais. Em janeiro deste ano foram 199 ataques, 52\u2026","rel":"","context":"In &quot;Not\u00edcias de Ribeir\u00e3o Preto-SP e Regi\u00e3o&quot;","block_context":{"text":"Not\u00edcias de Ribeir\u00e3o Preto-SP e Regi\u00e3o","link":"https:\/\/noticiasribeiraopreto.com.br\/index.php\/category\/noticias-de-ribeirao-preto-sp-e-regiao-ismael-colosi\/"},"img":{"alt_text":"","src":"https:\/\/i0.wp.com\/noticiasribeiraopreto.com.br\/wp-content\/uploads\/2026\/02\/Escorpiao-Getty-Images-scaled.jpg?fit=1192%2C780&ssl=1&resize=350%2C200","width":350,"height":200,"srcset":"https:\/\/i0.wp.com\/noticiasribeiraopreto.com.br\/wp-content\/uploads\/2026\/02\/Escorpiao-Getty-Images-scaled.jpg?fit=1192%2C780&ssl=1&resize=350%2C200 1x, https:\/\/i0.wp.com\/noticiasribeiraopreto.com.br\/wp-content\/uploads\/2026\/02\/Escorpiao-Getty-Images-scaled.jpg?fit=1192%2C780&ssl=1&resize=525%2C300 1.5x, https:\/\/i0.wp.com\/noticiasribeiraopreto.com.br\/wp-content\/uploads\/2026\/02\/Escorpiao-Getty-Images-scaled.jpg?fit=1192%2C780&ssl=1&resize=700%2C400 2x, https:\/\/i0.wp.com\/noticiasribeiraopreto.com.br\/wp-content\/uploads\/2026\/02\/Escorpiao-Getty-Images-scaled.jpg?fit=1192%2C780&ssl=1&resize=1050%2C600 3x"},"classes":[]},{"id":37494,"url":"https:\/\/noticiasribeiraopreto.com.br\/index.php\/2024\/02\/16\/covid-19-volta-a-preocupar-rp\/","url_meta":{"origin":81621,"position":5},"title":"Covid-19 volta a preocupar RP\u00a0","author":"noticiasribeiraopreto.com.br","date":"16 de February de 2024","format":false,"excerpt":"16 de fevereiro de 2024 | 15:0016 de fevereiro de 2024 | 8:26 0Segundo o painel da Secretaria Municipal da Sa\u00fade, Ribeir\u00e3o Preto registrou mais tr\u00eas mortes por covid-19 em cerca de um m\u00eas, na passagem de dezembro para janeiro. A plataforma contabiliza dados at\u00e9 o m\u00eas anterior ao vigente.\u2026","rel":"","context":"In &quot;Not\u00edcias de Ribeir\u00e3o Preto-SP e Regi\u00e3o&quot;","block_context":{"text":"Not\u00edcias de Ribeir\u00e3o Preto-SP e Regi\u00e3o","link":"https:\/\/noticiasribeiraopreto.com.br\/index.php\/category\/noticias-de-ribeirao-preto-sp-e-regiao-ismael-colosi\/"},"img":{"alt_text":"","src":"https:\/\/i0.wp.com\/noticiasribeiraopreto.com.br\/wp-content\/uploads\/2024\/02\/ChinaVIR-Mor-Alfredo-Risk-scaled.jpg?fit=1000%2C563&ssl=1&resize=350%2C200","width":350,"height":200,"srcset":"https:\/\/i0.wp.com\/noticiasribeiraopreto.com.br\/wp-content\/uploads\/2024\/02\/ChinaVIR-Mor-Alfredo-Risk-scaled.jpg?fit=1000%2C563&ssl=1&resize=350%2C200 1x, https:\/\/i0.wp.com\/noticiasribeiraopreto.com.br\/wp-content\/uploads\/2024\/02\/ChinaVIR-Mor-Alfredo-Risk-scaled.jpg?fit=1000%2C563&ssl=1&resize=525%2C300 1.5x, https:\/\/i0.wp.com\/noticiasribeiraopreto.com.br\/wp-content\/uploads\/2024\/02\/ChinaVIR-Mor-Alfredo-Risk-scaled.jpg?fit=1000%2C563&ssl=1&resize=700%2C400 2x"},"classes":[]}],"jetpack_sharing_enabled":true,"jetpack_shortlink":"https:\/\/wp.me\/peQAOb-let","_links":{"self":[{"href":"https:\/\/noticiasribeiraopreto.com.br\/index.php\/wp-json\/wp\/v2\/posts\/81621","targetHints":{"allow":["GET"]}}],"collection":[{"href":"https:\/\/noticiasribeiraopreto.com.br\/index.php\/wp-json\/wp\/v2\/posts"}],"about":[{"href":"https:\/\/noticiasribeiraopreto.com.br\/index.php\/wp-json\/wp\/v2\/types\/post"}],"author":[{"embeddable":true,"href":"https:\/\/noticiasribeiraopreto.com.br\/index.php\/wp-json\/wp\/v2\/users\/1"}],"replies":[{"embeddable":true,"href":"https:\/\/noticiasribeiraopreto.com.br\/index.php\/wp-json\/wp\/v2\/comments?post=81621"}],"version-history":[{"count":0,"href":"https:\/\/noticiasribeiraopreto.com.br\/index.php\/wp-json\/wp\/v2\/posts\/81621\/revisions"}],"wp:featuredmedia":[{"embeddable":true,"href":"https:\/\/noticiasribeiraopreto.com.br\/index.php\/wp-json\/wp\/v2\/media\/81622"}],"wp:attachment":[{"href":"https:\/\/noticiasribeiraopreto.com.br\/index.php\/wp-json\/wp\/v2\/media?parent=81621"}],"wp:term":[{"taxonomy":"category","embeddable":true,"href":"https:\/\/noticiasribeiraopreto.com.br\/index.php\/wp-json\/wp\/v2\/categories?post=81621"},{"taxonomy":"post_tag","embeddable":true,"href":"https:\/\/noticiasribeiraopreto.com.br\/index.php\/wp-json\/wp\/v2\/tags?post=81621"}],"curies":[{"name":"wp","href":"https:\/\/api.w.org\/{rel}","templated":true}]}}