{"id":81623,"date":"2026-01-12T06:18:57","date_gmt":"2026-01-12T09:18:57","guid":{"rendered":"https:\/\/noticiasribeiraopreto.com.br\/index.php\/2026\/01\/12\/o-agente-secreto-faz-historia-no-globo-de-ouro-com-dois-premios\/"},"modified":"2026-01-12T06:18:57","modified_gmt":"2026-01-12T09:18:57","slug":"o-agente-secreto-faz-historia-no-globo-de-ouro-com-dois-premios","status":"publish","type":"post","link":"https:\/\/noticiasribeiraopreto.com.br\/index.php\/2026\/01\/12\/o-agente-secreto-faz-historia-no-globo-de-ouro-com-dois-premios\/","title":{"rendered":"O Agente Secreto faz hist\u00f3ria no Globo de Ouro com dois pr\u00eamios"},"content":{"rendered":"<div class='code-block code-block-1' style='margin: 8px 0 8px auto; text-align: right; display: block; clear: both;'>\n<p><a href=\"https:\/\/wa.link\/vpicfd\"><img data-recalc-dims=\"1\" class=\"wp-image-4922\" style=\"aspect-ratio: 2.0253164556962027; width: 561px; height: auto;\" src=\"https:\/\/i0.wp.com\/ismaelcolosi.com.br\/wp-content\/uploads\/2023\/11\/grupo-de-empregos-whatsapp-e-facebook-ismael-colosi-vagas.jpg?ssl=1\" alt=\"\" \/><\/a><\/p>\n<!-- \/wp:image -->\n<\/div>\n<p> <br \/>\n<\/p>\n<div>\n<p>O cinema brasileiro viveu uma noite hist\u00f3rica neste domingo no Globo de Ouro, realizado no The Beverly Hilton, em Los Angeles (EUA). O filme <strong><em>O Agente Secreto<\/em><\/strong>, dirigido por Kleber Mendon\u00e7a Filho, <strong>venceu duas das principais categorias da cerim\u00f4nia: Melhor Filme em L\u00edngua N\u00e3o Inglesa e Melhor Ator em Filme de Drama, com Wagner Moura.<\/strong><img data-recalc-dims=\"1\" decoding=\"async\" src=\"https:\/\/i0.wp.com\/agenciabrasil.ebc.com.br\/ebc.png?ssl=1\" class=\"lazyload\"\/><img data-recalc-dims=\"1\" decoding=\"async\" src=\"https:\/\/i0.wp.com\/agenciabrasil.ebc.com.br\/ebc.gif?ssl=1\" class=\"lazyload\"\/><\/p>\n<p>Apesar do desempenho expressivo, o longa brasileiro n\u00e3o levou o pr\u00eamio de Melhor Filme de Drama, principal categoria da noite, que ficou com <em>Hamnet<\/em>. Ainda assim, a chamada \u201cnoite do Brasil\u201d consolidou a presen\u00e7a do pa\u00eds entre os destaques da premia\u00e7\u00e3o.<\/p>\n<p>O an\u00fancio de Melhor Filme em L\u00edngua N\u00e3o Inglesa foi feito pelos atores Orlando Bloom e Minnie Driver. Ao revelar o vencedor, Driver saudou o p\u00fablico brasileiro com um \u201cParab\u00e9ns\u201d, dito em portugu\u00eas. Na categoria, <em>O Agente Secreto<\/em>\u00a0superou produ\u00e7\u00f5es de cinco\u00a0pa\u00edses: <em>Valor Sentimental<\/em> (Noruega), <em>Sir\u00e2t<\/em> (Espanha), <em>A \u00danica Sa\u00edda<\/em> (Coreia do Sul), <em>A Voz de Hind Rajab<\/em> (Tun\u00edsia) e\u00a0<em>Foi Apenas um Acidente<\/em> (Fran\u00e7a).<\/p>\n<p>Ao receber a estatueta, <strong>Kleber Mendon\u00e7a Filho iniciou o discurso saudando o pa\u00eds. \u201cEu quero dar um al\u00f4 ao Brasil: al\u00f4, Brasil\u201d<\/strong>, disse. Em seguida, agradeceu \u00e0 distribuidora brasileira Vitrine Filmes, \u00e0 produtora e companheira Emilie, \u00e0 equipe e ao elenco. <strong>\u201cObrigado, Wagner Moura. As melhores coisas acontecem quando voc\u00ea tem um grande ator e um grande amigo. Eu dedico esse filme aos jovens cineastas. Esse \u00e9 um grande momento\u201d, afirmou o diretor.<\/strong><\/p>\n<p>A vit\u00f3ria coroou um percurso internacional iniciado no\u00a0Festival de Cannes, onde o filme teve estreia concorrendo \u00e0 Palma de Ouro. Na ocasi\u00e3o, uma apresenta\u00e7\u00e3o de frevo tomou a Avenida Croisette e se tornou um dos momentos mais comentados da edi\u00e7\u00e3o.<\/p>\n<h2>Melhor ator<\/h2>\n<p>J\u00e1 Wagner Moura fez hist\u00f3ria ao se tornar o primeiro brasileiro a vencer o Globo de Ouro de Melhor Ator em Filme de Drama. Em seu discurso, falou em portugu\u00eas e celebrou a cultura brasileira. \u201cViva a cultura brasileira\u201d, disse o ator, ao destacar a parceria com Kleber Mendon\u00e7a Filho, a quem definiu como \u201cum g\u00eanio\u201d, e a amizade constru\u00edda ao longo do projeto.<\/p>\n<p>Al\u00e9m de Wagner Moura, concorriam \u00e0 categoria Joel Edgerton (<em>Sonhos de Trem<\/em>), Oscar Isaac (<em>Frankenstein<\/em>), Dwayne Johnson (<em>Cora\u00e7\u00e3o de Lutador: The Smashing Machine<\/em>), Michael B. Jordan (<em>Pecadores<\/em>) e Jeremy Allen White (<em>Springsteen: Salve-me do Desconhecido<\/em>).<\/p>\n<p>A vit\u00f3ria de <em>O Agente Secreto<\/em>\u00a0resgata uma tradi\u00e7\u00e3o brasileira na premia\u00e7\u00e3o: <em>Central do Brasil<\/em> venceu a mesma categoria em 1999, e, no ano passado, Fernanda Torres conquistou o pr\u00eamio de Melhor Atriz em Filme de Drama.<\/p>\n<p>Entre os demais vencedores do Globo de Ouro, o pr\u00eamio de Melhor Dire\u00e7\u00e3o em Filme ficou com Paul Thomas Anderson, por <em>Uma Batalha Ap\u00f3s a Outra<\/em>. J\u00e1 Melhor Ator em Filme de Musical ou Com\u00e9dia foi conquistado por Timoth\u00e9e Chalamet, por <em>Marty Supreme<\/em>.<\/p>\n<p>Na televis\u00e3o, a s\u00e9rie <em>Adolesc\u00eancia<\/em> saiu com dois pr\u00eamios de atua\u00e7\u00e3o: Owen Cooper venceu como Melhor Ator Coadjuvante em S\u00e9rie, e Stephen Graham foi premiado pela atua\u00e7\u00e3o como protagonista, al\u00e9m de tamb\u00e9m assinar a dire\u00e7\u00e3o da produ\u00e7\u00e3o.<\/p>\n<p>Com duas estatuetas e forte repercuss\u00e3o internacional, <em>O Agente Secreto<\/em>\u00a0consolida o Brasil como um dos grandes protagonistas da atual temporada de premia\u00e7\u00f5es do cinema mundial.<\/p>\n<\/div>\n<p><br \/>\n<br \/><a href=\"https:\/\/www.tribunaribeirao.com.br\/o-agente-secreto-faz-historia-no-globo-de-ouro-com-dois-premios\/\">Source link <\/a><\/p>\n<!-- CONTENT END 1 -->\n","protected":false},"excerpt":{"rendered":"<p>O cinema brasileiro viveu uma noite hist\u00f3rica neste domingo no Globo de Ouro, realizado no The Beverly Hilton, em Los Angeles (EUA). O filme O&#8230;<\/p>\n","protected":false},"author":1,"featured_media":81624,"comment_status":"open","ping_status":"open","sticky":false,"template":"","format":"standard","meta":{"advanced_seo_description":"","jetpack_seo_html_title":"","jetpack_seo_noindex":false,"jetpack_post_was_ever_published":false,"_jetpack_newsletter_access":"","_jetpack_dont_email_post_to_subs":false,"_jetpack_newsletter_tier_id":0,"_jetpack_memberships_contains_paywalled_content":false,"_jetpack_memberships_contains_paid_content":false,"footnotes":"","jetpack_publicize_message":"","jetpack_publicize_feature_enabled":true,"jetpack_social_post_already_shared":true,"jetpack_social_options":{"image_generator_settings":{"template":"highway","default_image_id":0,"font":"","enabled":false},"version":2}},"categories":[11],"tags":[],"class_list":["post-81623","post","type-post","status-publish","format-standard","has-post-thumbnail","hentry","category-noticias-de-ribeirao-preto-sp-e-regiao-ismael-colosi"],"jetpack_publicize_connections":[],"jetpack_featured_media_url":"https:\/\/i0.wp.com\/noticiasribeiraopreto.com.br\/wp-content\/uploads\/2026\/01\/agente-secreto-premio-Victor-Juca-.webp.webp?fit=1170%2C700&ssl=1","jetpack-related-posts":[{"id":82496,"url":"https:\/\/noticiasribeiraopreto.com.br\/index.php\/2026\/02\/16\/o-agente-secreto-vence-spirit-award-como-melhor-filme-internacional\/","url_meta":{"origin":81623,"position":0},"title":"O Agente Secreto vence Spirit Award como melhor filme internacional","author":"noticiasribeiraopreto.com.br","date":"16 de February de 2026","format":false,"excerpt":"\r \r \r \r \r 16 de fevereiro de 2026 11:39 \r Compartilhar0 \r O longa brasileiro O Agente Secreto venceu neste domingo (15) o Film Independent Spirit Awards na categoria Melhor Filme Internacional. Esta foi a terceira indica\u00e7\u00e3o do diretor Kleber Mendon\u00e7a Filho \u00e0 premia\u00e7\u00e3o e sua primeira vit\u00f3ria.\u2026","rel":"","context":"In &quot;Not\u00edcias de Ribeir\u00e3o Preto-SP e Regi\u00e3o&quot;","block_context":{"text":"Not\u00edcias de Ribeir\u00e3o Preto-SP e Regi\u00e3o","link":"https:\/\/noticiasribeiraopreto.com.br\/index.php\/category\/noticias-de-ribeirao-preto-sp-e-regiao-ismael-colosi\/"},"img":{"alt_text":"","src":"https:\/\/i0.wp.com\/noticiasribeiraopreto.com.br\/wp-content\/uploads\/2026\/02\/O-agente-secreeto.webp.webp?fit=1170%2C700&ssl=1&resize=350%2C200","width":350,"height":200,"srcset":"https:\/\/i0.wp.com\/noticiasribeiraopreto.com.br\/wp-content\/uploads\/2026\/02\/O-agente-secreeto.webp.webp?fit=1170%2C700&ssl=1&resize=350%2C200 1x, https:\/\/i0.wp.com\/noticiasribeiraopreto.com.br\/wp-content\/uploads\/2026\/02\/O-agente-secreeto.webp.webp?fit=1170%2C700&ssl=1&resize=525%2C300 1.5x, https:\/\/i0.wp.com\/noticiasribeiraopreto.com.br\/wp-content\/uploads\/2026\/02\/O-agente-secreeto.webp.webp?fit=1170%2C700&ssl=1&resize=700%2C400 2x, https:\/\/i0.wp.com\/noticiasribeiraopreto.com.br\/wp-content\/uploads\/2026\/02\/O-agente-secreeto.webp.webp?fit=1170%2C700&ssl=1&resize=1050%2C600 3x"},"classes":[]},{"id":62152,"url":"https:\/\/noticiasribeiraopreto.com.br\/index.php\/2025\/01\/05\/globo-de-ouro-veja-como-assistir-qual-e-o-horario-e-quem-sao-os-indicados\/","url_meta":{"origin":81623,"position":1},"title":"Globo de Ouro: veja como assistir, qual \u00e9 o hor\u00e1rio e quem s\u00e3o os indicados","author":"noticiasribeiraopreto.com.br","date":"5 de January de 2025","format":false,"excerpt":"Acontece neste domingo (5), em Los Angeles, nos Estados Unidos, a 82\u00aa edi\u00e7\u00e3o do Globo de Ouro, cerim\u00f4nia que abre a temporada de premia\u00e7\u00f5es do cinema americano. Nesta edi\u00e7\u00e3o, o filme brasileiro \u201cAinda Estou Aqui\u201d disputa o pr\u00eamio de melhor filme de l\u00edngua n\u00e3o inglesa e Fernanda Torres foi indicada\u2026","rel":"","context":"In &quot;Not\u00edcias de Ribeir\u00e3o Preto-SP e Regi\u00e3o&quot;","block_context":{"text":"Not\u00edcias de Ribeir\u00e3o Preto-SP e Regi\u00e3o","link":"https:\/\/noticiasribeiraopreto.com.br\/index.php\/category\/noticias-de-ribeirao-preto-sp-e-regiao-ismael-colosi\/"},"img":{"alt_text":"","src":"https:\/\/i0.wp.com\/noticiasribeiraopreto.com.br\/wp-content\/uploads\/2024\/11\/Creditos_-ALILEDARAONAWALE_2024-11-07_16-53-38.webp.webp?fit=1200%2C675&ssl=1&resize=350%2C200","width":350,"height":200,"srcset":"https:\/\/i0.wp.com\/noticiasribeiraopreto.com.br\/wp-content\/uploads\/2024\/11\/Creditos_-ALILEDARAONAWALE_2024-11-07_16-53-38.webp.webp?fit=1200%2C675&ssl=1&resize=350%2C200 1x, https:\/\/i0.wp.com\/noticiasribeiraopreto.com.br\/wp-content\/uploads\/2024\/11\/Creditos_-ALILEDARAONAWALE_2024-11-07_16-53-38.webp.webp?fit=1200%2C675&ssl=1&resize=525%2C300 1.5x, https:\/\/i0.wp.com\/noticiasribeiraopreto.com.br\/wp-content\/uploads\/2024\/11\/Creditos_-ALILEDARAONAWALE_2024-11-07_16-53-38.webp.webp?fit=1200%2C675&ssl=1&resize=700%2C400 2x, https:\/\/i0.wp.com\/noticiasribeiraopreto.com.br\/wp-content\/uploads\/2024\/11\/Creditos_-ALILEDARAONAWALE_2024-11-07_16-53-38.webp.webp?fit=1200%2C675&ssl=1&resize=1050%2C600 3x"},"classes":[]},{"id":83307,"url":"https:\/\/noticiasribeiraopreto.com.br\/index.php\/2026\/03\/16\/se-fosse-por-elenco-bonito-era-nosso-diz-atriz-tania-maria-sobre-o-oscar\/","url_meta":{"origin":81623,"position":2},"title":"&#8216;Se fosse por elenco bonito, era nosso&#8217;, diz atriz T\u00e2nia Maria sobre o Oscar","author":"noticiasribeiraopreto.com.br","date":"16 de March de 2026","format":false,"excerpt":"Confira os vencedores do Oscar 2026 abaixo. O Agente Secreto, longa de Kleber Mendon\u00e7a Filho que estava concorrendo em quatro categorias do Oscar 2026, acabou saindo de m\u00e3os vazias da cerim\u00f4nia deste domingo, 15. Quem ficou chateada com as derrotas foi a atriz T\u00e2nia Maria, que estava acompanhando a premia\u00e7\u00e3o\u2026","rel":"","context":"In &quot;Not\u00edcias de Ribeir\u00e3o Preto-SP e Regi\u00e3o&quot;","block_context":{"text":"Not\u00edcias de Ribeir\u00e3o Preto-SP e Regi\u00e3o","link":"https:\/\/noticiasribeiraopreto.com.br\/index.php\/category\/noticias-de-ribeirao-preto-sp-e-regiao-ismael-colosi\/"},"img":{"alt_text":"","src":"https:\/\/i0.wp.com\/noticiasribeiraopreto.com.br\/wp-content\/uploads\/2026\/03\/batalha.jpeg?fit=960%2C565&ssl=1&resize=350%2C200","width":350,"height":200,"srcset":"https:\/\/i0.wp.com\/noticiasribeiraopreto.com.br\/wp-content\/uploads\/2026\/03\/batalha.jpeg?fit=960%2C565&ssl=1&resize=350%2C200 1x, https:\/\/i0.wp.com\/noticiasribeiraopreto.com.br\/wp-content\/uploads\/2026\/03\/batalha.jpeg?fit=960%2C565&ssl=1&resize=525%2C300 1.5x, https:\/\/i0.wp.com\/noticiasribeiraopreto.com.br\/wp-content\/uploads\/2026\/03\/batalha.jpeg?fit=960%2C565&ssl=1&resize=700%2C400 2x"},"classes":[]},{"id":25444,"url":"https:\/\/noticiasribeiraopreto.com.br\/index.php\/2024\/01\/07\/premiacao-do-globo-de-ouro-acontece-neste-domingo-7\/","url_meta":{"origin":81623,"position":3},"title":"Premia\u00e7\u00e3o do Globo de Ouro acontece neste domingo (7)","author":"noticiasribeiraopreto.com.br","date":"7 de January de 2024","format":false,"excerpt":"O Globo de Ouro, premia\u00e7\u00e3o do cinema e da televis\u00e3o ser\u00e1 realizada neste domingo, dia 7 de janeiro, no Beverly Hilton, em Los Angeles. \u2018Barbie\u2019, o filme de Greta Gerwig baseado na ic\u00f4nica boneca de pl\u00e1stico, lidera a lista do cinema com nove indica\u00e7\u00f5es. O drama \u2018Oppenheimer\u2019, do diretor Christopher\u2026","rel":"","context":"In &quot;Not\u00edcias de Ribeir\u00e3o Preto-SP e Regi\u00e3o&quot;","block_context":{"text":"Not\u00edcias de Ribeir\u00e3o Preto-SP e Regi\u00e3o","link":"https:\/\/noticiasribeiraopreto.com.br\/index.php\/category\/noticias-de-ribeirao-preto-sp-e-regiao-ismael-colosi\/"},"img":{"alt_text":"","src":"https:\/\/i0.wp.com\/noticiasribeiraopreto.com.br\/wp-content\/uploads\/2024\/01\/ccbab762-fa8d-4eb6-b940-7536e4d47c2c.jpg?fit=888%2C530&ssl=1&resize=350%2C200","width":350,"height":200,"srcset":"https:\/\/i0.wp.com\/noticiasribeiraopreto.com.br\/wp-content\/uploads\/2024\/01\/ccbab762-fa8d-4eb6-b940-7536e4d47c2c.jpg?fit=888%2C530&ssl=1&resize=350%2C200 1x, https:\/\/i0.wp.com\/noticiasribeiraopreto.com.br\/wp-content\/uploads\/2024\/01\/ccbab762-fa8d-4eb6-b940-7536e4d47c2c.jpg?fit=888%2C530&ssl=1&resize=525%2C300 1.5x, https:\/\/i0.wp.com\/noticiasribeiraopreto.com.br\/wp-content\/uploads\/2024\/01\/ccbab762-fa8d-4eb6-b940-7536e4d47c2c.jpg?fit=888%2C530&ssl=1&resize=700%2C400 2x"},"classes":[]},{"id":28676,"url":"https:\/\/noticiasribeiraopreto.com.br\/index.php\/2024\/01\/16\/succession-e-o-urso-foram-os-grandes-vencedores-do-emmy-awards-2023\/","url_meta":{"origin":81623,"position":4},"title":"Succession e O Urso foram os grandes vencedores do Emmy Awards 2023","author":"noticiasribeiraopreto.com.br","date":"16 de January de 2024","format":false,"excerpt":"O que voc\u00ea prefere assistir: com\u00e9dia ou drama? Na premia\u00e7\u00e3o que elege os melhores filmes e s\u00e9ries do ano para a TV, o Emmy Awards, os cr\u00edticos da Academia de Televis\u00e3o, Artes e Ci\u00eancias dos Estados Unidos escolheram os dois.\u00a0 As s\u00e9ries \u2018Succession\u2019, da HBO Max, e \u2018O Urso\u2019, da\u2026","rel":"","context":"In &quot;Dinheiro e Investimento&quot;","block_context":{"text":"Dinheiro e Investimento","link":"https:\/\/noticiasribeiraopreto.com.br\/index.php\/category\/dinheiro-e-investimento-como-fazer-como-ganhar\/"},"img":{"alt_text":"","src":"https:\/\/i0.wp.com\/noticiasribeiraopreto.com.br\/wp-content\/uploads\/2024\/01\/Novo-Projeto-1-715x402.jpg?fit=715%2C402&ssl=1&resize=350%2C200","width":350,"height":200,"srcset":"https:\/\/i0.wp.com\/noticiasribeiraopreto.com.br\/wp-content\/uploads\/2024\/01\/Novo-Projeto-1-715x402.jpg?fit=715%2C402&ssl=1&resize=350%2C200 1x, https:\/\/i0.wp.com\/noticiasribeiraopreto.com.br\/wp-content\/uploads\/2024\/01\/Novo-Projeto-1-715x402.jpg?fit=715%2C402&ssl=1&resize=525%2C300 1.5x, https:\/\/i0.wp.com\/noticiasribeiraopreto.com.br\/wp-content\/uploads\/2024\/01\/Novo-Projeto-1-715x402.jpg?fit=715%2C402&ssl=1&resize=700%2C400 2x"},"classes":[]},{"id":17081,"url":"https:\/\/noticiasribeiraopreto.com.br\/index.php\/2023\/12\/17\/veja-a-lista-de-indicados-ao-globo-de-ouro\/","url_meta":{"origin":81623,"position":5},"title":"Veja a lista de indicados ao Globo de Ouro\u00a0","author":"noticiasribeiraopreto.com.br","date":"17 de December de 2023","format":false,"excerpt":"Na \u00faltima semana, o Globo de Ouro anunciou os indicados ao pr\u00eamio de 2024. A cerim\u00f4nia, que marca o in\u00edcio da temporada de premia\u00e7\u00f5es, acontecer\u00e1 no dia 7 de janeiro.\u00a0O Globo de Ouro vem de um hist\u00f3rico complicado. Em 2022, o pr\u00eamio sofreu boicotes por acusa\u00e7\u00f5es de racismo e corrup\u00e7\u00e3o.\u2026","rel":"","context":"In &quot;Not\u00edcias de Ribeir\u00e3o Preto-SP e Regi\u00e3o&quot;","block_context":{"text":"Not\u00edcias de Ribeir\u00e3o Preto-SP e Regi\u00e3o","link":"https:\/\/noticiasribeiraopreto.com.br\/index.php\/category\/noticias-de-ribeirao-preto-sp-e-regiao-ismael-colosi\/"},"img":{"alt_text":"","src":"https:\/\/i0.wp.com\/noticiasribeiraopreto.com.br\/wp-content\/uploads\/2023\/12\/15d5d81c-9107-4436-a7f2-8128a8d36f6a.jpg?fit=704%2C264&ssl=1&resize=350%2C200","width":350,"height":200,"srcset":"https:\/\/i0.wp.com\/noticiasribeiraopreto.com.br\/wp-content\/uploads\/2023\/12\/15d5d81c-9107-4436-a7f2-8128a8d36f6a.jpg?fit=704%2C264&ssl=1&resize=350%2C200 1x, https:\/\/i0.wp.com\/noticiasribeiraopreto.com.br\/wp-content\/uploads\/2023\/12\/15d5d81c-9107-4436-a7f2-8128a8d36f6a.jpg?fit=704%2C264&ssl=1&resize=525%2C300 1.5x, https:\/\/i0.wp.com\/noticiasribeiraopreto.com.br\/wp-content\/uploads\/2023\/12\/15d5d81c-9107-4436-a7f2-8128a8d36f6a.jpg?fit=704%2C264&ssl=1&resize=700%2C400 2x"},"classes":[]}],"jetpack_sharing_enabled":true,"jetpack_shortlink":"https:\/\/wp.me\/peQAOb-lev","_links":{"self":[{"href":"https:\/\/noticiasribeiraopreto.com.br\/index.php\/wp-json\/wp\/v2\/posts\/81623","targetHints":{"allow":["GET"]}}],"collection":[{"href":"https:\/\/noticiasribeiraopreto.com.br\/index.php\/wp-json\/wp\/v2\/posts"}],"about":[{"href":"https:\/\/noticiasribeiraopreto.com.br\/index.php\/wp-json\/wp\/v2\/types\/post"}],"author":[{"embeddable":true,"href":"https:\/\/noticiasribeiraopreto.com.br\/index.php\/wp-json\/wp\/v2\/users\/1"}],"replies":[{"embeddable":true,"href":"https:\/\/noticiasribeiraopreto.com.br\/index.php\/wp-json\/wp\/v2\/comments?post=81623"}],"version-history":[{"count":0,"href":"https:\/\/noticiasribeiraopreto.com.br\/index.php\/wp-json\/wp\/v2\/posts\/81623\/revisions"}],"wp:featuredmedia":[{"embeddable":true,"href":"https:\/\/noticiasribeiraopreto.com.br\/index.php\/wp-json\/wp\/v2\/media\/81624"}],"wp:attachment":[{"href":"https:\/\/noticiasribeiraopreto.com.br\/index.php\/wp-json\/wp\/v2\/media?parent=81623"}],"wp:term":[{"taxonomy":"category","embeddable":true,"href":"https:\/\/noticiasribeiraopreto.com.br\/index.php\/wp-json\/wp\/v2\/categories?post=81623"},{"taxonomy":"post_tag","embeddable":true,"href":"https:\/\/noticiasribeiraopreto.com.br\/index.php\/wp-json\/wp\/v2\/tags?post=81623"}],"curies":[{"name":"wp","href":"https:\/\/api.w.org\/{rel}","templated":true}]}}