{"id":81627,"date":"2026-01-12T07:43:02","date_gmt":"2026-01-12T10:43:02","guid":{"rendered":"https:\/\/noticiasribeiraopreto.com.br\/index.php\/2026\/01\/12\/botafogo-estreia-no-paulistao-2026-com-empate-sem-gols-diante-do-velo-clube\/"},"modified":"2026-01-12T07:43:02","modified_gmt":"2026-01-12T10:43:02","slug":"botafogo-estreia-no-paulistao-2026-com-empate-sem-gols-diante-do-velo-clube","status":"publish","type":"post","link":"https:\/\/noticiasribeiraopreto.com.br\/index.php\/2026\/01\/12\/botafogo-estreia-no-paulistao-2026-com-empate-sem-gols-diante-do-velo-clube\/","title":{"rendered":"Botafogo estreia no Paulist\u00e3o 2026 com empate sem gols diante do Velo Clube"},"content":{"rendered":"<div class='code-block code-block-1' style='margin: 8px 0 8px auto; text-align: right; display: block; clear: both;'>\n<p><a href=\"https:\/\/wa.link\/vpicfd\"><img data-recalc-dims=\"1\" class=\"wp-image-4922\" style=\"aspect-ratio: 2.0253164556962027; width: 561px; height: auto;\" src=\"https:\/\/i0.wp.com\/ismaelcolosi.com.br\/wp-content\/uploads\/2023\/11\/grupo-de-empregos-whatsapp-e-facebook-ismael-colosi-vagas.jpg?ssl=1\" alt=\"\" \/><\/a><\/p>\n<!-- \/wp:image -->\n<\/div>\n<p> <br \/>\n<\/p>\n<div data-td-block-uid=\"tdi_95\">\n<div class=\"tdb-block-inner td-fix-index\">\n<p>O <strong>Botafogo <\/strong>empatou em 0 a 0 com o <strong>Velo Clube<\/strong> na noite deste domingo (11), na partida que marcou a estreia do time de Ribeir\u00e3o Preto no <strong>Campeonato Paulista de 2026<\/strong>. O confronto foi disputado no est\u00e1dio Benit\u00e3o, em<strong> Rio Claro<\/strong>.<\/p>\n<p>O Botafogo ficou com um jogador a menos aos 42 minutos do segundo tempo, ap\u00f3s a <strong>expuls\u00e3o do lateral Gabriel Inoc\u00eancio<\/strong>, mas conseguiu manter o empate mesmo sob press\u00e3o dos donos da casa. <mark style=\"background-color:#fcb900\" class=\"has-inline-color\">Com o resultado, as duas equipes somam um ponto na tabela de classifica\u00e7\u00e3o.<\/mark><\/p>\n<h2 class=\"wp-block-heading\"><strong>Pr\u00f3ximos jogos<\/strong><\/h2>\n<p>O pr\u00f3ximo compromisso do <strong>Tricolor <\/strong>ser\u00e1 na quinta-feira (15), \u00e0s 19h, contra o <strong>Esporte Clube Noroeste<\/strong>, no est\u00e1dio Santa Cruz, em <strong>Ribeir\u00e3o Preto<\/strong>.<\/p>\n<p>J\u00e1 o <strong>Velo Clube<\/strong> enfrenta a Ponte Preta, na quarta-feira (14), \u00e0s 21h, no est\u00e1dio Mois\u00e9s Lucarelli, em <strong>Campinas<\/strong>.<\/p>\n<h2 class=\"wp-block-heading\"><strong>Confira a tabela do Botafogo na 1\u00aa Fase do Paulist\u00e3o 2026<\/strong><\/h2>\n<ul class=\"wp-block-list\">\n<li>1\u00aa RODADA \u2013 11\/01 \u00e0s 17h \u2013 Velo Clube x Botafogo<\/li>\n<li>2\u00aa RODADA \u2013 15\/01 \u00e0s 19h \u2013 Botafogo x Esporte Clube Noroeste<\/li>\n<li>3\u00aa RODADA \u2013 18\/01 \u00e0s 18h15 \u2013 Red bull Bragantino x Botafogo<\/li>\n<li>4\u00aa RODADA \u2013 22\/01 \u00e0s 20h \u2013 Botafogo x Primavera<\/li>\n<li>5\u00aa RODADA \u2013 25\/01 \u00e0s 18h30 \u2013 Novorizontino x Botafogo<\/li>\n<li>6\u00aa RODADA \u2013 31\/01 \u00e0s 20h30 \u2013 Botafogo x Palmeiras<\/li>\n<li>7\u00aa RODADA \u2013 07\/02 \u00e0s 18h30 \u2013 Guarani x Botafogo<\/li>\n<li>8\u00aa RODADA \u2013 15\/02 \u00e0s 20h30 \u2013 Botafogo x Capivariano<\/li>\n<\/ul>\n<hr class=\"wp-block-separator has-alpha-channel-opacity\"\/>\n<p>SAIBA MAIS<\/p>\n<p>Veja quais shows j\u00e1 est\u00e3o confirmados em Ribeir\u00e3o Preto no primeiro semestre de 2026<\/p>\n<h2 class=\"wp-block-heading\"><strong>FIQUE ON<\/strong><\/h2>\n<p>Fique ligado em tudo que acontece em Ribeir\u00e3o Preto e regi\u00e3o. Siga os perfis do\u00a0<strong>acidade on\u00a0<\/strong>no<a href=\"https:\/\/www.instagram.com\/acidadeonribeirao\" target=\"_blank\" rel=\"noreferrer noopener\">\u00a0Instagram\u00a0<\/a>e no\u00a0<a href=\"https:\/\/www.facebook.com\/acidadeonribeirao\/\" target=\"_blank\" rel=\"noreferrer noopener\">Facebook<\/a>.<\/p>\n<p>Receba not\u00edcias do\u00a0<strong>acidade on\u00a0<\/strong>no WhatsApp. Para entrar no grupo,\u00a0basta<a href=\"https:\/\/chat.whatsapp.com\/GFH9HUMUTHNFJdnyEd0xxq\" target=\"_blank\" rel=\"noreferrer noopener\">\u00a0clicar aqui<\/a>. Ou, acesse o nosso\u00a0Canal\u00a0<a href=\"https:\/\/whatsapp.com\/channel\/0029Vb6IQl1JENyAeS57fk2p\" target=\"_blank\" rel=\"noreferrer noopener\">clicando aqui<\/a>.<\/p>\n<p>Fa\u00e7a uma den\u00fancia ou sugira uma reportagem sobre Ribeir\u00e3o Preto e regi\u00e3o pelo WhatsApp: 16 99117 7802.<\/p>\n<p>VEJA TAMB\u00c9M<\/p>\n<p>Atacante brasileiro de 24 anos, Igor Thiago bate recorde na Premier League<\/p>\n<p><!-- AI CONTENT END 1 -->\n<\/div>\n<\/div>\n<p><script async src=\"\/\/www.instagram.com\/embed.js\"><\/script><br \/>\n<br \/><br \/>\n<br \/><a href=\"https:\/\/www.acidadeon.com\/ribeiraopreto\/esportes\/botafogo-estreia-paulistao-2026-com-empate-sem-gols-diante-do-velo-clube\/\">Source link <\/a><\/p>\n<!-- CONTENT END 1 -->\n","protected":false},"excerpt":{"rendered":"<p>O Botafogo empatou em 0 a 0 com o Velo Clube na noite deste domingo (11), na partida que marcou a estreia do time de&#8230;<\/p>\n","protected":false},"author":1,"featured_media":81628,"comment_status":"open","ping_status":"open","sticky":false,"template":"","format":"standard","meta":{"advanced_seo_description":"","jetpack_seo_html_title":"","jetpack_seo_noindex":false,"jetpack_post_was_ever_published":false,"_jetpack_newsletter_access":"","_jetpack_dont_email_post_to_subs":false,"_jetpack_newsletter_tier_id":0,"_jetpack_memberships_contains_paywalled_content":false,"_jetpack_memberships_contains_paid_content":false,"footnotes":"","jetpack_publicize_message":"","jetpack_publicize_feature_enabled":true,"jetpack_social_post_already_shared":true,"jetpack_social_options":{"image_generator_settings":{"template":"highway","default_image_id":0,"font":"","enabled":false},"version":2}},"categories":[11],"tags":[],"class_list":["post-81627","post","type-post","status-publish","format-standard","has-post-thumbnail","hentry","category-noticias-de-ribeirao-preto-sp-e-regiao-ismael-colosi"],"jetpack_publicize_connections":[],"jetpack_featured_media_url":"https:\/\/i0.wp.com\/noticiasribeiraopreto.com.br\/wp-content\/uploads\/2026\/01\/WhatsApp-Image-2026-01-11-at-18.21.26_2026-01-11_22-01-34.webp.webp?fit=1200%2C800&ssl=1","jetpack-related-posts":[{"id":63290,"url":"https:\/\/noticiasribeiraopreto.com.br\/index.php\/2025\/02\/08\/botafogo-bate-o-velo-clube-e-conquista-primeira-vitoria-no-paulistao\/","url_meta":{"origin":81627,"position":0},"title":"Botafogo bate o Velo Clube e conquista primeira vit\u00f3ria no Paulist\u00e3o","author":"noticiasribeiraopreto.com.br","date":"8 de February de 2025","format":false,"excerpt":"Na tarde deste s\u00e1bado (8), o Botafogo venceu o Velo Clube por 1\u00d70, no est\u00e1dio Santa Cruz\/Nicnet, em Ribeir\u00e3o Preto e conquistou a sua primeira vit\u00f3ria no Paulist\u00e3o. O gol foi marcado pelo atacante Alexandre Jesus, aos 39 minutos do primeiro tempo. Com o resultado, o Pantera subiu para a\u2026","rel":"","context":"In &quot;Not\u00edcias de Ribeir\u00e3o Preto-SP e Regi\u00e3o&quot;","block_context":{"text":"Not\u00edcias de Ribeir\u00e3o Preto-SP e Regi\u00e3o","link":"https:\/\/noticiasribeiraopreto.com.br\/index.php\/category\/noticias-de-ribeirao-preto-sp-e-regiao-ismael-colosi\/"},"img":{"alt_text":"","src":"https:\/\/i0.wp.com\/noticiasribeiraopreto.com.br\/wp-content\/uploads\/2025\/02\/WhatsApp-Image-2025-02-08-at-17.08.02_2025-02-08_21-09-07_jpeg_2025-02-08_21-09-07.webp.webp?fit=1200%2C800&ssl=1&resize=350%2C200","width":350,"height":200,"srcset":"https:\/\/i0.wp.com\/noticiasribeiraopreto.com.br\/wp-content\/uploads\/2025\/02\/WhatsApp-Image-2025-02-08-at-17.08.02_2025-02-08_21-09-07_jpeg_2025-02-08_21-09-07.webp.webp?fit=1200%2C800&ssl=1&resize=350%2C200 1x, https:\/\/i0.wp.com\/noticiasribeiraopreto.com.br\/wp-content\/uploads\/2025\/02\/WhatsApp-Image-2025-02-08-at-17.08.02_2025-02-08_21-09-07_jpeg_2025-02-08_21-09-07.webp.webp?fit=1200%2C800&ssl=1&resize=525%2C300 1.5x, https:\/\/i0.wp.com\/noticiasribeiraopreto.com.br\/wp-content\/uploads\/2025\/02\/WhatsApp-Image-2025-02-08-at-17.08.02_2025-02-08_21-09-07_jpeg_2025-02-08_21-09-07.webp.webp?fit=1200%2C800&ssl=1&resize=700%2C400 2x, https:\/\/i0.wp.com\/noticiasribeiraopreto.com.br\/wp-content\/uploads\/2025\/02\/WhatsApp-Image-2025-02-08-at-17.08.02_2025-02-08_21-09-07_jpeg_2025-02-08_21-09-07.webp.webp?fit=1200%2C800&ssl=1&resize=1050%2C600 3x"},"classes":[]},{"id":81621,"url":"https:\/\/noticiasribeiraopreto.com.br\/index.php\/2026\/01\/11\/botafogo-empata-com-velo-clube-em-estreia-no-paulistao\/","url_meta":{"origin":81627,"position":1},"title":"Botafogo empata com Velo Clube em estreia no Paulist\u00e3o","author":"noticiasribeiraopreto.com.br","date":"11 de January de 2026","format":false,"excerpt":"\r Equipes fazem jogo de poucas oportunidades em Rio Claro\r \r 11 de janeiro de 2026 19:12 \r Compartilhar1 Por Hugo Luque O Botafogo iniciou sua temporada de 2026 com um empate em 0 a 0 com o Velo Clube, neste domingo (11), no Est\u00e1dio Benit\u00e3o, pela primeira rodada do\u2026","rel":"","context":"In &quot;Not\u00edcias de Ribeir\u00e3o Preto-SP e Regi\u00e3o&quot;","block_context":{"text":"Not\u00edcias de Ribeir\u00e3o Preto-SP e Regi\u00e3o","link":"https:\/\/noticiasribeiraopreto.com.br\/index.php\/category\/noticias-de-ribeirao-preto-sp-e-regiao-ismael-colosi\/"},"img":{"alt_text":"","src":"https:\/\/i0.wp.com\/noticiasribeiraopreto.com.br\/wp-content\/uploads\/2026\/01\/Velo-Clube-x-Botafogo-Luiz-Fernando-Cosenzo_Agencia-Botafogo-scaled.jpeg?fit=1170%2C780&ssl=1&resize=350%2C200","width":350,"height":200,"srcset":"https:\/\/i0.wp.com\/noticiasribeiraopreto.com.br\/wp-content\/uploads\/2026\/01\/Velo-Clube-x-Botafogo-Luiz-Fernando-Cosenzo_Agencia-Botafogo-scaled.jpeg?fit=1170%2C780&ssl=1&resize=350%2C200 1x, https:\/\/i0.wp.com\/noticiasribeiraopreto.com.br\/wp-content\/uploads\/2026\/01\/Velo-Clube-x-Botafogo-Luiz-Fernando-Cosenzo_Agencia-Botafogo-scaled.jpeg?fit=1170%2C780&ssl=1&resize=525%2C300 1.5x, https:\/\/i0.wp.com\/noticiasribeiraopreto.com.br\/wp-content\/uploads\/2026\/01\/Velo-Clube-x-Botafogo-Luiz-Fernando-Cosenzo_Agencia-Botafogo-scaled.jpeg?fit=1170%2C780&ssl=1&resize=700%2C400 2x, https:\/\/i0.wp.com\/noticiasribeiraopreto.com.br\/wp-content\/uploads\/2026\/01\/Velo-Clube-x-Botafogo-Luiz-Fernando-Cosenzo_Agencia-Botafogo-scaled.jpeg?fit=1170%2C780&ssl=1&resize=1050%2C600 3x"},"classes":[]},{"id":81017,"url":"https:\/\/noticiasribeiraopreto.com.br\/index.php\/2025\/12\/21\/botafogo-estreia-fora-e-recebe-o-palmeiras-na-6a-rodada-do-paulistao-2026-veja-tabela-completa\/","url_meta":{"origin":81627,"position":2},"title":"Botafogo estreia fora e recebe o Palmeiras na 6\u00aa rodada do Paulist\u00e3o 2026; Veja tabela completa","author":"noticiasribeiraopreto.com.br","date":"21 de December de 2025","format":false,"excerpt":"O Botafogo j\u00e1 sabe quando vai enfrentar o Palmeiras na primeira fase do Campeonato Paulista de 2026. O duelo contra o time da capital est\u00e1 marcado para o dia 31 de janeiro, \u00e0s 20h30, no est\u00e1dio Santa Cruz\/Arena Nicnet, em Ribeir\u00e3o Preto. A estreia do Tricolor, no entanto, acontece fora\u2026","rel":"","context":"In &quot;Not\u00edcias de Ribeir\u00e3o Preto-SP e Regi\u00e3o&quot;","block_context":{"text":"Not\u00edcias de Ribeir\u00e3o Preto-SP e Regi\u00e3o","link":"https:\/\/noticiasribeiraopreto.com.br\/index.php\/category\/noticias-de-ribeirao-preto-sp-e-regiao-ismael-colosi\/"},"img":{"alt_text":"","src":"https:\/\/i0.wp.com\/noticiasribeiraopreto.com.br\/wp-content\/uploads\/2025\/12\/Imagem-do-WhatsApp-de-2025-12-01-as-13.18.24_26a34174_2025-12-01_16-21-16.webp.webp?fit=1200%2C675&ssl=1&resize=350%2C200","width":350,"height":200,"srcset":"https:\/\/i0.wp.com\/noticiasribeiraopreto.com.br\/wp-content\/uploads\/2025\/12\/Imagem-do-WhatsApp-de-2025-12-01-as-13.18.24_26a34174_2025-12-01_16-21-16.webp.webp?fit=1200%2C675&ssl=1&resize=350%2C200 1x, https:\/\/i0.wp.com\/noticiasribeiraopreto.com.br\/wp-content\/uploads\/2025\/12\/Imagem-do-WhatsApp-de-2025-12-01-as-13.18.24_26a34174_2025-12-01_16-21-16.webp.webp?fit=1200%2C675&ssl=1&resize=525%2C300 1.5x, https:\/\/i0.wp.com\/noticiasribeiraopreto.com.br\/wp-content\/uploads\/2025\/12\/Imagem-do-WhatsApp-de-2025-12-01-as-13.18.24_26a34174_2025-12-01_16-21-16.webp.webp?fit=1200%2C675&ssl=1&resize=700%2C400 2x, https:\/\/i0.wp.com\/noticiasribeiraopreto.com.br\/wp-content\/uploads\/2025\/12\/Imagem-do-WhatsApp-de-2025-12-01-as-13.18.24_26a34174_2025-12-01_16-21-16.webp.webp?fit=1200%2C675&ssl=1&resize=1050%2C600 3x"},"classes":[]},{"id":36579,"url":"https:\/\/noticiasribeiraopreto.com.br\/index.php\/2024\/02\/10\/com-wagner-lopes-comercial-visita-o-velo-clube\/","url_meta":{"origin":81627,"position":3},"title":"Com Wagner Lopes, Comercial visita o Velo Clube\u00a0\u00a0","author":"noticiasribeiraopreto.com.br","date":"10 de February de 2024","format":false,"excerpt":"Ainda em busca da primeira vit\u00f3ria na S\u00e9rie A2, o Comercial tem mais uma oportunidade de mudar sua hist\u00f3ria na competi\u00e7\u00e3o. O Le\u00e3o do Norte encara o Velo Clube, \u00e0s 16h, no est\u00e1dio Benit\u00e3o.\u00a0\u00a0A partida vai marcar a estreia de Wagner Lopes no comando do Comercial. O treinador foi confirmado\u2026","rel":"","context":"In &quot;Not\u00edcias de Ribeir\u00e3o Preto-SP e Regi\u00e3o&quot;","block_context":{"text":"Not\u00edcias de Ribeir\u00e3o Preto-SP e Regi\u00e3o","link":"https:\/\/noticiasribeiraopreto.com.br\/index.php\/category\/noticias-de-ribeirao-preto-sp-e-regiao-ismael-colosi\/"},"img":{"alt_text":"","src":"https:\/\/i0.wp.com\/noticiasribeiraopreto.com.br\/wp-content\/uploads\/2024\/02\/Comercial-11-scaled.jpeg?fit=967%2C645&ssl=1&resize=350%2C200","width":350,"height":200,"srcset":"https:\/\/i0.wp.com\/noticiasribeiraopreto.com.br\/wp-content\/uploads\/2024\/02\/Comercial-11-scaled.jpeg?fit=967%2C645&ssl=1&resize=350%2C200 1x, https:\/\/i0.wp.com\/noticiasribeiraopreto.com.br\/wp-content\/uploads\/2024\/02\/Comercial-11-scaled.jpeg?fit=967%2C645&ssl=1&resize=525%2C300 1.5x, https:\/\/i0.wp.com\/noticiasribeiraopreto.com.br\/wp-content\/uploads\/2024\/02\/Comercial-11-scaled.jpeg?fit=967%2C645&ssl=1&resize=700%2C400 2x"},"classes":[]},{"id":81074,"url":"https:\/\/noticiasribeiraopreto.com.br\/index.php\/2025\/12\/23\/botafogo-empata-jogo-treino-de-preparacao-para-o-paulistao-2026\/","url_meta":{"origin":81627,"position":4},"title":"Botafogo empata jogo-treino de prepara\u00e7\u00e3o para o Paulist\u00e3o 2026","author":"noticiasribeiraopreto.com.br","date":"23 de December de 2025","format":false,"excerpt":"O Botafogo empatou em 1 a 1 o jogo-treino contra o Gr\u00eamio S\u00e3o-Carlense, disputado na manh\u00e3 desta segunda-feira (22), em Ribeir\u00e3o Preto. O confronto aconteceu no campo anexo do est\u00e1dio Santa Cruz\/Arena Nicnet, e serviu como prepara\u00e7\u00e3o para o Campeonato Paulista 2026. O gol do Botafogo foi anotado por Marquinho,\u2026","rel":"","context":"In &quot;Not\u00edcias de Ribeir\u00e3o Preto-SP e Regi\u00e3o&quot;","block_context":{"text":"Not\u00edcias de Ribeir\u00e3o Preto-SP e Regi\u00e3o","link":"https:\/\/noticiasribeiraopreto.com.br\/index.php\/category\/noticias-de-ribeirao-preto-sp-e-regiao-ismael-colosi\/"},"img":{"alt_text":"","src":"https:\/\/i0.wp.com\/noticiasribeiraopreto.com.br\/wp-content\/uploads\/2025\/12\/botafogo-jogo-treino_2025-12-22_19-55-12.webp.webp?fit=1200%2C776&ssl=1&resize=350%2C200","width":350,"height":200,"srcset":"https:\/\/i0.wp.com\/noticiasribeiraopreto.com.br\/wp-content\/uploads\/2025\/12\/botafogo-jogo-treino_2025-12-22_19-55-12.webp.webp?fit=1200%2C776&ssl=1&resize=350%2C200 1x, https:\/\/i0.wp.com\/noticiasribeiraopreto.com.br\/wp-content\/uploads\/2025\/12\/botafogo-jogo-treino_2025-12-22_19-55-12.webp.webp?fit=1200%2C776&ssl=1&resize=525%2C300 1.5x, https:\/\/i0.wp.com\/noticiasribeiraopreto.com.br\/wp-content\/uploads\/2025\/12\/botafogo-jogo-treino_2025-12-22_19-55-12.webp.webp?fit=1200%2C776&ssl=1&resize=700%2C400 2x, https:\/\/i0.wp.com\/noticiasribeiraopreto.com.br\/wp-content\/uploads\/2025\/12\/botafogo-jogo-treino_2025-12-22_19-55-12.webp.webp?fit=1200%2C776&ssl=1&resize=1050%2C600 3x"},"classes":[]},{"id":80942,"url":"https:\/\/noticiasribeiraopreto.com.br\/index.php\/2025\/12\/18\/botafogo-renova-contrato-de-atacante\/","url_meta":{"origin":81627,"position":5},"title":"Botafogo renova contrato de atacante","author":"noticiasribeiraopreto.com.br","date":"18 de December de 2025","format":false,"excerpt":"\r Jefferson Nem tinha v\u00ednculo com Pantera at\u00e9 abril de 2026\r \r 18 de dezembro de 2025 15:08 \r Compartilhar0 Por Hugo Luque Ainda em processo de reformula\u00e7\u00e3o e montagem de elenco para a pr\u00f3xima temporada, o Botafogo oficializou, nesta quinta-feira (18), a renova\u00e7\u00e3o contratual do atacante Jefferson Nem. O\u2026","rel":"","context":"In &quot;Not\u00edcias de Ribeir\u00e3o Preto-SP e Regi\u00e3o&quot;","block_context":{"text":"Not\u00edcias de Ribeir\u00e3o Preto-SP e Regi\u00e3o","link":"https:\/\/noticiasribeiraopreto.com.br\/index.php\/category\/noticias-de-ribeirao-preto-sp-e-regiao-ismael-colosi\/"},"img":{"alt_text":"","src":"https:\/\/i0.wp.com\/noticiasribeiraopreto.com.br\/wp-content\/uploads\/2025\/12\/ATA-Jefferson-Nem-Luiz-Fernando-Cosenzo_Agencia-Botafogo.jpg?fit=799%2C533&ssl=1&resize=350%2C200","width":350,"height":200,"srcset":"https:\/\/i0.wp.com\/noticiasribeiraopreto.com.br\/wp-content\/uploads\/2025\/12\/ATA-Jefferson-Nem-Luiz-Fernando-Cosenzo_Agencia-Botafogo.jpg?fit=799%2C533&ssl=1&resize=350%2C200 1x, https:\/\/i0.wp.com\/noticiasribeiraopreto.com.br\/wp-content\/uploads\/2025\/12\/ATA-Jefferson-Nem-Luiz-Fernando-Cosenzo_Agencia-Botafogo.jpg?fit=799%2C533&ssl=1&resize=525%2C300 1.5x, https:\/\/i0.wp.com\/noticiasribeiraopreto.com.br\/wp-content\/uploads\/2025\/12\/ATA-Jefferson-Nem-Luiz-Fernando-Cosenzo_Agencia-Botafogo.jpg?fit=799%2C533&ssl=1&resize=700%2C400 2x"},"classes":[]}],"jetpack_sharing_enabled":true,"jetpack_shortlink":"https:\/\/wp.me\/peQAOb-lez","_links":{"self":[{"href":"https:\/\/noticiasribeiraopreto.com.br\/index.php\/wp-json\/wp\/v2\/posts\/81627","targetHints":{"allow":["GET"]}}],"collection":[{"href":"https:\/\/noticiasribeiraopreto.com.br\/index.php\/wp-json\/wp\/v2\/posts"}],"about":[{"href":"https:\/\/noticiasribeiraopreto.com.br\/index.php\/wp-json\/wp\/v2\/types\/post"}],"author":[{"embeddable":true,"href":"https:\/\/noticiasribeiraopreto.com.br\/index.php\/wp-json\/wp\/v2\/users\/1"}],"replies":[{"embeddable":true,"href":"https:\/\/noticiasribeiraopreto.com.br\/index.php\/wp-json\/wp\/v2\/comments?post=81627"}],"version-history":[{"count":0,"href":"https:\/\/noticiasribeiraopreto.com.br\/index.php\/wp-json\/wp\/v2\/posts\/81627\/revisions"}],"wp:featuredmedia":[{"embeddable":true,"href":"https:\/\/noticiasribeiraopreto.com.br\/index.php\/wp-json\/wp\/v2\/media\/81628"}],"wp:attachment":[{"href":"https:\/\/noticiasribeiraopreto.com.br\/index.php\/wp-json\/wp\/v2\/media?parent=81627"}],"wp:term":[{"taxonomy":"category","embeddable":true,"href":"https:\/\/noticiasribeiraopreto.com.br\/index.php\/wp-json\/wp\/v2\/categories?post=81627"},{"taxonomy":"post_tag","embeddable":true,"href":"https:\/\/noticiasribeiraopreto.com.br\/index.php\/wp-json\/wp\/v2\/tags?post=81627"}],"curies":[{"name":"wp","href":"https:\/\/api.w.org\/{rel}","templated":true}]}}