{"id":81629,"date":"2026-01-12T07:51:29","date_gmt":"2026-01-12T10:51:29","guid":{"rendered":"https:\/\/noticiasribeiraopreto.com.br\/index.php\/2026\/01\/12\/pm-prende-assessor-de-prefeitura-apos-atropelar-idosa-com-motocicleta-na-regiao-de-ribeirao\/"},"modified":"2026-01-12T07:51:29","modified_gmt":"2026-01-12T10:51:29","slug":"pm-prende-assessor-de-prefeitura-apos-atropelar-idosa-com-motocicleta-na-regiao-de-ribeirao","status":"publish","type":"post","link":"https:\/\/noticiasribeiraopreto.com.br\/index.php\/2026\/01\/12\/pm-prende-assessor-de-prefeitura-apos-atropelar-idosa-com-motocicleta-na-regiao-de-ribeirao\/","title":{"rendered":"PM prende assessor de prefeitura ap\u00f3s atropelar idosa com motocicleta na regi\u00e3o de Ribeir\u00e3o"},"content":{"rendered":"<div class='code-block code-block-1' style='margin: 8px 0 8px auto; text-align: right; display: block; clear: both;'>\n<p><a href=\"https:\/\/wa.link\/vpicfd\"><img data-recalc-dims=\"1\" class=\"wp-image-4922\" style=\"aspect-ratio: 2.0253164556962027; width: 561px; height: auto;\" src=\"https:\/\/i0.wp.com\/ismaelcolosi.com.br\/wp-content\/uploads\/2023\/11\/grupo-de-empregos-whatsapp-e-facebook-ismael-colosi-vagas.jpg?ssl=1\" alt=\"\" \/><\/a><\/p>\n<!-- \/wp:image -->\n<\/div>\n<p> <br \/>\n<\/p>\n<div>\n<p>A<strong> Pol\u00edcia Militar<\/strong> prendeu em flagrante, na noite deste s\u00e1bado (10), um <strong>homem de 41 anos<\/strong> acusado de <strong>atropelar uma idosa de 71 anos<\/strong> em <strong>Cajuru<\/strong>, cidade da <strong>regi\u00e3o de Ribeir\u00e3o Preto<\/strong>. O caso foi registrado na rua Minas Gerais, na Vila Maria das Gra\u00e7as.<\/p>\n<p>De acordo com as informa\u00e7\u00f5es do <strong>boletim de ocorr\u00eancia (BO)<\/strong>, uma testemunha relatou que o motociclista trafegava em alta velocidade pela rua Doutor Matta e, ao tentar fazer a convers\u00e3o para a rua Minas Gerais, <strong>n\u00e3o conseguiu completar a manobra<\/strong>.<\/p>\n<p>Com isso, a motocicleta seguiu em linha reta, <strong>atingindo a v\u00edtima que caminhava pr\u00f3xima \u00e0 cal\u00e7ada<\/strong>.<mark style=\"background-color:#fcb900\" class=\"has-inline-color\"> O condutor da motocicleta foi identificado como <strong>Leone Torrano Mateus<\/strong>, assessor de gabinete do prefeito de <strong>Cajuru<\/strong>, Alex Moretini (MDB).<\/mark><\/p>\n<p>Ainda de acordo com o <strong>boletim de ocorr\u00eancia<\/strong>, o condutor apresentava <strong>sinais de embriaguez<\/strong>, como odor de \u00e1lcool, fala pastosa e dificuldade para se equilibrar. Por esse motivo, a pol\u00edcia ofereceu o teste do baf\u00f4metro, que <strong>ele se recusou<\/strong> a realizar.<\/p>\n<p>O homem foi conduzido at\u00e9 a<strong> CPJ (Central de Pol\u00edcia Judici\u00e1ria) de Ribeir\u00e3o Preto<\/strong>, onde passou por exame m\u00e9dico que confirmou que ele estava <strong>alcoolizado <\/strong>e <strong>embriagado<\/strong>. <strong>A motocicleta, uma Kawasaki Ninja, foi apreendida pela PM.<\/strong><\/p>\n<p>A v\u00edtima foi socorrida para o pronto-socorro da cidade, contudo, foi transferida para o <strong>Hospital das Cl\u00ednicas de Ribeir\u00e3o Preto<\/strong> \u2013 ainda n\u00e3o h\u00e1 informa\u00e7\u00f5es sobre o estado de sa\u00fade da v\u00edtima.<\/p>\n<p>O <strong>boletim de ocorr\u00eancia<\/strong> foi registrado como <strong>les\u00e3o corporal culposa na dire\u00e7\u00e3o de ve\u00edculo automotor<\/strong> e <strong>embriaguez ao volante<\/strong>. <strong><mark style=\"background-color:#fcb900\" class=\"has-inline-color\">A defesa do acusado ainda n\u00e3o foi localizada. O espa\u00e7o segue aberto para manifesta\u00e7\u00e3o.<\/mark><\/strong><\/p>\n<h2 class=\"wp-block-heading\"><strong>O que diz a Prefeitura?<\/strong><\/h2>\n<p>Procurada pela <strong>EPTV<\/strong>, a <strong>Prefeitura de Cajuru<\/strong> informou que o ocorrido aconteceu \u201cfora do hor\u00e1rio de trabalho, sem o uso de ve\u00edculo oficial e sem qualquer v\u00ednculo com o exerc\u00edcio de suas fun\u00e7\u00f5es p\u00fablicas, tratando-se de uma conduta de natureza estritamente pessoal\u201d.<\/p>\n<figure class=\"wp-block-pullquote\">\n<blockquote>\n<p>O caso est\u00e1 sendo devidamente apurado pelas autoridades competentes e eventuais medidas administrativas somente poder\u00e3o ser avaliadas ap\u00f3s a conclus\u00e3o das investiga\u00e7\u00f5es, com base em informa\u00e7\u00f5es oficiais, respeitando o devido processo legal e os princ\u00edpios da administra\u00e7\u00e3o p\u00fablica.<\/p>\n<\/blockquote>\n<\/figure>\n<p>A <strong>Prefeitura <\/strong>ainda informou que se solidariza com a v\u00edtima e permanece \u00e0 disposi\u00e7\u00e3o para colaborar com as autoridades no que for necess\u00e1rio.<\/p>\n<p><em>*Com informa\u00e7\u00f5es da EPTV<\/em><\/p>\n<hr class=\"wp-block-separator has-alpha-channel-opacity\"\/>\n<p>SAIBA MAIS<\/p>\n<p>Ribeir\u00e3o Preto lan\u00e7a programa para plantio de \u00e1rvores em cal\u00e7adas de resid\u00eancias; Saiba como participar<\/p>\n<h2 class=\"wp-block-heading\"><strong>FIQUE ON<\/strong><\/h2>\n<p>Fique ligado em tudo que acontece em Ribeir\u00e3o Preto e regi\u00e3o. Siga os perfis do\u00a0<strong>acidade on\u00a0<\/strong>no<a href=\"https:\/\/www.instagram.com\/acidadeonribeirao\" target=\"_blank\" rel=\"noreferrer noopener\">\u00a0Instagram\u00a0<\/a>e no\u00a0<a href=\"https:\/\/www.facebook.com\/acidadeonribeirao\/\" target=\"_blank\" rel=\"noreferrer noopener\">Facebook<\/a>.<\/p>\n<p>Receba not\u00edcias do\u00a0<strong>acidade on\u00a0<\/strong>no WhatsApp. Para entrar no grupo,\u00a0basta<a href=\"https:\/\/chat.whatsapp.com\/GFH9HUMUTHNFJdnyEd0xxq\" target=\"_blank\" rel=\"noreferrer noopener\">\u00a0clicar aqui<\/a>. Ou, acesse o nosso\u00a0Canal\u00a0<a href=\"https:\/\/whatsapp.com\/channel\/0029Vb6IQl1JENyAeS57fk2p\" target=\"_blank\" rel=\"noreferrer noopener\">clicando aqui<\/a>.<\/p>\n<p>Fa\u00e7a uma den\u00fancia ou sugira uma reportagem sobre Ribeir\u00e3o Preto e regi\u00e3o pelo WhatsApp: 16 99117 7802.<\/p>\n<p>VEJA TAMB\u00c9M<\/p>\n<p>Quando estreia o 2\u00ba epis\u00f3dio da segunda temporada de \u2018The Pitt\u2019?<\/p>\n<p><!-- AI CONTENT END 1 -->\n<\/div>\n<p><script async src=\"\/\/www.instagram.com\/embed.js\"><\/script><br \/>\n<br \/><br \/>\n<br \/><a href=\"https:\/\/www.acidadeon.com\/ribeiraopreto\/cotidiano\/pm-prende-assessor-de-prefeitura-apos-atropelar-idosa-com-motocicleta-na-regiao-de-ribeirao\/\">Source link <\/a><\/p>\n<!-- CONTENT END 1 -->\n","protected":false},"excerpt":{"rendered":"<p>A Pol\u00edcia Militar prendeu em flagrante, na noite deste s\u00e1bado (10), um homem de 41 anos acusado de atropelar uma idosa de 71 anos em&#8230;<\/p>\n","protected":false},"author":1,"featured_media":81630,"comment_status":"open","ping_status":"open","sticky":false,"template":"","format":"standard","meta":{"advanced_seo_description":"","jetpack_seo_html_title":"","jetpack_seo_noindex":false,"jetpack_post_was_ever_published":false,"_jetpack_newsletter_access":"","_jetpack_dont_email_post_to_subs":false,"_jetpack_newsletter_tier_id":0,"_jetpack_memberships_contains_paywalled_content":false,"_jetpack_memberships_contains_paid_content":false,"footnotes":"","jetpack_publicize_message":"","jetpack_publicize_feature_enabled":true,"jetpack_social_post_already_shared":true,"jetpack_social_options":{"image_generator_settings":{"template":"highway","default_image_id":0,"font":"","enabled":false},"version":2}},"categories":[11],"tags":[],"class_list":["post-81629","post","type-post","status-publish","format-standard","has-post-thumbnail","hentry","category-noticias-de-ribeirao-preto-sp-e-regiao-ismael-colosi"],"jetpack_publicize_connections":[],"jetpack_featured_media_url":"https:\/\/i0.wp.com\/noticiasribeiraopreto.com.br\/wp-content\/uploads\/2026\/01\/domingo-77_2026-01-11_17-55-04.webp.webp?fit=1200%2C675&ssl=1","jetpack-related-posts":[{"id":48808,"url":"https:\/\/noticiasribeiraopreto.com.br\/index.php\/2024\/05\/06\/motocicleta-e-arrastada-apos-motorista-atropelar-condutor-em-rodovia-de-ribeirao\/","url_meta":{"origin":81629,"position":0},"title":"Motocicleta \u00e9 arrastada ap\u00f3s motorista atropelar condutor em rodovia de Ribeir\u00e3o","author":"noticiasribeiraopreto.com.br","date":"6 de May de 2024","format":false,"excerpt":"O motorista de um carro foi preso na manh\u00e3 desta segunda-feira (6), ap\u00f3s se envolver em um acidente de tr\u00e2nsito e arrastar uma moto por cerca de tr\u00eas quil\u00f4metros na rodovia Alexandre Balbo (SP-328), em Ribeir\u00e3o Preto. De acordo com o boletim de ocorr\u00eancia registrado, o homem bateu na traseira\u2026","rel":"","context":"In &quot;Not\u00edcias de Ribeir\u00e3o Preto-SP e Regi\u00e3o&quot;","block_context":{"text":"Not\u00edcias de Ribeir\u00e3o Preto-SP e Regi\u00e3o","link":"https:\/\/noticiasribeiraopreto.com.br\/index.php\/category\/noticias-de-ribeirao-preto-sp-e-regiao-ismael-colosi\/"},"img":{"alt_text":"","src":"https:\/\/i0.wp.com\/noticiasribeiraopreto.com.br\/wp-content\/uploads\/2024\/05\/AnyConv.com__Copia-de-Copia-de-TAMANHO-EXATO-PARA-FOTOS-NO-SISTEMA-NOVO-26_2024-05-06_23-03-13.webp.webp?fit=1200%2C675&ssl=1&resize=350%2C200","width":350,"height":200,"srcset":"https:\/\/i0.wp.com\/noticiasribeiraopreto.com.br\/wp-content\/uploads\/2024\/05\/AnyConv.com__Copia-de-Copia-de-TAMANHO-EXATO-PARA-FOTOS-NO-SISTEMA-NOVO-26_2024-05-06_23-03-13.webp.webp?fit=1200%2C675&ssl=1&resize=350%2C200 1x, https:\/\/i0.wp.com\/noticiasribeiraopreto.com.br\/wp-content\/uploads\/2024\/05\/AnyConv.com__Copia-de-Copia-de-TAMANHO-EXATO-PARA-FOTOS-NO-SISTEMA-NOVO-26_2024-05-06_23-03-13.webp.webp?fit=1200%2C675&ssl=1&resize=525%2C300 1.5x, https:\/\/i0.wp.com\/noticiasribeiraopreto.com.br\/wp-content\/uploads\/2024\/05\/AnyConv.com__Copia-de-Copia-de-TAMANHO-EXATO-PARA-FOTOS-NO-SISTEMA-NOVO-26_2024-05-06_23-03-13.webp.webp?fit=1200%2C675&ssl=1&resize=700%2C400 2x, https:\/\/i0.wp.com\/noticiasribeiraopreto.com.br\/wp-content\/uploads\/2024\/05\/AnyConv.com__Copia-de-Copia-de-TAMANHO-EXATO-PARA-FOTOS-NO-SISTEMA-NOVO-26_2024-05-06_23-03-13.webp.webp?fit=1200%2C675&ssl=1&resize=1050%2C600 3x"},"classes":[]},{"id":25330,"url":"https:\/\/noticiasribeiraopreto.com.br\/index.php\/2024\/01\/06\/motociclista-morre-apos-atropelar-capivaras-em-rodovia-na-regiao-de-ribeirao-veja-o-video\/","url_meta":{"origin":81629,"position":1},"title":"Motociclista morre ap\u00f3s atropelar capivaras em rodovia na regi\u00e3o de Ribeir\u00e3o; Veja o v\u00eddeo","author":"noticiasribeiraopreto.com.br","date":"6 de January de 2024","format":false,"excerpt":"Um homem morreu na madrugada deste s\u00e1bado (6), ap\u00f3s atropelar duas capivaras, na rodovia Abra\u00e3o Assed (SP-333), em Serrana, na regi\u00e3o de Ribeir\u00e3o Preto. O motociclista seguia no sentido de Ribeir\u00e3o Preto para Serrana quando, de acordo com a Pol\u00edcia Militar Rodovi\u00e1ria (PRM), acabou colidindo com os animais que atravessavam\u2026","rel":"","context":"In &quot;Not\u00edcias de Ribeir\u00e3o Preto-SP e Regi\u00e3o&quot;","block_context":{"text":"Not\u00edcias de Ribeir\u00e3o Preto-SP e Regi\u00e3o","link":"https:\/\/noticiasribeiraopreto.com.br\/index.php\/category\/noticias-de-ribeirao-preto-sp-e-regiao-ismael-colosi\/"},"img":{"alt_text":"","src":"https:\/\/i0.wp.com\/noticiasribeiraopreto.com.br\/wp-content\/uploads\/2024\/01\/1704581621_Copia-de-Copia-de-TAMANHO-EXATO-PARA-FOTOS-NO-SISTEMA-NOVO-3.png?fit=1200%2C675&ssl=1&resize=350%2C200","width":350,"height":200,"srcset":"https:\/\/i0.wp.com\/noticiasribeiraopreto.com.br\/wp-content\/uploads\/2024\/01\/1704581621_Copia-de-Copia-de-TAMANHO-EXATO-PARA-FOTOS-NO-SISTEMA-NOVO-3.png?fit=1200%2C675&ssl=1&resize=350%2C200 1x, https:\/\/i0.wp.com\/noticiasribeiraopreto.com.br\/wp-content\/uploads\/2024\/01\/1704581621_Copia-de-Copia-de-TAMANHO-EXATO-PARA-FOTOS-NO-SISTEMA-NOVO-3.png?fit=1200%2C675&ssl=1&resize=525%2C300 1.5x, https:\/\/i0.wp.com\/noticiasribeiraopreto.com.br\/wp-content\/uploads\/2024\/01\/1704581621_Copia-de-Copia-de-TAMANHO-EXATO-PARA-FOTOS-NO-SISTEMA-NOVO-3.png?fit=1200%2C675&ssl=1&resize=700%2C400 2x, https:\/\/i0.wp.com\/noticiasribeiraopreto.com.br\/wp-content\/uploads\/2024\/01\/1704581621_Copia-de-Copia-de-TAMANHO-EXATO-PARA-FOTOS-NO-SISTEMA-NOVO-3.png?fit=1200%2C675&ssl=1&resize=1050%2C600 3x"},"classes":[]},{"id":25314,"url":"https:\/\/noticiasribeiraopreto.com.br\/index.php\/2024\/01\/06\/motociclista-morre-apos-atropelar-capivaras-em-rodovia-na-regiao-de-ribeirao\/","url_meta":{"origin":81629,"position":2},"title":"Motociclista morre ap\u00f3s atropelar capivaras em rodovia na regi\u00e3o de Ribeir\u00e3o","author":"noticiasribeiraopreto.com.br","date":"6 de January de 2024","format":false,"excerpt":"Um homem morreu na madrugada deste s\u00e1bado (6), ap\u00f3s atropelar duas capivaras, na rodovia Abra\u00e3o Assed (SP-333), em Serrana, na regi\u00e3o de Ribeir\u00e3o Preto. O motociclista seguia no sentido de Ribeir\u00e3o Preto para Serrana quando, de acordo com a Pol\u00edcia Militar Rodovi\u00e1ria (PRM), acabou colidindo com os animais que atravessavam\u2026","rel":"","context":"In &quot;Not\u00edcias de Ribeir\u00e3o Preto-SP e Regi\u00e3o&quot;","block_context":{"text":"Not\u00edcias de Ribeir\u00e3o Preto-SP e Regi\u00e3o","link":"https:\/\/noticiasribeiraopreto.com.br\/index.php\/category\/noticias-de-ribeirao-preto-sp-e-regiao-ismael-colosi\/"},"img":{"alt_text":"","src":"https:\/\/i0.wp.com\/noticiasribeiraopreto.com.br\/wp-content\/uploads\/2024\/01\/Copia-de-Copia-de-TAMANHO-EXATO-PARA-FOTOS-NO-SISTEMA-NOVO-3.png?fit=1200%2C675&ssl=1&resize=350%2C200","width":350,"height":200,"srcset":"https:\/\/i0.wp.com\/noticiasribeiraopreto.com.br\/wp-content\/uploads\/2024\/01\/Copia-de-Copia-de-TAMANHO-EXATO-PARA-FOTOS-NO-SISTEMA-NOVO-3.png?fit=1200%2C675&ssl=1&resize=350%2C200 1x, https:\/\/i0.wp.com\/noticiasribeiraopreto.com.br\/wp-content\/uploads\/2024\/01\/Copia-de-Copia-de-TAMANHO-EXATO-PARA-FOTOS-NO-SISTEMA-NOVO-3.png?fit=1200%2C675&ssl=1&resize=525%2C300 1.5x, https:\/\/i0.wp.com\/noticiasribeiraopreto.com.br\/wp-content\/uploads\/2024\/01\/Copia-de-Copia-de-TAMANHO-EXATO-PARA-FOTOS-NO-SISTEMA-NOVO-3.png?fit=1200%2C675&ssl=1&resize=700%2C400 2x, https:\/\/i0.wp.com\/noticiasribeiraopreto.com.br\/wp-content\/uploads\/2024\/01\/Copia-de-Copia-de-TAMANHO-EXATO-PARA-FOTOS-NO-SISTEMA-NOVO-3.png?fit=1200%2C675&ssl=1&resize=1050%2C600 3x"},"classes":[]},{"id":25223,"url":"https:\/\/noticiasribeiraopreto.com.br\/index.php\/2024\/01\/06\/utm_sourcerssutm_mediumrssutm_campaignmotociclista-morre-apos-atropelar-duas-capivaras-entre-serrana-e-serra-azul\/","url_meta":{"origin":81629,"position":3},"title":"Motociclista morre ap\u00f3s atropelar duas capivaras entre Serrana e Serra Azul \u2013 X Tudo Ribeir\u00e3o","author":"noticiasribeiraopreto.com.br","date":"6 de January de 2024","format":false,"excerpt":"Um motociclista de 42 anos morreu ap\u00f3s atropelar duas capivaras na madrugada deste s\u00e1bado (6\/1), na rodovia Abra\u00e3o Assed, entre as cidades de Serrana e Serra Azul.\u00a0 Segundo apurado com a PMR (Pol\u00edcia Militar Rodovi\u00e1ria), por volta das 02h55 usu\u00e1rios da rodovia acionaram os PMs versando sobre um grave acidente\u2026","rel":"","context":"In &quot;Not\u00edcias de Ribeir\u00e3o Preto-SP e Regi\u00e3o&quot;","block_context":{"text":"Not\u00edcias de Ribeir\u00e3o Preto-SP e Regi\u00e3o","link":"https:\/\/noticiasribeiraopreto.com.br\/index.php\/category\/noticias-de-ribeirao-preto-sp-e-regiao-ismael-colosi\/"},"img":{"alt_text":"","src":"https:\/\/i0.wp.com\/noticiasribeiraopreto.com.br\/wp-content\/uploads\/2024\/01\/WhatsApp-Image-2024-01-06-at-09.28.58.jpeg?fit=1200%2C901&ssl=1&resize=350%2C200","width":350,"height":200,"srcset":"https:\/\/i0.wp.com\/noticiasribeiraopreto.com.br\/wp-content\/uploads\/2024\/01\/WhatsApp-Image-2024-01-06-at-09.28.58.jpeg?fit=1200%2C901&ssl=1&resize=350%2C200 1x, https:\/\/i0.wp.com\/noticiasribeiraopreto.com.br\/wp-content\/uploads\/2024\/01\/WhatsApp-Image-2024-01-06-at-09.28.58.jpeg?fit=1200%2C901&ssl=1&resize=525%2C300 1.5x, https:\/\/i0.wp.com\/noticiasribeiraopreto.com.br\/wp-content\/uploads\/2024\/01\/WhatsApp-Image-2024-01-06-at-09.28.58.jpeg?fit=1200%2C901&ssl=1&resize=700%2C400 2x, https:\/\/i0.wp.com\/noticiasribeiraopreto.com.br\/wp-content\/uploads\/2024\/01\/WhatsApp-Image-2024-01-06-at-09.28.58.jpeg?fit=1200%2C901&ssl=1&resize=1050%2C600 3x"},"classes":[]},{"id":75348,"url":"https:\/\/noticiasribeiraopreto.com.br\/index.php\/2025\/08\/07\/idosa-morre-apos-ser-atropelada-por-moto-na-via-norte-em-ribeirao-preto\/","url_meta":{"origin":81629,"position":4},"title":"Idosa morre ap\u00f3s ser atropelada por moto na Via Norte em Ribeir\u00e3o Preto","author":"noticiasribeiraopreto.com.br","date":"7 de August de 2025","format":false,"excerpt":"Uma mulher de 73 anos morreu depois de ser atropelada por uma moto na noite desta quarta-feira (6), na Via Norte, em Ribeir\u00e3o Preto. Segundo o boletim de ocorr\u00eancia (BO), a v\u00edtima, identificada como Tereza dos Santos, foi atingida na pista sentido bairro-Centro, em frente a um atacado. O condutor\u2026","rel":"","context":"In &quot;Not\u00edcias de Ribeir\u00e3o Preto-SP e Regi\u00e3o&quot;","block_context":{"text":"Not\u00edcias de Ribeir\u00e3o Preto-SP e Regi\u00e3o","link":"https:\/\/noticiasribeiraopreto.com.br\/index.php\/category\/noticias-de-ribeirao-preto-sp-e-regiao-ismael-colosi\/"},"img":{"alt_text":"","src":"https:\/\/i0.wp.com\/noticiasribeiraopreto.com.br\/wp-content\/uploads\/2025\/08\/SAMU_2024-10-08_12-27-29_jpg_2024-10-08_12-27-29.webp.webp?fit=1200%2C816&ssl=1&resize=350%2C200","width":350,"height":200,"srcset":"https:\/\/i0.wp.com\/noticiasribeiraopreto.com.br\/wp-content\/uploads\/2025\/08\/SAMU_2024-10-08_12-27-29_jpg_2024-10-08_12-27-29.webp.webp?fit=1200%2C816&ssl=1&resize=350%2C200 1x, https:\/\/i0.wp.com\/noticiasribeiraopreto.com.br\/wp-content\/uploads\/2025\/08\/SAMU_2024-10-08_12-27-29_jpg_2024-10-08_12-27-29.webp.webp?fit=1200%2C816&ssl=1&resize=525%2C300 1.5x, https:\/\/i0.wp.com\/noticiasribeiraopreto.com.br\/wp-content\/uploads\/2025\/08\/SAMU_2024-10-08_12-27-29_jpg_2024-10-08_12-27-29.webp.webp?fit=1200%2C816&ssl=1&resize=700%2C400 2x, https:\/\/i0.wp.com\/noticiasribeiraopreto.com.br\/wp-content\/uploads\/2025\/08\/SAMU_2024-10-08_12-27-29_jpg_2024-10-08_12-27-29.webp.webp?fit=1200%2C816&ssl=1&resize=1050%2C600 3x"},"classes":[]},{"id":51945,"url":"https:\/\/noticiasribeiraopreto.com.br\/index.php\/2024\/06\/01\/cameras-de-seguranca-flagram-furto-de-motocicleta-na-zona-leste-de-ribeirao-preto\/","url_meta":{"origin":81629,"position":5},"title":"C\u00e2meras de seguran\u00e7a flagram furto de motocicleta na zona Leste de Ribeir\u00e3o Preto","author":"noticiasribeiraopreto.com.br","date":"1 de June de 2024","format":false,"excerpt":"C\u00e2meras de seguran\u00e7a registraram o momento em que um homem furta uma motocicleta no bairro Lagoinha, zona Leste de Ribeir\u00e3o Preto, na noite desta sexta-feira (31) \u2013 veja o v\u00eddeo abaixo. O caso aconteceu por volta das 22h45, na rua Augusto Bortoloti, pr\u00f3ximo a um pr\u00e9dio residencial, enquanto o propriet\u00e1rio\u2026","rel":"","context":"In &quot;Not\u00edcias de Ribeir\u00e3o Preto-SP e Regi\u00e3o&quot;","block_context":{"text":"Not\u00edcias de Ribeir\u00e3o Preto-SP e Regi\u00e3o","link":"https:\/\/noticiasribeiraopreto.com.br\/index.php\/category\/noticias-de-ribeirao-preto-sp-e-regiao-ismael-colosi\/"},"img":{"alt_text":"","src":"https:\/\/i0.wp.com\/noticiasribeiraopreto.com.br\/wp-content\/uploads\/2024\/06\/WhatsApp-Image-2024-06-01-at-16.18.10_2024-06-01_19-18-25_jpeg_2024-06-01_19-18-25.webp.webp?fit=750%2C421&ssl=1&resize=350%2C200","width":350,"height":200,"srcset":"https:\/\/i0.wp.com\/noticiasribeiraopreto.com.br\/wp-content\/uploads\/2024\/06\/WhatsApp-Image-2024-06-01-at-16.18.10_2024-06-01_19-18-25_jpeg_2024-06-01_19-18-25.webp.webp?fit=750%2C421&ssl=1&resize=350%2C200 1x, https:\/\/i0.wp.com\/noticiasribeiraopreto.com.br\/wp-content\/uploads\/2024\/06\/WhatsApp-Image-2024-06-01-at-16.18.10_2024-06-01_19-18-25_jpeg_2024-06-01_19-18-25.webp.webp?fit=750%2C421&ssl=1&resize=525%2C300 1.5x, https:\/\/i0.wp.com\/noticiasribeiraopreto.com.br\/wp-content\/uploads\/2024\/06\/WhatsApp-Image-2024-06-01-at-16.18.10_2024-06-01_19-18-25_jpeg_2024-06-01_19-18-25.webp.webp?fit=750%2C421&ssl=1&resize=700%2C400 2x"},"classes":[]}],"jetpack_sharing_enabled":true,"jetpack_shortlink":"https:\/\/wp.me\/peQAOb-leB","_links":{"self":[{"href":"https:\/\/noticiasribeiraopreto.com.br\/index.php\/wp-json\/wp\/v2\/posts\/81629","targetHints":{"allow":["GET"]}}],"collection":[{"href":"https:\/\/noticiasribeiraopreto.com.br\/index.php\/wp-json\/wp\/v2\/posts"}],"about":[{"href":"https:\/\/noticiasribeiraopreto.com.br\/index.php\/wp-json\/wp\/v2\/types\/post"}],"author":[{"embeddable":true,"href":"https:\/\/noticiasribeiraopreto.com.br\/index.php\/wp-json\/wp\/v2\/users\/1"}],"replies":[{"embeddable":true,"href":"https:\/\/noticiasribeiraopreto.com.br\/index.php\/wp-json\/wp\/v2\/comments?post=81629"}],"version-history":[{"count":0,"href":"https:\/\/noticiasribeiraopreto.com.br\/index.php\/wp-json\/wp\/v2\/posts\/81629\/revisions"}],"wp:featuredmedia":[{"embeddable":true,"href":"https:\/\/noticiasribeiraopreto.com.br\/index.php\/wp-json\/wp\/v2\/media\/81630"}],"wp:attachment":[{"href":"https:\/\/noticiasribeiraopreto.com.br\/index.php\/wp-json\/wp\/v2\/media?parent=81629"}],"wp:term":[{"taxonomy":"category","embeddable":true,"href":"https:\/\/noticiasribeiraopreto.com.br\/index.php\/wp-json\/wp\/v2\/categories?post=81629"},{"taxonomy":"post_tag","embeddable":true,"href":"https:\/\/noticiasribeiraopreto.com.br\/index.php\/wp-json\/wp\/v2\/tags?post=81629"}],"curies":[{"name":"wp","href":"https:\/\/api.w.org\/{rel}","templated":true}]}}