{"id":81631,"date":"2026-01-12T08:00:15","date_gmt":"2026-01-12T11:00:15","guid":{"rendered":"https:\/\/noticiasribeiraopreto.com.br\/index.php\/2026\/01\/12\/veja-quais-shows-ja-estao-confirmados-em-ribeirao-preto-no-primeiro-semestre-de-2026\/"},"modified":"2026-01-12T08:00:15","modified_gmt":"2026-01-12T11:00:15","slug":"veja-quais-shows-ja-estao-confirmados-em-ribeirao-preto-no-primeiro-semestre-de-2026","status":"publish","type":"post","link":"https:\/\/noticiasribeiraopreto.com.br\/index.php\/2026\/01\/12\/veja-quais-shows-ja-estao-confirmados-em-ribeirao-preto-no-primeiro-semestre-de-2026\/","title":{"rendered":"Veja quais shows j\u00e1 est\u00e3o confirmados em Ribeir\u00e3o Preto no primeiro semestre de 2026"},"content":{"rendered":"<div class='code-block code-block-1' style='margin: 8px 0 8px auto; text-align: right; display: block; clear: both;'>\n<p><a href=\"https:\/\/wa.link\/vpicfd\"><img data-recalc-dims=\"1\" class=\"wp-image-4922\" style=\"aspect-ratio: 2.0253164556962027; width: 561px; height: auto;\" src=\"https:\/\/i0.wp.com\/ismaelcolosi.com.br\/wp-content\/uploads\/2023\/11\/grupo-de-empregos-whatsapp-e-facebook-ismael-colosi-vagas.jpg?ssl=1\" alt=\"\" \/><\/a><\/p>\n<!-- \/wp:image -->\n<\/div>\n<p> <br \/>\n<\/p>\n<div>\n<p><strong>Ribeir\u00e3o Preto<\/strong> come\u00e7a a formar sua <strong>agenda de shows de 2026<\/strong>, com apresenta\u00e7\u00f5es de artistas <strong>nacionais <\/strong>e <strong>internacionais <\/strong>de diferentes estilos musicais confirmadas ao longo do ano.<\/p>\n<p>Entre os nomes que j\u00e1 t\u00eam data marcada na cidade est\u00e3o <strong>Anitta<\/strong>, o <strong>grupo Menos \u00e9 Mais<\/strong>, o<strong> DJ Pedro Sampaio<\/strong>, a b<strong>anda Roupa Nova<\/strong> e cantor internacional<strong> Manu Chao<\/strong>, al\u00e9m de outras atra\u00e7\u00f5es. A seguir, veja a lista de <strong>shows j\u00e1 confirmados em Ribeir\u00e3o Preto para 2026.<\/strong><\/p>\n<h2 class=\"wp-block-heading\"><strong>Show em confirmados em Ribeir\u00e3o Preto<\/strong><\/h2>\n<h3 class=\"wp-block-heading\"><strong>Ensaios da Anitta<\/strong><\/h3>\n<p>A cantora <strong>Anitta <\/strong>retorna a<strong> Ribeir\u00e3o Preto<\/strong> no dia <strong>1\u00ba de fevereiro<\/strong> com o projeto \u201cEnsaios da Anitta\u201d, que marca a temporada de pr\u00e9-Carnaval.<\/p>\n<p>A apresenta\u00e7\u00e3o acontece no est\u00e1dio Palma Travassos, na zona Leste do munic\u00edpio e os ingressos podem ser adquiridos de <strong>forma online (<a href=\"https:\/\/www.ingresse.com\/eda-2026ribpreto\/\" target=\"_blank\" data-type=\"link\" data-id=\"https:\/\/www.ingresse.com\/eda-2026ribpreto\/\" rel=\"noreferrer noopener\">clique aqui<\/a>)<\/strong>, a partir de R$ 140 (meia-entrada).<\/p>\n<div class=\"wp-block-image\">\n<figure class=\"aligncenter size-large is-resized\"><img data-recalc-dims=\"1\" fetchpriority=\"high\" decoding=\"async\" width=\"1024\" height=\"576\" src=\"https:\/\/i0.wp.com\/cdn.media-acidadeon.com.br\/ribeiraopreto\/wp-content\/uploads\/sites\/3\/2025\/01\/Copia-de-Copia-de-Copia-de-TAMANHO-EXATO-PARA-FOTOS-NO-SISTEMA-NOVO-5_2025-01-24_14-40-51_jpg_2025-01-24_14-40-51-1024x576.webp?resize=1024%2C576&#038;ssl=1\" alt=\"Anitta se apresenta no est\u00e1dio Palma Travassos - Foto: Redes Sociais\" class=\"wp-image-106390\" style=\"width:654px\" title=\"Veja quais shows j\u00e1 est\u00e3o confirmados em Ribeir\u00e3o Preto no primeiro semestre de 2026 1\" srcset=\"https:\/\/cdn.media-acidadeon.com.br\/ribeiraopreto\/wp-content\/uploads\/sites\/3\/2025\/01\/Copia-de-Copia-de-Copia-de-TAMANHO-EXATO-PARA-FOTOS-NO-SISTEMA-NOVO-5_2025-01-24_14-40-51_jpg_2025-01-24_14-40-51-1024x576.webp 1024w, https:\/\/cdn.media-acidadeon.com.br\/ribeiraopreto\/wp-content\/uploads\/sites\/3\/2025\/01\/Copia-de-Copia-de-Copia-de-TAMANHO-EXATO-PARA-FOTOS-NO-SISTEMA-NOVO-5_2025-01-24_14-40-51_jpg_2025-01-24_14-40-51-300x169.webp 300w, https:\/\/cdn.media-acidadeon.com.br\/ribeiraopreto\/wp-content\/uploads\/sites\/3\/2025\/01\/Copia-de-Copia-de-Copia-de-TAMANHO-EXATO-PARA-FOTOS-NO-SISTEMA-NOVO-5_2025-01-24_14-40-51_jpg_2025-01-24_14-40-51-768x432.webp 768w, https:\/\/cdn.media-acidadeon.com.br\/ribeiraopreto\/wp-content\/uploads\/sites\/3\/2025\/01\/Copia-de-Copia-de-Copia-de-TAMANHO-EXATO-PARA-FOTOS-NO-SISTEMA-NOVO-5_2025-01-24_14-40-51_jpg_2025-01-24_14-40-51-696x392.webp 696w, https:\/\/cdn.media-acidadeon.com.br\/ribeiraopreto\/wp-content\/uploads\/sites\/3\/2025\/01\/Copia-de-Copia-de-Copia-de-TAMANHO-EXATO-PARA-FOTOS-NO-SISTEMA-NOVO-5_2025-01-24_14-40-51_jpg_2025-01-24_14-40-51-1068x601.webp 1068w, https:\/\/cdn.media-acidadeon.com.br\/ribeiraopreto\/wp-content\/uploads\/sites\/3\/2025\/01\/Copia-de-Copia-de-Copia-de-TAMANHO-EXATO-PARA-FOTOS-NO-SISTEMA-NOVO-5_2025-01-24_14-40-51_jpg_2025-01-24_14-40-51.webp 1200w\" sizes=\"(max-width: 1024px) 100vw, 1024px\"\/><figcaption class=\"wp-element-caption\">Anitta se apresenta no est\u00e1dio Palma Travassos \u2013 Foto: Redes Sociais<\/figcaption><\/figure>\n<\/div>\n<h3 class=\"wp-block-heading\"><strong>Bloco Calif\u00f3rnia<\/strong><\/h3>\n<p>Considerado o maior pr\u00e9-carnaval do interior de S\u00e3o Paulo, o <strong>Bloco Calif\u00f3rnia<\/strong> traz para<strong> Ribeir\u00e3o Preto<\/strong>, o <strong>DJ Pedro Sampaio, a banda Rapazolla, o duo Country Beat, Vou Zuar e Tati Romero que convida Cebola<\/strong>.<\/p>\n<p>A festa est\u00e1 marcada para <strong>7 de fevereiro<\/strong> e ser\u00e1 realizada no Est\u00e1dio Palma Travassos, em Ribeir\u00e3o Preto. Os ingressos est\u00e3o dispon\u00edveis para compra online (<a href=\"https:\/\/blacktag.com.br\/eventos\/29635\/bloco-california-2026-geral\" target=\"_blank\" data-type=\"link\" data-id=\"https:\/\/blacktag.com.br\/eventos\/29635\/bloco-california-2026-geral\" rel=\"noreferrer noopener\">clique aqui<\/a>), com valores a partir de R$ 89 (meia-entrada).<\/p>\n<figure class=\"wp-block-image aligncenter size-large is-resized\"><img data-recalc-dims=\"1\" loading=\"lazy\" decoding=\"async\" width=\"1024\" height=\"682\" src=\"https:\/\/i0.wp.com\/cdn.media-acidadeon.com.br\/ribeiraopreto\/wp-content\/uploads\/sites\/3\/2024\/11\/28a7b1165d885b532a0bacbb0a142d6c_2024-11-14_19-34-04_jpeg_2024-11-14_19-34-05-1024x682.webp?resize=1024%2C682&#038;ssl=1\" alt=\"Bloco Calif\u00f3rnia acontece em Ribeir\u00e3o Preto. (Foto: Divulga\u00e7\u00e3o)&#10;\" class=\"wp-image-99807\" style=\"width:654px\" title=\"Veja quais shows j\u00e1 est\u00e3o confirmados em Ribeir\u00e3o Preto no primeiro semestre de 2026 2\" srcset=\"https:\/\/cdn.media-acidadeon.com.br\/ribeiraopreto\/wp-content\/uploads\/sites\/3\/2024\/11\/28a7b1165d885b532a0bacbb0a142d6c_2024-11-14_19-34-04_jpeg_2024-11-14_19-34-05-1024x682.webp 1024w, https:\/\/cdn.media-acidadeon.com.br\/ribeiraopreto\/wp-content\/uploads\/sites\/3\/2024\/11\/28a7b1165d885b532a0bacbb0a142d6c_2024-11-14_19-34-04_jpeg_2024-11-14_19-34-05-300x200.webp 300w, https:\/\/cdn.media-acidadeon.com.br\/ribeiraopreto\/wp-content\/uploads\/sites\/3\/2024\/11\/28a7b1165d885b532a0bacbb0a142d6c_2024-11-14_19-34-04_jpeg_2024-11-14_19-34-05-768x512.webp 768w, https:\/\/cdn.media-acidadeon.com.br\/ribeiraopreto\/wp-content\/uploads\/sites\/3\/2024\/11\/28a7b1165d885b532a0bacbb0a142d6c_2024-11-14_19-34-04_jpeg_2024-11-14_19-34-05-1536x1023.webp 1536w, https:\/\/cdn.media-acidadeon.com.br\/ribeiraopreto\/wp-content\/uploads\/sites\/3\/2024\/11\/28a7b1165d885b532a0bacbb0a142d6c_2024-11-14_19-34-04_jpeg_2024-11-14_19-34-05-696x464.webp 696w, https:\/\/cdn.media-acidadeon.com.br\/ribeiraopreto\/wp-content\/uploads\/sites\/3\/2024\/11\/28a7b1165d885b532a0bacbb0a142d6c_2024-11-14_19-34-04_jpeg_2024-11-14_19-34-05-1068x712.webp 1068w, https:\/\/cdn.media-acidadeon.com.br\/ribeiraopreto\/wp-content\/uploads\/sites\/3\/2024\/11\/28a7b1165d885b532a0bacbb0a142d6c_2024-11-14_19-34-04_jpeg_2024-11-14_19-34-05.webp 1600w\" sizes=\"auto, (max-width: 1024px) 100vw, 1024px\"\/><figcaption class=\"wp-element-caption\">Bloco Calif\u00f3rnia acontece em Ribeir\u00e3o Preto. (Foto: Divulga\u00e7\u00e3o)<br \/>\n<\/figcaption><\/figure>\n<h3 class=\"wp-block-heading\"><strong>Manu Chao<\/strong><\/h3>\n<p>O cantor e compositor <strong>Manu Chao<\/strong> se apresenta em <strong>Ribeir\u00e3o Preto<\/strong> no dia <strong>8 de fevereiro<\/strong>, a partir das 17h, no Armaz\u00e9m da Baixada, regi\u00e3o central do munic\u00edpio.<\/p>\n<p>O show faz parte da passagem do artista pelo Brasil e deve reunir p\u00fablico de diferentes faixas et\u00e1rias atra\u00eddo pelo repert\u00f3rio conhecido do m\u00fasico. <strong><mark style=\"background-color:#fcb900\" class=\"has-inline-color\">N\u00e3o h\u00e1 mais ingressos dispon\u00edveis.<\/mark><\/strong><\/p>\n<div class=\"wp-block-image\">\n<figure class=\"aligncenter size-full is-resized\"><img data-recalc-dims=\"1\" loading=\"lazy\" decoding=\"async\" width=\"960\" height=\"638\" src=\"https:\/\/i0.wp.com\/cdn.media-acidadeon.com.br\/ribeiraopreto\/wp-content\/uploads\/sites\/3\/2025\/12\/Manu_Chao_Live_at_Princep_Ghat_01_2025-12-27_13-18-21.webp?resize=960%2C638&#038;ssl=1\" alt=\"Manu Chao se apresenta em Ribeir\u00e3o Preto - Foto: Creative Commons\/ Paramanu Sarkar.\" class=\"wp-image-140390\" style=\"width:654px\" title=\"Veja quais shows j\u00e1 est\u00e3o confirmados em Ribeir\u00e3o Preto no primeiro semestre de 2026 3\" srcset=\"https:\/\/cdn.media-acidadeon.com.br\/ribeiraopreto\/wp-content\/uploads\/sites\/3\/2025\/12\/Manu_Chao_Live_at_Princep_Ghat_01_2025-12-27_13-18-21.webp 960w, https:\/\/cdn.media-acidadeon.com.br\/ribeiraopreto\/wp-content\/uploads\/sites\/3\/2025\/12\/Manu_Chao_Live_at_Princep_Ghat_01_2025-12-27_13-18-21-300x199.webp 300w, https:\/\/cdn.media-acidadeon.com.br\/ribeiraopreto\/wp-content\/uploads\/sites\/3\/2025\/12\/Manu_Chao_Live_at_Princep_Ghat_01_2025-12-27_13-18-21-768x510.webp 768w, https:\/\/cdn.media-acidadeon.com.br\/ribeiraopreto\/wp-content\/uploads\/sites\/3\/2025\/12\/Manu_Chao_Live_at_Princep_Ghat_01_2025-12-27_13-18-21-696x463.webp 696w\" sizes=\"auto, (max-width: 960px) 100vw, 960px\"\/><figcaption class=\"wp-element-caption\">Manu Chao se apresenta em Ribeir\u00e3o Preto \u2013 Foto: Creative Commons\/ Paramanu Sarkar.<\/figcaption><\/figure>\n<\/div>\n<h3 class=\"wp-block-heading\"><strong>\u201cPagonejo B\u00e3o\u201d com Alexandre Pires<\/strong><\/h3>\n<p>O cantor <strong>Alexandre Pires<\/strong> retorna a <strong>Ribeir\u00e3o Preto<\/strong> com o novo show \u201cPagonejo B\u00e3o\u201d, marcado para o dia <strong>20 de mar\u00e7o<\/strong>, no Alcans Hall, localizado no km 302 da rodovia Anhanguera (SP-330).<\/p>\n<p>O novo projeto de Alexandre Pires, combina sertanejo e pagode, dois dos ritmos mais populares do pa\u00eds. Os ingressos para a apresenta\u00e7\u00e3o est\u00e3o <strong>dispon\u00edveis de forma online (<a href=\"https:\/\/www.meubilhete.com.br\/event\/e59eaede-3d3c-45f9-9d30-c236718a96be\" data-type=\"link\" data-id=\"https:\/\/www.meubilhete.com.br\/event\/e59eaede-3d3c-45f9-9d30-c236718a96be\" target=\"_blank\" rel=\"noreferrer noopener\">clique aqui<\/a>)<\/strong>, a partir de R$ 100 (meia-entrada).<\/p>\n<figure class=\"wp-block-image aligncenter size-large is-resized\"><img data-recalc-dims=\"1\" loading=\"lazy\" decoding=\"async\" width=\"1024\" height=\"576\" src=\"https:\/\/i0.wp.com\/cdn.media-acidadeon.com.br\/ribeiraopreto\/wp-content\/uploads\/sites\/3\/2025\/11\/palace-22_2025-11-07_00-18-23-1024x576.webp?resize=1024%2C576&#038;ssl=1\" alt=\"Alexandre Pires traz novo show para Ribeir\u00e3o Preto - Foto: Leo Lima\/ reprodu\u00e7\u00e3o\/ Instagram do artista.\" class=\"wp-image-135019\" style=\"width:654px\" title=\"Veja quais shows j\u00e1 est\u00e3o confirmados em Ribeir\u00e3o Preto no primeiro semestre de 2026 4\" srcset=\"https:\/\/cdn.media-acidadeon.com.br\/ribeiraopreto\/wp-content\/uploads\/sites\/3\/2025\/11\/palace-22_2025-11-07_00-18-23-1024x576.webp 1024w, https:\/\/cdn.media-acidadeon.com.br\/ribeiraopreto\/wp-content\/uploads\/sites\/3\/2025\/11\/palace-22_2025-11-07_00-18-23-300x169.webp 300w, https:\/\/cdn.media-acidadeon.com.br\/ribeiraopreto\/wp-content\/uploads\/sites\/3\/2025\/11\/palace-22_2025-11-07_00-18-23-768x432.webp 768w, https:\/\/cdn.media-acidadeon.com.br\/ribeiraopreto\/wp-content\/uploads\/sites\/3\/2025\/11\/palace-22_2025-11-07_00-18-23-696x392.webp 696w, https:\/\/cdn.media-acidadeon.com.br\/ribeiraopreto\/wp-content\/uploads\/sites\/3\/2025\/11\/palace-22_2025-11-07_00-18-23-1068x601.webp 1068w, https:\/\/cdn.media-acidadeon.com.br\/ribeiraopreto\/wp-content\/uploads\/sites\/3\/2025\/11\/palace-22_2025-11-07_00-18-23.webp 1200w\" sizes=\"auto, (max-width: 1024px) 100vw, 1024px\"\/><figcaption class=\"wp-element-caption\">Alexandre Pires traz novo show para Ribeir\u00e3o Preto \u2013 Foto: Leo Lima\/ reprodu\u00e7\u00e3o\/ Instagram do artista.<br \/>\n<\/figcaption><\/figure>\n<h3 class=\"wp-block-heading\"><strong>Os Paralamas<\/strong><\/h3>\n<p>Considerada uma das bandas mais importantes da hist\u00f3ria da m\u00fasica brasileira, <strong>Os Paralamas<\/strong> retornam para <strong>Ribeir\u00e3o Preto<\/strong> em 2026. A apresenta\u00e7\u00e3o da banda est\u00e1 marcada para o dia <strong>28 de mar\u00e7o<\/strong>, no Multiplan Hall.<\/p>\n<p>Os ingressos para o espet\u00e1culo est\u00e3o dispon\u00edveis e podem ser adquiridos de<strong> forma online (<a href=\"https:\/\/www.ticketmaster.com.br\/event\/paralamas-do-sucesso-ribeirao-preto\" target=\"_blank\" data-type=\"link\" data-id=\"https:\/\/www.ticketmaster.com.br\/event\/paralamas-do-sucesso-ribeirao-preto\" rel=\"noreferrer noopener\">clique aqui<\/a>)<\/strong> ou na bilheteria do centro de eventos, a partir de R$ 125.<\/p>\n<div class=\"wp-block-image\">\n<figure class=\"aligncenter size-large is-resized\"><img data-recalc-dims=\"1\" loading=\"lazy\" decoding=\"async\" width=\"1024\" height=\"683\" src=\"https:\/\/i0.wp.com\/cdn.media-acidadeon.com.br\/ribeiraopreto\/wp-content\/uploads\/sites\/3\/2025\/04\/paralamas3_2025-04-29_14-01-02-1024x683.webp?resize=1024%2C683&#038;ssl=1\" alt=\"Os Paralamas do Sucesso se apresentam em Ribeir\u00e3o Preto - Foto: Divulga\u00e7\u00e3o\/CCTG\" class=\"wp-image-114996\" style=\"width:654px\" title=\"Veja quais shows j\u00e1 est\u00e3o confirmados em Ribeir\u00e3o Preto no primeiro semestre de 2026 5\" srcset=\"https:\/\/cdn.media-acidadeon.com.br\/ribeiraopreto\/wp-content\/uploads\/sites\/3\/2025\/04\/paralamas3_2025-04-29_14-01-02-1024x683.webp 1024w, https:\/\/cdn.media-acidadeon.com.br\/ribeiraopreto\/wp-content\/uploads\/sites\/3\/2025\/04\/paralamas3_2025-04-29_14-01-02-300x200.webp 300w, https:\/\/cdn.media-acidadeon.com.br\/ribeiraopreto\/wp-content\/uploads\/sites\/3\/2025\/04\/paralamas3_2025-04-29_14-01-02-768x512.webp 768w, https:\/\/cdn.media-acidadeon.com.br\/ribeiraopreto\/wp-content\/uploads\/sites\/3\/2025\/04\/paralamas3_2025-04-29_14-01-02-696x464.webp 696w, https:\/\/cdn.media-acidadeon.com.br\/ribeiraopreto\/wp-content\/uploads\/sites\/3\/2025\/04\/paralamas3_2025-04-29_14-01-02-1068x712.webp 1068w, https:\/\/cdn.media-acidadeon.com.br\/ribeiraopreto\/wp-content\/uploads\/sites\/3\/2025\/04\/paralamas3_2025-04-29_14-01-02.webp 1200w\" sizes=\"auto, (max-width: 1024px) 100vw, 1024px\"\/><figcaption class=\"wp-element-caption\">Os Paralamas do Sucesso se apresentam em Ribeir\u00e3o Preto \u2013 Foto: Divulga\u00e7\u00e3o\/CCTG<\/figcaption><\/figure>\n<\/div>\n<h3 class=\"wp-block-heading\"><strong>Churrasquinho do Menos \u00e9 Mais<\/strong><\/h3>\n<p>A turn\u00ea <strong>Churrasquinho <\/strong>2026, do grupo <strong>Menos \u00e9 Mais<\/strong>, desembarca no<strong> Est\u00e1dio Palma Travassos, em Ribeir\u00e3o Preto no dia 11 de abril<\/strong>. Os ingressos podem ser adquiridos de <strong>forma online (<a href=\"https:\/\/www.ingresse.com\/churrasquinho-menos-e-mais-ribeirao-preto\/\" target=\"_blank\" data-type=\"link\" data-id=\"https:\/\/www.ingresse.com\/churrasquinho-menos-e-mais-ribeirao-preto\/\" rel=\"noreferrer noopener\">clique aqui<\/a>)<\/strong>, a partir de R$ 150 (meia-entrada).<\/p>\n<p>Esta \u00e9 a segunda edi\u00e7\u00e3o do projeto em Ribeir\u00e3o Preto, que tem como proposta recriar a atmosfera descontra\u00edda dos pagodes caseiros, com samba ao vivo, cerveja gelada e encontro entre amigos.<\/p>\n<div class=\"wp-block-image\">\n<figure class=\"aligncenter size-large is-resized\"><img data-recalc-dims=\"1\" loading=\"lazy\" decoding=\"async\" width=\"1024\" height=\"576\" src=\"https:\/\/i0.wp.com\/cdn.media-acidadeon.com.br\/ribeiraopreto\/wp-content\/uploads\/sites\/3\/2025\/11\/palace-17_2025-11-06_21-48-48-1024x576.webp?resize=1024%2C576&#038;ssl=1\" alt=\"Churrasquinho do Menos \u00e9 Mais acontece em Ribeir\u00e3o Preto - Foto: reprodu\u00e7\u00e3o\/ redes sociais.\" class=\"wp-image-135003\" style=\"width:654px\" title=\"Veja quais shows j\u00e1 est\u00e3o confirmados em Ribeir\u00e3o Preto no primeiro semestre de 2026 6\" srcset=\"https:\/\/cdn.media-acidadeon.com.br\/ribeiraopreto\/wp-content\/uploads\/sites\/3\/2025\/11\/palace-17_2025-11-06_21-48-48-1024x576.webp 1024w, https:\/\/cdn.media-acidadeon.com.br\/ribeiraopreto\/wp-content\/uploads\/sites\/3\/2025\/11\/palace-17_2025-11-06_21-48-48-300x169.webp 300w, https:\/\/cdn.media-acidadeon.com.br\/ribeiraopreto\/wp-content\/uploads\/sites\/3\/2025\/11\/palace-17_2025-11-06_21-48-48-768x432.webp 768w, https:\/\/cdn.media-acidadeon.com.br\/ribeiraopreto\/wp-content\/uploads\/sites\/3\/2025\/11\/palace-17_2025-11-06_21-48-48-696x392.webp 696w, https:\/\/cdn.media-acidadeon.com.br\/ribeiraopreto\/wp-content\/uploads\/sites\/3\/2025\/11\/palace-17_2025-11-06_21-48-48-1068x601.webp 1068w, https:\/\/cdn.media-acidadeon.com.br\/ribeiraopreto\/wp-content\/uploads\/sites\/3\/2025\/11\/palace-17_2025-11-06_21-48-48.webp 1200w\" sizes=\"auto, (max-width: 1024px) 100vw, 1024px\"\/><figcaption class=\"wp-element-caption\">Churrasquinho do Menos \u00e9 Mais acontece em Ribeir\u00e3o Preto \u2013 Foto: reprodu\u00e7\u00e3o\/ redes sociais.<\/figcaption><\/figure>\n<\/div>\n<h3 class=\"wp-block-heading\"><strong>Guilherme Arantes<\/strong><\/h3>\n<p>O compositor, instrumentista e cantor <strong>Guilherme Arantes<\/strong> se apresenta em <strong>Ribeir\u00e3o Preto <\/strong>com a turn\u00ea \u201c50 Anos-Luz\u201d. A apresenta\u00e7\u00e3o acontece no dia 9 de maio, no Multiplan Hall, no Ribeir\u00e3o Shopping.<\/p>\n<p>A venda de ingressos deve come\u00e7ar em breve com link dispon\u00edvel no site da turn\u00ea (clique aqui).<\/p>\n<div class=\"wp-block-image\">\n<figure class=\"aligncenter size-large is-resized\"><img data-recalc-dims=\"1\" loading=\"lazy\" decoding=\"async\" width=\"1024\" height=\"983\" src=\"https:\/\/i0.wp.com\/cdn.media-acidadeon.com.br\/ribeiraopreto\/wp-content\/uploads\/sites\/3\/2026\/01\/guilherme-arantes_2026-01-10_21-24-25-1024x983.webp?resize=1024%2C983&#038;ssl=1\" alt=\"Show de Guilherme Arantes acontece no dia 9 de maio (Foto: reprodu\u00e7\u00e3o\/redes sociais)\" class=\"wp-image-141825\" style=\"width:654px\" title=\"Veja quais shows j\u00e1 est\u00e3o confirmados em Ribeir\u00e3o Preto no primeiro semestre de 2026 7\" srcset=\"https:\/\/cdn.media-acidadeon.com.br\/ribeiraopreto\/wp-content\/uploads\/sites\/3\/2026\/01\/guilherme-arantes_2026-01-10_21-24-25-1024x983.webp 1024w, https:\/\/cdn.media-acidadeon.com.br\/ribeiraopreto\/wp-content\/uploads\/sites\/3\/2026\/01\/guilherme-arantes_2026-01-10_21-24-25-300x288.webp 300w, https:\/\/cdn.media-acidadeon.com.br\/ribeiraopreto\/wp-content\/uploads\/sites\/3\/2026\/01\/guilherme-arantes_2026-01-10_21-24-25-768x737.webp 768w, https:\/\/cdn.media-acidadeon.com.br\/ribeiraopreto\/wp-content\/uploads\/sites\/3\/2026\/01\/guilherme-arantes_2026-01-10_21-24-25-696x668.webp 696w, https:\/\/cdn.media-acidadeon.com.br\/ribeiraopreto\/wp-content\/uploads\/sites\/3\/2026\/01\/guilherme-arantes_2026-01-10_21-24-25-1068x1025.webp 1068w, https:\/\/cdn.media-acidadeon.com.br\/ribeiraopreto\/wp-content\/uploads\/sites\/3\/2026\/01\/guilherme-arantes_2026-01-10_21-24-25.webp 1200w\" sizes=\"auto, (max-width: 1024px) 100vw, 1024px\"\/><figcaption class=\"wp-element-caption\">Show de Guilherme Arantes acontece no dia 9 de maio (Foto: reprodu\u00e7\u00e3o\/redes sociais)<\/figcaption><\/figure>\n<\/div>\n<h3 class=\"wp-block-heading\"><strong>Roupa Nova<\/strong><\/h3>\n<p>A banda <strong>Roupa Nova<\/strong>, uma das mais tradicionais da m\u00fasica brasileira, retorna a <strong>Ribeir\u00e3o Preto no dia 30 de maio<\/strong>, no Multiplan Hall, localizado no Ribeir\u00e3o Shopping, zona Sul do munic\u00edpio.<\/p>\n<p>Os ingressos j\u00e1 est\u00e3o dispon\u00edveis e podem ser adquiridos de forma online (<a href=\"https:\/\/www.ticketmaster.com.br\/event\/roupa-nova-ribeirao-preto\" target=\"_blank\" data-type=\"link\" data-id=\"https:\/\/www.ticketmaster.com.br\/event\/roupa-nova-ribeirao-preto\" rel=\"noreferrer noopener\">clique aqui<\/a>), a partir de R$ 175.<\/p>\n<p><em>**Valores de todas as atra\u00e7\u00f5es sujeitos a altera\u00e7\u00e3o sem aviso pr\u00e9vio.<\/em><\/p>\n<div class=\"wp-block-image\">\n<figure class=\"aligncenter size-large is-resized\"><img data-recalc-dims=\"1\" loading=\"lazy\" decoding=\"async\" width=\"1024\" height=\"576\" src=\"https:\/\/i0.wp.com\/cdn.media-acidadeon.com.br\/ribeiraopreto\/wp-content\/uploads\/sites\/3\/2025\/03\/Copia-de-Copia-de-Copia-de-TAMANHO-EXATO-PARA-FOTOS-NO-SISTEMA-NOVO-2025-03-10T120550.292_2025-03-10_15-05-56_png_2025-03-10_15-05-57-1024x576.webp?resize=1024%2C576&#038;ssl=1\" alt=\"Roupa Nova se apresenta em Ribeir\u00e3o Preto - Foto: divulga\u00e7\u00e3o.\" class=\"wp-image-110120\" style=\"width:654px\" title=\"Veja quais shows j\u00e1 est\u00e3o confirmados em Ribeir\u00e3o Preto no primeiro semestre de 2026 8\" srcset=\"https:\/\/cdn.media-acidadeon.com.br\/ribeiraopreto\/wp-content\/uploads\/sites\/3\/2025\/03\/Copia-de-Copia-de-Copia-de-TAMANHO-EXATO-PARA-FOTOS-NO-SISTEMA-NOVO-2025-03-10T120550.292_2025-03-10_15-05-56_png_2025-03-10_15-05-57-1024x576.webp 1024w, https:\/\/cdn.media-acidadeon.com.br\/ribeiraopreto\/wp-content\/uploads\/sites\/3\/2025\/03\/Copia-de-Copia-de-Copia-de-TAMANHO-EXATO-PARA-FOTOS-NO-SISTEMA-NOVO-2025-03-10T120550.292_2025-03-10_15-05-56_png_2025-03-10_15-05-57-300x169.webp 300w, https:\/\/cdn.media-acidadeon.com.br\/ribeiraopreto\/wp-content\/uploads\/sites\/3\/2025\/03\/Copia-de-Copia-de-Copia-de-TAMANHO-EXATO-PARA-FOTOS-NO-SISTEMA-NOVO-2025-03-10T120550.292_2025-03-10_15-05-56_png_2025-03-10_15-05-57-768x432.webp 768w, https:\/\/cdn.media-acidadeon.com.br\/ribeiraopreto\/wp-content\/uploads\/sites\/3\/2025\/03\/Copia-de-Copia-de-Copia-de-TAMANHO-EXATO-PARA-FOTOS-NO-SISTEMA-NOVO-2025-03-10T120550.292_2025-03-10_15-05-56_png_2025-03-10_15-05-57-696x392.webp 696w, https:\/\/cdn.media-acidadeon.com.br\/ribeiraopreto\/wp-content\/uploads\/sites\/3\/2025\/03\/Copia-de-Copia-de-Copia-de-TAMANHO-EXATO-PARA-FOTOS-NO-SISTEMA-NOVO-2025-03-10T120550.292_2025-03-10_15-05-56_png_2025-03-10_15-05-57-1068x601.webp 1068w, https:\/\/cdn.media-acidadeon.com.br\/ribeiraopreto\/wp-content\/uploads\/sites\/3\/2025\/03\/Copia-de-Copia-de-Copia-de-TAMANHO-EXATO-PARA-FOTOS-NO-SISTEMA-NOVO-2025-03-10T120550.292_2025-03-10_15-05-56_png_2025-03-10_15-05-57.webp 1200w\" sizes=\"auto, (max-width: 1024px) 100vw, 1024px\"\/><figcaption class=\"wp-element-caption\">Roupa Nova se apresenta em Ribeir\u00e3o Preto \u2013 Foto: divulga\u00e7\u00e3o.<\/figcaption><\/figure>\n<\/div>\n<hr class=\"wp-block-separator has-alpha-channel-opacity\"\/>\n<p>SAIBA MAIS<\/p>\n<p>Relembre os participantes do BBB de Ribeir\u00e3o; Elenco de 2026 ser\u00e1 anunciado neste domingo<\/p>\n<h2 class=\"wp-block-heading\"><strong>FIQUE ON<\/strong><\/h2>\n<p>Fique ligado em tudo que acontece em Ribeir\u00e3o Preto e regi\u00e3o. Siga os perfis do\u00a0<strong>acidade on\u00a0<\/strong>no<a href=\"https:\/\/www.instagram.com\/acidadeonribeirao\" target=\"_blank\" rel=\"noreferrer noopener\">\u00a0Instagram\u00a0<\/a>e no\u00a0<a href=\"https:\/\/www.facebook.com\/acidadeonribeirao\/\" target=\"_blank\" rel=\"noreferrer noopener\">Facebook<\/a>.<\/p>\n<p>Receba not\u00edcias do\u00a0<strong>acidade on\u00a0<\/strong>no WhatsApp. Para entrar no grupo,\u00a0basta<a href=\"https:\/\/chat.whatsapp.com\/GFH9HUMUTHNFJdnyEd0xxq\" target=\"_blank\" rel=\"noreferrer noopener\">\u00a0clicar aqui<\/a>. Ou, acesse o nosso\u00a0Canal\u00a0<a href=\"https:\/\/whatsapp.com\/channel\/0029Vb6IQl1JENyAeS57fk2p\" target=\"_blank\" rel=\"noreferrer noopener\">clicando aqui<\/a>.<\/p>\n<p>Fa\u00e7a uma den\u00fancia ou sugira uma reportagem sobre Ribeir\u00e3o Preto e regi\u00e3o pelo WhatsApp: 16 99117 7802.<\/p>\n<p>VEJA TAMB\u00c9M<br \/>Casas de Vidro esquentam o BBB 26; veja participantes do Sudeste<\/p>\n<p><!-- AI CONTENT END 1 -->\n<\/div>\n<p><script async src=\"\/\/www.instagram.com\/embed.js\"><\/script><br \/>\n<br \/><br \/>\n<br \/><a href=\"https:\/\/www.acidadeon.com\/ribeiraopreto\/lazer-e-cultura\/veja-quais-shows-ja-estao-confirmados-em-ribeirao-preto-no-primeiro-semestre-de-2026\/\">Source link <\/a><\/p>\n<!-- CONTENT END 1 -->\n","protected":false},"excerpt":{"rendered":"<p>Ribeir\u00e3o Preto come\u00e7a a formar sua agenda de shows de 2026, com apresenta\u00e7\u00f5es de artistas nacionais e internacionais de diferentes estilos musicais confirmadas ao longo&#8230;<\/p>\n","protected":false},"author":1,"featured_media":81632,"comment_status":"open","ping_status":"open","sticky":false,"template":"","format":"standard","meta":{"advanced_seo_description":"","jetpack_seo_html_title":"","jetpack_seo_noindex":false,"jetpack_post_was_ever_published":false,"_jetpack_newsletter_access":"","_jetpack_dont_email_post_to_subs":false,"_jetpack_newsletter_tier_id":0,"_jetpack_memberships_contains_paywalled_content":false,"_jetpack_memberships_contains_paid_content":false,"footnotes":"","jetpack_publicize_message":"","jetpack_publicize_feature_enabled":true,"jetpack_social_post_already_shared":true,"jetpack_social_options":{"image_generator_settings":{"template":"highway","default_image_id":0,"font":"","enabled":false},"version":2}},"categories":[11],"tags":[],"class_list":["post-81631","post","type-post","status-publish","format-standard","has-post-thumbnail","hentry","category-noticias-de-ribeirao-preto-sp-e-regiao-ismael-colosi"],"jetpack_publicize_connections":[],"jetpack_featured_media_url":"https:\/\/i0.wp.com\/noticiasribeiraopreto.com.br\/wp-content\/uploads\/2026\/01\/Capturar-21.jpg?fit=612%2C409&ssl=1","jetpack-related-posts":[{"id":62798,"url":"https:\/\/noticiasribeiraopreto.com.br\/index.php\/2025\/01\/24\/lauana-prado-e-pabllo-vittar-sao-atracoes-confirmadas-no-ensaios-da-anitta-em-ribeirao\/","url_meta":{"origin":81631,"position":0},"title":"Lauana Prado e Pabllo Vittar s\u00e3o atra\u00e7\u00f5es confirmadas no &#8216;Ensaios da Anitta&#8217; em Ribeir\u00e3o","author":"noticiasribeiraopreto.com.br","date":"24 de January de 2025","format":false,"excerpt":"Lauana Prado, Pabllo Vittar e Matheus Fernandes s\u00e3o as atra\u00e7\u00f5es confirmadas no projeto de pr\u00e9-carnaval \u201cEnsaios da Anitta\u201d, que acontece neste domingo (26), em Ribeir\u00e3o Preto. O evento acontece a partir das 15h, no est\u00e1dio Palma Travassos. Os ingressos ainda est\u00e3o dispon\u00edveis e podem ser adquiridos de forma on-line, a\u2026","rel":"","context":"In &quot;Not\u00edcias de Ribeir\u00e3o Preto-SP e Regi\u00e3o&quot;","block_context":{"text":"Not\u00edcias de Ribeir\u00e3o Preto-SP e Regi\u00e3o","link":"https:\/\/noticiasribeiraopreto.com.br\/index.php\/category\/noticias-de-ribeirao-preto-sp-e-regiao-ismael-colosi\/"},"img":{"alt_text":"","src":"https:\/\/i0.wp.com\/noticiasribeiraopreto.com.br\/wp-content\/uploads\/2025\/01\/Copia-de-Copia-de-Copia-de-TAMANHO-EXATO-PARA-FOTOS-NO-SISTEMA-NOVO-2025-01-24T122120.154_2025-01-24_15-21-25_png_2025-01-24_15-21-25.webp.webp?fit=1200%2C675&ssl=1&resize=350%2C200","width":350,"height":200,"srcset":"https:\/\/i0.wp.com\/noticiasribeiraopreto.com.br\/wp-content\/uploads\/2025\/01\/Copia-de-Copia-de-Copia-de-TAMANHO-EXATO-PARA-FOTOS-NO-SISTEMA-NOVO-2025-01-24T122120.154_2025-01-24_15-21-25_png_2025-01-24_15-21-25.webp.webp?fit=1200%2C675&ssl=1&resize=350%2C200 1x, https:\/\/i0.wp.com\/noticiasribeiraopreto.com.br\/wp-content\/uploads\/2025\/01\/Copia-de-Copia-de-Copia-de-TAMANHO-EXATO-PARA-FOTOS-NO-SISTEMA-NOVO-2025-01-24T122120.154_2025-01-24_15-21-25_png_2025-01-24_15-21-25.webp.webp?fit=1200%2C675&ssl=1&resize=525%2C300 1.5x, https:\/\/i0.wp.com\/noticiasribeiraopreto.com.br\/wp-content\/uploads\/2025\/01\/Copia-de-Copia-de-Copia-de-TAMANHO-EXATO-PARA-FOTOS-NO-SISTEMA-NOVO-2025-01-24T122120.154_2025-01-24_15-21-25_png_2025-01-24_15-21-25.webp.webp?fit=1200%2C675&ssl=1&resize=700%2C400 2x, https:\/\/i0.wp.com\/noticiasribeiraopreto.com.br\/wp-content\/uploads\/2025\/01\/Copia-de-Copia-de-Copia-de-TAMANHO-EXATO-PARA-FOTOS-NO-SISTEMA-NOVO-2025-01-24T122120.154_2025-01-24_15-21-25_png_2025-01-24_15-21-25.webp.webp?fit=1200%2C675&ssl=1&resize=1050%2C600 3x"},"classes":[]},{"id":79863,"url":"https:\/\/noticiasribeiraopreto.com.br\/index.php\/2025\/11\/09\/ensaios-da-anitta-cantora-anuncia-show-em-ribeirao-preto-veja-quando\/","url_meta":{"origin":81631,"position":1},"title":"Ensaios da Anitta: cantora anuncia show em Ribeir\u00e3o Preto; veja quando","author":"noticiasribeiraopreto.com.br","date":"9 de November de 2025","format":false,"excerpt":"A cantora Anitta retorna a Ribeir\u00e3o Preto no dia 1\u00ba de fevereiro de 2026 com o projeto \u201cEnsaios da Anitta\u201d, que marca a temporada de pr\u00e9-Carnaval. O an\u00fancio foi feito atrav\u00e9s das redes sociais neste domingo (9). A apresenta\u00e7\u00e3o acontece no est\u00e1dio Palma Travassos (Comercial), na zona Leste do munic\u00edpio.\u2026","rel":"","context":"In &quot;Not\u00edcias de Ribeir\u00e3o Preto-SP e Regi\u00e3o&quot;","block_context":{"text":"Not\u00edcias de Ribeir\u00e3o Preto-SP e Regi\u00e3o","link":"https:\/\/noticiasribeiraopreto.com.br\/index.php\/category\/noticias-de-ribeirao-preto-sp-e-regiao-ismael-colosi\/"},"img":{"alt_text":"","src":"https:\/\/i0.wp.com\/noticiasribeiraopreto.com.br\/wp-content\/uploads\/2025\/11\/ensaios_da_anitta_ribeirao_2025-01-04_14-01-08_jpg_2025-01-04_14-01-08.webp.webp?fit=1200%2C675&ssl=1&resize=350%2C200","width":350,"height":200,"srcset":"https:\/\/i0.wp.com\/noticiasribeiraopreto.com.br\/wp-content\/uploads\/2025\/11\/ensaios_da_anitta_ribeirao_2025-01-04_14-01-08_jpg_2025-01-04_14-01-08.webp.webp?fit=1200%2C675&ssl=1&resize=350%2C200 1x, https:\/\/i0.wp.com\/noticiasribeiraopreto.com.br\/wp-content\/uploads\/2025\/11\/ensaios_da_anitta_ribeirao_2025-01-04_14-01-08_jpg_2025-01-04_14-01-08.webp.webp?fit=1200%2C675&ssl=1&resize=525%2C300 1.5x, https:\/\/i0.wp.com\/noticiasribeiraopreto.com.br\/wp-content\/uploads\/2025\/11\/ensaios_da_anitta_ribeirao_2025-01-04_14-01-08_jpg_2025-01-04_14-01-08.webp.webp?fit=1200%2C675&ssl=1&resize=700%2C400 2x, https:\/\/i0.wp.com\/noticiasribeiraopreto.com.br\/wp-content\/uploads\/2025\/11\/ensaios_da_anitta_ribeirao_2025-01-04_14-01-08_jpg_2025-01-04_14-01-08.webp.webp?fit=1200%2C675&ssl=1&resize=1050%2C600 3x"},"classes":[]},{"id":58673,"url":"https:\/\/noticiasribeiraopreto.com.br\/index.php\/2024\/10\/03\/anitta-confirma-pre-carnaval-em-ribeirao-preto\/","url_meta":{"origin":81631,"position":2},"title":"Anitta confirma pr\u00e9-carnaval em Ribeir\u00e3o Preto","author":"noticiasribeiraopreto.com.br","date":"3 de October de 2024","format":false,"excerpt":"Anitta\u00a0anunciou, nesta quinta-feira (3), as datas do projeto\u00a0Ensaios da Anitta\u00a0para 2025. Em Ribeir\u00e3o Preto, o evento acontecer\u00e1 no dia 26 de janeiro de 2025. O local ainda n\u00e3o foi divulgado, mas as vendas dos ingressos come\u00e7am no dia 9 de outubro. Para o pr\u00f3ximo ano, a cantora elegeu o tema\u2026","rel":"","context":"In &quot;Not\u00edcias de Ribeir\u00e3o Preto-SP e Regi\u00e3o&quot;","block_context":{"text":"Not\u00edcias de Ribeir\u00e3o Preto-SP e Regi\u00e3o","link":"https:\/\/noticiasribeiraopreto.com.br\/index.php\/category\/noticias-de-ribeirao-preto-sp-e-regiao-ismael-colosi\/"},"img":{"alt_text":"","src":"https:\/\/i0.wp.com\/noticiasribeiraopreto.com.br\/wp-content\/uploads\/2024\/10\/Copia-de-Copia-de-Copia-de-TAMANHO-EXATO-PARA-FOTOS-NO-SISTEMA-NOVO-57_2024-10-03_15-56-49_png_2024-10-03_15-56-49.webp.webp?fit=1200%2C675&ssl=1&resize=350%2C200","width":350,"height":200,"srcset":"https:\/\/i0.wp.com\/noticiasribeiraopreto.com.br\/wp-content\/uploads\/2024\/10\/Copia-de-Copia-de-Copia-de-TAMANHO-EXATO-PARA-FOTOS-NO-SISTEMA-NOVO-57_2024-10-03_15-56-49_png_2024-10-03_15-56-49.webp.webp?fit=1200%2C675&ssl=1&resize=350%2C200 1x, https:\/\/i0.wp.com\/noticiasribeiraopreto.com.br\/wp-content\/uploads\/2024\/10\/Copia-de-Copia-de-Copia-de-TAMANHO-EXATO-PARA-FOTOS-NO-SISTEMA-NOVO-57_2024-10-03_15-56-49_png_2024-10-03_15-56-49.webp.webp?fit=1200%2C675&ssl=1&resize=525%2C300 1.5x, https:\/\/i0.wp.com\/noticiasribeiraopreto.com.br\/wp-content\/uploads\/2024\/10\/Copia-de-Copia-de-Copia-de-TAMANHO-EXATO-PARA-FOTOS-NO-SISTEMA-NOVO-57_2024-10-03_15-56-49_png_2024-10-03_15-56-49.webp.webp?fit=1200%2C675&ssl=1&resize=700%2C400 2x, https:\/\/i0.wp.com\/noticiasribeiraopreto.com.br\/wp-content\/uploads\/2024\/10\/Copia-de-Copia-de-Copia-de-TAMANHO-EXATO-PARA-FOTOS-NO-SISTEMA-NOVO-57_2024-10-03_15-56-49_png_2024-10-03_15-56-49.webp.webp?fit=1200%2C675&ssl=1&resize=1050%2C600 3x"},"classes":[]},{"id":82007,"url":"https:\/\/noticiasribeiraopreto.com.br\/index.php\/2026\/02\/01\/saiba-tudo-sobre-o-ensaios-da-anitta-em-ribeirao-preto\/","url_meta":{"origin":81631,"position":3},"title":"Saiba tudo sobre o Ensaios da Anitta em Ribeir\u00e3o Preto","author":"noticiasribeiraopreto.com.br","date":"1 de February de 2026","format":false,"excerpt":"Anitta retorna a Ribeir\u00e3o Preto neste domingo (1\u00ba) com o \u201cEnsaios da Anitta\u201d, considerada a maior turn\u00ea de ver\u00e3o do Brasil. O show j\u00e1 passou por diversas outras cidades do pa\u00eds e promete reunir milhares de f\u00e3s na cidade. Na edi\u00e7\u00e3o de 2026, a artista traz o tema \u201cCosmos\u201d, onde\u2026","rel":"","context":"In &quot;Not\u00edcias de Ribeir\u00e3o Preto-SP e Regi\u00e3o&quot;","block_context":{"text":"Not\u00edcias de Ribeir\u00e3o Preto-SP e Regi\u00e3o","link":"https:\/\/noticiasribeiraopreto.com.br\/index.php\/category\/noticias-de-ribeirao-preto-sp-e-regiao-ismael-colosi\/"},"img":{"alt_text":"","src":"https:\/\/i0.wp.com\/noticiasribeiraopreto.com.br\/wp-content\/uploads\/2026\/02\/domingo-50_2026-01-31_18-45-18.webp.webp?fit=1200%2C675&ssl=1&resize=350%2C200","width":350,"height":200,"srcset":"https:\/\/i0.wp.com\/noticiasribeiraopreto.com.br\/wp-content\/uploads\/2026\/02\/domingo-50_2026-01-31_18-45-18.webp.webp?fit=1200%2C675&ssl=1&resize=350%2C200 1x, https:\/\/i0.wp.com\/noticiasribeiraopreto.com.br\/wp-content\/uploads\/2026\/02\/domingo-50_2026-01-31_18-45-18.webp.webp?fit=1200%2C675&ssl=1&resize=525%2C300 1.5x, https:\/\/i0.wp.com\/noticiasribeiraopreto.com.br\/wp-content\/uploads\/2026\/02\/domingo-50_2026-01-31_18-45-18.webp.webp?fit=1200%2C675&ssl=1&resize=700%2C400 2x, https:\/\/i0.wp.com\/noticiasribeiraopreto.com.br\/wp-content\/uploads\/2026\/02\/domingo-50_2026-01-31_18-45-18.webp.webp?fit=1200%2C675&ssl=1&resize=1050%2C600 3x"},"classes":[]},{"id":62826,"url":"https:\/\/noticiasribeiraopreto.com.br\/index.php\/2025\/01\/25\/saiba-tudo-sobre-o-show-da-anitta-em-ribeirao-preto\/","url_meta":{"origin":81631,"position":4},"title":"Saiba tudo sobre o show da Anitta em Ribeir\u00e3o Preto","author":"noticiasribeiraopreto.com.br","date":"25 de January de 2025","format":false,"excerpt":"A cantora Anitta desembarca com a turn\u00ea \u201cEnsaios da Anitta\u201d no est\u00e1dio Palma Travassos, em Ribeir\u00e3o Preto, neste domingo (26), das 16h \u00e0s 23h. O est\u00e1dio fica na avenida Dr. Pl\u00ednio de Castro Prado, 1,000. Veja tudo que voc\u00ea precisa saber antes de ir para o show: Ainda h\u00e1 ingressos\u2026","rel":"","context":"In &quot;Not\u00edcias de Ribeir\u00e3o Preto-SP e Regi\u00e3o&quot;","block_context":{"text":"Not\u00edcias de Ribeir\u00e3o Preto-SP e Regi\u00e3o","link":"https:\/\/noticiasribeiraopreto.com.br\/index.php\/category\/noticias-de-ribeirao-preto-sp-e-regiao-ismael-colosi\/"},"img":{"alt_text":"","src":"https:\/\/i0.wp.com\/noticiasribeiraopreto.com.br\/wp-content\/uploads\/2025\/01\/Copia-de-Copia-de-Copia-de-TAMANHO-EXATO-PARA-FOTOS-NO-SISTEMA-NOVO-5_2025-01-24_14-40-51_jpg_2025-01-24_14-40-51.webp.webp?fit=1200%2C675&ssl=1&resize=350%2C200","width":350,"height":200,"srcset":"https:\/\/i0.wp.com\/noticiasribeiraopreto.com.br\/wp-content\/uploads\/2025\/01\/Copia-de-Copia-de-Copia-de-TAMANHO-EXATO-PARA-FOTOS-NO-SISTEMA-NOVO-5_2025-01-24_14-40-51_jpg_2025-01-24_14-40-51.webp.webp?fit=1200%2C675&ssl=1&resize=350%2C200 1x, https:\/\/i0.wp.com\/noticiasribeiraopreto.com.br\/wp-content\/uploads\/2025\/01\/Copia-de-Copia-de-Copia-de-TAMANHO-EXATO-PARA-FOTOS-NO-SISTEMA-NOVO-5_2025-01-24_14-40-51_jpg_2025-01-24_14-40-51.webp.webp?fit=1200%2C675&ssl=1&resize=525%2C300 1.5x, https:\/\/i0.wp.com\/noticiasribeiraopreto.com.br\/wp-content\/uploads\/2025\/01\/Copia-de-Copia-de-Copia-de-TAMANHO-EXATO-PARA-FOTOS-NO-SISTEMA-NOVO-5_2025-01-24_14-40-51_jpg_2025-01-24_14-40-51.webp.webp?fit=1200%2C675&ssl=1&resize=700%2C400 2x, https:\/\/i0.wp.com\/noticiasribeiraopreto.com.br\/wp-content\/uploads\/2025\/01\/Copia-de-Copia-de-Copia-de-TAMANHO-EXATO-PARA-FOTOS-NO-SISTEMA-NOVO-5_2025-01-24_14-40-51_jpg_2025-01-24_14-40-51.webp.webp?fit=1200%2C675&ssl=1&resize=1050%2C600 3x"},"classes":[]},{"id":63037,"url":"https:\/\/noticiasribeiraopreto.com.br\/index.php\/2025\/01\/31\/ensaios-da-anitta-assessoria-diz-que-policia-apura-denuncias-de-furtos-no-interior-de-sp\/","url_meta":{"origin":81631,"position":5},"title":"&#8216;Ensaios da Anitta&#8217;: Assessoria diz que pol\u00edcia apura den\u00fancias de furtos no interior de SP","author":"noticiasribeiraopreto.com.br","date":"31 de January de 2025","format":false,"excerpt":"Ap\u00f3s f\u00e3s da cantora Anitta denunciarem furtos e falta de seguran\u00e7a durante o pr\u00e9-carnaval \u2018Ensaios da Anitta\u2019 em Ribeir\u00e3o Preto, no interior de S\u00e3o Paulo, a assessoria do evento afirmou ao portal acidade on, que as ocorr\u00eancias est\u00e3o sendo apuradas pela Pol\u00edcia Civil do estado. Em nota encaminhada \u00e0 reportagem,\u2026","rel":"","context":"In &quot;Not\u00edcias de Ribeir\u00e3o Preto-SP e Regi\u00e3o&quot;","block_context":{"text":"Not\u00edcias de Ribeir\u00e3o Preto-SP e Regi\u00e3o","link":"https:\/\/noticiasribeiraopreto.com.br\/index.php\/category\/noticias-de-ribeirao-preto-sp-e-regiao-ismael-colosi\/"},"img":{"alt_text":"","src":"https:\/\/i0.wp.com\/noticiasribeiraopreto.com.br\/wp-content\/uploads\/2025\/01\/Copia-de-Copia-de-Copia-de-TAMANHO-EXATO-PARA-FOTOS-NO-SISTEMA-NOVO-2025-01-31T142437.744_2025-01-31_17-24-42_png_2025-01-31_17-24-42.webp.webp?fit=1200%2C675&ssl=1&resize=350%2C200","width":350,"height":200,"srcset":"https:\/\/i0.wp.com\/noticiasribeiraopreto.com.br\/wp-content\/uploads\/2025\/01\/Copia-de-Copia-de-Copia-de-TAMANHO-EXATO-PARA-FOTOS-NO-SISTEMA-NOVO-2025-01-31T142437.744_2025-01-31_17-24-42_png_2025-01-31_17-24-42.webp.webp?fit=1200%2C675&ssl=1&resize=350%2C200 1x, https:\/\/i0.wp.com\/noticiasribeiraopreto.com.br\/wp-content\/uploads\/2025\/01\/Copia-de-Copia-de-Copia-de-TAMANHO-EXATO-PARA-FOTOS-NO-SISTEMA-NOVO-2025-01-31T142437.744_2025-01-31_17-24-42_png_2025-01-31_17-24-42.webp.webp?fit=1200%2C675&ssl=1&resize=525%2C300 1.5x, https:\/\/i0.wp.com\/noticiasribeiraopreto.com.br\/wp-content\/uploads\/2025\/01\/Copia-de-Copia-de-Copia-de-TAMANHO-EXATO-PARA-FOTOS-NO-SISTEMA-NOVO-2025-01-31T142437.744_2025-01-31_17-24-42_png_2025-01-31_17-24-42.webp.webp?fit=1200%2C675&ssl=1&resize=700%2C400 2x, https:\/\/i0.wp.com\/noticiasribeiraopreto.com.br\/wp-content\/uploads\/2025\/01\/Copia-de-Copia-de-Copia-de-TAMANHO-EXATO-PARA-FOTOS-NO-SISTEMA-NOVO-2025-01-31T142437.744_2025-01-31_17-24-42_png_2025-01-31_17-24-42.webp.webp?fit=1200%2C675&ssl=1&resize=1050%2C600 3x"},"classes":[]}],"jetpack_sharing_enabled":true,"jetpack_shortlink":"https:\/\/wp.me\/peQAOb-leD","_links":{"self":[{"href":"https:\/\/noticiasribeiraopreto.com.br\/index.php\/wp-json\/wp\/v2\/posts\/81631","targetHints":{"allow":["GET"]}}],"collection":[{"href":"https:\/\/noticiasribeiraopreto.com.br\/index.php\/wp-json\/wp\/v2\/posts"}],"about":[{"href":"https:\/\/noticiasribeiraopreto.com.br\/index.php\/wp-json\/wp\/v2\/types\/post"}],"author":[{"embeddable":true,"href":"https:\/\/noticiasribeiraopreto.com.br\/index.php\/wp-json\/wp\/v2\/users\/1"}],"replies":[{"embeddable":true,"href":"https:\/\/noticiasribeiraopreto.com.br\/index.php\/wp-json\/wp\/v2\/comments?post=81631"}],"version-history":[{"count":0,"href":"https:\/\/noticiasribeiraopreto.com.br\/index.php\/wp-json\/wp\/v2\/posts\/81631\/revisions"}],"wp:featuredmedia":[{"embeddable":true,"href":"https:\/\/noticiasribeiraopreto.com.br\/index.php\/wp-json\/wp\/v2\/media\/81632"}],"wp:attachment":[{"href":"https:\/\/noticiasribeiraopreto.com.br\/index.php\/wp-json\/wp\/v2\/media?parent=81631"}],"wp:term":[{"taxonomy":"category","embeddable":true,"href":"https:\/\/noticiasribeiraopreto.com.br\/index.php\/wp-json\/wp\/v2\/categories?post=81631"},{"taxonomy":"post_tag","embeddable":true,"href":"https:\/\/noticiasribeiraopreto.com.br\/index.php\/wp-json\/wp\/v2\/tags?post=81631"}],"curies":[{"name":"wp","href":"https:\/\/api.w.org\/{rel}","templated":true}]}}