{"id":81633,"date":"2026-01-12T08:06:33","date_gmt":"2026-01-12T11:06:33","guid":{"rendered":"https:\/\/noticiasribeiraopreto.com.br\/index.php\/2026\/01\/12\/semana-comeca-com-potencial-de-chuvas-intensas-no-estado-de-sp-veja-previsao\/"},"modified":"2026-01-12T08:06:33","modified_gmt":"2026-01-12T11:06:33","slug":"semana-comeca-com-potencial-de-chuvas-intensas-no-estado-de-sp-veja-previsao","status":"publish","type":"post","link":"https:\/\/noticiasribeiraopreto.com.br\/index.php\/2026\/01\/12\/semana-comeca-com-potencial-de-chuvas-intensas-no-estado-de-sp-veja-previsao\/","title":{"rendered":"Semana come\u00e7a com potencial de chuvas intensas no estado de SP; Veja previs\u00e3o"},"content":{"rendered":"<div class='code-block code-block-1' style='margin: 8px 0 8px auto; text-align: right; display: block; clear: both;'>\n<p><a href=\"https:\/\/wa.link\/vpicfd\"><img data-recalc-dims=\"1\" class=\"wp-image-4922\" style=\"aspect-ratio: 2.0253164556962027; width: 561px; height: auto;\" src=\"https:\/\/i0.wp.com\/ismaelcolosi.com.br\/wp-content\/uploads\/2023\/11\/grupo-de-empregos-whatsapp-e-facebook-ismael-colosi-vagas.jpg?ssl=1\" alt=\"\" \/><\/a><\/p>\n<!-- \/wp:image -->\n<\/div>\n<p> <br \/>\n<\/p>\n<div>\n<p>O <strong>estado de S\u00e3o Paulo<\/strong> pode enfrentar uma semana marcada por <strong>mudan\u00e7as no padr\u00e3o de chuvas<\/strong>, com previs\u00e3o de precipita\u00e7\u00f5es em v\u00e1rias regi\u00f5es, especialmente no <strong>centro-norte<\/strong>, <strong>leste <\/strong>e <strong>extremo oeste paulista<\/strong>.<\/p>\n<p>De acordo com o <strong>meteorologista Tiago Robles<\/strong>, da <strong><a href=\"https:\/\/www.tempo.com\/noticias\/previsao\/o-que-esperar-das-chuvas-nesta-semana-no-brasil-risco-de-tempestades-e-acumulados-de-mais-de-100-mm.html\" target=\"_blank\" data-type=\"link\" data-id=\"https:\/\/www.tempo.com\/noticias\/previsao\/o-que-esperar-das-chuvas-nesta-semana-no-brasil-risco-de-tempestades-e-acumulados-de-mais-de-100-mm.html\" rel=\"noreferrer noopener\">Meteored<\/a><\/strong>, a semana come\u00e7a com ocorrendo mais na por\u00e7\u00e3o central e norte do Brasil, contudo, <mark style=\"background-color:#fcb900\" class=\"has-inline-color\"><strong>h\u00e1 potencial de chuvas intensas <\/strong>e <strong>para a ocorr\u00eancia de tempestades<\/strong> nas regi\u00f5es Sul, <strong>Sudeste<\/strong>, Centro-Oeste e Norte.<\/mark><\/p>\n<div class=\"wp-block-image\">\n<figure class=\"aligncenter size-large is-resized\"><img data-recalc-dims=\"1\" fetchpriority=\"high\" decoding=\"async\" width=\"1024\" height=\"576\" src=\"https:\/\/i0.wp.com\/cdn.media-acidadeon.com.br\/ribeiraopreto\/wp-content\/uploads\/sites\/3\/2026\/01\/domingo-78_2026-01-11_19-39-03-1024x576.webp?resize=1024%2C576&#038;ssl=1\" alt=\"Precipita\u00e7\u00e3o prevista para segunda-feira no Brasil - Foto: reprodu\u00e7\u00e3o\/ Meteored.\" class=\"wp-image-141848\" style=\"width:654px\" title=\"Semana come\u00e7a com potencial de chuvas intensas no estado de SP; Veja previs\u00e3o 1\" srcset=\"https:\/\/cdn.media-acidadeon.com.br\/ribeiraopreto\/wp-content\/uploads\/sites\/3\/2026\/01\/domingo-78_2026-01-11_19-39-03-1024x576.webp 1024w, https:\/\/cdn.media-acidadeon.com.br\/ribeiraopreto\/wp-content\/uploads\/sites\/3\/2026\/01\/domingo-78_2026-01-11_19-39-03-300x169.webp 300w, https:\/\/cdn.media-acidadeon.com.br\/ribeiraopreto\/wp-content\/uploads\/sites\/3\/2026\/01\/domingo-78_2026-01-11_19-39-03-768x432.webp 768w, https:\/\/cdn.media-acidadeon.com.br\/ribeiraopreto\/wp-content\/uploads\/sites\/3\/2026\/01\/domingo-78_2026-01-11_19-39-03-696x392.webp 696w, https:\/\/cdn.media-acidadeon.com.br\/ribeiraopreto\/wp-content\/uploads\/sites\/3\/2026\/01\/domingo-78_2026-01-11_19-39-03-1068x601.webp 1068w, https:\/\/cdn.media-acidadeon.com.br\/ribeiraopreto\/wp-content\/uploads\/sites\/3\/2026\/01\/domingo-78_2026-01-11_19-39-03.webp 1200w\" sizes=\"(max-width: 1024px) 100vw, 1024px\"\/><figcaption class=\"wp-element-caption\">Precipita\u00e7\u00e3o prevista para segunda-feira no Brasil \u2013 Foto: reprodu\u00e7\u00e3o\/ Meteored.<\/figcaption><\/figure>\n<\/div>\n<h2 class=\"wp-block-heading\"><strong>Potencial de chuvas intensas<\/strong><\/h2>\n<p>Conforme explica\u00e7\u00e3o do especialista, o padr\u00e3o de distribui\u00e7\u00e3o das chuvas j\u00e1 muda nesta segunda-feira (12), atrav\u00e9s do aumento do potencial de precipita\u00e7\u00e3o sobre o <strong>Sudeste<\/strong>, Centro-Oeste e Norte.<\/p>\n<figure class=\"wp-block-pullquote\">\n<blockquote>\n<p>Os maiores acumulados da semana se concentram no oeste da Regi\u00e3o Norte. No entanto, mesmo a previs\u00e3o de volumes menores, \u00e1reas do Sudeste e do Sul tem maior potencial de sofrer com chuvas intensas<\/p>\n<p><cite>Tiago Robles, da Meteored<\/cite><\/p><\/blockquote>\n<\/figure>\n<p>J\u00e1 na ter\u00e7a-feira (13), h\u00e1 previs\u00e3o de chuvas isoladas pela manh\u00e3 no Sul, <strong>Sudeste<\/strong>, Centro-Oeste, Norte e Nordeste, mas sem risco de causar grandes problemas.<\/p>\n<p>Na quarta-feira (14), as <strong>chuvas devem ocorrer de forma mais abrangente no Sudeste do pa\u00eds<\/strong> e h\u00e1 maior risco de eventos fortes, segundo Robles.<\/p>\n<figure class=\"wp-block-pullquote\">\n<blockquote>\n<p>H\u00e1 maior risco de eventos fortes, com alertas para o leste e norte de Santa Catarina, norte e leste do Paran\u00e1, todo o estado de S\u00e3o Paulo, para o Rio de Janeiro, centro-sul de Minas Gerais e regi\u00e3o do Tri\u00e2ngulo Mineiro, e sul do Esp\u00edrito Santo<\/p>\n<p><cite>Tiago Robles, da Meteored<\/cite><\/p><\/blockquote>\n<\/figure>\n<h3 class=\"wp-block-heading\"><strong>E como fica Ribeir\u00e3o Preto?<\/strong><\/h3>\n<p>Em <strong>Ribeir\u00e3o Preto<\/strong>, conforme a previs\u00e3o estendida da <strong><a href=\"https:\/\/www.climatempo.com.br\/previsao-do-tempo\/15-dias\/cidade\/530\/ribeiraopreto-sp\" target=\"_blank\" data-type=\"link\" data-id=\"https:\/\/www.climatempo.com.br\/previsao-do-tempo\/15-dias\/cidade\/530\/ribeiraopreto-sp\" rel=\"noreferrer noopener\">Climatempo<\/a><\/strong>, os pr\u00f3ximos dias devem ter sol com muitas nuvens durante o dia, al\u00e9m de per\u00edodos nublados, com possibilidade de garoa e ocorr\u00eancia de temporais. Confira:<\/p>\n<div class=\"wp-block-image\">\n<figure class=\"aligncenter size-large is-resized\"><img data-recalc-dims=\"1\" loading=\"lazy\" decoding=\"async\" width=\"1024\" height=\"576\" src=\"https:\/\/i0.wp.com\/cdn.media-acidadeon.com.br\/ribeiraopreto\/wp-content\/uploads\/sites\/3\/2026\/01\/domingo-79_2026-01-11_19-41-20-1024x576.webp?resize=1024%2C576&#038;ssl=1\" alt=\"Previs\u00e3o do tempo para Ribeir\u00e3o Preto - Foto: reprodu\u00e7\u00e3o\/ Climatempo.\" class=\"wp-image-141849\" style=\"width:654px\" title=\"Semana come\u00e7a com potencial de chuvas intensas no estado de SP; Veja previs\u00e3o 2\" srcset=\"https:\/\/cdn.media-acidadeon.com.br\/ribeiraopreto\/wp-content\/uploads\/sites\/3\/2026\/01\/domingo-79_2026-01-11_19-41-20-1024x576.webp 1024w, https:\/\/cdn.media-acidadeon.com.br\/ribeiraopreto\/wp-content\/uploads\/sites\/3\/2026\/01\/domingo-79_2026-01-11_19-41-20-300x169.webp 300w, https:\/\/cdn.media-acidadeon.com.br\/ribeiraopreto\/wp-content\/uploads\/sites\/3\/2026\/01\/domingo-79_2026-01-11_19-41-20-768x432.webp 768w, https:\/\/cdn.media-acidadeon.com.br\/ribeiraopreto\/wp-content\/uploads\/sites\/3\/2026\/01\/domingo-79_2026-01-11_19-41-20-696x392.webp 696w, https:\/\/cdn.media-acidadeon.com.br\/ribeiraopreto\/wp-content\/uploads\/sites\/3\/2026\/01\/domingo-79_2026-01-11_19-41-20-1068x601.webp 1068w, https:\/\/cdn.media-acidadeon.com.br\/ribeiraopreto\/wp-content\/uploads\/sites\/3\/2026\/01\/domingo-79_2026-01-11_19-41-20.webp 1200w\" sizes=\"auto, (max-width: 1024px) 100vw, 1024px\"\/><figcaption class=\"wp-element-caption\">Previs\u00e3o do tempo para Ribeir\u00e3o Preto \u2013 Foto: reprodu\u00e7\u00e3o\/ Climatempo.<\/figcaption><\/figure>\n<\/div>\n<hr class=\"wp-block-separator has-alpha-channel-opacity\"\/>\n<p>SAIBA MAIS<\/p>\n<p>Ribeir\u00e3o Preto lan\u00e7a programa para plantio de \u00e1rvores em cal\u00e7adas de resid\u00eancias; Saiba como participar<\/p>\n<h2 class=\"wp-block-heading\"><strong>FIQUE ON<\/strong><\/h2>\n<p>Fique ligado em tudo que acontece em Ribeir\u00e3o Preto e regi\u00e3o. Siga os perfis do\u00a0<strong>acidade on\u00a0<\/strong>no<a href=\"https:\/\/www.instagram.com\/acidadeonribeirao\" target=\"_blank\" rel=\"noreferrer noopener\">\u00a0Instagram\u00a0<\/a>e no\u00a0<a href=\"https:\/\/www.facebook.com\/acidadeonribeirao\/\" target=\"_blank\" rel=\"noreferrer noopener\">Facebook<\/a>.<\/p>\n<p>Receba not\u00edcias do\u00a0<strong>acidade on\u00a0<\/strong>no WhatsApp. Para entrar no grupo,\u00a0basta<a href=\"https:\/\/chat.whatsapp.com\/GFH9HUMUTHNFJdnyEd0xxq\" target=\"_blank\" rel=\"noreferrer noopener\">\u00a0clicar aqui<\/a>. Ou, acesse o nosso\u00a0Canal\u00a0<a href=\"https:\/\/whatsapp.com\/channel\/0029Vb6IQl1JENyAeS57fk2p\" target=\"_blank\" rel=\"noreferrer noopener\">clicando aqui<\/a>.<\/p>\n<p>Fa\u00e7a uma den\u00fancia ou sugira uma reportagem sobre Ribeir\u00e3o Preto e regi\u00e3o pelo WhatsApp: 16 99117 7802.<\/p>\n<p>VEJA TAMB\u00c9M<\/p>\n<p>Quando \u2018O Agente Secreto\u2019 chega aos streamings do Brasil?<\/p>\n<p><!-- AI CONTENT END 1 -->\n<\/div>\n<p><script async src=\"\/\/www.instagram.com\/embed.js\"><\/script><br \/>\n<br \/><br \/>\n<br \/><a href=\"https:\/\/www.acidadeon.com\/ribeiraopreto\/cotidiano\/semana-comeca-com-potencial-de-chuvas-intensas-no-estado-de-sp-veja-previsao\/\">Source link <\/a><\/p>\n<!-- CONTENT END 1 -->\n","protected":false},"excerpt":{"rendered":"<p>O estado de S\u00e3o Paulo pode enfrentar uma semana marcada por mudan\u00e7as no padr\u00e3o de chuvas, com previs\u00e3o de precipita\u00e7\u00f5es em v\u00e1rias regi\u00f5es, especialmente no&#8230;<\/p>\n","protected":false},"author":1,"featured_media":79492,"comment_status":"open","ping_status":"open","sticky":false,"template":"","format":"standard","meta":{"advanced_seo_description":"","jetpack_seo_html_title":"","jetpack_seo_noindex":false,"jetpack_post_was_ever_published":false,"_jetpack_newsletter_access":"","_jetpack_dont_email_post_to_subs":false,"_jetpack_newsletter_tier_id":0,"_jetpack_memberships_contains_paywalled_content":false,"_jetpack_memberships_contains_paid_content":false,"footnotes":"","jetpack_publicize_message":"","jetpack_publicize_feature_enabled":true,"jetpack_social_post_already_shared":true,"jetpack_social_options":{"image_generator_settings":{"template":"highway","default_image_id":0,"font":"","enabled":false},"version":2}},"categories":[11],"tags":[],"class_list":["post-81633","post","type-post","status-publish","format-standard","has-post-thumbnail","hentry","category-noticias-de-ribeirao-preto-sp-e-regiao-ismael-colosi"],"jetpack_publicize_connections":[],"jetpack_featured_media_url":"https:\/\/i0.wp.com\/noticiasribeiraopreto.com.br\/wp-content\/uploads\/2025\/11\/palace-3_2025-10-31_19-55-22.webp.webp?fit=1200%2C675&ssl=1","jetpack-related-posts":[{"id":82679,"url":"https:\/\/noticiasribeiraopreto.com.br\/index.php\/2026\/02\/23\/semana-de-chuva-em-sp-e-chegada-de-ciclone-veja-a-previsao-do-tempo\/","url_meta":{"origin":81633,"position":0},"title":"Semana de chuva em SP e chegada de ciclone; veja a previs\u00e3o do tempo","author":"noticiasribeiraopreto.com.br","date":"23 de February de 2026","format":false,"excerpt":"Os meteorologistas apontam que a pr\u00f3xima semana deve ter ainda mais chuva no Estado de S\u00e3o Paulo. Al\u00e9m disso, a previs\u00e3o indica a chegada de um ciclone a partir de quarta-feira (25), que pode potencializar os temporais. O site Meteored aponta que, nesta segunda-feira (23), as instabilidades j\u00e1 provocam chuvas\u2026","rel":"","context":"In &quot;Not\u00edcias de Ribeir\u00e3o Preto-SP e Regi\u00e3o&quot;","block_context":{"text":"Not\u00edcias de Ribeir\u00e3o Preto-SP e Regi\u00e3o","link":"https:\/\/noticiasribeiraopreto.com.br\/index.php\/category\/noticias-de-ribeirao-preto-sp-e-regiao-ismael-colosi\/"},"img":{"alt_text":"","src":"https:\/\/i0.wp.com\/noticiasribeiraopreto.com.br\/wp-content\/uploads\/2026\/02\/chuvas_2026-02-22_20-41-09.webp.webp?fit=1200%2C900&ssl=1&resize=350%2C200","width":350,"height":200,"srcset":"https:\/\/i0.wp.com\/noticiasribeiraopreto.com.br\/wp-content\/uploads\/2026\/02\/chuvas_2026-02-22_20-41-09.webp.webp?fit=1200%2C900&ssl=1&resize=350%2C200 1x, https:\/\/i0.wp.com\/noticiasribeiraopreto.com.br\/wp-content\/uploads\/2026\/02\/chuvas_2026-02-22_20-41-09.webp.webp?fit=1200%2C900&ssl=1&resize=525%2C300 1.5x, https:\/\/i0.wp.com\/noticiasribeiraopreto.com.br\/wp-content\/uploads\/2026\/02\/chuvas_2026-02-22_20-41-09.webp.webp?fit=1200%2C900&ssl=1&resize=700%2C400 2x, https:\/\/i0.wp.com\/noticiasribeiraopreto.com.br\/wp-content\/uploads\/2026\/02\/chuvas_2026-02-22_20-41-09.webp.webp?fit=1200%2C900&ssl=1&resize=1050%2C600 3x"},"classes":[]},{"id":60548,"url":"https:\/\/noticiasribeiraopreto.com.br\/index.php\/2024\/11\/17\/nova-frente-fria-deve-provocar-chuvas-intensas-no-estado-de-sp-veja-previsao\/","url_meta":{"origin":81633,"position":1},"title":"Nova frente fria deve provocar chuvas intensas no Estado de SP; Veja previs\u00e3o","author":"noticiasribeiraopreto.com.br","date":"17 de November de 2024","format":false,"excerpt":"Para o alivio de algumas pessoas, as chuvas que est\u00e3o atingindo o Sudeste do pa\u00eds devem dar uma tr\u00e9gua nos pr\u00f3ximos dias. Contudo, uma nova frente fria avan\u00e7a lentamente e deve provocar chuvas intensas no decorrer da semana \u2013 veja abaixo. Nova frente fria j\u00e1 come\u00e7ou De acordo com os\u2026","rel":"","context":"In &quot;Not\u00edcias de Ribeir\u00e3o Preto-SP e Regi\u00e3o&quot;","block_context":{"text":"Not\u00edcias de Ribeir\u00e3o Preto-SP e Regi\u00e3o","link":"https:\/\/noticiasribeiraopreto.com.br\/index.php\/category\/noticias-de-ribeirao-preto-sp-e-regiao-ismael-colosi\/"},"img":{"alt_text":"","src":"https:\/\/i0.wp.com\/noticiasribeiraopreto.com.br\/wp-content\/uploads\/2024\/11\/chuva-forte.jpg?fit=1200%2C765&ssl=1&resize=350%2C200","width":350,"height":200,"srcset":"https:\/\/i0.wp.com\/noticiasribeiraopreto.com.br\/wp-content\/uploads\/2024\/11\/chuva-forte.jpg?fit=1200%2C765&ssl=1&resize=350%2C200 1x, https:\/\/i0.wp.com\/noticiasribeiraopreto.com.br\/wp-content\/uploads\/2024\/11\/chuva-forte.jpg?fit=1200%2C765&ssl=1&resize=525%2C300 1.5x, https:\/\/i0.wp.com\/noticiasribeiraopreto.com.br\/wp-content\/uploads\/2024\/11\/chuva-forte.jpg?fit=1200%2C765&ssl=1&resize=700%2C400 2x, https:\/\/i0.wp.com\/noticiasribeiraopreto.com.br\/wp-content\/uploads\/2024\/11\/chuva-forte.jpg?fit=1200%2C765&ssl=1&resize=1050%2C600 3x"},"classes":[]},{"id":79432,"url":"https:\/\/noticiasribeiraopreto.com.br\/index.php\/2025\/10\/31\/novembro-comeca-com-chuva-intensa-e-risco-de-alagamentos-em-areas-do-estado-de-sp-veja-a-previsao\/","url_meta":{"origin":81633,"position":2},"title":"Novembro come\u00e7a com chuva intensa e risco de alagamentos em \u00e1reas do estado de SP; Veja a previs\u00e3o","author":"noticiasribeiraopreto.com.br","date":"31 de October de 2025","format":false,"excerpt":"O m\u00eas de novembro come\u00e7a com tempo inst\u00e1vel e previs\u00e3o de grande volume de chuva em todo o Estado de S\u00e3o Paulo, segundo a Climatempo. H\u00e1, inclusive, risco de alagamentos e outros transtornos \u2013 veja previs\u00e3o para o m\u00eas logo abaixo. Conforme explica\u00e7\u00e3o da meteorologista Jos\u00e9lia Pegorim, a instabilidade ser\u00e1\u2026","rel":"","context":"In &quot;Not\u00edcias de Ribeir\u00e3o Preto-SP e Regi\u00e3o&quot;","block_context":{"text":"Not\u00edcias de Ribeir\u00e3o Preto-SP e Regi\u00e3o","link":"https:\/\/noticiasribeiraopreto.com.br\/index.php\/category\/noticias-de-ribeirao-preto-sp-e-regiao-ismael-colosi\/"},"img":{"alt_text":"","src":"https:\/\/i0.wp.com\/noticiasribeiraopreto.com.br\/wp-content\/uploads\/2025\/08\/CHUVA-RIBEIRAO-PRETO_2025-03-23_20-40-26_jpg_2025-03-23_20-40-26.webp.webp?fit=1030%2C644&ssl=1&resize=350%2C200","width":350,"height":200,"srcset":"https:\/\/i0.wp.com\/noticiasribeiraopreto.com.br\/wp-content\/uploads\/2025\/08\/CHUVA-RIBEIRAO-PRETO_2025-03-23_20-40-26_jpg_2025-03-23_20-40-26.webp.webp?fit=1030%2C644&ssl=1&resize=350%2C200 1x, https:\/\/i0.wp.com\/noticiasribeiraopreto.com.br\/wp-content\/uploads\/2025\/08\/CHUVA-RIBEIRAO-PRETO_2025-03-23_20-40-26_jpg_2025-03-23_20-40-26.webp.webp?fit=1030%2C644&ssl=1&resize=525%2C300 1.5x, https:\/\/i0.wp.com\/noticiasribeiraopreto.com.br\/wp-content\/uploads\/2025\/08\/CHUVA-RIBEIRAO-PRETO_2025-03-23_20-40-26_jpg_2025-03-23_20-40-26.webp.webp?fit=1030%2C644&ssl=1&resize=700%2C400 2x"},"classes":[]},{"id":77915,"url":"https:\/\/noticiasribeiraopreto.com.br\/index.php\/2025\/09\/28\/chuvas-intensas-podem-atingir-parte-do-estado-de-sp-nesta-semana-veja-onde\/","url_meta":{"origin":81633,"position":3},"title":"Chuvas intensas podem atingir parte do estado de SP nesta semana; Veja onde","author":"noticiasribeiraopreto.com.br","date":"28 de September de 2025","format":false,"excerpt":"A meteorologia aponta a previs\u00e3o de instabilidades nos \u00faltimos dias de setembro, com potencial para chuvas intensas em parte do estado de S\u00e3o Paulo. Segundo a Meteored, uma frente fria se afasta para o oceano e perde intensidade sobre o centro-sul do pa\u00eds nesta segunda-feira (29). Contudo, uma regi\u00e3o inst\u00e1vel,\u2026","rel":"","context":"In &quot;Not\u00edcias de Ribeir\u00e3o Preto-SP e Regi\u00e3o&quot;","block_context":{"text":"Not\u00edcias de Ribeir\u00e3o Preto-SP e Regi\u00e3o","link":"https:\/\/noticiasribeiraopreto.com.br\/index.php\/category\/noticias-de-ribeirao-preto-sp-e-regiao-ismael-colosi\/"},"img":{"alt_text":"","src":"https:\/\/i0.wp.com\/noticiasribeiraopreto.com.br\/wp-content\/uploads\/2025\/08\/WhatsApp-Image-2025-05-09-at-08.55.28-1_2025-05-09_11-57-21.webp.webp?fit=1200%2C540&ssl=1&resize=350%2C200","width":350,"height":200,"srcset":"https:\/\/i0.wp.com\/noticiasribeiraopreto.com.br\/wp-content\/uploads\/2025\/08\/WhatsApp-Image-2025-05-09-at-08.55.28-1_2025-05-09_11-57-21.webp.webp?fit=1200%2C540&ssl=1&resize=350%2C200 1x, https:\/\/i0.wp.com\/noticiasribeiraopreto.com.br\/wp-content\/uploads\/2025\/08\/WhatsApp-Image-2025-05-09-at-08.55.28-1_2025-05-09_11-57-21.webp.webp?fit=1200%2C540&ssl=1&resize=525%2C300 1.5x, https:\/\/i0.wp.com\/noticiasribeiraopreto.com.br\/wp-content\/uploads\/2025\/08\/WhatsApp-Image-2025-05-09-at-08.55.28-1_2025-05-09_11-57-21.webp.webp?fit=1200%2C540&ssl=1&resize=700%2C400 2x, https:\/\/i0.wp.com\/noticiasribeiraopreto.com.br\/wp-content\/uploads\/2025\/08\/WhatsApp-Image-2025-05-09-at-08.55.28-1_2025-05-09_11-57-21.webp.webp?fit=1200%2C540&ssl=1&resize=1050%2C600 3x"},"classes":[]},{"id":61586,"url":"https:\/\/noticiasribeiraopreto.com.br\/index.php\/2024\/12\/16\/calor-ou-chuva-veja-previsao-para-ultima-semana-da-primavera-no-interior-de-sp\/","url_meta":{"origin":81633,"position":4},"title":"Calor ou chuva? Veja previs\u00e3o para \u00faltima semana da primavera no interior de SP","author":"noticiasribeiraopreto.com.br","date":"16 de December de 2024","format":false,"excerpt":"A \u00faltima semana da primavera ser\u00e1 marcada pelo calor e pancadas de chuva isolada em algumas regi\u00f5es do interior de S\u00e3o Paulo, de acordo com os meteorologistas. Uma nova frente fria avan\u00e7a lentamente pela regi\u00e3o Sudeste e continuar\u00e1 canalizando umidade da faixa norte do Brasil, o que contribuir\u00e1 para volumes\u2026","rel":"","context":"In &quot;Not\u00edcias de Ribeir\u00e3o Preto-SP e Regi\u00e3o&quot;","block_context":{"text":"Not\u00edcias de Ribeir\u00e3o Preto-SP e Regi\u00e3o","link":"https:\/\/noticiasribeiraopreto.com.br\/index.php\/category\/noticias-de-ribeirao-preto-sp-e-regiao-ismael-colosi\/"},"img":{"alt_text":"","src":"https:\/\/i0.wp.com\/noticiasribeiraopreto.com.br\/wp-content\/uploads\/2024\/11\/ceu-ribeirao-preto_2024-11-30_12-35-29_jpeg_2024-11-30_12-35-29.webp.webp?fit=1200%2C900&ssl=1&resize=350%2C200","width":350,"height":200,"srcset":"https:\/\/i0.wp.com\/noticiasribeiraopreto.com.br\/wp-content\/uploads\/2024\/11\/ceu-ribeirao-preto_2024-11-30_12-35-29_jpeg_2024-11-30_12-35-29.webp.webp?fit=1200%2C900&ssl=1&resize=350%2C200 1x, https:\/\/i0.wp.com\/noticiasribeiraopreto.com.br\/wp-content\/uploads\/2024\/11\/ceu-ribeirao-preto_2024-11-30_12-35-29_jpeg_2024-11-30_12-35-29.webp.webp?fit=1200%2C900&ssl=1&resize=525%2C300 1.5x, https:\/\/i0.wp.com\/noticiasribeiraopreto.com.br\/wp-content\/uploads\/2024\/11\/ceu-ribeirao-preto_2024-11-30_12-35-29_jpeg_2024-11-30_12-35-29.webp.webp?fit=1200%2C900&ssl=1&resize=700%2C400 2x, https:\/\/i0.wp.com\/noticiasribeiraopreto.com.br\/wp-content\/uploads\/2024\/11\/ceu-ribeirao-preto_2024-11-30_12-35-29_jpeg_2024-11-30_12-35-29.webp.webp?fit=1200%2C900&ssl=1&resize=1050%2C600 3x"},"classes":[]},{"id":62138,"url":"https:\/\/noticiasribeiraopreto.com.br\/index.php\/2025\/01\/04\/veja-quais-cidades-de-sp-tem-alerta-de-perigo-potencial-para-chuvas-intensas\/","url_meta":{"origin":81633,"position":5},"title":"Veja quais cidades de SP t\u00eam alerta de perigo potencial para chuvas intensas","author":"noticiasribeiraopreto.com.br","date":"4 de January de 2025","format":false,"excerpt":"Uma nova ZCAS (Zona de Converg\u00eancia do Atl\u00e2ntico Sul) est\u00e1 se formando neste final de semana e, de acordo com os meteorologistas, este \u00e9 o sistema que tem sido um dos principais respons\u00e1veis pelas chuvas do ver\u00e3o de 2025 at\u00e9 agora. Conforme a Climatempo, esse sistema \u00e9 caracterizado por uma\u2026","rel":"","context":"In &quot;Not\u00edcias de Ribeir\u00e3o Preto-SP e Regi\u00e3o&quot;","block_context":{"text":"Not\u00edcias de Ribeir\u00e3o Preto-SP e Regi\u00e3o","link":"https:\/\/noticiasribeiraopreto.com.br\/index.php\/category\/noticias-de-ribeirao-preto-sp-e-regiao-ismael-colosi\/"},"img":{"alt_text":"","src":"https:\/\/i0.wp.com\/noticiasribeiraopreto.com.br\/wp-content\/uploads\/2024\/11\/chuva_sexta_06_2024-11-29_16-33-16.webp.webp?fit=1024%2C768&ssl=1&resize=350%2C200","width":350,"height":200,"srcset":"https:\/\/i0.wp.com\/noticiasribeiraopreto.com.br\/wp-content\/uploads\/2024\/11\/chuva_sexta_06_2024-11-29_16-33-16.webp.webp?fit=1024%2C768&ssl=1&resize=350%2C200 1x, https:\/\/i0.wp.com\/noticiasribeiraopreto.com.br\/wp-content\/uploads\/2024\/11\/chuva_sexta_06_2024-11-29_16-33-16.webp.webp?fit=1024%2C768&ssl=1&resize=525%2C300 1.5x, https:\/\/i0.wp.com\/noticiasribeiraopreto.com.br\/wp-content\/uploads\/2024\/11\/chuva_sexta_06_2024-11-29_16-33-16.webp.webp?fit=1024%2C768&ssl=1&resize=700%2C400 2x"},"classes":[]}],"jetpack_sharing_enabled":true,"jetpack_shortlink":"https:\/\/wp.me\/peQAOb-leF","_links":{"self":[{"href":"https:\/\/noticiasribeiraopreto.com.br\/index.php\/wp-json\/wp\/v2\/posts\/81633","targetHints":{"allow":["GET"]}}],"collection":[{"href":"https:\/\/noticiasribeiraopreto.com.br\/index.php\/wp-json\/wp\/v2\/posts"}],"about":[{"href":"https:\/\/noticiasribeiraopreto.com.br\/index.php\/wp-json\/wp\/v2\/types\/post"}],"author":[{"embeddable":true,"href":"https:\/\/noticiasribeiraopreto.com.br\/index.php\/wp-json\/wp\/v2\/users\/1"}],"replies":[{"embeddable":true,"href":"https:\/\/noticiasribeiraopreto.com.br\/index.php\/wp-json\/wp\/v2\/comments?post=81633"}],"version-history":[{"count":0,"href":"https:\/\/noticiasribeiraopreto.com.br\/index.php\/wp-json\/wp\/v2\/posts\/81633\/revisions"}],"wp:featuredmedia":[{"embeddable":true,"href":"https:\/\/noticiasribeiraopreto.com.br\/index.php\/wp-json\/wp\/v2\/media\/79492"}],"wp:attachment":[{"href":"https:\/\/noticiasribeiraopreto.com.br\/index.php\/wp-json\/wp\/v2\/media?parent=81633"}],"wp:term":[{"taxonomy":"category","embeddable":true,"href":"https:\/\/noticiasribeiraopreto.com.br\/index.php\/wp-json\/wp\/v2\/categories?post=81633"},{"taxonomy":"post_tag","embeddable":true,"href":"https:\/\/noticiasribeiraopreto.com.br\/index.php\/wp-json\/wp\/v2\/tags?post=81633"}],"curies":[{"name":"wp","href":"https:\/\/api.w.org\/{rel}","templated":true}]}}