{"id":81634,"date":"2026-01-12T08:14:22","date_gmt":"2026-01-12T11:14:22","guid":{"rendered":"https:\/\/noticiasribeiraopreto.com.br\/index.php\/2026\/01\/12\/ribeirao-preto-lanca-programa-para-plantio-de-arvores-em-calcadas-de-residencias-saiba-como-participar\/"},"modified":"2026-01-12T08:14:22","modified_gmt":"2026-01-12T11:14:22","slug":"ribeirao-preto-lanca-programa-para-plantio-de-arvores-em-calcadas-de-residencias-saiba-como-participar","status":"publish","type":"post","link":"https:\/\/noticiasribeiraopreto.com.br\/index.php\/2026\/01\/12\/ribeirao-preto-lanca-programa-para-plantio-de-arvores-em-calcadas-de-residencias-saiba-como-participar\/","title":{"rendered":"Ribeir\u00e3o Preto lan\u00e7a programa para plantio de \u00e1rvores em cal\u00e7adas de resid\u00eancias; Saiba como participar"},"content":{"rendered":"<div class='code-block code-block-1' style='margin: 8px 0 8px auto; text-align: right; display: block; clear: both;'>\n<p><a href=\"https:\/\/wa.link\/vpicfd\"><img data-recalc-dims=\"1\" class=\"wp-image-4922\" style=\"aspect-ratio: 2.0253164556962027; width: 561px; height: auto;\" src=\"https:\/\/i0.wp.com\/ismaelcolosi.com.br\/wp-content\/uploads\/2023\/11\/grupo-de-empregos-whatsapp-e-facebook-ismael-colosi-vagas.jpg?ssl=1\" alt=\"\" \/><\/a><\/p>\n<!-- \/wp:image -->\n<\/div>\n<p> <br \/>\n<\/p>\n<div>\n<p>O <strong>prefeito Ricardo Silva (PSD)<\/strong> anunciou nas redes sociais o lan\u00e7amento do programa \u201c<strong>Click \u00c1rvore<\/strong>\u201d, que prev\u00ea o plantio de \u00e1rvore na cal\u00e7ada de resid\u00eancias de <strong>Ribeir\u00e3o Preto<\/strong>.<\/p>\n<p>A iniciativa tem o intuito de aproximar o morador do cuidado com o meio ambiente, oferecendo orienta\u00e7\u00e3o t\u00e9cnica, indica\u00e7\u00e3o da esp\u00e9cie adequada e o plantio gratuito de \u00e1rvores, <strong><mark style=\"background-color:#fcb900\" class=\"has-inline-color\">por meio de uma solicita\u00e7\u00e3o realizada pela internet<\/mark><\/strong> \u2014 veja abaixo.<\/p>\n<figure class=\"wp-block-pullquote\">\n<blockquote>\n<p>\u00c9 s\u00f3 voc\u00ea pedir pelo site da Prefeitura. Voc\u00ea vai poder escolher \u00e1rvore frut\u00edfera, \u00e1rvore com sombra boa, \u00e1rvore com flor, que n\u00f3s vamos plantar a\u00ed na sua cal\u00e7ada uma \u00e1rvore nova<\/p>\n<p><cite>Ricardo Silva<\/cite><\/p><\/blockquote>\n<\/figure>\n<h2 class=\"wp-block-heading\"><strong>Como funciona a solicita\u00e7\u00e3o?<\/strong><\/h2>\n<p>Conforme o <strong>site da Prefeitura de Ribeir\u00e3o Preto<\/strong>, os interessados devem preencher um formul\u00e1rio online para realizar a solicita\u00e7\u00e3o \u2013 <a href=\"https:\/\/www.ribeiraopreto.sp.gov.br\/portal\/meio-ambiente\/click-arvore-seu-pedido-planta-o-futuro\" target=\"_blank\" data-type=\"link\" data-id=\"https:\/\/www.ribeiraopreto.sp.gov.br\/portal\/meio-ambiente\/click-arvore-seu-pedido-planta-o-futuro\" rel=\"noreferrer noopener\">clique aqui para acessar<\/a>.<\/p>\n<p>Ap\u00f3s o pedido ser enviado, a equipe da Secretaria de Meio Ambiente, Agricultura e Sustentabilidade realiza uma <strong>avalia\u00e7\u00e3o completa do local<\/strong>, considerando a largura da cal\u00e7ada, a presen\u00e7a de fia\u00e7\u00e3o el\u00e9trica e o espa\u00e7o dispon\u00edvel para o desenvolvimento da \u00e1rvore.<\/p>\n<figure class=\"wp-block-pullquote\">\n<blockquote>\n<p>A prepara\u00e7\u00e3o do local e o plantio da muda s\u00e3o totalmente realizados pela Prefeitura, garantindo todas as etapas t\u00e9cnicas necess\u00e1rias para que a \u00e1rvore comece a se desenvolver da forma correta<\/p>\n<\/blockquote>\n<\/figure>\n<p>Ainda de acordo com a Prefeitura,<strong> o morador pode indicar a esp\u00e9cie de sua prefer\u00eancia<\/strong> com base no cat\u00e1logo disponibilizado pelo programa, no entanto, <strong>a escolha passa por an\u00e1lise t\u00e9cnica<\/strong>.<\/p>\n<p>Nessa an\u00e1lise s\u00e3o avaliados fatores como as <strong>caracter\u00edsticas da cal\u00e7ada<\/strong>, a <strong>exist\u00eancia de fia\u00e7\u00e3o<\/strong>, a <strong>disponibilidade de mudas no Horto Municipal<\/strong> e as <strong>condi\u00e7\u00f5es ideais para que a \u00e1rvore cres\u00e7a de forma segura e saud\u00e1vel<\/strong>. A partir disso, a Prefeitura confirma ou ajusta a escolha, priorizando a harmonia e a seguran\u00e7a do espa\u00e7o urbano.<\/p>\n<p>Ap\u00f3s o plantio, <strong>o cuidado di\u00e1rio da muda passa a ser responsabilidade do solicitante<\/strong>, que deve garantir a manuten\u00e7\u00e3o b\u00e1sica nos primeiros meses, etapa fundamental para o pleno desenvolvimento da \u00e1rvore.<\/p>\n<hr class=\"wp-block-separator has-alpha-channel-opacity\"\/>\n<p>SAIBA MAIS<\/p>\n<p>Entenda por que trecho da Abr\u00e3o Assed em Ribeir\u00e3o Preto ficou de fora de leil\u00e3o<\/p>\n<h2 class=\"wp-block-heading\"><strong>FIQUE ON<\/strong><\/h2>\n<p>Fique ligado em tudo que acontece em Ribeir\u00e3o Preto e regi\u00e3o. Siga os perfis do\u00a0<strong>acidade on\u00a0<\/strong>no<a href=\"https:\/\/www.instagram.com\/acidadeonribeirao\" target=\"_blank\" rel=\"noreferrer noopener\">\u00a0Instagram\u00a0<\/a>e no\u00a0<a href=\"https:\/\/www.facebook.com\/acidadeonribeirao\/\" target=\"_blank\" rel=\"noreferrer noopener\">Facebook<\/a>.<\/p>\n<p>Receba not\u00edcias do\u00a0<strong>acidade on\u00a0<\/strong>no WhatsApp. Para entrar no grupo,\u00a0basta<a href=\"https:\/\/chat.whatsapp.com\/GFH9HUMUTHNFJdnyEd0xxq\" target=\"_blank\" rel=\"noreferrer noopener\">\u00a0clicar aqui<\/a>. Ou, acesse o nosso\u00a0Canal\u00a0<a href=\"https:\/\/whatsapp.com\/channel\/0029Vb6IQl1JENyAeS57fk2p\" target=\"_blank\" rel=\"noreferrer noopener\">clicando aqui<\/a>.<\/p>\n<p>Fa\u00e7a uma den\u00fancia ou sugira uma reportagem sobre Ribeir\u00e3o Preto e regi\u00e3o pelo WhatsApp: 16 99117 7802.<\/p>\n<p>VEJA TAMB\u00c9M<\/p>\n<p>Quando estreia o 2\u00ba epis\u00f3dio da segunda temporada de \u2018The Pitt\u2019?<\/p>\n<p><!-- AI CONTENT END 1 -->\n<\/div>\n<p><script async src=\"\/\/www.instagram.com\/embed.js\"><\/script><br \/>\n<br \/><br \/>\n<br \/><a href=\"https:\/\/www.acidadeon.com\/ribeiraopreto\/politica\/ribeirao-preto-lanca-programa-para-plantio-de-arvores-em-calcadas-de-residencias-saiba-como-participar\/\">Source link <\/a><\/p>\n<!-- CONTENT END 1 -->\n","protected":false},"excerpt":{"rendered":"<p>O prefeito Ricardo Silva (PSD) anunciou nas redes sociais o lan\u00e7amento do programa \u201cClick \u00c1rvore\u201d, que prev\u00ea o plantio de \u00e1rvore na cal\u00e7ada de resid\u00eancias&#8230;<\/p>\n","protected":false},"author":1,"featured_media":75436,"comment_status":"open","ping_status":"open","sticky":false,"template":"","format":"standard","meta":{"advanced_seo_description":"","jetpack_seo_html_title":"","jetpack_seo_noindex":false,"jetpack_post_was_ever_published":false,"_jetpack_newsletter_access":"","_jetpack_dont_email_post_to_subs":false,"_jetpack_newsletter_tier_id":0,"_jetpack_memberships_contains_paywalled_content":false,"_jetpack_memberships_contains_paid_content":false,"footnotes":"","jetpack_publicize_message":"","jetpack_publicize_feature_enabled":true,"jetpack_social_post_already_shared":true,"jetpack_social_options":{"image_generator_settings":{"template":"highway","default_image_id":0,"font":"","enabled":false},"version":2}},"categories":[11],"tags":[],"class_list":["post-81634","post","type-post","status-publish","format-standard","has-post-thumbnail","hentry","category-noticias-de-ribeirao-preto-sp-e-regiao-ismael-colosi"],"jetpack_publicize_connections":[],"jetpack_featured_media_url":"https:\/\/i0.wp.com\/noticiasribeiraopreto.com.br\/wp-content\/uploads\/2025\/08\/licenciamento_ambiental_-_foto_guilherme_sircili_150texto_2025-05-07_15-31-40.webp.webp?fit=1200%2C800&ssl=1","jetpack-related-posts":[{"id":84973,"url":"https:\/\/noticiasribeiraopreto.com.br\/index.php\/2026\/04\/19\/chuvas-e-ventos-derrubaram-quase-300-arvores-neste-ano\/","url_meta":{"origin":81634,"position":0},"title":"Chuvas e ventos derrubaram quase 300 \u00e1rvores neste ano","author":"noticiasribeiraopreto.com.br","date":"19 de April de 2026","format":false,"excerpt":"Dados da Prefeitura de Ribeir\u00e3o Preto, levantados a pedido do Tribuna Ribeir\u00e3o, revelam que a cidade registrou, nos tr\u00eas primeiros meses deste ano \u2014 janeiro a mar\u00e7o \u2014, a queda de 272 \u00e1rvores em ruas, avenidas, pra\u00e7as e \u00e1reas p\u00fablicas. Uma m\u00e9dia de tr\u00eas por dia. Segundo a Prefeitura, a\u2026","rel":"","context":"In &quot;Not\u00edcias de Ribeir\u00e3o Preto-SP e Regi\u00e3o&quot;","block_context":{"text":"Not\u00edcias de Ribeir\u00e3o Preto-SP e Regi\u00e3o","link":"https:\/\/noticiasribeiraopreto.com.br\/index.php\/category\/noticias-de-ribeirao-preto-sp-e-regiao-ismael-colosi\/"},"img":{"alt_text":"","src":"https:\/\/i0.wp.com\/noticiasribeiraopreto.com.br\/wp-content\/uploads\/2026\/04\/queda-de-arvores_alfredo-risk-1-scaled.jpg?fit=1170%2C780&ssl=1&resize=350%2C200","width":350,"height":200,"srcset":"https:\/\/i0.wp.com\/noticiasribeiraopreto.com.br\/wp-content\/uploads\/2026\/04\/queda-de-arvores_alfredo-risk-1-scaled.jpg?fit=1170%2C780&ssl=1&resize=350%2C200 1x, https:\/\/i0.wp.com\/noticiasribeiraopreto.com.br\/wp-content\/uploads\/2026\/04\/queda-de-arvores_alfredo-risk-1-scaled.jpg?fit=1170%2C780&ssl=1&resize=525%2C300 1.5x, https:\/\/i0.wp.com\/noticiasribeiraopreto.com.br\/wp-content\/uploads\/2026\/04\/queda-de-arvores_alfredo-risk-1-scaled.jpg?fit=1170%2C780&ssl=1&resize=700%2C400 2x, https:\/\/i0.wp.com\/noticiasribeiraopreto.com.br\/wp-content\/uploads\/2026\/04\/queda-de-arvores_alfredo-risk-1-scaled.jpg?fit=1170%2C780&ssl=1&resize=1050%2C600 3x"},"classes":[]},{"id":61105,"url":"https:\/\/noticiasribeiraopreto.com.br\/index.php\/2024\/12\/03\/avenida-de-ribeirao-ganha-novas-arvores-como-parte-de-compensacao-ambiental\/","url_meta":{"origin":81634,"position":1},"title":"Avenida de Ribeir\u00e3o ganha novas \u00e1rvores como parte de compensa\u00e7\u00e3o ambiental","author":"noticiasribeiraopreto.com.br","date":"3 de December de 2024","format":false,"excerpt":"Novas mudas de \u00e1rvores est\u00e3o sendo plantadas ao longo da avenida Maur\u00edlio Biagi como parte da compensa\u00e7\u00e3o ambiental do projeto Ribeir\u00e3o Mobilidade, que construiu uma ciclovia entre as avenidas Presidente Kennedy e Maur\u00edlio Biagi. No ano passado, a Secretaria Municipal de Meio Ambiente informou ao portal acidade on que esp\u00e9cies\u2026","rel":"","context":"In &quot;Not\u00edcias de Ribeir\u00e3o Preto-SP e Regi\u00e3o&quot;","block_context":{"text":"Not\u00edcias de Ribeir\u00e3o Preto-SP e Regi\u00e3o","link":"https:\/\/noticiasribeiraopreto.com.br\/index.php\/category\/noticias-de-ribeirao-preto-sp-e-regiao-ismael-colosi\/"},"img":{"alt_text":"","src":"https:\/\/i0.wp.com\/noticiasribeiraopreto.com.br\/wp-content\/uploads\/2024\/12\/WhatsApp-Image-2024-12-03-at-15.58.01_2024-12-03_19-03-39_jpeg_2024-12-03_19-03-40.webp.webp?fit=1200%2C540&ssl=1&resize=350%2C200","width":350,"height":200,"srcset":"https:\/\/i0.wp.com\/noticiasribeiraopreto.com.br\/wp-content\/uploads\/2024\/12\/WhatsApp-Image-2024-12-03-at-15.58.01_2024-12-03_19-03-39_jpeg_2024-12-03_19-03-40.webp.webp?fit=1200%2C540&ssl=1&resize=350%2C200 1x, https:\/\/i0.wp.com\/noticiasribeiraopreto.com.br\/wp-content\/uploads\/2024\/12\/WhatsApp-Image-2024-12-03-at-15.58.01_2024-12-03_19-03-39_jpeg_2024-12-03_19-03-40.webp.webp?fit=1200%2C540&ssl=1&resize=525%2C300 1.5x, https:\/\/i0.wp.com\/noticiasribeiraopreto.com.br\/wp-content\/uploads\/2024\/12\/WhatsApp-Image-2024-12-03-at-15.58.01_2024-12-03_19-03-39_jpeg_2024-12-03_19-03-40.webp.webp?fit=1200%2C540&ssl=1&resize=700%2C400 2x, https:\/\/i0.wp.com\/noticiasribeiraopreto.com.br\/wp-content\/uploads\/2024\/12\/WhatsApp-Image-2024-12-03-at-15.58.01_2024-12-03_19-03-39_jpeg_2024-12-03_19-03-40.webp.webp?fit=1200%2C540&ssl=1&resize=1050%2C600 3x"},"classes":[]},{"id":13550,"url":"https:\/\/noticiasribeiraopreto.com.br\/index.php\/2023\/12\/10\/abaixo-assinado-pede-mais-arvores-em-ribeirao\/","url_meta":{"origin":81634,"position":2},"title":"Abaixo-assinado pede mais \u00e1rvores em Ribeir\u00e3o\u00a0","author":"noticiasribeiraopreto.com.br","date":"10 de December de 2023","format":false,"excerpt":"Um abaixo assinado com 5.337 assinaturas coletadas pela Organiza\u00e7\u00e3o N\u00e3o Governamental (ONG) Associa\u00e7\u00e3o Cultural e Ecol\u00f3gica Pau Brasil pede que a prefeitura de Ribeir\u00e3o Preto invista recursos no plantio de \u00e1rvores. A entidade comanda a Campanha \u201cT\u00e1 com Calor? Plante \u00e1rvores\u201d.\u00a0\u00a0Na ter\u00e7a-feira, 5 de dezembro, o grupo entregou o documento\u2026","rel":"","context":"In &quot;Not\u00edcias de Ribeir\u00e3o Preto-SP e Regi\u00e3o&quot;","block_context":{"text":"Not\u00edcias de Ribeir\u00e3o Preto-SP e Regi\u00e3o","link":"https:\/\/noticiasribeiraopreto.com.br\/index.php\/category\/noticias-de-ribeirao-preto-sp-e-regiao-ismael-colosi\/"},"img":{"alt_text":"","src":"https:\/\/i0.wp.com\/noticiasribeiraopreto.com.br\/wp-content\/uploads\/2023\/12\/arvores-scaled.jpg?fit=967%2C645&ssl=1&resize=350%2C200","width":350,"height":200,"srcset":"https:\/\/i0.wp.com\/noticiasribeiraopreto.com.br\/wp-content\/uploads\/2023\/12\/arvores-scaled.jpg?fit=967%2C645&ssl=1&resize=350%2C200 1x, https:\/\/i0.wp.com\/noticiasribeiraopreto.com.br\/wp-content\/uploads\/2023\/12\/arvores-scaled.jpg?fit=967%2C645&ssl=1&resize=525%2C300 1.5x, https:\/\/i0.wp.com\/noticiasribeiraopreto.com.br\/wp-content\/uploads\/2023\/12\/arvores-scaled.jpg?fit=967%2C645&ssl=1&resize=700%2C400 2x"},"classes":[]},{"id":77442,"url":"https:\/\/noticiasribeiraopreto.com.br\/index.php\/2025\/09\/18\/programacao-do-dia-da-arvore-tem-oficinas-musica-food-truck-e-plantio-de-mudas\/","url_meta":{"origin":81634,"position":3},"title":"Programa\u00e7\u00e3o do Dia da \u00c1rvore tem oficinas, m\u00fasica, food truck e plantio de mudas","author":"noticiasribeiraopreto.com.br","date":"18 de September de 2025","format":false,"excerpt":"Ribeir\u00e3o Preto conta com diversas atividades em comemora\u00e7\u00e3o ao Dia da \u00c1rvore, que acontece no pr\u00f3ximo domingo (21). Entre as a\u00e7\u00f5es, est\u00e3o uma corrida com op\u00e7\u00f5es de m\u00fasica ao vivo e food truck, plantio de mudas e conta\u00e7\u00e3o de hist\u00f3rias. Confira a programa\u00e7\u00e3o A Secretaria de Meio Ambiente de Ribeir\u00e3o\u2026","rel":"","context":"In &quot;Not\u00edcias de Ribeir\u00e3o Preto-SP e Regi\u00e3o&quot;","block_context":{"text":"Not\u00edcias de Ribeir\u00e3o Preto-SP e Regi\u00e3o","link":"https:\/\/noticiasribeiraopreto.com.br\/index.php\/category\/noticias-de-ribeirao-preto-sp-e-regiao-ismael-colosi\/"},"img":{"alt_text":"","src":"https:\/\/i0.wp.com\/noticiasribeiraopreto.com.br\/wp-content\/uploads\/2025\/09\/plantio_mudas_-_foto_guilherme_sircili_3_2025-09-17_22-58-51.webp.webp?fit=1200%2C799&ssl=1&resize=350%2C200","width":350,"height":200,"srcset":"https:\/\/i0.wp.com\/noticiasribeiraopreto.com.br\/wp-content\/uploads\/2025\/09\/plantio_mudas_-_foto_guilherme_sircili_3_2025-09-17_22-58-51.webp.webp?fit=1200%2C799&ssl=1&resize=350%2C200 1x, https:\/\/i0.wp.com\/noticiasribeiraopreto.com.br\/wp-content\/uploads\/2025\/09\/plantio_mudas_-_foto_guilherme_sircili_3_2025-09-17_22-58-51.webp.webp?fit=1200%2C799&ssl=1&resize=525%2C300 1.5x, https:\/\/i0.wp.com\/noticiasribeiraopreto.com.br\/wp-content\/uploads\/2025\/09\/plantio_mudas_-_foto_guilherme_sircili_3_2025-09-17_22-58-51.webp.webp?fit=1200%2C799&ssl=1&resize=700%2C400 2x, https:\/\/i0.wp.com\/noticiasribeiraopreto.com.br\/wp-content\/uploads\/2025\/09\/plantio_mudas_-_foto_guilherme_sircili_3_2025-09-17_22-58-51.webp.webp?fit=1200%2C799&ssl=1&resize=1050%2C600 3x"},"classes":[]},{"id":68169,"url":"https:\/\/noticiasribeiraopreto.com.br\/index.php\/2025\/04\/23\/ribeirao-preto-recebe-selo-da-fao\/","url_meta":{"origin":81634,"position":4},"title":"Ribeir\u00e3o Preto recebe selo da FAO\u00a0","author":"noticiasribeiraopreto.com.br","date":"23 de April de 2025","format":false,"excerpt":"Ribeir\u00e3o Preto est\u00e1 entre as cidades brasileiras reconhecidas pela Organiza\u00e7\u00e3o das Na\u00e7\u00f5es Unidas para a Alimenta\u00e7\u00e3o e Agricultura (FAO) com o selo internacional \u201cCidade Verde do Mundo\u201d. A premia\u00e7\u00e3o foi anunciada na semana passada e contemplou 34 munic\u00edpios do pa\u00eds, sendo 14 do estado de S\u00e3o Paulo.\u00a0 Conhecido internacionalmente como\u2026","rel":"","context":"In &quot;Not\u00edcias de Ribeir\u00e3o Preto-SP e Regi\u00e3o&quot;","block_context":{"text":"Not\u00edcias de Ribeir\u00e3o Preto-SP e Regi\u00e3o","link":"https:\/\/noticiasribeiraopreto.com.br\/index.php\/category\/noticias-de-ribeirao-preto-sp-e-regiao-ismael-colosi\/"},"img":{"alt_text":"","src":"https:\/\/i0.wp.com\/noticiasribeiraopreto.com.br\/wp-content\/uploads\/2025\/04\/VerdeRP-FL-Piton-Arquivo.jpg?fit=1200%2C625&ssl=1&resize=350%2C200","width":350,"height":200,"srcset":"https:\/\/i0.wp.com\/noticiasribeiraopreto.com.br\/wp-content\/uploads\/2025\/04\/VerdeRP-FL-Piton-Arquivo.jpg?fit=1200%2C625&ssl=1&resize=350%2C200 1x, https:\/\/i0.wp.com\/noticiasribeiraopreto.com.br\/wp-content\/uploads\/2025\/04\/VerdeRP-FL-Piton-Arquivo.jpg?fit=1200%2C625&ssl=1&resize=525%2C300 1.5x, https:\/\/i0.wp.com\/noticiasribeiraopreto.com.br\/wp-content\/uploads\/2025\/04\/VerdeRP-FL-Piton-Arquivo.jpg?fit=1200%2C625&ssl=1&resize=700%2C400 2x, https:\/\/i0.wp.com\/noticiasribeiraopreto.com.br\/wp-content\/uploads\/2025\/04\/VerdeRP-FL-Piton-Arquivo.jpg?fit=1200%2C625&ssl=1&resize=1050%2C600 3x"},"classes":[]},{"id":78662,"url":"https:\/\/noticiasribeiraopreto.com.br\/index.php\/2025\/10\/15\/ribeirao-preto-recebe-acao-de-plantio-de-arvores-aberta-ao-publico-veja-quando\/","url_meta":{"origin":81634,"position":5},"title":"Ribeir\u00e3o Preto recebe a\u00e7\u00e3o de plantio de \u00e1rvores aberta ao p\u00fablico; veja quando","author":"noticiasribeiraopreto.com.br","date":"15 de October de 2025","format":false,"excerpt":"O projeto ArboreSer realiza neste s\u00e1bado (18), a partir das 8h30, uma a\u00e7\u00e3o gratuita de plantio de \u00e1rvores aberta ao p\u00fablico na Pra\u00e7a da Carambola, no Jardim Nova Alian\u00e7a Sul, em Ribeir\u00e3o Preto. A atividade marca o in\u00edcio da temporada 2025\/2026 de reflorestamento urbano e celebra 18 anos de mobiliza\u00e7\u00e3o\u2026","rel":"","context":"In &quot;Not\u00edcias de Ribeir\u00e3o Preto-SP e Regi\u00e3o&quot;","block_context":{"text":"Not\u00edcias de Ribeir\u00e3o Preto-SP e Regi\u00e3o","link":"https:\/\/noticiasribeiraopreto.com.br\/index.php\/category\/noticias-de-ribeirao-preto-sp-e-regiao-ismael-colosi\/"},"img":{"alt_text":"","src":"https:\/\/i0.wp.com\/noticiasribeiraopreto.com.br\/wp-content\/uploads\/2025\/10\/Copia-de-Copia-de-Copia-de-TAMANHO-EXATO-PARA-FOTOS-NO-SISTEMA-NOVO-2025-10-15T150303.352_2025-10-15_18-03-31.webp.webp?fit=1200%2C675&ssl=1&resize=350%2C200","width":350,"height":200,"srcset":"https:\/\/i0.wp.com\/noticiasribeiraopreto.com.br\/wp-content\/uploads\/2025\/10\/Copia-de-Copia-de-Copia-de-TAMANHO-EXATO-PARA-FOTOS-NO-SISTEMA-NOVO-2025-10-15T150303.352_2025-10-15_18-03-31.webp.webp?fit=1200%2C675&ssl=1&resize=350%2C200 1x, https:\/\/i0.wp.com\/noticiasribeiraopreto.com.br\/wp-content\/uploads\/2025\/10\/Copia-de-Copia-de-Copia-de-TAMANHO-EXATO-PARA-FOTOS-NO-SISTEMA-NOVO-2025-10-15T150303.352_2025-10-15_18-03-31.webp.webp?fit=1200%2C675&ssl=1&resize=525%2C300 1.5x, https:\/\/i0.wp.com\/noticiasribeiraopreto.com.br\/wp-content\/uploads\/2025\/10\/Copia-de-Copia-de-Copia-de-TAMANHO-EXATO-PARA-FOTOS-NO-SISTEMA-NOVO-2025-10-15T150303.352_2025-10-15_18-03-31.webp.webp?fit=1200%2C675&ssl=1&resize=700%2C400 2x, https:\/\/i0.wp.com\/noticiasribeiraopreto.com.br\/wp-content\/uploads\/2025\/10\/Copia-de-Copia-de-Copia-de-TAMANHO-EXATO-PARA-FOTOS-NO-SISTEMA-NOVO-2025-10-15T150303.352_2025-10-15_18-03-31.webp.webp?fit=1200%2C675&ssl=1&resize=1050%2C600 3x"},"classes":[]}],"jetpack_sharing_enabled":true,"jetpack_shortlink":"https:\/\/wp.me\/peQAOb-leG","_links":{"self":[{"href":"https:\/\/noticiasribeiraopreto.com.br\/index.php\/wp-json\/wp\/v2\/posts\/81634","targetHints":{"allow":["GET"]}}],"collection":[{"href":"https:\/\/noticiasribeiraopreto.com.br\/index.php\/wp-json\/wp\/v2\/posts"}],"about":[{"href":"https:\/\/noticiasribeiraopreto.com.br\/index.php\/wp-json\/wp\/v2\/types\/post"}],"author":[{"embeddable":true,"href":"https:\/\/noticiasribeiraopreto.com.br\/index.php\/wp-json\/wp\/v2\/users\/1"}],"replies":[{"embeddable":true,"href":"https:\/\/noticiasribeiraopreto.com.br\/index.php\/wp-json\/wp\/v2\/comments?post=81634"}],"version-history":[{"count":0,"href":"https:\/\/noticiasribeiraopreto.com.br\/index.php\/wp-json\/wp\/v2\/posts\/81634\/revisions"}],"wp:featuredmedia":[{"embeddable":true,"href":"https:\/\/noticiasribeiraopreto.com.br\/index.php\/wp-json\/wp\/v2\/media\/75436"}],"wp:attachment":[{"href":"https:\/\/noticiasribeiraopreto.com.br\/index.php\/wp-json\/wp\/v2\/media?parent=81634"}],"wp:term":[{"taxonomy":"category","embeddable":true,"href":"https:\/\/noticiasribeiraopreto.com.br\/index.php\/wp-json\/wp\/v2\/categories?post=81634"},{"taxonomy":"post_tag","embeddable":true,"href":"https:\/\/noticiasribeiraopreto.com.br\/index.php\/wp-json\/wp\/v2\/tags?post=81634"}],"curies":[{"name":"wp","href":"https:\/\/api.w.org\/{rel}","templated":true}]}}