{"id":81635,"date":"2026-01-12T08:22:41","date_gmt":"2026-01-12T11:22:41","guid":{"rendered":"https:\/\/noticiasribeiraopreto.com.br\/index.php\/2026\/01\/12\/relembre-os-participantes-do-bbb-de-ribeirao-elenco-de-2026-sera-anunciado-neste-domingo\/"},"modified":"2026-01-12T08:22:41","modified_gmt":"2026-01-12T11:22:41","slug":"relembre-os-participantes-do-bbb-de-ribeirao-elenco-de-2026-sera-anunciado-neste-domingo","status":"publish","type":"post","link":"https:\/\/noticiasribeiraopreto.com.br\/index.php\/2026\/01\/12\/relembre-os-participantes-do-bbb-de-ribeirao-elenco-de-2026-sera-anunciado-neste-domingo\/","title":{"rendered":"Relembre os participantes do BBB de Ribeir\u00e3o; Elenco de 2026 ser\u00e1 anunciado neste domingo"},"content":{"rendered":"<div class='code-block code-block-1' style='margin: 8px 0 8px auto; text-align: right; display: block; clear: both;'>\n<p><a href=\"https:\/\/wa.link\/vpicfd\"><img data-recalc-dims=\"1\" class=\"wp-image-4922\" style=\"aspect-ratio: 2.0253164556962027; width: 561px; height: auto;\" src=\"https:\/\/i0.wp.com\/ismaelcolosi.com.br\/wp-content\/uploads\/2023\/11\/grupo-de-empregos-whatsapp-e-facebook-ismael-colosi-vagas.jpg?ssl=1\" alt=\"\" \/><\/a><\/p>\n<!-- \/wp:image -->\n<\/div>\n<p> <br \/>\n<\/p>\n<div>\n<p>O <strong>Big Brother Brasil 2026<\/strong> est\u00e1 prestes a anunciar os participantes escolhidos pelo p\u00fablico para participar da nova edi\u00e7\u00e3o da \u201ccasa mais vigiado do Brasil\u201d.<\/p>\n<p>O <strong>resultado dos selecionados da Casa de Vidro<\/strong> ser\u00e1 divulgado neste domingo (11), durante o programa <strong>Sele\u00e7\u00e3o BBB<\/strong>, exibido pela <strong>TV Globo\/ EPTV<\/strong>, e os integrantes dos grupos Camarote e Veteranos ser\u00e3o apresentados na segunda-feira (12), dia da estreia do programa.<\/p>\n<p>A divulga\u00e7\u00e3o dos novos participantes do BBB desperta a curiosidade sobre quem j\u00e1 passou pelo reality. <mark style=\"background-color:#fcb900\" class=\"has-inline-color\">Desde 2002, mais de 400 pessoas participaram do programa, entre elas <strong>moradores de Ribeir\u00e3o Preto<\/strong> \u2014 e um deles foi campe\u00e3o.<\/mark><\/p>\n<div class=\"wp-block-image\">\n<figure class=\"aligncenter size-large is-resized\"><img data-recalc-dims=\"1\" fetchpriority=\"high\" decoding=\"async\" width=\"1024\" height=\"575\" src=\"https:\/\/i0.wp.com\/cdn.media-acidadeon.com.br\/ribeiraopreto\/wp-content\/uploads\/sites\/3\/2023\/09\/WhatsApp-Image-2023-09-15-at-17.26.59-1024x575.jpeg?resize=1024%2C575&#038;ssl=1\" alt=\"Tadeu Schmidt comanda o BBB 26 - Foto: Globo \/ Sergio Zalis.\" class=\"wp-image-49214\" style=\"width:654px\" title=\"Relembre os participantes do BBB de Ribeir\u00e3o; Elenco de 2026 ser\u00e1 anunciado neste domingo 1\" srcset=\"https:\/\/cdn.media-acidadeon.com.br\/ribeiraopreto\/wp-content\/uploads\/sites\/3\/2023\/09\/WhatsApp-Image-2023-09-15-at-17.26.59-1024x575.jpeg 1024w, https:\/\/cdn.media-acidadeon.com.br\/ribeiraopreto\/wp-content\/uploads\/sites\/3\/2023\/09\/WhatsApp-Image-2023-09-15-at-17.26.59-300x169.jpeg 300w, https:\/\/cdn.media-acidadeon.com.br\/ribeiraopreto\/wp-content\/uploads\/sites\/3\/2023\/09\/WhatsApp-Image-2023-09-15-at-17.26.59-768x431.jpeg 768w, https:\/\/cdn.media-acidadeon.com.br\/ribeiraopreto\/wp-content\/uploads\/sites\/3\/2023\/09\/WhatsApp-Image-2023-09-15-at-17.26.59-696x391.jpeg 696w, https:\/\/cdn.media-acidadeon.com.br\/ribeiraopreto\/wp-content\/uploads\/sites\/3\/2023\/09\/WhatsApp-Image-2023-09-15-at-17.26.59-1068x600.jpeg 1068w, https:\/\/cdn.media-acidadeon.com.br\/ribeiraopreto\/wp-content\/uploads\/sites\/3\/2023\/09\/WhatsApp-Image-2023-09-15-at-17.26.59.jpeg 1280w\" sizes=\"(max-width: 1024px) 100vw, 1024px\"\/><figcaption class=\"wp-element-caption\">Tadeu Schmidt comanda o BBB 26 \u2013 Foto: Globo \/ Sergio Zalis.<\/figcaption><\/figure>\n<\/div>\n<h2 class=\"wp-block-heading\"><strong>Confira os moradores de Ribeir\u00e3o Preto que passaram pelo BBB<\/strong><\/h2>\n<h3 class=\"wp-block-heading\"><strong><mark style=\"background-color:#fcb900\" class=\"has-inline-color\">Rodrigo Leonel \u2013 Cowboy (BBB2)<\/mark><\/strong><\/h3>\n<p>O domador de cavalos\u00a0<strong>Rodrigo Leonel<\/strong>\u00a0representou\u00a0<strong>Ribeir\u00e3o Preto<\/strong>\u00a0na\u00a0<strong>segunda edi\u00e7\u00e3o do reality show<\/strong>. Ficou conhecido como Cowboy e foi o grande campe\u00e3o do reality, faturando um pr\u00eamio de <strong>R$ 500 mil.<\/strong><\/p>\n<p>Em entrevista\u00a0<strong>exclusiva ao acidade on<\/strong>, em 2022,\u00a0<strong>Rodrigo\u00a0<\/strong>contou que projetava construir um centro equestre com o dinheiro do pr\u00eamio, no entanto, o valor n\u00e3o foi suficiente. Atualmente, Cowboy se dedica ao ramo imobili\u00e1rio.<\/p>\n<h3 class=\"wp-block-heading\"><strong><mark style=\"background-color:#fcb900\" class=\"has-inline-color\">Rog\u00e9rio Padovan \u2013 Doutor G\u00ea (BBB5)<\/mark><\/strong><\/h3>\n<p>Considerado o \u201cvil\u00e3o\u201d da quinta edi\u00e7\u00e3o do Big Brother Brasil, o m\u00e9dico\u00a0<strong>Rog\u00e9rio Padovan<\/strong>, conhecido como\u00a0<strong>Doutor G\u00ea<\/strong>, ficou quatro semanas no programa e se tornou um dos participantes mais lembrados pelo p\u00fablico do reality show.<\/p>\n<p>Atualmente <strong>Rog\u00e9rio <\/strong>\u00e9 empres\u00e1rio e continua trabalhando com medicina. Ele possui duas cl\u00ednicas voltadas para os cuidados esportivos em S\u00e3o Paulo.<\/p>\n<h3 class=\"wp-block-heading\"><strong><mark style=\"background-color:#fcb900\" class=\"has-inline-color\">Cacau Colucci (BBB10)<\/mark><\/strong><\/h3>\n<p>A modelo <strong>Cacau Colucci<\/strong>\u00a0foi quem representou\u00a0<strong>Ribeir\u00e3o Preto<\/strong>\u00a0na<strong>\u00a0edi\u00e7\u00e3o de 2010 do Big Brother Brasil<\/strong>. Ela foi a oitava eliminada do reality, com 62% dos votos. Em 2020, a ex-sister\u00a0<a href=\"https:\/\/gshow.globo.com\/realities\/bbb\/bbb19\/noticia\/cacau-colucci-relembra-bbb10-rezei-e-pedi-muito-a-deus-por-essa-chance.ghtml\" target=\"_blank\" rel=\"noreferrer noopener\">contou ao\u00a0<strong>gshow\u00a0<\/strong><\/a>que teve o\u00a0<strong>seu sonho realizado<\/strong>\u00a0ao participar da d\u00e9cima edi\u00e7\u00e3o do programa. <\/p>\n<p>Cacau foi diagnosticada com c\u00e2ncer de tireoide em 2016, por\u00e9m, est\u00e1 totalmente curada. \u00c9 casada com o deputado federal e delegado Bruno Lima, e atualmente<strong>\u00a0<\/strong>\u00e9 influenciadora digital.<\/p>\n<p><strong><mark style=\"background-color:#fcb900\" class=\"has-inline-color\">Fabiana Teixeira (BBB12)<\/mark><\/strong><\/p>\n<p><strong>Fabiana Teixeira<\/strong>, a\u00a0<strong>mama<\/strong>, foi vice-campe\u00e3 do BBB e representou\u00a0<strong>Ribeir\u00e3o Preto<\/strong>\u00a0na\u00a0<strong>12\u00ba edi\u00e7\u00e3o do programa<\/strong>. A jornalista e apresentadora disputou a final ao lado de\u00a0<strong>Fael\u00a0<\/strong>e recebeu 8% dos votos.<\/p>\n<p>Foi considerada uma das melhores jogadores do programa, de acordo com\u00a0<strong>Boninho<\/strong>, ex-diretor do programa, que publicou em uma de suas redes sociais \u201cMama best player in all BBB\u201d [em tradu\u00e7\u00e3o livre: Mama melhor jogadora de todo BBB]. Atualmente \u00e9 influenciadora digital e compartilha sua rotina nas redes sociais.<\/p>\n<h3 class=\"wp-block-heading\"><strong><mark style=\"background-color:#fcb900\" class=\"has-inline-color\">Gabriela Hebling (BBB19)<\/mark><\/strong><\/h3>\n<p><strong>Gabriela Hebling<\/strong> foi a moradora de\u00a0<strong>Ribeir\u00e3o Preto<\/strong>\u00a0que participou da\u00a0<strong>19\u00aa edi\u00e7\u00e3o do reality show<\/strong>. Ela foi eliminada na reta final do programa, com 60,64% dos votos.<\/p>\n<p>Em sua passagem, Gabi defendeu bandeiras sociais e foi a participante escolhida pelo p\u00fablico para ser\u00a0<strong>salva do pared\u00e3o<\/strong>. Al\u00e9m de ser criadora de conte\u00fado,\u00a0\u00e9 designer, artista pl\u00e1stica, DJ, percussionista.<\/p>\n<h3 class=\"wp-block-heading\"><strong><mark style=\"background-color:#fcb900\" class=\"has-inline-color\">Gabriel Tavares \u2013 Fop (BBB23)<\/mark><\/strong><\/h3>\n<p>O modelo e administrador<strong>\u00a0Gabriel Tavares<\/strong>, nasceu em\u00a0<strong>Ribeir\u00e3o Preto<\/strong>, mas morava em Florian\u00f3polis quando conseguiu uma vaga na competi\u00e7\u00e3o do\u00a0<strong>BBB23\u00a0<\/strong>ap\u00f3s participar da\u00a0<strong>Casa de Vidro<\/strong>.<\/p>\n<p>Se envolveu em algumas pol\u00eamicas durante o jogo e foi o segundo eliminado da edi\u00e7\u00e3o com 53,3% dos votos. Atualmente \u00e9 influenciador digital, modelo e atleta.<\/p>\n<h3 class=\"wp-block-heading\"><strong><mark style=\"background-color:#fcb900\" class=\"has-inline-color\">Ricardo Camargo \u2013 Alface (BBB23)<\/mark><\/strong><\/h3>\n<p>Embora\u00a0<strong>n\u00e3o tenha representado Ribeir\u00e3o Preto<\/strong>\u00a0oficialmente,\u00a0<strong>Ricardo Camargo<\/strong>\u00a0<strong>morava no munic\u00edpio<\/strong>\u00a0quando participou da\u00a0<strong>23\u00aa edi\u00e7\u00e3o do reality<\/strong>, ao lado de Gabriel Tavares.<\/p>\n<p>O biom\u00e9dico foi o 17\u00ba eliminado com 68,86% dos votos. Ele nasceu em Aracaj\u00fa (SE), entretanto, se mudou para\u00a0<strong>Ribeir\u00e3o Preto<\/strong>\u00a0para integrar o time de handebol da cidade e estudar. Ele chegou a morar no alojamento de atletas da Cava do Bosque. <strong>Para relembrar a trajet\u00f3ria do brother,\u00a0clique aqui.<\/strong> Atualmente, o mestre em imunologia \u00e9 criador de conte\u00fado e compartilha diversos momentos de sua vida nas redes sociais.<\/p>\n<hr class=\"wp-block-separator has-alpha-channel-opacity\"\/>\n<p>SAIBA MAIS<\/p>\n<p>Quina paga pr\u00eamio milion\u00e1rio para apostador da regi\u00e3o de Ribeir\u00e3o Preto<\/p>\n<h2 class=\"wp-block-heading\"><strong>FIQUE ON<\/strong><\/h2>\n<p>Fique ligado em tudo que acontece em Ribeir\u00e3o Preto e regi\u00e3o. Siga os perfis do\u00a0<strong>acidade on\u00a0<\/strong>no<a href=\"https:\/\/www.instagram.com\/acidadeonribeirao\" target=\"_blank\" rel=\"noreferrer noopener\">\u00a0Instagram\u00a0<\/a>e no\u00a0<a href=\"https:\/\/www.facebook.com\/acidadeonribeirao\/\" target=\"_blank\" rel=\"noreferrer noopener\">Facebook<\/a>.<\/p>\n<p>Receba not\u00edcias do\u00a0<strong>acidade on\u00a0<\/strong>no WhatsApp. Para entrar no grupo,\u00a0basta<a href=\"https:\/\/chat.whatsapp.com\/GFH9HUMUTHNFJdnyEd0xxq\" target=\"_blank\" rel=\"noreferrer noopener\">\u00a0clicar aqui<\/a>. Ou, acesse o nosso\u00a0Canal\u00a0<a href=\"https:\/\/whatsapp.com\/channel\/0029Vb6IQl1JENyAeS57fk2p\" target=\"_blank\" rel=\"noreferrer noopener\">clicando aqui<\/a>.<\/p>\n<p>Fa\u00e7a uma den\u00fancia ou sugira uma reportagem sobre Ribeir\u00e3o Preto e regi\u00e3o pelo WhatsApp: 16 99117 7802.<\/p>\n<p>VEJA TAMB\u00c9M<br \/>Casas de Vidro esquentam o BBB 26; veja participantes do Sudeste<\/p>\n<p><!-- AI CONTENT END 1 -->\n<\/div>\n<p><script async src=\"\/\/www.instagram.com\/embed.js\"><\/script><br \/>\n<br \/><br \/>\n<br \/><a href=\"https:\/\/www.acidadeon.com\/ribeiraopreto\/lazer-e-cultura\/relembre-os-participantes-do-bbb-de-ribeirao-elenco-de-2026-sera-anunciado-neste-domingo\/\">Source link <\/a><\/p>\n<!-- CONTENT END 1 -->\n","protected":false},"excerpt":{"rendered":"<p>O Big Brother Brasil 2026 est\u00e1 prestes a anunciar os participantes escolhidos pelo p\u00fablico para participar da nova edi\u00e7\u00e3o da \u201ccasa mais vigiado do Brasil\u201d&#8230;.<\/p>\n","protected":false},"author":1,"featured_media":81636,"comment_status":"open","ping_status":"open","sticky":false,"template":"","format":"standard","meta":{"advanced_seo_description":"","jetpack_seo_html_title":"","jetpack_seo_noindex":false,"jetpack_post_was_ever_published":false,"_jetpack_newsletter_access":"","_jetpack_dont_email_post_to_subs":false,"_jetpack_newsletter_tier_id":0,"_jetpack_memberships_contains_paywalled_content":false,"_jetpack_memberships_contains_paid_content":false,"footnotes":"","jetpack_publicize_message":"","jetpack_publicize_feature_enabled":true,"jetpack_social_post_already_shared":true,"jetpack_social_options":{"image_generator_settings":{"template":"highway","default_image_id":0,"font":"","enabled":false},"version":2}},"categories":[11],"tags":[],"class_list":["post-81635","post","type-post","status-publish","format-standard","has-post-thumbnail","hentry","category-noticias-de-ribeirao-preto-sp-e-regiao-ismael-colosi"],"jetpack_publicize_connections":[],"jetpack_featured_media_url":"https:\/\/i0.wp.com\/noticiasribeiraopreto.com.br\/wp-content\/uploads\/2026\/01\/domingo-76_2026-01-11_16-01-52.webp.webp?fit=1200%2C675&ssl=1","jetpack-related-posts":[{"id":62296,"url":"https:\/\/noticiasribeiraopreto.com.br\/index.php\/2025\/01\/09\/bbb-relembre-os-moradores-de-ribeirao-preto-que-ja-participaram-do-reality\/","url_meta":{"origin":81635,"position":0},"title":"BBB: Relembre os moradores de Ribeir\u00e3o Preto que j\u00e1 participaram do reality","author":"noticiasribeiraopreto.com.br","date":"9 de January de 2025","format":false,"excerpt":"Os participantes da 25\u00aa edi\u00e7\u00e3o do BBB ser\u00e3o relevados nesta quinta-feira (9), nos intervalos da programa\u00e7\u00e3o da EPTV\/TV Globo. Neste ano, o elenco entra na \u201ccasa mais vigiada do pa\u00eds\u201d na pr\u00f3xima segunda-feira (13), com duplas formadas por amigos, familiares e casais. \u00a0 Desde a primeira edi\u00e7\u00e3o, em 2002, mais\u2026","rel":"","context":"In &quot;Not\u00edcias de Ribeir\u00e3o Preto-SP e Regi\u00e3o&quot;","block_context":{"text":"Not\u00edcias de Ribeir\u00e3o Preto-SP e Regi\u00e3o","link":"https:\/\/noticiasribeiraopreto.com.br\/index.php\/category\/noticias-de-ribeirao-preto-sp-e-regiao-ismael-colosi\/"},"img":{"alt_text":"","src":"https:\/\/i0.wp.com\/noticiasribeiraopreto.com.br\/wp-content\/uploads\/2025\/01\/Copia-de-Copia-de-Copia-de-TAMANHO-EXATO-PARA-FOTOS-NO-SISTEMA-NOVO-2025-01-09T163313.747_2025-01-09_19-33-18_png_2025-01-09_19-33-18.webp.webp?fit=1200%2C675&ssl=1&resize=350%2C200","width":350,"height":200,"srcset":"https:\/\/i0.wp.com\/noticiasribeiraopreto.com.br\/wp-content\/uploads\/2025\/01\/Copia-de-Copia-de-Copia-de-TAMANHO-EXATO-PARA-FOTOS-NO-SISTEMA-NOVO-2025-01-09T163313.747_2025-01-09_19-33-18_png_2025-01-09_19-33-18.webp.webp?fit=1200%2C675&ssl=1&resize=350%2C200 1x, https:\/\/i0.wp.com\/noticiasribeiraopreto.com.br\/wp-content\/uploads\/2025\/01\/Copia-de-Copia-de-Copia-de-TAMANHO-EXATO-PARA-FOTOS-NO-SISTEMA-NOVO-2025-01-09T163313.747_2025-01-09_19-33-18_png_2025-01-09_19-33-18.webp.webp?fit=1200%2C675&ssl=1&resize=525%2C300 1.5x, https:\/\/i0.wp.com\/noticiasribeiraopreto.com.br\/wp-content\/uploads\/2025\/01\/Copia-de-Copia-de-Copia-de-TAMANHO-EXATO-PARA-FOTOS-NO-SISTEMA-NOVO-2025-01-09T163313.747_2025-01-09_19-33-18_png_2025-01-09_19-33-18.webp.webp?fit=1200%2C675&ssl=1&resize=700%2C400 2x, https:\/\/i0.wp.com\/noticiasribeiraopreto.com.br\/wp-content\/uploads\/2025\/01\/Copia-de-Copia-de-Copia-de-TAMANHO-EXATO-PARA-FOTOS-NO-SISTEMA-NOVO-2025-01-09T163313.747_2025-01-09_19-33-18_png_2025-01-09_19-33-18.webp.webp?fit=1200%2C675&ssl=1&resize=1050%2C600 3x"},"classes":[]},{"id":62202,"url":"https:\/\/noticiasribeiraopreto.com.br\/index.php\/2025\/01\/07\/veja-como-assistir-documentario-sobre-o-bbb-estreia-e-nesta-terca\/","url_meta":{"origin":81635,"position":1},"title":"Veja como assistir document\u00e1rio sobre o BBB; estreia \u00e9 nesta ter\u00e7a","author":"noticiasribeiraopreto.com.br","date":"7 de January de 2025","format":false,"excerpt":"A s\u00e9rie documental \u201cBBB: O Document\u00e1rio \u2013 Mais que uma espiada\u201d, que antecipa o lan\u00e7amento da 25\u00aa edi\u00e7\u00e3o do Big Brother Brasil estreia nesta ter\u00e7a-feira (7). S\u00e3o quatro epis\u00f3dios, que v\u00e3o ao ar entre 6 e 10 de janeiro. O document\u00e1rio narra os 22 anos de Big Brother Brasil, momentos\u2026","rel":"","context":"In &quot;Not\u00edcias de Ribeir\u00e3o Preto-SP e Regi\u00e3o&quot;","block_context":{"text":"Not\u00edcias de Ribeir\u00e3o Preto-SP e Regi\u00e3o","link":"https:\/\/noticiasribeiraopreto.com.br\/index.php\/category\/noticias-de-ribeirao-preto-sp-e-regiao-ismael-colosi\/"},"img":{"alt_text":"","src":"https:\/\/i0.wp.com\/noticiasribeiraopreto.com.br\/wp-content\/uploads\/2025\/01\/bbb-documentario_2025-01-07_14-39-58_jpeg_2025-01-07_14-39-58.webp.webp?fit=1200%2C675&ssl=1&resize=350%2C200","width":350,"height":200,"srcset":"https:\/\/i0.wp.com\/noticiasribeiraopreto.com.br\/wp-content\/uploads\/2025\/01\/bbb-documentario_2025-01-07_14-39-58_jpeg_2025-01-07_14-39-58.webp.webp?fit=1200%2C675&ssl=1&resize=350%2C200 1x, https:\/\/i0.wp.com\/noticiasribeiraopreto.com.br\/wp-content\/uploads\/2025\/01\/bbb-documentario_2025-01-07_14-39-58_jpeg_2025-01-07_14-39-58.webp.webp?fit=1200%2C675&ssl=1&resize=525%2C300 1.5x, https:\/\/i0.wp.com\/noticiasribeiraopreto.com.br\/wp-content\/uploads\/2025\/01\/bbb-documentario_2025-01-07_14-39-58_jpeg_2025-01-07_14-39-58.webp.webp?fit=1200%2C675&ssl=1&resize=700%2C400 2x, https:\/\/i0.wp.com\/noticiasribeiraopreto.com.br\/wp-content\/uploads\/2025\/01\/bbb-documentario_2025-01-07_14-39-58_jpeg_2025-01-07_14-39-58.webp.webp?fit=1200%2C675&ssl=1&resize=1050%2C600 3x"},"classes":[]},{"id":42221,"url":"https:\/\/noticiasribeiraopreto.com.br\/index.php\/2024\/03\/13\/veja-como-fazer-o-cadastro-para-programas-habitacionais-em-ribeirao-preto\/","url_meta":{"origin":81635,"position":2},"title":"Veja como fazer o cadastro para programas habitacionais em Ribeir\u00e3o Preto","author":"noticiasribeiraopreto.com.br","date":"13 de March de 2024","format":false,"excerpt":"A Prefeitura de Ribeir\u00e3o Preto lan\u00e7ou uma plataforma para que a popula\u00e7\u00e3o possa fazer o cadastro para participar de processos de sele\u00e7\u00e3o para aquisi\u00e7\u00e3o de moradias em programas como o Minha Casa, Minha Vida, do Governo Federal, e o Casa Nossa, do governo estadual. De acordo com a prefeitura, o\u2026","rel":"","context":"In &quot;Not\u00edcias de Ribeir\u00e3o Preto-SP e Regi\u00e3o&quot;","block_context":{"text":"Not\u00edcias de Ribeir\u00e3o Preto-SP e Regi\u00e3o","link":"https:\/\/noticiasribeiraopreto.com.br\/index.php\/category\/noticias-de-ribeirao-preto-sp-e-regiao-ismael-colosi\/"},"img":{"alt_text":"","src":"https:\/\/i0.wp.com\/noticiasribeiraopreto.com.br\/wp-content\/uploads\/2024\/03\/aerea-ribeirao-preto.jpg?fit=1200%2C800&ssl=1&resize=350%2C200","width":350,"height":200,"srcset":"https:\/\/i0.wp.com\/noticiasribeiraopreto.com.br\/wp-content\/uploads\/2024\/03\/aerea-ribeirao-preto.jpg?fit=1200%2C800&ssl=1&resize=350%2C200 1x, https:\/\/i0.wp.com\/noticiasribeiraopreto.com.br\/wp-content\/uploads\/2024\/03\/aerea-ribeirao-preto.jpg?fit=1200%2C800&ssl=1&resize=525%2C300 1.5x, https:\/\/i0.wp.com\/noticiasribeiraopreto.com.br\/wp-content\/uploads\/2024\/03\/aerea-ribeirao-preto.jpg?fit=1200%2C800&ssl=1&resize=700%2C400 2x, https:\/\/i0.wp.com\/noticiasribeiraopreto.com.br\/wp-content\/uploads\/2024\/03\/aerea-ribeirao-preto.jpg?fit=1200%2C800&ssl=1&resize=1050%2C600 3x"},"classes":[]},{"id":24995,"url":"https:\/\/noticiasribeiraopreto.com.br\/index.php\/2024\/01\/05\/primeiros-nomes-sao-oficialmente-anunciados-confira-lista\/","url_meta":{"origin":81635,"position":3},"title":"primeiros nomes s\u00e3o oficialmente anunciados; confira lista","author":"noticiasribeiraopreto.com.br","date":"5 de January de 2024","format":false,"excerpt":"A casa mais vigiada do Brasil est\u00e1 prestes a come\u00e7ar. Na pr\u00f3xima segunda feira, dia 8, estreia a edi\u00e7\u00e3o 24 do Big Brother Brasil e dois nomes j\u00e1 sa\u00edram na lista revelados pela pr\u00f3pria edi\u00e7\u00e3o do programa.Ap\u00f3s muito suspense, muito chute e spoiler, os nomes de Mc Bin Laden, de\u2026","rel":"","context":"In &quot;Blog&quot;","block_context":{"text":"Blog","link":"https:\/\/noticiasribeiraopreto.com.br\/index.php\/category\/blog\/"},"img":{"alt_text":"","src":"https:\/\/i0.wp.com\/noticiasribeiraopreto.com.br\/wp-content\/uploads\/2024\/01\/postimg-65984b168ef7e3447.jpg?fit=1200%2C628&ssl=1&resize=350%2C200","width":350,"height":200,"srcset":"https:\/\/i0.wp.com\/noticiasribeiraopreto.com.br\/wp-content\/uploads\/2024\/01\/postimg-65984b168ef7e3447.jpg?fit=1200%2C628&ssl=1&resize=350%2C200 1x, https:\/\/i0.wp.com\/noticiasribeiraopreto.com.br\/wp-content\/uploads\/2024\/01\/postimg-65984b168ef7e3447.jpg?fit=1200%2C628&ssl=1&resize=525%2C300 1.5x, https:\/\/i0.wp.com\/noticiasribeiraopreto.com.br\/wp-content\/uploads\/2024\/01\/postimg-65984b168ef7e3447.jpg?fit=1200%2C628&ssl=1&resize=700%2C400 2x, https:\/\/i0.wp.com\/noticiasribeiraopreto.com.br\/wp-content\/uploads\/2024\/01\/postimg-65984b168ef7e3447.jpg?fit=1200%2C628&ssl=1&resize=1050%2C600 3x"},"classes":[]},{"id":79853,"url":"https:\/\/noticiasribeiraopreto.com.br\/index.php\/2025\/11\/09\/tudo-sobre-o-1o-dia-do-enem-em-ribeirao-preto-mais-de-15-mil-candidatos-participam-da-prova\/","url_meta":{"origin":81635,"position":4},"title":"Tudo sobre o 1\u00ba dia do Enem em Ribeir\u00e3o Preto; mais de 15 mil candidatos participam da prova","author":"noticiasribeiraopreto.com.br","date":"9 de November de 2025","format":false,"excerpt":"Mais de 4,8 milh\u00f5es de candidatos em todo o Brasil participam, neste domingo (9), do primeiro dia de provas do Exame Nacional do Ensino M\u00e9dio (Enem) 2025. Em Ribeir\u00e3o Preto, s\u00e3o 15.157 inscritos confirmados. De acordo com o Instituto Nacional de Estudos e Pesquisas Educacionais (Inep), a aplica\u00e7\u00e3o do exame\u2026","rel":"","context":"In &quot;Not\u00edcias de Ribeir\u00e3o Preto-SP e Regi\u00e3o&quot;","block_context":{"text":"Not\u00edcias de Ribeir\u00e3o Preto-SP e Regi\u00e3o","link":"https:\/\/noticiasribeiraopreto.com.br\/index.php\/category\/noticias-de-ribeirao-preto-sp-e-regiao-ismael-colosi\/"},"img":{"alt_text":"","src":"https:\/\/i0.wp.com\/noticiasribeiraopreto.com.br\/wp-content\/uploads\/2025\/11\/redacao-enem.jpg?fit=1170%2C700&ssl=1&resize=350%2C200","width":350,"height":200,"srcset":"https:\/\/i0.wp.com\/noticiasribeiraopreto.com.br\/wp-content\/uploads\/2025\/11\/redacao-enem.jpg?fit=1170%2C700&ssl=1&resize=350%2C200 1x, https:\/\/i0.wp.com\/noticiasribeiraopreto.com.br\/wp-content\/uploads\/2025\/11\/redacao-enem.jpg?fit=1170%2C700&ssl=1&resize=525%2C300 1.5x, https:\/\/i0.wp.com\/noticiasribeiraopreto.com.br\/wp-content\/uploads\/2025\/11\/redacao-enem.jpg?fit=1170%2C700&ssl=1&resize=700%2C400 2x, https:\/\/i0.wp.com\/noticiasribeiraopreto.com.br\/wp-content\/uploads\/2025\/11\/redacao-enem.jpg?fit=1170%2C700&ssl=1&resize=1050%2C600 3x"},"classes":[]},{"id":45031,"url":"https:\/\/noticiasribeiraopreto.com.br\/index.php\/2024\/04\/01\/bbb-24-davi-conquista-8-milhoes-de-seguidores-e-segue-na-lideranca-de-popularidade-nas-redes-sociais\/","url_meta":{"origin":81635,"position":5},"title":"BBB 24: Davi conquista 8 milh\u00f5es de seguidores e segue na lideran\u00e7a de popularidade nas redes sociais","author":"noticiasribeiraopreto.com.br","date":"1 de April de 2024","format":false,"excerpt":"BBB 24: Davi conquista 8 milh\u00f5es de seguidores e segue na lideran\u00e7a de popularidade nas redes sociaisA casa mais vigiada do Brasil est\u00e1 na reta final, mas o p\u00fablico ainda pode esperar surpresas ou reviravoltas. Nesta \u00faltima ter\u00e7a-feira, (26), o jogo acabou para a carioca Leidy Elin, que foi a\u2026","rel":"","context":"In &quot;Not\u00edcias de Ribeir\u00e3o Preto-SP e Regi\u00e3o&quot;","block_context":{"text":"Not\u00edcias de Ribeir\u00e3o Preto-SP e Regi\u00e3o","link":"https:\/\/noticiasribeiraopreto.com.br\/index.php\/category\/noticias-de-ribeirao-preto-sp-e-regiao-ismael-colosi\/"},"img":{"alt_text":"","src":"https:\/\/i0.wp.com\/noticiasribeiraopreto.com.br\/wp-content\/uploads\/2024\/04\/Davi-BBB24-1.webp.webp?fit=1200%2C800&ssl=1&resize=350%2C200","width":350,"height":200,"srcset":"https:\/\/i0.wp.com\/noticiasribeiraopreto.com.br\/wp-content\/uploads\/2024\/04\/Davi-BBB24-1.webp.webp?fit=1200%2C800&ssl=1&resize=350%2C200 1x, https:\/\/i0.wp.com\/noticiasribeiraopreto.com.br\/wp-content\/uploads\/2024\/04\/Davi-BBB24-1.webp.webp?fit=1200%2C800&ssl=1&resize=525%2C300 1.5x, https:\/\/i0.wp.com\/noticiasribeiraopreto.com.br\/wp-content\/uploads\/2024\/04\/Davi-BBB24-1.webp.webp?fit=1200%2C800&ssl=1&resize=700%2C400 2x, https:\/\/i0.wp.com\/noticiasribeiraopreto.com.br\/wp-content\/uploads\/2024\/04\/Davi-BBB24-1.webp.webp?fit=1200%2C800&ssl=1&resize=1050%2C600 3x"},"classes":[]}],"jetpack_sharing_enabled":true,"jetpack_shortlink":"https:\/\/wp.me\/peQAOb-leH","_links":{"self":[{"href":"https:\/\/noticiasribeiraopreto.com.br\/index.php\/wp-json\/wp\/v2\/posts\/81635","targetHints":{"allow":["GET"]}}],"collection":[{"href":"https:\/\/noticiasribeiraopreto.com.br\/index.php\/wp-json\/wp\/v2\/posts"}],"about":[{"href":"https:\/\/noticiasribeiraopreto.com.br\/index.php\/wp-json\/wp\/v2\/types\/post"}],"author":[{"embeddable":true,"href":"https:\/\/noticiasribeiraopreto.com.br\/index.php\/wp-json\/wp\/v2\/users\/1"}],"replies":[{"embeddable":true,"href":"https:\/\/noticiasribeiraopreto.com.br\/index.php\/wp-json\/wp\/v2\/comments?post=81635"}],"version-history":[{"count":0,"href":"https:\/\/noticiasribeiraopreto.com.br\/index.php\/wp-json\/wp\/v2\/posts\/81635\/revisions"}],"wp:featuredmedia":[{"embeddable":true,"href":"https:\/\/noticiasribeiraopreto.com.br\/index.php\/wp-json\/wp\/v2\/media\/81636"}],"wp:attachment":[{"href":"https:\/\/noticiasribeiraopreto.com.br\/index.php\/wp-json\/wp\/v2\/media?parent=81635"}],"wp:term":[{"taxonomy":"category","embeddable":true,"href":"https:\/\/noticiasribeiraopreto.com.br\/index.php\/wp-json\/wp\/v2\/categories?post=81635"},{"taxonomy":"post_tag","embeddable":true,"href":"https:\/\/noticiasribeiraopreto.com.br\/index.php\/wp-json\/wp\/v2\/tags?post=81635"}],"curies":[{"name":"wp","href":"https:\/\/api.w.org\/{rel}","templated":true}]}}