{"id":81637,"date":"2026-01-12T08:30:22","date_gmt":"2026-01-12T11:30:22","guid":{"rendered":"https:\/\/noticiasribeiraopreto.com.br\/index.php\/2026\/01\/12\/atropelamento-que-matou-crianca-e-feriu-mae-em-ribeirao-envolveu-carro-alugado-diz-advogado\/"},"modified":"2026-01-12T08:30:22","modified_gmt":"2026-01-12T11:30:22","slug":"atropelamento-que-matou-crianca-e-feriu-mae-em-ribeirao-envolveu-carro-alugado-diz-advogado","status":"publish","type":"post","link":"https:\/\/noticiasribeiraopreto.com.br\/index.php\/2026\/01\/12\/atropelamento-que-matou-crianca-e-feriu-mae-em-ribeirao-envolveu-carro-alugado-diz-advogado\/","title":{"rendered":"Atropelamento que matou crian\u00e7a e feriu m\u00e3e em Ribeir\u00e3o envolveu carro alugado, diz advogado"},"content":{"rendered":"<div class='code-block code-block-1' style='margin: 8px 0 8px auto; text-align: right; display: block; clear: both;'>\n<p><a href=\"https:\/\/wa.link\/vpicfd\"><img data-recalc-dims=\"1\" class=\"wp-image-4922\" style=\"aspect-ratio: 2.0253164556962027; width: 561px; height: auto;\" src=\"https:\/\/i0.wp.com\/ismaelcolosi.com.br\/wp-content\/uploads\/2023\/11\/grupo-de-empregos-whatsapp-e-facebook-ismael-colosi-vagas.jpg?ssl=1\" alt=\"\" \/><\/a><\/p>\n<!-- \/wp:image -->\n<\/div>\n<p> <br \/>\n<\/p>\n<div>\n<p>O advogado da fam\u00edlia de <strong>Guilherme da Silva Maia<\/strong>, de 6 anos, que morreu ap\u00f3s ser atropelado no acostamento de uma rodovia de <strong>Bonfim Paulista<\/strong>, distrito de <strong>Ribeir\u00e3o Preto<\/strong>, afirmou que o ve\u00edculo conduzido pelo envolvido era <strong>alugado<\/strong>.<\/p>\n<p>A informa\u00e7\u00e3o foi divulgada neste s\u00e1bado (10), durante uma manifesta\u00e7\u00e3o de amigos e familiares em frente ao Minist\u00e9rio P\u00fablico, que pedia a pris\u00e3o do cantor <strong>Gustavo Perissoto de Oliveira<\/strong>, de 25 anos, investigado em liberdade.<\/p>\n<p>Em entrevista \u00e0 <strong>EPTV<\/strong>, o advogado Luis Felipe Perrone, informou que a defesa protocolou um of\u00edcio junto \u00e0 locadora do ve\u00edculo para obter o rastreio do trajeto do ve\u00edculo antes do atropelamento.<\/p>\n<figure class=\"wp-block-pullquote\">\n<blockquote>\n<p>Estamos aguardando a resposta de alguns of\u00edcios, dentre eles um of\u00edcio \u00e0 locadora do ve\u00edculo em rela\u00e7\u00e3o ao rastreio desse ve\u00edculo. Essa prova, ao nosso ver, \u00e9 de suma import\u00e2ncia para a elucida\u00e7\u00e3o dos fatos<\/p>\n<p><cite>Luis Felipe Perrone<\/cite><\/p><\/blockquote>\n<\/figure>\n<p><strong><mark style=\"background-color:#fcb900\" class=\"has-inline-color\">Eliene de Santana Maia, de 33 anos, m\u00e3e da crian\u00e7a, tamb\u00e9m foi atropelada no mesmo acidente<\/mark><\/strong>. Na semana passada, a mulher disse em v\u00eddeo que passou por cirurgias nos \u00faltimos aguardava defini\u00e7\u00e3o dos m\u00e9dicos para novos procedimentos. Segundo o marido, Albertino da Silva Filho, ela continua internada na <strong>unidade de emerg\u00eancia do Hospital das Cl\u00ednicas<\/strong>, e ainda <strong>n\u00e3o tem previs\u00e3o de alta<\/strong>.<\/p>\n<div class=\"wp-block-image\">\n<figure class=\"aligncenter size-large is-resized\"><img data-recalc-dims=\"1\" fetchpriority=\"high\" decoding=\"async\" width=\"1024\" height=\"576\" src=\"https:\/\/i0.wp.com\/cdn.media-acidadeon.com.br\/ribeiraopreto\/wp-content\/uploads\/sites\/3\/2026\/01\/domingo-75_2026-01-11_14-51-39-1024x576.webp?resize=1024%2C576&#038;ssl=1\" alt=\"Guilherme da Silva Maia (v\u00edtima), Gustavo Perissoto de Oliveira (motorista) e Eliene de Santana Maia (v\u00edtima) - Foto: reprodu\u00e7\u00e3o.\" class=\"wp-image-141835\" style=\"width:654px\" title=\"Atropelamento que matou crian\u00e7a e feriu m\u00e3e em Ribeir\u00e3o envolveu carro alugado, diz advogado 1\" srcset=\"https:\/\/cdn.media-acidadeon.com.br\/ribeiraopreto\/wp-content\/uploads\/sites\/3\/2026\/01\/domingo-75_2026-01-11_14-51-39-1024x576.webp 1024w, https:\/\/cdn.media-acidadeon.com.br\/ribeiraopreto\/wp-content\/uploads\/sites\/3\/2026\/01\/domingo-75_2026-01-11_14-51-39-300x169.webp 300w, https:\/\/cdn.media-acidadeon.com.br\/ribeiraopreto\/wp-content\/uploads\/sites\/3\/2026\/01\/domingo-75_2026-01-11_14-51-39-768x432.webp 768w, https:\/\/cdn.media-acidadeon.com.br\/ribeiraopreto\/wp-content\/uploads\/sites\/3\/2026\/01\/domingo-75_2026-01-11_14-51-39-696x392.webp 696w, https:\/\/cdn.media-acidadeon.com.br\/ribeiraopreto\/wp-content\/uploads\/sites\/3\/2026\/01\/domingo-75_2026-01-11_14-51-39-1068x601.webp 1068w, https:\/\/cdn.media-acidadeon.com.br\/ribeiraopreto\/wp-content\/uploads\/sites\/3\/2026\/01\/domingo-75_2026-01-11_14-51-39.webp 1200w\" sizes=\"(max-width: 1024px) 100vw, 1024px\"\/><figcaption class=\"wp-element-caption\">Guilherme da Silva Maia (v\u00edtima), Gustavo Perissoto de Oliveira (motorista) e Eliene de Santana Maia (v\u00edtima) \u2013 Foto: reprodu\u00e7\u00e3o.<\/figcaption><\/figure>\n<\/div>\n<h2 class=\"wp-block-heading\"><strong>Investiga\u00e7\u00e3o<\/strong><\/h2>\n<p>A <strong>Pol\u00edcia Civil<\/strong> continua investigando o caso e, segundo o advogado da fam\u00edlia, deve ouvir novas testemunhas nesta segunda-feira (12).<\/p>\n<p>\u201cQuem foi ouvido at\u00e9 o momento foi o Albertino [pai da crian\u00e7a], o investigado e tamb\u00e9m um colega do Albertino, que presenciou a testemunha alegando que teria avisado sobre a situa\u00e7\u00e3o e agora aguarda as oitivas das testemunhas do posto\u201d, disse o advogado.<\/p>\n<p>O acidente aconteceu no dia 1\u00ba de janeiro, mas <strong>Gustavo Perissoto de Oliveira <\/strong>se apresentou \u00e0 pol\u00edcia apenas na noite do dia 2 de janeiro, e, por isso, n\u00e3o \u00e9 poss\u00edvel afirmar se ele havia bebido antes do atropelamento, que ocorreu no acostamento do trecho de acesso \u00e0 rodovia Jos\u00e9 Fregonezi (SP-328).<\/p>\n<p>Segundo o delegado Ariovaldo Torrieri qualquer exame feito no motorista de 25 anos naquele momento seria ineficaz.<\/p>\n<figure class=\"wp-block-pullquote\">\n<blockquote>\n<p>N\u00f3s entendemos que qualquer exame para o qual ele fosse submetido seria ineficaz. Como ele se apresentou no dia 2, se ele fosse submetido a um exame, at\u00e9 poderia acusar a presen\u00e7a de \u00e1lcool no organismo dele, mas ele poderia dizer que bebeu depois ou qualquer coisa do g\u00eanero<\/p>\n<p><cite>delegado Ariovaldo Torrieri<\/cite><\/p><\/blockquote>\n<\/figure>\n<p>Inicialmente, o caso foi registrado como les\u00e3o corporal culposa na dire\u00e7\u00e3o de ve\u00edculo automotor e fuga do local do acidente. No entanto, com a morte de Guilherme, o motorista passou a ser investigo por <strong>homic\u00eddio culposo<\/strong> \u2013 quando n\u00e3o h\u00e1 inten\u00e7\u00e3o de matar.<\/p>\n<h2 class=\"wp-block-heading\"><strong>O que diz o outro lado?<\/strong><\/h2>\n<p>A defesa de <strong>Gustavo Perissoto de Oliveira<\/strong> divulgou uma nota na qual afirma que o atropelamento de m\u00e3e e filho foi uma \u201cfatalidade provocada por um momento de distra\u00e7\u00e3o\u201d.<\/p>\n<p>De acordo com os advogados Bruno Corr\u00eaa Ribeiro e Jo\u00e3o Pedro Soares Damasceno, ap\u00f3s o ocorrido, o m\u00fasico de 25 anos acreditou ter colidido apenas contra a prote\u00e7\u00e3o met\u00e1lica da rodovia e por isso seguiu caminho.<\/p>\n<p><em>*Com informa\u00e7\u00f5es da EPTV<\/em><\/p>\n<div class=\"wp-block-image\">\n<figure class=\"aligncenter size-large is-resized\"><img data-recalc-dims=\"1\" loading=\"lazy\" decoding=\"async\" width=\"1024\" height=\"576\" src=\"https:\/\/i0.wp.com\/cdn.media-acidadeon.com.br\/ribeiraopreto\/wp-content\/uploads\/sites\/3\/2026\/01\/domingo-62_2026-01-05_22-15-14-1024x576.webp?resize=1024%2C576&#038;ssl=1\" alt=\"Nota emitida pela defesa de Gustavo Perissoto de Oliveira.\" class=\"wp-image-141203\" style=\"width:654px\" title=\"Atropelamento que matou crian\u00e7a e feriu m\u00e3e em Ribeir\u00e3o envolveu carro alugado, diz advogado 2\" srcset=\"https:\/\/cdn.media-acidadeon.com.br\/ribeiraopreto\/wp-content\/uploads\/sites\/3\/2026\/01\/domingo-62_2026-01-05_22-15-14-1024x576.webp 1024w, https:\/\/cdn.media-acidadeon.com.br\/ribeiraopreto\/wp-content\/uploads\/sites\/3\/2026\/01\/domingo-62_2026-01-05_22-15-14-300x169.webp 300w, https:\/\/cdn.media-acidadeon.com.br\/ribeiraopreto\/wp-content\/uploads\/sites\/3\/2026\/01\/domingo-62_2026-01-05_22-15-14-768x432.webp 768w, https:\/\/cdn.media-acidadeon.com.br\/ribeiraopreto\/wp-content\/uploads\/sites\/3\/2026\/01\/domingo-62_2026-01-05_22-15-14-696x392.webp 696w, https:\/\/cdn.media-acidadeon.com.br\/ribeiraopreto\/wp-content\/uploads\/sites\/3\/2026\/01\/domingo-62_2026-01-05_22-15-14-1068x601.webp 1068w, https:\/\/cdn.media-acidadeon.com.br\/ribeiraopreto\/wp-content\/uploads\/sites\/3\/2026\/01\/domingo-62_2026-01-05_22-15-14.webp 1200w\" sizes=\"auto, (max-width: 1024px) 100vw, 1024px\"\/><figcaption class=\"wp-element-caption\">Nota emitida pela defesa de Gustavo Perissoto de Oliveira.<\/figcaption><\/figure>\n<\/div>\n<hr class=\"wp-block-separator has-alpha-channel-opacity\"\/>\n<p>SAIBA MAIS<\/p>\n<p>Quina paga pr\u00eamio milion\u00e1rio para apostador da regi\u00e3o de Ribeir\u00e3o Preto<\/p>\n<h2 class=\"wp-block-heading\"><strong>FIQUE ON<\/strong><\/h2>\n<p>Fique ligado em tudo que acontece em Ribeir\u00e3o Preto e regi\u00e3o. Siga os perfis do\u00a0<strong>acidade on\u00a0<\/strong>no<a href=\"https:\/\/www.instagram.com\/acidadeonribeirao\" target=\"_blank\" rel=\"noreferrer noopener\">\u00a0Instagram\u00a0<\/a>e no\u00a0<a href=\"https:\/\/www.facebook.com\/acidadeonribeirao\/\" target=\"_blank\" rel=\"noreferrer noopener\">Facebook<\/a>.<\/p>\n<p>Receba not\u00edcias do\u00a0<strong>acidade on\u00a0<\/strong>no WhatsApp. Para entrar no grupo,\u00a0basta<a href=\"https:\/\/chat.whatsapp.com\/GFH9HUMUTHNFJdnyEd0xxq\" target=\"_blank\" rel=\"noreferrer noopener\">\u00a0clicar aqui<\/a>. Ou, acesse o nosso\u00a0Canal\u00a0<a href=\"https:\/\/whatsapp.com\/channel\/0029Vb6IQl1JENyAeS57fk2p\" target=\"_blank\" rel=\"noreferrer noopener\">clicando aqui<\/a>.<\/p>\n<p>Fa\u00e7a uma den\u00fancia ou sugira uma reportagem sobre Ribeir\u00e3o Preto e regi\u00e3o pelo WhatsApp: 16 99117 7802.<\/p>\n<p>VEJA TAMB\u00c9M<\/p>\n<p>Quando \u2018O Agente Secreto\u2019 chega aos streamings do Brasil?<\/p>\n<p><!-- AI CONTENT END 1 -->\n<\/div>\n<p><script async src=\"\/\/www.instagram.com\/embed.js\"><\/script><br \/>\n<br \/><br \/>\n<br \/><a href=\"https:\/\/www.acidadeon.com\/ribeiraopreto\/cotidiano\/atropelamento-que-matou-crianca-e-feriu-mae-em-ribeirao-envolveu-carro-alugado-diz-advogado\/\">Source link <\/a><\/p>\n<!-- CONTENT END 1 -->\n","protected":false},"excerpt":{"rendered":"<p>O advogado da fam\u00edlia de Guilherme da Silva Maia, de 6 anos, que morreu ap\u00f3s ser atropelado no acostamento de uma rodovia de Bonfim Paulista,&#8230;<\/p>\n","protected":false},"author":1,"featured_media":81356,"comment_status":"open","ping_status":"open","sticky":false,"template":"","format":"standard","meta":{"advanced_seo_description":"","jetpack_seo_html_title":"","jetpack_seo_noindex":false,"jetpack_post_was_ever_published":false,"_jetpack_newsletter_access":"","_jetpack_dont_email_post_to_subs":false,"_jetpack_newsletter_tier_id":0,"_jetpack_memberships_contains_paywalled_content":false,"_jetpack_memberships_contains_paid_content":false,"footnotes":"","jetpack_publicize_message":"","jetpack_publicize_feature_enabled":true,"jetpack_social_post_already_shared":true,"jetpack_social_options":{"image_generator_settings":{"template":"highway","default_image_id":0,"font":"","enabled":false},"version":2}},"categories":[11],"tags":[],"class_list":["post-81637","post","type-post","status-publish","format-standard","has-post-thumbnail","hentry","category-noticias-de-ribeirao-preto-sp-e-regiao-ismael-colosi"],"jetpack_publicize_connections":[],"jetpack_featured_media_url":"https:\/\/i0.wp.com\/noticiasribeiraopreto.com.br\/wp-content\/uploads\/2026\/01\/image_2026-01-02_15-42-11.webp.webp?fit=984%2C549&ssl=1","jetpack-related-posts":[{"id":81391,"url":"https:\/\/noticiasribeiraopreto.com.br\/index.php\/2026\/01\/04\/veja-o-que-se-sabe-sobre-o-caso-do-atropelamento-de-mae-e-filho-em-ribeirao-preto\/","url_meta":{"origin":81637,"position":0},"title":"Veja o que se sabe sobre o caso do atropelamento de m\u00e3e e filho em Ribeir\u00e3o Preto","author":"noticiasribeiraopreto.com.br","date":"4 de January de 2026","format":false,"excerpt":"O motorista suspeito de fugir ap\u00f3s atropelar uma mulher e seu filho na manh\u00e3 da \u00faltima quinta-feira (1\u00ba) se apresentou \u00e0 Pol\u00edcia Civil de Ribeir\u00e3o Preto nesta sexta-feira (2). As v\u00edtimas, Eliene de Santana Maia, de 33 anos, e Guilherme da Silva Maia, de 6 anos, seguem internadas no Hospital\u2026","rel":"","context":"In &quot;Not\u00edcias de Ribeir\u00e3o Preto-SP e Regi\u00e3o&quot;","block_context":{"text":"Not\u00edcias de Ribeir\u00e3o Preto-SP e Regi\u00e3o","link":"https:\/\/noticiasribeiraopreto.com.br\/index.php\/category\/noticias-de-ribeirao-preto-sp-e-regiao-ismael-colosi\/"},"img":{"alt_text":"","src":"https:\/\/i0.wp.com\/noticiasribeiraopreto.com.br\/wp-content\/uploads\/2026\/01\/CARRO_2026-01-02_18-15-21.webp.webp?fit=1200%2C702&ssl=1&resize=350%2C200","width":350,"height":200,"srcset":"https:\/\/i0.wp.com\/noticiasribeiraopreto.com.br\/wp-content\/uploads\/2026\/01\/CARRO_2026-01-02_18-15-21.webp.webp?fit=1200%2C702&ssl=1&resize=350%2C200 1x, https:\/\/i0.wp.com\/noticiasribeiraopreto.com.br\/wp-content\/uploads\/2026\/01\/CARRO_2026-01-02_18-15-21.webp.webp?fit=1200%2C702&ssl=1&resize=525%2C300 1.5x, https:\/\/i0.wp.com\/noticiasribeiraopreto.com.br\/wp-content\/uploads\/2026\/01\/CARRO_2026-01-02_18-15-21.webp.webp?fit=1200%2C702&ssl=1&resize=700%2C400 2x, https:\/\/i0.wp.com\/noticiasribeiraopreto.com.br\/wp-content\/uploads\/2026\/01\/CARRO_2026-01-02_18-15-21.webp.webp?fit=1200%2C702&ssl=1&resize=1050%2C600 3x"},"classes":[]},{"id":81431,"url":"https:\/\/noticiasribeiraopreto.com.br\/index.php\/2026\/01\/06\/defesa-diz-que-atropelamento-de-mae-e-filho-em-ribeirao-foi-uma-fatalidade-causada-por-distracao\/","url_meta":{"origin":81637,"position":1},"title":"Defesa diz que atropelamento de m\u00e3e e filho em Ribeir\u00e3o foi uma &#8216;fatalidade causada por distra\u00e7\u00e3o&#8217;","author":"noticiasribeiraopreto.com.br","date":"6 de January de 2026","format":false,"excerpt":"A defesa de Gustavo Perissoto de Oliveira divulgou, na noite desta segunda-feira (5), uma nota na qual afirma que o atropelamento de m\u00e3e e filho, ocorrido no dia 1\u00ba de janeiro, em Bonfim Paulista, distrito de Ribeir\u00e3o Preto, foi uma \u201cfatalidade provocada por um momento de distra\u00e7\u00e3o\u201d \u2013 veja a\u2026","rel":"","context":"In &quot;Not\u00edcias de Ribeir\u00e3o Preto-SP e Regi\u00e3o&quot;","block_context":{"text":"Not\u00edcias de Ribeir\u00e3o Preto-SP e Regi\u00e3o","link":"https:\/\/noticiasribeiraopreto.com.br\/index.php\/category\/noticias-de-ribeirao-preto-sp-e-regiao-ismael-colosi\/"},"img":{"alt_text":"","src":"https:\/\/i0.wp.com\/noticiasribeiraopreto.com.br\/wp-content\/uploads\/2026\/01\/domingo-64_2026-01-05_22-25-31.webp.webp?fit=1200%2C675&ssl=1&resize=350%2C200","width":350,"height":200,"srcset":"https:\/\/i0.wp.com\/noticiasribeiraopreto.com.br\/wp-content\/uploads\/2026\/01\/domingo-64_2026-01-05_22-25-31.webp.webp?fit=1200%2C675&ssl=1&resize=350%2C200 1x, https:\/\/i0.wp.com\/noticiasribeiraopreto.com.br\/wp-content\/uploads\/2026\/01\/domingo-64_2026-01-05_22-25-31.webp.webp?fit=1200%2C675&ssl=1&resize=525%2C300 1.5x, https:\/\/i0.wp.com\/noticiasribeiraopreto.com.br\/wp-content\/uploads\/2026\/01\/domingo-64_2026-01-05_22-25-31.webp.webp?fit=1200%2C675&ssl=1&resize=700%2C400 2x, https:\/\/i0.wp.com\/noticiasribeiraopreto.com.br\/wp-content\/uploads\/2026\/01\/domingo-64_2026-01-05_22-25-31.webp.webp?fit=1200%2C675&ssl=1&resize=1050%2C600 3x"},"classes":[]},{"id":61153,"url":"https:\/\/noticiasribeiraopreto.com.br\/index.php\/2024\/12\/04\/carro-e-arrastado-por-correnteza-em-franca-video\/","url_meta":{"origin":81637,"position":2},"title":"Carro \u00e9 arrastado por correnteza em Franca; V\u00eddeo","author":"noticiasribeiraopreto.com.br","date":"4 de December de 2024","format":false,"excerpt":"O carro que caiu no c\u00f3rrego Cubat\u00e3o, na avenida Ismael Alonso y Alonso, em Franca, na madrugada de ter\u00e7a-feira (3), foi arrastado pela correnteza nesta quarta-feira (4) \u2013 veja o v\u00eddeo abaixo. De acordo com as informa\u00e7\u00f5es, o ve\u00edculo havia sido amarrado por uma equipe do Corpo de Bombeiros para\u2026","rel":"","context":"In &quot;Not\u00edcias de Ribeir\u00e3o Preto-SP e Regi\u00e3o&quot;","block_context":{"text":"Not\u00edcias de Ribeir\u00e3o Preto-SP e Regi\u00e3o","link":"https:\/\/noticiasribeiraopreto.com.br\/index.php\/category\/noticias-de-ribeirao-preto-sp-e-regiao-ismael-colosi\/"},"img":{"alt_text":"","src":"https:\/\/i0.wp.com\/noticiasribeiraopreto.com.br\/wp-content\/uploads\/2024\/12\/Copia-de-Copia-de-Copia-de-TAMANHO-EXATO-PARA-FOTOS-NO-SISTEMA-NOVO-2024-12-04T175657.671_2024-12-04_20-57-02_png_2024-12-04_20-57-02.webp.webp?fit=1200%2C675&ssl=1&resize=350%2C200","width":350,"height":200,"srcset":"https:\/\/i0.wp.com\/noticiasribeiraopreto.com.br\/wp-content\/uploads\/2024\/12\/Copia-de-Copia-de-Copia-de-TAMANHO-EXATO-PARA-FOTOS-NO-SISTEMA-NOVO-2024-12-04T175657.671_2024-12-04_20-57-02_png_2024-12-04_20-57-02.webp.webp?fit=1200%2C675&ssl=1&resize=350%2C200 1x, https:\/\/i0.wp.com\/noticiasribeiraopreto.com.br\/wp-content\/uploads\/2024\/12\/Copia-de-Copia-de-Copia-de-TAMANHO-EXATO-PARA-FOTOS-NO-SISTEMA-NOVO-2024-12-04T175657.671_2024-12-04_20-57-02_png_2024-12-04_20-57-02.webp.webp?fit=1200%2C675&ssl=1&resize=525%2C300 1.5x, https:\/\/i0.wp.com\/noticiasribeiraopreto.com.br\/wp-content\/uploads\/2024\/12\/Copia-de-Copia-de-Copia-de-TAMANHO-EXATO-PARA-FOTOS-NO-SISTEMA-NOVO-2024-12-04T175657.671_2024-12-04_20-57-02_png_2024-12-04_20-57-02.webp.webp?fit=1200%2C675&ssl=1&resize=700%2C400 2x, https:\/\/i0.wp.com\/noticiasribeiraopreto.com.br\/wp-content\/uploads\/2024\/12\/Copia-de-Copia-de-Copia-de-TAMANHO-EXATO-PARA-FOTOS-NO-SISTEMA-NOVO-2024-12-04T175657.671_2024-12-04_20-57-02_png_2024-12-04_20-57-02.webp.webp?fit=1200%2C675&ssl=1&resize=1050%2C600 3x"},"classes":[]},{"id":81447,"url":"https:\/\/noticiasribeiraopreto.com.br\/index.php\/2026\/01\/06\/revolta-em-sepultamento-de-menino-atropelado-no-dia-1o\/","url_meta":{"origin":81637,"position":3},"title":"Revolta em sepultamento de menino atropelado no dia 1\u00ba","author":"noticiasribeiraopreto.com.br","date":"6 de January de 2026","format":false,"excerpt":"Crian\u00e7a estava internada no HC-UE e n\u00e3o resistiu \u00e0 gravidade dos ferimentos; motorista alegou ter se distra\u00eddo com multim\u00eddia e n\u00e3o viu atropelamento Por Alfredo Risk e Adalberto Luque Guilherme da Silva Maia, de 6 anos, foi sepultado na manh\u00e3 desta segunda-feira (5), no Cemit\u00e9rio de Bonfim Paulista, zona Sul\u2026","rel":"","context":"In &quot;Not\u00edcias de Ribeir\u00e3o Preto-SP e Regi\u00e3o&quot;","block_context":{"text":"Not\u00edcias de Ribeir\u00e3o Preto-SP e Regi\u00e3o","link":"https:\/\/noticiasribeiraopreto.com.br\/index.php\/category\/noticias-de-ribeirao-preto-sp-e-regiao-ismael-colosi\/"},"img":{"alt_text":"","src":"https:\/\/i0.wp.com\/noticiasribeiraopreto.com.br\/wp-content\/uploads\/2026\/01\/1-bonfim-foto-3.jpg?fit=1170%2C780&ssl=1&resize=350%2C200","width":350,"height":200,"srcset":"https:\/\/i0.wp.com\/noticiasribeiraopreto.com.br\/wp-content\/uploads\/2026\/01\/1-bonfim-foto-3.jpg?fit=1170%2C780&ssl=1&resize=350%2C200 1x, https:\/\/i0.wp.com\/noticiasribeiraopreto.com.br\/wp-content\/uploads\/2026\/01\/1-bonfim-foto-3.jpg?fit=1170%2C780&ssl=1&resize=525%2C300 1.5x, https:\/\/i0.wp.com\/noticiasribeiraopreto.com.br\/wp-content\/uploads\/2026\/01\/1-bonfim-foto-3.jpg?fit=1170%2C780&ssl=1&resize=700%2C400 2x, https:\/\/i0.wp.com\/noticiasribeiraopreto.com.br\/wp-content\/uploads\/2026\/01\/1-bonfim-foto-3.jpg?fit=1170%2C780&ssl=1&resize=1050%2C600 3x"},"classes":[]},{"id":65958,"url":"https:\/\/noticiasribeiraopreto.com.br\/index.php\/2025\/03\/26\/concessionaria-com-dividas-de-r-25-milhoes-tem-recuperacao-judicial-aceita-em-ribeirao\/","url_meta":{"origin":81637,"position":4},"title":"Concession\u00e1ria com d\u00edvidas de R$ 25 milh\u00f5es tem recupera\u00e7\u00e3o judicial aceita em Ribeir\u00e3o","author":"noticiasribeiraopreto.com.br","date":"26 de March de 2025","format":false,"excerpt":"A Justi\u00e7a de Ribeir\u00e3o Preto aceitou o pedido de recupera\u00e7\u00e3o judicial da Matriz Ve\u00edculos, por causa de uma d\u00edvida de R$ 25 milh\u00f5es. Por conta disso, foi determinado que bloqueios e apreens\u00f5es envolvendo a concession\u00e1ria devem ficar suspensos por 180 dias, mesmo que estejam ligados \u00e0s d\u00edvidas. O plano de\u2026","rel":"","context":"In &quot;Not\u00edcias de Ribeir\u00e3o Preto-SP e Regi\u00e3o&quot;","block_context":{"text":"Not\u00edcias de Ribeir\u00e3o Preto-SP e Regi\u00e3o","link":"https:\/\/noticiasribeiraopreto.com.br\/index.php\/category\/noticias-de-ribeirao-preto-sp-e-regiao-ismael-colosi\/"},"img":{"alt_text":"","src":"https:\/\/i0.wp.com\/noticiasribeiraopreto.com.br\/wp-content\/uploads\/2025\/03\/MAtriz-veiculos_2025-03-26_13-12-10_jpg_2025-03-26_13-12-10.webp.webp?fit=1200%2C643&ssl=1&resize=350%2C200","width":350,"height":200,"srcset":"https:\/\/i0.wp.com\/noticiasribeiraopreto.com.br\/wp-content\/uploads\/2025\/03\/MAtriz-veiculos_2025-03-26_13-12-10_jpg_2025-03-26_13-12-10.webp.webp?fit=1200%2C643&ssl=1&resize=350%2C200 1x, https:\/\/i0.wp.com\/noticiasribeiraopreto.com.br\/wp-content\/uploads\/2025\/03\/MAtriz-veiculos_2025-03-26_13-12-10_jpg_2025-03-26_13-12-10.webp.webp?fit=1200%2C643&ssl=1&resize=525%2C300 1.5x, https:\/\/i0.wp.com\/noticiasribeiraopreto.com.br\/wp-content\/uploads\/2025\/03\/MAtriz-veiculos_2025-03-26_13-12-10_jpg_2025-03-26_13-12-10.webp.webp?fit=1200%2C643&ssl=1&resize=700%2C400 2x, https:\/\/i0.wp.com\/noticiasribeiraopreto.com.br\/wp-content\/uploads\/2025\/03\/MAtriz-veiculos_2025-03-26_13-12-10_jpg_2025-03-26_13-12-10.webp.webp?fit=1200%2C643&ssl=1&resize=1050%2C600 3x"},"classes":[]},{"id":81418,"url":"https:\/\/noticiasribeiraopreto.com.br\/index.php\/2026\/01\/05\/menino-atropelado-dia-1o-e-sepultado-em-bonfim-paulista\/","url_meta":{"origin":81637,"position":5},"title":"Menino atropelado dia 1\u00ba \u00e9 sepultado em Bonfim Paulista","author":"noticiasribeiraopreto.com.br","date":"5 de January de 2026","format":false,"excerpt":"Por: Adalberto Luque Guilherme da Silva Maia, de 6 anos, foi sepultado na manh\u00e3 desta segunda-feira (5), no Cemit\u00e9rio de Bonfim Paulista, zona Sul de Ribeir\u00e3o Preto. Ele e a m\u00e3e, Eliene de Santana Maia, de 33 anos, foram atropelados na manh\u00e3 de quinta-feira (1\u00ba de janeiro). Guilherme e sua\u2026","rel":"","context":"In &quot;Not\u00edcias de Ribeir\u00e3o Preto-SP e Regi\u00e3o&quot;","block_context":{"text":"Not\u00edcias de Ribeir\u00e3o Preto-SP e Regi\u00e3o","link":"https:\/\/noticiasribeiraopreto.com.br\/index.php\/category\/noticias-de-ribeirao-preto-sp-e-regiao-ismael-colosi\/"},"img":{"alt_text":"","src":"https:\/\/i0.wp.com\/noticiasribeiraopreto.com.br\/wp-content\/uploads\/2026\/01\/05-jan-2026-meninoatropelado0-scaled.jpg?fit=1170%2C780&ssl=1&resize=350%2C200","width":350,"height":200,"srcset":"https:\/\/i0.wp.com\/noticiasribeiraopreto.com.br\/wp-content\/uploads\/2026\/01\/05-jan-2026-meninoatropelado0-scaled.jpg?fit=1170%2C780&ssl=1&resize=350%2C200 1x, https:\/\/i0.wp.com\/noticiasribeiraopreto.com.br\/wp-content\/uploads\/2026\/01\/05-jan-2026-meninoatropelado0-scaled.jpg?fit=1170%2C780&ssl=1&resize=525%2C300 1.5x, https:\/\/i0.wp.com\/noticiasribeiraopreto.com.br\/wp-content\/uploads\/2026\/01\/05-jan-2026-meninoatropelado0-scaled.jpg?fit=1170%2C780&ssl=1&resize=700%2C400 2x, https:\/\/i0.wp.com\/noticiasribeiraopreto.com.br\/wp-content\/uploads\/2026\/01\/05-jan-2026-meninoatropelado0-scaled.jpg?fit=1170%2C780&ssl=1&resize=1050%2C600 3x"},"classes":[]}],"jetpack_sharing_enabled":true,"jetpack_shortlink":"https:\/\/wp.me\/peQAOb-leJ","_links":{"self":[{"href":"https:\/\/noticiasribeiraopreto.com.br\/index.php\/wp-json\/wp\/v2\/posts\/81637","targetHints":{"allow":["GET"]}}],"collection":[{"href":"https:\/\/noticiasribeiraopreto.com.br\/index.php\/wp-json\/wp\/v2\/posts"}],"about":[{"href":"https:\/\/noticiasribeiraopreto.com.br\/index.php\/wp-json\/wp\/v2\/types\/post"}],"author":[{"embeddable":true,"href":"https:\/\/noticiasribeiraopreto.com.br\/index.php\/wp-json\/wp\/v2\/users\/1"}],"replies":[{"embeddable":true,"href":"https:\/\/noticiasribeiraopreto.com.br\/index.php\/wp-json\/wp\/v2\/comments?post=81637"}],"version-history":[{"count":0,"href":"https:\/\/noticiasribeiraopreto.com.br\/index.php\/wp-json\/wp\/v2\/posts\/81637\/revisions"}],"wp:featuredmedia":[{"embeddable":true,"href":"https:\/\/noticiasribeiraopreto.com.br\/index.php\/wp-json\/wp\/v2\/media\/81356"}],"wp:attachment":[{"href":"https:\/\/noticiasribeiraopreto.com.br\/index.php\/wp-json\/wp\/v2\/media?parent=81637"}],"wp:term":[{"taxonomy":"category","embeddable":true,"href":"https:\/\/noticiasribeiraopreto.com.br\/index.php\/wp-json\/wp\/v2\/categories?post=81637"},{"taxonomy":"post_tag","embeddable":true,"href":"https:\/\/noticiasribeiraopreto.com.br\/index.php\/wp-json\/wp\/v2\/tags?post=81637"}],"curies":[{"name":"wp","href":"https:\/\/api.w.org\/{rel}","templated":true}]}}