{"id":8201,"date":"2023-11-29T17:09:44","date_gmt":"2023-11-29T20:09:44","guid":{"rendered":"https:\/\/noticiasribeiraopreto.com.br\/index.php\/2023\/11\/29\/morte-de-jovens-apos-tomarem-anticoncepcional-chama-atencao\/"},"modified":"2023-11-29T17:09:44","modified_gmt":"2023-11-29T20:09:44","slug":"morte-de-jovens-apos-tomarem-anticoncepcional-chama-atencao","status":"publish","type":"post","link":"https:\/\/noticiasribeiraopreto.com.br\/index.php\/2023\/11\/29\/morte-de-jovens-apos-tomarem-anticoncepcional-chama-atencao\/","title":{"rendered":"Morte de jovens ap\u00f3s tomarem anticoncepcional chama aten\u00e7\u00e3o"},"content":{"rendered":"<div class='code-block code-block-1' style='margin: 8px 0 8px auto; text-align: right; display: block; clear: both;'>\n<p><a href=\"https:\/\/wa.link\/vpicfd\"><img data-recalc-dims=\"1\" class=\"wp-image-4922\" style=\"aspect-ratio: 2.0253164556962027; width: 561px; height: auto;\" src=\"https:\/\/i0.wp.com\/ismaelcolosi.com.br\/wp-content\/uploads\/2023\/11\/grupo-de-empregos-whatsapp-e-facebook-ismael-colosi-vagas.jpg?ssl=1\" alt=\"\" \/><\/a><\/p>\n<!-- \/wp:image -->\n<\/div>\n<p> <br \/>\n<\/p>\n<div>\n<p>Duas mulheres jovens que tomaram a p\u00edlula <a href=\"https:\/\/catracalivre.com.br\/saude-bem-estar\/jovem-alerta-sobre-anticoncepcional-apos-quase-morrer\/\">anticoncepcional<\/a> morreram com apenas 10 dias de diferen\u00e7a. Ambas eram da Nova Zel\u00e2ndia.<\/p>\n<p>Georgia O\u2019Neill, 24 anos, foi encontrada morta em seu quarto, em setembro de 2021. E Isabella Rangiamohia Alexander, 17, morreu no mesmo m\u00eas ap\u00f3s desmaiar enquanto caminhava com o pai.<\/p>\n<p>O que chamou a aten\u00e7\u00e3o \u00e9 que nenhuma delas tinha condi\u00e7\u00f5es conhecidas de <a href=\"https:\/\/catracalivre.com.br\/saude-bem-estar\/este-grupo-sanguineo-tem-mais-chance-de-ter-avc-jovem\/\">coagula\u00e7\u00e3o sangu\u00ednea<\/a>.<\/p>\n<p>As mortes foram relacionadas a p\u00edlulas anticoncepcionais que cont\u00eam estrog\u00eanio e pode fazer o sangue coagular mais facilmente.<\/p>\n<p>O uso desse riscos desse m\u00e9todo contraceptivo traz risco de <a href=\"https:\/\/catracalivre.com.br\/saude-bem-estar\/covid-19-trombose-pode-acontecer-ate-quatro-semanas-apos-recuperacao\/\">tromboembolismo venoso<\/a> (TEV), que inclui trombose venosa profunda (TVP) e embolia pulmonar (EP).<\/p>\n<div id=\"attachment_2292094\" class=\"wp-caption alignnone\">\n<div class=\"d-flex justify-content-center\" data-attachment-id=\"2292094\">\n<div class=\"position-relative d-inline-block\"><img data-recalc-dims=\"1\" data-portal-copyright=\"iStock\/toons17\" decoding=\"async\" fetchpriority=\"high\" class=\"size-large wp-image-2292094\" src=\"https:\/\/i0.wp.com\/catracalivre.com.br\/wp-content\/uploads\/2023\/08\/istock-593310062-910x607.jpg?resize=910%2C607&#038;ssl=1\" alt=\"Duas jovens, de 17 e 24 anos, morreram com apenas 10 dias de intervalo ap\u00f3s tomarem p\u00edlula anticoncepcional\" width=\"910\" height=\"607\" srcset=\"https:\/\/catracalivre.com.br\/wp-content\/uploads\/2023\/08\/istock-593310062-910x607.jpg 910w, https:\/\/catracalivre.com.br\/wp-content\/uploads\/2023\/08\/istock-593310062-450x300.jpg 450w, https:\/\/catracalivre.com.br\/wp-content\/uploads\/2023\/08\/istock-593310062-768x512.jpg 768w\" sizes=\"(max-width: 910px) 100vw, 910px\"\/><\/p>\n<p>Cr\u00e9ditos: iStock\/toons17<\/p>\n<\/div>\n<\/div>\n<p><span class=\"post-imagem__legenda\">Duas jovens, de 17 e 24 anos, morreram com apenas 10 dias de intervalo ap\u00f3s tomarem p\u00edlula anticoncepcional<\/span><\/p>\n<\/div>\n<p>No dia de sua morte, Georgia teria se queixado de dores na parte inferior das costas, que desciam pela perna esquerda e \u00e0s vezes eram t\u00e3o fortes que ela tinha vontade de vomitar.<\/p>\n<p>J\u00e1 Isabella n\u00e3o apresentou nenhuma queixa antes de desmaiar.<\/p>\n<p>Ap\u00f3s a morte das jovens, descobriu-se que elas tinham uma muta\u00e7\u00e3o do Fator V Leiden, o que as colocava em um grupo de maior risco.<\/p>\n<p>Pessoas saud\u00e1veis \u200b\u200bque tomam a p\u00edlula t\u00eam um risco tr\u00eas a quatro vezes maior de TVP ou EP, mas esse risco aumenta at\u00e9 sete vezes para mulheres com a muta\u00e7\u00e3o.<\/p>\n<h2>Riscos do anticoncepcional<\/h2>\n<p>A p\u00edlula anticoncepcional oral combinada, muitas vezes chamada apenas de \u201cp\u00edlula\u201d, cont\u00e9m vers\u00f5es artificiais dos horm\u00f4nios femininos <a href=\"https:\/\/catracalivre.com.br\/saude-bem-estar\/estes-sao-os-sinais-de-deficiencia-em-estrogenio-em-mulheres\/\">estrog\u00eanio<\/a> e progesterona, que s\u00e3o produzidos naturalmente nos ov\u00e1rios.<\/p>\n<p>Quando tomada corretamente, a p\u00edlula \u00e9 mais de 99% eficaz na preven\u00e7\u00e3o da gravidez.<\/p>\n<p>Tamb\u00e9m \u00e9 seguro para a maioria das pessoas, provocando apenas efeitos colaterais menores, como altera\u00e7\u00f5es de humor, n\u00e1useas, sensibilidade nos seios e dores de cabe\u00e7a.<\/p>\n<p>No entanto, existe um risco muito baixo de efeitos secund\u00e1rios graves, como co\u00e1gulos sangu\u00edneos e c\u00e2ncer do colo do \u00fatero.<\/p>\n<p>O estrog\u00eanio da p\u00edlula pode fazer com que o sangue coagule mais facilmente, pois o torna mais \u201cpegajoso\u201d e com maior probabilidade de formar grumos.<\/p>\n<p>Se um co\u00e1gulo sangu\u00edneo se desenvolver, poder\u00e1 causar:<\/p>\n<ul>\n<li>Trombose venosa profunda (co\u00e1gulo na perna)<\/li>\n<li>Embolia pulmonar (co\u00e1gulo no pulm\u00e3o)<\/li>\n<li>AVC<\/li>\n<li>Ataque card\u00edaco<\/li>\n<\/ul>\n<\/div>\n<p><script>\n\t\t! function(f, b, e, v, n, t, s) {\n\t\t\tif (f.fbq) return;\n\t\t\tn = f.fbq = function() {\n\t\t\t\tn.callMethod ?\n\t\t\t\t\tn.callMethod.apply(n, arguments) : n.queue.push(arguments)\n\t\t\t};\n\t\t\tif (!f._fbq) f._fbq = n;\n\t\t\tn.push = n;\n\t\t\tn.loaded = !0;\n\t\t\tn.version = '2.0';\n\t\t\tn.queue = [];\n\t\t\tt = b.createElement(e);\n\t\t\tt.async = !0;\n\t\t\tt.src = v;\n\t\t\ts = b.getElementsByTagName(e)[0];\n\t\t\ts.parentNode.insertBefore(t, s)\n\t\t}(window, document, 'script',\n\t\t\t'https:\/\/connect.facebook.net\/en_US\/fbevents.js');\n\t\tfbq('init', '338315473262380');\n\t\tfbq('track', 'PageView');\n\t<\/script><br \/>\n<br \/><br \/>\n<br \/><a href=\"https:\/\/catracalivre.com.br\/saude-bem-estar\/morte-de-jovens-apos-tomarem-anticoncepcional-chama-atencao\/\">Source link <\/a><\/p>\n<!-- CONTENT END 1 -->\n","protected":false},"excerpt":{"rendered":"<p>Duas mulheres jovens que tomaram a p\u00edlula anticoncepcional morreram com apenas 10 dias de diferen\u00e7a. Ambas eram da Nova Zel\u00e2ndia. Georgia O\u2019Neill, 24 anos, foi&#8230;<\/p>\n","protected":false},"author":1,"featured_media":8202,"comment_status":"open","ping_status":"open","sticky":false,"template":"","format":"standard","meta":{"advanced_seo_description":"","jetpack_seo_html_title":"","jetpack_seo_noindex":false,"jetpack_post_was_ever_published":false,"_jetpack_newsletter_access":"","_jetpack_dont_email_post_to_subs":false,"_jetpack_newsletter_tier_id":0,"_jetpack_memberships_contains_paywalled_content":false,"_jetpack_memberships_contains_paid_content":false,"footnotes":"","jetpack_publicize_message":"","jetpack_publicize_feature_enabled":true,"jetpack_social_post_already_shared":true,"jetpack_social_options":{"image_generator_settings":{"template":"highway","default_image_id":0,"font":"","enabled":false},"version":2}},"categories":[19],"tags":[],"class_list":["post-8201","post","type-post","status-publish","format-standard","has-post-thumbnail","hentry","category-variedades"],"jetpack_publicize_connections":[],"jetpack_featured_media_url":"https:\/\/i0.wp.com\/noticiasribeiraopreto.com.br\/wp-content\/uploads\/2023\/11\/istock-593310062.jpg?fit=1200%2C638&ssl=1","jetpack-related-posts":[{"id":18446,"url":"https:\/\/noticiasribeiraopreto.com.br\/index.php\/2023\/12\/20\/conheca-o-primeiro-anticoncepcional-masculino-sem-hormonios\/","url_meta":{"origin":8201,"position":0},"title":"Conhe\u00e7a o primeiro anticoncepcional masculino sem horm\u00f4nios","author":"noticiasribeiraopreto.com.br","date":"20 de December de 2023","format":false,"excerpt":"Um grupo de homens brit\u00e2nicos tornou-se o primeiro no mundo a testar uma novo anticoncepcional masculino sem horm\u00f4nios. Ao contr\u00e1rio da p\u00edlula contraceptiva feminina, o YCT-529 \u00e9 um tipo de inibidor do receptor alfa do \u00e1cido retin\u00f3ico (RAR-alfa) livre de horm\u00f4nios, o que significa que funciona bloqueando o acesso \u00e0\u2026","rel":"","context":"In &quot;Variedades&quot;","block_context":{"text":"Variedades","link":"https:\/\/noticiasribeiraopreto.com.br\/index.php\/category\/variedades\/"},"img":{"alt_text":"","src":"https:\/\/i0.wp.com\/noticiasribeiraopreto.com.br\/wp-content\/uploads\/2023\/12\/depositphotos-167176894-l.jpg?fit=1200%2C638&ssl=1&resize=350%2C200","width":350,"height":200,"srcset":"https:\/\/i0.wp.com\/noticiasribeiraopreto.com.br\/wp-content\/uploads\/2023\/12\/depositphotos-167176894-l.jpg?fit=1200%2C638&ssl=1&resize=350%2C200 1x, https:\/\/i0.wp.com\/noticiasribeiraopreto.com.br\/wp-content\/uploads\/2023\/12\/depositphotos-167176894-l.jpg?fit=1200%2C638&ssl=1&resize=525%2C300 1.5x, https:\/\/i0.wp.com\/noticiasribeiraopreto.com.br\/wp-content\/uploads\/2023\/12\/depositphotos-167176894-l.jpg?fit=1200%2C638&ssl=1&resize=700%2C400 2x, https:\/\/i0.wp.com\/noticiasribeiraopreto.com.br\/wp-content\/uploads\/2023\/12\/depositphotos-167176894-l.jpg?fit=1200%2C638&ssl=1&resize=1050%2C600 3x"},"classes":[]},{"id":18016,"url":"https:\/\/noticiasribeiraopreto.com.br\/index.php\/2023\/12\/19\/jovem-morre-apos-comecar-a-tomar-anticoncepcional-ela-teve-coagulo-no-cerebro\/","url_meta":{"origin":8201,"position":1},"title":"Jovem morre ap\u00f3s come\u00e7ar a tomar anticoncepcional; ela teve co\u00e1gulo no c\u00e9rebro","author":"noticiasribeiraopreto.com.br","date":"19 de December de 2023","format":false,"excerpt":"Uma adolescente de 16 anos acabou indo a \u00f3bito ap\u00f3s come\u00e7ar a tomar p\u00edlulas anticoncepcionais. A jovem foi identificada como Layla Khan e era moradora de uma cidade do Reino Unido. O falecimento foi constatado na \u00faltima quarta-feira (13\/12).Layla era estudante e costumava sentir forte desconforto durante seus ciclos menstruais.\u2026","rel":"","context":"In &quot;Blog&quot;","block_context":{"text":"Blog","link":"https:\/\/noticiasribeiraopreto.com.br\/index.php\/category\/blog\/"},"img":{"alt_text":"","src":"https:\/\/i0.wp.com\/noticiasribeiraopreto.com.br\/wp-content\/uploads\/2023\/12\/postimg-6581d7b11d2376075.jpg?fit=1200%2C628&ssl=1&resize=350%2C200","width":350,"height":200,"srcset":"https:\/\/i0.wp.com\/noticiasribeiraopreto.com.br\/wp-content\/uploads\/2023\/12\/postimg-6581d7b11d2376075.jpg?fit=1200%2C628&ssl=1&resize=350%2C200 1x, https:\/\/i0.wp.com\/noticiasribeiraopreto.com.br\/wp-content\/uploads\/2023\/12\/postimg-6581d7b11d2376075.jpg?fit=1200%2C628&ssl=1&resize=525%2C300 1.5x, https:\/\/i0.wp.com\/noticiasribeiraopreto.com.br\/wp-content\/uploads\/2023\/12\/postimg-6581d7b11d2376075.jpg?fit=1200%2C628&ssl=1&resize=700%2C400 2x, https:\/\/i0.wp.com\/noticiasribeiraopreto.com.br\/wp-content\/uploads\/2023\/12\/postimg-6581d7b11d2376075.jpg?fit=1200%2C628&ssl=1&resize=1050%2C600 3x"},"classes":[]},{"id":65896,"url":"https:\/\/noticiasribeiraopreto.com.br\/index.php\/2025\/03\/25\/jornal-da-franca-dois-em-um-viagra-levanta-moral-do-homem-e-previne-o-mal-de-alzheimer\/","url_meta":{"origin":8201,"position":2},"title":"Jornal da Franca &#8211; Dois em um: Viagra &#8220;levanta moral do homem&#8221; e previne o Mal de Alzheimer","author":"noticiasribeiraopreto.com.br","date":"25 de March de 2025","format":false,"excerpt":"compartilhar no whatsapp compartilhar no telegram compartilhar no facebook compartilhar no linkedin Estudos seguem sobre benef\u00edcios do uso do Viagra O Viagra, usado para disfun\u00e7\u00e3o er\u00e9til, pode reduzir o risco de Alzheimer em at\u00e9 60% em homens e mulheres. \u00c9 o que descobriu uma pesquisa feita por cientistas de Nova\u2026","rel":"","context":"In &quot;Not\u00edcias de Franca-SP&quot;","block_context":{"text":"Not\u00edcias de Franca-SP","link":"https:\/\/noticiasribeiraopreto.com.br\/index.php\/category\/noticias-de-ribeirao-preto-sp-e-regiao-ismael-colosi\/noticias-franca-sp\/"},"img":{"alt_text":"","src":"https:\/\/i0.wp.com\/noticiasribeiraopreto.com.br\/wp-content\/uploads\/2025\/03\/IMG-20231025-WA0018.jpg?fit=800%2C560&ssl=1&resize=350%2C200","width":350,"height":200,"srcset":"https:\/\/i0.wp.com\/noticiasribeiraopreto.com.br\/wp-content\/uploads\/2025\/03\/IMG-20231025-WA0018.jpg?fit=800%2C560&ssl=1&resize=350%2C200 1x, https:\/\/i0.wp.com\/noticiasribeiraopreto.com.br\/wp-content\/uploads\/2025\/03\/IMG-20231025-WA0018.jpg?fit=800%2C560&ssl=1&resize=525%2C300 1.5x, https:\/\/i0.wp.com\/noticiasribeiraopreto.com.br\/wp-content\/uploads\/2025\/03\/IMG-20231025-WA0018.jpg?fit=800%2C560&ssl=1&resize=700%2C400 2x"},"classes":[]},{"id":73590,"url":"https:\/\/noticiasribeiraopreto.com.br\/index.php\/2025\/07\/05\/o-que-e-o-implanon-sus-vai-oferecer-novo-implante-contraceptivo-a-partir-de-2025\/","url_meta":{"origin":8201,"position":3},"title":"O que \u00e9 o Implanon? SUS vai oferecer novo implante contraceptivo a partir de 2025","author":"noticiasribeiraopreto.com.br","date":"5 de July de 2025","format":false,"excerpt":"O Sistema \u00danico de Sa\u00fade (SUS) come\u00e7ar\u00e1 a oferecer o Implanon, um implante contraceptivo hormonal de longa dura\u00e7\u00e3o, de forma gratuita \u00e0s mulheres brasileiras. A previs\u00e3o \u00e9 que o m\u00e9todo esteja dispon\u00edvel na rede p\u00fablica a partir do segundo semestre de 2025. O Minist\u00e9rio da Sa\u00fade anunciou a inclus\u00e3o do\u2026","rel":"","context":"In &quot;Not\u00edcias de Ribeir\u00e3o Preto-SP e Regi\u00e3o&quot;","block_context":{"text":"Not\u00edcias de Ribeir\u00e3o Preto-SP e Regi\u00e3o","link":"https:\/\/noticiasribeiraopreto.com.br\/index.php\/category\/noticias-de-ribeirao-preto-sp-e-regiao-ismael-colosi\/"},"img":{"alt_text":"","src":"https:\/\/i0.wp.com\/noticiasribeiraopreto.com.br\/wp-content\/uploads\/2025\/07\/280e56bb-cade-4234-82d5-359324465d48_2025-07-04_19-49-10.webp.webp?fit=768%2C354&ssl=1&resize=350%2C200","width":350,"height":200,"srcset":"https:\/\/i0.wp.com\/noticiasribeiraopreto.com.br\/wp-content\/uploads\/2025\/07\/280e56bb-cade-4234-82d5-359324465d48_2025-07-04_19-49-10.webp.webp?fit=768%2C354&ssl=1&resize=350%2C200 1x, https:\/\/i0.wp.com\/noticiasribeiraopreto.com.br\/wp-content\/uploads\/2025\/07\/280e56bb-cade-4234-82d5-359324465d48_2025-07-04_19-49-10.webp.webp?fit=768%2C354&ssl=1&resize=525%2C300 1.5x, https:\/\/i0.wp.com\/noticiasribeiraopreto.com.br\/wp-content\/uploads\/2025\/07\/280e56bb-cade-4234-82d5-359324465d48_2025-07-04_19-49-10.webp.webp?fit=768%2C354&ssl=1&resize=700%2C400 2x"},"classes":[]},{"id":9225,"url":"https:\/\/noticiasribeiraopreto.com.br\/index.php\/2023\/12\/01\/pfizer-descontinua-pilula-para-perda-de-peso-apos-fortes-efeitos-colaterais\/","url_meta":{"origin":8201,"position":4},"title":"Pfizer descontinua p\u00edlula para perda de peso ap\u00f3s fortes efeitos colaterais","author":"noticiasribeiraopreto.com.br","date":"1 de December de 2023","format":false,"excerpt":"A Pfizer anunciou nesta sexta-feira, 1\u00ba, que n\u00e3o avan\u00e7ar\u00e1 com uma vers\u00e3o do medicamento oral para perda de peso, danuglipron, duas vezes ao dia, devido \u00e0s altas taxas de efeitos colaterais adversos. A maioria dos pacientes desistiu de continuar com um ensaio cl\u00ednico com o medicamento ap\u00f3s problemas de toler\u00e2ncia\u2026","rel":"","context":"In &quot;Variedades&quot;","block_context":{"text":"Variedades","link":"https:\/\/noticiasribeiraopreto.com.br\/index.php\/category\/variedades\/"},"img":{"alt_text":"","src":"https:\/\/i0.wp.com\/noticiasribeiraopreto.com.br\/wp-content\/uploads\/2023\/12\/istock-1424263565.jpg?fit=1200%2C638&ssl=1&resize=350%2C200","width":350,"height":200,"srcset":"https:\/\/i0.wp.com\/noticiasribeiraopreto.com.br\/wp-content\/uploads\/2023\/12\/istock-1424263565.jpg?fit=1200%2C638&ssl=1&resize=350%2C200 1x, https:\/\/i0.wp.com\/noticiasribeiraopreto.com.br\/wp-content\/uploads\/2023\/12\/istock-1424263565.jpg?fit=1200%2C638&ssl=1&resize=525%2C300 1.5x, https:\/\/i0.wp.com\/noticiasribeiraopreto.com.br\/wp-content\/uploads\/2023\/12\/istock-1424263565.jpg?fit=1200%2C638&ssl=1&resize=700%2C400 2x, https:\/\/i0.wp.com\/noticiasribeiraopreto.com.br\/wp-content\/uploads\/2023\/12\/istock-1424263565.jpg?fit=1200%2C638&ssl=1&resize=1050%2C600 3x"},"classes":[]},{"id":67697,"url":"https:\/\/noticiasribeiraopreto.com.br\/index.php\/2025\/04\/17\/rival-do-ozempic-pilula-pode-ser-nova-opcao-para-diabetes-e-perda-de-peso-saiba-mais\/","url_meta":{"origin":8201,"position":5},"title":"Rival do Ozempic? P\u00edlula pode ser nova op\u00e7\u00e3o para diabetes e perda de peso; saiba mais","author":"noticiasribeiraopreto.com.br","date":"17 de April de 2025","format":false,"excerpt":"A farmac\u00eautica Eli Lilly anunciou que a primeira p\u00edlula com o receptor GLP-1 \u2013 o mesmo encontrado no Ozempic e no Wegovy \u2013 utilizado para perda de peso est\u00e1 um passo mais perto de chegar ao mercado. A Eli Lilly informou que seu comprimido experimental atingiu os objetivos em um\u2026","rel":"","context":"In &quot;Not\u00edcias de Ribeir\u00e3o Preto-SP e Regi\u00e3o&quot;","block_context":{"text":"Not\u00edcias de Ribeir\u00e3o Preto-SP e Regi\u00e3o","link":"https:\/\/noticiasribeiraopreto.com.br\/index.php\/category\/noticias-de-ribeirao-preto-sp-e-regiao-ismael-colosi\/"},"img":{"alt_text":"","src":"https:\/\/i0.wp.com\/noticiasribeiraopreto.com.br\/wp-content\/uploads\/2025\/04\/pilula_2025-04-17_15-45-13.webp.webp?fit=1200%2C800&ssl=1&resize=350%2C200","width":350,"height":200,"srcset":"https:\/\/i0.wp.com\/noticiasribeiraopreto.com.br\/wp-content\/uploads\/2025\/04\/pilula_2025-04-17_15-45-13.webp.webp?fit=1200%2C800&ssl=1&resize=350%2C200 1x, https:\/\/i0.wp.com\/noticiasribeiraopreto.com.br\/wp-content\/uploads\/2025\/04\/pilula_2025-04-17_15-45-13.webp.webp?fit=1200%2C800&ssl=1&resize=525%2C300 1.5x, https:\/\/i0.wp.com\/noticiasribeiraopreto.com.br\/wp-content\/uploads\/2025\/04\/pilula_2025-04-17_15-45-13.webp.webp?fit=1200%2C800&ssl=1&resize=700%2C400 2x, https:\/\/i0.wp.com\/noticiasribeiraopreto.com.br\/wp-content\/uploads\/2025\/04\/pilula_2025-04-17_15-45-13.webp.webp?fit=1200%2C800&ssl=1&resize=1050%2C600 3x"},"classes":[]}],"jetpack_sharing_enabled":true,"jetpack_shortlink":"https:\/\/wp.me\/peQAOb-28h","_links":{"self":[{"href":"https:\/\/noticiasribeiraopreto.com.br\/index.php\/wp-json\/wp\/v2\/posts\/8201","targetHints":{"allow":["GET"]}}],"collection":[{"href":"https:\/\/noticiasribeiraopreto.com.br\/index.php\/wp-json\/wp\/v2\/posts"}],"about":[{"href":"https:\/\/noticiasribeiraopreto.com.br\/index.php\/wp-json\/wp\/v2\/types\/post"}],"author":[{"embeddable":true,"href":"https:\/\/noticiasribeiraopreto.com.br\/index.php\/wp-json\/wp\/v2\/users\/1"}],"replies":[{"embeddable":true,"href":"https:\/\/noticiasribeiraopreto.com.br\/index.php\/wp-json\/wp\/v2\/comments?post=8201"}],"version-history":[{"count":0,"href":"https:\/\/noticiasribeiraopreto.com.br\/index.php\/wp-json\/wp\/v2\/posts\/8201\/revisions"}],"wp:featuredmedia":[{"embeddable":true,"href":"https:\/\/noticiasribeiraopreto.com.br\/index.php\/wp-json\/wp\/v2\/media\/8202"}],"wp:attachment":[{"href":"https:\/\/noticiasribeiraopreto.com.br\/index.php\/wp-json\/wp\/v2\/media?parent=8201"}],"wp:term":[{"taxonomy":"category","embeddable":true,"href":"https:\/\/noticiasribeiraopreto.com.br\/index.php\/wp-json\/wp\/v2\/categories?post=8201"},{"taxonomy":"post_tag","embeddable":true,"href":"https:\/\/noticiasribeiraopreto.com.br\/index.php\/wp-json\/wp\/v2\/tags?post=8201"}],"curies":[{"name":"wp","href":"https:\/\/api.w.org\/{rel}","templated":true}]}}