{"id":8223,"date":"2023-11-29T17:45:29","date_gmt":"2023-11-29T20:45:29","guid":{"rendered":"https:\/\/noticiasribeiraopreto.com.br\/index.php\/2023\/11\/29\/shoppings-inovam-ao-lancar-canal-de-vendas-online-via-whatsapp\/"},"modified":"2023-11-29T17:45:29","modified_gmt":"2023-11-29T20:45:29","slug":"shoppings-inovam-ao-lancar-canal-de-vendas-online-via-whatsapp","status":"publish","type":"post","link":"https:\/\/noticiasribeiraopreto.com.br\/index.php\/2023\/11\/29\/shoppings-inovam-ao-lancar-canal-de-vendas-online-via-whatsapp\/","title":{"rendered":"Shoppings inovam ao lan\u00e7ar canal de vendas online via WhatsApp"},"content":{"rendered":"<div class='code-block code-block-1' style='margin: 8px 0 8px auto; text-align: right; display: block; clear: both;'>\n<p><a href=\"https:\/\/wa.link\/vpicfd\"><img data-recalc-dims=\"1\" class=\"wp-image-4922\" style=\"aspect-ratio: 2.0253164556962027; width: 561px; height: auto;\" src=\"https:\/\/i0.wp.com\/ismaelcolosi.com.br\/wp-content\/uploads\/2023\/11\/grupo-de-empregos-whatsapp-e-facebook-ismael-colosi-vagas.jpg?ssl=1\" alt=\"\" \/><\/a><\/p>\n<!-- \/wp:image -->\n<\/div>\n<p> <br \/>\n<\/p>\n<div>\n<p>Os clientes do Shopping Penha e Shopping Pra\u00e7a da Mo\u00e7a, ambos administrados pelo Grupo AD, j\u00e1 podem comprar tamb\u00e9m pelo WhatsApp com a op\u00e7\u00e3o de receber em casa ou retirar na loja.<\/p>\n<p>A novidade acaba de ser viabilizada e \u00e9 ideal para quem quer mais uma possibilidade para aproveitar o tempo de ofertas do per\u00edodo de presentear no Natal.<\/p>\n<div id=\"attachment_2315322\" class=\"wp-caption alignnone\">\n<div class=\"d-flex justify-content-center\" data-attachment-id=\"2315322\">\n<div class=\"position-relative d-inline-block\"><img data-recalc-dims=\"1\" data-portal-copyright=\"Divulga\u00e7\u00e3o\" decoding=\"async\" fetchpriority=\"high\" class=\"size-full wp-image-2315322\" src=\"https:\/\/i0.wp.com\/catracalivre.com.br\/wp-content\/uploads\/2023\/11\/shutterstock-442094740-scaled.jpg?resize=2560%2C1706&#038;ssl=1\" alt=\"O lan\u00e7amento do novo canal de vendas online redefine a maneira como os consumidores interagem e fazem compras nos shoppings\" width=\"2560\" height=\"1706\" srcset=\"https:\/\/catracalivre.com.br\/wp-content\/uploads\/2023\/11\/shutterstock-442094740-scaled.jpg 2560w, https:\/\/catracalivre.com.br\/wp-content\/uploads\/2023\/11\/shutterstock-442094740-450x300.jpg 450w, https:\/\/catracalivre.com.br\/wp-content\/uploads\/2023\/11\/shutterstock-442094740-768x512.jpg 768w\" sizes=\"(max-width: 2560px) 100vw, 2560px\"\/><\/p>\n<p>Cr\u00e9ditos: Divulga\u00e7\u00e3o<\/p>\n<\/div>\n<\/div>\n<p><span class=\"post-imagem__legenda\">O lan\u00e7amento do novo canal de vendas online redefine a maneira como os consumidores interagem e fazem compras nos shoppings<\/span><\/p>\n<\/div>\n<p>O lan\u00e7amento do novo canal de vendas online redefine a maneira como os consumidores interagem e fazem compras nos shoppings. O aplicativo vend.A\u00cd integra o WhatsApp do centro de compras com cada vendedor das lojas.<\/p>\n<p>Para essa novidade, mais de 6.000 lojistas ser\u00e3o contemplados nos 43 Shoppings do portf\u00f3lio do Grupo AD, sendo mais de 1.500 lojas j\u00e1 na primeira fase.<\/p>\n<p>O vend.A\u00cd, desenvolvido com exclusividade pelo Grupo AD \u2013 em parceria com a Intranet Mall \u2013 conta com Intelig\u00eancia Artificial e Chatbot para facilitar o atendimento inicial dos clientes, que poder\u00e3o realizar compras de forma simples em todas as lojas dos shoppings, atrav\u00e9s do WhatsApp de cada empreendimento, com op\u00e7\u00e3o de receber em casa ou retirar o produto na loja.<\/p>\n<p>A plataforma vend.A\u00cd\u00a0 j\u00e1 nasce com\u00a0 integra\u00e7\u00e3o log\u00edstica para entregas de produtos via delivery, viabilizando uma solu\u00e7\u00e3o completa para o lojista.<\/p>\n<p>\u201cPor meio da sinergia entre tecnologia avan\u00e7ada e acessibilidade, queremos captar o consumidor que est\u00e1 navegando no meio digital e entreg\u00e1-lo aos nossos lojistas, que poder\u00e3o assisti-lo de forma personalizada, garantindo uma experi\u00eancia de compra mais precisa e eficaz. Isso n\u00e3o apenas otimiza a jornada do cliente, mantendo todo o processo em uma \u00fanica plataforma, mas tamb\u00e9m resulta em uma convers\u00e3o de vendas mais alta\u201d, afirma Christian Magalh\u00e3es, head de marketing do Grupo AD.<\/p>\n<p>Ainda de acordo com Christian, a ideia \u00e9 que o novo canal de vendas online tamb\u00e9m agregue \u00e0s vendas f\u00edsicas, j\u00e1 que atualmente o WhatsApp tem como um de seus destaques da plataforma seu perfil popular para compras. O que pode agregar com a for\u00e7a da divulga\u00e7\u00e3o e alcance de audi\u00eancia junto aos consumidores por parte dos shoppings.<\/p>\n<p>Para comprar via WhatsApp do Shopping Penha, o cliente envia uma mensagem do seu WhatsApp pessoal, informando o produto ou servi\u00e7o desejado e o Chatbot do vend.A\u00cd apresenta a rela\u00e7\u00e3o de lojas para sua escolha. Ap\u00f3s o cliente selecionar a loja desejada, os vendedores da loja recebem uma notifica\u00e7\u00e3o no aplicativo vend.A\u00cd e o primeiro vendedor que atender, passa a realizar o atendimento.<\/p>\n<p>\u201cContinuamos no caminho de ter nosso cliente como centro de todo o processo,\u00a0 para que o mesmo se sinta cada vez mais confort\u00e1vel na realiza\u00e7\u00e3o de suas compras. Nos aliamos \u00e0 facilidade da compra online integrada ao WhatsApp para intensificar esse nosso objetivo. Dessa maneira poderemos ampliar a rela\u00e7\u00e3o de credibilidade e confian\u00e7a constru\u00edda durante anos\u201d, comenta Renata Barros, gerente de marketing do Shopping Penha.<\/p>\n<p>Toda intera\u00e7\u00e3o do vendedor com o cliente \u00e9 feita dentro do aplicativo vend.A\u00cd como se estivesse conversando com o cliente pelo WhatsApp, sendo poss\u00edvel compartilhar fotos de produtos (tirados pela c\u00e2mera do celular ou adicionados da galeria de fotos \u2013 sem necessidade de produ\u00e7\u00f5es elaboradas e\/ou proceder com cat\u00e1logo de produtos), consultar o valor do frete atrav\u00e9s do CEP informado pelo consumidor e enviar link de pagamentos da pr\u00f3pria loja. Ap\u00f3s finalizar a compra e confirmar o pagamento, o cliente recebe o n\u00famero do pedido com a confirma\u00e7\u00e3o da compra, podendo optar pelo delivery ou pela retirada em loja.<\/p>\n<p>\u201cEsta nova funcionalidade chega para agregar ao atendimento dos clientes do Shopping Pra\u00e7a da Mo\u00e7a. Para os lojistas, proporcionar\u00e1 a oportunidade de oferecer um servi\u00e7o mais personalizado e dedicado a cada cliente, garantindo maior conforto e seguran\u00e7a. Vemos essa funcionalidade como uma solu\u00e7\u00e3o tanto para os consumidores quanto para os lojistas\u201d, conta Daniel Lima, gerente de marketing do Shopping Pra\u00e7a da Mo\u00e7a.<\/p>\n<p>\u201cPesquisamos diversas solu\u00e7\u00f5es e olhamos para a inova\u00e7\u00e3o de modo a elevar a experi\u00eancia de compra e venda de nossos lojistas e clientes para um novo patamar, tornando-a mais acess\u00edvel e conveniente para todos. Desenvolvemos o vend.A\u00cd embarcado com Intelig\u00eancia Artificial, visando escalar a capilaridade das vendas, colocando o cliente nas m\u00e3os de todos os vendedores \u2013 para um atendimento e venda assistidos \u2013 de cada uma das lojas dos nossos Shoppings. Isso proporciona maior praticidade e efici\u00eancia para os lojistas, que passam a ter, em um s\u00f3 lugar, todas as informa\u00e7\u00f5es transacionadas no dashboard do vend.A\u00cd, al\u00e9m de simplificar a experi\u00eancia de compra para o cliente, tornando todo o processo mais coeso e integrado\u201d, finaliza Christian.<\/p>\n<hr\/>\n<\/div>\n<p><script>\n\t\t! function(f, b, e, v, n, t, s) {\n\t\t\tif (f.fbq) return;\n\t\t\tn = f.fbq = function() {\n\t\t\t\tn.callMethod ?\n\t\t\t\t\tn.callMethod.apply(n, arguments) : n.queue.push(arguments)\n\t\t\t};\n\t\t\tif (!f._fbq) f._fbq = n;\n\t\t\tn.push = n;\n\t\t\tn.loaded = !0;\n\t\t\tn.version = '2.0';\n\t\t\tn.queue = [];\n\t\t\tt = b.createElement(e);\n\t\t\tt.async = !0;\n\t\t\tt.src = v;\n\t\t\ts = b.getElementsByTagName(e)[0];\n\t\t\ts.parentNode.insertBefore(t, s)\n\t\t}(window, document, 'script',\n\t\t\t'https:\/\/connect.facebook.net\/en_US\/fbevents.js');\n\t\tfbq('init', '338315473262380');\n\t\tfbq('track', 'PageView');\n\t<\/script><br \/>\n<br \/><br \/>\n<br \/><a href=\"https:\/\/catracalivre.com.br\/mais\/shoppings-inovam-ao-lancar-canal-de-vendas-online-via-whatsapp-e-com-inteligencia-artificial\/\">Source link <\/a><\/p>\n<!-- CONTENT END 1 -->\n","protected":false},"excerpt":{"rendered":"<p>Os clientes do Shopping Penha e Shopping Pra\u00e7a da Mo\u00e7a, ambos administrados pelo Grupo AD, j\u00e1 podem comprar tamb\u00e9m pelo WhatsApp com a op\u00e7\u00e3o de&#8230;<\/p>\n","protected":false},"author":1,"featured_media":8224,"comment_status":"open","ping_status":"open","sticky":false,"template":"","format":"standard","meta":{"advanced_seo_description":"","jetpack_seo_html_title":"","jetpack_seo_noindex":false,"jetpack_post_was_ever_published":false,"_jetpack_newsletter_access":"","_jetpack_dont_email_post_to_subs":false,"_jetpack_newsletter_tier_id":0,"_jetpack_memberships_contains_paywalled_content":false,"_jetpack_memberships_contains_paid_content":false,"footnotes":"","jetpack_publicize_message":"","jetpack_publicize_feature_enabled":true,"jetpack_social_post_already_shared":true,"jetpack_social_options":{"image_generator_settings":{"template":"highway","default_image_id":0,"font":"","enabled":false},"version":2}},"categories":[19],"tags":[],"class_list":["post-8223","post","type-post","status-publish","format-standard","has-post-thumbnail","hentry","category-variedades"],"jetpack_publicize_connections":[],"jetpack_featured_media_url":"https:\/\/i0.wp.com\/noticiasribeiraopreto.com.br\/wp-content\/uploads\/2023\/11\/shutterstock-442094740-scaled.jpg?fit=1200%2C638&ssl=1","jetpack-related-posts":[{"id":14562,"url":"https:\/\/noticiasribeiraopreto.com.br\/index.php\/2023\/12\/12\/da-para-pedir-emprestimo-pelo-whatsapp-para-pagar-na-conta-de-luz\/","url_meta":{"origin":8223,"position":0},"title":"D\u00e1 para PEDIR EMPR\u00c9STIMO pelo WhatsApp para pagar na CONTA DE LUZ?","author":"noticiasribeiraopreto.com.br","date":"12 de December de 2023","format":false,"excerpt":"Ser\u00e1 vi\u00e1vel realizar um empr\u00e9stimo atrav\u00e9s da fatura de energia utilizando o WhatsApp? A oferta desse tipo de servi\u00e7o por meio do app tem se tornado frequente. Entretanto, associada a essa praticidade, surgem preocupa\u00e7\u00f5es relacionadas \u00e0 seguran\u00e7a e confiabilidade, as quais os consumidores devem estar atentos. Neste momento, exploraremos a\u2026","rel":"","context":"In &quot;Vagas de Emprego em Ribeir\u00e3o Preto-SP&quot;","block_context":{"text":"Vagas de Emprego em Ribeir\u00e3o Preto-SP","link":"https:\/\/noticiasribeiraopreto.com.br\/index.php\/category\/empregos-classificados-vagas-trabalho\/vagas-de-empregos-em-ribeirao-preto-regiao-brasil\/"},"img":{"alt_text":"","src":"https:\/\/i0.wp.com\/noticiasribeiraopreto.com.br\/wp-content\/uploads\/2023\/12\/noticiasconcursos.com_.br-a-82.jpg?fit=1200%2C800&ssl=1&resize=350%2C200","width":350,"height":200,"srcset":"https:\/\/i0.wp.com\/noticiasribeiraopreto.com.br\/wp-content\/uploads\/2023\/12\/noticiasconcursos.com_.br-a-82.jpg?fit=1200%2C800&ssl=1&resize=350%2C200 1x, https:\/\/i0.wp.com\/noticiasribeiraopreto.com.br\/wp-content\/uploads\/2023\/12\/noticiasconcursos.com_.br-a-82.jpg?fit=1200%2C800&ssl=1&resize=525%2C300 1.5x, https:\/\/i0.wp.com\/noticiasribeiraopreto.com.br\/wp-content\/uploads\/2023\/12\/noticiasconcursos.com_.br-a-82.jpg?fit=1200%2C800&ssl=1&resize=700%2C400 2x, https:\/\/i0.wp.com\/noticiasribeiraopreto.com.br\/wp-content\/uploads\/2023\/12\/noticiasconcursos.com_.br-a-82.jpg?fit=1200%2C800&ssl=1&resize=1050%2C600 3x"},"classes":[]},{"id":63990,"url":"https:\/\/noticiasribeiraopreto.com.br\/index.php\/2025\/02\/26\/cidade-da-regiao-de-ribeirao-implementa-agendamento-de-ambulancias-via-whatsapp\/","url_meta":{"origin":8223,"position":1},"title":"Cidade da regi\u00e3o de Ribeir\u00e3o implementa agendamento de ambul\u00e2ncias via Whatsapp","author":"noticiasribeiraopreto.com.br","date":"26 de February de 2025","format":false,"excerpt":"A Secretaria Municipal de Sa\u00fade de Sert\u00e3ozinho, na regi\u00e3o de Ribeir\u00e3o Preto, come\u00e7ou a utilizar um novo n\u00famero de WhatsApp para o agendamento exclusivo do transporte de ambul\u00e2ncias. O objetivo \u00e9 proporcionar maior agilidade no transporte de pacientes pelo SUS. A partir de agora, os cidad\u00e3os devem enviar mensagens de\u2026","rel":"","context":"In &quot;Not\u00edcias de Ribeir\u00e3o Preto-SP e Regi\u00e3o&quot;","block_context":{"text":"Not\u00edcias de Ribeir\u00e3o Preto-SP e Regi\u00e3o","link":"https:\/\/noticiasribeiraopreto.com.br\/index.php\/category\/noticias-de-ribeirao-preto-sp-e-regiao-ismael-colosi\/"},"img":{"alt_text":"","src":"https:\/\/i0.wp.com\/noticiasribeiraopreto.com.br\/wp-content\/uploads\/2025\/02\/Imagem-do-WhatsApp-de-2025-02-26-as-16.27.33_50161d07_2025-02-27_00-49-41_jpg_2025-02-27_00-49-41.webp.webp?fit=1200%2C900&ssl=1&resize=350%2C200","width":350,"height":200,"srcset":"https:\/\/i0.wp.com\/noticiasribeiraopreto.com.br\/wp-content\/uploads\/2025\/02\/Imagem-do-WhatsApp-de-2025-02-26-as-16.27.33_50161d07_2025-02-27_00-49-41_jpg_2025-02-27_00-49-41.webp.webp?fit=1200%2C900&ssl=1&resize=350%2C200 1x, https:\/\/i0.wp.com\/noticiasribeiraopreto.com.br\/wp-content\/uploads\/2025\/02\/Imagem-do-WhatsApp-de-2025-02-26-as-16.27.33_50161d07_2025-02-27_00-49-41_jpg_2025-02-27_00-49-41.webp.webp?fit=1200%2C900&ssl=1&resize=525%2C300 1.5x, https:\/\/i0.wp.com\/noticiasribeiraopreto.com.br\/wp-content\/uploads\/2025\/02\/Imagem-do-WhatsApp-de-2025-02-26-as-16.27.33_50161d07_2025-02-27_00-49-41_jpg_2025-02-27_00-49-41.webp.webp?fit=1200%2C900&ssl=1&resize=700%2C400 2x, https:\/\/i0.wp.com\/noticiasribeiraopreto.com.br\/wp-content\/uploads\/2025\/02\/Imagem-do-WhatsApp-de-2025-02-26-as-16.27.33_50161d07_2025-02-27_00-49-41_jpg_2025-02-27_00-49-41.webp.webp?fit=1200%2C900&ssl=1&resize=1050%2C600 3x"},"classes":[]},{"id":57235,"url":"https:\/\/noticiasribeiraopreto.com.br\/index.php\/2024\/08\/26\/crianca-liga-para-o-190-e-convida-a-policia-para-sua-festa-na-regiao-de-ribeirao\/","url_meta":{"origin":8223,"position":2},"title":"Crian\u00e7a liga para o 190 e convida a pol\u00edcia para sua festa, na regi\u00e3o de Ribeir\u00e3o","author":"noticiasribeiraopreto.com.br","date":"26 de August de 2024","format":false,"excerpt":"A Pol\u00edcia Militar de Barretos, na regi\u00e3o de Ribeir\u00e3o, atendeu uma ocorr\u00eancia inusitada, neste final de semana. Ela foi acionada para participar da festa de anivers\u00e1rio do pequeno Lucas, que completou sete anos e \u00e9 admirador da corpora\u00e7\u00e3o. Lucas ligou para o 190 e convidou os policiais para participar da\u2026","rel":"","context":"In &quot;Not\u00edcias de Ribeir\u00e3o Preto-SP e Regi\u00e3o&quot;","block_context":{"text":"Not\u00edcias de Ribeir\u00e3o Preto-SP e Regi\u00e3o","link":"https:\/\/noticiasribeiraopreto.com.br\/index.php\/category\/noticias-de-ribeirao-preto-sp-e-regiao-ismael-colosi\/"},"img":{"alt_text":"","src":"https:\/\/i0.wp.com\/noticiasribeiraopreto.com.br\/wp-content\/uploads\/2024\/08\/aniv-pm-lucas_2024-08-26_19-42-05_png_2024-08-26_19-42-05.webp.webp?fit=1139%2C1200&ssl=1&resize=350%2C200","width":350,"height":200,"srcset":"https:\/\/i0.wp.com\/noticiasribeiraopreto.com.br\/wp-content\/uploads\/2024\/08\/aniv-pm-lucas_2024-08-26_19-42-05_png_2024-08-26_19-42-05.webp.webp?fit=1139%2C1200&ssl=1&resize=350%2C200 1x, https:\/\/i0.wp.com\/noticiasribeiraopreto.com.br\/wp-content\/uploads\/2024\/08\/aniv-pm-lucas_2024-08-26_19-42-05_png_2024-08-26_19-42-05.webp.webp?fit=1139%2C1200&ssl=1&resize=525%2C300 1.5x, https:\/\/i0.wp.com\/noticiasribeiraopreto.com.br\/wp-content\/uploads\/2024\/08\/aniv-pm-lucas_2024-08-26_19-42-05_png_2024-08-26_19-42-05.webp.webp?fit=1139%2C1200&ssl=1&resize=700%2C400 2x, https:\/\/i0.wp.com\/noticiasribeiraopreto.com.br\/wp-content\/uploads\/2024\/08\/aniv-pm-lucas_2024-08-26_19-42-05_png_2024-08-26_19-42-05.webp.webp?fit=1139%2C1200&ssl=1&resize=1050%2C600 3x"},"classes":[]},{"id":2132,"url":"https:\/\/noticiasribeiraopreto.com.br\/index.php\/2023\/11\/14\/defesa-civil-alerta-para-fake-news-sobre-temporal-no-estado-de-sp\/","url_meta":{"origin":8223,"position":3},"title":"Defesa Civil alerta para fake news sobre temporal no estado de SP","author":"noticiasribeiraopreto.com.br","date":"14 de November de 2023","format":false,"excerpt":"\u00c9 falsa a mensagem que circula nas redes sociais, dizendo que a Defesa Civil e o Inmet (Instituto Nacional de Meteorologia) est\u00e3o alertando o Estado de S\u00e3o Paulo para \u201cnovas rajadas de vento e chuva acima do esperado\u201d, nos dias 18 e 19 de novembro. O aviso mais recente do\u2026","rel":"","context":"In &quot;Not\u00edcias de Ribeir\u00e3o Preto-SP e Regi\u00e3o&quot;","block_context":{"text":"Not\u00edcias de Ribeir\u00e3o Preto-SP e Regi\u00e3o","link":"https:\/\/noticiasribeiraopreto.com.br\/index.php\/category\/noticias-de-ribeirao-preto-sp-e-regiao-ismael-colosi\/"},"img":{"alt_text":"","src":"https:\/\/i0.wp.com\/noticiasribeiraopreto.com.br\/wp-content\/uploads\/2023\/11\/WhatsApp-Image-2023-11-14-at-18.55.20.jpeg?fit=1200%2C801&ssl=1&resize=350%2C200","width":350,"height":200,"srcset":"https:\/\/i0.wp.com\/noticiasribeiraopreto.com.br\/wp-content\/uploads\/2023\/11\/WhatsApp-Image-2023-11-14-at-18.55.20.jpeg?fit=1200%2C801&ssl=1&resize=350%2C200 1x, https:\/\/i0.wp.com\/noticiasribeiraopreto.com.br\/wp-content\/uploads\/2023\/11\/WhatsApp-Image-2023-11-14-at-18.55.20.jpeg?fit=1200%2C801&ssl=1&resize=525%2C300 1.5x, https:\/\/i0.wp.com\/noticiasribeiraopreto.com.br\/wp-content\/uploads\/2023\/11\/WhatsApp-Image-2023-11-14-at-18.55.20.jpeg?fit=1200%2C801&ssl=1&resize=700%2C400 2x, https:\/\/i0.wp.com\/noticiasribeiraopreto.com.br\/wp-content\/uploads\/2023\/11\/WhatsApp-Image-2023-11-14-at-18.55.20.jpeg?fit=1200%2C801&ssl=1&resize=1050%2C600 3x"},"classes":[]},{"id":33966,"url":"https:\/\/noticiasribeiraopreto.com.br\/index.php\/2024\/01\/31\/termina-nesta-quarta-feira-prazo-para-empresas-optarem-pelo-simples-nacional\/","url_meta":{"origin":8223,"position":4},"title":"Termina nesta quarta-feira prazo para empresas optarem pelo Simples Nacional","author":"noticiasribeiraopreto.com.br","date":"31 de January de 2024","format":false,"excerpt":"O prazo para as empresas optarem pelo Simples Nacional como forma de regime tribut\u00e1rio termina nesta quarta-feira (31). A op\u00e7\u00e3o pelo Simples Nacional \u00e9 v\u00e1lida para empresas que tenham faturamento anual de R$ 4,8 milh\u00f5es. J\u00e1 para MEI (Microempreendedor IndividuaL), o limite por ano \u00e9 de R$ 81 mil. Em\u2026","rel":"","context":"In &quot;Not\u00edcias de Ribeir\u00e3o Preto-SP e Regi\u00e3o&quot;","block_context":{"text":"Not\u00edcias de Ribeir\u00e3o Preto-SP e Regi\u00e3o","link":"https:\/\/noticiasribeiraopreto.com.br\/index.php\/category\/noticias-de-ribeirao-preto-sp-e-regiao-ismael-colosi\/"},"img":{"alt_text":"","src":"https:\/\/i0.wp.com\/noticiasribeiraopreto.com.br\/wp-content\/uploads\/2024\/01\/simples.jpg?fit=744%2C416&ssl=1&resize=350%2C200","width":350,"height":200,"srcset":"https:\/\/i0.wp.com\/noticiasribeiraopreto.com.br\/wp-content\/uploads\/2024\/01\/simples.jpg?fit=744%2C416&ssl=1&resize=350%2C200 1x, https:\/\/i0.wp.com\/noticiasribeiraopreto.com.br\/wp-content\/uploads\/2024\/01\/simples.jpg?fit=744%2C416&ssl=1&resize=525%2C300 1.5x, https:\/\/i0.wp.com\/noticiasribeiraopreto.com.br\/wp-content\/uploads\/2024\/01\/simples.jpg?fit=744%2C416&ssl=1&resize=700%2C400 2x"},"classes":[]},{"id":24604,"url":"https:\/\/noticiasribeiraopreto.com.br\/index.php\/2024\/01\/04\/confira-60-vagas-de-emprego-nas-regioes-de-ribeirao-preto-e-barretos\/","url_meta":{"origin":8223,"position":5},"title":"Confira 60 vagas de emprego nas regi\u00f5es de Ribeir\u00e3o Preto e Barretos","author":"noticiasribeiraopreto.com.br","date":"4 de January de 2024","format":false,"excerpt":"A empresa Eventos RH est\u00e1 com 60 vagas de emprego tempor\u00e1rias nas regi\u00f5es de Barretos e Ribeir\u00e3o Preto. Na regi\u00e3o de Ribeir\u00e3o Preto, as vagas s\u00e3o para auxiliar de produ\u00e7\u00e3o em empresas como a 3M, JP Farma, Ourofino, Netafim, Zinho, entre outras. Para se candidatar \u00e0s vagas, clique aqui. Os\u2026","rel":"","context":"In &quot;Not\u00edcias de Ribeir\u00e3o Preto-SP e Regi\u00e3o&quot;","block_context":{"text":"Not\u00edcias de Ribeir\u00e3o Preto-SP e Regi\u00e3o","link":"https:\/\/noticiasribeiraopreto.com.br\/index.php\/category\/noticias-de-ribeirao-preto-sp-e-regiao-ismael-colosi\/"},"img":{"alt_text":"","src":"https:\/\/i0.wp.com\/noticiasribeiraopreto.com.br\/wp-content\/uploads\/2024\/01\/carteira-de-trabalho-digital_mcamgo_abr_240620211818-3.webp.webp?fit=1024%2C768&ssl=1&resize=350%2C200","width":350,"height":200,"srcset":"https:\/\/i0.wp.com\/noticiasribeiraopreto.com.br\/wp-content\/uploads\/2024\/01\/carteira-de-trabalho-digital_mcamgo_abr_240620211818-3.webp.webp?fit=1024%2C768&ssl=1&resize=350%2C200 1x, https:\/\/i0.wp.com\/noticiasribeiraopreto.com.br\/wp-content\/uploads\/2024\/01\/carteira-de-trabalho-digital_mcamgo_abr_240620211818-3.webp.webp?fit=1024%2C768&ssl=1&resize=525%2C300 1.5x, https:\/\/i0.wp.com\/noticiasribeiraopreto.com.br\/wp-content\/uploads\/2024\/01\/carteira-de-trabalho-digital_mcamgo_abr_240620211818-3.webp.webp?fit=1024%2C768&ssl=1&resize=700%2C400 2x"},"classes":[]}],"jetpack_sharing_enabled":true,"jetpack_shortlink":"https:\/\/wp.me\/peQAOb-28D","_links":{"self":[{"href":"https:\/\/noticiasribeiraopreto.com.br\/index.php\/wp-json\/wp\/v2\/posts\/8223","targetHints":{"allow":["GET"]}}],"collection":[{"href":"https:\/\/noticiasribeiraopreto.com.br\/index.php\/wp-json\/wp\/v2\/posts"}],"about":[{"href":"https:\/\/noticiasribeiraopreto.com.br\/index.php\/wp-json\/wp\/v2\/types\/post"}],"author":[{"embeddable":true,"href":"https:\/\/noticiasribeiraopreto.com.br\/index.php\/wp-json\/wp\/v2\/users\/1"}],"replies":[{"embeddable":true,"href":"https:\/\/noticiasribeiraopreto.com.br\/index.php\/wp-json\/wp\/v2\/comments?post=8223"}],"version-history":[{"count":0,"href":"https:\/\/noticiasribeiraopreto.com.br\/index.php\/wp-json\/wp\/v2\/posts\/8223\/revisions"}],"wp:featuredmedia":[{"embeddable":true,"href":"https:\/\/noticiasribeiraopreto.com.br\/index.php\/wp-json\/wp\/v2\/media\/8224"}],"wp:attachment":[{"href":"https:\/\/noticiasribeiraopreto.com.br\/index.php\/wp-json\/wp\/v2\/media?parent=8223"}],"wp:term":[{"taxonomy":"category","embeddable":true,"href":"https:\/\/noticiasribeiraopreto.com.br\/index.php\/wp-json\/wp\/v2\/categories?post=8223"},{"taxonomy":"post_tag","embeddable":true,"href":"https:\/\/noticiasribeiraopreto.com.br\/index.php\/wp-json\/wp\/v2\/tags?post=8223"}],"curies":[{"name":"wp","href":"https:\/\/api.w.org\/{rel}","templated":true}]}}