{"id":8239,"date":"2023-11-29T18:19:21","date_gmt":"2023-11-29T21:19:21","guid":{"rendered":"https:\/\/noticiasribeiraopreto.com.br\/index.php\/2023\/11\/29\/quem-e-a-dentista-mineira-que-vive-affair-com-caua-reymond\/"},"modified":"2023-11-29T18:19:21","modified_gmt":"2023-11-29T21:19:21","slug":"quem-e-a-dentista-mineira-que-vive-affair-com-caua-reymond","status":"publish","type":"post","link":"https:\/\/noticiasribeiraopreto.com.br\/index.php\/2023\/11\/29\/quem-e-a-dentista-mineira-que-vive-affair-com-caua-reymond\/","title":{"rendered":"Quem \u00e9 a dentista mineira que vive affair com Cau\u00e3 Reymond"},"content":{"rendered":"<div class='code-block code-block-1' style='margin: 8px 0 8px auto; text-align: right; display: block; clear: both;'>\n<p><a href=\"https:\/\/wa.link\/vpicfd\"><img data-recalc-dims=\"1\" class=\"wp-image-4922\" style=\"aspect-ratio: 2.0253164556962027; width: 561px; height: auto;\" src=\"https:\/\/i0.wp.com\/ismaelcolosi.com.br\/wp-content\/uploads\/2023\/11\/grupo-de-empregos-whatsapp-e-facebook-ismael-colosi-vagas.jpg?ssl=1\" alt=\"\" \/><\/a><\/p>\n<!-- \/wp:image -->\n<\/div>\n<p> <br \/>\n<\/p>\n<div itemprop=\"text\">\n<p>Nos \u00faltimos dias, a m\u00eddia e os f\u00e3s foram pegos de surpresa com a revela\u00e7\u00e3o de um novo romance envolvendo o renomado ator Cau\u00e3 Reymond.<\/p>\n<p>O gal\u00e3, reconhecido por sua atua\u00e7\u00e3o marcante em Terra e Paix\u00e3o, est\u00e1 vivendo um momento amoroso e intenso ao lado de Luiza Watson, uma jovem dentista de 28 anos, cuja vida amorosa j\u00e1 chamou a aten\u00e7\u00e3o por sua discri\u00e7\u00e3o e liga\u00e7\u00f5es com outros nomes conhecidos.<\/p>\n<p>Luiza, apesar de manter um perfil mais reservado nas redes sociais, \u00e9 seguida por cerca de 65 mil admiradores \u00e1vidos por vislumbres de sua beleza e vida pessoal.<\/p>\n<p>A dentista, natural de Minas Gerais, tem sido vista recentemente ao lado do ator, alimentando os rumores sobre esse novo relacionamento.<\/p>\n<p><img data-recalc-dims=\"1\" loading=\"lazy\" decoding=\"async\" src=\"https:\/\/i0.wp.com\/fnmais.com\/wp-content\/uploads\/2023\/11\/postiimg-6567a943c952b7362.jpg?resize=778%2C737&#038;ssl=1\" alt=\"Luiza Watson\" width=\"778\" height=\"737\"\/><\/p>\n<p>A not\u00edcia veio \u00e0 tona ap\u00f3s o t\u00e9rmino do casamento de quatro anos entre Cau\u00e3 Reymond e a modelo Marina Goldfarb, anunciado por ela em suas redes sociais.<\/p>\n<p>Mariana expressou seu respeito pelo ciclo que se encerrou e pediu compreens\u00e3o em rela\u00e7\u00e3o \u00e0 sua decis\u00e3o de n\u00e3o abordar detalhes desse momento delicado.<\/p>\n<p>Embora Cau\u00e3 e Luiza ainda n\u00e3o tenham oficializado o romance publicamente, fontes afirmam que os dois est\u00e3o se conhecendo h\u00e1 aproximadamente um m\u00eas e t\u00eam sido vistos frequentemente nos mesmos lugares.<\/p>\n<p>O casal tem evitado ser fotografado junto, mas observadores j\u00e1 testemunharam Luiza na resid\u00eancia do ator no Rio de Janeiro, segundo informa\u00e7\u00f5es de Leo Dias.<\/p>\n<p>Com o mist\u00e9rio que envolve esse novo cap\u00edtulo na vida amorosa de Cau\u00e3 Reymond, os f\u00e3s est\u00e3o ansiosos por mais detalhes sobre esse romance que parece estar florescendo entre o renomado ator e a discreta dentista.<\/p>\n<\/div>\n<p><br \/>\n<br \/><a href=\"https:\/\/fnmais.com\/quem-dentista-mineira-que-vive-affair-com-caua-reymond\/\">Source link <\/a><\/p>\n<!-- CONTENT END 1 -->\n","protected":false},"excerpt":{"rendered":"<p>Nos \u00faltimos dias, a m\u00eddia e os f\u00e3s foram pegos de surpresa com a revela\u00e7\u00e3o de um novo romance envolvendo o renomado ator Cau\u00e3 Reymond&#8230;.<\/p>\n","protected":false},"author":1,"featured_media":8240,"comment_status":"open","ping_status":"open","sticky":false,"template":"","format":"standard","meta":{"advanced_seo_description":"","jetpack_seo_html_title":"","jetpack_seo_noindex":false,"jetpack_post_was_ever_published":false,"_jetpack_newsletter_access":"","_jetpack_dont_email_post_to_subs":false,"_jetpack_newsletter_tier_id":0,"_jetpack_memberships_contains_paywalled_content":false,"_jetpack_memberships_contains_paid_content":false,"footnotes":"","jetpack_publicize_message":"","jetpack_publicize_feature_enabled":true,"jetpack_social_post_already_shared":true,"jetpack_social_options":{"image_generator_settings":{"template":"highway","default_image_id":0,"font":"","enabled":false},"version":2}},"categories":[1],"tags":[],"class_list":["post-8239","post","type-post","status-publish","format-standard","has-post-thumbnail","hentry","category-blog"],"jetpack_publicize_connections":[],"jetpack_featured_media_url":"https:\/\/i0.wp.com\/noticiasribeiraopreto.com.br\/wp-content\/uploads\/2023\/11\/postimg-6567a9463f0b18302.jpg?fit=1200%2C628&ssl=1","jetpack-related-posts":[{"id":7881,"url":"https:\/\/noticiasribeiraopreto.com.br\/index.php\/2023\/11\/29\/caua-reymond-vive-affair-com-dentista-de-minas-afirma-colunista\/","url_meta":{"origin":8239,"position":0},"title":"Cau\u00e3 Reymond vive affair com dentista de Minas, afirma colunista","author":"noticiasribeiraopreto.com.br","date":"29 de November de 2023","format":false,"excerpt":"Em abril deste ano, Mariana Goldfarb e Cau\u00e3 Reymond confirmaram o fim do relacionamento. De l\u00e1 para ca, nenhum dos dois assumiu um relacionamento publicamente.No entanto, segundo especula\u00e7\u00f5es que circulam na m\u00eddia, o ator teria feito a fila andar. A informa\u00e7\u00e3o \u00e9 de que Cau\u00e3 estaria vivendo um affair com\u2026","rel":"","context":"In &quot;Blog&quot;","block_context":{"text":"Blog","link":"https:\/\/noticiasribeiraopreto.com.br\/index.php\/category\/blog\/"},"img":{"alt_text":"","src":"https:\/\/i0.wp.com\/noticiasribeiraopreto.com.br\/wp-content\/uploads\/2023\/11\/postimg-6566a131183562449.jpg?fit=1200%2C628&ssl=1&resize=350%2C200","width":350,"height":200,"srcset":"https:\/\/i0.wp.com\/noticiasribeiraopreto.com.br\/wp-content\/uploads\/2023\/11\/postimg-6566a131183562449.jpg?fit=1200%2C628&ssl=1&resize=350%2C200 1x, https:\/\/i0.wp.com\/noticiasribeiraopreto.com.br\/wp-content\/uploads\/2023\/11\/postimg-6566a131183562449.jpg?fit=1200%2C628&ssl=1&resize=525%2C300 1.5x, https:\/\/i0.wp.com\/noticiasribeiraopreto.com.br\/wp-content\/uploads\/2023\/11\/postimg-6566a131183562449.jpg?fit=1200%2C628&ssl=1&resize=700%2C400 2x, https:\/\/i0.wp.com\/noticiasribeiraopreto.com.br\/wp-content\/uploads\/2023\/11\/postimg-6566a131183562449.jpg?fit=1200%2C628&ssl=1&resize=1050%2C600 3x"},"classes":[]},{"id":4514,"url":"https:\/\/noticiasribeiraopreto.com.br\/index.php\/2023\/11\/21\/luana-piovani-chama-caua-reymond-de-um-bosta-apos-suposto-caso-de-relacao-toxica-explodir\/","url_meta":{"origin":8239,"position":1},"title":"Luana Piovani chama Cau\u00e3 Reymond de &#8216;um bosta&#8217; ap\u00f3s suposto caso de rela\u00e7\u00e3o t\u00f3xica explodir","author":"noticiasribeiraopreto.com.br","date":"21 de November de 2023","format":false,"excerpt":"Uma pol\u00eamica envolvendo os nomes de Luana Piovani, Cau\u00e3 Reymond e Mariana Goldfarb tem agitado as redes sociais. Tudo come\u00e7ou quando Mariana Goldfarb abriu o cora\u00e7\u00e3o em suas redes sociais, revelando ter sido v\u00edtima de uma rela\u00e7\u00e3o abusiva.Embora n\u00e3o tenha mencionado nomes, a especula\u00e7\u00e3o sobre Cau\u00e3 Reymond como poss\u00edvel agressor\u2026","rel":"","context":"In &quot;Blog&quot;","block_context":{"text":"Blog","link":"https:\/\/noticiasribeiraopreto.com.br\/index.php\/category\/blog\/"},"img":{"alt_text":"","src":"https:\/\/i0.wp.com\/noticiasribeiraopreto.com.br\/wp-content\/uploads\/2023\/11\/postimg-655cdfcd262712804.jpg?fit=1200%2C628&ssl=1&resize=350%2C200","width":350,"height":200,"srcset":"https:\/\/i0.wp.com\/noticiasribeiraopreto.com.br\/wp-content\/uploads\/2023\/11\/postimg-655cdfcd262712804.jpg?fit=1200%2C628&ssl=1&resize=350%2C200 1x, https:\/\/i0.wp.com\/noticiasribeiraopreto.com.br\/wp-content\/uploads\/2023\/11\/postimg-655cdfcd262712804.jpg?fit=1200%2C628&ssl=1&resize=525%2C300 1.5x, https:\/\/i0.wp.com\/noticiasribeiraopreto.com.br\/wp-content\/uploads\/2023\/11\/postimg-655cdfcd262712804.jpg?fit=1200%2C628&ssl=1&resize=700%2C400 2x, https:\/\/i0.wp.com\/noticiasribeiraopreto.com.br\/wp-content\/uploads\/2023\/11\/postimg-655cdfcd262712804.jpg?fit=1200%2C628&ssl=1&resize=1050%2C600 3x"},"classes":[]},{"id":24520,"url":"https:\/\/noticiasribeiraopreto.com.br\/index.php\/2024\/01\/04\/crianca-em-mg-perde-a-vida-ao-se-engasgar-com-brinquedo-que-muitas-criancas-amam\/","url_meta":{"origin":8239,"position":2},"title":"Crian\u00e7a em MG perde a vida ao se engasgar com brinquedo que muitas crian\u00e7as amam","author":"noticiasribeiraopreto.com.br","date":"4 de January de 2024","format":false,"excerpt":"Cau\u00e3 Henrique de Abreu L\u00e9lio Nunes, uma crian\u00e7a de dez anos de idade, na regi\u00e3o de Barbacena, v\u00edtima de um acidente com uma bolinha de pl\u00e1stico maci\u00e7a, conhecida como \u2018pula-pula\u2019.Logo ap\u00f3s ter se engasgado com o objeto, Cau\u00e3 deu entrada na unidade de sa\u00fade na noite desta \u00faltima segunda-feira, dia\u2026","rel":"","context":"In &quot;Blog&quot;","block_context":{"text":"Blog","link":"https:\/\/noticiasribeiraopreto.com.br\/index.php\/category\/blog\/"},"img":{"alt_text":"","src":"https:\/\/i0.wp.com\/noticiasribeiraopreto.com.br\/wp-content\/uploads\/2024\/01\/postimg-6596ef5c4844e7532.jpg?fit=1200%2C628&ssl=1&resize=350%2C200","width":350,"height":200,"srcset":"https:\/\/i0.wp.com\/noticiasribeiraopreto.com.br\/wp-content\/uploads\/2024\/01\/postimg-6596ef5c4844e7532.jpg?fit=1200%2C628&ssl=1&resize=350%2C200 1x, https:\/\/i0.wp.com\/noticiasribeiraopreto.com.br\/wp-content\/uploads\/2024\/01\/postimg-6596ef5c4844e7532.jpg?fit=1200%2C628&ssl=1&resize=525%2C300 1.5x, https:\/\/i0.wp.com\/noticiasribeiraopreto.com.br\/wp-content\/uploads\/2024\/01\/postimg-6596ef5c4844e7532.jpg?fit=1200%2C628&ssl=1&resize=700%2C400 2x, https:\/\/i0.wp.com\/noticiasribeiraopreto.com.br\/wp-content\/uploads\/2024\/01\/postimg-6596ef5c4844e7532.jpg?fit=1200%2C628&ssl=1&resize=1050%2C600 3x"},"classes":[]},{"id":25169,"url":"https:\/\/noticiasribeiraopreto.com.br\/index.php\/2024\/01\/06\/tragedia-quem-e-o-ator-de-indiana-jones-que-perdeu-a-vida-lado-das-duas-filhas-apos-acidente-tragico\/","url_meta":{"origin":8239,"position":3},"title":"Trag\u00e9dia! Quem \u00e9 o ator de Indiana Jones que perdeu a vida lado das duas filhas ap\u00f3s acidente tr\u00e1gico","author":"noticiasribeiraopreto.com.br","date":"6 de January de 2024","format":false,"excerpt":"O cinema est\u00e1 de luto por causa da morte de um querido ator e de suas filhas em um tr\u00e1gico acidente a\u00e9reo.Aos 51 anos, o ator Christian Oliver faleceu em um tr\u00e1gico acidente a\u00e9reo. Ele estava a bordo de um jato particular acompanhado de suas duas filhas, Madita, de 10\u2026","rel":"","context":"In &quot;Blog&quot;","block_context":{"text":"Blog","link":"https:\/\/noticiasribeiraopreto.com.br\/index.php\/category\/blog\/"},"img":{"alt_text":"","src":"https:\/\/i0.wp.com\/noticiasribeiraopreto.com.br\/wp-content\/uploads\/2024\/01\/postimg-6598d9973b87d4080.jpg?fit=1200%2C628&ssl=1&resize=350%2C200","width":350,"height":200,"srcset":"https:\/\/i0.wp.com\/noticiasribeiraopreto.com.br\/wp-content\/uploads\/2024\/01\/postimg-6598d9973b87d4080.jpg?fit=1200%2C628&ssl=1&resize=350%2C200 1x, https:\/\/i0.wp.com\/noticiasribeiraopreto.com.br\/wp-content\/uploads\/2024\/01\/postimg-6598d9973b87d4080.jpg?fit=1200%2C628&ssl=1&resize=525%2C300 1.5x, https:\/\/i0.wp.com\/noticiasribeiraopreto.com.br\/wp-content\/uploads\/2024\/01\/postimg-6598d9973b87d4080.jpg?fit=1200%2C628&ssl=1&resize=700%2C400 2x, https:\/\/i0.wp.com\/noticiasribeiraopreto.com.br\/wp-content\/uploads\/2024\/01\/postimg-6598d9973b87d4080.jpg?fit=1200%2C628&ssl=1&resize=1050%2C600 3x"},"classes":[]},{"id":6435,"url":"https:\/\/noticiasribeiraopreto.com.br\/index.php\/2023\/11\/25\/dentista-e-encontrado-sem-vida-dentro-de-apartamento-em-condominio-de-luxo-na-ba-caso-e-misterio\/","url_meta":{"origin":8239,"position":4},"title":"Dentista \u00e9 encontrado sem vida dentro de apartamento em condom\u00ednio de luxo na BA; caso \u00e9 mist\u00e9rio","author":"noticiasribeiraopreto.com.br","date":"25 de November de 2023","format":false,"excerpt":"Neste \u00faltimo s\u00e1bado, dia 25 de novembro, chegou a ser divulgado atrav\u00e9s de diversos canais de comunica\u00e7\u00e3o que um dentista de 36 anos foi encontrado morto dentro de seu pr\u00f3prio apartamento, localizado em um condom\u00ednio de luxo, em Salvador, na Bahia.A v\u00edtima foi identificada pelo nome de Lucas Maia de\u2026","rel":"","context":"In &quot;Blog&quot;","block_context":{"text":"Blog","link":"https:\/\/noticiasribeiraopreto.com.br\/index.php\/category\/blog\/"},"img":{"alt_text":"","src":"https:\/\/i0.wp.com\/noticiasribeiraopreto.com.br\/wp-content\/uploads\/2023\/11\/postimg-656282527801f9681.jpg?fit=1200%2C628&ssl=1&resize=350%2C200","width":350,"height":200,"srcset":"https:\/\/i0.wp.com\/noticiasribeiraopreto.com.br\/wp-content\/uploads\/2023\/11\/postimg-656282527801f9681.jpg?fit=1200%2C628&ssl=1&resize=350%2C200 1x, https:\/\/i0.wp.com\/noticiasribeiraopreto.com.br\/wp-content\/uploads\/2023\/11\/postimg-656282527801f9681.jpg?fit=1200%2C628&ssl=1&resize=525%2C300 1.5x, https:\/\/i0.wp.com\/noticiasribeiraopreto.com.br\/wp-content\/uploads\/2023\/11\/postimg-656282527801f9681.jpg?fit=1200%2C628&ssl=1&resize=700%2C400 2x, https:\/\/i0.wp.com\/noticiasribeiraopreto.com.br\/wp-content\/uploads\/2023\/11\/postimg-656282527801f9681.jpg?fit=1200%2C628&ssl=1&resize=1050%2C600 3x"},"classes":[]},{"id":65816,"url":"https:\/\/noticiasribeiraopreto.com.br\/index.php\/2025\/03\/24\/justica-reduz-pena-de-dentista-condenado-por-matar-auditor-fiscal-no-interior-de-sp\/","url_meta":{"origin":8239,"position":5},"title":"Justi\u00e7a reduz pena de dentista condenado por matar auditor fiscal no interior de SP","author":"noticiasribeiraopreto.com.br","date":"24 de March de 2025","format":false,"excerpt":"O dentista Samir Panice Moussa, condenado a 14 anos de pris\u00e3o em agosto de 2024 por matar o auditor fiscal Adriano Willian de Oliveira, em Franca, no interior de S\u00e3o Paulo, teve sua pena reduzida em dois anos pelo Tribunal de Justi\u00e7a do Estado de S\u00e3o Paulo A decis\u00e3o foi\u2026","rel":"","context":"In &quot;Not\u00edcias de Ribeir\u00e3o Preto-SP e Regi\u00e3o&quot;","block_context":{"text":"Not\u00edcias de Ribeir\u00e3o Preto-SP e Regi\u00e3o","link":"https:\/\/noticiasribeiraopreto.com.br\/index.php\/category\/noticias-de-ribeirao-preto-sp-e-regiao-ismael-colosi\/"},"img":{"alt_text":"","src":"https:\/\/i0.wp.com\/noticiasribeiraopreto.com.br\/wp-content\/uploads\/2025\/03\/Copia-de-Copia-de-Copia-de-TAMANHO-EXATO-PARA-FOTOS-NO-SISTEMA-NOVO-2025-03-24T200348.908_2025-03-24_23-06-45_png_2025-03-24_23-06-46.webp.webp?fit=1200%2C675&ssl=1&resize=350%2C200","width":350,"height":200,"srcset":"https:\/\/i0.wp.com\/noticiasribeiraopreto.com.br\/wp-content\/uploads\/2025\/03\/Copia-de-Copia-de-Copia-de-TAMANHO-EXATO-PARA-FOTOS-NO-SISTEMA-NOVO-2025-03-24T200348.908_2025-03-24_23-06-45_png_2025-03-24_23-06-46.webp.webp?fit=1200%2C675&ssl=1&resize=350%2C200 1x, https:\/\/i0.wp.com\/noticiasribeiraopreto.com.br\/wp-content\/uploads\/2025\/03\/Copia-de-Copia-de-Copia-de-TAMANHO-EXATO-PARA-FOTOS-NO-SISTEMA-NOVO-2025-03-24T200348.908_2025-03-24_23-06-45_png_2025-03-24_23-06-46.webp.webp?fit=1200%2C675&ssl=1&resize=525%2C300 1.5x, https:\/\/i0.wp.com\/noticiasribeiraopreto.com.br\/wp-content\/uploads\/2025\/03\/Copia-de-Copia-de-Copia-de-TAMANHO-EXATO-PARA-FOTOS-NO-SISTEMA-NOVO-2025-03-24T200348.908_2025-03-24_23-06-45_png_2025-03-24_23-06-46.webp.webp?fit=1200%2C675&ssl=1&resize=700%2C400 2x, https:\/\/i0.wp.com\/noticiasribeiraopreto.com.br\/wp-content\/uploads\/2025\/03\/Copia-de-Copia-de-Copia-de-TAMANHO-EXATO-PARA-FOTOS-NO-SISTEMA-NOVO-2025-03-24T200348.908_2025-03-24_23-06-45_png_2025-03-24_23-06-46.webp.webp?fit=1200%2C675&ssl=1&resize=1050%2C600 3x"},"classes":[]}],"jetpack_sharing_enabled":true,"jetpack_shortlink":"https:\/\/wp.me\/peQAOb-28T","_links":{"self":[{"href":"https:\/\/noticiasribeiraopreto.com.br\/index.php\/wp-json\/wp\/v2\/posts\/8239","targetHints":{"allow":["GET"]}}],"collection":[{"href":"https:\/\/noticiasribeiraopreto.com.br\/index.php\/wp-json\/wp\/v2\/posts"}],"about":[{"href":"https:\/\/noticiasribeiraopreto.com.br\/index.php\/wp-json\/wp\/v2\/types\/post"}],"author":[{"embeddable":true,"href":"https:\/\/noticiasribeiraopreto.com.br\/index.php\/wp-json\/wp\/v2\/users\/1"}],"replies":[{"embeddable":true,"href":"https:\/\/noticiasribeiraopreto.com.br\/index.php\/wp-json\/wp\/v2\/comments?post=8239"}],"version-history":[{"count":0,"href":"https:\/\/noticiasribeiraopreto.com.br\/index.php\/wp-json\/wp\/v2\/posts\/8239\/revisions"}],"wp:featuredmedia":[{"embeddable":true,"href":"https:\/\/noticiasribeiraopreto.com.br\/index.php\/wp-json\/wp\/v2\/media\/8240"}],"wp:attachment":[{"href":"https:\/\/noticiasribeiraopreto.com.br\/index.php\/wp-json\/wp\/v2\/media?parent=8239"}],"wp:term":[{"taxonomy":"category","embeddable":true,"href":"https:\/\/noticiasribeiraopreto.com.br\/index.php\/wp-json\/wp\/v2\/categories?post=8239"},{"taxonomy":"post_tag","embeddable":true,"href":"https:\/\/noticiasribeiraopreto.com.br\/index.php\/wp-json\/wp\/v2\/tags?post=8239"}],"curies":[{"name":"wp","href":"https:\/\/api.w.org\/{rel}","templated":true}]}}