{"id":8283,"date":"2023-11-29T18:00:38","date_gmt":"2023-11-29T21:00:38","guid":{"rendered":"https:\/\/noticiasribeiraopreto.com.br\/index.php\/2023\/11\/29\/comercial-faz-trabalho-especifico-para-recuperar-gramado-da-joia\/"},"modified":"2023-11-29T18:00:38","modified_gmt":"2023-11-29T21:00:38","slug":"comercial-faz-trabalho-especifico-para-recuperar-gramado-da-joia","status":"publish","type":"post","link":"https:\/\/noticiasribeiraopreto.com.br\/index.php\/2023\/11\/29\/comercial-faz-trabalho-especifico-para-recuperar-gramado-da-joia\/","title":{"rendered":"Comercial faz trabalho espec\u00edfico para recuperar gramado da Joia\u00a0\u00a0"},"content":{"rendered":"<div class='code-block code-block-1' style='margin: 8px 0 8px auto; text-align: right; display: block; clear: both;'>\n<p><a href=\"https:\/\/wa.link\/vpicfd\"><img data-recalc-dims=\"1\" class=\"wp-image-4922\" style=\"aspect-ratio: 2.0253164556962027; width: 561px; height: auto;\" src=\"https:\/\/i0.wp.com\/ismaelcolosi.com.br\/wp-content\/uploads\/2023\/11\/grupo-de-empregos-whatsapp-e-facebook-ismael-colosi-vagas.jpg?ssl=1\" alt=\"\" \/><\/a><\/p>\n<!-- \/wp:image -->\n<\/div>\n<p> <br \/>\n<\/p>\n<div id=\"\">\n<p> <span class=\"entry-meta-item penci-posted-on\"><i class=\"fa fa-clock-o\"\/><time class=\"entry-date published\" datetime=\"2023-11-29T18:00:38-03:00\">29 de novembro de 2023 | 18:00<\/time><time class=\"updated\" datetime=\"2023-11-29T09:59:40-03:00\">29 de novembro de 2023 | 9:59<\/time><\/span><\/p>\n<p> <span class=\"penci-social-buttons penci-social-share-footer\"><a href=\"#\" class=\"penci-post-like penci_post-meta_item  single-like-button penci-social-item like\" data-post_id=\"365600\" title=\"Like\" data-like=\"Like\" data-unlike=\"Unlike\"><i class=\"fa fa-thumbs-o-up\"\/><span class=\"penci-share-number\">0<\/span><\/a><i class=\"fa fa-facebook\"\/><a class=\"penci-social-item twitter\" target=\"_blank\" rel=\"noopener\" title=\"\" href=\"https:\/\/twitter.com\/intent\/tweet?text=Comercial%20faz%20trabalho%20espec\u00edfico%20para%20recuperar%20gramado%20da%20Joia\u00a0\u00a0%20-%20https:\/\/www.tribunaribeirao.com.br\/site\/comercial-faz-trabalho-especifico-para-recuperar-gramado-da-joia\/\"><i class=\"fa fa-twitter\"\/><\/a><i class=\"fa fa-whatsapp\"\/><\/span><\/div>\n<div>\n<p><span data-contrast=\"auto\">De olho na S\u00e9rie A2 de 2024, o Comercial est\u00e1 promovendo melhorias no gramado do est\u00e1dio Palma Travassos. Por isso, o time de Luis Carlos Martins deve realizar trabalhos com bola somente no m\u00eas de janeiro, \u00e0s v\u00e9speras da estreia na competi\u00e7\u00e3o.\u00a0<\/span><span data-ccp-props=\"{&quot;201341983&quot;:0,&quot;335551550&quot;:6,&quot;335551620&quot;:6,&quot;335559739&quot;:200,&quot;335559740&quot;:276}\">\u00a0<\/span><\/p>\n<p><span data-contrast=\"auto\">Desde que iniciou sua pr\u00e9-temporada, o Comercial tem realizado trabalhos com bola no campo do Departamento de Estradas de Rodagens (DER).\u202fAs atividades s\u00e3o intercaladas com treinos na academia.\u00a0<\/span><span data-ccp-props=\"{&quot;201341983&quot;:0,&quot;335551550&quot;:6,&quot;335551620&quot;:6,&quot;335559739&quot;:200,&quot;335559740&quot;:276}\">\u00a0<\/span><\/p>\n<p><span data-contrast=\"auto\">Recentemente o est\u00e1dio Palma Travassos recebeu a \u00faltima etapa do Ultimate Drift. Nas imagens oficiais da competi\u00e7\u00e3o, ao fundo, foi poss\u00edvel perceber algumas irregularidades no gramado, que fazem parte do processo de revitaliza\u00e7\u00e3o.\u00a0<\/span><span data-ccp-props=\"{&quot;201341983&quot;:0,&quot;335551550&quot;:6,&quot;335551620&quot;:6,&quot;335559739&quot;:200,&quot;335559740&quot;:276}\">\u00a0<\/span><\/p>\n<p><span data-contrast=\"auto\">A inten\u00e7\u00e3o da diretoria, capitaneada pelo presidente Fausi Henrique, \u00e9 entregar o gramado em perfeitas condi\u00e7\u00f5es para o inicio da S\u00e9rie A2. A resolu\u00e7\u00e3o do problema do gramado foi colocada como prioridade pela diretoria.\u00a0<\/span><span data-ccp-props=\"{&quot;201341983&quot;:0,&quot;335551550&quot;:6,&quot;335551620&quot;:6,&quot;335559739&quot;:200,&quot;335559740&quot;:276}\">\u00a0<\/span><\/p>\n<p><b><span data-contrast=\"auto\">Refor\u00e7os\u00a0<\/span><\/b><span data-ccp-props=\"{&quot;201341983&quot;:0,&quot;335551550&quot;:6,&quot;335551620&quot;:6,&quot;335559739&quot;:200,&quot;335559740&quot;:276}\">\u00a0<\/span><\/p>\n<p><span data-contrast=\"auto\">O Comercial confirmou at\u00e9 aqui 11 contrata\u00e7\u00f5es para a disputa da S\u00e9rie A2. At\u00e9 o momento, o padr\u00e3o de refor\u00e7os tem sido jovens com forma\u00e7\u00e3o e passagens regulares por outras equipes.\u00a0<\/span><span data-ccp-props=\"{&quot;201341983&quot;:0,&quot;335551550&quot;:6,&quot;335551620&quot;:6,&quot;335559739&quot;:200,&quot;335559740&quot;:276}\">\u00a0<\/span><\/p>\n<p><span data-contrast=\"auto\">De acordo com a diretoria, os nomes mais pesados, as chamadas \u201ccerejas do bolo\u201d, devem come\u00e7ar a ser anunciadas em dezembro. O clube tem a expectativa de fechar com alguns nomes de mais impacto para a disputa da competi\u00e7\u00e3o.\u00a0<\/span><span data-ccp-props=\"{&quot;201341983&quot;:0,&quot;335551550&quot;:6,&quot;335551620&quot;:6,&quot;335559739&quot;:200,&quot;335559740&quot;:276}\">\u00a0<\/span><\/p>\n<p><span data-contrast=\"auto\">A busca por atletas tem sido um trabalho em conjunto da diretoria, do t\u00e9cnico Lu\u00eds Carlos Martins, e do gerente de futebol, Acleisson.\u00a0<\/span><span data-ccp-props=\"{&quot;201341983&quot;:0,&quot;335551550&quot;:6,&quot;335551620&quot;:6,&quot;335559739&quot;:200,&quot;335559740&quot;:276}\">\u00a0<\/span><\/p>\n<p><span data-contrast=\"auto\">A S\u00e9rie A2 do Paulista est\u00e1 marcada para come\u00e7ar em 17 de janeiro e a tabela ainda n\u00e3o foi divulgada pela Federa\u00e7\u00e3o Paulista de Futebol (FPF).<\/span><span data-ccp-props=\"{&quot;201341983&quot;:0,&quot;335551550&quot;:6,&quot;335551620&quot;:6,&quot;335559739&quot;:200,&quot;335559740&quot;:276}\">\u00a0<\/span><\/p>\n<p>\u00a0<\/p>\n<\/div>\n<p><script async src=\"\/\/platform.twitter.com\/widgets.js\" charset=\"utf-8\"><\/script><br \/>\n<br \/><br \/>\n<br \/><a href=\"https:\/\/www.tribunaribeirao.com.br\/site\/comercial-faz-trabalho-especifico-para-recuperar-gramado-da-joia\/\">Source link <\/a><\/p>\n<!-- CONTENT END 1 -->\n","protected":false},"excerpt":{"rendered":"<p>29 de novembro de 2023 | 18:0029 de novembro de 2023 | 9:59 0 De olho na S\u00e9rie A2 de 2024, o Comercial est\u00e1 promovendo&#8230;<\/p>\n","protected":false},"author":1,"featured_media":8284,"comment_status":"open","ping_status":"open","sticky":false,"template":"","format":"standard","meta":{"advanced_seo_description":"","jetpack_seo_html_title":"","jetpack_seo_noindex":false,"jetpack_post_was_ever_published":false,"_jetpack_newsletter_access":"","_jetpack_dont_email_post_to_subs":false,"_jetpack_newsletter_tier_id":0,"_jetpack_memberships_contains_paywalled_content":false,"_jetpack_memberships_contains_paid_content":false,"footnotes":"","jetpack_publicize_message":"","jetpack_publicize_feature_enabled":true,"jetpack_social_post_already_shared":true,"jetpack_social_options":{"image_generator_settings":{"template":"highway","default_image_id":0,"font":"","enabled":false},"version":2}},"categories":[11],"tags":[705,1075,365,1077,1078,71,1076,583],"class_list":["post-8283","post","type-post","status-publish","format-standard","has-post-thumbnail","hentry","category-noticias-de-ribeirao-preto-sp-e-regiao-ismael-colosi","tag-comercial","tag-especifico","tag-faz","tag-gramado","tag-joia","tag-para","tag-recuperar","tag-trabalho"],"jetpack_publicize_connections":[],"jetpack_featured_media_url":"https:\/\/i0.wp.com\/noticiasribeiraopreto.com.br\/wp-content\/uploads\/2023\/11\/Comercial-1-3.jpg?fit=1000%2C562&ssl=1","jetpack-related-posts":[{"id":81736,"url":"https:\/\/noticiasribeiraopreto.com.br\/index.php\/2026\/01\/15\/micareta-impede-estreia-do-leao-na-joia-e-jogo-contra-penapolense-sera-no-santa-cruz\/","url_meta":{"origin":8283,"position":0},"title":"Micareta impede estreia do Le\u00e3o na Joia e jogo contra Penapolense ser\u00e1 no Santa Cruz","author":"noticiasribeiraopreto.com.br","date":"15 de January de 2026","format":false,"excerpt":"\r \r \r 15 de janeiro de 2026 10:1715 de janeiro de 2026 10:22 \r Compartilhar0 Jogo marcado contra Penapolense foi antecipado com aval da FPF O Comercial n\u00e3o poder\u00e1 atuar no est\u00e1dio Palma Travassos na sua estreia em casa no Campeonato Paulista da S\u00e9rie A4, diante do Penapolense. O\u2026","rel":"","context":"In &quot;Not\u00edcias de Ribeir\u00e3o Preto-SP e Regi\u00e3o&quot;","block_context":{"text":"Not\u00edcias de Ribeir\u00e3o Preto-SP e Regi\u00e3o","link":"https:\/\/noticiasribeiraopreto.com.br\/index.php\/category\/noticias-de-ribeirao-preto-sp-e-regiao-ismael-colosi\/"},"img":{"alt_text":"","src":"https:\/\/i0.wp.com\/noticiasribeiraopreto.com.br\/wp-content\/uploads\/2026\/01\/3-Estadio-Santa-Cruz-Raul-Ramos.jpg?fit=755%2C500&ssl=1&resize=350%2C200","width":350,"height":200,"srcset":"https:\/\/i0.wp.com\/noticiasribeiraopreto.com.br\/wp-content\/uploads\/2026\/01\/3-Estadio-Santa-Cruz-Raul-Ramos.jpg?fit=755%2C500&ssl=1&resize=350%2C200 1x, https:\/\/i0.wp.com\/noticiasribeiraopreto.com.br\/wp-content\/uploads\/2026\/01\/3-Estadio-Santa-Cruz-Raul-Ramos.jpg?fit=755%2C500&ssl=1&resize=525%2C300 1.5x, https:\/\/i0.wp.com\/noticiasribeiraopreto.com.br\/wp-content\/uploads\/2026\/01\/3-Estadio-Santa-Cruz-Raul-Ramos.jpg?fit=755%2C500&ssl=1&resize=700%2C400 2x"},"classes":[]},{"id":31916,"url":"https:\/\/noticiasribeiraopreto.com.br\/index.php\/2024\/01\/23\/martins-lamenta-reves-do-comercial-e-reitera-quero-que-o-meu-time-venca\/","url_meta":{"origin":8283,"position":1},"title":"Martins lamenta rev\u00e9s do Comercial e reitera: \u2018Quero que o meu time ven\u00e7a\u2019\u00a0","author":"noticiasribeiraopreto.com.br","date":"23 de January de 2024","format":false,"excerpt":"23 de janeiro de 2024 | 16:0023 de janeiro de 2024 | 9:39 0Ainda sem vencer na S\u00e9rie A2, o Comercial tenta se fortalecer para seguir evoluindo na competi\u00e7\u00e3o. Diante do Rio Claro, o time de Luiz Carlos Martins chegou a ficar a frente do placar em duas oportunidades, mas\u2026","rel":"","context":"In &quot;Not\u00edcias de Ribeir\u00e3o Preto-SP e Regi\u00e3o&quot;","block_context":{"text":"Not\u00edcias de Ribeir\u00e3o Preto-SP e Regi\u00e3o","link":"https:\/\/noticiasribeiraopreto.com.br\/index.php\/category\/noticias-de-ribeirao-preto-sp-e-regiao-ismael-colosi\/"},"img":{"alt_text":"","src":"https:\/\/i0.wp.com\/noticiasribeiraopreto.com.br\/wp-content\/uploads\/2024\/01\/Comercial-8-scaled.jpeg?fit=967%2C645&ssl=1&resize=350%2C200","width":350,"height":200,"srcset":"https:\/\/i0.wp.com\/noticiasribeiraopreto.com.br\/wp-content\/uploads\/2024\/01\/Comercial-8-scaled.jpeg?fit=967%2C645&ssl=1&resize=350%2C200 1x, https:\/\/i0.wp.com\/noticiasribeiraopreto.com.br\/wp-content\/uploads\/2024\/01\/Comercial-8-scaled.jpeg?fit=967%2C645&ssl=1&resize=525%2C300 1.5x, https:\/\/i0.wp.com\/noticiasribeiraopreto.com.br\/wp-content\/uploads\/2024\/01\/Comercial-8-scaled.jpeg?fit=967%2C645&ssl=1&resize=700%2C400 2x"},"classes":[]},{"id":82360,"url":"https:\/\/noticiasribeiraopreto.com.br\/index.php\/2026\/02\/11\/comercial-perde-para-o-taquaritinga-na-serie-a4\/","url_meta":{"origin":8283,"position":2},"title":"Comercial perde para o Taquaritinga na S\u00e9rie A4","author":"noticiasribeiraopreto.com.br","date":"11 de February de 2026","format":false,"excerpt":"\r Le\u00e3o do Norte continua sem vencer em 2026 e se afasta da zona de classifica\u00e7\u00e3o\r \r 11 de fevereiro de 2026 22:17 \r Compartilhar1 Por Hugo Luque O Comercial foi derrotado pelo Taquaritinga por 1 a 0, em partida realizada nesta quarta-feira (11), no Est\u00e1dio Palma Travassos, pela terceira\u2026","rel":"","context":"In &quot;Not\u00edcias de Ribeir\u00e3o Preto-SP e Regi\u00e3o&quot;","block_context":{"text":"Not\u00edcias de Ribeir\u00e3o Preto-SP e Regi\u00e3o","link":"https:\/\/noticiasribeiraopreto.com.br\/index.php\/category\/noticias-de-ribeirao-preto-sp-e-regiao-ismael-colosi\/"},"img":{"alt_text":"","src":"https:\/\/i0.wp.com\/noticiasribeiraopreto.com.br\/wp-content\/uploads\/2026\/02\/1-Comercial-x-Taquaritinga-Raul-Ramos-scaled.jpeg?fit=1200%2C800&ssl=1&resize=350%2C200","width":350,"height":200,"srcset":"https:\/\/i0.wp.com\/noticiasribeiraopreto.com.br\/wp-content\/uploads\/2026\/02\/1-Comercial-x-Taquaritinga-Raul-Ramos-scaled.jpeg?fit=1200%2C800&ssl=1&resize=350%2C200 1x, https:\/\/i0.wp.com\/noticiasribeiraopreto.com.br\/wp-content\/uploads\/2026\/02\/1-Comercial-x-Taquaritinga-Raul-Ramos-scaled.jpeg?fit=1200%2C800&ssl=1&resize=525%2C300 1.5x, https:\/\/i0.wp.com\/noticiasribeiraopreto.com.br\/wp-content\/uploads\/2026\/02\/1-Comercial-x-Taquaritinga-Raul-Ramos-scaled.jpeg?fit=1200%2C800&ssl=1&resize=700%2C400 2x, https:\/\/i0.wp.com\/noticiasribeiraopreto.com.br\/wp-content\/uploads\/2026\/02\/1-Comercial-x-Taquaritinga-Raul-Ramos-scaled.jpeg?fit=1200%2C800&ssl=1&resize=1050%2C600 3x"},"classes":[]},{"id":78468,"url":"https:\/\/noticiasribeiraopreto.com.br\/index.php\/2025\/10\/10\/botafogo-sp-realiza-primeiro-treino-no-gramado-sintetico-do-novo-ct\/","url_meta":{"origin":8283,"position":3},"title":"Botafogo-SP realiza primeiro treino no gramado sint\u00e9tico do novo CT","author":"noticiasribeiraopreto.com.br","date":"10 de October de 2025","format":false,"excerpt":"O Botafogo-SP realizou, na tarde desta sexta-feira (10), o primeiro treino no gramado sint\u00e9tico do \u201cBotafogo Academy\u201d, Centro de Treinamento das categorias de Base do Pantera, que est\u00e1 em constru\u00e7\u00e3o na regi\u00e3o de Ribeir\u00e3o Preto. Al\u00e9m do treino de hoje, o clube informou que os treinos no gramado sint\u00e9tico tamb\u00e9m\u2026","rel":"","context":"In &quot;Not\u00edcias de Ribeir\u00e3o Preto-SP e Regi\u00e3o&quot;","block_context":{"text":"Not\u00edcias de Ribeir\u00e3o Preto-SP e Regi\u00e3o","link":"https:\/\/noticiasribeiraopreto.com.br\/index.php\/category\/noticias-de-ribeirao-preto-sp-e-regiao-ismael-colosi\/"},"img":{"alt_text":"","src":"https:\/\/i0.wp.com\/noticiasribeiraopreto.com.br\/wp-content\/uploads\/2025\/10\/561094022_1225816346257302_6001497021924029407_n_2025-10-10_21-36-01.webp.webp?fit=960%2C539&ssl=1&resize=350%2C200","width":350,"height":200,"srcset":"https:\/\/i0.wp.com\/noticiasribeiraopreto.com.br\/wp-content\/uploads\/2025\/10\/561094022_1225816346257302_6001497021924029407_n_2025-10-10_21-36-01.webp.webp?fit=960%2C539&ssl=1&resize=350%2C200 1x, https:\/\/i0.wp.com\/noticiasribeiraopreto.com.br\/wp-content\/uploads\/2025\/10\/561094022_1225816346257302_6001497021924029407_n_2025-10-10_21-36-01.webp.webp?fit=960%2C539&ssl=1&resize=525%2C300 1.5x, https:\/\/i0.wp.com\/noticiasribeiraopreto.com.br\/wp-content\/uploads\/2025\/10\/561094022_1225816346257302_6001497021924029407_n_2025-10-10_21-36-01.webp.webp?fit=960%2C539&ssl=1&resize=700%2C400 2x"},"classes":[]},{"id":12698,"url":"https:\/\/noticiasribeiraopreto.com.br\/index.php\/2023\/12\/08\/fundo-imobiliario-hctr11-volta-a-investir-em-titulos-ligados-a-gramado-parks-no-mes-da-assembleia-que-aprovou-renegociacao-das-dividas\/","url_meta":{"origin":8283,"position":4},"title":"Fundo imobili\u00e1rio HCTR11 volta a investir em t\u00edtulos ligados \u00e0 Gramado Parks no m\u00eas da assembleia que aprovou renegocia\u00e7\u00e3o das d\u00edvidas","author":"noticiasribeiraopreto.com.br","date":"8 de December de 2023","format":false,"excerpt":"O fundo imobili\u00e1rio Hectare CE (HCTR11) voltou a investir em t\u00edtulos de cr\u00e9dito lastreados por ativos da Gramado Parks mesmo depois que o grupo de turismo, hotelaria e multipropriedades deixou de pagar juros e amortiza\u00e7\u00f5es dos pap\u00e9is. A inadimpl\u00eancia desses e outros certificados de receb\u00edveis imobili\u00e1rios (CRIs) afeta os dividendos\u2026","rel":"","context":"In &quot;Dinheiro e Investimento&quot;","block_context":{"text":"Dinheiro e Investimento","link":"https:\/\/noticiasribeiraopreto.com.br\/index.php\/category\/dinheiro-e-investimento-como-fazer-como-ganhar\/"},"img":{"alt_text":"","src":"https:\/\/i0.wp.com\/noticiasribeiraopreto.com.br\/wp-content\/uploads\/2023\/12\/1702051299_gramado-parks-628x353.jpg?fit=628%2C353&ssl=1&resize=350%2C200","width":350,"height":200,"srcset":"https:\/\/i0.wp.com\/noticiasribeiraopreto.com.br\/wp-content\/uploads\/2023\/12\/1702051299_gramado-parks-628x353.jpg?fit=628%2C353&ssl=1&resize=350%2C200 1x, https:\/\/i0.wp.com\/noticiasribeiraopreto.com.br\/wp-content\/uploads\/2023\/12\/1702051299_gramado-parks-628x353.jpg?fit=628%2C353&ssl=1&resize=525%2C300 1.5x"},"classes":[]},{"id":82642,"url":"https:\/\/noticiasribeiraopreto.com.br\/index.php\/2026\/02\/21\/comercial-perde-mais-uma-e-afunda-na-a4\/","url_meta":{"origin":8283,"position":5},"title":"Comercial perde mais uma e afunda na A4","author":"noticiasribeiraopreto.com.br","date":"21 de February de 2026","format":false,"excerpt":"\r Le\u00e3o do Norte \u00e9 batido em casa pelo Barretos e entra na zona de rebaixamento\r \r 21 de fevereiro de 2026 17:18 \r Compartilhar1 Por Hugo Luque O Comercial deu sequ\u00eancia a um dos per\u00edodos mais sombrios de sua hist\u00f3ria neste s\u00e1bado (21), ao ser derrotado por 2 a\u2026","rel":"","context":"In &quot;Not\u00edcias de Ribeir\u00e3o Preto-SP e Regi\u00e3o&quot;","block_context":{"text":"Not\u00edcias de Ribeir\u00e3o Preto-SP e Regi\u00e3o","link":"https:\/\/noticiasribeiraopreto.com.br\/index.php\/category\/noticias-de-ribeirao-preto-sp-e-regiao-ismael-colosi\/"},"img":{"alt_text":"","src":"https:\/\/i0.wp.com\/noticiasribeiraopreto.com.br\/wp-content\/uploads\/2026\/02\/Comercial-x-Barretos-Raul-Ramos-scaled.jpeg?fit=1170%2C780&ssl=1&resize=350%2C200","width":350,"height":200,"srcset":"https:\/\/i0.wp.com\/noticiasribeiraopreto.com.br\/wp-content\/uploads\/2026\/02\/Comercial-x-Barretos-Raul-Ramos-scaled.jpeg?fit=1170%2C780&ssl=1&resize=350%2C200 1x, https:\/\/i0.wp.com\/noticiasribeiraopreto.com.br\/wp-content\/uploads\/2026\/02\/Comercial-x-Barretos-Raul-Ramos-scaled.jpeg?fit=1170%2C780&ssl=1&resize=525%2C300 1.5x, https:\/\/i0.wp.com\/noticiasribeiraopreto.com.br\/wp-content\/uploads\/2026\/02\/Comercial-x-Barretos-Raul-Ramos-scaled.jpeg?fit=1170%2C780&ssl=1&resize=700%2C400 2x, https:\/\/i0.wp.com\/noticiasribeiraopreto.com.br\/wp-content\/uploads\/2026\/02\/Comercial-x-Barretos-Raul-Ramos-scaled.jpeg?fit=1170%2C780&ssl=1&resize=1050%2C600 3x"},"classes":[]}],"jetpack_sharing_enabled":true,"jetpack_shortlink":"https:\/\/wp.me\/peQAOb-29B","_links":{"self":[{"href":"https:\/\/noticiasribeiraopreto.com.br\/index.php\/wp-json\/wp\/v2\/posts\/8283","targetHints":{"allow":["GET"]}}],"collection":[{"href":"https:\/\/noticiasribeiraopreto.com.br\/index.php\/wp-json\/wp\/v2\/posts"}],"about":[{"href":"https:\/\/noticiasribeiraopreto.com.br\/index.php\/wp-json\/wp\/v2\/types\/post"}],"author":[{"embeddable":true,"href":"https:\/\/noticiasribeiraopreto.com.br\/index.php\/wp-json\/wp\/v2\/users\/1"}],"replies":[{"embeddable":true,"href":"https:\/\/noticiasribeiraopreto.com.br\/index.php\/wp-json\/wp\/v2\/comments?post=8283"}],"version-history":[{"count":0,"href":"https:\/\/noticiasribeiraopreto.com.br\/index.php\/wp-json\/wp\/v2\/posts\/8283\/revisions"}],"wp:featuredmedia":[{"embeddable":true,"href":"https:\/\/noticiasribeiraopreto.com.br\/index.php\/wp-json\/wp\/v2\/media\/8284"}],"wp:attachment":[{"href":"https:\/\/noticiasribeiraopreto.com.br\/index.php\/wp-json\/wp\/v2\/media?parent=8283"}],"wp:term":[{"taxonomy":"category","embeddable":true,"href":"https:\/\/noticiasribeiraopreto.com.br\/index.php\/wp-json\/wp\/v2\/categories?post=8283"},{"taxonomy":"post_tag","embeddable":true,"href":"https:\/\/noticiasribeiraopreto.com.br\/index.php\/wp-json\/wp\/v2\/tags?post=8283"}],"curies":[{"name":"wp","href":"https:\/\/api.w.org\/{rel}","templated":true}]}}