{"id":82949,"date":"2026-03-04T10:47:35","date_gmt":"2026-03-04T13:47:35","guid":{"rendered":"https:\/\/noticiasribeiraopreto.com.br\/index.php\/2026\/03\/04\/correios-iniciam-cadastro-de-pontos-de-coleta-em-ribeirao-preto\/"},"modified":"2026-03-04T10:47:35","modified_gmt":"2026-03-04T13:47:35","slug":"correios-iniciam-cadastro-de-pontos-de-coleta-em-ribeirao-preto","status":"publish","type":"post","link":"https:\/\/noticiasribeiraopreto.com.br\/index.php\/2026\/03\/04\/correios-iniciam-cadastro-de-pontos-de-coleta-em-ribeirao-preto\/","title":{"rendered":"Correios iniciam cadastro de pontos de coleta em Ribeir\u00e3o Preto"},"content":{"rendered":"<div class='code-block code-block-1' style='margin: 8px 0 8px auto; text-align: right; display: block; clear: both;'>\n<p><a href=\"https:\/\/wa.link\/vpicfd\"><img data-recalc-dims=\"1\" class=\"wp-image-4922\" style=\"aspect-ratio: 2.0253164556962027; width: 561px; height: auto;\" src=\"https:\/\/i0.wp.com\/ismaelcolosi.com.br\/wp-content\/uploads\/2023\/11\/grupo-de-empregos-whatsapp-e-facebook-ismael-colosi-vagas.jpg?ssl=1\" alt=\"\" \/><\/a><\/p>\n<!-- \/wp:image -->\n<\/div>\n<p> <br \/>\n<\/p>\n<div data-td-block-uid=\"tdi_95\">\n<div class=\"tdb-block-inner td-fix-index\">\n<p>Os <strong>Correios iniciaram o cadastro de empresas interessadas em atuar como pontos de coleta em Ribeir\u00e3o Pret<\/strong>o. A medida integra a estrat\u00e9gia de expans\u00e3o da rede de atendimento no interior de S\u00e3o Paulo e amplia as op\u00e7\u00f5es de envio e retirada de encomendas na cidade.<\/p>\n<h3 class=\"wp-block-heading\"><strong>Credenciamento dos Correios<\/strong><\/h3>\n<p>O <strong>credenciamento permite que estabelecimentos do varejo <\/strong>\u2014 como <strong>farm\u00e1cias<\/strong>, <strong>papelarias<\/strong>, <strong>lojas de conveni\u00eancia<\/strong> e <strong>pequenos com\u00e9rcios<\/strong> \u2014 ofere\u00e7am servi\u00e7os de postagem e recebimento de encomendas. Com o novo modelo, os Correios fortalecem a capilaridade da distribui\u00e7\u00e3o e criam canais alternativos de atendimento ao p\u00fablico.<\/p>\n<div class=\"wp-block-image\">\n<figure class=\"aligncenter size-full is-resized\"><img data-recalc-dims=\"1\" decoding=\"async\" src=\"https:\/\/i0.wp.com\/cdn.media-acidadeon.com.br\/ribeiraopreto\/wp-content\/uploads\/sites\/3\/2023\/09\/correios__1024x576_25022021133124.jpg?ssl=1\" alt=\"correios\" class=\"wp-image-44382\" style=\"width:860px;height:auto\" title=\"Correios iniciam cadastro de pontos de coleta em Ribeir\u00e3o Preto 1\"\/><\/figure>\n<\/div>\n<h3 class=\"wp-block-heading\"><strong>Quais os requisitos?<\/strong><\/h3>\n<p>Para participar do cadastro, \u00e9 necess\u00e1rio:<\/p>\n<ul class=\"wp-block-list\">\n<li>Disponibilizar espa\u00e7o reservado para armazenamento das encomendas<\/li>\n<li>Possuir smartphone e impressora para operar o sistema<\/li>\n<li>Manter regularidade fiscal e trabalhista<\/li>\n<li>Cumprir as exig\u00eancias previstas no edital de credenciamento<\/li>\n<\/ul>\n<p>As regras completas e os crit\u00e9rios t\u00e9cnicos constam no edital publicado pelos Correios.<\/p>\n<h3 class=\"wp-block-heading\"><strong>Como cadastrar?<\/strong><\/h3>\n<p>Os interessados devem acessar o site oficial dos Correios, consultar o edital espec\u00edfico de Ribeir\u00e3o Preto e preencher o formul\u00e1rio de inscri\u00e7\u00e3o \u2013 <a href=\"https:\/\/www.correios.com.br\/acesso-a-informacao\/licitacoes-e-contratos\/credenciamento-ponto-de-coleta\/credenciamento-ponto-de-coleta\" data-type=\"link\" data-id=\"https:\/\/www.correios.com.br\/acesso-a-informacao\/licitacoes-e-contratos\/credenciamento-ponto-de-coleta\/credenciamento-ponto-de-coleta\" target=\"_blank\" rel=\"noopener\">clique aqui.<\/a> <\/p>\n<hr class=\"wp-block-separator has-alpha-channel-opacity\"\/>\n<p>SAIBA MAIS<\/p>\n<p>Ribeir\u00e3o Preto convoca 60 aprovados para a Guarda Civil Metropolitana<\/p>\n<h2 class=\"wp-block-heading\"><strong>FIQUE ON<\/strong><\/h2>\n<p>Fique ligado em tudo que acontece em Ribeir\u00e3o Preto e regi\u00e3o. Siga os perfis do\u00a0<strong>acidade on\u00a0<\/strong>no<a href=\"https:\/\/www.instagram.com\/acidadeonribeirao\" target=\"_blank\" rel=\"noreferrer noopener\">\u00a0Instagram\u00a0<\/a>e no\u00a0<a href=\"https:\/\/www.facebook.com\/acidadeonribeirao\/\" target=\"_blank\" rel=\"noreferrer noopener\">Facebook<\/a>.<\/p>\n<p>Receba not\u00edcias do\u00a0<strong>acidade on<\/strong>\u00a0no WhatsApp. Para entrar no grupo,\u00a0basta\u00a0<a href=\"https:\/\/chat.whatsapp.com\/GFH9HUMUTHNFJdnyEd0xxq\" target=\"_blank\" rel=\"noreferrer noopener\">clicar aqui<\/a>. Ou, acesse o nosso\u00a0Canal<a href=\"https:\/\/whatsapp.com\/channel\/0029Vb6IQl1JENyAeS57fk2p\" target=\"_blank\" rel=\"noreferrer noopener\">\u00a0clicando aqui<\/a>.<\/p>\n<p>Fa\u00e7a uma den\u00fancia ou sugira uma reportagem sobre Ribeir\u00e3o Preto e regi\u00e3o pelo WhatsApp: 16 99117 7802.<\/p>\n<p>VEJA TAMB\u00c9M<\/p>\n<p>Bolo de fub\u00e1: 4 receitas r\u00e1pidas e deliciosas para o lanche da tarde\u00a0<\/p>\n<p><!-- AI CONTENT END 1 -->\n<\/div>\n<\/div>\n<p><script async src=\"\/\/www.instagram.com\/embed.js\"><\/script><br \/>\n<br \/><br \/>\n<br \/><a href=\"https:\/\/www.acidadeon.com\/ribeiraopreto\/cotidiano\/correios-iniciam-cadastro-de-pontos-de-coleta-em-ribeirao-preto\/\">Source link <\/a><\/p>\n<!-- CONTENT END 1 -->\n","protected":false},"excerpt":{"rendered":"<p>Os Correios iniciaram o cadastro de empresas interessadas em atuar como pontos de coleta em Ribeir\u00e3o Preto. A medida integra a estrat\u00e9gia de expans\u00e3o da&#8230;<\/p>\n","protected":false},"author":1,"featured_media":82950,"comment_status":"open","ping_status":"open","sticky":false,"template":"","format":"standard","meta":{"advanced_seo_description":"","jetpack_seo_html_title":"","jetpack_seo_noindex":false,"jetpack_post_was_ever_published":false,"_jetpack_newsletter_access":"","_jetpack_dont_email_post_to_subs":false,"_jetpack_newsletter_tier_id":0,"_jetpack_memberships_contains_paywalled_content":false,"_jetpack_memberships_contains_paid_content":false,"footnotes":"","jetpack_publicize_message":"","jetpack_publicize_feature_enabled":true,"jetpack_social_post_already_shared":true,"jetpack_social_options":{"image_generator_settings":{"template":"highway","default_image_id":0,"font":"","enabled":false},"version":2}},"categories":[11],"tags":[],"class_list":["post-82949","post","type-post","status-publish","format-standard","has-post-thumbnail","hentry","category-noticias-de-ribeirao-preto-sp-e-regiao-ismael-colosi"],"jetpack_publicize_connections":[],"jetpack_featured_media_url":"https:\/\/i0.wp.com\/noticiasribeiraopreto.com.br\/wp-content\/uploads\/2026\/03\/correios-concurso_2024-07-23_14-30-50_jpg_2024-07-23_14-30-50.webp.webp?fit=1170%2C700&ssl=1","jetpack-related-posts":[{"id":48637,"url":"https:\/\/noticiasribeiraopreto.com.br\/index.php\/2024\/05\/04\/ribeirao-ganha-mais-pontos-de-coleta-de-doacoes-para-vitimas-das-chuvas-no-rs\/","url_meta":{"origin":82949,"position":0},"title":"Ribeir\u00e3o ganha mais pontos de coleta de doa\u00e7\u00f5es para v\u00edtimas das chuvas no RS","author":"noticiasribeiraopreto.com.br","date":"4 de May de 2024","format":false,"excerpt":"Ribeir\u00e3o Preto tem novos pontos de entrega de doa\u00e7\u00f5es para ajudar v\u00edtimas das chuvas no Rio Grande do Sul. Neste domingo (5), al\u00e9m da sede do Fundo Social de Solidariedade (FSS), que abrir\u00e1 das 9h \u00e0s 12h, na rua Cerqueira C\u00e9sar, 383, no Centro, a AEAARP (Associa\u00e7\u00e3o de Engenharia, Arquitetura\u2026","rel":"","context":"In &quot;Not\u00edcias de Ribeir\u00e3o Preto-SP e Regi\u00e3o&quot;","block_context":{"text":"Not\u00edcias de Ribeir\u00e3o Preto-SP e Regi\u00e3o","link":"https:\/\/noticiasribeiraopreto.com.br\/index.php\/category\/noticias-de-ribeirao-preto-sp-e-regiao-ismael-colosi\/"},"img":{"alt_text":"","src":"https:\/\/i0.wp.com\/noticiasribeiraopreto.com.br\/wp-content\/uploads\/2024\/05\/04154559_2130180_GDO_2024-05-04_20-12-33_jpg_2024-05-04_20-12-34.webp.webp?fit=800%2C533&ssl=1&resize=350%2C200","width":350,"height":200,"srcset":"https:\/\/i0.wp.com\/noticiasribeiraopreto.com.br\/wp-content\/uploads\/2024\/05\/04154559_2130180_GDO_2024-05-04_20-12-33_jpg_2024-05-04_20-12-34.webp.webp?fit=800%2C533&ssl=1&resize=350%2C200 1x, https:\/\/i0.wp.com\/noticiasribeiraopreto.com.br\/wp-content\/uploads\/2024\/05\/04154559_2130180_GDO_2024-05-04_20-12-33_jpg_2024-05-04_20-12-34.webp.webp?fit=800%2C533&ssl=1&resize=525%2C300 1.5x, https:\/\/i0.wp.com\/noticiasribeiraopreto.com.br\/wp-content\/uploads\/2024\/05\/04154559_2130180_GDO_2024-05-04_20-12-33_jpg_2024-05-04_20-12-34.webp.webp?fit=800%2C533&ssl=1&resize=700%2C400 2x"},"classes":[]},{"id":60915,"url":"https:\/\/noticiasribeiraopreto.com.br\/index.php\/2024\/11\/28\/receita-federal-apreende-r-200-mil-em-celulares-perfumes-e-cigarros-eletronicos-em-ribeirao-2\/","url_meta":{"origin":82949,"position":1},"title":"Receita Federal apreende R$ 200 mil em celulares, perfumes e cigarros eletr\u00f4nicos em Ribeir\u00e3o","author":"noticiasribeiraopreto.com.br","date":"28 de November de 2024","format":false,"excerpt":"Uma opera\u00e7\u00e3o conjunta da Receita Federal e dos Correios apreendeu cerca de R$ 200 mil em celulares, tablets, computadores, medicamentos de uso controlado, perfumes e cigarros eletr\u00f4nicos em Ribeir\u00e3o Preto, na manh\u00e3 desta quinta-feira (28). De acordo com a Receita Federal, foram apreendidas cerca de 120 encomendas no centro de\u2026","rel":"","context":"In &quot;Not\u00edcias de Ribeir\u00e3o Preto-SP e Regi\u00e3o&quot;","block_context":{"text":"Not\u00edcias de Ribeir\u00e3o Preto-SP e Regi\u00e3o","link":"https:\/\/noticiasribeiraopreto.com.br\/index.php\/category\/noticias-de-ribeirao-preto-sp-e-regiao-ismael-colosi\/"},"img":{"alt_text":"","src":"https:\/\/i0.wp.com\/noticiasribeiraopreto.com.br\/wp-content\/uploads\/2024\/11\/WhatsApp-Image-2024-11-28-at-10.53.05_2024-11-28_18-44-38_jpeg_2024-11-28_18-44-38.webp.webp?fit=1200%2C998&ssl=1&resize=350%2C200","width":350,"height":200,"srcset":"https:\/\/i0.wp.com\/noticiasribeiraopreto.com.br\/wp-content\/uploads\/2024\/11\/WhatsApp-Image-2024-11-28-at-10.53.05_2024-11-28_18-44-38_jpeg_2024-11-28_18-44-38.webp.webp?fit=1200%2C998&ssl=1&resize=350%2C200 1x, https:\/\/i0.wp.com\/noticiasribeiraopreto.com.br\/wp-content\/uploads\/2024\/11\/WhatsApp-Image-2024-11-28-at-10.53.05_2024-11-28_18-44-38_jpeg_2024-11-28_18-44-38.webp.webp?fit=1200%2C998&ssl=1&resize=525%2C300 1.5x, https:\/\/i0.wp.com\/noticiasribeiraopreto.com.br\/wp-content\/uploads\/2024\/11\/WhatsApp-Image-2024-11-28-at-10.53.05_2024-11-28_18-44-38_jpeg_2024-11-28_18-44-38.webp.webp?fit=1200%2C998&ssl=1&resize=700%2C400 2x, https:\/\/i0.wp.com\/noticiasribeiraopreto.com.br\/wp-content\/uploads\/2024\/11\/WhatsApp-Image-2024-11-28-at-10.53.05_2024-11-28_18-44-38_jpeg_2024-11-28_18-44-38.webp.webp?fit=1200%2C998&ssl=1&resize=1050%2C600 3x"},"classes":[]},{"id":60905,"url":"https:\/\/noticiasribeiraopreto.com.br\/index.php\/2024\/11\/28\/receita-federal-apreende-r-200-mil-em-celulares-perfumes-e-cigarros-eletronicos-em-ribeirao\/","url_meta":{"origin":82949,"position":2},"title":"Receita Federal apreende R$ 200 mil em celulares, perfumes e cigarros eletr\u00f4nicos em Ribeir\u00e3o","author":"noticiasribeiraopreto.com.br","date":"28 de November de 2024","format":false,"excerpt":"Uma opera\u00e7\u00e3o conjunta da Receita Federal e dos Correios apreendeu cerca de R$ 200 mil em celulares, tablets, computadores, medicamentos de uso controlado, perfumes e cigarros eletr\u00f4nicos em Ribeir\u00e3o Preto, na manh\u00e3 desta quinta-feira (28). De acordo com a Receita Federal, foram apreendidas cerca de 120 encomendas no centro de\u2026","rel":"","context":"In &quot;Not\u00edcias de Ribeir\u00e3o Preto-SP e Regi\u00e3o&quot;","block_context":{"text":"Not\u00edcias de Ribeir\u00e3o Preto-SP e Regi\u00e3o","link":"https:\/\/noticiasribeiraopreto.com.br\/index.php\/category\/noticias-de-ribeirao-preto-sp-e-regiao-ismael-colosi\/"},"img":{"alt_text":"","src":"https:\/\/i0.wp.com\/noticiasribeiraopreto.com.br\/wp-content\/uploads\/2024\/11\/WhatsApp-Image-2024-11-28-at-10.53.05_2024-11-28_18-44-38_jpeg_2024-11-28_18-44-38.webp.webp?fit=1200%2C998&ssl=1&resize=350%2C200","width":350,"height":200,"srcset":"https:\/\/i0.wp.com\/noticiasribeiraopreto.com.br\/wp-content\/uploads\/2024\/11\/WhatsApp-Image-2024-11-28-at-10.53.05_2024-11-28_18-44-38_jpeg_2024-11-28_18-44-38.webp.webp?fit=1200%2C998&ssl=1&resize=350%2C200 1x, https:\/\/i0.wp.com\/noticiasribeiraopreto.com.br\/wp-content\/uploads\/2024\/11\/WhatsApp-Image-2024-11-28-at-10.53.05_2024-11-28_18-44-38_jpeg_2024-11-28_18-44-38.webp.webp?fit=1200%2C998&ssl=1&resize=525%2C300 1.5x, https:\/\/i0.wp.com\/noticiasribeiraopreto.com.br\/wp-content\/uploads\/2024\/11\/WhatsApp-Image-2024-11-28-at-10.53.05_2024-11-28_18-44-38_jpeg_2024-11-28_18-44-38.webp.webp?fit=1200%2C998&ssl=1&resize=700%2C400 2x, https:\/\/i0.wp.com\/noticiasribeiraopreto.com.br\/wp-content\/uploads\/2024\/11\/WhatsApp-Image-2024-11-28-at-10.53.05_2024-11-28_18-44-38_jpeg_2024-11-28_18-44-38.webp.webp?fit=1200%2C998&ssl=1&resize=1050%2C600 3x"},"classes":[]},{"id":83478,"url":"https:\/\/noticiasribeiraopreto.com.br\/index.php\/2026\/03\/19\/veja-como-participar-da-selecao-para-jovem-aprendiz-dos-correios-ribeirao-preto-tem-cadastro-reserva\/","url_meta":{"origin":82949,"position":3},"title":"Veja como participar da sele\u00e7\u00e3o para Jovem Aprendiz dos\u00a0Correios; Ribeir\u00e3o Preto tem cadastro reserva","author":"noticiasribeiraopreto.com.br","date":"19 de March de 2026","format":false,"excerpt":"As inscri\u00e7\u00f5es para o Programa Jovem Aprendiz dos\u00a0Correios\u00a0come\u00e7am na pr\u00f3xima segunda-feira (23). H\u00e1 cadastro reserva em Ribeir\u00e3o Preto. Segundo os Correios, ao todo s\u00e3o 548 vagas dispon\u00edveis para estudantes com idades entre 14 anos e 21 anos, que estejam cursando, no m\u00ednimo, o 9\u00ba ano do Ensino Fundamental. Os jovens\u2026","rel":"","context":"In &quot;Not\u00edcias de Ribeir\u00e3o Preto-SP e Regi\u00e3o&quot;","block_context":{"text":"Not\u00edcias de Ribeir\u00e3o Preto-SP e Regi\u00e3o","link":"https:\/\/noticiasribeiraopreto.com.br\/index.php\/category\/noticias-de-ribeirao-preto-sp-e-regiao-ismael-colosi\/"},"img":{"alt_text":"","src":"","width":0,"height":0},"classes":[]},{"id":83492,"url":"https:\/\/noticiasribeiraopreto.com.br\/index.php\/2026\/03\/19\/veja-como-participar-da-selecao-para-jovem-aprendiz-dos-correios-ribeirao-preto-tem-cadastro-reserva-2\/","url_meta":{"origin":82949,"position":4},"title":"Veja como participar da sele\u00e7\u00e3o para Jovem Aprendiz dos\u00a0Correios; Ribeir\u00e3o Preto tem cadastro reserva","author":"noticiasribeiraopreto.com.br","date":"19 de March de 2026","format":false,"excerpt":"As inscri\u00e7\u00f5es para o Programa Jovem Aprendiz dos\u00a0Correios\u00a0come\u00e7am na pr\u00f3xima segunda-feira (23). H\u00e1 cadastro reserva em Ribeir\u00e3o Preto. Segundo os Correios, ao todo s\u00e3o 548 vagas dispon\u00edveis para estudantes com idades entre 14 anos e 21 anos, que estejam cursando, no m\u00ednimo, o 9\u00ba ano do Ensino Fundamental. Os jovens\u2026","rel":"","context":"In &quot;Not\u00edcias de Ribeir\u00e3o Preto-SP e Regi\u00e3o&quot;","block_context":{"text":"Not\u00edcias de Ribeir\u00e3o Preto-SP e Regi\u00e3o","link":"https:\/\/noticiasribeiraopreto.com.br\/index.php\/category\/noticias-de-ribeirao-preto-sp-e-regiao-ismael-colosi\/"},"img":{"alt_text":"","src":"https:\/\/i0.wp.com\/noticiasribeiraopreto.com.br\/wp-content\/uploads\/2026\/03\/correios_2026-03-19_13-03-48.webp.webp?fit=1200%2C879&ssl=1&resize=350%2C200","width":350,"height":200,"srcset":"https:\/\/i0.wp.com\/noticiasribeiraopreto.com.br\/wp-content\/uploads\/2026\/03\/correios_2026-03-19_13-03-48.webp.webp?fit=1200%2C879&ssl=1&resize=350%2C200 1x, https:\/\/i0.wp.com\/noticiasribeiraopreto.com.br\/wp-content\/uploads\/2026\/03\/correios_2026-03-19_13-03-48.webp.webp?fit=1200%2C879&ssl=1&resize=525%2C300 1.5x, https:\/\/i0.wp.com\/noticiasribeiraopreto.com.br\/wp-content\/uploads\/2026\/03\/correios_2026-03-19_13-03-48.webp.webp?fit=1200%2C879&ssl=1&resize=700%2C400 2x, https:\/\/i0.wp.com\/noticiasribeiraopreto.com.br\/wp-content\/uploads\/2026\/03\/correios_2026-03-19_13-03-48.webp.webp?fit=1200%2C879&ssl=1&resize=1050%2C600 3x"},"classes":[]},{"id":81869,"url":"https:\/\/noticiasribeiraopreto.com.br\/index.php\/2026\/01\/28\/receita-federal-apreende-mercadorias-avaliadas-em-r-400-mil-nos-correios-de-ribeirao\/","url_meta":{"origin":82949,"position":5},"title":"Receita Federal apreende mercadorias avaliadas em R$ 400 mil nos Correios de Ribeir\u00e3o","author":"noticiasribeiraopreto.com.br","date":"28 de January de 2026","format":false,"excerpt":"\r \r \r \r \r 28 de janeiro de 2026 17:24 \r Compartilhar0 \r A 8\u00aa Regi\u00e3o Fiscal da Receita Federal de Ribeir\u00e3o Preto realizou, nesta quarta-feira (28), uma opera\u00e7\u00e3o no Centro de Tratamento de Cartas e Encomendas (CTCE) dos Correios, que resultou na reten\u00e7\u00e3o de 103 pacotes com mercadorias\u2026","rel":"","context":"In &quot;Not\u00edcias de Ribeir\u00e3o Preto-SP e Regi\u00e3o&quot;","block_context":{"text":"Not\u00edcias de Ribeir\u00e3o Preto-SP e Regi\u00e3o","link":"https:\/\/noticiasribeiraopreto.com.br\/index.php\/category\/noticias-de-ribeirao-preto-sp-e-regiao-ismael-colosi\/"},"img":{"alt_text":"","src":"https:\/\/i0.wp.com\/noticiasribeiraopreto.com.br\/wp-content\/uploads\/2026\/01\/pf-04-scaled.jpeg?fit=1200%2C691&ssl=1&resize=350%2C200","width":350,"height":200,"srcset":"https:\/\/i0.wp.com\/noticiasribeiraopreto.com.br\/wp-content\/uploads\/2026\/01\/pf-04-scaled.jpeg?fit=1200%2C691&ssl=1&resize=350%2C200 1x, https:\/\/i0.wp.com\/noticiasribeiraopreto.com.br\/wp-content\/uploads\/2026\/01\/pf-04-scaled.jpeg?fit=1200%2C691&ssl=1&resize=525%2C300 1.5x, https:\/\/i0.wp.com\/noticiasribeiraopreto.com.br\/wp-content\/uploads\/2026\/01\/pf-04-scaled.jpeg?fit=1200%2C691&ssl=1&resize=700%2C400 2x, https:\/\/i0.wp.com\/noticiasribeiraopreto.com.br\/wp-content\/uploads\/2026\/01\/pf-04-scaled.jpeg?fit=1200%2C691&ssl=1&resize=1050%2C600 3x"},"classes":[]}],"jetpack_sharing_enabled":true,"jetpack_shortlink":"https:\/\/wp.me\/peQAOb-lzT","_links":{"self":[{"href":"https:\/\/noticiasribeiraopreto.com.br\/index.php\/wp-json\/wp\/v2\/posts\/82949","targetHints":{"allow":["GET"]}}],"collection":[{"href":"https:\/\/noticiasribeiraopreto.com.br\/index.php\/wp-json\/wp\/v2\/posts"}],"about":[{"href":"https:\/\/noticiasribeiraopreto.com.br\/index.php\/wp-json\/wp\/v2\/types\/post"}],"author":[{"embeddable":true,"href":"https:\/\/noticiasribeiraopreto.com.br\/index.php\/wp-json\/wp\/v2\/users\/1"}],"replies":[{"embeddable":true,"href":"https:\/\/noticiasribeiraopreto.com.br\/index.php\/wp-json\/wp\/v2\/comments?post=82949"}],"version-history":[{"count":0,"href":"https:\/\/noticiasribeiraopreto.com.br\/index.php\/wp-json\/wp\/v2\/posts\/82949\/revisions"}],"wp:featuredmedia":[{"embeddable":true,"href":"https:\/\/noticiasribeiraopreto.com.br\/index.php\/wp-json\/wp\/v2\/media\/82950"}],"wp:attachment":[{"href":"https:\/\/noticiasribeiraopreto.com.br\/index.php\/wp-json\/wp\/v2\/media?parent=82949"}],"wp:term":[{"taxonomy":"category","embeddable":true,"href":"https:\/\/noticiasribeiraopreto.com.br\/index.php\/wp-json\/wp\/v2\/categories?post=82949"},{"taxonomy":"post_tag","embeddable":true,"href":"https:\/\/noticiasribeiraopreto.com.br\/index.php\/wp-json\/wp\/v2\/tags?post=82949"}],"curies":[{"name":"wp","href":"https:\/\/api.w.org\/{rel}","templated":true}]}}