{"id":82951,"date":"2026-03-04T10:55:14","date_gmt":"2026-03-04T13:55:14","guid":{"rendered":"https:\/\/noticiasribeiraopreto.com.br\/index.php\/2026\/03\/04\/pat-de-sertaozinho-realiza-processo-seletivo-com-20-vagas-de-emprego-saiba-como-participar\/"},"modified":"2026-03-04T10:55:14","modified_gmt":"2026-03-04T13:55:14","slug":"pat-de-sertaozinho-realiza-processo-seletivo-com-20-vagas-de-emprego-saiba-como-participar","status":"publish","type":"post","link":"https:\/\/noticiasribeiraopreto.com.br\/index.php\/2026\/03\/04\/pat-de-sertaozinho-realiza-processo-seletivo-com-20-vagas-de-emprego-saiba-como-participar\/","title":{"rendered":"PAT de Sert\u00e3ozinho realiza processo seletivo com 20 vagas de emprego; Saiba como participar"},"content":{"rendered":"<div class='code-block code-block-1' style='margin: 8px 0 8px auto; text-align: right; display: block; clear: both;'>\n<p><a href=\"https:\/\/wa.link\/vpicfd\"><img data-recalc-dims=\"1\" class=\"wp-image-4922\" style=\"aspect-ratio: 2.0253164556962027; width: 561px; height: auto;\" src=\"https:\/\/i0.wp.com\/ismaelcolosi.com.br\/wp-content\/uploads\/2023\/11\/grupo-de-empregos-whatsapp-e-facebook-ismael-colosi-vagas.jpg?ssl=1\" alt=\"\" \/><\/a><\/p>\n<!-- \/wp:image -->\n<\/div>\n<p> <br \/>\n<\/p>\n<div>\n<p>A <strong>Prefeitura de Sert\u00e3ozinho<\/strong>, cidade na <strong>regi\u00e3o de Ribeir\u00e3o Preto<\/strong>, realiza nesta quarta-feira (4) entrevistas com trabalhadores que buscam uma <strong>oportunidade de emprego<\/strong>.<\/p>\n<p>A a\u00e7\u00e3o \u00e9 organizada pela Secretaria de Desenvolvimento Econ\u00f4mico e Inova\u00e7\u00e3o, por meio do Posto de Atendimento ao Trabalhador (PAT).<\/p>\n<p>De acordo com a administra\u00e7\u00e3o municipal, o objetivo \u00e9 <strong>facilitar a recoloca\u00e7\u00e3o profissional de moradores do munic\u00edpio<\/strong> \u2013 veja as vagas logo abaixo.<\/p>\n<h2 class=\"wp-block-heading\"><strong>Como participar?<\/strong><\/h2>\n<p>Os interessados devem comparecer ao local dentro do hor\u00e1rio previsto para participar das entrevistas.<mark style=\"background-color:#fcb900\" class=\"has-inline-color\"> O atendimento ser\u00e1 realizado na sede do PAT Sert\u00e3ozinho, das 8h30 \u00e0s 11h, localizado rua Volunt\u00e1rio Otto Gomes Martins, 1.380 , no Centro de Sert\u00e3ozinho.<\/mark><\/p>\n<p>Conforme a Administra\u00e7\u00e3o local, a empresa parceira desta edi\u00e7\u00e3o \u00e9 o f<strong>rigor\u00edfico Barra Mansa Com\u00e9rcio de Carnes e Derivados<\/strong>, que ser\u00e1 respons\u00e1vel pelo recrutamento.<\/p>\n<p>Vale dizer que vagas s\u00e3o destinadas, preferencialmente, a homens, em raz\u00e3o da exig\u00eancia de esfor\u00e7o f\u00edsico, para as seguintes fun\u00e7\u00f5es:<\/p>\n<ul class=\"wp-block-list\">\n<li>Operador de Carregamento (servi\u00e7o pesado) \u2013 15 vagas<\/li>\n<li>Auxiliar de Limpeza pesada (noturno) \u2013 5 vagas<\/li>\n<\/ul>\n<p>De acordo com a empresa, os contratados ter\u00e3o direito a benef\u00edcios como transporte fretado, vale-alimenta\u00e7\u00e3o, restaurante na empresa, conv\u00eanio m\u00e9dico e odontol\u00f3gico, al\u00e9m de oportunidade de crescimento profissional.<\/p>\n<p>O pacote inclui ainda aux\u00edlio-creche, seguro de vida, participa\u00e7\u00e3o nos Lucros e Resultados (PLR) e conv\u00eanios educacionais. Mais informa\u00e7\u00f5es ser\u00e3o fornecidas no momento da entrevista.<\/p>\n<hr class=\"wp-block-separator has-alpha-channel-opacity\"\/>\n<p>SAIBA MAIS<\/p>\n<p>Ribeir\u00e3o Preto convoca 60 aprovados para a Guarda Civil Metropolitana<\/p>\n<h2 class=\"wp-block-heading\"><strong>FIQUE ON<\/strong><\/h2>\n<p>Fique ligado em tudo que acontece em Ribeir\u00e3o Preto e regi\u00e3o. Siga os perfis do\u00a0<strong>acidade on\u00a0<\/strong>no<a href=\"https:\/\/www.instagram.com\/acidadeonribeirao\" target=\"_blank\" rel=\"noreferrer noopener\">\u00a0Instagram\u00a0<\/a>e no\u00a0<a href=\"https:\/\/www.facebook.com\/acidadeonribeirao\/\" target=\"_blank\" rel=\"noreferrer noopener\">Facebook<\/a>.<\/p>\n<p>Receba not\u00edcias do\u00a0<strong>acidade on<\/strong>\u00a0no WhatsApp. Para entrar no grupo,\u00a0basta\u00a0<a href=\"https:\/\/chat.whatsapp.com\/GFH9HUMUTHNFJdnyEd0xxq\" target=\"_blank\" rel=\"noreferrer noopener\">clicar aqui<\/a>. Ou, acesse o nosso\u00a0Canal<a href=\"https:\/\/whatsapp.com\/channel\/0029Vb6IQl1JENyAeS57fk2p\" target=\"_blank\" rel=\"noreferrer noopener\">\u00a0clicando aqui<\/a>.<\/p>\n<p>Fa\u00e7a uma den\u00fancia ou sugira uma reportagem sobre Ribeir\u00e3o Preto e regi\u00e3o pelo WhatsApp: 16 99117 7802.<\/p>\n<p>VEJA TAMB\u00c9M<\/p>\n<p>Bolo de fub\u00e1: 4 receitas r\u00e1pidas e deliciosas para o lanche da tarde\u00a0<\/p>\n<p><!-- AI CONTENT END 1 -->\n<\/div>\n<p><script async src=\"\/\/www.instagram.com\/embed.js\"><\/script><br \/>\n<br \/><br \/>\n<br \/><a href=\"https:\/\/www.acidadeon.com\/ribeiraopreto\/cotidiano\/pat-de-sertaozinho-realiza-processo-seletivo-com-20-vagas-de-emprego-saiba-como-participar\/\">Source link <\/a><\/p>\n<!-- CONTENT END 1 -->\n","protected":false},"excerpt":{"rendered":"<p>A Prefeitura de Sert\u00e3ozinho, cidade na regi\u00e3o de Ribeir\u00e3o Preto, realiza nesta quarta-feira (4) entrevistas com trabalhadores que buscam uma oportunidade de emprego. A a\u00e7\u00e3o&#8230;<\/p>\n","protected":false},"author":1,"featured_media":82952,"comment_status":"open","ping_status":"open","sticky":false,"template":"","format":"standard","meta":{"advanced_seo_description":"","jetpack_seo_html_title":"","jetpack_seo_noindex":false,"jetpack_post_was_ever_published":false,"_jetpack_newsletter_access":"","_jetpack_dont_email_post_to_subs":false,"_jetpack_newsletter_tier_id":0,"_jetpack_memberships_contains_paywalled_content":false,"_jetpack_memberships_contains_paid_content":false,"footnotes":"","jetpack_publicize_message":"","jetpack_publicize_feature_enabled":true,"jetpack_social_post_already_shared":true,"jetpack_social_options":{"image_generator_settings":{"template":"highway","default_image_id":0,"font":"","enabled":false},"version":2}},"categories":[11],"tags":[],"class_list":["post-82951","post","type-post","status-publish","format-standard","has-post-thumbnail","hentry","category-noticias-de-ribeirao-preto-sp-e-regiao-ismael-colosi"],"jetpack_publicize_connections":[],"jetpack_featured_media_url":"https:\/\/i0.wp.com\/noticiasribeiraopreto.com.br\/wp-content\/uploads\/2026\/03\/pec-fim-escala-6-x-1_2026-02-09_18-34-28.webp.webp?fit=1200%2C717&ssl=1","jetpack-related-posts":[{"id":84436,"url":"https:\/\/noticiasribeiraopreto.com.br\/index.php\/2026\/04\/09\/procurando-emprego-sertaozinho-recebe-maratona-com-centenas-de-vagas\/","url_meta":{"origin":82951,"position":0},"title":"Procurando emprego? Sert\u00e3ozinho recebe maratona com centenas de vagas","author":"noticiasribeiraopreto.com.br","date":"9 de April de 2026","format":false,"excerpt":"Ler o resumo da not\u00edcia Sert\u00e3ozinho realiza nesta quarta-feira (15) a 2\u00aa Maratona pelo Emprego e Empregabilidade, das 9h \u00e0s 16h. O evento ocorre na Faculty Anhanguera, na avenida Ant\u00f4nio Paschoal, 1954, no Jardim Sumar\u00e9. Participam empresas, PAT, Programa Meu Primeiro Trabalho e Programa de Empregabilidade Inclusiva. Candidatos devem levar\u2026","rel":"","context":"In &quot;Not\u00edcias de Ribeir\u00e3o Preto-SP e Regi\u00e3o&quot;","block_context":{"text":"Not\u00edcias de Ribeir\u00e3o Preto-SP e Regi\u00e3o","link":"https:\/\/noticiasribeiraopreto.com.br\/index.php\/category\/noticias-de-ribeirao-preto-sp-e-regiao-ismael-colosi\/"},"img":{"alt_text":"","src":"https:\/\/i0.wp.com\/noticiasribeiraopreto.com.br\/wp-content\/uploads\/2026\/03\/pec-fim-escala-6-x-1_2026-02-09_18-34-28.webp.webp?fit=1200%2C717&ssl=1&resize=350%2C200","width":350,"height":200,"srcset":"https:\/\/i0.wp.com\/noticiasribeiraopreto.com.br\/wp-content\/uploads\/2026\/03\/pec-fim-escala-6-x-1_2026-02-09_18-34-28.webp.webp?fit=1200%2C717&ssl=1&resize=350%2C200 1x, https:\/\/i0.wp.com\/noticiasribeiraopreto.com.br\/wp-content\/uploads\/2026\/03\/pec-fim-escala-6-x-1_2026-02-09_18-34-28.webp.webp?fit=1200%2C717&ssl=1&resize=525%2C300 1.5x, https:\/\/i0.wp.com\/noticiasribeiraopreto.com.br\/wp-content\/uploads\/2026\/03\/pec-fim-escala-6-x-1_2026-02-09_18-34-28.webp.webp?fit=1200%2C717&ssl=1&resize=700%2C400 2x, https:\/\/i0.wp.com\/noticiasribeiraopreto.com.br\/wp-content\/uploads\/2026\/03\/pec-fim-escala-6-x-1_2026-02-09_18-34-28.webp.webp?fit=1200%2C717&ssl=1&resize=1050%2C600 3x"},"classes":[]},{"id":61324,"url":"https:\/\/noticiasribeiraopreto.com.br\/index.php\/2024\/12\/09\/feirao-de-emprego-acontece-na-regiao-de-ribeirao-preto-veja-quando\/","url_meta":{"origin":82951,"position":1},"title":"Feir\u00e3o de emprego acontece na regi\u00e3o de Ribeir\u00e3o Preto; veja quando","author":"noticiasribeiraopreto.com.br","date":"9 de December de 2024","format":false,"excerpt":"A Entrevias Concession\u00e1ria de Rodovias realizar\u00e1 um feir\u00e3o de emprego nesta ter\u00e7a-feira (10), em Sert\u00e3ozinho, na regi\u00e3o de Ribeir\u00e3o Preto. O feir\u00e3o, que acontece no Posto de Atendimento ao Trabalhador (PAT), \u00e9 gratuito e aberto a toda a popula\u00e7\u00e3o. O objetivo \u00e9 divulgar o projeto nas principais cidades do trecho\u2026","rel":"","context":"In &quot;Not\u00edcias de Ribeir\u00e3o Preto-SP e Regi\u00e3o&quot;","block_context":{"text":"Not\u00edcias de Ribeir\u00e3o Preto-SP e Regi\u00e3o","link":"https:\/\/noticiasribeiraopreto.com.br\/index.php\/category\/noticias-de-ribeirao-preto-sp-e-regiao-ismael-colosi\/"},"img":{"alt_text":"","src":"https:\/\/i0.wp.com\/noticiasribeiraopreto.com.br\/wp-content\/uploads\/2024\/04\/AnyConv.com__trabalho_carteira_digital_-_foto_guilherme_sircili_3004.webp.webp?fit=1200%2C799&ssl=1&resize=350%2C200","width":350,"height":200,"srcset":"https:\/\/i0.wp.com\/noticiasribeiraopreto.com.br\/wp-content\/uploads\/2024\/04\/AnyConv.com__trabalho_carteira_digital_-_foto_guilherme_sircili_3004.webp.webp?fit=1200%2C799&ssl=1&resize=350%2C200 1x, https:\/\/i0.wp.com\/noticiasribeiraopreto.com.br\/wp-content\/uploads\/2024\/04\/AnyConv.com__trabalho_carteira_digital_-_foto_guilherme_sircili_3004.webp.webp?fit=1200%2C799&ssl=1&resize=525%2C300 1.5x, https:\/\/i0.wp.com\/noticiasribeiraopreto.com.br\/wp-content\/uploads\/2024\/04\/AnyConv.com__trabalho_carteira_digital_-_foto_guilherme_sircili_3004.webp.webp?fit=1200%2C799&ssl=1&resize=700%2C400 2x, https:\/\/i0.wp.com\/noticiasribeiraopreto.com.br\/wp-content\/uploads\/2024\/04\/AnyConv.com__trabalho_carteira_digital_-_foto_guilherme_sircili_3004.webp.webp?fit=1200%2C799&ssl=1&resize=1050%2C600 3x"},"classes":[]},{"id":31728,"url":"https:\/\/noticiasribeiraopreto.com.br\/index.php\/2024\/01\/23\/pat-de-ribeirao-preto-conta-com-58-vagas-de-emprego-veja-como-participar\/","url_meta":{"origin":82951,"position":2},"title":"PAT de Ribeir\u00e3o Preto conta com 58 vagas de emprego; Veja como participar","author":"noticiasribeiraopreto.com.br","date":"23 de January de 2024","format":false,"excerpt":"O PAT (Posto de Atendimento ao Trabalhador) de Ribeir\u00e3o Preto conta com 58 vagas de emprego no in\u00edcio desta semana. As oportunidades s\u00e3o para balconistas, recepcionistas, mec\u00e2nicos, motoristas e repositores de mercadoria, entre outras. Os interessados devem comparecer ao posto, das 8h \u00e0s 11h30 e das 13h \u00e0s 16h, munidos\u2026","rel":"","context":"In &quot;Not\u00edcias de Ribeir\u00e3o Preto-SP e Regi\u00e3o&quot;","block_context":{"text":"Not\u00edcias de Ribeir\u00e3o Preto-SP e Regi\u00e3o","link":"https:\/\/noticiasribeiraopreto.com.br\/index.php\/category\/noticias-de-ribeirao-preto-sp-e-regiao-ismael-colosi\/"},"img":{"alt_text":"","src":"https:\/\/i0.wp.com\/noticiasribeiraopreto.com.br\/wp-content\/uploads\/2024\/01\/trabalho_mutirao_do_emprego_caterp_pat_pei_-_foto_guilherme_sircili_4.jpg?fit=1200%2C799&ssl=1&resize=350%2C200","width":350,"height":200,"srcset":"https:\/\/i0.wp.com\/noticiasribeiraopreto.com.br\/wp-content\/uploads\/2024\/01\/trabalho_mutirao_do_emprego_caterp_pat_pei_-_foto_guilherme_sircili_4.jpg?fit=1200%2C799&ssl=1&resize=350%2C200 1x, https:\/\/i0.wp.com\/noticiasribeiraopreto.com.br\/wp-content\/uploads\/2024\/01\/trabalho_mutirao_do_emprego_caterp_pat_pei_-_foto_guilherme_sircili_4.jpg?fit=1200%2C799&ssl=1&resize=525%2C300 1.5x, https:\/\/i0.wp.com\/noticiasribeiraopreto.com.br\/wp-content\/uploads\/2024\/01\/trabalho_mutirao_do_emprego_caterp_pat_pei_-_foto_guilherme_sircili_4.jpg?fit=1200%2C799&ssl=1&resize=700%2C400 2x, https:\/\/i0.wp.com\/noticiasribeiraopreto.com.br\/wp-content\/uploads\/2024\/01\/trabalho_mutirao_do_emprego_caterp_pat_pei_-_foto_guilherme_sircili_4.jpg?fit=1200%2C799&ssl=1&resize=1050%2C600 3x"},"classes":[]},{"id":78176,"url":"https:\/\/noticiasribeiraopreto.com.br\/index.php\/2025\/10\/03\/construtora-oferece-75-vagas-de-emprego-em-obras-de-ribeirao-preto\/","url_meta":{"origin":82951,"position":3},"title":"Construtora oferece 75 vagas de emprego em obras de Ribeir\u00e3o Preto","author":"noticiasribeiraopreto.com.br","date":"3 de October de 2025","format":false,"excerpt":"A construtora MRV oferece 75 vagas para trabalho em obras de Ribeir\u00e3o Preto. As oportunidades s\u00e3o para fun\u00e7\u00f5es como servente, pintor, pedreiro, gesseiro, entre outras. \u00a0 Todas as vagas estar\u00e3o dispon\u00edveis em uma Feira de Empregabilidade em Serrana, na regi\u00e3o de Ribeir\u00e3o, que acontecer\u00e1 na pr\u00f3xima segunda-feira (6), das 9h\u2026","rel":"","context":"In &quot;Not\u00edcias de Ribeir\u00e3o Preto-SP e Regi\u00e3o&quot;","block_context":{"text":"Not\u00edcias de Ribeir\u00e3o Preto-SP e Regi\u00e3o","link":"https:\/\/noticiasribeiraopreto.com.br\/index.php\/category\/noticias-de-ribeirao-preto-sp-e-regiao-ismael-colosi\/"},"img":{"alt_text":"","src":"https:\/\/i0.wp.com\/noticiasribeiraopreto.com.br\/wp-content\/uploads\/2025\/10\/970_2025-04-01_15-07-46_jpg_2025-04-01_15-07-46.webp.webp?fit=1200%2C800&ssl=1&resize=350%2C200","width":350,"height":200,"srcset":"https:\/\/i0.wp.com\/noticiasribeiraopreto.com.br\/wp-content\/uploads\/2025\/10\/970_2025-04-01_15-07-46_jpg_2025-04-01_15-07-46.webp.webp?fit=1200%2C800&ssl=1&resize=350%2C200 1x, https:\/\/i0.wp.com\/noticiasribeiraopreto.com.br\/wp-content\/uploads\/2025\/10\/970_2025-04-01_15-07-46_jpg_2025-04-01_15-07-46.webp.webp?fit=1200%2C800&ssl=1&resize=525%2C300 1.5x, https:\/\/i0.wp.com\/noticiasribeiraopreto.com.br\/wp-content\/uploads\/2025\/10\/970_2025-04-01_15-07-46_jpg_2025-04-01_15-07-46.webp.webp?fit=1200%2C800&ssl=1&resize=700%2C400 2x, https:\/\/i0.wp.com\/noticiasribeiraopreto.com.br\/wp-content\/uploads\/2025\/10\/970_2025-04-01_15-07-46_jpg_2025-04-01_15-07-46.webp.webp?fit=1200%2C800&ssl=1&resize=1050%2C600 3x"},"classes":[]},{"id":5808,"url":"https:\/\/noticiasribeiraopreto.com.br\/index.php\/2023\/11\/24\/multinacional-conta-com-vagas-de-emprego-na-regiao-de-ribeirao-veja-como-participar\/","url_meta":{"origin":82951,"position":4},"title":"Multinacional conta com vagas de emprego na regi\u00e3o de Ribeir\u00e3o; Veja como participar","author":"noticiasribeiraopreto.com.br","date":"24 de November de 2023","format":false,"excerpt":"A WEG, multinacional de equipamentos el\u00e9tricos, conta com vagas de emprego na regi\u00e3o de Ribeir\u00e3o Preto. Em Sert\u00e3ozinho, s\u00e3o 15 vagas abertas para diversos setores, como operador de m\u00e1quinas, analista mec\u00e2nico e t\u00e9cnico em seguran\u00e7a do trabalho. J\u00e1 para Monte Alto, h\u00e1 oportunidades para operador de produ\u00e7\u00e3o. Nas duas cidades,\u2026","rel":"","context":"In &quot;Not\u00edcias de Ribeir\u00e3o Preto-SP e Regi\u00e3o&quot;","block_context":{"text":"Not\u00edcias de Ribeir\u00e3o Preto-SP e Regi\u00e3o","link":"https:\/\/noticiasribeiraopreto.com.br\/index.php\/category\/noticias-de-ribeirao-preto-sp-e-regiao-ismael-colosi\/"},"img":{"alt_text":"","src":"https:\/\/i0.wp.com\/noticiasribeiraopreto.com.br\/wp-content\/uploads\/2023\/11\/Feirao-de-Emprego-.png?fit=1200%2C690&ssl=1&resize=350%2C200","width":350,"height":200,"srcset":"https:\/\/i0.wp.com\/noticiasribeiraopreto.com.br\/wp-content\/uploads\/2023\/11\/Feirao-de-Emprego-.png?fit=1200%2C690&ssl=1&resize=350%2C200 1x, https:\/\/i0.wp.com\/noticiasribeiraopreto.com.br\/wp-content\/uploads\/2023\/11\/Feirao-de-Emprego-.png?fit=1200%2C690&ssl=1&resize=525%2C300 1.5x, https:\/\/i0.wp.com\/noticiasribeiraopreto.com.br\/wp-content\/uploads\/2023\/11\/Feirao-de-Emprego-.png?fit=1200%2C690&ssl=1&resize=700%2C400 2x, https:\/\/i0.wp.com\/noticiasribeiraopreto.com.br\/wp-content\/uploads\/2023\/11\/Feirao-de-Emprego-.png?fit=1200%2C690&ssl=1&resize=1050%2C600 3x"},"classes":[]},{"id":74119,"url":"https:\/\/noticiasribeiraopreto.com.br\/index.php\/2025\/07\/16\/cidade-na-regiao-anuncia-acoes-para-mitigar-impactos-da-descontinuacao-da-usina-santa-elisa\/","url_meta":{"origin":82951,"position":5},"title":"Cidade na regi\u00e3o anuncia a\u00e7\u00f5es para mitigar impactos da descontinua\u00e7\u00e3o da Usina Santa Elisa","author":"noticiasribeiraopreto.com.br","date":"16 de July de 2025","format":false,"excerpt":"A Prefeitura de Sert\u00e3ozinho, na regi\u00e3o de Ribeir\u00e3o Preto, divulgou a\u00e7\u00f5es para minimizar os impactos sobre poss\u00edveis demiss\u00f5es ap\u00f3s o an\u00fancio da descontinua\u00e7\u00e3o da Usina Santa Elisa, pela Ra\u00edzen, na \u00faltima ter\u00e7a-feira (15). Cerca de 1,2 mil pessoas trabalhavam na usina, sendo que 234 eram moradores de Sert\u00e3ozinho. A Ra\u00edzen\u2026","rel":"","context":"In &quot;Not\u00edcias de Ribeir\u00e3o Preto-SP e Regi\u00e3o&quot;","block_context":{"text":"Not\u00edcias de Ribeir\u00e3o Preto-SP e Regi\u00e3o","link":"https:\/\/noticiasribeiraopreto.com.br\/index.php\/category\/noticias-de-ribeirao-preto-sp-e-regiao-ismael-colosi\/"},"img":{"alt_text":"","src":"https:\/\/i0.wp.com\/noticiasribeiraopreto.com.br\/wp-content\/uploads\/2025\/07\/usina-santa-elisa-aerea_2025-07-16_13-36-37.webp.webp?fit=1200%2C654&ssl=1&resize=350%2C200","width":350,"height":200,"srcset":"https:\/\/i0.wp.com\/noticiasribeiraopreto.com.br\/wp-content\/uploads\/2025\/07\/usina-santa-elisa-aerea_2025-07-16_13-36-37.webp.webp?fit=1200%2C654&ssl=1&resize=350%2C200 1x, https:\/\/i0.wp.com\/noticiasribeiraopreto.com.br\/wp-content\/uploads\/2025\/07\/usina-santa-elisa-aerea_2025-07-16_13-36-37.webp.webp?fit=1200%2C654&ssl=1&resize=525%2C300 1.5x, https:\/\/i0.wp.com\/noticiasribeiraopreto.com.br\/wp-content\/uploads\/2025\/07\/usina-santa-elisa-aerea_2025-07-16_13-36-37.webp.webp?fit=1200%2C654&ssl=1&resize=700%2C400 2x, https:\/\/i0.wp.com\/noticiasribeiraopreto.com.br\/wp-content\/uploads\/2025\/07\/usina-santa-elisa-aerea_2025-07-16_13-36-37.webp.webp?fit=1200%2C654&ssl=1&resize=1050%2C600 3x"},"classes":[]}],"jetpack_sharing_enabled":true,"jetpack_shortlink":"https:\/\/wp.me\/peQAOb-lzV","_links":{"self":[{"href":"https:\/\/noticiasribeiraopreto.com.br\/index.php\/wp-json\/wp\/v2\/posts\/82951","targetHints":{"allow":["GET"]}}],"collection":[{"href":"https:\/\/noticiasribeiraopreto.com.br\/index.php\/wp-json\/wp\/v2\/posts"}],"about":[{"href":"https:\/\/noticiasribeiraopreto.com.br\/index.php\/wp-json\/wp\/v2\/types\/post"}],"author":[{"embeddable":true,"href":"https:\/\/noticiasribeiraopreto.com.br\/index.php\/wp-json\/wp\/v2\/users\/1"}],"replies":[{"embeddable":true,"href":"https:\/\/noticiasribeiraopreto.com.br\/index.php\/wp-json\/wp\/v2\/comments?post=82951"}],"version-history":[{"count":0,"href":"https:\/\/noticiasribeiraopreto.com.br\/index.php\/wp-json\/wp\/v2\/posts\/82951\/revisions"}],"wp:featuredmedia":[{"embeddable":true,"href":"https:\/\/noticiasribeiraopreto.com.br\/index.php\/wp-json\/wp\/v2\/media\/82952"}],"wp:attachment":[{"href":"https:\/\/noticiasribeiraopreto.com.br\/index.php\/wp-json\/wp\/v2\/media?parent=82951"}],"wp:term":[{"taxonomy":"category","embeddable":true,"href":"https:\/\/noticiasribeiraopreto.com.br\/index.php\/wp-json\/wp\/v2\/categories?post=82951"},{"taxonomy":"post_tag","embeddable":true,"href":"https:\/\/noticiasribeiraopreto.com.br\/index.php\/wp-json\/wp\/v2\/tags?post=82951"}],"curies":[{"name":"wp","href":"https:\/\/api.w.org\/{rel}","templated":true}]}}