{"id":82953,"date":"2026-03-04T11:02:24","date_gmt":"2026-03-04T14:02:24","guid":{"rendered":"https:\/\/noticiasribeiraopreto.com.br\/index.php\/2026\/03\/04\/tres-interdicoes-alteram-o-transito-no-centro-de-ribeirao-preto-veja-locais\/"},"modified":"2026-03-04T11:02:24","modified_gmt":"2026-03-04T14:02:24","slug":"tres-interdicoes-alteram-o-transito-no-centro-de-ribeirao-preto-veja-locais","status":"publish","type":"post","link":"https:\/\/noticiasribeiraopreto.com.br\/index.php\/2026\/03\/04\/tres-interdicoes-alteram-o-transito-no-centro-de-ribeirao-preto-veja-locais\/","title":{"rendered":"Tr\u00eas interdi\u00e7\u00f5es alteram o tr\u00e2nsito no Centro de Ribeir\u00e3o Preto; veja locais"},"content":{"rendered":"<div class='code-block code-block-1' style='margin: 8px 0 8px auto; text-align: right; display: block; clear: both;'>\n<p><a href=\"https:\/\/wa.link\/vpicfd\"><img data-recalc-dims=\"1\" class=\"wp-image-4922\" style=\"aspect-ratio: 2.0253164556962027; width: 561px; height: auto;\" src=\"https:\/\/i0.wp.com\/ismaelcolosi.com.br\/wp-content\/uploads\/2023\/11\/grupo-de-empregos-whatsapp-e-facebook-ismael-colosi-vagas.jpg?ssl=1\" alt=\"\" \/><\/a><\/p>\n<!-- \/wp:image -->\n<\/div>\n<p> <br \/>\n<\/p>\n<div data-td-block-uid=\"tdi_95\">\n<div class=\"tdb-block-inner td-fix-index\">\n<p><strong>O tr\u00e2nsito no Centro de Ribeir\u00e3o Preto sofrer\u00e1 altera\u00e7\u00f5es nesta quarta-feira (4)<\/strong> devido \u00e0 realiza\u00e7\u00e3o de servi\u00e7os de poda de \u00e1rvores e instala\u00e7\u00e3o de rede de g\u00e1s. Ao todo, ser\u00e3o <strong>tr\u00eas interdi\u00e7\u00f5es<\/strong>, sendo duas parciais e uma total, conforme informou a RP Mobi.<\/p>\n<p>As mudan\u00e7as come\u00e7am pela manh\u00e3 e devem impactar a circula\u00e7\u00e3o de ve\u00edculos em vias importantes da regi\u00e3o central.<\/p>\n<h3 class=\"wp-block-heading\"><strong>Interdi\u00e7\u00f5es parciais come\u00e7am \u00e0s 8h<\/strong><\/h3>\n<p>Duas interdi\u00e7\u00f5es parciais est\u00e3o previstas para iniciar \u00e0s 8h:<\/p>\n<ul class=\"wp-block-list\">\n<li><strong>Rua S\u00e3o Sebasti\u00e3o<\/strong>, no trecho entre as ruas Tibiri\u00e7\u00e1 e Visconde de Inha\u00fama;<\/li>\n<li><strong>Cruzamento da rua Amador Bueno com a rua S\u00e3o Sebasti\u00e3o<\/strong>.<\/li>\n<\/ul>\n<p>Nestes pontos, o fluxo de ve\u00edculos poder\u00e1 operar com restri\u00e7\u00f5es e poss\u00edveis lentid\u00f5es, devido \u00e0 presen\u00e7a de equipes e sinaliza\u00e7\u00e3o tempor\u00e1ria.<\/p>\n<div class=\"wp-block-image\">\n<figure class=\"aligncenter size-large is-resized\"><img data-recalc-dims=\"1\" fetchpriority=\"high\" decoding=\"async\" width=\"1024\" height=\"717\" src=\"https:\/\/i0.wp.com\/cdn.media-acidadeon.com.br\/ribeiraopreto\/wp-content\/uploads\/sites\/3\/2026\/03\/image_2026-03-03_21-28-43-1024x717.webp?resize=1024%2C717&#038;ssl=1\" alt=\"interdi\u00e7\u00f5es\" class=\"wp-image-147560\" style=\"width:775px;height:auto\" title=\"Tr\u00eas interdi\u00e7\u00f5es alteram o tr\u00e2nsito no Centro de Ribeir\u00e3o Preto; veja locais 1\" srcset=\"https:\/\/cdn.media-acidadeon.com.br\/ribeiraopreto\/wp-content\/uploads\/sites\/3\/2026\/03\/image_2026-03-03_21-28-43-1024x717.webp 1024w, https:\/\/cdn.media-acidadeon.com.br\/ribeiraopreto\/wp-content\/uploads\/sites\/3\/2026\/03\/image_2026-03-03_21-28-43-300x210.webp 300w, https:\/\/cdn.media-acidadeon.com.br\/ribeiraopreto\/wp-content\/uploads\/sites\/3\/2026\/03\/image_2026-03-03_21-28-43-768x538.webp 768w, https:\/\/cdn.media-acidadeon.com.br\/ribeiraopreto\/wp-content\/uploads\/sites\/3\/2026\/03\/image_2026-03-03_21-28-43-696x487.webp 696w, https:\/\/cdn.media-acidadeon.com.br\/ribeiraopreto\/wp-content\/uploads\/sites\/3\/2026\/03\/image_2026-03-03_21-28-43-1068x748.webp 1068w, https:\/\/cdn.media-acidadeon.com.br\/ribeiraopreto\/wp-content\/uploads\/sites\/3\/2026\/03\/image_2026-03-03_21-28-43.webp 1200w\" sizes=\"(max-width: 1024px) 100vw, 1024px\"\/><\/figure>\n<\/div>\n<h3 class=\"wp-block-heading\"><strong>Interdi\u00e7\u00e3o total <\/strong><\/h3>\n<p>A terceira interdi\u00e7\u00e3o ser\u00e1 total e est\u00e1 prevista para come\u00e7ar \u00e0s 9h. O bloqueio impedir\u00e1 o acesso \u00e0 <strong>rua Duque de Caxias<\/strong>, a partir do cruzamento com a <strong>rua Visconde de Inha\u00fama<\/strong>.<\/p>\n<p>Segundo a RP Mobi, as interdi\u00e7\u00f5es s\u00e3o necess\u00e1rias para garantir a seguran\u00e7a dos trabalhadores e dos motoristas que circulam pela regi\u00e3o.<\/p>\n<h4 class=\"wp-block-heading\"><strong>Rota alternativa<\/strong><\/h4>\n<p>Motoristas que trafegam pela <strong>rua Visconde de Inha\u00fama<\/strong> devem virar \u00e0 direita na <strong>rua Flor\u00eancio de Abreu<\/strong> para seguir ao destino desejado.<\/p>\n<hr class=\"wp-block-separator has-alpha-channel-opacity\"\/>\n<p>SAIBA MAIS<\/p>\n<p>Iveco Rodonaves inaugura nova concession\u00e1ria em Ribeir\u00e3o Preto<\/p>\n<h2 class=\"wp-block-heading\"><strong>FIQUE ON<\/strong><\/h2>\n<p>Fique ligado em tudo que acontece em Ribeir\u00e3o Preto e regi\u00e3o. Siga os perfis do\u00a0<strong>acidade on\u00a0<\/strong>no<a href=\"https:\/\/www.instagram.com\/acidadeonribeirao\" target=\"_blank\" rel=\"noreferrer noopener\">\u00a0Instagram\u00a0<\/a>e no\u00a0<a href=\"https:\/\/www.facebook.com\/acidadeonribeirao\/\" target=\"_blank\" rel=\"noreferrer noopener\">Facebook<\/a>.<\/p>\n<p>Receba not\u00edcias do\u00a0<strong>acidade on<\/strong>\u00a0no WhatsApp. Para entrar no grupo,\u00a0basta\u00a0<a href=\"https:\/\/chat.whatsapp.com\/GFH9HUMUTHNFJdnyEd0xxq\" target=\"_blank\" rel=\"noreferrer noopener\">clicar aqui<\/a>. Ou, acesse o nosso\u00a0Canal<a href=\"https:\/\/whatsapp.com\/channel\/0029Vb6IQl1JENyAeS57fk2p\" target=\"_blank\" rel=\"noreferrer noopener\">\u00a0clicando aqui<\/a>.<\/p>\n<p>Fa\u00e7a uma den\u00fancia ou sugira uma reportagem sobre Ribeir\u00e3o Preto e regi\u00e3o pelo WhatsApp: 16 99117 7802.<\/p>\n<p>VEJA TAMB\u00c9M<\/p>\n<p>Bolo de fub\u00e1: 4 receitas r\u00e1pidas e deliciosas para o lanche da tarde\u00a0<\/p>\n<p><!-- AI CONTENT END 1 -->\n<\/div>\n<\/div>\n<p><script async src=\"\/\/www.instagram.com\/embed.js\"><\/script><br \/>\n<br \/><br \/>\n<br \/><a href=\"https:\/\/www.acidadeon.com\/ribeiraopreto\/cotidiano\/tres-interdicoes-alteram-o-transito-no-centro-de-ribeirao-preto-veja-locais\/\">Source link <\/a><\/p>\n<!-- CONTENT END 1 -->\n","protected":false},"excerpt":{"rendered":"<p>O tr\u00e2nsito no Centro de Ribeir\u00e3o Preto sofrer\u00e1 altera\u00e7\u00f5es nesta quarta-feira (4) devido \u00e0 realiza\u00e7\u00e3o de servi\u00e7os de poda de \u00e1rvores e instala\u00e7\u00e3o de rede&#8230;<\/p>\n","protected":false},"author":1,"featured_media":82051,"comment_status":"open","ping_status":"open","sticky":false,"template":"","format":"standard","meta":{"advanced_seo_description":"","jetpack_seo_html_title":"","jetpack_seo_noindex":false,"jetpack_post_was_ever_published":false,"_jetpack_newsletter_access":"","_jetpack_dont_email_post_to_subs":false,"_jetpack_newsletter_tier_id":0,"_jetpack_memberships_contains_paywalled_content":false,"_jetpack_memberships_contains_paid_content":false,"footnotes":"","jetpack_publicize_message":"","jetpack_publicize_feature_enabled":true,"jetpack_social_post_already_shared":true,"jetpack_social_options":{"image_generator_settings":{"template":"highway","default_image_id":0,"font":"","enabled":false},"version":2}},"categories":[11],"tags":[],"class_list":["post-82953","post","type-post","status-publish","format-standard","has-post-thumbnail","hentry","category-noticias-de-ribeirao-preto-sp-e-regiao-ismael-colosi"],"jetpack_publicize_connections":[],"jetpack_featured_media_url":"https:\/\/i0.wp.com\/noticiasribeiraopreto.com.br\/wp-content\/uploads\/2026\/02\/domingo-9_2026-01-24_18-07-25.webp.webp?fit=1200%2C675&ssl=1","jetpack-related-posts":[{"id":82929,"url":"https:\/\/noticiasribeiraopreto.com.br\/index.php\/2026\/03\/03\/tres-interdicoes-alteram-o-transito-na-regiao-central-nesta-quarta\/","url_meta":{"origin":82953,"position":0},"title":"Tr\u00eas interdi\u00e7\u00f5es alteram o tr\u00e2nsito na regi\u00e3o Central nesta quarta","author":"noticiasribeiraopreto.com.br","date":"3 de March de 2026","format":false,"excerpt":"\r \r \r 3 de mar\u00e7o de 2026 17:33 \r Compartilhar0 Bloqueios parciais e total come\u00e7am a partir das 8h para servi\u00e7os de poda de \u00e1rvores e instala\u00e7\u00e3o de rede de g\u00e1s A RP Mobi informa que tr\u00eas interdi\u00e7\u00f5es de tr\u00e2nsito ser\u00e3o realizadas nesta quarta-feira, 4 de mar\u00e7o, na regi\u00e3o\u2026","rel":"","context":"In &quot;Not\u00edcias de Ribeir\u00e3o Preto-SP e Regi\u00e3o&quot;","block_context":{"text":"Not\u00edcias de Ribeir\u00e3o Preto-SP e Regi\u00e3o","link":"https:\/\/noticiasribeiraopreto.com.br\/index.php\/category\/noticias-de-ribeirao-preto-sp-e-regiao-ismael-colosi\/"},"img":{"alt_text":"","src":"https:\/\/i0.wp.com\/noticiasribeiraopreto.com.br\/wp-content\/uploads\/2026\/03\/Conppac-CauiAlfredo-Risk-scaled.jpg?fit=750%2C500&ssl=1&resize=350%2C200","width":350,"height":200,"srcset":"https:\/\/i0.wp.com\/noticiasribeiraopreto.com.br\/wp-content\/uploads\/2026\/03\/Conppac-CauiAlfredo-Risk-scaled.jpg?fit=750%2C500&ssl=1&resize=350%2C200 1x, https:\/\/i0.wp.com\/noticiasribeiraopreto.com.br\/wp-content\/uploads\/2026\/03\/Conppac-CauiAlfredo-Risk-scaled.jpg?fit=750%2C500&ssl=1&resize=525%2C300 1.5x, https:\/\/i0.wp.com\/noticiasribeiraopreto.com.br\/wp-content\/uploads\/2026\/03\/Conppac-CauiAlfredo-Risk-scaled.jpg?fit=750%2C500&ssl=1&resize=700%2C400 2x"},"classes":[]},{"id":84948,"url":"https:\/\/noticiasribeiraopreto.com.br\/index.php\/2026\/04\/18\/avenida-maurilio-biagi-tera-interdicoes-neste-domingo-veja-os-trechos-afetados\/","url_meta":{"origin":82953,"position":1},"title":"Avenida Maur\u00edlio Biagi ter\u00e1 interdi\u00e7\u00f5es neste domingo; Veja os trechos afetados","author":"noticiasribeiraopreto.com.br","date":"18 de April de 2026","format":false,"excerpt":"Ler o resumo da not\u00edcia RP Mobi interditar\u00e1 dois trechos da Avenida Maur\u00edcio Biagi em Ribeir\u00e3o Preto neste domingo (19) das 5h \u00e0s 8h para a realiza\u00e7\u00e3o de uma corrida de rua. O bloqueio total ser\u00e1 na pista Bairro\/Centro entre a Rua Ov\u00eddeo Jos\u00e9 de Faria e a Avenida Cost\u00e1bile\u2026","rel":"","context":"In &quot;Not\u00edcias de Ribeir\u00e3o Preto-SP e Regi\u00e3o&quot;","block_context":{"text":"Not\u00edcias de Ribeir\u00e3o Preto-SP e Regi\u00e3o","link":"https:\/\/noticiasribeiraopreto.com.br\/index.php\/category\/noticias-de-ribeirao-preto-sp-e-regiao-ismael-colosi\/"},"img":{"alt_text":"","src":"https:\/\/i0.wp.com\/noticiasribeiraopreto.com.br\/wp-content\/uploads\/2026\/04\/avenida-maurilio-biagi-1_2024-06-29_19-39-53_jpg_2024-06-29_19-39-53-768x431-1.webp.webp?fit=768%2C431&ssl=1&resize=350%2C200","width":350,"height":200,"srcset":"https:\/\/i0.wp.com\/noticiasribeiraopreto.com.br\/wp-content\/uploads\/2026\/04\/avenida-maurilio-biagi-1_2024-06-29_19-39-53_jpg_2024-06-29_19-39-53-768x431-1.webp.webp?fit=768%2C431&ssl=1&resize=350%2C200 1x, https:\/\/i0.wp.com\/noticiasribeiraopreto.com.br\/wp-content\/uploads\/2026\/04\/avenida-maurilio-biagi-1_2024-06-29_19-39-53_jpg_2024-06-29_19-39-53-768x431-1.webp.webp?fit=768%2C431&ssl=1&resize=525%2C300 1.5x, https:\/\/i0.wp.com\/noticiasribeiraopreto.com.br\/wp-content\/uploads\/2026\/04\/avenida-maurilio-biagi-1_2024-06-29_19-39-53_jpg_2024-06-29_19-39-53-768x431-1.webp.webp?fit=768%2C431&ssl=1&resize=700%2C400 2x"},"classes":[]},{"id":72515,"url":"https:\/\/noticiasribeiraopreto.com.br\/index.php\/2025\/06\/17\/construcao-de-pontes-causa-bloqueios-parciais-em-ruas-de-ribeirao-preto-veja-quais\/","url_meta":{"origin":82953,"position":2},"title":"Constru\u00e7\u00e3o de pontes causa bloqueios parciais em ruas de Ribeir\u00e3o Preto; veja quais","author":"noticiasribeiraopreto.com.br","date":"17 de June de 2025","format":false,"excerpt":"Com o avan\u00e7o das obras de constru\u00e7\u00e3o de duas pontes sobre o c\u00f3rrego Retiro Saudoso, em Ribeir\u00e3o Preto, a partir desta quarta-feira (18), vias pr\u00f3ximas \u00e0 avenida Maur\u00edlio Biagi ter\u00e3o interdi\u00e7\u00f5es parciais e tempor\u00e1rias. Segundo a RP Mobi, as interven\u00e7\u00f5es ocorrem para execu\u00e7\u00e3o de servi\u00e7os de pavimenta\u00e7\u00e3o. As vias ser\u00e3o\u2026","rel":"","context":"In &quot;Not\u00edcias de Ribeir\u00e3o Preto-SP e Regi\u00e3o&quot;","block_context":{"text":"Not\u00edcias de Ribeir\u00e3o Preto-SP e Regi\u00e3o","link":"https:\/\/noticiasribeiraopreto.com.br\/index.php\/category\/noticias-de-ribeirao-preto-sp-e-regiao-ismael-colosi\/"},"img":{"alt_text":"","src":"https:\/\/i0.wp.com\/noticiasribeiraopreto.com.br\/wp-content\/uploads\/2025\/06\/OBRAS_2024-12-03_17-36-39_jpg_2024-12-03_17-36-40.webp.webp?fit=1200%2C712&ssl=1&resize=350%2C200","width":350,"height":200,"srcset":"https:\/\/i0.wp.com\/noticiasribeiraopreto.com.br\/wp-content\/uploads\/2025\/06\/OBRAS_2024-12-03_17-36-39_jpg_2024-12-03_17-36-40.webp.webp?fit=1200%2C712&ssl=1&resize=350%2C200 1x, https:\/\/i0.wp.com\/noticiasribeiraopreto.com.br\/wp-content\/uploads\/2025\/06\/OBRAS_2024-12-03_17-36-39_jpg_2024-12-03_17-36-40.webp.webp?fit=1200%2C712&ssl=1&resize=525%2C300 1.5x, https:\/\/i0.wp.com\/noticiasribeiraopreto.com.br\/wp-content\/uploads\/2025\/06\/OBRAS_2024-12-03_17-36-39_jpg_2024-12-03_17-36-40.webp.webp?fit=1200%2C712&ssl=1&resize=700%2C400 2x, https:\/\/i0.wp.com\/noticiasribeiraopreto.com.br\/wp-content\/uploads\/2025\/06\/OBRAS_2024-12-03_17-36-39_jpg_2024-12-03_17-36-40.webp.webp?fit=1200%2C712&ssl=1&resize=1050%2C600 3x"},"classes":[]},{"id":84509,"url":"https:\/\/noticiasribeiraopreto.com.br\/index.php\/2026\/04\/10\/transito-em-ribeirao-preto-tera-interdicoes-neste-fim-de-semana-veja-locais-e-horarios\/","url_meta":{"origin":82953,"position":3},"title":"Tr\u00e2nsito em Ribeir\u00e3o Preto ter\u00e1 interdi\u00e7\u00f5es neste fim de semana; veja locais e hor\u00e1rios","author":"noticiasribeiraopreto.com.br","date":"10 de April de 2026","format":false,"excerpt":"Ler o resumo da not\u00edcia Tr\u00e2nsito em Ribeir\u00e3o Preto ter\u00e1 interdi\u00e7\u00f5es neste fim de semana, entre s\u00e1bado (11) e domingo (12), devido a eventos na cidade. No s\u00e1bado, ocorrer\u00e3o tr\u00eas eventos com bloqueios: Churrasquinho Menos \u00e9 Mais no Est\u00e1dio do Comercial (14h-23h59), Xtreme \u2013 A\u00e7\u00e3o Solid\u00e1ria na Avenida \u00c1urea Machado\u2026","rel":"","context":"In &quot;Not\u00edcias de Ribeir\u00e3o Preto-SP e Regi\u00e3o&quot;","block_context":{"text":"Not\u00edcias de Ribeir\u00e3o Preto-SP e Regi\u00e3o","link":"https:\/\/noticiasribeiraopreto.com.br\/index.php\/category\/noticias-de-ribeirao-preto-sp-e-regiao-ismael-colosi\/"},"img":{"alt_text":"","src":"https:\/\/i0.wp.com\/noticiasribeiraopreto.com.br\/wp-content\/uploads\/2026\/04\/carros_transerp_2__2026-03-02_18-03-41.webp.webp?fit=1200%2C800&ssl=1&resize=350%2C200","width":350,"height":200,"srcset":"https:\/\/i0.wp.com\/noticiasribeiraopreto.com.br\/wp-content\/uploads\/2026\/04\/carros_transerp_2__2026-03-02_18-03-41.webp.webp?fit=1200%2C800&ssl=1&resize=350%2C200 1x, https:\/\/i0.wp.com\/noticiasribeiraopreto.com.br\/wp-content\/uploads\/2026\/04\/carros_transerp_2__2026-03-02_18-03-41.webp.webp?fit=1200%2C800&ssl=1&resize=525%2C300 1.5x, https:\/\/i0.wp.com\/noticiasribeiraopreto.com.br\/wp-content\/uploads\/2026\/04\/carros_transerp_2__2026-03-02_18-03-41.webp.webp?fit=1200%2C800&ssl=1&resize=700%2C400 2x, https:\/\/i0.wp.com\/noticiasribeiraopreto.com.br\/wp-content\/uploads\/2026\/04\/carros_transerp_2__2026-03-02_18-03-41.webp.webp?fit=1200%2C800&ssl=1&resize=1050%2C600 3x"},"classes":[]},{"id":77065,"url":"https:\/\/noticiasribeiraopreto.com.br\/index.php\/2025\/09\/10\/festival-altera-transito-e-bloqueia-ruas-no-centro-de-ribeirao-preto-veja-rotas\/","url_meta":{"origin":82953,"position":4},"title":"Festival altera tr\u00e2nsito e bloqueia ruas no Centro de Ribeir\u00e3o Preto; veja rotas","author":"noticiasribeiraopreto.com.br","date":"10 de September de 2025","format":false,"excerpt":"O Festival Rueda provoca mudan\u00e7as no tr\u00e2nsito da regi\u00e3o central de Ribeir\u00e3o Preto neste fim de semana. O evento acontece no s\u00e1bado (13) das 14h \u00e0s 22h, com bloqueios em trechos das ruas Visconde de Inha\u00fama e Visconde do Rio Branco. De acordo com a RP Mobi, as interdi\u00e7\u00f5es come\u00e7am\u2026","rel":"","context":"In &quot;Not\u00edcias de Ribeir\u00e3o Preto-SP e Regi\u00e3o&quot;","block_context":{"text":"Not\u00edcias de Ribeir\u00e3o Preto-SP e Regi\u00e3o","link":"https:\/\/noticiasribeiraopreto.com.br\/index.php\/category\/noticias-de-ribeirao-preto-sp-e-regiao-ismael-colosi\/"},"img":{"alt_text":"","src":"https:\/\/i0.wp.com\/noticiasribeiraopreto.com.br\/wp-content\/uploads\/2025\/08\/transito-sca_2025-08-12_22-20-28.webp.webp?fit=1200%2C675&ssl=1&resize=350%2C200","width":350,"height":200,"srcset":"https:\/\/i0.wp.com\/noticiasribeiraopreto.com.br\/wp-content\/uploads\/2025\/08\/transito-sca_2025-08-12_22-20-28.webp.webp?fit=1200%2C675&ssl=1&resize=350%2C200 1x, https:\/\/i0.wp.com\/noticiasribeiraopreto.com.br\/wp-content\/uploads\/2025\/08\/transito-sca_2025-08-12_22-20-28.webp.webp?fit=1200%2C675&ssl=1&resize=525%2C300 1.5x, https:\/\/i0.wp.com\/noticiasribeiraopreto.com.br\/wp-content\/uploads\/2025\/08\/transito-sca_2025-08-12_22-20-28.webp.webp?fit=1200%2C675&ssl=1&resize=700%2C400 2x, https:\/\/i0.wp.com\/noticiasribeiraopreto.com.br\/wp-content\/uploads\/2025\/08\/transito-sca_2025-08-12_22-20-28.webp.webp?fit=1200%2C675&ssl=1&resize=1050%2C600 3x"},"classes":[]},{"id":82202,"url":"https:\/\/noticiasribeiraopreto.com.br\/index.php\/2026\/02\/07\/previas-de-carnaval-mudam-o-transito-em-ribeirao-preto\/","url_meta":{"origin":82953,"position":5},"title":"Pr\u00e9vias de Carnaval mudam o tr\u00e2nsito em Ribeir\u00e3o Preto","author":"noticiasribeiraopreto.com.br","date":"7 de February de 2026","format":false,"excerpt":"As pr\u00e9vias de Carnaval mudam o tr\u00e2nsito em Ribeir\u00e3o Preto neste fim de semana e exigem aten\u00e7\u00e3o redobrada dos motoristas. A cidade ter\u00e1 interdi\u00e7\u00f5es programadas em raz\u00e3o da realiza\u00e7\u00e3o dos blocos Calif\u00f3rnia e da 15\u00aa CarnaGay, que acontecem no s\u00e1bado (7) e no domingo (8), respectivamente. De acordo com a\u2026","rel":"","context":"In &quot;Not\u00edcias de Ribeir\u00e3o Preto-SP e Regi\u00e3o&quot;","block_context":{"text":"Not\u00edcias de Ribeir\u00e3o Preto-SP e Regi\u00e3o","link":"https:\/\/noticiasribeiraopreto.com.br\/index.php\/category\/noticias-de-ribeirao-preto-sp-e-regiao-ismael-colosi\/"},"img":{"alt_text":"","src":"https:\/\/i0.wp.com\/noticiasribeiraopreto.com.br\/wp-content\/uploads\/2026\/02\/palace-48_2026-02-06_20-12-08.webp.webp?fit=1200%2C675&ssl=1&resize=350%2C200","width":350,"height":200,"srcset":"https:\/\/i0.wp.com\/noticiasribeiraopreto.com.br\/wp-content\/uploads\/2026\/02\/palace-48_2026-02-06_20-12-08.webp.webp?fit=1200%2C675&ssl=1&resize=350%2C200 1x, https:\/\/i0.wp.com\/noticiasribeiraopreto.com.br\/wp-content\/uploads\/2026\/02\/palace-48_2026-02-06_20-12-08.webp.webp?fit=1200%2C675&ssl=1&resize=525%2C300 1.5x, https:\/\/i0.wp.com\/noticiasribeiraopreto.com.br\/wp-content\/uploads\/2026\/02\/palace-48_2026-02-06_20-12-08.webp.webp?fit=1200%2C675&ssl=1&resize=700%2C400 2x, https:\/\/i0.wp.com\/noticiasribeiraopreto.com.br\/wp-content\/uploads\/2026\/02\/palace-48_2026-02-06_20-12-08.webp.webp?fit=1200%2C675&ssl=1&resize=1050%2C600 3x"},"classes":[]}],"jetpack_sharing_enabled":true,"jetpack_shortlink":"https:\/\/wp.me\/peQAOb-lzX","_links":{"self":[{"href":"https:\/\/noticiasribeiraopreto.com.br\/index.php\/wp-json\/wp\/v2\/posts\/82953","targetHints":{"allow":["GET"]}}],"collection":[{"href":"https:\/\/noticiasribeiraopreto.com.br\/index.php\/wp-json\/wp\/v2\/posts"}],"about":[{"href":"https:\/\/noticiasribeiraopreto.com.br\/index.php\/wp-json\/wp\/v2\/types\/post"}],"author":[{"embeddable":true,"href":"https:\/\/noticiasribeiraopreto.com.br\/index.php\/wp-json\/wp\/v2\/users\/1"}],"replies":[{"embeddable":true,"href":"https:\/\/noticiasribeiraopreto.com.br\/index.php\/wp-json\/wp\/v2\/comments?post=82953"}],"version-history":[{"count":0,"href":"https:\/\/noticiasribeiraopreto.com.br\/index.php\/wp-json\/wp\/v2\/posts\/82953\/revisions"}],"wp:featuredmedia":[{"embeddable":true,"href":"https:\/\/noticiasribeiraopreto.com.br\/index.php\/wp-json\/wp\/v2\/media\/82051"}],"wp:attachment":[{"href":"https:\/\/noticiasribeiraopreto.com.br\/index.php\/wp-json\/wp\/v2\/media?parent=82953"}],"wp:term":[{"taxonomy":"category","embeddable":true,"href":"https:\/\/noticiasribeiraopreto.com.br\/index.php\/wp-json\/wp\/v2\/categories?post=82953"},{"taxonomy":"post_tag","embeddable":true,"href":"https:\/\/noticiasribeiraopreto.com.br\/index.php\/wp-json\/wp\/v2\/tags?post=82953"}],"curies":[{"name":"wp","href":"https:\/\/api.w.org\/{rel}","templated":true}]}}