{"id":82954,"date":"2026-03-04T11:10:26","date_gmt":"2026-03-04T14:10:26","guid":{"rendered":"https:\/\/noticiasribeiraopreto.com.br\/index.php\/2026\/03\/04\/sabor-especial-na-semana-santa\/"},"modified":"2026-03-04T11:10:26","modified_gmt":"2026-03-04T14:10:26","slug":"sabor-especial-na-semana-santa","status":"publish","type":"post","link":"https:\/\/noticiasribeiraopreto.com.br\/index.php\/2026\/03\/04\/sabor-especial-na-semana-santa\/","title":{"rendered":"Sabor Especial na Semana Santa"},"content":{"rendered":"<div class='code-block code-block-1' style='margin: 8px 0 8px auto; text-align: right; display: block; clear: both;'>\n<p><a href=\"https:\/\/wa.link\/vpicfd\"><img data-recalc-dims=\"1\" class=\"wp-image-4922\" style=\"aspect-ratio: 2.0253164556962027; width: 561px; height: auto;\" src=\"https:\/\/i0.wp.com\/ismaelcolosi.com.br\/wp-content\/uploads\/2023\/11\/grupo-de-empregos-whatsapp-e-facebook-ismael-colosi-vagas.jpg?ssl=1\" alt=\"\" \/><\/a><\/p>\n<!-- \/wp:image -->\n<\/div>\n<p> <br \/>\n<\/p>\n<div data-td-block-uid=\"tdi_96\">\n<div class=\"tdb-block-inner td-fix-index\">\n<figure class=\"wp-block-embed is-type-video is-provider-youtube wp-block-embed-youtube wp-embed-aspect-16-9 wp-has-aspect-ratio\">\n<div class=\"wp-block-embed__wrapper\">\n<p><iframe loading=\"lazy\" title=\"Momento da Fam\u00edlia \ud83d\udc1f Salm\u00e3o na Cestinha: Op\u00e7\u00e3o Perfeita para a Semana Santa! \ud83c\udf3f\u2728\" width=\"500\" height=\"281\" src=\"https:\/\/www.youtube.com\/embed\/vhawCcGCUhE?feature=oembed\" frameborder=\"0\" allow=\"accelerometer; autoplay; clipboard-write; encrypted-media; gyroscope; picture-in-picture; web-share\" referrerpolicy=\"strict-origin-when-cross-origin\" allowfullscreen><\/iframe><\/p>\n<\/div>\n<\/figure>\n<p>Para celebrar a <strong>Semana Santa<\/strong> com um prato muito especial e cheio de sabor, o <strong>Momento da Fam\u00edlia<\/strong> traz uma receita leve, arom\u00e1tica e encantadora: <strong>Salm\u00e3o em Papelote<\/strong>. Preparado no pr\u00f3prio vapor, ele preserva os sabores e garante uma experi\u00eancia delicada e marcante \u00e0 mesa.<\/p>\n<p>\ud83d\udcdd <strong>Ingredientes (aproximados):<\/strong><br \/>\ud83d\udc1f 400g de fil\u00e9 de salm\u00e3o<br \/>\ud83c\udf45 200g de tomate cereja<br \/>\ud83e\uded2 60g de azeitona preta<br \/>\ud83c\udf3f Alcaparra (a gosto)<br \/>\ud83c\udf31 Tomilho (a gosto)<br \/>\ud83e\udd57 Cheiro-verde (a gosto)<br \/>\ud83e\uded2 Azeite (a gosto)<br \/>\ud83e\udd42 20ml de vinho branco<br \/>\ud83e\uddc2 Sal e pimenta (a gosto)<br \/>\ud83d\udcdc Papel manteiga e barbante culin\u00e1rio<\/p>\n<p>\ud83d\udc69\u200d\ud83c\udf73 <strong>Modo de preparo:<\/strong><br \/>Tempere os fil\u00e9s de salm\u00e3o com sal, pimenta e o vinho branco. Deixe marinar por alguns minutos para intensificar o sabor.<\/p>\n<p>Abra um peda\u00e7o generoso de papel manteiga e coloque o salm\u00e3o no centro. Distribua os tomates-cereja, as azeitonas pretas e as alcaparras ao redor e por cima do peixe.<\/p>\n<p>Regue com um fio de azeite e finalize com tomilho e cheiro-verde.<\/p>\n<p>Feche o papel manteiga formando uma \u201ctrouxinha\u201d (papelote) e amarre bem com barbante culin\u00e1rio para manter o vapor dentro.<\/p>\n<p>Leve ao forno preaquecido a 200\u00b0C por cerca de 20 a 25 minutos. Abra o papelote apenas na hora de servir para liberar todo o aroma e sabor do prato.<\/p>\n<p>Uma receita elegante, pr\u00e1tica e perfeita para reunir quem voc\u00ea ama ao redor da mesa.<\/p>\n<p>Que a sua Semana Santa seja repleta de paz, uni\u00e3o e muito sabor em fam\u00edlia!<\/p>\n<p><!-- AI CONTENT END 1 -->\n<\/div>\n<\/div>\n<p><br \/>\n<br \/><a href=\"https:\/\/www.acidadeon.com\/ribeiraopreto\/conteudo-patrocinado\/prever\/salmao-em-papelote-sabor-especial-na-semana-santa\/\">Source link <\/a><\/p>\n<!-- CONTENT END 1 -->\n","protected":false},"excerpt":{"rendered":"<p>Para celebrar a Semana Santa com um prato muito especial e cheio de sabor, o Momento da Fam\u00edlia traz uma receita leve, arom\u00e1tica e encantadora:&#8230;<\/p>\n","protected":false},"author":1,"featured_media":82943,"comment_status":"open","ping_status":"open","sticky":false,"template":"","format":"standard","meta":{"advanced_seo_description":"","jetpack_seo_html_title":"","jetpack_seo_noindex":false,"jetpack_post_was_ever_published":false,"_jetpack_newsletter_access":"","_jetpack_dont_email_post_to_subs":false,"_jetpack_newsletter_tier_id":0,"_jetpack_memberships_contains_paywalled_content":false,"_jetpack_memberships_contains_paid_content":false,"footnotes":"","jetpack_publicize_message":"","jetpack_publicize_feature_enabled":true,"jetpack_social_post_already_shared":true,"jetpack_social_options":{"image_generator_settings":{"template":"highway","default_image_id":0,"font":"","enabled":false},"version":2}},"categories":[11],"tags":[],"class_list":["post-82954","post","type-post","status-publish","format-standard","has-post-thumbnail","hentry","category-noticias-de-ribeirao-preto-sp-e-regiao-ismael-colosi"],"jetpack_publicize_connections":[],"jetpack_featured_media_url":"https:\/\/i0.wp.com\/noticiasribeiraopreto.com.br\/wp-content\/uploads\/2026\/03\/informe-g1-17_2026-03-03_20-50-03.webp.webp?fit=1200%2C675&ssl=1","jetpack-related-posts":[{"id":83043,"url":"https:\/\/noticiasribeiraopreto.com.br\/index.php\/2026\/03\/07\/torta-salgada-saudavel-lanche-facil-e-saboroso-2\/","url_meta":{"origin":82954,"position":0},"title":"Torta Salgada Saud\u00e1vel: Lanche F\u00e1cil e Saboroso","author":"noticiasribeiraopreto.com.br","date":"7 de March de 2026","format":false,"excerpt":"Para aquele lanche r\u00e1pido que agrada todo mundo, o Momento da Fam\u00edlia traz uma receita especial e super pr\u00e1tica: a deliciosa Torta Salgada Saud\u00e1vel. Feita com poucos ingredientes e preparada na frigideira, ela \u00e9 ideal para quem busca sabor e leveza no dia a dia. \ud83d\udcdd Ingredientes (aproximados):\ud83e\udd5b 50ml de\u2026","rel":"","context":"In &quot;Not\u00edcias de Ribeir\u00e3o Preto-SP e Regi\u00e3o&quot;","block_context":{"text":"Not\u00edcias de Ribeir\u00e3o Preto-SP e Regi\u00e3o","link":"https:\/\/noticiasribeiraopreto.com.br\/index.php\/category\/noticias-de-ribeirao-preto-sp-e-regiao-ismael-colosi\/"},"img":{"alt_text":"","src":"https:\/\/i0.wp.com\/noticiasribeiraopreto.com.br\/wp-content\/uploads\/2026\/03\/Torta-de-Frango-com-Tapioca_2026-03-06_19-16-36.webp.webp?fit=972%2C548&ssl=1&resize=350%2C200","width":350,"height":200,"srcset":"https:\/\/i0.wp.com\/noticiasribeiraopreto.com.br\/wp-content\/uploads\/2026\/03\/Torta-de-Frango-com-Tapioca_2026-03-06_19-16-36.webp.webp?fit=972%2C548&ssl=1&resize=350%2C200 1x, https:\/\/i0.wp.com\/noticiasribeiraopreto.com.br\/wp-content\/uploads\/2026\/03\/Torta-de-Frango-com-Tapioca_2026-03-06_19-16-36.webp.webp?fit=972%2C548&ssl=1&resize=525%2C300 1.5x, https:\/\/i0.wp.com\/noticiasribeiraopreto.com.br\/wp-content\/uploads\/2026\/03\/Torta-de-Frango-com-Tapioca_2026-03-06_19-16-36.webp.webp?fit=972%2C548&ssl=1&resize=700%2C400 2x"},"classes":[]},{"id":82956,"url":"https:\/\/noticiasribeiraopreto.com.br\/index.php\/2026\/03\/04\/torta-salgada-saudavel-lanche-facil-e-saboroso\/","url_meta":{"origin":82954,"position":1},"title":"Torta Salgada Saud\u00e1vel: Lanche F\u00e1cil e Saboroso","author":"noticiasribeiraopreto.com.br","date":"4 de March de 2026","format":false,"excerpt":"Para aquele lanche r\u00e1pido que agrada todo mundo, o Momento da Fam\u00edlia traz uma receita especial e super pr\u00e1tica: a deliciosa Torta Salgada Saud\u00e1vel. Feita com poucos ingredientes e preparada na frigideira, ela \u00e9 ideal para quem busca sabor e leveza no dia a dia. \ud83d\udcdd Ingredientes (aproximados):\ud83e\udd5b 50ml de\u2026","rel":"","context":"In &quot;Not\u00edcias de Ribeir\u00e3o Preto-SP e Regi\u00e3o&quot;","block_context":{"text":"Not\u00edcias de Ribeir\u00e3o Preto-SP e Regi\u00e3o","link":"https:\/\/noticiasribeiraopreto.com.br\/index.php\/category\/noticias-de-ribeirao-preto-sp-e-regiao-ismael-colosi\/"},"img":{"alt_text":"","src":"https:\/\/i0.wp.com\/noticiasribeiraopreto.com.br\/wp-content\/uploads\/2026\/03\/informe-g1-17_2026-03-03_20-50-03.webp.webp?fit=1200%2C675&ssl=1&resize=350%2C200","width":350,"height":200,"srcset":"https:\/\/i0.wp.com\/noticiasribeiraopreto.com.br\/wp-content\/uploads\/2026\/03\/informe-g1-17_2026-03-03_20-50-03.webp.webp?fit=1200%2C675&ssl=1&resize=350%2C200 1x, https:\/\/i0.wp.com\/noticiasribeiraopreto.com.br\/wp-content\/uploads\/2026\/03\/informe-g1-17_2026-03-03_20-50-03.webp.webp?fit=1200%2C675&ssl=1&resize=525%2C300 1.5x, https:\/\/i0.wp.com\/noticiasribeiraopreto.com.br\/wp-content\/uploads\/2026\/03\/informe-g1-17_2026-03-03_20-50-03.webp.webp?fit=1200%2C675&ssl=1&resize=700%2C400 2x, https:\/\/i0.wp.com\/noticiasribeiraopreto.com.br\/wp-content\/uploads\/2026\/03\/informe-g1-17_2026-03-03_20-50-03.webp.webp?fit=1200%2C675&ssl=1&resize=1050%2C600 3x"},"classes":[]},{"id":20152,"url":"https:\/\/noticiasribeiraopreto.com.br\/index.php\/2023\/12\/24\/delicia-de-natal-com-menos-oleo-e-muito-sabor\/","url_meta":{"origin":82954,"position":2},"title":"del\u00edcia de Natal com menos \u00f3leo e muito sabor","author":"noticiasribeiraopreto.com.br","date":"24 de December de 2023","format":false,"excerpt":"Com a aproxima\u00e7\u00e3o do Natal, muitas fam\u00edlias j\u00e1 come\u00e7am a organizar o cortejo das receitas tradicionais que ornamentam a mesa nessa \u00e9poca. Uma das iguarias que mais desperta o paladar dos brasileiros \u00e9 a rabanada. Por\u00e9m, h\u00e1 quem resista \u00e0 tenta\u00e7\u00e3o por conta do m\u00e9todo de preparo usual, que consiste\u2026","rel":"","context":"In &quot;Variedades&quot;","block_context":{"text":"Variedades","link":"https:\/\/noticiasribeiraopreto.com.br\/index.php\/category\/variedades\/"},"img":{"alt_text":"","src":"https:\/\/i0.wp.com\/noticiasribeiraopreto.com.br\/wp-content\/uploads\/2023\/12\/doces-de-natal-rabanada.jpg?fit=1200%2C638&ssl=1&resize=350%2C200","width":350,"height":200,"srcset":"https:\/\/i0.wp.com\/noticiasribeiraopreto.com.br\/wp-content\/uploads\/2023\/12\/doces-de-natal-rabanada.jpg?fit=1200%2C638&ssl=1&resize=350%2C200 1x, https:\/\/i0.wp.com\/noticiasribeiraopreto.com.br\/wp-content\/uploads\/2023\/12\/doces-de-natal-rabanada.jpg?fit=1200%2C638&ssl=1&resize=525%2C300 1.5x, https:\/\/i0.wp.com\/noticiasribeiraopreto.com.br\/wp-content\/uploads\/2023\/12\/doces-de-natal-rabanada.jpg?fit=1200%2C638&ssl=1&resize=700%2C400 2x, https:\/\/i0.wp.com\/noticiasribeiraopreto.com.br\/wp-content\/uploads\/2023\/12\/doces-de-natal-rabanada.jpg?fit=1200%2C638&ssl=1&resize=1050%2C600 3x"},"classes":[]},{"id":69763,"url":"https:\/\/noticiasribeiraopreto.com.br\/index.php\/2025\/05\/09\/dia-das-maes-confira-dicas-para-preparar-um-almoco-saboroso-pratico-e-com-pouca-louca\/","url_meta":{"origin":82954,"position":3},"title":"Dia das M\u00e3es: confira dicas para preparar um almo\u00e7o saboroso, pr\u00e1tico e com pouca lou\u00e7a","author":"noticiasribeiraopreto.com.br","date":"9 de May de 2025","format":false,"excerpt":"Comemorado no pr\u00f3ximo domingo (11), o Dia das M\u00e3es \u00e9 uma ocasi\u00e3o importante para reunir a fam\u00edlia e os amigos. E nada melhor do que uma boa refei\u00e7\u00e3o para esse momento. O professor Vitor Arduini, do curso de Gastronomia da Unifran, preparou algumas dicas para a prepara\u00e7\u00e3o do card\u00e1pio especial.\u2026","rel":"","context":"In &quot;Not\u00edcias de Franca-SP&quot;","block_context":{"text":"Not\u00edcias de Franca-SP","link":"https:\/\/noticiasribeiraopreto.com.br\/index.php\/category\/noticias-de-ribeirao-preto-sp-e-regiao-ismael-colosi\/noticias-franca-sp\/"},"img":{"alt_text":"","src":"https:\/\/i0.wp.com\/noticiasribeiraopreto.com.br\/wp-content\/uploads\/2025\/05\/salmao.jpg?fit=1200%2C630&ssl=1&resize=350%2C200","width":350,"height":200,"srcset":"https:\/\/i0.wp.com\/noticiasribeiraopreto.com.br\/wp-content\/uploads\/2025\/05\/salmao.jpg?fit=1200%2C630&ssl=1&resize=350%2C200 1x, https:\/\/i0.wp.com\/noticiasribeiraopreto.com.br\/wp-content\/uploads\/2025\/05\/salmao.jpg?fit=1200%2C630&ssl=1&resize=525%2C300 1.5x, https:\/\/i0.wp.com\/noticiasribeiraopreto.com.br\/wp-content\/uploads\/2025\/05\/salmao.jpg?fit=1200%2C630&ssl=1&resize=700%2C400 2x, https:\/\/i0.wp.com\/noticiasribeiraopreto.com.br\/wp-content\/uploads\/2025\/05\/salmao.jpg?fit=1200%2C630&ssl=1&resize=1050%2C600 3x"},"classes":[]},{"id":72802,"url":"https:\/\/noticiasribeiraopreto.com.br\/index.php\/2025\/06\/21\/jornal-da-franca-aprenda-como-temperar-feijao-para-deixa-lo-saboroso-e-surpreendente\/","url_meta":{"origin":82954,"position":4},"title":"Jornal da Franca &#8211; Aprenda como temperar feij\u00e3o para deix\u00e1-lo saboroso e surpreendente!","author":"noticiasribeiraopreto.com.br","date":"21 de June de 2025","format":false,"excerpt":"compartilhar no whatsapp compartilhar no telegram compartilhar no facebook compartilhar no linkedin Nunca consegue acertar na hora de temperar o feij\u00e3o ou sente que ainda falta aquele toque especial? Confira essas dicas! Feij\u00e3o \u00e9 um dos alimentos que n\u00e3o pode faltar na mesa dos brasileiros \u2013 foto Arquivo \u00a0 O\u2026","rel":"","context":"In &quot;Not\u00edcias de Franca-SP&quot;","block_context":{"text":"Not\u00edcias de Franca-SP","link":"https:\/\/noticiasribeiraopreto.com.br\/index.php\/category\/noticias-de-ribeirao-preto-sp-e-regiao-ismael-colosi\/noticias-franca-sp\/"},"img":{"alt_text":"","src":"https:\/\/i0.wp.com\/noticiasribeiraopreto.com.br\/wp-content\/uploads\/2025\/06\/feijao-foto-gomes-da-costa.jpg?fit=1200%2C800&ssl=1&resize=350%2C200","width":350,"height":200,"srcset":"https:\/\/i0.wp.com\/noticiasribeiraopreto.com.br\/wp-content\/uploads\/2025\/06\/feijao-foto-gomes-da-costa.jpg?fit=1200%2C800&ssl=1&resize=350%2C200 1x, https:\/\/i0.wp.com\/noticiasribeiraopreto.com.br\/wp-content\/uploads\/2025\/06\/feijao-foto-gomes-da-costa.jpg?fit=1200%2C800&ssl=1&resize=525%2C300 1.5x, https:\/\/i0.wp.com\/noticiasribeiraopreto.com.br\/wp-content\/uploads\/2025\/06\/feijao-foto-gomes-da-costa.jpg?fit=1200%2C800&ssl=1&resize=700%2C400 2x, https:\/\/i0.wp.com\/noticiasribeiraopreto.com.br\/wp-content\/uploads\/2025\/06\/feijao-foto-gomes-da-costa.jpg?fit=1200%2C800&ssl=1&resize=1050%2C600 3x"},"classes":[]},{"id":84419,"url":"https:\/\/noticiasribeiraopreto.com.br\/index.php\/2026\/04\/09\/salada-com-milho-crocante-com-andrea-vitaliano\/","url_meta":{"origin":82954,"position":5},"title":"Salada com Milho Crocante com Andr\u00e9a Vitaliano","author":"noticiasribeiraopreto.com.br","date":"9 de April de 2026","format":false,"excerpt":"Ler o resumo da not\u00edcia Andr\u00e9a Vitaliano apresenta receita de salada com milho crocante no programa Momento da Fam\u00edlia. A prepara\u00e7\u00e3o inclui alface americana, pepino japon\u00eas, tomate-cereja, cebola roxa e um molho de iogurte com mel e lim\u00e3o. O diferencial da receita \u00e9 o milho temperado com p\u00e1prica picante e\u2026","rel":"","context":"In &quot;Not\u00edcias de Ribeir\u00e3o Preto-SP e Regi\u00e3o&quot;","block_context":{"text":"Not\u00edcias de Ribeir\u00e3o Preto-SP e Regi\u00e3o","link":"https:\/\/noticiasribeiraopreto.com.br\/index.php\/category\/noticias-de-ribeirao-preto-sp-e-regiao-ismael-colosi\/"},"img":{"alt_text":"","src":"https:\/\/i0.wp.com\/noticiasribeiraopreto.com.br\/wp-content\/uploads\/2026\/04\/capa-RECEITA-SALADA-ALTA_2026-04-09_13-15-04.webp.webp?fit=1114%2C628&ssl=1&resize=350%2C200","width":350,"height":200,"srcset":"https:\/\/i0.wp.com\/noticiasribeiraopreto.com.br\/wp-content\/uploads\/2026\/04\/capa-RECEITA-SALADA-ALTA_2026-04-09_13-15-04.webp.webp?fit=1114%2C628&ssl=1&resize=350%2C200 1x, https:\/\/i0.wp.com\/noticiasribeiraopreto.com.br\/wp-content\/uploads\/2026\/04\/capa-RECEITA-SALADA-ALTA_2026-04-09_13-15-04.webp.webp?fit=1114%2C628&ssl=1&resize=525%2C300 1.5x, https:\/\/i0.wp.com\/noticiasribeiraopreto.com.br\/wp-content\/uploads\/2026\/04\/capa-RECEITA-SALADA-ALTA_2026-04-09_13-15-04.webp.webp?fit=1114%2C628&ssl=1&resize=700%2C400 2x, https:\/\/i0.wp.com\/noticiasribeiraopreto.com.br\/wp-content\/uploads\/2026\/04\/capa-RECEITA-SALADA-ALTA_2026-04-09_13-15-04.webp.webp?fit=1114%2C628&ssl=1&resize=1050%2C600 3x"},"classes":[]}],"jetpack_sharing_enabled":true,"jetpack_shortlink":"https:\/\/wp.me\/peQAOb-lzY","_links":{"self":[{"href":"https:\/\/noticiasribeiraopreto.com.br\/index.php\/wp-json\/wp\/v2\/posts\/82954","targetHints":{"allow":["GET"]}}],"collection":[{"href":"https:\/\/noticiasribeiraopreto.com.br\/index.php\/wp-json\/wp\/v2\/posts"}],"about":[{"href":"https:\/\/noticiasribeiraopreto.com.br\/index.php\/wp-json\/wp\/v2\/types\/post"}],"author":[{"embeddable":true,"href":"https:\/\/noticiasribeiraopreto.com.br\/index.php\/wp-json\/wp\/v2\/users\/1"}],"replies":[{"embeddable":true,"href":"https:\/\/noticiasribeiraopreto.com.br\/index.php\/wp-json\/wp\/v2\/comments?post=82954"}],"version-history":[{"count":0,"href":"https:\/\/noticiasribeiraopreto.com.br\/index.php\/wp-json\/wp\/v2\/posts\/82954\/revisions"}],"wp:featuredmedia":[{"embeddable":true,"href":"https:\/\/noticiasribeiraopreto.com.br\/index.php\/wp-json\/wp\/v2\/media\/82943"}],"wp:attachment":[{"href":"https:\/\/noticiasribeiraopreto.com.br\/index.php\/wp-json\/wp\/v2\/media?parent=82954"}],"wp:term":[{"taxonomy":"category","embeddable":true,"href":"https:\/\/noticiasribeiraopreto.com.br\/index.php\/wp-json\/wp\/v2\/categories?post=82954"},{"taxonomy":"post_tag","embeddable":true,"href":"https:\/\/noticiasribeiraopreto.com.br\/index.php\/wp-json\/wp\/v2\/tags?post=82954"}],"curies":[{"name":"wp","href":"https:\/\/api.w.org\/{rel}","templated":true}]}}