{"id":82962,"date":"2026-03-04T16:34:42","date_gmt":"2026-03-04T19:34:42","guid":{"rendered":"https:\/\/noticiasribeiraopreto.com.br\/index.php\/2026\/03\/04\/caso-lincoln-fernandes-busca-negada\/"},"modified":"2026-03-04T16:34:42","modified_gmt":"2026-03-04T19:34:42","slug":"caso-lincoln-fernandes-busca-negada","status":"publish","type":"post","link":"https:\/\/noticiasribeiraopreto.com.br\/index.php\/2026\/03\/04\/caso-lincoln-fernandes-busca-negada\/","title":{"rendered":"Caso Lincoln Fernandes &#8211; BUSCA NEGADA"},"content":{"rendered":"<div class='code-block code-block-1' style='margin: 8px 0 8px auto; text-align: right; display: block; clear: both;'>\n<p><a href=\"https:\/\/wa.link\/vpicfd\"><img data-recalc-dims=\"1\" class=\"wp-image-4922\" style=\"aspect-ratio: 2.0253164556962027; width: 561px; height: auto;\" src=\"https:\/\/i0.wp.com\/ismaelcolosi.com.br\/wp-content\/uploads\/2023\/11\/grupo-de-empregos-whatsapp-e-facebook-ismael-colosi-vagas.jpg?ssl=1\" alt=\"\" \/><\/a><\/p>\n<!-- \/wp:image -->\n<\/div>\n<p> <br \/>\n<\/p>\n<div id=\"post-456315\">&#13;<br \/>\n&#13;<\/p>\n<header class=\"entry-header penci-entry-header penci-title-center\">&#13;<br \/>\n\t\t\t\t\t\t\t\t&#13;<\/p>\n<p>&#13;<br \/>\n\t\t\t\t\t\t\t\t\t<span class=\"entry-meta-item penci-posted-on\"><i class=\"fa fa-clock-o\"\/><time class=\"entry-date published updated\" datetime=\"2026-03-04T16:33:40-03:00\">4 de mar\u00e7o de 2026 16:33<\/time><\/span><span class=\"entry-meta-item penci-post-countview\"\/>\t\t\t\t\t\t\t\t<\/p>\n<p><!-- .entry-meta -->&#13;<br \/>\n\t\t\t\t\t\t\t\t<span class=\"penci-social-buttons penci-social-share-footer\"><span class=\"penci-social-share-text\">Compartilhar<\/span><a href=\"#\" class=\"penci-post-like penci_post-meta_item  single-like-button penci-social-item like\" data-post_id=\"456315\" title=\"Like\" data-like=\"Like\" data-unlike=\"Unlike\"><i class=\"fa fa-thumbs-o-up\"\/><span class=\"penci-share-number\">0<\/span><\/a><i class=\"fa fa-facebook\"\/><a class=\"penci-social-item twitter\" target=\"_blank\" rel=\"noopener\" title=\"\" href=\"https:\/\/twitter.com\/intent\/tweet?text=Caso%20Lincoln%20Fernandes%20-%20BUSCA%20NEGADA%20-%20https:\/\/www.tribunaribeirao.com.br\/caso-lincoln-fernandes-busca-negada\/\"><i class=\"fa fa-twitter\"\/><\/a><i class=\"fa fa-linkedin\"\/><i class=\"fa fa-whatsapp\"\/><i class=\"fa fa-telegram\"\/><i class=\"fa fa-envelope\"\/><\/span>\t\t\t\t\t\t\t<\/header>\n<p><!-- .entry-header -->&#13;<\/p>\n<div class=\"entry-media penci-entry-media\">\n<div class=\"post-format-meta \"><img data-recalc-dims=\"1\" loading=\"lazy\" width=\"700\" height=\"392\" src=\"https:\/\/i0.wp.com\/www.tribunaribeirao.com.br\/wp-content\/uploads\/2017\/08\/confessionario-e1519013844468.jpg?resize=700%2C392&#038;ssl=1\" class=\"attachment-penci-thumb-960-auto size-penci-thumb-960-auto wp-post-image lazyload\" alt=\"\" decoding=\"async\" srcset=\"https:\/\/www.tribunaribeirao.com.br\/wp-content\/uploads\/2017\/08\/confessionario-e1519013844468.jpg 700w, https:\/\/www.tribunaribeirao.com.br\/wp-content\/uploads\/2017\/08\/confessionario-e1519013844468-300x168.jpg 300w, https:\/\/www.tribunaribeirao.com.br\/wp-content\/uploads\/2017\/08\/confessionario-e1519013844468-585x328.jpg 585w\" data-sizes=\"(max-width: 700px) 100vw, 700px\" style=\"--smush-placeholder-width: 700px; --smush-placeholder-aspect-ratio: 700\/392;\"\/><\/div>\n<\/p><\/div>\n<div class=\"penci-entry-content entry-content\">\n<p data-start=\"14\" data-end=\"437\" data-is-last-node=\"\" data-is-only-node=\"\">A defesa de Lincoln Fernandes (PL) divulgou nota nesta quarta-feira negando que tenha ocorrido busca e apreens\u00e3o na resid\u00eancia do vereador, como apontaram postagens nas redes sociais, na manh\u00e3 desta quarta-feira (4). Os advogados classificaram a informa\u00e7\u00e3o como <em>fake news<\/em> e falaram em persegui\u00e7\u00e3o pol\u00edtica. A C\u00e2mara j\u00e1 abriu investiga\u00e7\u00e3o sobre den\u00fancia de suposta rachadinha no gabinete do parlamentar. O caso tamb\u00e9m foi encaminhado ao Minist\u00e9rio P\u00fablico.<\/p>\n<\/div>\n<p><!-- .entry-content -->&#13;<br \/>\n&#13;<\/p>\n<footer class=\"penci-entry-footer\">&#13;<br \/>\n\t\t\t\t\t\t\t\t<span class=\"penci-social-buttons penci-social-share-footer\"><span class=\"penci-social-share-text\">Compartilhar<\/span><a href=\"#\" class=\"penci-post-like penci_post-meta_item  single-like-button penci-social-item like\" data-post_id=\"456315\" title=\"Like\" data-like=\"Like\" data-unlike=\"Unlike\"><i class=\"fa fa-thumbs-o-up\"\/><span class=\"penci-share-number\">0<\/span><\/a><i class=\"fa fa-facebook\"\/><a class=\"penci-social-item twitter\" target=\"_blank\" rel=\"noopener\" title=\"\" href=\"https:\/\/twitter.com\/intent\/tweet?text=Caso%20Lincoln%20Fernandes%20-%20BUSCA%20NEGADA%20-%20https:\/\/www.tribunaribeirao.com.br\/caso-lincoln-fernandes-busca-negada\/\"><i class=\"fa fa-twitter\"\/><\/a><i class=\"fa fa-linkedin\"\/><i class=\"fa fa-whatsapp\"\/><i class=\"fa fa-telegram\"\/><i class=\"fa fa-envelope\"\/><\/span>\t\t\t\t\t\t\t<\/footer>\n<p><!-- .entry-footer -->&#13;\n\t\t\t\t\t\t<\/div>\n<p><script async src=\"\/\/platform.twitter.com\/widgets.js\" charset=\"utf-8\"><\/script><br \/>\n<br \/><br \/>\n<br \/><a href=\"https:\/\/www.tribunaribeirao.com.br\/caso-lincoln-fernandes-busca-negada\/\">Source link <\/a><\/p>\n<!-- CONTENT END 1 -->\n","protected":false},"excerpt":{"rendered":"<p>&#13; &#13; &#13; &#13; &#13; 4 de mar\u00e7o de 2026 16:33 &#13; Compartilhar0 &#13; A defesa de Lincoln Fernandes (PL) divulgou nota nesta quarta-feira negando&#8230;<\/p>\n","protected":false},"author":1,"featured_media":82963,"comment_status":"open","ping_status":"open","sticky":false,"template":"","format":"standard","meta":{"advanced_seo_description":"","jetpack_seo_html_title":"","jetpack_seo_noindex":false,"jetpack_post_was_ever_published":false,"_jetpack_newsletter_access":"","_jetpack_dont_email_post_to_subs":false,"_jetpack_newsletter_tier_id":0,"_jetpack_memberships_contains_paywalled_content":false,"_jetpack_memberships_contains_paid_content":false,"footnotes":"","jetpack_publicize_message":"","jetpack_publicize_feature_enabled":true,"jetpack_social_post_already_shared":true,"jetpack_social_options":{"image_generator_settings":{"template":"highway","default_image_id":0,"font":"","enabled":false},"version":2}},"categories":[11],"tags":[],"class_list":["post-82962","post","type-post","status-publish","format-standard","has-post-thumbnail","hentry","category-noticias-de-ribeirao-preto-sp-e-regiao-ismael-colosi"],"jetpack_publicize_connections":[],"jetpack_featured_media_url":"https:\/\/i0.wp.com\/noticiasribeiraopreto.com.br\/wp-content\/uploads\/2026\/03\/confessionario-e1519013844468.jpg?fit=700%2C392&ssl=1","jetpack-related-posts":[{"id":83737,"url":"https:\/\/noticiasribeiraopreto.com.br\/index.php\/2026\/03\/24\/comissao-apresenta-relatorio-preliminar-do-caso-lincoln-fernandes-e-marca-depoimentos\/","url_meta":{"origin":82962,"position":0},"title":"Comiss\u00e3o apresenta relat\u00f3rio preliminar do caso Lincoln Fernandes e marca depoimentos","author":"noticiasribeiraopreto.com.br","date":"24 de March de 2026","format":false,"excerpt":"A Comiss\u00e3o Processante da C\u00e2mara de Ribeir\u00e3o Preto que apura as den\u00fancias de rachadinha contra o vereador Lincoln Fernandes (PL) entendeu, nesta ter\u00e7a-feira (24), que a investiga\u00e7\u00e3o deve continuar e marcou para o dia 31 de mar\u00e7o, \u00e0s 14h30, os depoimentos de ex-assessores do parlamentar. A decis\u00e3o foi tomada ap\u00f3s\u2026","rel":"","context":"In &quot;Not\u00edcias de Ribeir\u00e3o Preto-SP e Regi\u00e3o&quot;","block_context":{"text":"Not\u00edcias de Ribeir\u00e3o Preto-SP e Regi\u00e3o","link":"https:\/\/noticiasribeiraopreto.com.br\/index.php\/category\/noticias-de-ribeirao-preto-sp-e-regiao-ismael-colosi\/"},"img":{"alt_text":"","src":"https:\/\/i0.wp.com\/noticiasribeiraopreto.com.br\/wp-content\/uploads\/2026\/03\/1774387192_lincoln-fernandes-1024x683.jpg?fit=1024%2C683&ssl=1&resize=350%2C200","width":350,"height":200,"srcset":"https:\/\/i0.wp.com\/noticiasribeiraopreto.com.br\/wp-content\/uploads\/2026\/03\/1774387192_lincoln-fernandes-1024x683.jpg?fit=1024%2C683&ssl=1&resize=350%2C200 1x, https:\/\/i0.wp.com\/noticiasribeiraopreto.com.br\/wp-content\/uploads\/2026\/03\/1774387192_lincoln-fernandes-1024x683.jpg?fit=1024%2C683&ssl=1&resize=525%2C300 1.5x, https:\/\/i0.wp.com\/noticiasribeiraopreto.com.br\/wp-content\/uploads\/2026\/03\/1774387192_lincoln-fernandes-1024x683.jpg?fit=1024%2C683&ssl=1&resize=700%2C400 2x"},"classes":[]},{"id":84910,"url":"https:\/\/noticiasribeiraopreto.com.br\/index.php\/2026\/04\/17\/justica-mantem-investigacao-contra-lincoln-fernandes-em-comissao-processante\/","url_meta":{"origin":82962,"position":1},"title":"Justi\u00e7a mant\u00e9m investiga\u00e7\u00e3o contra Lincoln Fernandes em comiss\u00e3o processante","author":"noticiasribeiraopreto.com.br","date":"17 de April de 2026","format":false,"excerpt":"Ler o resumo da not\u00edcia Juiz Reginaldo Siqueira, da 1\u00aa Vara da Fazenda P\u00fablica de Ribeir\u00e3o Preto, manteve a comiss\u00e3o processante da C\u00e2mara que investiga o vereador Lincoln Fernandes (PL) por quebra de decoro parlamentar, decis\u00e3o publicada na \u00faltima quinta\u2011feira (16). A defesa questionou a legalidade da comiss\u00e3o, alegando que\u2026","rel":"","context":"In &quot;Not\u00edcias de Ribeir\u00e3o Preto-SP e Regi\u00e3o&quot;","block_context":{"text":"Not\u00edcias de Ribeir\u00e3o Preto-SP e Regi\u00e3o","link":"https:\/\/noticiasribeiraopreto.com.br\/index.php\/category\/noticias-de-ribeirao-preto-sp-e-regiao-ismael-colosi\/"},"img":{"alt_text":"","src":"https:\/\/i0.wp.com\/noticiasribeiraopreto.com.br\/wp-content\/uploads\/2026\/03\/lincoln-fernandes-vereador_2026-03-19_13-18-50.webp.webp?fit=1200%2C800&ssl=1&resize=350%2C200","width":350,"height":200,"srcset":"https:\/\/i0.wp.com\/noticiasribeiraopreto.com.br\/wp-content\/uploads\/2026\/03\/lincoln-fernandes-vereador_2026-03-19_13-18-50.webp.webp?fit=1200%2C800&ssl=1&resize=350%2C200 1x, https:\/\/i0.wp.com\/noticiasribeiraopreto.com.br\/wp-content\/uploads\/2026\/03\/lincoln-fernandes-vereador_2026-03-19_13-18-50.webp.webp?fit=1200%2C800&ssl=1&resize=525%2C300 1.5x, https:\/\/i0.wp.com\/noticiasribeiraopreto.com.br\/wp-content\/uploads\/2026\/03\/lincoln-fernandes-vereador_2026-03-19_13-18-50.webp.webp?fit=1200%2C800&ssl=1&resize=700%2C400 2x, https:\/\/i0.wp.com\/noticiasribeiraopreto.com.br\/wp-content\/uploads\/2026\/03\/lincoln-fernandes-vereador_2026-03-19_13-18-50.webp.webp?fit=1200%2C800&ssl=1&resize=1050%2C600 3x"},"classes":[]},{"id":82721,"url":"https:\/\/noticiasribeiraopreto.com.br\/index.php\/2026\/02\/25\/legislativo-vota-pedido-de-cp-por-rachadinha-de-vereador\/","url_meta":{"origin":82962,"position":2},"title":"\u2028Legislativo vota pedido \u2028de CP por \u2018rachadinha\u2019 de vereador","author":"noticiasribeiraopreto.com.br","date":"25 de February de 2026","format":false,"excerpt":"\r \r \r 25 de fevereiro de 2026 08:02 \r Compartilhar0 Ex-assessores Marcos Fabiano dos Santos e Anna Paula Vincentin afirmam ter sido obrigados a devolver parte dos sal\u00e1rios a Lincoln Fernandes A den\u00fancia de pr\u00e1tica de \u201crachadinha\u201d contra o vereador Lincoln Fernandes (PL) ser\u00e1 lida na sess\u00e3o da C\u00e2mara\u2026","rel":"","context":"In &quot;Not\u00edcias de Ribeir\u00e3o Preto-SP e Regi\u00e3o&quot;","block_context":{"text":"Not\u00edcias de Ribeir\u00e3o Preto-SP e Regi\u00e3o","link":"https:\/\/noticiasribeiraopreto.com.br\/index.php\/category\/noticias-de-ribeirao-preto-sp-e-regiao-ismael-colosi\/"},"img":{"alt_text":"","src":"https:\/\/i0.wp.com\/noticiasribeiraopreto.com.br\/wp-content\/uploads\/2026\/02\/RachaRP-Alfredo-Risk-Arquivo-1-scaled.jpg?fit=1170%2C780&ssl=1&resize=350%2C200","width":350,"height":200,"srcset":"https:\/\/i0.wp.com\/noticiasribeiraopreto.com.br\/wp-content\/uploads\/2026\/02\/RachaRP-Alfredo-Risk-Arquivo-1-scaled.jpg?fit=1170%2C780&ssl=1&resize=350%2C200 1x, https:\/\/i0.wp.com\/noticiasribeiraopreto.com.br\/wp-content\/uploads\/2026\/02\/RachaRP-Alfredo-Risk-Arquivo-1-scaled.jpg?fit=1170%2C780&ssl=1&resize=525%2C300 1.5x, https:\/\/i0.wp.com\/noticiasribeiraopreto.com.br\/wp-content\/uploads\/2026\/02\/RachaRP-Alfredo-Risk-Arquivo-1-scaled.jpg?fit=1170%2C780&ssl=1&resize=700%2C400 2x, https:\/\/i0.wp.com\/noticiasribeiraopreto.com.br\/wp-content\/uploads\/2026\/02\/RachaRP-Alfredo-Risk-Arquivo-1-scaled.jpg?fit=1170%2C780&ssl=1&resize=1050%2C600 3x"},"classes":[]},{"id":82906,"url":"https:\/\/noticiasribeiraopreto.com.br\/index.php\/2026\/03\/03\/camara-de-ribeirao-abre-comissao-processante-para-apurar-denuncia-contra-lincoln-fernandes\/","url_meta":{"origin":82962,"position":3},"title":"C\u00e2mara de Ribeir\u00e3o abre Comiss\u00e3o Processante para apurar den\u00fancia contra Lincoln Fernandes","author":"noticiasribeiraopreto.com.br","date":"3 de March de 2026","format":false,"excerpt":"A C\u00e2mara de Ribeir\u00e3o Preto abriu na \u00faltima segunda-feira (2) uma Comiss\u00e3o Processante para apurar a den\u00fancia de rachadinha contra o vereador Lincoln Fernandes (PL). A comiss\u00e3o ser\u00e1 presidida por Jean Coraucci (PSD) e ainda conta com Judeti Zilli (PT), como relatora, e Sargento Lopes (PL). Inicialmente, o processo foi\u2026","rel":"","context":"In &quot;Not\u00edcias de Ribeir\u00e3o Preto-SP e Regi\u00e3o&quot;","block_context":{"text":"Not\u00edcias de Ribeir\u00e3o Preto-SP e Regi\u00e3o","link":"https:\/\/noticiasribeiraopreto.com.br\/index.php\/category\/noticias-de-ribeirao-preto-sp-e-regiao-ismael-colosi\/"},"img":{"alt_text":"","src":"https:\/\/i0.wp.com\/noticiasribeiraopreto.com.br\/wp-content\/uploads\/2026\/03\/lincoln-fernandes-1024x683.jpg?fit=1024%2C683&ssl=1&resize=350%2C200","width":350,"height":200,"srcset":"https:\/\/i0.wp.com\/noticiasribeiraopreto.com.br\/wp-content\/uploads\/2026\/03\/lincoln-fernandes-1024x683.jpg?fit=1024%2C683&ssl=1&resize=350%2C200 1x, https:\/\/i0.wp.com\/noticiasribeiraopreto.com.br\/wp-content\/uploads\/2026\/03\/lincoln-fernandes-1024x683.jpg?fit=1024%2C683&ssl=1&resize=525%2C300 1.5x, https:\/\/i0.wp.com\/noticiasribeiraopreto.com.br\/wp-content\/uploads\/2026\/03\/lincoln-fernandes-1024x683.jpg?fit=1024%2C683&ssl=1&resize=700%2C400 2x"},"classes":[]},{"id":82770,"url":"https:\/\/noticiasribeiraopreto.com.br\/index.php\/2026\/02\/26\/camara-de-ribeirao-preto-abre-processo-contra-lincoln-fernandes-por-suposta-rachadinha\/","url_meta":{"origin":82962,"position":4},"title":"C\u00e2mara de Ribeir\u00e3o Preto abre processo contra Lincoln Fernandes por suposta &#8216;rachadinha&#8217;","author":"noticiasribeiraopreto.com.br","date":"26 de February de 2026","format":false,"excerpt":"A C\u00e2mara Municipal de Ribeir\u00e3o Preto aprovou, nesta quarta-feira (25), a abertura de processo disciplinar por quebra de decoro parlamentar contra o vereador Lincoln Fernandes (PL). Com a decis\u00e3o, o caso passa a tramitar no Conselho de \u00c9tica e Decoro Parlamentar, \u00f3rg\u00e3o respons\u00e1vel por conduzir a apura\u00e7\u00e3o conforme estabelece o\u2026","rel":"","context":"In &quot;Not\u00edcias de Ribeir\u00e3o Preto-SP e Regi\u00e3o&quot;","block_context":{"text":"Not\u00edcias de Ribeir\u00e3o Preto-SP e Regi\u00e3o","link":"https:\/\/noticiasribeiraopreto.com.br\/index.php\/category\/noticias-de-ribeirao-preto-sp-e-regiao-ismael-colosi\/"},"img":{"alt_text":"","src":"https:\/\/i0.wp.com\/noticiasribeiraopreto.com.br\/wp-content\/uploads\/2026\/02\/lincoln-fernandes-1024x683.jpg?fit=1024%2C683&ssl=1&resize=350%2C200","width":350,"height":200,"srcset":"https:\/\/i0.wp.com\/noticiasribeiraopreto.com.br\/wp-content\/uploads\/2026\/02\/lincoln-fernandes-1024x683.jpg?fit=1024%2C683&ssl=1&resize=350%2C200 1x, https:\/\/i0.wp.com\/noticiasribeiraopreto.com.br\/wp-content\/uploads\/2026\/02\/lincoln-fernandes-1024x683.jpg?fit=1024%2C683&ssl=1&resize=525%2C300 1.5x, https:\/\/i0.wp.com\/noticiasribeiraopreto.com.br\/wp-content\/uploads\/2026\/02\/lincoln-fernandes-1024x683.jpg?fit=1024%2C683&ssl=1&resize=700%2C400 2x"},"classes":[]},{"id":83490,"url":"https:\/\/noticiasribeiraopreto.com.br\/index.php\/2026\/03\/19\/ex-assessores-de-lincoln-fernandes-prestam-depoimento-a-policia-em-ribeirao-preto\/","url_meta":{"origin":82962,"position":5},"title":"Ex-assessores de Lincoln Fernandes prestam depoimento \u00e0 pol\u00edcia em Ribeir\u00e3o Preto","author":"noticiasribeiraopreto.com.br","date":"19 de March de 2026","format":false,"excerpt":"Ex-assessores do vereador Lincoln Fernandes (PL), acusado de envolvimento em um suposto esquema de rachadinha na C\u00e2mara de Ribeir\u00e3o Preto, prestaram depoimento \u00e0 Pol\u00edcia Civil na \u00faltima quarta-feira (18). A defesa parlamentar nega o esquema. Foram ouvidos pela pol\u00edcia Marcos Fabiano dos Santos, conhecido como Bim, Anna Paula Vincentin \u2013\u2026","rel":"","context":"In &quot;Not\u00edcias de Ribeir\u00e3o Preto-SP e Regi\u00e3o&quot;","block_context":{"text":"Not\u00edcias de Ribeir\u00e3o Preto-SP e Regi\u00e3o","link":"https:\/\/noticiasribeiraopreto.com.br\/index.php\/category\/noticias-de-ribeirao-preto-sp-e-regiao-ismael-colosi\/"},"img":{"alt_text":"","src":"https:\/\/i0.wp.com\/noticiasribeiraopreto.com.br\/wp-content\/uploads\/2026\/03\/lincoln-fernandes-vereador_2026-03-19_13-18-50.webp.webp?fit=1200%2C800&ssl=1&resize=350%2C200","width":350,"height":200,"srcset":"https:\/\/i0.wp.com\/noticiasribeiraopreto.com.br\/wp-content\/uploads\/2026\/03\/lincoln-fernandes-vereador_2026-03-19_13-18-50.webp.webp?fit=1200%2C800&ssl=1&resize=350%2C200 1x, https:\/\/i0.wp.com\/noticiasribeiraopreto.com.br\/wp-content\/uploads\/2026\/03\/lincoln-fernandes-vereador_2026-03-19_13-18-50.webp.webp?fit=1200%2C800&ssl=1&resize=525%2C300 1.5x, https:\/\/i0.wp.com\/noticiasribeiraopreto.com.br\/wp-content\/uploads\/2026\/03\/lincoln-fernandes-vereador_2026-03-19_13-18-50.webp.webp?fit=1200%2C800&ssl=1&resize=700%2C400 2x, https:\/\/i0.wp.com\/noticiasribeiraopreto.com.br\/wp-content\/uploads\/2026\/03\/lincoln-fernandes-vereador_2026-03-19_13-18-50.webp.webp?fit=1200%2C800&ssl=1&resize=1050%2C600 3x"},"classes":[]}],"jetpack_sharing_enabled":true,"jetpack_shortlink":"https:\/\/wp.me\/peQAOb-lA6","_links":{"self":[{"href":"https:\/\/noticiasribeiraopreto.com.br\/index.php\/wp-json\/wp\/v2\/posts\/82962","targetHints":{"allow":["GET"]}}],"collection":[{"href":"https:\/\/noticiasribeiraopreto.com.br\/index.php\/wp-json\/wp\/v2\/posts"}],"about":[{"href":"https:\/\/noticiasribeiraopreto.com.br\/index.php\/wp-json\/wp\/v2\/types\/post"}],"author":[{"embeddable":true,"href":"https:\/\/noticiasribeiraopreto.com.br\/index.php\/wp-json\/wp\/v2\/users\/1"}],"replies":[{"embeddable":true,"href":"https:\/\/noticiasribeiraopreto.com.br\/index.php\/wp-json\/wp\/v2\/comments?post=82962"}],"version-history":[{"count":0,"href":"https:\/\/noticiasribeiraopreto.com.br\/index.php\/wp-json\/wp\/v2\/posts\/82962\/revisions"}],"wp:featuredmedia":[{"embeddable":true,"href":"https:\/\/noticiasribeiraopreto.com.br\/index.php\/wp-json\/wp\/v2\/media\/82963"}],"wp:attachment":[{"href":"https:\/\/noticiasribeiraopreto.com.br\/index.php\/wp-json\/wp\/v2\/media?parent=82962"}],"wp:term":[{"taxonomy":"category","embeddable":true,"href":"https:\/\/noticiasribeiraopreto.com.br\/index.php\/wp-json\/wp\/v2\/categories?post=82962"},{"taxonomy":"post_tag","embeddable":true,"href":"https:\/\/noticiasribeiraopreto.com.br\/index.php\/wp-json\/wp\/v2\/tags?post=82962"}],"curies":[{"name":"wp","href":"https:\/\/api.w.org\/{rel}","templated":true}]}}