{"id":82966,"date":"2026-03-04T17:27:35","date_gmt":"2026-03-04T20:27:35","guid":{"rendered":"https:\/\/noticiasribeiraopreto.com.br\/index.php\/2026\/03\/04\/comercial-perde-de-virada-demite-tecnico-e-contrata-pinho\/"},"modified":"2026-03-04T17:27:35","modified_gmt":"2026-03-04T20:27:35","slug":"comercial-perde-de-virada-demite-tecnico-e-contrata-pinho","status":"publish","type":"post","link":"https:\/\/noticiasribeiraopreto.com.br\/index.php\/2026\/03\/04\/comercial-perde-de-virada-demite-tecnico-e-contrata-pinho\/","title":{"rendered":"Comercial perde de virada, demite t\u00e9cnico e contrata Pinho"},"content":{"rendered":"<div class='code-block code-block-1' style='margin: 8px 0 8px auto; text-align: right; display: block; clear: both;'>\n<p><a href=\"https:\/\/wa.link\/vpicfd\"><img data-recalc-dims=\"1\" class=\"wp-image-4922\" style=\"aspect-ratio: 2.0253164556962027; width: 561px; height: auto;\" src=\"https:\/\/i0.wp.com\/ismaelcolosi.com.br\/wp-content\/uploads\/2023\/11\/grupo-de-empregos-whatsapp-e-facebook-ismael-colosi-vagas.jpg?ssl=1\" alt=\"\" \/><\/a><\/p>\n<!-- \/wp:image -->\n<\/div>\n<p> <br \/>\n<\/p>\n<div id=\"\">&#13;<\/p>\n<h2 class=\"penci-post-subtitle\">Mesmo com um a mais, Bafo \u00e9 superado pelo S\u00e3o Caetano e enfrenta crise<\/h2>\n<p>&#13;<\/p>\n<p>&#13;<br \/>\n\t\t\t\t\t\t\t\t\t<span class=\"entry-meta-item penci-posted-on\"><i class=\"fa fa-clock-o\"\/><time class=\"entry-date published\" datetime=\"2026-03-04T17:16:33-03:00\">4 de mar\u00e7o de 2026 17:16<\/time><time class=\"updated\" datetime=\"2026-03-04T17:21:14-03:00\">4 de mar\u00e7o de 2026 17:21<\/time><\/span><span class=\"entry-meta-item penci-post-countview\"\/>\t\t\t\t\t\t\t\t<\/p>\n<p><!-- .entry-meta -->&#13;<br \/>\n\t\t\t\t\t\t\t\t<span class=\"penci-social-buttons penci-social-share-footer\"><span class=\"penci-social-share-text\">Compartilhar<\/span><a href=\"#\" class=\"penci-post-like penci_post-meta_item  single-like-button penci-social-item like\" data-post_id=\"456318\" title=\"Like\" data-like=\"Like\" data-unlike=\"Unlike\"><i class=\"fa fa-thumbs-o-up\"\/><span class=\"penci-share-number\">1<\/span><\/a><i class=\"fa fa-facebook\"\/><a class=\"penci-social-item twitter\" target=\"_blank\" rel=\"noopener\" title=\"\" href=\"https:\/\/twitter.com\/intent\/tweet?text=Comercial%20perde%20de%20virada,%20demite%20t\u00e9cnico%20e%20contrata%20Pinho%20-%20https:\/\/www.tribunaribeirao.com.br\/comercial-perde-de-virada-demite-tecnico-e-contrata-pinho\/\"><i class=\"fa fa-twitter\"\/><\/a><i class=\"fa fa-linkedin\"\/><i class=\"fa fa-whatsapp\"\/><i class=\"fa fa-telegram\"\/><i class=\"fa fa-envelope\"\/><\/span>\t\t\t\t\t\t\t<\/div>\n<div>\n<p style=\"text-align: justify;\"><strong><i><span style=\"font-family: 'Arial',sans-serif;\">Por Hugo Luque<\/span><\/i><\/strong><\/p>\n<p style=\"text-align: justify;\"><span style=\"font-family: 'Arial',sans-serif;\">O Comercial perdeu de virada para o S\u00e3o Caetano por 2 a 1 nesta quarta-feira (4), pela oitava rodada da S\u00e9rie A4 do Campeonato Paulista. No Anacleto Campanella, o Le\u00e3o do Norte largou em vantagem, mas levou a virada e, mesmo com um a mais, n\u00e3o conseguiu somar pontos. O resultado rendeu a demiss\u00e3o do t\u00e9cnico Raphael Pereira logo depois do apito final.<\/span><\/p>\n<p style=\"text-align: justify;\"><span style=\"font-family: 'Arial',sans-serif;\">Metade da primeira fase da competi\u00e7\u00e3o j\u00e1 foi e o Bafo n\u00e3o d\u00e1 sinais de recupera\u00e7\u00e3o. O time n\u00e3o parece ter criatividade para brigar por uma classifica\u00e7\u00e3o e deve apenas brigar contra o rebaixamento, que come\u00e7a a se aproximar e assusta a torcida do clube, que rapidamente anunciou seu novo comandante: Pinho.<\/span><\/p>\n<p style=\"text-align: justify;\"><span style=\"font-family: 'Arial',sans-serif;\">Parecia que o Alvinegro teria mais uma boa jornada, assim como na vit\u00f3ria sobre o Colorado Caieiras, h\u00e1 dois jogos. Logo aos dois minutos, David, destaque da equipe na competi\u00e7\u00e3o at\u00e9 aqui, aproveitou passe de Samuel para abrir o placar.<\/span><\/p>\n<p style=\"text-align: justify;\"><span style=\"font-family: 'Arial',sans-serif;\">Mas as falhas pontuais mencionadas pelo t\u00e9cnico Raphael Pereira durante a semana voltaram a assombrar o Comercial. Aos 11 minutos, o goleiro Wendel, que tomou o lugar de Jeferson ap\u00f3s partidas ruins do veterano, tamb\u00e9m falhou em jogada que resultou no gol de empate, marcado por Rikelmi.<\/span><\/p>\n<p style=\"text-align: justify;\"><span style=\"font-family: 'Arial',sans-serif;\">Na reta final do primeiro tempo, o zagueiro Schneider, do S\u00e3o Caetano, foi expulso, o que aparentava complicar a vida do Azul\u00e3o e para a etapa complementar. Mas as apar\u00eancias enganaram e, depois do intervalo, Henrico apareceu livre para cabecear e virar para os mandantes.<\/span><\/p>\n<p style=\"text-align: justify;\"><span style=\"font-family: 'Arial',sans-serif;\">Pouco antes, David perdeu chance clara de colocar o Le\u00e3o em vantagem. Mesmo com um a mais em campo durante todo o segundo tempo, o Comercial n\u00e3o conseguiu criar o suficiente para sair do ABC Paulista ao menos com um ponto e, ap\u00f3s exagerar nas bolas al\u00e7adas na \u00e1rea, estacionou nos quatro pontos, na briga contra mais uma queda consecutiva.<\/span><\/p>\n<p style=\"text-align: justify;\"><span style=\"font-family: 'Arial',sans-serif;\">Logo ap\u00f3s a partida, o clube informou que n\u00e3o haveria entrevista coletiva e que Raphael Pereira foi demitido. O profissional, atual bicampe\u00e3o da divis\u00e3o, deixa o cargo depois de somente quatro jogos, com uma vit\u00f3ria e tr\u00eas derrotas.<\/span><\/p>\n<p style=\"text-align: justify;\"><span style=\"font-family: 'Arial',sans-serif;\">O veterano e \u00eddolo Pinho, de 80 anos, retorna ao Palma Travassos pouco tempo ap\u00f3s deixar o cargo de gerente de futebol que ocupou durante a \u00faltima Copa Paulista. Na miss\u00e3o de evitar o pior cen\u00e1rio poss\u00edvel em sua terceira passagem pelo cargo, ele ter\u00e1 pela frente em sua estreia o Nacional, no s\u00e1bado, \u00e0s 15h, na Joia.<\/span><\/p>\n<\/div>\n<p><script async src=\"\/\/platform.twitter.com\/widgets.js\" charset=\"utf-8\"><\/script><br \/>\n<br \/><br \/>\n<br \/><a href=\"https:\/\/www.tribunaribeirao.com.br\/comercial-perde-de-virada-demite-tecnico-e-contrata-pinho\/\">Source link <\/a><\/p>\n<!-- CONTENT END 1 -->\n","protected":false},"excerpt":{"rendered":"<p>&#13; Mesmo com um a mais, Bafo \u00e9 superado pelo S\u00e3o Caetano e enfrenta crise &#13; &#13; 4 de mar\u00e7o de 2026 17:164 de mar\u00e7o&#8230;<\/p>\n","protected":false},"author":1,"featured_media":82967,"comment_status":"open","ping_status":"open","sticky":false,"template":"","format":"standard","meta":{"advanced_seo_description":"","jetpack_seo_html_title":"","jetpack_seo_noindex":false,"jetpack_post_was_ever_published":false,"_jetpack_newsletter_access":"","_jetpack_dont_email_post_to_subs":false,"_jetpack_newsletter_tier_id":0,"_jetpack_memberships_contains_paywalled_content":false,"_jetpack_memberships_contains_paid_content":false,"footnotes":"","jetpack_publicize_message":"","jetpack_publicize_feature_enabled":true,"jetpack_social_post_already_shared":true,"jetpack_social_options":{"image_generator_settings":{"template":"highway","default_image_id":0,"font":"","enabled":false},"version":2}},"categories":[11],"tags":[],"class_list":["post-82966","post","type-post","status-publish","format-standard","has-post-thumbnail","hentry","category-noticias-de-ribeirao-preto-sp-e-regiao-ismael-colosi"],"jetpack_publicize_connections":[],"jetpack_featured_media_url":"https:\/\/i0.wp.com\/noticiasribeiraopreto.com.br\/wp-content\/uploads\/2026\/03\/1772656083_1-Sao-Caetano-x-Comercial-Barbara-Pires_Comercial-FC-scaled.jpeg?fit=1169%2C780&ssl=1","jetpack-related-posts":[{"id":83207,"url":"https:\/\/noticiasribeiraopreto.com.br\/index.php\/2026\/03\/12\/usp-ribeirao-preto-abre-inscricoes-para-oficinas-culturais-de-fotografia-forro-e-teatro\/","url_meta":{"origin":82966,"position":0},"title":"USP Ribeir\u00e3o Preto abre inscri\u00e7\u00f5es para oficinas culturais de fotografia, forr\u00f3 e teatro","author":"noticiasribeiraopreto.com.br","date":"12 de March de 2026","format":false,"excerpt":"A Universidade de S\u00e3o Paulo (USP) em Ribeir\u00e3o Preto est\u00e1 com inscri\u00e7\u00f5es abertas para as primeiras oficinas culturais de 2026, promovidas pela Se\u00e7\u00e3o de Atividades Culturais da Prefeitura do campus. As vagas s\u00e3o limitadas e, nesta primeira etapa, est\u00e3o dispon\u00edveis cursos de Fotografia B\u00e1sica, Forr\u00f3 Universit\u00e1rio e atividades do N\u00facleo\u2026","rel":"","context":"In &quot;Not\u00edcias de Ribeir\u00e3o Preto-SP e Regi\u00e3o&quot;","block_context":{"text":"Not\u00edcias de Ribeir\u00e3o Preto-SP e Regi\u00e3o","link":"https:\/\/noticiasribeiraopreto.com.br\/index.php\/category\/noticias-de-ribeirao-preto-sp-e-regiao-ismael-colosi\/"},"img":{"alt_text":"","src":"https:\/\/i0.wp.com\/noticiasribeiraopreto.com.br\/wp-content\/uploads\/2026\/03\/palace-65_2026-03-11_21-26-26.webp.webp?fit=1200%2C675&ssl=1&resize=350%2C200","width":350,"height":200,"srcset":"https:\/\/i0.wp.com\/noticiasribeiraopreto.com.br\/wp-content\/uploads\/2026\/03\/palace-65_2026-03-11_21-26-26.webp.webp?fit=1200%2C675&ssl=1&resize=350%2C200 1x, https:\/\/i0.wp.com\/noticiasribeiraopreto.com.br\/wp-content\/uploads\/2026\/03\/palace-65_2026-03-11_21-26-26.webp.webp?fit=1200%2C675&ssl=1&resize=525%2C300 1.5x, https:\/\/i0.wp.com\/noticiasribeiraopreto.com.br\/wp-content\/uploads\/2026\/03\/palace-65_2026-03-11_21-26-26.webp.webp?fit=1200%2C675&ssl=1&resize=700%2C400 2x, https:\/\/i0.wp.com\/noticiasribeiraopreto.com.br\/wp-content\/uploads\/2026\/03\/palace-65_2026-03-11_21-26-26.webp.webp?fit=1200%2C675&ssl=1&resize=1050%2C600 3x"},"classes":[]},{"id":83327,"url":"https:\/\/noticiasribeiraopreto.com.br\/index.php\/2026\/03\/16\/prefeitura-lanca-chamamento-para-construcao-de-seis-novos-empreendimentos-habitacionais-populares\/","url_meta":{"origin":82966,"position":1},"title":"Prefeitura lan\u00e7a chamamento para constru\u00e7\u00e3o de seis novos empreendimentos habitacionais populares","author":"noticiasribeiraopreto.com.br","date":"16 de March de 2026","format":false,"excerpt":"\r \r \r 16 de mar\u00e7o de 2026 13:4916 de mar\u00e7o de 2026 17:29 \r Compartilhar0 A Prefeitura de Ribeir\u00e3o Preto, por meio da Secretaria de Planejamento, Desenvolvimento Urbano e Habita\u00e7\u00e3o, lan\u00e7ou um chamamento p\u00fablico para selecionar empresas da constru\u00e7\u00e3o civil interessadas na implanta\u00e7\u00e3o de seis novos empreendimentos habitacionais populares\u2026","rel":"","context":"In &quot;Not\u00edcias de Ribeir\u00e3o Preto-SP e Regi\u00e3o&quot;","block_context":{"text":"Not\u00edcias de Ribeir\u00e3o Preto-SP e Regi\u00e3o","link":"https:\/\/noticiasribeiraopreto.com.br\/index.php\/category\/noticias-de-ribeirao-preto-sp-e-regiao-ismael-colosi\/"},"img":{"alt_text":"","src":"https:\/\/i0.wp.com\/noticiasribeiraopreto.com.br\/wp-content\/uploads\/2026\/03\/chamamento_empreendimento_-_foto_gemini13-scaled.png?fit=1163%2C780&ssl=1&resize=350%2C200","width":350,"height":200,"srcset":"https:\/\/i0.wp.com\/noticiasribeiraopreto.com.br\/wp-content\/uploads\/2026\/03\/chamamento_empreendimento_-_foto_gemini13-scaled.png?fit=1163%2C780&ssl=1&resize=350%2C200 1x, https:\/\/i0.wp.com\/noticiasribeiraopreto.com.br\/wp-content\/uploads\/2026\/03\/chamamento_empreendimento_-_foto_gemini13-scaled.png?fit=1163%2C780&ssl=1&resize=525%2C300 1.5x, https:\/\/i0.wp.com\/noticiasribeiraopreto.com.br\/wp-content\/uploads\/2026\/03\/chamamento_empreendimento_-_foto_gemini13-scaled.png?fit=1163%2C780&ssl=1&resize=700%2C400 2x, https:\/\/i0.wp.com\/noticiasribeiraopreto.com.br\/wp-content\/uploads\/2026\/03\/chamamento_empreendimento_-_foto_gemini13-scaled.png?fit=1163%2C780&ssl=1&resize=1050%2C600 3x"},"classes":[]},{"id":83396,"url":"https:\/\/noticiasribeiraopreto.com.br\/index.php\/2026\/03\/17\/interdicao-emergencial-fecha-acesso-a-avenida-independencia-a-partir-da-nove-de-julho\/","url_meta":{"origin":82966,"position":2},"title":"Interdi\u00e7\u00e3o emergencial fecha acesso \u00e0 Avenida Independ\u00eancia a partir da Nove de Julho","author":"noticiasribeiraopreto.com.br","date":"17 de March de 2026","format":false,"excerpt":"\r \r \r 17 de mar\u00e7o de 2026 18:28 \r Compartilhar0 A RP Mobi informa que, na manh\u00e3 desta ter\u00e7a-feira, 17 de mar\u00e7o, foi iniciada uma interdi\u00e7\u00e3o emergencial no acesso \u00e0 Avenida Independ\u00eancia, para quem trafega pela pista Centro\/Bairro da Avenida Nove de Julho. A medida \u00e9 necess\u00e1ria para a\u2026","rel":"","context":"In &quot;Not\u00edcias de Ribeir\u00e3o Preto-SP e Regi\u00e3o&quot;","block_context":{"text":"Not\u00edcias de Ribeir\u00e3o Preto-SP e Regi\u00e3o","link":"https:\/\/noticiasribeiraopreto.com.br\/index.php\/category\/noticias-de-ribeirao-preto-sp-e-regiao-ismael-colosi\/"},"img":{"alt_text":"","src":"https:\/\/i0.wp.com\/noticiasribeiraopreto.com.br\/wp-content\/uploads\/2026\/03\/interdicao_-_av_nove_de_julho_capa_2_foto_fernando_gonzaga17-scaled.jpg?fit=1171%2C780&ssl=1&resize=350%2C200","width":350,"height":200,"srcset":"https:\/\/i0.wp.com\/noticiasribeiraopreto.com.br\/wp-content\/uploads\/2026\/03\/interdicao_-_av_nove_de_julho_capa_2_foto_fernando_gonzaga17-scaled.jpg?fit=1171%2C780&ssl=1&resize=350%2C200 1x, https:\/\/i0.wp.com\/noticiasribeiraopreto.com.br\/wp-content\/uploads\/2026\/03\/interdicao_-_av_nove_de_julho_capa_2_foto_fernando_gonzaga17-scaled.jpg?fit=1171%2C780&ssl=1&resize=525%2C300 1.5x, https:\/\/i0.wp.com\/noticiasribeiraopreto.com.br\/wp-content\/uploads\/2026\/03\/interdicao_-_av_nove_de_julho_capa_2_foto_fernando_gonzaga17-scaled.jpg?fit=1171%2C780&ssl=1&resize=700%2C400 2x, https:\/\/i0.wp.com\/noticiasribeiraopreto.com.br\/wp-content\/uploads\/2026\/03\/interdicao_-_av_nove_de_julho_capa_2_foto_fernando_gonzaga17-scaled.jpg?fit=1171%2C780&ssl=1&resize=1050%2C600 3x"},"classes":[]},{"id":64900,"url":"https:\/\/noticiasribeiraopreto.com.br\/index.php\/2025\/03\/13\/receita-federal-inicia-prazo-para-declaracao-do-irpf-2025-no-dia-17-de-marco\/","url_meta":{"origin":82966,"position":3},"title":"Receita Federal inicia prazo para declara\u00e7\u00e3o do IRPF 2025 no dia 17 de mar\u00e7o","author":"noticiasribeiraopreto.com.br","date":"13 de March de 2025","format":false,"excerpt":"A Receita Federal come\u00e7a a receber as declara\u00e7\u00f5es do Imposto de Renda Pessoa F\u00edsica 2025 a partir de 17 de mar\u00e7o. O prazo vai at\u00e9 30 de abril, e este ano, o IR traz algumas atualiza\u00e7\u00f5es, incluindo novas faixas de isen\u00e7\u00e3o, simplifica\u00e7\u00f5es no preenchimento e ajustes na restitui\u00e7\u00e3o. Quem tiver\u2026","rel":"","context":"In &quot;Not\u00edcias de Ribeir\u00e3o Preto-SP e Regi\u00e3o&quot;","block_context":{"text":"Not\u00edcias de Ribeir\u00e3o Preto-SP e Regi\u00e3o","link":"https:\/\/noticiasribeiraopreto.com.br\/index.php\/category\/noticias-de-ribeirao-preto-sp-e-regiao-ismael-colosi\/"},"img":{"alt_text":"","src":"https:\/\/i0.wp.com\/noticiasribeiraopreto.com.br\/wp-content\/uploads\/2024\/10\/real_moeda_dinheiro_mcajr_2904223667.webp.webp?fit=1170%2C700&ssl=1&resize=350%2C200","width":350,"height":200,"srcset":"https:\/\/i0.wp.com\/noticiasribeiraopreto.com.br\/wp-content\/uploads\/2024\/10\/real_moeda_dinheiro_mcajr_2904223667.webp.webp?fit=1170%2C700&ssl=1&resize=350%2C200 1x, https:\/\/i0.wp.com\/noticiasribeiraopreto.com.br\/wp-content\/uploads\/2024\/10\/real_moeda_dinheiro_mcajr_2904223667.webp.webp?fit=1170%2C700&ssl=1&resize=525%2C300 1.5x, https:\/\/i0.wp.com\/noticiasribeiraopreto.com.br\/wp-content\/uploads\/2024\/10\/real_moeda_dinheiro_mcajr_2904223667.webp.webp?fit=1170%2C700&ssl=1&resize=700%2C400 2x, https:\/\/i0.wp.com\/noticiasribeiraopreto.com.br\/wp-content\/uploads\/2024\/10\/real_moeda_dinheiro_mcajr_2904223667.webp.webp?fit=1170%2C700&ssl=1&resize=1050%2C600 3x"},"classes":[]},{"id":83473,"url":"https:\/\/noticiasribeiraopreto.com.br\/index.php\/2026\/03\/19\/bolsa-familia-atende-19-999-familias-na-cidade\/","url_meta":{"origin":82966,"position":4},"title":"Bolsa Fam\u00edlia atende 19.999\u2028 fam\u00edlias na cidade","author":"noticiasribeiraopreto.com.br","date":"19 de March de 2026","format":false,"excerpt":"\r \r \r 19 de mar\u00e7o de 2026 06:2419 de mar\u00e7o de 2026 06:28 \r Compartilhar0 O pagamento do Bolsa Fam\u00edlia come\u00e7ou nesta quarta-feira, 18 de mar\u00e7o, e segue at\u00e9 o dia 31, conforme o \u00faltimo d\u00edgito do N\u00famero de Identifica\u00e7\u00e3o Social (NIS) de cada benefici\u00e1rio. Neste m\u00eas, o programa\u2026","rel":"","context":"In &quot;Not\u00edcias de Ribeir\u00e3o Preto-SP e Regi\u00e3o&quot;","block_context":{"text":"Not\u00edcias de Ribeir\u00e3o Preto-SP e Regi\u00e3o","link":"https:\/\/noticiasribeiraopreto.com.br\/index.php\/category\/noticias-de-ribeirao-preto-sp-e-regiao-ismael-colosi\/"},"img":{"alt_text":"","src":"https:\/\/i0.wp.com\/noticiasribeiraopreto.com.br\/wp-content\/uploads\/2026\/03\/Bolsa-Lyon-Santos-MDS.jpg?fit=768%2C512&ssl=1&resize=350%2C200","width":350,"height":200,"srcset":"https:\/\/i0.wp.com\/noticiasribeiraopreto.com.br\/wp-content\/uploads\/2026\/03\/Bolsa-Lyon-Santos-MDS.jpg?fit=768%2C512&ssl=1&resize=350%2C200 1x, https:\/\/i0.wp.com\/noticiasribeiraopreto.com.br\/wp-content\/uploads\/2026\/03\/Bolsa-Lyon-Santos-MDS.jpg?fit=768%2C512&ssl=1&resize=525%2C300 1.5x, https:\/\/i0.wp.com\/noticiasribeiraopreto.com.br\/wp-content\/uploads\/2026\/03\/Bolsa-Lyon-Santos-MDS.jpg?fit=768%2C512&ssl=1&resize=700%2C400 2x"},"classes":[]},{"id":85319,"url":"https:\/\/noticiasribeiraopreto.com.br\/index.php\/2026\/04\/29\/mais-de-mil-adolescentes-pedem-o-titulo\/","url_meta":{"origin":82966,"position":5},"title":"Mais de mil adolescentes pedem o t\u00edtulo","author":"noticiasribeiraopreto.com.br","date":"29 de April de 2026","format":false,"excerpt":"Segundo dados do Tribunal Superior Eleitoral, 1.027 jovens da cidade com menos de 18 anos, solicitaram o documento nos tr\u00eas primeiros meses do ano Dados disponibilizados pelo portal do Tribunal Superior Eleitoral (TSE) revelam que 1.027 adolescentes de Ribeir\u00e3o Preto, com idades entre 16 e 17 anos, decidiram tirar o\u2026","rel":"","context":"In &quot;Not\u00edcias de Ribeir\u00e3o Preto-SP e Regi\u00e3o&quot;","block_context":{"text":"Not\u00edcias de Ribeir\u00e3o Preto-SP e Regi\u00e3o","link":"https:\/\/noticiasribeiraopreto.com.br\/index.php\/category\/noticias-de-ribeirao-preto-sp-e-regiao-ismael-colosi\/"},"img":{"alt_text":"","src":"https:\/\/i0.wp.com\/noticiasribeiraopreto.com.br\/wp-content\/uploads\/2026\/04\/EleitorRP-Tania-Rego-Ag.Br_.jpg?fit=1167%2C702&ssl=1&resize=350%2C200","width":350,"height":200,"srcset":"https:\/\/i0.wp.com\/noticiasribeiraopreto.com.br\/wp-content\/uploads\/2026\/04\/EleitorRP-Tania-Rego-Ag.Br_.jpg?fit=1167%2C702&ssl=1&resize=350%2C200 1x, https:\/\/i0.wp.com\/noticiasribeiraopreto.com.br\/wp-content\/uploads\/2026\/04\/EleitorRP-Tania-Rego-Ag.Br_.jpg?fit=1167%2C702&ssl=1&resize=525%2C300 1.5x, https:\/\/i0.wp.com\/noticiasribeiraopreto.com.br\/wp-content\/uploads\/2026\/04\/EleitorRP-Tania-Rego-Ag.Br_.jpg?fit=1167%2C702&ssl=1&resize=700%2C400 2x, https:\/\/i0.wp.com\/noticiasribeiraopreto.com.br\/wp-content\/uploads\/2026\/04\/EleitorRP-Tania-Rego-Ag.Br_.jpg?fit=1167%2C702&ssl=1&resize=1050%2C600 3x"},"classes":[]}],"jetpack_sharing_enabled":true,"jetpack_shortlink":"https:\/\/wp.me\/peQAOb-lAa","_links":{"self":[{"href":"https:\/\/noticiasribeiraopreto.com.br\/index.php\/wp-json\/wp\/v2\/posts\/82966","targetHints":{"allow":["GET"]}}],"collection":[{"href":"https:\/\/noticiasribeiraopreto.com.br\/index.php\/wp-json\/wp\/v2\/posts"}],"about":[{"href":"https:\/\/noticiasribeiraopreto.com.br\/index.php\/wp-json\/wp\/v2\/types\/post"}],"author":[{"embeddable":true,"href":"https:\/\/noticiasribeiraopreto.com.br\/index.php\/wp-json\/wp\/v2\/users\/1"}],"replies":[{"embeddable":true,"href":"https:\/\/noticiasribeiraopreto.com.br\/index.php\/wp-json\/wp\/v2\/comments?post=82966"}],"version-history":[{"count":0,"href":"https:\/\/noticiasribeiraopreto.com.br\/index.php\/wp-json\/wp\/v2\/posts\/82966\/revisions"}],"wp:featuredmedia":[{"embeddable":true,"href":"https:\/\/noticiasribeiraopreto.com.br\/index.php\/wp-json\/wp\/v2\/media\/82967"}],"wp:attachment":[{"href":"https:\/\/noticiasribeiraopreto.com.br\/index.php\/wp-json\/wp\/v2\/media?parent=82966"}],"wp:term":[{"taxonomy":"category","embeddable":true,"href":"https:\/\/noticiasribeiraopreto.com.br\/index.php\/wp-json\/wp\/v2\/categories?post=82966"},{"taxonomy":"post_tag","embeddable":true,"href":"https:\/\/noticiasribeiraopreto.com.br\/index.php\/wp-json\/wp\/v2\/tags?post=82966"}],"curies":[{"name":"wp","href":"https:\/\/api.w.org\/{rel}","templated":true}]}}