{"id":82968,"date":"2026-03-05T07:58:30","date_gmt":"2026-03-05T10:58:30","guid":{"rendered":"https:\/\/noticiasribeiraopreto.com.br\/index.php\/2026\/03\/05\/cee-cobra-entrega-de-clinica-pet\/"},"modified":"2026-03-05T07:58:30","modified_gmt":"2026-03-05T10:58:30","slug":"cee-cobra-entrega-de-clinica-pet","status":"publish","type":"post","link":"https:\/\/noticiasribeiraopreto.com.br\/index.php\/2026\/03\/05\/cee-cobra-entrega-de-clinica-pet\/","title":{"rendered":"\u2028CEE cobra entrega de cl\u00ednica pet"},"content":{"rendered":"<div class='code-block code-block-1' style='margin: 8px 0 8px auto; text-align: right; display: block; clear: both;'>\n<p><a href=\"https:\/\/wa.link\/vpicfd\"><img data-recalc-dims=\"1\" class=\"wp-image-4922\" style=\"aspect-ratio: 2.0253164556962027; width: 561px; height: auto;\" src=\"https:\/\/i0.wp.com\/ismaelcolosi.com.br\/wp-content\/uploads\/2023\/11\/grupo-de-empregos-whatsapp-e-facebook-ismael-colosi-vagas.jpg?ssl=1\" alt=\"\" \/><\/a><\/p>\n<!-- \/wp:image -->\n<\/div>\n<p> <br \/>\n<\/p>\n<div>\n<p class=\"p1\"><i>Constru\u00edda na avenida Lu\u00eds Galv\u00e3o C\u00e9sar, no Jardim Jos\u00e9 Sampaio, o equipamento tinha previs\u00e3o para come\u00e7ar a funcionar no segundo semestre de 2025<\/i><\/p>\n<p>A Comiss\u00e3o Especial de Estudos (CEE) da C\u00e2mara de Ribeir\u00e3o Preto, que acompanha a instala\u00e7\u00e3o da Cl\u00ednica Veterin\u00e1ria Meu Pet em Ribeir\u00e3o Preto, cobra agilidade no processo de entrega do equipamento. Na segunda-feira, 2 de mar\u00e7o, o colegiado ouviu secret\u00e1rio<span class=\"Apple-converted-space\">\u00a0 <\/span>municipal de Meio Ambiente, Agricultura e Sustentabilidade, Cl\u00e1udio Almeida.<\/p>\n<p>O encontro reuniu o presidente da CEE, Igor Oliveira (MDB), Jean Corauci (PSD) e Matheus Moreno (MDB), al\u00e9m de Rangel Scandiuzzi (PSD), que participou como convidado. Para discutir contribui\u00e7\u00f5es t\u00e9cnicas e acompanhar o cronograma de funcionamento da unidade.<\/p>\n<p><img data-recalc-dims=\"1\" loading=\"lazy\" decoding=\"async\" class=\"wp-image-456362 alignright lazyload\" src=\"https:\/\/i0.wp.com\/www.tribunaribeirao.com.br\/wp-content\/uploads\/2026\/03\/ClinicaPET-Detalhe-Divulgacao-300x169.jpg?resize=351%2C198&#038;ssl=1\" alt=\"\" width=\"351\" height=\"198\" srcset=\"https:\/\/www.tribunaribeirao.com.br\/wp-content\/uploads\/2026\/03\/ClinicaPET-Detalhe-Divulgacao-300x169.jpg 300w, https:\/\/www.tribunaribeirao.com.br\/wp-content\/uploads\/2026\/03\/ClinicaPET-Detalhe-Divulgacao-1024x577.jpg 1024w, https:\/\/www.tribunaribeirao.com.br\/wp-content\/uploads\/2026\/03\/ClinicaPET-Detalhe-Divulgacao-768x432.jpg 768w, https:\/\/www.tribunaribeirao.com.br\/wp-content\/uploads\/2026\/03\/ClinicaPET-Detalhe-Divulgacao-1536x865.jpg 1536w, https:\/\/www.tribunaribeirao.com.br\/wp-content\/uploads\/2026\/03\/ClinicaPET-Detalhe-Divulgacao-2048x1153.jpg 2048w, https:\/\/www.tribunaribeirao.com.br\/wp-content\/uploads\/2026\/03\/ClinicaPET-Detalhe-Divulgacao-1920x1081.jpg 1920w, https:\/\/www.tribunaribeirao.com.br\/wp-content\/uploads\/2026\/03\/ClinicaPET-Detalhe-Divulgacao-960x540.jpg 960w, https:\/\/www.tribunaribeirao.com.br\/wp-content\/uploads\/2026\/03\/ClinicaPET-Detalhe-Divulgacao-710x400.jpg 710w, https:\/\/www.tribunaribeirao.com.br\/wp-content\/uploads\/2026\/03\/ClinicaPET-Detalhe-Divulgacao-585x329.jpg 585w, https:\/\/www.tribunaribeirao.com.br\/wp-content\/uploads\/2026\/03\/ClinicaPET-Detalhe-Divulgacao-scaled.jpg 1200w\" data-sizes=\"(max-width: 351px) 100vw, 351px\" style=\"--smush-placeholder-width: 351px; --smush-placeholder-aspect-ratio: 351\/198;\"\/>Durante o debate, o secret\u00e1rio afirmou que a licita\u00e7\u00e3o para a contrata\u00e7\u00e3o da organiza\u00e7\u00e3o social (OS) respons\u00e1vel pela gest\u00e3o, gerenciamento e operacionaliza\u00e7\u00e3o da cl\u00ednica veterin\u00e1ria do Programa Meu Pet est\u00e1 na fase final de recursos.<\/p>\n<p>Entretanto, n\u00e3o deu previs\u00e3o de data para a inaugura\u00e7\u00e3o da cl\u00ednica. A prefeitura de Ribeir\u00e3o Preto confirmou ao Tribuna que o processo est\u00e1 sendo finalizado, mas tamb\u00e9m n\u00e3o informou a data prevista de conclus\u00e3o do certame.<\/p>\n<p>No final do encontro, os vereadores reiteraram o compromisso de monitorar as pr\u00f3ximas etapas junto \u00e0 prefeitura para que a cl\u00ednica entre em opera\u00e7\u00e3o o mais rapidamente poss\u00edvel e que tenha qualidade t\u00e9cnica necess\u00e1ria para o atendimento dos pets da popula\u00e7\u00e3o da cidade.<\/p>\n<p>Em dezembro do ano passado, para atender orienta\u00e7\u00f5es do Tribunal de Contas do Estado (TCESP), a prefeitura de Ribeir\u00e3o Preto foi obrigada a relan\u00e7ar o edital de chamamento para contrata\u00e7\u00e3o da organiza\u00e7\u00e3o social sem fins lucrativos respons\u00e1vel pela gest\u00e3o, gerenciamento e operacionaliza\u00e7\u00e3o da cl\u00ednica veterin\u00e1ria.<\/p>\n<p>A medida foi necess\u00e1ria para atender as orienta\u00e7\u00f5es do que identificou pontos de inadequa\u00e7\u00f5es no documento anterior e suspendeu o processo. Dentre as adequa\u00e7\u00f5es est\u00e3o a exig\u00eancia de comprova\u00e7\u00e3o de registros dos respons\u00e1veis t\u00e9cnicos de das entidades contratadas no Conselho Regional de Medicina Veterin\u00e1ria.<\/p>\n<p>Cita ainda especifica\u00e7\u00f5es de metas para atividades de relev\u00e2ncia t\u00e9cnica, o que ir\u00e1 ampliar o rigor de controle pelo poder p\u00fablico, garantindo mais qualidade nos servi\u00e7os oferecidos.<\/p>\n<p>N\u00e3o foi a primeira vez que a contrata\u00e7\u00e3o de gestor para a cl\u00ednica enfrentou problemas. Em 2024, na administra\u00e7\u00e3o Duarte Nogueira (\u00e0 \u00e9poca no PSDB, hoje no PSD), um preg\u00e3o eletr\u00f4nico para contratar empresa especializada j\u00e1 havia sido lan\u00e7ado.<\/p>\n<p>Entretanto, a licita\u00e7\u00e3o foi suspensa \u2013 e posteriormente cancelada \u2013 ap\u00f3s uma das interessadas, impetrar recurso no TCE questionando o certame. A entrega do empreendimento ao munic\u00edpio pelo governo de S\u00e3o Paulo ocorreu oficialmente em 11 de agosto de 2024.<\/p>\n<p>Antes, ocorreu vistoria conjunta entre t\u00e9cnicos da Secretaria de Meio Ambiente e da Secretaria Estadual de Meio Ambiente, Infraestrutura e Log\u00edstica de S\u00e3o Paulo (Semil-SP). A unidade fica na avenida Lu\u00eds Galv\u00e3o C\u00e9sar, no Jardim Jos\u00e9 Sampaio, Zona Norte, e tinha previs\u00e3o de in\u00edcio de funcionamento ainda no segundo semestre de 2025.<span class=\"Apple-converted-space\">\u00a0 <\/span><\/p>\n<p>Por\u00e9m, a vistoria t\u00e9cnica identificou a necessidade de novas adequa\u00e7\u00f5es, como a instala\u00e7\u00e3o completa dos aparelhos de ar-condicionado e a regulariza\u00e7\u00e3o do fornecimento de energia el\u00e9trica. O investimento foi de R$ 1,3 milh\u00e3o \u2013 valor abaixo do or\u00e7amento inicial previsto, de R$ 1,5 milh\u00e3o, R$ 200 mil a menos e economia de 13,33%.<\/p>\n<p>A empresa respons\u00e1vel pela obra \u00e9 a Castelli Constru\u00e7\u00e3o Civil e Com\u00e9rcio de Materiais Ltda. Venceu a licita\u00e7\u00e3o ao apresentar o valor de R$ 5.244.066,81. O pr\u00e9dio da cl\u00ednica veterin\u00e1ria foi conclu\u00eddo em mar\u00e7o de 2024, mas teve sua inaugura\u00e7\u00e3o adiada devido \u00e0 depreda\u00e7\u00e3o e furto da fia\u00e7\u00e3o el\u00e9trica e ao andamento de processos licitat\u00f3rios.<\/p>\n<p>Com capacidade para realizar cerca de 260 procedimentos, incluindo exames laboratoriais e cirurgias de m\u00e9dia e alta complexidade, a cl\u00ednica dever\u00e1 atender aproximadamente tr\u00eas mil animais por ano. O servi\u00e7o ser\u00e1 voltado prioritariamente a fam\u00edlias de baixa renda, al\u00e9m de organiza\u00e7\u00f5es sem fins lucrativos e cuidadores de animais.<\/p>\n<\/div>\n<p><br \/>\n<br \/><a href=\"https:\/\/www.tribunaribeirao.com.br\/cee-cobra-entrega-de-clinica-pet\/\">Source link <\/a><\/p>\n<!-- CONTENT END 1 -->\n","protected":false},"excerpt":{"rendered":"<p>Constru\u00edda na avenida Lu\u00eds Galv\u00e3o C\u00e9sar, no Jardim Jos\u00e9 Sampaio, o equipamento tinha previs\u00e3o para come\u00e7ar a funcionar no segundo semestre de 2025 A Comiss\u00e3o&#8230;<\/p>\n","protected":false},"author":1,"featured_media":82969,"comment_status":"open","ping_status":"open","sticky":false,"template":"","format":"standard","meta":{"advanced_seo_description":"","jetpack_seo_html_title":"","jetpack_seo_noindex":false,"jetpack_post_was_ever_published":false,"_jetpack_newsletter_access":"","_jetpack_dont_email_post_to_subs":false,"_jetpack_newsletter_tier_id":0,"_jetpack_memberships_contains_paywalled_content":false,"_jetpack_memberships_contains_paid_content":false,"footnotes":"","jetpack_publicize_message":"","jetpack_publicize_feature_enabled":true,"jetpack_social_post_already_shared":true,"jetpack_social_options":{"image_generator_settings":{"template":"highway","default_image_id":0,"font":"","enabled":false},"version":2}},"categories":[11],"tags":[],"class_list":["post-82968","post","type-post","status-publish","format-standard","has-post-thumbnail","hentry","category-noticias-de-ribeirao-preto-sp-e-regiao-ismael-colosi"],"jetpack_publicize_connections":[],"jetpack_featured_media_url":"https:\/\/i0.wp.com\/noticiasribeiraopreto.com.br\/wp-content\/uploads\/2026\/03\/ClinicaPET-Guilherme-Sircili-scaled.jpg?fit=1170%2C780&ssl=1","jetpack-related-posts":[{"id":63604,"url":"https:\/\/noticiasribeiraopreto.com.br\/index.php\/2025\/02\/17\/camara-de-ribeirao-instala-cee-para-investigar-contrato-da-ppp-da-iluminacao-publica\/","url_meta":{"origin":82968,"position":0},"title":"C\u00e2mara de Ribeir\u00e3o instala CEE para investigar contrato da PPP da ilumina\u00e7\u00e3o p\u00fablica","author":"noticiasribeiraopreto.com.br","date":"17 de February de 2025","format":false,"excerpt":"A C\u00e2mara Municipal de Ribeir\u00e3o Preto instalou nesta segunda-feira (17) a CEE (Comiss\u00e3o Especial de Estudos) para investigar supostas faltas e descumprimentos contratuais na PPP (Parceria P\u00fablico-Privada) da ilumina\u00e7\u00e3o p\u00fablica, firmada entre a prefeitura e o cons\u00f3rcio Conecta Ribeir\u00e3o Preto. A CEE foi instalada em raz\u00e3o do alto n\u00famero de\u2026","rel":"","context":"In &quot;Not\u00edcias de Ribeir\u00e3o Preto-SP e Regi\u00e3o&quot;","block_context":{"text":"Not\u00edcias de Ribeir\u00e3o Preto-SP e Regi\u00e3o","link":"https:\/\/noticiasribeiraopreto.com.br\/index.php\/category\/noticias-de-ribeirao-preto-sp-e-regiao-ismael-colosi\/"},"img":{"alt_text":"","src":"https:\/\/i0.wp.com\/noticiasribeiraopreto.com.br\/wp-content\/uploads\/2025\/01\/iluminacao-publica-ribeirao-preto_2024-07-23_18-16-43_jpeg_2024-07-23_18-16-44.webp.webp?fit=1200%2C900&ssl=1&resize=350%2C200","width":350,"height":200,"srcset":"https:\/\/i0.wp.com\/noticiasribeiraopreto.com.br\/wp-content\/uploads\/2025\/01\/iluminacao-publica-ribeirao-preto_2024-07-23_18-16-43_jpeg_2024-07-23_18-16-44.webp.webp?fit=1200%2C900&ssl=1&resize=350%2C200 1x, https:\/\/i0.wp.com\/noticiasribeiraopreto.com.br\/wp-content\/uploads\/2025\/01\/iluminacao-publica-ribeirao-preto_2024-07-23_18-16-43_jpeg_2024-07-23_18-16-44.webp.webp?fit=1200%2C900&ssl=1&resize=525%2C300 1.5x, https:\/\/i0.wp.com\/noticiasribeiraopreto.com.br\/wp-content\/uploads\/2025\/01\/iluminacao-publica-ribeirao-preto_2024-07-23_18-16-43_jpeg_2024-07-23_18-16-44.webp.webp?fit=1200%2C900&ssl=1&resize=700%2C400 2x, https:\/\/i0.wp.com\/noticiasribeiraopreto.com.br\/wp-content\/uploads\/2025\/01\/iluminacao-publica-ribeirao-preto_2024-07-23_18-16-43_jpeg_2024-07-23_18-16-44.webp.webp?fit=1200%2C900&ssl=1&resize=1050%2C600 3x"},"classes":[]},{"id":77436,"url":"https:\/\/noticiasribeiraopreto.com.br\/index.php\/2025\/09\/18\/prefeitura-suspende-contratacao-de-gestor-para-clinica-veterinaria\/","url_meta":{"origin":82968,"position":1},"title":"Prefeitura suspende contrata\u00e7\u00e3o de gestor para Cl\u00ednica Veterin\u00e1ria","author":"noticiasribeiraopreto.com.br","date":"18 de September de 2025","format":false,"excerpt":"18 de setembro de 2025 15:295 Compartilhar0 Esta \u00e9 a segunda vez que a contrata\u00e7\u00e3o de gestor para o equipamento \u00e9 questionada no Tribunal de Contas do Estado de S\u00e3o Paulo; a primeira vez foi no governo do ex-prefeito Duarte Nogueira; local tamb\u00e9m j\u00e1 foi alvo de furtos cinco vezes\u2026","rel":"","context":"In &quot;Not\u00edcias de Ribeir\u00e3o Preto-SP e Regi\u00e3o&quot;","block_context":{"text":"Not\u00edcias de Ribeir\u00e3o Preto-SP e Regi\u00e3o","link":"https:\/\/noticiasribeiraopreto.com.br\/index.php\/category\/noticias-de-ribeirao-preto-sp-e-regiao-ismael-colosi\/"},"img":{"alt_text":"","src":"https:\/\/i0.wp.com\/noticiasribeiraopreto.com.br\/wp-content\/uploads\/2025\/09\/VETERINARIA-.jpg?fit=1200%2C800&ssl=1&resize=350%2C200","width":350,"height":200,"srcset":"https:\/\/i0.wp.com\/noticiasribeiraopreto.com.br\/wp-content\/uploads\/2025\/09\/VETERINARIA-.jpg?fit=1200%2C800&ssl=1&resize=350%2C200 1x, https:\/\/i0.wp.com\/noticiasribeiraopreto.com.br\/wp-content\/uploads\/2025\/09\/VETERINARIA-.jpg?fit=1200%2C800&ssl=1&resize=525%2C300 1.5x, https:\/\/i0.wp.com\/noticiasribeiraopreto.com.br\/wp-content\/uploads\/2025\/09\/VETERINARIA-.jpg?fit=1200%2C800&ssl=1&resize=700%2C400 2x, https:\/\/i0.wp.com\/noticiasribeiraopreto.com.br\/wp-content\/uploads\/2025\/09\/VETERINARIA-.jpg?fit=1200%2C800&ssl=1&resize=1050%2C600 3x"},"classes":[]},{"id":73021,"url":"https:\/\/noticiasribeiraopreto.com.br\/index.php\/2025\/06\/24\/cee-vai-ouvir-secretario-de-governo-de-nogueira\/","url_meta":{"origin":82968,"position":2},"title":"CEE vai ouvir secret\u00e1rio de Governo de Nogueira","author":"noticiasribeiraopreto.com.br","date":"24 de June de 2025","format":false,"excerpt":"24 de junho de 2025 09:0023 de junho de 2025 20:3914 Compartilhar0 A Comiss\u00e3o Especial e Estudos (CEE) da Ilumina\u00e7\u00e3o P\u00fablica da C\u00e2mara de Vereadores ouvir\u00e1, na quarta-feira, 25 de junho, o secret\u00e1rio de Governo da gest\u00e3o Duarte Nogueira, Ant\u00f4nio Daas Abboud. Ele foi gestor do contrato da parceria p\u00fablico-privada\u2026","rel":"","context":"In &quot;Not\u00edcias de Ribeir\u00e3o Preto-SP e Regi\u00e3o&quot;","block_context":{"text":"Not\u00edcias de Ribeir\u00e3o Preto-SP e Regi\u00e3o","link":"https:\/\/noticiasribeiraopreto.com.br\/index.php\/category\/noticias-de-ribeirao-preto-sp-e-regiao-ismael-colosi\/"},"img":{"alt_text":"","src":"https:\/\/i0.wp.com\/noticiasribeiraopreto.com.br\/wp-content\/uploads\/2025\/06\/Iluminacao-Alfredo-Risk-Arquivo-scaled.jpg?fit=750%2C500&ssl=1&resize=350%2C200","width":350,"height":200,"srcset":"https:\/\/i0.wp.com\/noticiasribeiraopreto.com.br\/wp-content\/uploads\/2025\/06\/Iluminacao-Alfredo-Risk-Arquivo-scaled.jpg?fit=750%2C500&ssl=1&resize=350%2C200 1x, https:\/\/i0.wp.com\/noticiasribeiraopreto.com.br\/wp-content\/uploads\/2025\/06\/Iluminacao-Alfredo-Risk-Arquivo-scaled.jpg?fit=750%2C500&ssl=1&resize=525%2C300 1.5x, https:\/\/i0.wp.com\/noticiasribeiraopreto.com.br\/wp-content\/uploads\/2025\/06\/Iluminacao-Alfredo-Risk-Arquivo-scaled.jpg?fit=750%2C500&ssl=1&resize=700%2C400 2x"},"classes":[]},{"id":83224,"url":"https:\/\/noticiasribeiraopreto.com.br\/index.php\/2026\/03\/13\/aprovada-cee-da-via-leste-oeste\/","url_meta":{"origin":82968,"position":3},"title":"Aprovada CEE da Via Leste-Oeste","author":"noticiasribeiraopreto.com.br","date":"13 de March de 2026","format":false,"excerpt":"Comiss\u00e3o Especial de Estudos ir\u00e1 fiscalizar a execu\u00e7\u00e3o e a aplica\u00e7\u00e3o do financiamento de R$1,1 bilh\u00e3o para a implanta\u00e7\u00e3o do corredor de mobilidade Leste-Oeste A C\u00e2mara de Ribeir\u00e3o Preto aprovou a cria\u00e7\u00e3o de uma Comiss\u00e3o Especial de Estudos (CEE) para acompanhar a libera\u00e7\u00e3o de cr\u00e9dito de R$ 1,1 bilh\u00e3o via\u2026","rel":"","context":"In &quot;Not\u00edcias de Ribeir\u00e3o Preto-SP e Regi\u00e3o&quot;","block_context":{"text":"Not\u00edcias de Ribeir\u00e3o Preto-SP e Regi\u00e3o","link":"https:\/\/noticiasribeiraopreto.com.br\/index.php\/category\/noticias-de-ribeirao-preto-sp-e-regiao-ismael-colosi\/"},"img":{"alt_text":"","src":"https:\/\/i0.wp.com\/noticiasribeiraopreto.com.br\/wp-content\/uploads\/2026\/03\/NovoPAC-Alfredo-Risk-1-scaled.jpg?fit=1200%2C675&ssl=1&resize=350%2C200","width":350,"height":200,"srcset":"https:\/\/i0.wp.com\/noticiasribeiraopreto.com.br\/wp-content\/uploads\/2026\/03\/NovoPAC-Alfredo-Risk-1-scaled.jpg?fit=1200%2C675&ssl=1&resize=350%2C200 1x, https:\/\/i0.wp.com\/noticiasribeiraopreto.com.br\/wp-content\/uploads\/2026\/03\/NovoPAC-Alfredo-Risk-1-scaled.jpg?fit=1200%2C675&ssl=1&resize=525%2C300 1.5x, https:\/\/i0.wp.com\/noticiasribeiraopreto.com.br\/wp-content\/uploads\/2026\/03\/NovoPAC-Alfredo-Risk-1-scaled.jpg?fit=1200%2C675&ssl=1&resize=700%2C400 2x, https:\/\/i0.wp.com\/noticiasribeiraopreto.com.br\/wp-content\/uploads\/2026\/03\/NovoPAC-Alfredo-Risk-1-scaled.jpg?fit=1200%2C675&ssl=1&resize=1050%2C600 3x"},"classes":[]},{"id":39069,"url":"https:\/\/noticiasribeiraopreto.com.br\/index.php\/2024\/02\/23\/hospital-veterinario-apresenta-falhas\/","url_meta":{"origin":82968,"position":4},"title":"Hospital Veterin\u00e1rio apresenta falhas\u00a0 &#8211; Jornal Tribuna Ribeir\u00e3o","author":"noticiasribeiraopreto.com.br","date":"23 de February de 2024","format":false,"excerpt":"Vistoria t\u00e9cnica com inspe\u00e7\u00e3o visual e registro fotogr\u00e1fico feita por engenheiros da Secretaria Municipal do Meio Ambiente constatou falhas nas obras do Hospital Veterin\u00e1rio de Ribeir\u00e3o Preto, constru\u00eddo pelo governo de S\u00e3o Paulo via Programa Meu Pet. A blitz ocorreu em 4 de dezembro.Participaram da vistoria os engenheiros Arnaldo Constantino\u2026","rel":"","context":"In &quot;Not\u00edcias de Ribeir\u00e3o Preto-SP e Regi\u00e3o&quot;","block_context":{"text":"Not\u00edcias de Ribeir\u00e3o Preto-SP e Regi\u00e3o","link":"https:\/\/noticiasribeiraopreto.com.br\/index.php\/category\/noticias-de-ribeirao-preto-sp-e-regiao-ismael-colosi\/"},"img":{"alt_text":"","src":"https:\/\/i0.wp.com\/noticiasribeiraopreto.com.br\/wp-content\/uploads\/2024\/02\/ClinicaPET-Cli-Alfredo-Risk-scaled.jpg?fit=967%2C645&ssl=1&resize=350%2C200","width":350,"height":200,"srcset":"https:\/\/i0.wp.com\/noticiasribeiraopreto.com.br\/wp-content\/uploads\/2024\/02\/ClinicaPET-Cli-Alfredo-Risk-scaled.jpg?fit=967%2C645&ssl=1&resize=350%2C200 1x, https:\/\/i0.wp.com\/noticiasribeiraopreto.com.br\/wp-content\/uploads\/2024\/02\/ClinicaPET-Cli-Alfredo-Risk-scaled.jpg?fit=967%2C645&ssl=1&resize=525%2C300 1.5x, https:\/\/i0.wp.com\/noticiasribeiraopreto.com.br\/wp-content\/uploads\/2024\/02\/ClinicaPET-Cli-Alfredo-Risk-scaled.jpg?fit=967%2C645&ssl=1&resize=700%2C400 2x"},"classes":[]},{"id":65607,"url":"https:\/\/noticiasribeiraopreto.com.br\/index.php\/2025\/03\/22\/cee-discute-acolhimento-de-criancas-e-adolescentes-em-situacao-de-vulnerabilidade-em-ribeirao-preto\/","url_meta":{"origin":82968,"position":5},"title":"CEE Discute Acolhimento de Crian\u00e7as e Adolescentes em Situa\u00e7\u00e3o de Vulnerabilidade em Ribeir\u00e3o Preto","author":"noticiasribeiraopreto.com.br","date":"22 de March de 2025","format":false,"excerpt":"Comiss\u00e3o Especial de Estudos debate estrat\u00e9gias para fortalecer a rede de prote\u00e7\u00e3o e melhorar atendimento a menores em risco social. A Comiss\u00e3o Especial de Estudos (CEE) da C\u00e2mara Municipal de Ribeir\u00e3o Preto realizou uma reuni\u00e3o para discutir o acolhimento de crian\u00e7as e adolescentes em situa\u00e7\u00e3o de vulnerabilidade no munic\u00edpio. O\u2026","rel":"","context":"In &quot;Not\u00edcias de Ribeir\u00e3o Preto-SP e Regi\u00e3o&quot;","block_context":{"text":"Not\u00edcias de Ribeir\u00e3o Preto-SP e Regi\u00e3o","link":"https:\/\/noticiasribeiraopreto.com.br\/index.php\/category\/noticias-de-ribeirao-preto-sp-e-regiao-ismael-colosi\/"},"img":{"alt_text":"","src":"https:\/\/i0.wp.com\/noticiasribeiraopreto.com.br\/wp-content\/uploads\/2025\/03\/DSC_6578-scaled.jpg?fit=1200%2C800&ssl=1&resize=350%2C200","width":350,"height":200,"srcset":"https:\/\/i0.wp.com\/noticiasribeiraopreto.com.br\/wp-content\/uploads\/2025\/03\/DSC_6578-scaled.jpg?fit=1200%2C800&ssl=1&resize=350%2C200 1x, https:\/\/i0.wp.com\/noticiasribeiraopreto.com.br\/wp-content\/uploads\/2025\/03\/DSC_6578-scaled.jpg?fit=1200%2C800&ssl=1&resize=525%2C300 1.5x, https:\/\/i0.wp.com\/noticiasribeiraopreto.com.br\/wp-content\/uploads\/2025\/03\/DSC_6578-scaled.jpg?fit=1200%2C800&ssl=1&resize=700%2C400 2x, https:\/\/i0.wp.com\/noticiasribeiraopreto.com.br\/wp-content\/uploads\/2025\/03\/DSC_6578-scaled.jpg?fit=1200%2C800&ssl=1&resize=1050%2C600 3x"},"classes":[]}],"jetpack_sharing_enabled":true,"jetpack_shortlink":"https:\/\/wp.me\/peQAOb-lAc","_links":{"self":[{"href":"https:\/\/noticiasribeiraopreto.com.br\/index.php\/wp-json\/wp\/v2\/posts\/82968","targetHints":{"allow":["GET"]}}],"collection":[{"href":"https:\/\/noticiasribeiraopreto.com.br\/index.php\/wp-json\/wp\/v2\/posts"}],"about":[{"href":"https:\/\/noticiasribeiraopreto.com.br\/index.php\/wp-json\/wp\/v2\/types\/post"}],"author":[{"embeddable":true,"href":"https:\/\/noticiasribeiraopreto.com.br\/index.php\/wp-json\/wp\/v2\/users\/1"}],"replies":[{"embeddable":true,"href":"https:\/\/noticiasribeiraopreto.com.br\/index.php\/wp-json\/wp\/v2\/comments?post=82968"}],"version-history":[{"count":0,"href":"https:\/\/noticiasribeiraopreto.com.br\/index.php\/wp-json\/wp\/v2\/posts\/82968\/revisions"}],"wp:featuredmedia":[{"embeddable":true,"href":"https:\/\/noticiasribeiraopreto.com.br\/index.php\/wp-json\/wp\/v2\/media\/82969"}],"wp:attachment":[{"href":"https:\/\/noticiasribeiraopreto.com.br\/index.php\/wp-json\/wp\/v2\/media?parent=82968"}],"wp:term":[{"taxonomy":"category","embeddable":true,"href":"https:\/\/noticiasribeiraopreto.com.br\/index.php\/wp-json\/wp\/v2\/categories?post=82968"},{"taxonomy":"post_tag","embeddable":true,"href":"https:\/\/noticiasribeiraopreto.com.br\/index.php\/wp-json\/wp\/v2\/tags?post=82968"}],"curies":[{"name":"wp","href":"https:\/\/api.w.org\/{rel}","templated":true}]}}