{"id":82970,"date":"2026-03-05T08:05:53","date_gmt":"2026-03-05T11:05:53","guid":{"rendered":"https:\/\/noticiasribeiraopreto.com.br\/index.php\/2026\/03\/05\/nova-etapa-vai-recapear-92-km\/"},"modified":"2026-03-05T08:05:53","modified_gmt":"2026-03-05T11:05:53","slug":"nova-etapa-vai-recapear-92-km","status":"publish","type":"post","link":"https:\/\/noticiasribeiraopreto.com.br\/index.php\/2026\/03\/05\/nova-etapa-vai-recapear-92-km\/","title":{"rendered":"Nova etapa vai \u2028recapear 9,2 km"},"content":{"rendered":"<div class='code-block code-block-1' style='margin: 8px 0 8px auto; text-align: right; display: block; clear: both;'>\n<p><a href=\"https:\/\/wa.link\/vpicfd\"><img data-recalc-dims=\"1\" class=\"wp-image-4922\" style=\"aspect-ratio: 2.0253164556962027; width: 561px; height: auto;\" src=\"https:\/\/i0.wp.com\/ismaelcolosi.com.br\/wp-content\/uploads\/2023\/11\/grupo-de-empregos-whatsapp-e-facebook-ismael-colosi-vagas.jpg?ssl=1\" alt=\"\" \/><\/a><\/p>\n<!-- \/wp:image -->\n<\/div>\n<p> <br \/>\n<\/p>\n<div id=\"\">&#13;<br \/>\n\t\t\t\t\t\t\t\t&#13;<\/p>\n<p>&#13;<br \/>\n\t\t\t\t\t\t\t\t\t<span class=\"entry-meta-item penci-posted-on\"><i class=\"fa fa-clock-o\"\/><time class=\"entry-date published updated\" datetime=\"2026-03-05T08:00:38-03:00\">5 de mar\u00e7o de 2026 08:00<\/time><\/span><span class=\"entry-meta-item penci-post-countview\"\/>\t\t\t\t\t\t\t\t<\/p>\n<p><!-- .entry-meta -->&#13;<br \/>\n\t\t\t\t\t\t\t\t<span class=\"penci-social-buttons penci-social-share-footer\"><span class=\"penci-social-share-text\">Compartilhar<\/span><a href=\"#\" class=\"penci-post-like penci_post-meta_item  single-like-button penci-social-item like\" data-post_id=\"456372\" title=\"Like\" data-like=\"Like\" data-unlike=\"Unlike\"><i class=\"fa fa-thumbs-o-up\"\/><span class=\"penci-share-number\">0<\/span><\/a><i class=\"fa fa-facebook\"\/><a class=\"penci-social-item twitter\" target=\"_blank\" rel=\"noopener\" title=\"\" href=\"https:\/\/twitter.com\/intent\/tweet?text=Nova%20etapa%20vai%20%20\u2028recapear%209,2%20km%20-%20https:\/\/www.tribunaribeirao.com.br\/nova-etapa-vai-recapear-92-km\/\"><i class=\"fa fa-twitter\"\/><\/a><i class=\"fa fa-linkedin\"\/><i class=\"fa fa-whatsapp\"\/><i class=\"fa fa-telegram\"\/><i class=\"fa fa-envelope\"\/><\/span>\t\t\t\t\t\t\t<\/div>\n<div>\n<p class=\"p1\">A prefeitura de Ribeir\u00e3o Preto inicia, na segunda quinzena de mar\u00e7o, uma nova etapa do programa de recapeamento asf\u00e1ltico no munic\u00edpio. A contrata\u00e7\u00e3o da empresa respons\u00e1vel pela execu\u00e7\u00e3o dos servi\u00e7os foi oficializada ap\u00f3s a publica\u00e7\u00e3o do resultado do preg\u00e3o eletr\u00f4nico no Di\u00e1rio Oficial do Munic\u00edpio de ter\u00e7a-feira (3).<\/p>\n<p>Com investimento de R$ 2.507.981,99, a a\u00e7\u00e3o prev\u00ea a recupera\u00e7\u00e3o de aproximadamente 9,2 quil\u00f4metros de vias em diferentes regi\u00f5es da cidade. A prioridade ser\u00e1 a regi\u00e3o Norte, com interven\u00e7\u00f5es nos bairros Ipiranga, Antonio Marincek e Quintino Facci II, al\u00e9m de trechos no Centro e no Jardim Bot\u00e2nico.<\/p>\n<p>Os servi\u00e7os incluem fresagem, nivelamento e aplica\u00e7\u00e3o de nova camada asf\u00e1ltica \u2013 etapas fundamentais para ampliar a durabilidade do pavimento, melhorar as condi\u00e7\u00f5es de tr\u00e1fego e garantir mais seguran\u00e7a e conforto para motoristas e pedestres.<\/p>\n<p>A execu\u00e7\u00e3o ficar\u00e1 sob responsabilidade da empresa DGB Engenharia e Constru\u00e7\u00f5es Ltda., com prazo estimado de cerca de 60 dias para conclus\u00e3o dos trabalhos.<span class=\"Apple-converted-space\">\u00a0 <\/span><\/p>\n<p>\u201cVamos avan\u00e7ar na recupera\u00e7\u00e3o das vias, especialmente em regi\u00f5es, como a Norte, que h\u00e1 anos enfrentam problemas com a pavimenta\u00e7\u00e3o. O objetivo \u00e9 garantir mais seguran\u00e7a, qualidade e conforto para a popula\u00e7\u00e3o\u201d, destacou a secret\u00e1ria de Infraestrutura e Zeladoria, Juliana Ogawa.<\/p>\n<p>A administra\u00e7\u00e3o municipal informa ainda que novas etapas do programa de recapeamento j\u00e1 est\u00e3o em fase de planejamento, com previs\u00e3o de amplia\u00e7\u00e3o dos servi\u00e7os para outras regi\u00f5es de Ribeir\u00e3o Preto.<\/p>\n<\/div>\n<p><script async src=\"\/\/platform.twitter.com\/widgets.js\" charset=\"utf-8\"><\/script><br \/>\n<br \/><br \/>\n<br \/><a href=\"https:\/\/www.tribunaribeirao.com.br\/nova-etapa-vai-recapear-92-km\/\">Source link <\/a><\/p>\n<!-- CONTENT END 1 -->\n","protected":false},"excerpt":{"rendered":"<p>&#13; &#13; &#13; 5 de mar\u00e7o de 2026 08:00 &#13; Compartilhar0 A prefeitura de Ribeir\u00e3o Preto inicia, na segunda quinzena de mar\u00e7o, uma nova etapa&#8230;<\/p>\n","protected":false},"author":1,"featured_media":82971,"comment_status":"open","ping_status":"open","sticky":false,"template":"","format":"standard","meta":{"advanced_seo_description":"","jetpack_seo_html_title":"","jetpack_seo_noindex":false,"jetpack_post_was_ever_published":false,"_jetpack_newsletter_access":"","_jetpack_dont_email_post_to_subs":false,"_jetpack_newsletter_tier_id":0,"_jetpack_memberships_contains_paywalled_content":false,"_jetpack_memberships_contains_paid_content":false,"footnotes":"","jetpack_publicize_message":"","jetpack_publicize_feature_enabled":true,"jetpack_social_post_already_shared":true,"jetpack_social_options":{"image_generator_settings":{"template":"highway","default_image_id":0,"font":"","enabled":false},"version":2}},"categories":[11],"tags":[],"class_list":["post-82970","post","type-post","status-publish","format-standard","has-post-thumbnail","hentry","category-noticias-de-ribeirao-preto-sp-e-regiao-ismael-colosi"],"jetpack_publicize_connections":[],"jetpack_featured_media_url":"https:\/\/i0.wp.com\/noticiasribeiraopreto.com.br\/wp-content\/uploads\/2026\/03\/Asfalto-Guilherme-Sircili-scaled.jpg?fit=1170%2C780&ssl=1","jetpack-related-posts":[{"id":41522,"url":"https:\/\/noticiasribeiraopreto.com.br\/index.php\/2024\/03\/08\/alerta-de-chuvas-intensas-e-emitido-para-o-interior-de-sp-antes-da-nova-onda-de-calor\/","url_meta":{"origin":82970,"position":0},"title":"Alerta de chuvas intensas \u00e9 emitido para o interior de SP antes da nova onda de calor","author":"noticiasribeiraopreto.com.br","date":"8 de March de 2024","format":false,"excerpt":"Antes da nova onda de calor atingir o interior de S\u00e3o Paulo, o Instituto Nacional de Meteorologia (Inmet) alertou para o perigo potencial de chuvas intensas na regi\u00e3o. O comunicado, realizado nesta sexta-feira (8), prev\u00ea chuva entre 20 e 30 mil\u00edmetros por hora ou at\u00e9 50 mil\u00edmetros por dia, com\u2026","rel":"","context":"In &quot;Not\u00edcias de Ribeir\u00e3o Preto-SP e Regi\u00e3o&quot;","block_context":{"text":"Not\u00edcias de Ribeir\u00e3o Preto-SP e Regi\u00e3o","link":"https:\/\/noticiasribeiraopreto.com.br\/index.php\/category\/noticias-de-ribeirao-preto-sp-e-regiao-ismael-colosi\/"},"img":{"alt_text":"","src":"https:\/\/i0.wp.com\/noticiasribeiraopreto.com.br\/wp-content\/uploads\/2024\/03\/AnyConv.com__WhatsApp-Image-2024-03-08-at-16.35.42.webp.webp?fit=1200%2C801&ssl=1&resize=350%2C200","width":350,"height":200,"srcset":"https:\/\/i0.wp.com\/noticiasribeiraopreto.com.br\/wp-content\/uploads\/2024\/03\/AnyConv.com__WhatsApp-Image-2024-03-08-at-16.35.42.webp.webp?fit=1200%2C801&ssl=1&resize=350%2C200 1x, https:\/\/i0.wp.com\/noticiasribeiraopreto.com.br\/wp-content\/uploads\/2024\/03\/AnyConv.com__WhatsApp-Image-2024-03-08-at-16.35.42.webp.webp?fit=1200%2C801&ssl=1&resize=525%2C300 1.5x, https:\/\/i0.wp.com\/noticiasribeiraopreto.com.br\/wp-content\/uploads\/2024\/03\/AnyConv.com__WhatsApp-Image-2024-03-08-at-16.35.42.webp.webp?fit=1200%2C801&ssl=1&resize=700%2C400 2x, https:\/\/i0.wp.com\/noticiasribeiraopreto.com.br\/wp-content\/uploads\/2024\/03\/AnyConv.com__WhatsApp-Image-2024-03-08-at-16.35.42.webp.webp?fit=1200%2C801&ssl=1&resize=1050%2C600 3x"},"classes":[]},{"id":78566,"url":"https:\/\/noticiasribeiraopreto.com.br\/index.php\/2025\/10\/13\/governo-de-sp-anuncia-cronograma-de-obras-viarias-em-ribeirao-preto-a-partir-de-2026\/","url_meta":{"origin":82970,"position":1},"title":"Governo de SP anuncia cronograma de obras vi\u00e1rias em Ribeir\u00e3o Preto a partir de 2026","author":"noticiasribeiraopreto.com.br","date":"13 de October de 2025","format":false,"excerpt":"O governador Tarc\u00edsio de Freitas (Republicanos) anunciou nesta segunda-feira (13) o cronograma oficial de obras vi\u00e1rias que ter\u00e3o in\u00edcio em 2026 em Ribeir\u00e3o Preto. O an\u00fancio foi feito no Pal\u00e1cio dos Bandeirantes, em S\u00e3o Paulo, durante reuni\u00e3o que reuniu prefeitos dos munic\u00edpios da regi\u00e3o de Ribeir\u00e3o Preto. Ribeir\u00e3o Preto tem\u2026","rel":"","context":"In &quot;Not\u00edcias de Ribeir\u00e3o Preto-SP e Regi\u00e3o&quot;","block_context":{"text":"Not\u00edcias de Ribeir\u00e3o Preto-SP e Regi\u00e3o","link":"https:\/\/noticiasribeiraopreto.com.br\/index.php\/category\/noticias-de-ribeirao-preto-sp-e-regiao-ismael-colosi\/"},"img":{"alt_text":"","src":"https:\/\/i0.wp.com\/noticiasribeiraopreto.com.br\/wp-content\/uploads\/2025\/10\/AnyConv.com__anel-viario-sul_2024-07-03_13-31-20-1024x576.webp.webp?fit=1024%2C576&ssl=1&resize=350%2C200","width":350,"height":200,"srcset":"https:\/\/i0.wp.com\/noticiasribeiraopreto.com.br\/wp-content\/uploads\/2025\/10\/AnyConv.com__anel-viario-sul_2024-07-03_13-31-20-1024x576.webp.webp?fit=1024%2C576&ssl=1&resize=350%2C200 1x, https:\/\/i0.wp.com\/noticiasribeiraopreto.com.br\/wp-content\/uploads\/2025\/10\/AnyConv.com__anel-viario-sul_2024-07-03_13-31-20-1024x576.webp.webp?fit=1024%2C576&ssl=1&resize=525%2C300 1.5x, https:\/\/i0.wp.com\/noticiasribeiraopreto.com.br\/wp-content\/uploads\/2025\/10\/AnyConv.com__anel-viario-sul_2024-07-03_13-31-20-1024x576.webp.webp?fit=1024%2C576&ssl=1&resize=700%2C400 2x"},"classes":[]},{"id":57375,"url":"https:\/\/noticiasribeiraopreto.com.br\/index.php\/2024\/08\/30\/veja-ate-quando-vai-a-nova-onda-de-calor-no-interior-de-sp\/","url_meta":{"origin":82970,"position":2},"title":"Veja at\u00e9 quando vai a nova onda de calor no interior de SP","author":"noticiasribeiraopreto.com.br","date":"30 de August de 2024","format":false,"excerpt":"A nova onda de calor se aproxima do interior de S\u00e3o Paulo e deve come\u00e7ar na pr\u00f3xima segunda-feira (2). Segundo a Climatempo, essa pode ser a onda de calor mais forte desde o come\u00e7o do ano e deve durar at\u00e9 a segunda quinzena de setembro, quando uma nova frente fria\u2026","rel":"","context":"In &quot;Not\u00edcias de Ribeir\u00e3o Preto-SP e Regi\u00e3o&quot;","block_context":{"text":"Not\u00edcias de Ribeir\u00e3o Preto-SP e Regi\u00e3o","link":"https:\/\/noticiasribeiraopreto.com.br\/index.php\/category\/noticias-de-ribeirao-preto-sp-e-regiao-ismael-colosi\/"},"img":{"alt_text":"","src":"https:\/\/i0.wp.com\/noticiasribeiraopreto.com.br\/wp-content\/uploads\/2024\/08\/1725017715_ceu_azul_1024x576_28082020185640.jpg?fit=1024%2C576&ssl=1&resize=350%2C200","width":350,"height":200,"srcset":"https:\/\/i0.wp.com\/noticiasribeiraopreto.com.br\/wp-content\/uploads\/2024\/08\/1725017715_ceu_azul_1024x576_28082020185640.jpg?fit=1024%2C576&ssl=1&resize=350%2C200 1x, https:\/\/i0.wp.com\/noticiasribeiraopreto.com.br\/wp-content\/uploads\/2024\/08\/1725017715_ceu_azul_1024x576_28082020185640.jpg?fit=1024%2C576&ssl=1&resize=525%2C300 1.5x, https:\/\/i0.wp.com\/noticiasribeiraopreto.com.br\/wp-content\/uploads\/2024\/08\/1725017715_ceu_azul_1024x576_28082020185640.jpg?fit=1024%2C576&ssl=1&resize=700%2C400 2x"},"classes":[]},{"id":43600,"url":"https:\/\/noticiasribeiraopreto.com.br\/index.php\/2024\/03\/22\/entenda-como-vai-ser-o-restauro-dos-museus-historico-e-do-cafe-em-ribeirao-preto\/","url_meta":{"origin":82970,"position":3},"title":"Entenda como vai ser o restauro dos museus Hist\u00f3rico e do Caf\u00e9 em Ribeir\u00e3o Preto","author":"noticiasribeiraopreto.com.br","date":"22 de March de 2024","format":false,"excerpt":"A Prefeitura de Ribeir\u00e3o Preto publicou o edital da licita\u00e7\u00e3o para constru\u00e7\u00e3o do pr\u00e9dio da reserva t\u00e9cnica dos museus Hist\u00f3rico e do Caf\u00e9. A escolha da empresa para o projeto ser\u00e1 realizada por meio de sess\u00e3o p\u00fablica no pr\u00f3ximo dia 11 de abril de 2024. O valor estimado para obra\u2026","rel":"","context":"In &quot;Not\u00edcias de Ribeir\u00e3o Preto-SP e Regi\u00e3o&quot;","block_context":{"text":"Not\u00edcias de Ribeir\u00e3o Preto-SP e Regi\u00e3o","link":"https:\/\/noticiasribeiraopreto.com.br\/index.php\/category\/noticias-de-ribeirao-preto-sp-e-regiao-ismael-colosi\/"},"img":{"alt_text":"","src":"https:\/\/i0.wp.com\/noticiasribeiraopreto.com.br\/wp-content\/uploads\/2024\/03\/AnyConv.com__museus.webp.webp?fit=1200%2C675&ssl=1&resize=350%2C200","width":350,"height":200,"srcset":"https:\/\/i0.wp.com\/noticiasribeiraopreto.com.br\/wp-content\/uploads\/2024\/03\/AnyConv.com__museus.webp.webp?fit=1200%2C675&ssl=1&resize=350%2C200 1x, https:\/\/i0.wp.com\/noticiasribeiraopreto.com.br\/wp-content\/uploads\/2024\/03\/AnyConv.com__museus.webp.webp?fit=1200%2C675&ssl=1&resize=525%2C300 1.5x, https:\/\/i0.wp.com\/noticiasribeiraopreto.com.br\/wp-content\/uploads\/2024\/03\/AnyConv.com__museus.webp.webp?fit=1200%2C675&ssl=1&resize=700%2C400 2x, https:\/\/i0.wp.com\/noticiasribeiraopreto.com.br\/wp-content\/uploads\/2024\/03\/AnyConv.com__museus.webp.webp?fit=1200%2C675&ssl=1&resize=1050%2C600 3x"},"classes":[]},{"id":57367,"url":"https:\/\/noticiasribeiraopreto.com.br\/index.php\/2024\/08\/29\/atleta-paralimpica-da-regiao-de-ribeirao-disputa-o-triatlo-em-paris-veja-quando\/","url_meta":{"origin":82970,"position":4},"title":"Atleta paral\u00edmpica da regi\u00e3o de Ribeir\u00e3o disputa o Triatlo em Paris; Veja quando","author":"noticiasribeiraopreto.com.br","date":"29 de August de 2024","format":false,"excerpt":"A triatleta brasileira J\u00e9ssica Messali, natural de Jaboticabal, cidade na regi\u00e3o de Ribeir\u00e3o Preto, disputa neste domingo (1\u00ba), o triatlo classe PTWC1 (para cadeirantes) nas Paral\u00edmpiadas de Paris. Em 2021, a brasileira de 36 anos conseguiu o quarto lugar e ficou a 1m24s de garantir medalha ao Brasil nos Jogos\u2026","rel":"","context":"In &quot;Not\u00edcias de Ribeir\u00e3o Preto-SP e Regi\u00e3o&quot;","block_context":{"text":"Not\u00edcias de Ribeir\u00e3o Preto-SP e Regi\u00e3o","link":"https:\/\/noticiasribeiraopreto.com.br\/index.php\/category\/noticias-de-ribeirao-preto-sp-e-regiao-ismael-colosi\/"},"img":{"alt_text":"","src":"https:\/\/i0.wp.com\/noticiasribeiraopreto.com.br\/wp-content\/uploads\/2024\/08\/51408623662_977167cff4_k-1-1024x684-1_2024-08-29_22-05-48.webp.webp?fit=1024%2C684&ssl=1&resize=350%2C200","width":350,"height":200,"srcset":"https:\/\/i0.wp.com\/noticiasribeiraopreto.com.br\/wp-content\/uploads\/2024\/08\/51408623662_977167cff4_k-1-1024x684-1_2024-08-29_22-05-48.webp.webp?fit=1024%2C684&ssl=1&resize=350%2C200 1x, https:\/\/i0.wp.com\/noticiasribeiraopreto.com.br\/wp-content\/uploads\/2024\/08\/51408623662_977167cff4_k-1-1024x684-1_2024-08-29_22-05-48.webp.webp?fit=1024%2C684&ssl=1&resize=525%2C300 1.5x, https:\/\/i0.wp.com\/noticiasribeiraopreto.com.br\/wp-content\/uploads\/2024\/08\/51408623662_977167cff4_k-1-1024x684-1_2024-08-29_22-05-48.webp.webp?fit=1024%2C684&ssl=1&resize=700%2C400 2x"},"classes":[]},{"id":84554,"url":"https:\/\/noticiasribeiraopreto.com.br\/index.php\/2026\/04\/11\/nova-frente-fria-deixa-regiao-do-interior-de-sp-em-alerta-para-tempestade-veja-qual\/","url_meta":{"origin":82970,"position":5},"title":"Nova frente fria deixa regi\u00e3o do interior de SP em alerta para tempestade; Veja qual","author":"noticiasribeiraopreto.com.br","date":"11 de April de 2026","format":false,"excerpt":"Ler o resumo da not\u00edcia \r Mat\u00e9ria cont\u00e9m apenas um alerta gen\u00e9rico sem fatos detalhados.\r N\u00e3o foram identificadas pessoas, organiza\u00e7\u00f5es ou locais mencionados.\r Sem informa\u00e7\u00f5es sobre datas, valores ou percentuais.\r Conte\u00fado insuficiente para resumo informativo completo.\r O\u00a0Inmet (Instituto Nacional de Meteorologia)\u00a0emitiu um alerta futuro de \u201cperigo potencial\u201d para tempestade em\u2026","rel":"","context":"In &quot;Not\u00edcias de Ribeir\u00e3o Preto-SP e Regi\u00e3o&quot;","block_context":{"text":"Not\u00edcias de Ribeir\u00e3o Preto-SP e Regi\u00e3o","link":"https:\/\/noticiasribeiraopreto.com.br\/index.php\/category\/noticias-de-ribeirao-preto-sp-e-regiao-ismael-colosi\/"},"img":{"alt_text":"","src":"https:\/\/i0.wp.com\/noticiasribeiraopreto.com.br\/wp-content\/uploads\/2026\/04\/WhatsApp-Image-2026-04-06-at-13.41.27_2026-04-06_16-43-12.webp.webp?fit=1200%2C637&ssl=1&resize=350%2C200","width":350,"height":200,"srcset":"https:\/\/i0.wp.com\/noticiasribeiraopreto.com.br\/wp-content\/uploads\/2026\/04\/WhatsApp-Image-2026-04-06-at-13.41.27_2026-04-06_16-43-12.webp.webp?fit=1200%2C637&ssl=1&resize=350%2C200 1x, https:\/\/i0.wp.com\/noticiasribeiraopreto.com.br\/wp-content\/uploads\/2026\/04\/WhatsApp-Image-2026-04-06-at-13.41.27_2026-04-06_16-43-12.webp.webp?fit=1200%2C637&ssl=1&resize=525%2C300 1.5x, https:\/\/i0.wp.com\/noticiasribeiraopreto.com.br\/wp-content\/uploads\/2026\/04\/WhatsApp-Image-2026-04-06-at-13.41.27_2026-04-06_16-43-12.webp.webp?fit=1200%2C637&ssl=1&resize=700%2C400 2x, https:\/\/i0.wp.com\/noticiasribeiraopreto.com.br\/wp-content\/uploads\/2026\/04\/WhatsApp-Image-2026-04-06-at-13.41.27_2026-04-06_16-43-12.webp.webp?fit=1200%2C637&ssl=1&resize=1050%2C600 3x"},"classes":[]}],"jetpack_sharing_enabled":true,"jetpack_shortlink":"https:\/\/wp.me\/peQAOb-lAe","_links":{"self":[{"href":"https:\/\/noticiasribeiraopreto.com.br\/index.php\/wp-json\/wp\/v2\/posts\/82970","targetHints":{"allow":["GET"]}}],"collection":[{"href":"https:\/\/noticiasribeiraopreto.com.br\/index.php\/wp-json\/wp\/v2\/posts"}],"about":[{"href":"https:\/\/noticiasribeiraopreto.com.br\/index.php\/wp-json\/wp\/v2\/types\/post"}],"author":[{"embeddable":true,"href":"https:\/\/noticiasribeiraopreto.com.br\/index.php\/wp-json\/wp\/v2\/users\/1"}],"replies":[{"embeddable":true,"href":"https:\/\/noticiasribeiraopreto.com.br\/index.php\/wp-json\/wp\/v2\/comments?post=82970"}],"version-history":[{"count":0,"href":"https:\/\/noticiasribeiraopreto.com.br\/index.php\/wp-json\/wp\/v2\/posts\/82970\/revisions"}],"wp:featuredmedia":[{"embeddable":true,"href":"https:\/\/noticiasribeiraopreto.com.br\/index.php\/wp-json\/wp\/v2\/media\/82971"}],"wp:attachment":[{"href":"https:\/\/noticiasribeiraopreto.com.br\/index.php\/wp-json\/wp\/v2\/media?parent=82970"}],"wp:term":[{"taxonomy":"category","embeddable":true,"href":"https:\/\/noticiasribeiraopreto.com.br\/index.php\/wp-json\/wp\/v2\/categories?post=82970"},{"taxonomy":"post_tag","embeddable":true,"href":"https:\/\/noticiasribeiraopreto.com.br\/index.php\/wp-json\/wp\/v2\/tags?post=82970"}],"curies":[{"name":"wp","href":"https:\/\/api.w.org\/{rel}","templated":true}]}}