{"id":82972,"date":"2026-03-05T08:15:20","date_gmt":"2026-03-05T11:15:20","guid":{"rendered":"https:\/\/noticiasribeiraopreto.com.br\/index.php\/2026\/03\/05\/legislativo-acolhe-vetos-ao-orcamento\/"},"modified":"2026-03-05T08:15:20","modified_gmt":"2026-03-05T11:15:20","slug":"legislativo-acolhe-vetos-ao-orcamento","status":"publish","type":"post","link":"https:\/\/noticiasribeiraopreto.com.br\/index.php\/2026\/03\/05\/legislativo-acolhe-vetos-ao-orcamento\/","title":{"rendered":"Legislativo acolhe \u2028vetos ao Or\u00e7amento"},"content":{"rendered":"<div class='code-block code-block-1' style='margin: 8px 0 8px auto; text-align: right; display: block; clear: both;'>\n<p><a href=\"https:\/\/wa.link\/vpicfd\"><img data-recalc-dims=\"1\" class=\"wp-image-4922\" style=\"aspect-ratio: 2.0253164556962027; width: 561px; height: auto;\" src=\"https:\/\/i0.wp.com\/ismaelcolosi.com.br\/wp-content\/uploads\/2023\/11\/grupo-de-empregos-whatsapp-e-facebook-ismael-colosi-vagas.jpg?ssl=1\" alt=\"\" \/><\/a><\/p>\n<!-- \/wp:image -->\n<\/div>\n<p> <br \/>\n<\/p>\n<div>\n<p class=\"p1\"><i>Prefeito Ricardo Silva vetou todas as 65 emendas aditivas aprovadas pelos vereadores, com valor total de R$ 90.675.000<\/i><\/p>\n<p>Na sess\u00e3o desta quarta-feira, 4 de mar\u00e7o, os vereadores acolheram os vetos do prefeito Ricardo Silva (PSD) a 65 emendas aditivas parlamentares ao projeto n\u00famero 418\/2025, que trata da Lei Or\u00e7ament\u00e1ria Anual (LOA) de 2026. O valor das sugest\u00f5es aprovadas na C\u00e2mara de Ribeir\u00e3o Preto era de b R$ 90.675.000, equivalente a 1,66% da receita recorde estimada para este ano, de R$ 5.447.030.192.<\/p>\n<p>A san\u00e7\u00e3o e os vetos ao Or\u00e7amento de Ribeir\u00e3o Preto para 2026 foram publicados no Di\u00e1rio Oficial do Munic\u00edpio (DOM) de 30 de dezembro. Cinquenta e uma sugest\u00f5es foram barradas por criar despesas sem indicar a fonte de receita e as demais por invadir temas de compet\u00eancia exclusiva do Executivo.<\/p>\n<p>Segundo a justificativa para os vetos, as emendas parlamentares mesmo que fossem oportunas, precisam ser analisadas obedecendo as exig\u00eancias legais previstas na Constitui\u00e7\u00e3o Federal, no t\u00f3pico que estabelecem das regras para elabora\u00e7\u00e3o do or\u00e7amento p\u00fablico.<\/p>\n<p>Das 68 emendas apresentadas, apenas as tr\u00eas modificativas acabaram rejeitadas na C\u00e2mara. Apresentaram sugest\u00f5es Judeti Zilli (PT, Coletivo Popular \u2013 13), Rangel Scandiuzzi (PSD \u2013 quatro), Perla M\u00fcller (PT \u2013 cinco), Duda Hidalgo (PT\u2013 nove) e da Comiss\u00e3o de Finan\u00e7as, Or\u00e7amento, Fiscaliza\u00e7\u00e3o, Controle e Tribut\u00e1ria (37).<\/p>\n<p>Depois de superar R$ 5 bilh\u00f5es pela primeira vez em 2025, o Or\u00e7amento Municipal de 2026 vai bater novo recorde em Ribeir\u00e3o Preto, superando R$ 5,4 bilh\u00f5es.<span class=\"Apple-converted-space\">\u00a0 <\/span>A LOA foi protocolada na C\u00e2mara em setembro. A prefeitura prev\u00ea receita de R$ 5.447.030.192 \u2013 somando o montante da administra\u00e7\u00e3o direta e da indireta \u2013, contra R$ 5.158.000.000 deste ano. S\u00e3o R$ 289.030.192 a mais, crescimento de 5,60%.<\/p>\n<p>Segundo o projeto, R$ 4.665.713.228 s\u00e3o da administra\u00e7\u00e3o direta, contra R$ 4.409.073.754 deste ano. S\u00e3o R$ 256.639.474 a mais, alta de 5,82%. A indireta tem receita estimada em R$ 781.316.964. ante R$ 748.926.246 previstos para o ano passado, acr\u00e9scimo de R$ 32.390.718, avan\u00e7o de 4,32%.<\/p>\n<p>A administra\u00e7\u00e3o direta ficar\u00e1 com 85,66% do total da receita prevista para este ano, enquanto a indireta receber\u00e1 14,34%. J\u00e1 as despesas ser\u00e3o de R$ 4.665.713.227,19, sendo R$ 4.114.137.123 na administra\u00e7\u00e3o direta e de R$ 551.576.104,19 na indireta. O repasse previsto para a C\u00e2mara de Vereadores \u00e9 de R$ 112.787.268.<\/p>\n<p>A proposta do governo est\u00e1 dividida em 20 programas tem\u00e1ticos distribu\u00eddos em quatro macrodesafios estrat\u00e9gicos, entre eles Governan\u00e7a e Transforma\u00e7\u00e3o Digital, cuja meta \u00e9 promover a moderniza\u00e7\u00e3o administrativa e a integra\u00e7\u00e3o de sistemas e para a efici\u00eancia na presta\u00e7\u00e3o de servi\u00e7os, e o Desenvolvimento Econ\u00f4mico e a Integra\u00e7\u00e3o, fortalecendo a capacidade produtiva da cidade.<\/p>\n<p>Traz ainda Pol\u00edticas Sociais voltadas para assegurar a continuidade e a expans\u00e3o dos servi\u00e7os de sa\u00fade, educa\u00e7\u00e3o, assist\u00eancia social e a inclus\u00e3o. Tamb\u00e9m fazem parte do desafio estrat\u00e9gico as Pol\u00edticas Urbanas e Ambientais, para orientar os investimentos em infraestrutura, mobilidade, habita\u00e7\u00e3o e sustentabilidade.<span class=\"Apple-converted-space\">\u00a0 <\/span><\/p>\n<p>As secretarias municipais de Sa\u00fade e Educa\u00e7\u00e3o costumam levar a fatia maior do bolo. Para 2026, segundo a LOA, a previs\u00e3o or\u00e7ament\u00e1ria \u00e9 de, R$ 1.079.395.000 para a primeira, contra R$ 1.032.089.000 do ano passado, acr\u00e9scimo de R$ 47.306.000 e crescimento de 4,58%. A segunda deve ficar com R$ 973.808.209,70, contra R$ 879.571.056 de 2025, aporte de R$ 94.237.153, aumento de 10,71%.<\/p>\n<p><b>Plano Plurianual \u2013<\/b> A C\u00e2mara tamb\u00e9m acolheu o veto do chefe do Executivo a 72 emendas parlamentares ao projeto de lei do Plano Plurianual (PPA) do quadri\u00eanio 2026-2029, aprovado em duas vota\u00e7\u00f5es, em dezembro do ano passado. Na ocasi\u00e3o, a proposta recebeu 156 emendas dos parlamentares, das quais 73 foram retiradas na segunda vota\u00e7\u00e3o e onze foram rejeitadas.<\/p>\n<p>Ricardo Silva diz que 61 emendas n\u00e3o apresentam fonte de recursos para custeio da altera\u00e7\u00e3o proposta e onze alteravam o texto do projeto da PPA feito pelo Executivo. De acordo com a proposta, a prefeitura estima receita total \u2013 diretas e indiretas \u2013 de R$ 23.269.281.541,48 para o quadri\u00eanio.<\/p>\n<p>Com base na lei de Diretrizes Or\u00e7ament\u00e1rias (LDO), s\u00e3o previstos R$ 5.563.935.161,40 em 2026, mais R$ 5.764.019.409,15 em 2027, outros R$ R$ 5.890.012.327,24 em 2028 e, por fim, R$ 5.890.012.327,24 em 2029.<\/p>\n<p>As propostas da PPA consideram os 18 programas or\u00e7ament\u00e1rios distribu\u00eddos em quatro macrodesafios definidos no Plano Plurianual: Governan\u00e7a e Transforma\u00e7\u00e3o Digital; Desenvolvimento Econ\u00f4mico e Inova\u00e7\u00e3o; Pol\u00edticas Sociais; e Pol\u00edticas Urbanas e Ambientais.<\/p>\n<\/div>\n<p><br \/>\n<br \/><a href=\"https:\/\/www.tribunaribeirao.com.br\/legislativo-acolhe-vetos-ao-orcamento\/\">Source link <\/a><\/p>\n<!-- CONTENT END 1 -->\n","protected":false},"excerpt":{"rendered":"<p>Prefeito Ricardo Silva vetou todas as 65 emendas aditivas aprovadas pelos vereadores, com valor total de R$ 90.675.000 Na sess\u00e3o desta quarta-feira, 4 de mar\u00e7o,&#8230;<\/p>\n","protected":false},"author":1,"featured_media":82973,"comment_status":"open","ping_status":"open","sticky":false,"template":"","format":"standard","meta":{"advanced_seo_description":"","jetpack_seo_html_title":"","jetpack_seo_noindex":false,"jetpack_post_was_ever_published":false,"_jetpack_newsletter_access":"","_jetpack_dont_email_post_to_subs":false,"_jetpack_newsletter_tier_id":0,"_jetpack_memberships_contains_paywalled_content":false,"_jetpack_memberships_contains_paid_content":false,"footnotes":"","jetpack_publicize_message":"","jetpack_publicize_feature_enabled":true,"jetpack_social_post_already_shared":true,"jetpack_social_options":{"image_generator_settings":{"template":"highway","default_image_id":0,"font":"","enabled":false},"version":2}},"categories":[11],"tags":[],"class_list":["post-82972","post","type-post","status-publish","format-standard","has-post-thumbnail","hentry","category-noticias-de-ribeirao-preto-sp-e-regiao-ismael-colosi"],"jetpack_publicize_connections":[],"jetpack_featured_media_url":"https:\/\/i0.wp.com\/noticiasribeiraopreto.com.br\/wp-content\/uploads\/2026\/03\/OrcaRP-Alfredo-Risk-Arquivo-scaled.jpg?fit=1170%2C780&ssl=1","jetpack-related-posts":[{"id":81656,"url":"https:\/\/noticiasribeiraopreto.com.br\/index.php\/2026\/01\/13\/ricardo-silva-veta-65-emendas\/","url_meta":{"origin":82972,"position":0},"title":"Ricardo Silva veta 65 emendas","author":"noticiasribeiraopreto.com.br","date":"13 de January de 2026","format":false,"excerpt":"Das 68 emendas apresentadas, 65 aditivas foram aprovadas na C\u00e2mara, mas acabaram vetadas pelo prefeito Ricardo Silva O projeto n\u00famero 418\/2025, que trata da Lei Or\u00e7ament\u00e1ria Anual (LOA) de 2026, aprovado na C\u00e2mara de Ribeir\u00e3o Preto em 8 e 10 de dezembro, foi sancionado pelo prefeito Ricardo Silva (PSD). O\u2026","rel":"","context":"In &quot;Not\u00edcias de Ribeir\u00e3o Preto-SP e Regi\u00e3o&quot;","block_context":{"text":"Not\u00edcias de Ribeir\u00e3o Preto-SP e Regi\u00e3o","link":"https:\/\/noticiasribeiraopreto.com.br\/index.php\/category\/noticias-de-ribeirao-preto-sp-e-regiao-ismael-colosi\/"},"img":{"alt_text":"","src":"https:\/\/i0.wp.com\/noticiasribeiraopreto.com.br\/wp-content\/uploads\/2026\/01\/OrcaRP-Alfredo-Risk-scaled.jpg?fit=1170%2C780&ssl=1&resize=350%2C200","width":350,"height":200,"srcset":"https:\/\/i0.wp.com\/noticiasribeiraopreto.com.br\/wp-content\/uploads\/2026\/01\/OrcaRP-Alfredo-Risk-scaled.jpg?fit=1170%2C780&ssl=1&resize=350%2C200 1x, https:\/\/i0.wp.com\/noticiasribeiraopreto.com.br\/wp-content\/uploads\/2026\/01\/OrcaRP-Alfredo-Risk-scaled.jpg?fit=1170%2C780&ssl=1&resize=525%2C300 1.5x, https:\/\/i0.wp.com\/noticiasribeiraopreto.com.br\/wp-content\/uploads\/2026\/01\/OrcaRP-Alfredo-Risk-scaled.jpg?fit=1170%2C780&ssl=1&resize=700%2C400 2x, https:\/\/i0.wp.com\/noticiasribeiraopreto.com.br\/wp-content\/uploads\/2026\/01\/OrcaRP-Alfredo-Risk-scaled.jpg?fit=1170%2C780&ssl=1&resize=1050%2C600 3x"},"classes":[]},{"id":75041,"url":"https:\/\/noticiasribeiraopreto.com.br\/index.php\/2025\/08\/02\/prefeito-veta-emendas-da-ldo\/","url_meta":{"origin":82972,"position":1},"title":"Prefeito veta emendas da LDO","author":"noticiasribeiraopreto.com.br","date":"2 de August de 2025","format":false,"excerpt":"O prefeito Ricardo Silva (PSD) vetou todas as 140 emendas de vereadores no \u00e2mbito da Lei de Diretrizes Or\u00e7ament\u00e1rias (LDO) de 2026. As sugest\u00f5es criavam despesa de R$ 233.255.000, valor que representa 4,19% da receita estimada, de R$ 5.563.935.161, segundo o projeto n\u00famero 99\/2025. \u00c9 a primeira vez na hist\u00f3ria\u2026","rel":"","context":"In &quot;Not\u00edcias de Ribeir\u00e3o Preto-SP e Regi\u00e3o&quot;","block_context":{"text":"Not\u00edcias de Ribeir\u00e3o Preto-SP e Regi\u00e3o","link":"https:\/\/noticiasribeiraopreto.com.br\/index.php\/category\/noticias-de-ribeirao-preto-sp-e-regiao-ismael-colosi\/"},"img":{"alt_text":"","src":"https:\/\/i0.wp.com\/noticiasribeiraopreto.com.br\/wp-content\/uploads\/2025\/08\/PlanoLDO-Thaisa-Coroado-Camara-scaled.jpg?fit=1170%2C780&ssl=1&resize=350%2C200","width":350,"height":200,"srcset":"https:\/\/i0.wp.com\/noticiasribeiraopreto.com.br\/wp-content\/uploads\/2025\/08\/PlanoLDO-Thaisa-Coroado-Camara-scaled.jpg?fit=1170%2C780&ssl=1&resize=350%2C200 1x, https:\/\/i0.wp.com\/noticiasribeiraopreto.com.br\/wp-content\/uploads\/2025\/08\/PlanoLDO-Thaisa-Coroado-Camara-scaled.jpg?fit=1170%2C780&ssl=1&resize=525%2C300 1.5x, https:\/\/i0.wp.com\/noticiasribeiraopreto.com.br\/wp-content\/uploads\/2025\/08\/PlanoLDO-Thaisa-Coroado-Camara-scaled.jpg?fit=1170%2C780&ssl=1&resize=700%2C400 2x, https:\/\/i0.wp.com\/noticiasribeiraopreto.com.br\/wp-content\/uploads\/2025\/08\/PlanoLDO-Thaisa-Coroado-Camara-scaled.jpg?fit=1170%2C780&ssl=1&resize=1050%2C600 3x"},"classes":[]},{"id":74961,"url":"https:\/\/noticiasribeiraopreto.com.br\/index.php\/2025\/07\/31\/ricardo-sanciona-diretrizes-do-orcamento-de-ribeirao-preto-com-140-vetos\/","url_meta":{"origin":82972,"position":2},"title":"Ricardo sanciona diretrizes do or\u00e7amento de Ribeir\u00e3o Preto com 140 vetos","author":"noticiasribeiraopreto.com.br","date":"31 de July de 2025","format":false,"excerpt":"O prefeito de Ribeir\u00e3o Preto, Ricardo Silva (PSD), sancionou a LDO (Lei de Diretrizes Or\u00e7ament\u00e1rias) de 2026 com 140 vetos de emendas aprovadas pelos vereadores. As diretrizes or\u00e7ament\u00e1rias de Ribeir\u00e3o Preto preveem or\u00e7amento de R$ 5.563.935.161 para o pr\u00f3ximo ano. Entre os destaques da LDO est\u00e3o projetos priorit\u00e1rios, como a\u2026","rel":"","context":"In &quot;Not\u00edcias de Ribeir\u00e3o Preto-SP e Regi\u00e3o&quot;","block_context":{"text":"Not\u00edcias de Ribeir\u00e3o Preto-SP e Regi\u00e3o","link":"https:\/\/noticiasribeiraopreto.com.br\/index.php\/category\/noticias-de-ribeirao-preto-sp-e-regiao-ismael-colosi\/"},"img":{"alt_text":"","src":"https:\/\/i0.wp.com\/noticiasribeiraopreto.com.br\/wp-content\/uploads\/2025\/07\/prefeito-ricardo-silva_2025-07-31_20-57-54.webp.webp?fit=1200%2C800&ssl=1&resize=350%2C200","width":350,"height":200,"srcset":"https:\/\/i0.wp.com\/noticiasribeiraopreto.com.br\/wp-content\/uploads\/2025\/07\/prefeito-ricardo-silva_2025-07-31_20-57-54.webp.webp?fit=1200%2C800&ssl=1&resize=350%2C200 1x, https:\/\/i0.wp.com\/noticiasribeiraopreto.com.br\/wp-content\/uploads\/2025\/07\/prefeito-ricardo-silva_2025-07-31_20-57-54.webp.webp?fit=1200%2C800&ssl=1&resize=525%2C300 1.5x, https:\/\/i0.wp.com\/noticiasribeiraopreto.com.br\/wp-content\/uploads\/2025\/07\/prefeito-ricardo-silva_2025-07-31_20-57-54.webp.webp?fit=1200%2C800&ssl=1&resize=700%2C400 2x, https:\/\/i0.wp.com\/noticiasribeiraopreto.com.br\/wp-content\/uploads\/2025\/07\/prefeito-ricardo-silva_2025-07-31_20-57-54.webp.webp?fit=1200%2C800&ssl=1&resize=1050%2C600 3x"},"classes":[]},{"id":73470,"url":"https:\/\/noticiasribeiraopreto.com.br\/index.php\/2025\/07\/03\/vereadores-aprovam-ldo-recorde-tribuna-ribeirao\/","url_meta":{"origin":82972,"position":3},"title":"Vereadores aprovam LDO recorde &#8211; Tribuna Ribeir\u00e3o","author":"noticiasribeiraopreto.com.br","date":"3 de July de 2025","format":false,"excerpt":"A C\u00e2mara de Vereadores aprovou, na sess\u00e3o desta quarta-feira, 2 de julho, em primeira discuss\u00e3o, por 17 votos a quatro, a Lei de Diretrizes Or\u00e7ament\u00e1rias (LDO) de 2026. A prefeitura de Ribeir\u00e3o Preto projeta um total de R$ 5.563.935.161 no ano que vem, segundo o projeto de n\u00famero 99\/2025. \u00c9\u2026","rel":"","context":"In &quot;Not\u00edcias de Ribeir\u00e3o Preto-SP e Regi\u00e3o&quot;","block_context":{"text":"Not\u00edcias de Ribeir\u00e3o Preto-SP e Regi\u00e3o","link":"https:\/\/noticiasribeiraopreto.com.br\/index.php\/category\/noticias-de-ribeirao-preto-sp-e-regiao-ismael-colosi\/"},"img":{"alt_text":"","src":"https:\/\/i0.wp.com\/noticiasribeiraopreto.com.br\/wp-content\/uploads\/2025\/07\/PlanoLDO-Cam-Divulgacao.jpg?fit=1171%2C878&ssl=1&resize=350%2C200","width":350,"height":200,"srcset":"https:\/\/i0.wp.com\/noticiasribeiraopreto.com.br\/wp-content\/uploads\/2025\/07\/PlanoLDO-Cam-Divulgacao.jpg?fit=1171%2C878&ssl=1&resize=350%2C200 1x, https:\/\/i0.wp.com\/noticiasribeiraopreto.com.br\/wp-content\/uploads\/2025\/07\/PlanoLDO-Cam-Divulgacao.jpg?fit=1171%2C878&ssl=1&resize=525%2C300 1.5x, https:\/\/i0.wp.com\/noticiasribeiraopreto.com.br\/wp-content\/uploads\/2025\/07\/PlanoLDO-Cam-Divulgacao.jpg?fit=1171%2C878&ssl=1&resize=700%2C400 2x, https:\/\/i0.wp.com\/noticiasribeiraopreto.com.br\/wp-content\/uploads\/2025\/07\/PlanoLDO-Cam-Divulgacao.jpg?fit=1171%2C878&ssl=1&resize=1050%2C600 3x"},"classes":[]},{"id":70908,"url":"https:\/\/noticiasribeiraopreto.com.br\/index.php\/2025\/05\/31\/emendas-a-ldo-aumentam-357\/","url_meta":{"origin":82972,"position":4},"title":"Emendas a LDO aumentam 357% \u00a0","author":"noticiasribeiraopreto.com.br","date":"31 de May de 2025","format":false,"excerpt":"A Lei de Diretrizes Or\u00e7ament\u00e1rias (LDO) de 2026 recebeu 128 emendas de vereadores e da Comiss\u00e3o de Finan\u00e7as, Or\u00e7amento, Fiscaliza\u00e7\u00e3o, Controle e Tribut\u00e1ria. O n\u00famero \u00e9 357,1% superior as 28 apresentadas \u00e0 pe\u00e7a deste ano, aprovada C\u00e2mara de Ribeir\u00e3o Preto em 2024. Em 2023 foram apenas oito. A prefeitura de\u2026","rel":"","context":"In &quot;Not\u00edcias de Ribeir\u00e3o Preto-SP e Regi\u00e3o&quot;","block_context":{"text":"Not\u00edcias de Ribeir\u00e3o Preto-SP e Regi\u00e3o","link":"https:\/\/noticiasribeiraopreto.com.br\/index.php\/category\/noticias-de-ribeirao-preto-sp-e-regiao-ismael-colosi\/"},"img":{"alt_text":"","src":"https:\/\/i0.wp.com\/noticiasribeiraopreto.com.br\/wp-content\/uploads\/2025\/05\/PlanoLDO-Alfredo-Risk-02-scaled.jpg?fit=1200%2C675&ssl=1&resize=350%2C200","width":350,"height":200,"srcset":"https:\/\/i0.wp.com\/noticiasribeiraopreto.com.br\/wp-content\/uploads\/2025\/05\/PlanoLDO-Alfredo-Risk-02-scaled.jpg?fit=1200%2C675&ssl=1&resize=350%2C200 1x, https:\/\/i0.wp.com\/noticiasribeiraopreto.com.br\/wp-content\/uploads\/2025\/05\/PlanoLDO-Alfredo-Risk-02-scaled.jpg?fit=1200%2C675&ssl=1&resize=525%2C300 1.5x, https:\/\/i0.wp.com\/noticiasribeiraopreto.com.br\/wp-content\/uploads\/2025\/05\/PlanoLDO-Alfredo-Risk-02-scaled.jpg?fit=1200%2C675&ssl=1&resize=700%2C400 2x, https:\/\/i0.wp.com\/noticiasribeiraopreto.com.br\/wp-content\/uploads\/2025\/05\/PlanoLDO-Alfredo-Risk-02-scaled.jpg?fit=1200%2C675&ssl=1&resize=1050%2C600 3x"},"classes":[]},{"id":76665,"url":"https:\/\/noticiasribeiraopreto.com.br\/index.php\/2025\/09\/03\/ppa-projeta-r-232-bi-em-receitas\/","url_meta":{"origin":82972,"position":5},"title":"PPA projeta R$ 23,2 bi em receitas \u2028","author":"noticiasribeiraopreto.com.br","date":"3 de September de 2025","format":false,"excerpt":"A prefeitura de Ribeir\u00e3o Preto protocolou na C\u00e2mara de Vereadores, o projeto de lei n\u00famero 381\/2026 que disp\u00f5e sobre o Plano Plurianual para o quadri\u00eanio 2026-2029. A proposta foi enviada na segunda-feira, 1\u00ba de setembro, ap\u00f3s o Executivo concluir o PPA com as sugest\u00f5es apresentadas pela sociedade em audi\u00eancia p\u00fablica\u2026","rel":"","context":"In &quot;Not\u00edcias de Ribeir\u00e3o Preto-SP e Regi\u00e3o&quot;","block_context":{"text":"Not\u00edcias de Ribeir\u00e3o Preto-SP e Regi\u00e3o","link":"https:\/\/noticiasribeiraopreto.com.br\/index.php\/category\/noticias-de-ribeirao-preto-sp-e-regiao-ismael-colosi\/"},"img":{"alt_text":"","src":"https:\/\/i0.wp.com\/noticiasribeiraopreto.com.br\/wp-content\/uploads\/2025\/09\/PlanPPA-Guilherme-Sircili-scaled.jpg?fit=1170%2C780&ssl=1&resize=350%2C200","width":350,"height":200,"srcset":"https:\/\/i0.wp.com\/noticiasribeiraopreto.com.br\/wp-content\/uploads\/2025\/09\/PlanPPA-Guilherme-Sircili-scaled.jpg?fit=1170%2C780&ssl=1&resize=350%2C200 1x, https:\/\/i0.wp.com\/noticiasribeiraopreto.com.br\/wp-content\/uploads\/2025\/09\/PlanPPA-Guilherme-Sircili-scaled.jpg?fit=1170%2C780&ssl=1&resize=525%2C300 1.5x, https:\/\/i0.wp.com\/noticiasribeiraopreto.com.br\/wp-content\/uploads\/2025\/09\/PlanPPA-Guilherme-Sircili-scaled.jpg?fit=1170%2C780&ssl=1&resize=700%2C400 2x, https:\/\/i0.wp.com\/noticiasribeiraopreto.com.br\/wp-content\/uploads\/2025\/09\/PlanPPA-Guilherme-Sircili-scaled.jpg?fit=1170%2C780&ssl=1&resize=1050%2C600 3x"},"classes":[]}],"jetpack_sharing_enabled":true,"jetpack_shortlink":"https:\/\/wp.me\/peQAOb-lAg","_links":{"self":[{"href":"https:\/\/noticiasribeiraopreto.com.br\/index.php\/wp-json\/wp\/v2\/posts\/82972","targetHints":{"allow":["GET"]}}],"collection":[{"href":"https:\/\/noticiasribeiraopreto.com.br\/index.php\/wp-json\/wp\/v2\/posts"}],"about":[{"href":"https:\/\/noticiasribeiraopreto.com.br\/index.php\/wp-json\/wp\/v2\/types\/post"}],"author":[{"embeddable":true,"href":"https:\/\/noticiasribeiraopreto.com.br\/index.php\/wp-json\/wp\/v2\/users\/1"}],"replies":[{"embeddable":true,"href":"https:\/\/noticiasribeiraopreto.com.br\/index.php\/wp-json\/wp\/v2\/comments?post=82972"}],"version-history":[{"count":0,"href":"https:\/\/noticiasribeiraopreto.com.br\/index.php\/wp-json\/wp\/v2\/posts\/82972\/revisions"}],"wp:featuredmedia":[{"embeddable":true,"href":"https:\/\/noticiasribeiraopreto.com.br\/index.php\/wp-json\/wp\/v2\/media\/82973"}],"wp:attachment":[{"href":"https:\/\/noticiasribeiraopreto.com.br\/index.php\/wp-json\/wp\/v2\/media?parent=82972"}],"wp:term":[{"taxonomy":"category","embeddable":true,"href":"https:\/\/noticiasribeiraopreto.com.br\/index.php\/wp-json\/wp\/v2\/categories?post=82972"},{"taxonomy":"post_tag","embeddable":true,"href":"https:\/\/noticiasribeiraopreto.com.br\/index.php\/wp-json\/wp\/v2\/tags?post=82972"}],"curies":[{"name":"wp","href":"https:\/\/api.w.org\/{rel}","templated":true}]}}