{"id":82974,"date":"2026-03-05T10:13:50","date_gmt":"2026-03-05T13:13:50","guid":{"rendered":"https:\/\/noticiasribeiraopreto.com.br\/index.php\/2026\/03\/05\/bairros-de-ribeirao-preto-podem-ficar-sem-agua-ate-o-fim-da-noite-veja-lista\/"},"modified":"2026-03-05T10:13:50","modified_gmt":"2026-03-05T13:13:50","slug":"bairros-de-ribeirao-preto-podem-ficar-sem-agua-ate-o-fim-da-noite-veja-lista","status":"publish","type":"post","link":"https:\/\/noticiasribeiraopreto.com.br\/index.php\/2026\/03\/05\/bairros-de-ribeirao-preto-podem-ficar-sem-agua-ate-o-fim-da-noite-veja-lista\/","title":{"rendered":"Bairros de Ribeir\u00e3o Preto podem ficar sem \u00e1gua at\u00e9 o fim da noite; Veja lista"},"content":{"rendered":"<div class='code-block code-block-1' style='margin: 8px 0 8px auto; text-align: right; display: block; clear: both;'>\n<p><a href=\"https:\/\/wa.link\/vpicfd\"><img data-recalc-dims=\"1\" class=\"wp-image-4922\" style=\"aspect-ratio: 2.0253164556962027; width: 561px; height: auto;\" src=\"https:\/\/i0.wp.com\/ismaelcolosi.com.br\/wp-content\/uploads\/2023\/11\/grupo-de-empregos-whatsapp-e-facebook-ismael-colosi-vagas.jpg?ssl=1\" alt=\"\" \/><\/a><\/p>\n<!-- \/wp:image -->\n<\/div>\n<p> <br \/>\n<\/p>\n<p><strong>A\u00a0<a href=\"https:\/\/www.ribeiraopreto.sp.gov.br\/portal\/saerp\/\" target=\"_blank\" rel=\"noreferrer noopener\">Saerp (Secretaria de \u00c1gua e Esgoto de Ribeir\u00e3o Preto)<\/a>\u00a0emitiu um alerta para o risco de falta d\u2019\u00e1gua <strong>em tr\u00eas bairros<\/strong><\/strong> <strong>at\u00e9 o fim da noite desta <strong>quinta-feira (5)<\/strong>.<\/strong><\/p>\n<h2 class=\"wp-block-heading\"><strong>Veja os bairros:<\/strong><\/h2>\n<ul class=\"wp-block-list\">\n<li>Ipiranga<\/li>\n<li>Alto do Ipiranga<\/li>\n<li>Campos El\u00edseos e imedia\u00e7\u00f5es<\/li>\n<\/ul>\n<p>A Saerp informou que realiza a troca emergencial de bomba submersa do Po\u00e7o Bambas, o que poder\u00e1 causar intermit\u00eancias no abastecimento.<\/p>\n<p>A previs\u00e3o de conclus\u00e3o do trabalho \u00e9 \u00e0s 23h desta quinta. Ap\u00f3s o t\u00e9rmino, o sistema ser\u00e1 religado e o abastecimento dever\u00e1 voltar de forma gradativa.<\/p>\n<h3 class=\"wp-block-heading\"><strong>O que fazer?<\/strong><\/h3>\n<p>Caso o seu bairro apresente falhas no abastecimento, entre em contato com a Saerp pelo telefone 0800 115 0115 ou procure por um posto de atendimento (<a href=\"https:\/\/www.ribeiraopreto.sp.gov.br\/portal\/saerp\/\" target=\"_blank\" rel=\"noreferrer noopener\">clique aqui<\/a>).<\/p>\n<p>SAIBA MAIS<\/p>\n<p>\u2018Frente fria com for\u00e7a acima do normal\u2019, alerta meteorologista; Veja o que esperar<\/p>\n<h4 class=\"wp-block-heading\"><strong>FIQUE ON<\/strong><\/h4>\n<p>Fique ligado em tudo que acontece em Ribeir\u00e3o Preto e regi\u00e3o. Siga os perfis do<strong>&nbsp;acidade on<\/strong>&nbsp;no&nbsp;<a href=\"https:\/\/www.instagram.com\/acidadeonribeirao\" target=\"_blank\" rel=\"noreferrer noopener\">Instagram<\/a>&nbsp;e no&nbsp;<a href=\"https:\/\/www.facebook.com\/acidadeonribeirao\/\" target=\"_blank\" rel=\"noreferrer noopener\">Facebook<\/a>.<\/p>\n<p>Receba not\u00edcias do<strong>&nbsp;acidade on<\/strong>&nbsp;no WhatsApp. Para entrar no grupo,&nbsp;basta&nbsp;<a href=\"https:\/\/chat.whatsapp.com\/GFH9HUMUTHNFJdnyEd0xxq\" target=\"_blank\" rel=\"noreferrer noopener\">clicar aqui<\/a>. Ou, acesse o nosso&nbsp;Canal&nbsp;<a href=\"https:\/\/whatsapp.com\/channel\/0029Vb6IQl1JENyAeS57fk2p\" target=\"_blank\" rel=\"noreferrer noopener\">clicando aqui<\/a>.<\/p>\n<p>Fa\u00e7a uma den\u00fancia ou sugira uma reportagem sobre Ribeir\u00e3o Preto e regi\u00e3o pelo WhatsApp: 16 99117 7802.<\/p>\n<p>VEJA TAMB\u00c9M<\/p>\n<p>Decora\u00e7\u00e3o pet friendly: 5 cuidados para garantir a seguran\u00e7a do seu animal<\/p>\n<p>O post Bairros de Ribeir\u00e3o Preto podem ficar sem \u00e1gua at\u00e9 o fim da noite; Veja lista apareceu primeiro em ACidade ON Ribeir\u00e3o Preto.<\/p>\n<p><script async src=\"\/\/www.instagram.com\/embed.js\"><\/script><br \/>\n<br \/><br \/>\n<br \/><a href=\"https:\/\/www.acidadeon.com\/ribeiraopreto\/cotidiano\/bairros-de-ribeirao-preto-podem-ficar-sem-agua-ate-o-fim-da-noite-veja-lista\/\">Source link <\/a><\/p>\n<!-- CONTENT END 1 -->\n","protected":false},"excerpt":{"rendered":"<p>A\u00a0Saerp (Secretaria de \u00c1gua e Esgoto de Ribeir\u00e3o Preto)\u00a0emitiu um alerta para o risco de falta d\u2019\u00e1gua em tr\u00eas bairros at\u00e9 o fim da noite&#8230;<\/p>\n","protected":false},"author":1,"featured_media":82975,"comment_status":"open","ping_status":"open","sticky":false,"template":"","format":"standard","meta":{"advanced_seo_description":"","jetpack_seo_html_title":"","jetpack_seo_noindex":false,"jetpack_post_was_ever_published":false,"_jetpack_newsletter_access":"","_jetpack_dont_email_post_to_subs":false,"_jetpack_newsletter_tier_id":0,"_jetpack_memberships_contains_paywalled_content":false,"_jetpack_memberships_contains_paid_content":false,"footnotes":"","jetpack_publicize_message":"","jetpack_publicize_feature_enabled":true,"jetpack_social_post_already_shared":true,"jetpack_social_options":{"image_generator_settings":{"template":"highway","default_image_id":0,"font":"","enabled":false},"version":2}},"categories":[11],"tags":[],"class_list":["post-82974","post","type-post","status-publish","format-standard","has-post-thumbnail","hentry","category-noticias-de-ribeirao-preto-sp-e-regiao-ismael-colosi"],"jetpack_publicize_connections":[],"jetpack_featured_media_url":"https:\/\/i0.wp.com\/noticiasribeiraopreto.com.br\/wp-content\/uploads\/2026\/03\/Copia-de-Copia-de-TAMANHO-EXATO-PARA-FOTOS-NO-SISTEMA-NOVO-11_2024-07-29_20-40-13_jpg_2024-07-29_20-40-13.webp.webp?fit=1200%2C675&ssl=1","jetpack-related-posts":[{"id":57350,"url":"https:\/\/noticiasribeiraopreto.com.br\/index.php\/2024\/08\/29\/saerp-alerta-para-falta-dagua-em-bairros-da-zona-norte-de-ribeirao-veja-quais\/","url_meta":{"origin":82974,"position":0},"title":"Saerp alerta para falta d&#8217;\u00e1gua em bairros da zona Norte de Ribeir\u00e3o; Veja quais","author":"noticiasribeiraopreto.com.br","date":"29 de August de 2024","format":false,"excerpt":"A Secretaria de \u00c1gua e Esgoto de Ribeir\u00e3o Preto (Saerp) emitiu um novo alerta para falta d\u2019\u00e1gua em bairros na zona Norte do munic\u00edpio, nesta quinta-feira (29). Conforme o comunicado, equipes est\u00e3o realizando uma interliga\u00e7\u00e3o de rede no Po\u00e7o Vila Tecnol\u00f3gica, com o intuito da a\u00e7\u00e3o \u00e9 melhorar o abastecimento\u2026","rel":"","context":"In &quot;Not\u00edcias de Ribeir\u00e3o Preto-SP e Regi\u00e3o&quot;","block_context":{"text":"Not\u00edcias de Ribeir\u00e3o Preto-SP e Regi\u00e3o","link":"https:\/\/noticiasribeiraopreto.com.br\/index.php\/category\/noticias-de-ribeirao-preto-sp-e-regiao-ismael-colosi\/"},"img":{"alt_text":"","src":"https:\/\/i0.wp.com\/noticiasribeiraopreto.com.br\/wp-content\/uploads\/2024\/08\/Copia-de-Copia-de-TAMANHO-EXATO-PARA-FOTOS-NO-SISTEMA-NOVO-24_2024-07-16_12-53-45_jpg_2024-07-16_12-53-45.webp.webp?fit=1200%2C675&ssl=1&resize=350%2C200","width":350,"height":200,"srcset":"https:\/\/i0.wp.com\/noticiasribeiraopreto.com.br\/wp-content\/uploads\/2024\/08\/Copia-de-Copia-de-TAMANHO-EXATO-PARA-FOTOS-NO-SISTEMA-NOVO-24_2024-07-16_12-53-45_jpg_2024-07-16_12-53-45.webp.webp?fit=1200%2C675&ssl=1&resize=350%2C200 1x, https:\/\/i0.wp.com\/noticiasribeiraopreto.com.br\/wp-content\/uploads\/2024\/08\/Copia-de-Copia-de-TAMANHO-EXATO-PARA-FOTOS-NO-SISTEMA-NOVO-24_2024-07-16_12-53-45_jpg_2024-07-16_12-53-45.webp.webp?fit=1200%2C675&ssl=1&resize=525%2C300 1.5x, https:\/\/i0.wp.com\/noticiasribeiraopreto.com.br\/wp-content\/uploads\/2024\/08\/Copia-de-Copia-de-TAMANHO-EXATO-PARA-FOTOS-NO-SISTEMA-NOVO-24_2024-07-16_12-53-45_jpg_2024-07-16_12-53-45.webp.webp?fit=1200%2C675&ssl=1&resize=700%2C400 2x, https:\/\/i0.wp.com\/noticiasribeiraopreto.com.br\/wp-content\/uploads\/2024\/08\/Copia-de-Copia-de-TAMANHO-EXATO-PARA-FOTOS-NO-SISTEMA-NOVO-24_2024-07-16_12-53-45_jpg_2024-07-16_12-53-45.webp.webp?fit=1200%2C675&ssl=1&resize=1050%2C600 3x"},"classes":[]},{"id":74949,"url":"https:\/\/noticiasribeiraopreto.com.br\/index.php\/2025\/07\/31\/troca-de-bomba-pode-afetar-abastecimento-de-agua-em-bairros-de-ribeirao-preto\/","url_meta":{"origin":82974,"position":1},"title":"Troca de bomba pode afetar abastecimento de \u00e1gua em bairros de Ribeir\u00e3o Preto","author":"noticiasribeiraopreto.com.br","date":"31 de July de 2025","format":false,"excerpt":"A Saerp (Secretaria de \u00c1gua e Esgoto de Ribeir\u00e3o Preto) informou que tr\u00eas bairros da zona Norte de Ribeir\u00e3o Preto podem ficar sem \u00e1gua at\u00e9 a noite desta quinta-feira (31). A secretaria informou que realiza a troca da bomba do Po\u00e7o Vila Albertina. Por conta disso, os bairros Ipiranga, Vila\u2026","rel":"","context":"In &quot;Not\u00edcias de Ribeir\u00e3o Preto-SP e Regi\u00e3o&quot;","block_context":{"text":"Not\u00edcias de Ribeir\u00e3o Preto-SP e Regi\u00e3o","link":"https:\/\/noticiasribeiraopreto.com.br\/index.php\/category\/noticias-de-ribeirao-preto-sp-e-regiao-ismael-colosi\/"},"img":{"alt_text":"","src":"https:\/\/i0.wp.com\/noticiasribeiraopreto.com.br\/wp-content\/uploads\/2025\/07\/falta-de-agua-1_2024-12-03_12-50-33.webp.webp?fit=1024%2C585&ssl=1&resize=350%2C200","width":350,"height":200,"srcset":"https:\/\/i0.wp.com\/noticiasribeiraopreto.com.br\/wp-content\/uploads\/2025\/07\/falta-de-agua-1_2024-12-03_12-50-33.webp.webp?fit=1024%2C585&ssl=1&resize=350%2C200 1x, https:\/\/i0.wp.com\/noticiasribeiraopreto.com.br\/wp-content\/uploads\/2025\/07\/falta-de-agua-1_2024-12-03_12-50-33.webp.webp?fit=1024%2C585&ssl=1&resize=525%2C300 1.5x, https:\/\/i0.wp.com\/noticiasribeiraopreto.com.br\/wp-content\/uploads\/2025\/07\/falta-de-agua-1_2024-12-03_12-50-33.webp.webp?fit=1024%2C585&ssl=1&resize=700%2C400 2x"},"classes":[]},{"id":31470,"url":"https:\/\/noticiasribeiraopreto.com.br\/index.php\/2024\/01\/22\/obras-podem-deixar-oito-bairros-de-ribeirao-sem-agua-ate-o-inicio-da-noite\/","url_meta":{"origin":82974,"position":2},"title":"Obras podem deixar oito bairros de Ribeir\u00e3o sem \u00e1gua at\u00e9 o in\u00edcio da noite","author":"noticiasribeiraopreto.com.br","date":"22 de January de 2024","format":false,"excerpt":"A Saerp (Secretaria de \u00c1gua e Esgoto de Ribeir\u00e3o Preto) informou que duas obras podem deixar oito bairros sem \u00e1gua na zona Norte de Ribeir\u00e3o Preto at\u00e9 o in\u00edcio da noite desta segunda-feira (22). Um dos trabalhos \u00e9 o servi\u00e7o de manuten\u00e7\u00e3o no po\u00e7o Simioni, que tem o objetivo de\u2026","rel":"","context":"In &quot;Not\u00edcias de Ribeir\u00e3o Preto-SP e Regi\u00e3o&quot;","block_context":{"text":"Not\u00edcias de Ribeir\u00e3o Preto-SP e Regi\u00e3o","link":"https:\/\/noticiasribeiraopreto.com.br\/index.php\/category\/noticias-de-ribeirao-preto-sp-e-regiao-ismael-colosi\/"},"img":{"alt_text":"","src":"https:\/\/i0.wp.com\/noticiasribeiraopreto.com.br\/wp-content\/uploads\/2024\/01\/saerp.png?fit=1200%2C800&ssl=1&resize=350%2C200","width":350,"height":200,"srcset":"https:\/\/i0.wp.com\/noticiasribeiraopreto.com.br\/wp-content\/uploads\/2024\/01\/saerp.png?fit=1200%2C800&ssl=1&resize=350%2C200 1x, https:\/\/i0.wp.com\/noticiasribeiraopreto.com.br\/wp-content\/uploads\/2024\/01\/saerp.png?fit=1200%2C800&ssl=1&resize=525%2C300 1.5x, https:\/\/i0.wp.com\/noticiasribeiraopreto.com.br\/wp-content\/uploads\/2024\/01\/saerp.png?fit=1200%2C800&ssl=1&resize=700%2C400 2x, https:\/\/i0.wp.com\/noticiasribeiraopreto.com.br\/wp-content\/uploads\/2024\/01\/saerp.png?fit=1200%2C800&ssl=1&resize=1050%2C600 3x"},"classes":[]},{"id":66613,"url":"https:\/\/noticiasribeiraopreto.com.br\/index.php\/2025\/04\/03\/saerp-alerta-para-falta-dagua-em-quatro-bairros-de-ribeirao-preto\/","url_meta":{"origin":82974,"position":3},"title":"Saerp alerta para falta d\u2019\u00e1gua em quatro bairros de Ribeir\u00e3o Preto","author":"noticiasribeiraopreto.com.br","date":"3 de April de 2025","format":false,"excerpt":"A Saerp (Secretaria de \u00c1gua e Esgotos de Ribeir\u00e3o Preto) informou que quatro bairros de Ribeir\u00e3o Preto podem ficar sem \u00e1gua nesta quinta-feira (3). Segundo a secretaria, equipes realizam a manuten\u00e7\u00e3o preventiva do sistema de abastecimento nos reservat\u00f3rios Reserva S\u00e3o Jos\u00e9. Por conta disso, pode gerar falta d\u2019\u00e1gua nos bairros:\u2026","rel":"","context":"In &quot;Not\u00edcias de Ribeir\u00e3o Preto-SP e Regi\u00e3o&quot;","block_context":{"text":"Not\u00edcias de Ribeir\u00e3o Preto-SP e Regi\u00e3o","link":"https:\/\/noticiasribeiraopreto.com.br\/index.php\/category\/noticias-de-ribeirao-preto-sp-e-regiao-ismael-colosi\/"},"img":{"alt_text":"","src":"https:\/\/i0.wp.com\/noticiasribeiraopreto.com.br\/wp-content\/uploads\/2025\/01\/close-up-da-agua-caindo-da-torneira_1048944-30000278_2025-01-21_13-30-54_jpg_2025-01-21_13-30-54.webp.webp?fit=740%2C493&ssl=1&resize=350%2C200","width":350,"height":200,"srcset":"https:\/\/i0.wp.com\/noticiasribeiraopreto.com.br\/wp-content\/uploads\/2025\/01\/close-up-da-agua-caindo-da-torneira_1048944-30000278_2025-01-21_13-30-54_jpg_2025-01-21_13-30-54.webp.webp?fit=740%2C493&ssl=1&resize=350%2C200 1x, https:\/\/i0.wp.com\/noticiasribeiraopreto.com.br\/wp-content\/uploads\/2025\/01\/close-up-da-agua-caindo-da-torneira_1048944-30000278_2025-01-21_13-30-54_jpg_2025-01-21_13-30-54.webp.webp?fit=740%2C493&ssl=1&resize=525%2C300 1.5x, https:\/\/i0.wp.com\/noticiasribeiraopreto.com.br\/wp-content\/uploads\/2025\/01\/close-up-da-agua-caindo-da-torneira_1048944-30000278_2025-01-21_13-30-54_jpg_2025-01-21_13-30-54.webp.webp?fit=740%2C493&ssl=1&resize=700%2C400 2x"},"classes":[]},{"id":61317,"url":"https:\/\/noticiasribeiraopreto.com.br\/index.php\/2024\/12\/09\/saerp-alerta-para-falta-dagua-em-novos-bairros-de-ribeirao-preto-veja-quais\/","url_meta":{"origin":82974,"position":4},"title":"Saerp alerta para falta d&#8217;\u00e1gua em novos bairros de Ribeir\u00e3o Preto; Veja quais","author":"noticiasribeiraopreto.com.br","date":"9 de December de 2024","format":false,"excerpt":"A Saerp (Secretaria de \u00c1gua e Esgoto de Ribeir\u00e3o Preto) informou que ao menos tr\u00eas bairros da zona Norte devem sofrer com falta d\u2019\u00e1gua, nesta segunda-feira (9). De acordo com a pasta, equipes est\u00e3o realizando a substitui\u00e7\u00e3o de registros no Esta\u00e7\u00e3o Elevat\u00f3ria Matadouro. Com isso, pode ocorrer intermit\u00eancia nos seguintes\u2026","rel":"","context":"In &quot;Not\u00edcias de Ribeir\u00e3o Preto-SP e Regi\u00e3o&quot;","block_context":{"text":"Not\u00edcias de Ribeir\u00e3o Preto-SP e Regi\u00e3o","link":"https:\/\/noticiasribeiraopreto.com.br\/index.php\/category\/noticias-de-ribeirao-preto-sp-e-regiao-ismael-colosi\/"},"img":{"alt_text":"","src":"https:\/\/i0.wp.com\/noticiasribeiraopreto.com.br\/wp-content\/uploads\/2024\/07\/torneira-agua_2024-07-22_12-45-42_jpg_2024-07-22_12-45-42.webp.webp?fit=1170%2C700&ssl=1&resize=350%2C200","width":350,"height":200,"srcset":"https:\/\/i0.wp.com\/noticiasribeiraopreto.com.br\/wp-content\/uploads\/2024\/07\/torneira-agua_2024-07-22_12-45-42_jpg_2024-07-22_12-45-42.webp.webp?fit=1170%2C700&ssl=1&resize=350%2C200 1x, https:\/\/i0.wp.com\/noticiasribeiraopreto.com.br\/wp-content\/uploads\/2024\/07\/torneira-agua_2024-07-22_12-45-42_jpg_2024-07-22_12-45-42.webp.webp?fit=1170%2C700&ssl=1&resize=525%2C300 1.5x, https:\/\/i0.wp.com\/noticiasribeiraopreto.com.br\/wp-content\/uploads\/2024\/07\/torneira-agua_2024-07-22_12-45-42_jpg_2024-07-22_12-45-42.webp.webp?fit=1170%2C700&ssl=1&resize=700%2C400 2x, https:\/\/i0.wp.com\/noticiasribeiraopreto.com.br\/wp-content\/uploads\/2024\/07\/torneira-agua_2024-07-22_12-45-42_jpg_2024-07-22_12-45-42.webp.webp?fit=1170%2C700&ssl=1&resize=1050%2C600 3x"},"classes":[]},{"id":71065,"url":"https:\/\/noticiasribeiraopreto.com.br\/index.php\/2025\/06\/02\/ipiranga-e-mais-cinco-bairros-tem-alerta-de-falta-dagua-em-ribeirao-preto\/","url_meta":{"origin":82974,"position":5},"title":"Ipiranga e mais cinco bairros t\u00eam alerta de falta d\u2019\u00e1gua em Ribeir\u00e3o Preto","author":"noticiasribeiraopreto.com.br","date":"2 de June de 2025","format":false,"excerpt":"A\u00a0Saerp (Secretaria de \u00c1gua e Esgoto de Ribeir\u00e3o Preto)\u00a0emitiu um alerta nesta segunda-feira (2) para o risco de falta d\u2019\u00e1gua em seis bairros das zonas Norte e Oeste da cidade. Veja os bairros: Ipiranga Alto do Ipiranga Jardim Jandaia Vila Albertina Jardim Presidente Dutra Jardim Javari e imedia\u00e7\u00f5es A Saerp\u2026","rel":"","context":"In &quot;Not\u00edcias de Ribeir\u00e3o Preto-SP e Regi\u00e3o&quot;","block_context":{"text":"Not\u00edcias de Ribeir\u00e3o Preto-SP e Regi\u00e3o","link":"https:\/\/noticiasribeiraopreto.com.br\/index.php\/category\/noticias-de-ribeirao-preto-sp-e-regiao-ismael-colosi\/"},"img":{"alt_text":"","src":"https:\/\/i0.wp.com\/noticiasribeiraopreto.com.br\/wp-content\/uploads\/2025\/06\/torneira_falta_1024x576_08122020103250.jpg?fit=1024%2C576&ssl=1&resize=350%2C200","width":350,"height":200,"srcset":"https:\/\/i0.wp.com\/noticiasribeiraopreto.com.br\/wp-content\/uploads\/2025\/06\/torneira_falta_1024x576_08122020103250.jpg?fit=1024%2C576&ssl=1&resize=350%2C200 1x, https:\/\/i0.wp.com\/noticiasribeiraopreto.com.br\/wp-content\/uploads\/2025\/06\/torneira_falta_1024x576_08122020103250.jpg?fit=1024%2C576&ssl=1&resize=525%2C300 1.5x, https:\/\/i0.wp.com\/noticiasribeiraopreto.com.br\/wp-content\/uploads\/2025\/06\/torneira_falta_1024x576_08122020103250.jpg?fit=1024%2C576&ssl=1&resize=700%2C400 2x"},"classes":[]}],"jetpack_sharing_enabled":true,"jetpack_shortlink":"https:\/\/wp.me\/peQAOb-lAi","_links":{"self":[{"href":"https:\/\/noticiasribeiraopreto.com.br\/index.php\/wp-json\/wp\/v2\/posts\/82974","targetHints":{"allow":["GET"]}}],"collection":[{"href":"https:\/\/noticiasribeiraopreto.com.br\/index.php\/wp-json\/wp\/v2\/posts"}],"about":[{"href":"https:\/\/noticiasribeiraopreto.com.br\/index.php\/wp-json\/wp\/v2\/types\/post"}],"author":[{"embeddable":true,"href":"https:\/\/noticiasribeiraopreto.com.br\/index.php\/wp-json\/wp\/v2\/users\/1"}],"replies":[{"embeddable":true,"href":"https:\/\/noticiasribeiraopreto.com.br\/index.php\/wp-json\/wp\/v2\/comments?post=82974"}],"version-history":[{"count":0,"href":"https:\/\/noticiasribeiraopreto.com.br\/index.php\/wp-json\/wp\/v2\/posts\/82974\/revisions"}],"wp:featuredmedia":[{"embeddable":true,"href":"https:\/\/noticiasribeiraopreto.com.br\/index.php\/wp-json\/wp\/v2\/media\/82975"}],"wp:attachment":[{"href":"https:\/\/noticiasribeiraopreto.com.br\/index.php\/wp-json\/wp\/v2\/media?parent=82974"}],"wp:term":[{"taxonomy":"category","embeddable":true,"href":"https:\/\/noticiasribeiraopreto.com.br\/index.php\/wp-json\/wp\/v2\/categories?post=82974"},{"taxonomy":"post_tag","embeddable":true,"href":"https:\/\/noticiasribeiraopreto.com.br\/index.php\/wp-json\/wp\/v2\/tags?post=82974"}],"curies":[{"name":"wp","href":"https:\/\/api.w.org\/{rel}","templated":true}]}}