{"id":82977,"date":"2026-03-05T10:28:12","date_gmt":"2026-03-05T13:28:12","guid":{"rendered":"https:\/\/noticiasribeiraopreto.com.br\/index.php\/2026\/03\/05\/incendio-atinge-navio-que-levava-gado-da-regiao-de-ribeirao-preto-para-a-turquia\/"},"modified":"2026-03-05T10:28:12","modified_gmt":"2026-03-05T13:28:12","slug":"incendio-atinge-navio-que-levava-gado-da-regiao-de-ribeirao-preto-para-a-turquia","status":"publish","type":"post","link":"https:\/\/noticiasribeiraopreto.com.br\/index.php\/2026\/03\/05\/incendio-atinge-navio-que-levava-gado-da-regiao-de-ribeirao-preto-para-a-turquia\/","title":{"rendered":"Inc\u00eandio atinge navio que levava gado da regi\u00e3o de Ribeir\u00e3o Preto para a Turquia"},"content":{"rendered":"<div class='code-block code-block-1' style='margin: 8px 0 8px auto; text-align: right; display: block; clear: both;'>\n<p><a href=\"https:\/\/wa.link\/vpicfd\"><img data-recalc-dims=\"1\" class=\"wp-image-4922\" style=\"aspect-ratio: 2.0253164556962027; width: 561px; height: auto;\" src=\"https:\/\/i0.wp.com\/ismaelcolosi.com.br\/wp-content\/uploads\/2023\/11\/grupo-de-empregos-whatsapp-e-facebook-ismael-colosi-vagas.jpg?ssl=1\" alt=\"\" \/><\/a><\/p>\n<!-- \/wp:image -->\n<\/div>\n<p> <br \/>\n<\/p>\n<div data-td-block-uid=\"tdi_95\">\n<div class=\"tdb-block-inner td-fix-index\">\n<p><b>Um inc\u00eandio atingiu um navio que transportaria gado\u00a0de Barretos \u00e0 Turquia e estava atracado <\/b><strong style=\"font-weight: bold;\">na noite desta ter\u00e7a-feira (3)<\/strong> <strong>no porto de\u00a0S\u00e3o Sebasti\u00e3o, no Litoral Norte de S\u00e3o Paulo. Cinco tripulantes<\/strong> e um <strong>bombeiro <\/strong>precisaram ser <strong>socorridos<\/strong>, ap\u00f3s <strong>inalarem fuma\u00e7a<\/strong>. <strong>Tr\u00eas bovinos morreram<\/strong>. <\/p>\n<p>O <a href=\"https:\/\/www.gov.br\/agricultura\/pt-br\" data-type=\"link\" data-id=\"https:\/\/www.gov.br\/agricultura\/pt-br\" target=\"_blank\" rel=\"noopener\">Minist\u00e9rio da Agricultura e Pecu\u00e1ria (Mapa)<\/a> informou, por meio de nota de imprensa, que <mark style=\"background-color:#abb8c3\" class=\"has-inline-color has-black-color\">a opera\u00e7\u00e3o era de exporta\u00e7\u00e3o de 2.680 bovinos vivos destinados \u00e0 reprodu\u00e7\u00e3o e que aproximadamente 450 animais j\u00e1 estavam na embarca\u00e7\u00e3o North Star I, quando foi identificado um foco de inc\u00eandio no feno utilizado como material de forra\u00e7\u00e3o, por volta das 21h30.<\/mark><\/p>\n<p>O desembarque dos animais teve in\u00edcio \u00e0s 23h50 e tr\u00eas morreram enquanto aguardavam no porto, segundo o Mapa. A causa das mortes ainda dever\u00e1 confirmada.<\/p>\n<p>O minist\u00e9rio informou que os animais foram encaminhados de volta \u00e0 Est\u00e2ncia Monte Alegre, em Barretos, propriedade devidamente registrado no Mapa, chamada de Estabelecimento de Pr\u00e9-Embarque (EPE).<\/p>\n<figure class=\"wp-block-pullquote\">\n<blockquote>\n<p>Mesmo diante da ocorr\u00eancia, a atua\u00e7\u00e3o coordenada das equipes envolvidas assegurou o cumprimento dos protocolos sanit\u00e1rios e de bem-estar animal, refor\u00e7ando o compromisso do Minist\u00e9rio da Agricultura e Pecu\u00e1ria com a seguran\u00e7a e a responsabilidade nas opera\u00e7\u00f5es de exporta\u00e7\u00e3o de bovinos vivos <\/p>\n<p><cite><strong>Minist\u00e9rio da Agricultura e Pecu\u00e1ria<\/strong><\/cite><\/p><\/blockquote>\n<\/figure>\n<p>A chegada dos 2.680 animais \u00e0 propriedade estava prevista para a madrugada desta quinta-feira (5).<\/p>\n<p><!-- AI CONTENT END 1 -->\n<\/div>\n<\/div>\n<p><br \/>\n<br \/><a href=\"https:\/\/www.acidadeon.com\/ribeiraopreto\/cotidiano\/incendio-atinge-navio-que-levava-gado-da-regiao-de-ribeirao-preto-para-a-turquia\/\">Source link <\/a><\/p>\n<!-- CONTENT END 1 -->\n","protected":false},"excerpt":{"rendered":"<p>Um inc\u00eandio atingiu um navio que transportaria gado\u00a0de Barretos \u00e0 Turquia e estava atracado na noite desta ter\u00e7a-feira (3) no porto de\u00a0S\u00e3o Sebasti\u00e3o, no Litoral&#8230;<\/p>\n","protected":false},"author":1,"featured_media":82978,"comment_status":"open","ping_status":"open","sticky":false,"template":"","format":"standard","meta":{"advanced_seo_description":"","jetpack_seo_html_title":"","jetpack_seo_noindex":false,"jetpack_post_was_ever_published":false,"_jetpack_newsletter_access":"","_jetpack_dont_email_post_to_subs":false,"_jetpack_newsletter_tier_id":0,"_jetpack_memberships_contains_paywalled_content":false,"_jetpack_memberships_contains_paid_content":false,"footnotes":"","jetpack_publicize_message":"","jetpack_publicize_feature_enabled":true,"jetpack_social_post_already_shared":true,"jetpack_social_options":{"image_generator_settings":{"template":"highway","default_image_id":0,"font":"","enabled":false},"version":2}},"categories":[11],"tags":[],"class_list":["post-82977","post","type-post","status-publish","format-standard","has-post-thumbnail","hentry","category-noticias-de-ribeirao-preto-sp-e-regiao-ismael-colosi"],"jetpack_publicize_connections":[],"jetpack_featured_media_url":"https:\/\/i0.wp.com\/noticiasribeiraopreto.com.br\/wp-content\/uploads\/2026\/03\/navio_2026-03-05_09-38-34.webp.webp?fit=1200%2C934&ssl=1","jetpack-related-posts":[{"id":83014,"url":"https:\/\/noticiasribeiraopreto.com.br\/index.php\/2026\/03\/06\/gado-resgatado-de-navio-que-pegou-fogo-no-litoral-de-sp-chega-a-barretos-para-avaliacao-veterinaria\/","url_meta":{"origin":82977,"position":0},"title":"Gado resgatado de navio que pegou fogo no litoral de SP chega a Barretos para avalia\u00e7\u00e3o veterin\u00e1ria","author":"noticiasribeiraopreto.com.br","date":"6 de March de 2026","format":false,"excerpt":"O gado que estava no navio que pegou fogo no Litoral Norte de S\u00e3o Paulo na \u00faltima ter\u00e7a-feira (3), chegou em Barretos, cidade a 120 quil\u00f4metros de Ribeir\u00e3o Preto, nessa quarta-feira (4). Os animais foram levados para um centro de refer\u00eancia em pecu\u00e1ria de confinamento, onde passaram por avalia\u00e7\u00e3o de\u2026","rel":"","context":"In &quot;Not\u00edcias de Ribeir\u00e3o Preto-SP e Regi\u00e3o&quot;","block_context":{"text":"Not\u00edcias de Ribeir\u00e3o Preto-SP e Regi\u00e3o","link":"https:\/\/noticiasribeiraopreto.com.br\/index.php\/category\/noticias-de-ribeirao-preto-sp-e-regiao-ismael-colosi\/"},"img":{"alt_text":"","src":"https:\/\/i0.wp.com\/noticiasribeiraopreto.com.br\/wp-content\/uploads\/2026\/03\/navio_2026-03-05_09-38-34.webp.webp?fit=1200%2C934&ssl=1&resize=350%2C200","width":350,"height":200,"srcset":"https:\/\/i0.wp.com\/noticiasribeiraopreto.com.br\/wp-content\/uploads\/2026\/03\/navio_2026-03-05_09-38-34.webp.webp?fit=1200%2C934&ssl=1&resize=350%2C200 1x, https:\/\/i0.wp.com\/noticiasribeiraopreto.com.br\/wp-content\/uploads\/2026\/03\/navio_2026-03-05_09-38-34.webp.webp?fit=1200%2C934&ssl=1&resize=525%2C300 1.5x, https:\/\/i0.wp.com\/noticiasribeiraopreto.com.br\/wp-content\/uploads\/2026\/03\/navio_2026-03-05_09-38-34.webp.webp?fit=1200%2C934&ssl=1&resize=700%2C400 2x, https:\/\/i0.wp.com\/noticiasribeiraopreto.com.br\/wp-content\/uploads\/2026\/03\/navio_2026-03-05_09-38-34.webp.webp?fit=1200%2C934&ssl=1&resize=1050%2C600 3x"},"classes":[]},{"id":58493,"url":"https:\/\/noticiasribeiraopreto.com.br\/index.php\/2024\/09\/28\/duas-mortes-em-incendios-no-interior-de-sp-sao-confirmadas-pela-defesa-civil\/","url_meta":{"origin":82977,"position":1},"title":"Duas mortes em inc\u00eandios no interior de SP s\u00e3o confirmadas pela Defesa Civil","author":"noticiasribeiraopreto.com.br","date":"28 de September de 2024","format":false,"excerpt":"A Defesa Civil de S\u00e3o Paulo confirmou, neste s\u00e1bado (28), a morte de duas pessoas em inc\u00eandios no interior de S\u00e3o Paulo. As v\u00edtimas atingidas pelo fogo s\u00e3o: um trabalhador de uma fazenda, no munic\u00edpio de Neves Paulista, que estava sendo procurando desde quinta-feira (27), quando desapareceu ao tentar conduzir\u2026","rel":"","context":"In &quot;Not\u00edcias de Ribeir\u00e3o Preto-SP e Regi\u00e3o&quot;","block_context":{"text":"Not\u00edcias de Ribeir\u00e3o Preto-SP e Regi\u00e3o","link":"https:\/\/noticiasribeiraopreto.com.br\/index.php\/category\/noticias-de-ribeirao-preto-sp-e-regiao-ismael-colosi\/"},"img":{"alt_text":"","src":"https:\/\/i0.wp.com\/noticiasribeiraopreto.com.br\/wp-content\/uploads\/2024\/09\/Imagem-do-WhatsApp-de-2024-09-28-as-10.51.00_4c34e490_2024-09-28_19-45-31_jpg_2024-09-28_19-45-31.webp.webp?fit=1200%2C900&ssl=1&resize=350%2C200","width":350,"height":200,"srcset":"https:\/\/i0.wp.com\/noticiasribeiraopreto.com.br\/wp-content\/uploads\/2024\/09\/Imagem-do-WhatsApp-de-2024-09-28-as-10.51.00_4c34e490_2024-09-28_19-45-31_jpg_2024-09-28_19-45-31.webp.webp?fit=1200%2C900&ssl=1&resize=350%2C200 1x, https:\/\/i0.wp.com\/noticiasribeiraopreto.com.br\/wp-content\/uploads\/2024\/09\/Imagem-do-WhatsApp-de-2024-09-28-as-10.51.00_4c34e490_2024-09-28_19-45-31_jpg_2024-09-28_19-45-31.webp.webp?fit=1200%2C900&ssl=1&resize=525%2C300 1.5x, https:\/\/i0.wp.com\/noticiasribeiraopreto.com.br\/wp-content\/uploads\/2024\/09\/Imagem-do-WhatsApp-de-2024-09-28-as-10.51.00_4c34e490_2024-09-28_19-45-31_jpg_2024-09-28_19-45-31.webp.webp?fit=1200%2C900&ssl=1&resize=700%2C400 2x, https:\/\/i0.wp.com\/noticiasribeiraopreto.com.br\/wp-content\/uploads\/2024\/09\/Imagem-do-WhatsApp-de-2024-09-28-as-10.51.00_4c34e490_2024-09-28_19-45-31_jpg_2024-09-28_19-45-31.webp.webp?fit=1200%2C900&ssl=1&resize=1050%2C600 3x"},"classes":[]},{"id":33028,"url":"https:\/\/noticiasribeiraopreto.com.br\/index.php\/2024\/01\/27\/mar-vermelho-ataque-houthi-com-misseis-incendeia-conflito-e-os-eua-nao-deixam-barato\/","url_meta":{"origin":82977,"position":2},"title":"Mar Vermelho: ataque Houthi com m\u00edsseis incendeia conflito e os EUA n\u00e3o deixam barato","author":"noticiasribeiraopreto.com.br","date":"27 de January de 2024","format":false,"excerpt":"Um petroleiro operado em nome da Trafigura foi atingido por um m\u00edssil na sexta-feira (26) ap\u00f3s transitar pelo Mar Vermelho, incendiando ainda mais o conflito na regi\u00e3o e colocando os EUA em alerta.\u00a0 O Marlin Luanda, um navio-tanque de produtos petrol\u00edferos, foi atingido pelo m\u00edssil no Golfo de Aden. Equipamentos\u2026","rel":"","context":"In &quot;Dinheiro e Investimento&quot;","block_context":{"text":"Dinheiro e Investimento","link":"https:\/\/noticiasribeiraopreto.com.br\/index.php\/category\/dinheiro-e-investimento-como-fazer-como-ganhar\/"},"img":{"alt_text":"","src":"https:\/\/i0.wp.com\/noticiasribeiraopreto.com.br\/wp-content\/uploads\/2024\/01\/1706366498_petroleo-dolar-628x353.jpg?fit=628%2C353&ssl=1&resize=350%2C200","width":350,"height":200,"srcset":"https:\/\/i0.wp.com\/noticiasribeiraopreto.com.br\/wp-content\/uploads\/2024\/01\/1706366498_petroleo-dolar-628x353.jpg?fit=628%2C353&ssl=1&resize=350%2C200 1x, https:\/\/i0.wp.com\/noticiasribeiraopreto.com.br\/wp-content\/uploads\/2024\/01\/1706366498_petroleo-dolar-628x353.jpg?fit=628%2C353&ssl=1&resize=525%2C300 1.5x"},"classes":[]},{"id":57434,"url":"https:\/\/noticiasribeiraopreto.com.br\/index.php\/2024\/08\/31\/regiao-de-ribeirao-preto-esta-com-novos-focos-ativos-de-incendio\/","url_meta":{"origin":82977,"position":3},"title":"Regi\u00e3o de Ribeir\u00e3o Preto est\u00e1 com novos focos ativos de inc\u00eandio","author":"noticiasribeiraopreto.com.br","date":"31 de August de 2024","format":false,"excerpt":"A Defesa Civil do Estado de S\u00e3o Paulo informou que sete munic\u00edpios do interior paulista est\u00e3o com focos de inc\u00eandio ativos neste s\u00e1bado (31). Conforme o \u00f3rg\u00e3o, a maior parte dos focos est\u00e1 na regi\u00e3o de Ribeir\u00e3o Preto e Franca. Al\u00e9m disso, tamb\u00e9m h\u00e1 registros de inc\u00eandio na \u00e1rea de\u2026","rel":"","context":"In &quot;Not\u00edcias de Ribeir\u00e3o Preto-SP e Regi\u00e3o&quot;","block_context":{"text":"Not\u00edcias de Ribeir\u00e3o Preto-SP e Regi\u00e3o","link":"https:\/\/noticiasribeiraopreto.com.br\/index.php\/category\/noticias-de-ribeirao-preto-sp-e-regiao-ismael-colosi\/"},"img":{"alt_text":"","src":"https:\/\/i0.wp.com\/noticiasribeiraopreto.com.br\/wp-content\/uploads\/2024\/08\/Copia-de-Copia-de-Copia-de-TAMANHO-EXATO-PARA-FOTOS-NO-SISTEMA-NOVO-23_2024-08-31_21-14-53_png_2024-08-31_21-14-54.webp.webp?fit=1200%2C675&ssl=1&resize=350%2C200","width":350,"height":200,"srcset":"https:\/\/i0.wp.com\/noticiasribeiraopreto.com.br\/wp-content\/uploads\/2024\/08\/Copia-de-Copia-de-Copia-de-TAMANHO-EXATO-PARA-FOTOS-NO-SISTEMA-NOVO-23_2024-08-31_21-14-53_png_2024-08-31_21-14-54.webp.webp?fit=1200%2C675&ssl=1&resize=350%2C200 1x, https:\/\/i0.wp.com\/noticiasribeiraopreto.com.br\/wp-content\/uploads\/2024\/08\/Copia-de-Copia-de-Copia-de-TAMANHO-EXATO-PARA-FOTOS-NO-SISTEMA-NOVO-23_2024-08-31_21-14-53_png_2024-08-31_21-14-54.webp.webp?fit=1200%2C675&ssl=1&resize=525%2C300 1.5x, https:\/\/i0.wp.com\/noticiasribeiraopreto.com.br\/wp-content\/uploads\/2024\/08\/Copia-de-Copia-de-Copia-de-TAMANHO-EXATO-PARA-FOTOS-NO-SISTEMA-NOVO-23_2024-08-31_21-14-53_png_2024-08-31_21-14-54.webp.webp?fit=1200%2C675&ssl=1&resize=700%2C400 2x, https:\/\/i0.wp.com\/noticiasribeiraopreto.com.br\/wp-content\/uploads\/2024\/08\/Copia-de-Copia-de-Copia-de-TAMANHO-EXATO-PARA-FOTOS-NO-SISTEMA-NOVO-23_2024-08-31_21-14-53_png_2024-08-31_21-14-54.webp.webp?fit=1200%2C675&ssl=1&resize=1050%2C600 3x"},"classes":[]},{"id":57221,"url":"https:\/\/noticiasribeiraopreto.com.br\/index.php\/2024\/08\/26\/usina-na-regiao-de-ribeirao-oferece-recompensa-de-ate-r-20-mil-por-denuncias-sobre-incendios\/","url_meta":{"origin":82977,"position":4},"title":"Usina na regi\u00e3o de Ribeir\u00e3o oferece recompensa de at\u00e9 R$ 20 mil por den\u00fancias sobre inc\u00eandios","author":"noticiasribeiraopreto.com.br","date":"26 de August de 2024","format":false,"excerpt":"A Usina Santa Ad\u00e9lia, com matriz em Jaboticabal, na regi\u00e3o de Ribeir\u00e3o Preto, anunciou por meio de uma nota publicada em suas redes sociais, uma recompensa de at\u00e9 R$ 20 mil por den\u00fancias sobre inc\u00eandios supostamente criminosos no interior de S\u00e3o Paulo. As den\u00fancias ser\u00e3o avaliadas por um comit\u00ea interno\u2026","rel":"","context":"In &quot;Not\u00edcias de Ribeir\u00e3o Preto-SP e Regi\u00e3o&quot;","block_context":{"text":"Not\u00edcias de Ribeir\u00e3o Preto-SP e Regi\u00e3o","link":"https:\/\/noticiasribeiraopreto.com.br\/index.php\/category\/noticias-de-ribeirao-preto-sp-e-regiao-ismael-colosi\/"},"img":{"alt_text":"","src":"https:\/\/i0.wp.com\/noticiasribeiraopreto.com.br\/wp-content\/uploads\/2024\/08\/Copia-de-Copia-de-Copia-de-TAMANHO-EXATO-PARA-FOTOS-NO-SISTEMA-NOVO-6_2024-08-26_13-39-59_jpg_2024-08-26_13-39-59.webp.webp?fit=1200%2C675&ssl=1&resize=350%2C200","width":350,"height":200,"srcset":"https:\/\/i0.wp.com\/noticiasribeiraopreto.com.br\/wp-content\/uploads\/2024\/08\/Copia-de-Copia-de-Copia-de-TAMANHO-EXATO-PARA-FOTOS-NO-SISTEMA-NOVO-6_2024-08-26_13-39-59_jpg_2024-08-26_13-39-59.webp.webp?fit=1200%2C675&ssl=1&resize=350%2C200 1x, https:\/\/i0.wp.com\/noticiasribeiraopreto.com.br\/wp-content\/uploads\/2024\/08\/Copia-de-Copia-de-Copia-de-TAMANHO-EXATO-PARA-FOTOS-NO-SISTEMA-NOVO-6_2024-08-26_13-39-59_jpg_2024-08-26_13-39-59.webp.webp?fit=1200%2C675&ssl=1&resize=525%2C300 1.5x, https:\/\/i0.wp.com\/noticiasribeiraopreto.com.br\/wp-content\/uploads\/2024\/08\/Copia-de-Copia-de-Copia-de-TAMANHO-EXATO-PARA-FOTOS-NO-SISTEMA-NOVO-6_2024-08-26_13-39-59_jpg_2024-08-26_13-39-59.webp.webp?fit=1200%2C675&ssl=1&resize=700%2C400 2x, https:\/\/i0.wp.com\/noticiasribeiraopreto.com.br\/wp-content\/uploads\/2024\/08\/Copia-de-Copia-de-Copia-de-TAMANHO-EXATO-PARA-FOTOS-NO-SISTEMA-NOVO-6_2024-08-26_13-39-59_jpg_2024-08-26_13-39-59.webp.webp?fit=1200%2C675&ssl=1&resize=1050%2C600 3x"},"classes":[]},{"id":36455,"url":"https:\/\/noticiasribeiraopreto.com.br\/index.php\/2024\/02\/09\/duas-pessoas-sao-socorridas-apos-incendio-na-regiao-de-ribeirao-veja-o-video\/","url_meta":{"origin":82977,"position":5},"title":"Duas pessoas s\u00e3o socorridas ap\u00f3s inc\u00eandio na regi\u00e3o de Ribeir\u00e3o; Veja o v\u00eddeo","author":"noticiasribeiraopreto.com.br","date":"9 de February de 2024","format":false,"excerpt":"Uma crian\u00e7a e uma adolescente foram socorridas ap\u00f3s inalarem fuma\u00e7a durante um inc\u00eandio no Jardim Aeroporto, em Franca, na regi\u00e3o de Ribeir\u00e3o Preto. As chamas come\u00e7aram em um apartamento na tarde desta sexta-feira (9). Segundo o Corpo de Bombeiros, o inc\u00eandio come\u00e7ou em um dos quartos do apartamento e se\u2026","rel":"","context":"In &quot;Not\u00edcias de Ribeir\u00e3o Preto-SP e Regi\u00e3o&quot;","block_context":{"text":"Not\u00edcias de Ribeir\u00e3o Preto-SP e Regi\u00e3o","link":"https:\/\/noticiasribeiraopreto.com.br\/index.php\/category\/noticias-de-ribeirao-preto-sp-e-regiao-ismael-colosi\/"},"img":{"alt_text":"","src":"https:\/\/i0.wp.com\/noticiasribeiraopreto.com.br\/wp-content\/uploads\/2024\/02\/incendio.jpg?fit=600%2C775&ssl=1&resize=350%2C200","width":350,"height":200,"srcset":"https:\/\/i0.wp.com\/noticiasribeiraopreto.com.br\/wp-content\/uploads\/2024\/02\/incendio.jpg?fit=600%2C775&ssl=1&resize=350%2C200 1x, https:\/\/i0.wp.com\/noticiasribeiraopreto.com.br\/wp-content\/uploads\/2024\/02\/incendio.jpg?fit=600%2C775&ssl=1&resize=525%2C300 1.5x"},"classes":[]}],"jetpack_sharing_enabled":true,"jetpack_shortlink":"https:\/\/wp.me\/peQAOb-lAl","_links":{"self":[{"href":"https:\/\/noticiasribeiraopreto.com.br\/index.php\/wp-json\/wp\/v2\/posts\/82977","targetHints":{"allow":["GET"]}}],"collection":[{"href":"https:\/\/noticiasribeiraopreto.com.br\/index.php\/wp-json\/wp\/v2\/posts"}],"about":[{"href":"https:\/\/noticiasribeiraopreto.com.br\/index.php\/wp-json\/wp\/v2\/types\/post"}],"author":[{"embeddable":true,"href":"https:\/\/noticiasribeiraopreto.com.br\/index.php\/wp-json\/wp\/v2\/users\/1"}],"replies":[{"embeddable":true,"href":"https:\/\/noticiasribeiraopreto.com.br\/index.php\/wp-json\/wp\/v2\/comments?post=82977"}],"version-history":[{"count":0,"href":"https:\/\/noticiasribeiraopreto.com.br\/index.php\/wp-json\/wp\/v2\/posts\/82977\/revisions"}],"wp:featuredmedia":[{"embeddable":true,"href":"https:\/\/noticiasribeiraopreto.com.br\/index.php\/wp-json\/wp\/v2\/media\/82978"}],"wp:attachment":[{"href":"https:\/\/noticiasribeiraopreto.com.br\/index.php\/wp-json\/wp\/v2\/media?parent=82977"}],"wp:term":[{"taxonomy":"category","embeddable":true,"href":"https:\/\/noticiasribeiraopreto.com.br\/index.php\/wp-json\/wp\/v2\/categories?post=82977"},{"taxonomy":"post_tag","embeddable":true,"href":"https:\/\/noticiasribeiraopreto.com.br\/index.php\/wp-json\/wp\/v2\/tags?post=82977"}],"curies":[{"name":"wp","href":"https:\/\/api.w.org\/{rel}","templated":true}]}}