{"id":82979,"date":"2026-03-05T10:36:39","date_gmt":"2026-03-05T13:36:39","guid":{"rendered":"https:\/\/noticiasribeiraopreto.com.br\/index.php\/2026\/03\/05\/projeto-amplia-licenca-paternidade-para-ate-20-dias-entenda\/"},"modified":"2026-03-05T10:36:39","modified_gmt":"2026-03-05T13:36:39","slug":"projeto-amplia-licenca-paternidade-para-ate-20-dias-entenda","status":"publish","type":"post","link":"https:\/\/noticiasribeiraopreto.com.br\/index.php\/2026\/03\/05\/projeto-amplia-licenca-paternidade-para-ate-20-dias-entenda\/","title":{"rendered":"Projeto amplia licen\u00e7a-paternidade para at\u00e9 20 dias; entenda"},"content":{"rendered":"<div class='code-block code-block-1' style='margin: 8px 0 8px auto; text-align: right; display: block; clear: both;'>\n<p><a href=\"https:\/\/wa.link\/vpicfd\"><img data-recalc-dims=\"1\" class=\"wp-image-4922\" style=\"aspect-ratio: 2.0253164556962027; width: 561px; height: auto;\" src=\"https:\/\/i0.wp.com\/ismaelcolosi.com.br\/wp-content\/uploads\/2023\/11\/grupo-de-empregos-whatsapp-e-facebook-ismael-colosi-vagas.jpg?ssl=1\" alt=\"\" \/><\/a><\/p>\n<!-- \/wp:image -->\n<\/div>\n<p> <br \/>\n<\/p>\n<div>\n<p>O <strong>Congresso Nacional concluiu a aprova\u00e7\u00e3o do projeto de lei que regulamenta a licen\u00e7a-paternidade no Brasil <\/strong>e amplia de forma gradual o per\u00edodo de afastamento dos trabalhadores ap\u00f3s o nascimento dos filhos. <strong>A proposta aguarda san\u00e7\u00e3o presidencial.<\/strong><\/p>\n<p>Hoje, trabalhadores contam com apenas <strong>cinco dias de licen\u00e7a-paternidade garantidos por lei.<\/strong><\/p>\n<p>A medida estabelece regras definitivas para o benef\u00edcio, que atualmente funciona com base em dispositivo provis\u00f3rio da Constitui\u00e7\u00e3o de 1988. O texto n\u00e3o sofreu mudan\u00e7as de conte\u00fado na etapa final de vota\u00e7\u00e3o.<\/p>\n<div class=\"wp-block-image\">\n<figure class=\"aligncenter size-large is-resized\"><img data-recalc-dims=\"1\" fetchpriority=\"high\" decoding=\"async\" width=\"1024\" height=\"735\" src=\"https:\/\/i0.wp.com\/cdn.media-acidadeon.com.br\/ribeiraopreto\/wp-content\/uploads\/sites\/3\/2026\/03\/close-up-father-holding-baby-back-view_2026-03-04_23-44-14-1024x735.webp?resize=1024%2C735&#038;ssl=1\" alt=\"paternidade\" class=\"wp-image-147720\" style=\"width:797px;height:auto\" title=\"Projeto amplia licen\u00e7a-paternidade para at\u00e9 20 dias; entenda 1\" srcset=\"https:\/\/cdn.media-acidadeon.com.br\/ribeiraopreto\/wp-content\/uploads\/sites\/3\/2026\/03\/close-up-father-holding-baby-back-view_2026-03-04_23-44-14-1024x735.webp 1024w, https:\/\/cdn.media-acidadeon.com.br\/ribeiraopreto\/wp-content\/uploads\/sites\/3\/2026\/03\/close-up-father-holding-baby-back-view_2026-03-04_23-44-14-300x215.webp 300w, https:\/\/cdn.media-acidadeon.com.br\/ribeiraopreto\/wp-content\/uploads\/sites\/3\/2026\/03\/close-up-father-holding-baby-back-view_2026-03-04_23-44-14-768x551.webp 768w, https:\/\/cdn.media-acidadeon.com.br\/ribeiraopreto\/wp-content\/uploads\/sites\/3\/2026\/03\/close-up-father-holding-baby-back-view_2026-03-04_23-44-14-696x499.webp 696w, https:\/\/cdn.media-acidadeon.com.br\/ribeiraopreto\/wp-content\/uploads\/sites\/3\/2026\/03\/close-up-father-holding-baby-back-view_2026-03-04_23-44-14-1068x766.webp 1068w, https:\/\/cdn.media-acidadeon.com.br\/ribeiraopreto\/wp-content\/uploads\/sites\/3\/2026\/03\/close-up-father-holding-baby-back-view_2026-03-04_23-44-14.webp 1200w\" sizes=\"(max-width: 1024px) 100vw, 1024px\"\/><\/figure>\n<\/div>\n<h3 class=\"wp-block-heading\"><strong>Amplia\u00e7\u00e3o ser\u00e1 aplicada em etapas<\/strong><\/h3>\n<p>A nova legisla\u00e7\u00e3o prev\u00ea aumento progressivo do prazo de afastamento. Nos dois primeiros anos de vig\u00eancia, pais ter\u00e3o direito a dez dias de licen\u00e7a. No terceiro ano, o per\u00edodo passar\u00e1 para quinze dias. A partir do quarto ano, o prazo m\u00e1ximo chegar\u00e1 a vinte dias.<\/p>\n<p>Durante a tramita\u00e7\u00e3o, parlamentares discutiram a possibilidade de ampliar o benef\u00edcio para at\u00e9 60 dias. A proposta inicial, no entanto, enfrentou questionamentos relacionados ao impacto nas contas p\u00fablicas. O modelo aprovado prev\u00ea custo estimado de aproximadamente R$ 5,4 bilh\u00f5es at\u00e9 2030.<\/p>\n<div class=\"wp-block-image\">\n<figure class=\"aligncenter size-large is-resized\"><img data-recalc-dims=\"1\" loading=\"lazy\" decoding=\"async\" width=\"1024\" height=\"683\" src=\"https:\/\/i0.wp.com\/cdn.media-acidadeon.com.br\/ribeiraopreto\/wp-content\/uploads\/sites\/3\/2025\/07\/licenca-paternidade_2025-07-26_20-38-04-1024x683.webp?resize=1024%2C683&#038;ssl=1\" alt=\"projeto\" class=\"wp-image-123919\" style=\"width:892px;height:auto\" title=\"Projeto amplia licen\u00e7a-paternidade para at\u00e9 20 dias; entenda 2\" srcset=\"https:\/\/cdn.media-acidadeon.com.br\/ribeiraopreto\/wp-content\/uploads\/sites\/3\/2025\/07\/licenca-paternidade_2025-07-26_20-38-04-1024x683.webp 1024w, https:\/\/cdn.media-acidadeon.com.br\/ribeiraopreto\/wp-content\/uploads\/sites\/3\/2025\/07\/licenca-paternidade_2025-07-26_20-38-04-300x200.webp 300w, https:\/\/cdn.media-acidadeon.com.br\/ribeiraopreto\/wp-content\/uploads\/sites\/3\/2025\/07\/licenca-paternidade_2025-07-26_20-38-04-768x512.webp 768w, https:\/\/cdn.media-acidadeon.com.br\/ribeiraopreto\/wp-content\/uploads\/sites\/3\/2025\/07\/licenca-paternidade_2025-07-26_20-38-04-696x464.webp 696w, https:\/\/cdn.media-acidadeon.com.br\/ribeiraopreto\/wp-content\/uploads\/sites\/3\/2025\/07\/licenca-paternidade_2025-07-26_20-38-04-1068x712.webp 1068w, https:\/\/cdn.media-acidadeon.com.br\/ribeiraopreto\/wp-content\/uploads\/sites\/3\/2025\/07\/licenca-paternidade_2025-07-26_20-38-04.webp 1200w\" sizes=\"auto, (max-width: 1024px) 100vw, 1024px\"\/><figcaption class=\"wp-element-caption\"> (Foto: reprodu\u00e7\u00e3o\/Freepik)<\/figcaption><\/figure>\n<\/div>\n<h3 class=\"wp-block-heading\"><strong>Benef\u00edcio <\/strong><\/h3>\n<p>O <strong>projeto tamb\u00e9m cria o sal\u00e1rio-paternidade<\/strong>, benef\u00edcio previdenci\u00e1rio que assegura remunera\u00e7\u00e3o integral durante o afastamento. A empresa continuar\u00e1 a <strong>pagar o sal\u00e1rio do funcion\u00e1rio e solicitar\u00e1 compensa\u00e7\u00e3o ao Instituto Nacional do Seguro Social (INSS)<\/strong>, modelo semelhante ao aplicado ao sal\u00e1rio-maternidade.<\/p>\n<p>A proposta prev\u00ea estabilidade provis\u00f3ria no emprego ap\u00f3s o t\u00e9rmino da licen\u00e7a e pro\u00edbe pr\u00e1ticas discriminat\u00f3rias contra trabalhadores que utilizarem o benef\u00edcio. O texto garante a manuten\u00e7\u00e3o do v\u00ednculo empregat\u00edcio e o pagamento integral da remunera\u00e7\u00e3o.<\/p>\n<p>Em caso de falecimento da m\u00e3e, o<strong> pai poder\u00e1 solicitar licen\u00e7a de at\u00e9 120 dias<\/strong>, prazo equivalente ao da licen\u00e7a-maternidade. A medida busca assegurar prote\u00e7\u00e3o \u00e0 crian\u00e7a nos primeiros meses de vida.<\/p>\n<hr class=\"wp-block-separator has-alpha-channel-opacity\"\/>\n<p>SAIBA MAIS<\/p>\n<p>Centro de Ribeir\u00e3o Preto ter\u00e1 nova interdi\u00e7\u00e3o nesta quinta-feira; veja onde<\/p>\n<h3 class=\"wp-block-heading\"><strong>FIQUE ON<\/strong><\/h3>\n<p>Fique ligado em tudo que acontece em Ribeir\u00e3o Preto e regi\u00e3o. Siga os perfis do<strong>\u00a0acidade on<\/strong>\u00a0no\u00a0<a href=\"https:\/\/www.instagram.com\/acidadeonribeirao\" target=\"_blank\" rel=\"noreferrer noopener\">Instagram<\/a>\u00a0e no\u00a0<a href=\"https:\/\/www.facebook.com\/acidadeonribeirao\/\" target=\"_blank\" rel=\"noreferrer noopener\">Facebook<\/a>.<\/p>\n<p>Receba not\u00edcias do<strong>\u00a0acidade on<\/strong>\u00a0no WhatsApp. Para entrar no grupo,\u00a0basta\u00a0<a href=\"https:\/\/chat.whatsapp.com\/GFH9HUMUTHNFJdnyEd0xxq\" target=\"_blank\" rel=\"noreferrer noopener\">clicar aqui<\/a>. Ou, acesse o nosso\u00a0Canal\u00a0<a href=\"https:\/\/whatsapp.com\/channel\/0029Vb6IQl1JENyAeS57fk2p\" target=\"_blank\" rel=\"noreferrer noopener\">clicando aqui<\/a>.<\/p>\n<p>Fa\u00e7a uma den\u00fancia ou sugira uma reportagem sobre Ribeir\u00e3o Preto e regi\u00e3o pelo WhatsApp: 16 99117 7802.<\/p>\n<p>VEJA TAMB\u00c9M<\/p>\n<p>Decora\u00e7\u00e3o pet friendly: 5 cuidados para garantir a seguran\u00e7a do seu animal<\/p>\n<p><!-- AI CONTENT END 1 -->\n<\/div>\n<p><script async src=\"\/\/www.instagram.com\/embed.js\"><\/script><br \/>\n<br \/><br \/>\n<br \/><a href=\"https:\/\/www.acidadeon.com\/ribeiraopreto\/politica\/projeto-amplia-licenca-paternidade-para-ate-20-dias-entenda\/\">Source link <\/a><\/p>\n<!-- CONTENT END 1 -->\n","protected":false},"excerpt":{"rendered":"<p>O Congresso Nacional concluiu a aprova\u00e7\u00e3o do projeto de lei que regulamenta a licen\u00e7a-paternidade no Brasil e amplia de forma gradual o per\u00edodo de afastamento&#8230;<\/p>\n","protected":false},"author":1,"featured_media":82980,"comment_status":"open","ping_status":"open","sticky":false,"template":"","format":"standard","meta":{"advanced_seo_description":"","jetpack_seo_html_title":"","jetpack_seo_noindex":false,"jetpack_post_was_ever_published":false,"_jetpack_newsletter_access":"","_jetpack_dont_email_post_to_subs":false,"_jetpack_newsletter_tier_id":0,"_jetpack_memberships_contains_paywalled_content":false,"_jetpack_memberships_contains_paid_content":false,"footnotes":"","jetpack_publicize_message":"","jetpack_publicize_feature_enabled":true,"jetpack_social_post_already_shared":true,"jetpack_social_options":{"image_generator_settings":{"template":"highway","default_image_id":0,"font":"","enabled":false},"version":2}},"categories":[11],"tags":[],"class_list":["post-82979","post","type-post","status-publish","format-standard","has-post-thumbnail","hentry","category-noticias-de-ribeirao-preto-sp-e-regiao-ismael-colosi"],"jetpack_publicize_connections":[],"jetpack_featured_media_url":"https:\/\/i0.wp.com\/noticiasribeiraopreto.com.br\/wp-content\/uploads\/2026\/03\/close-up-father-kissing-sleepy-baby_2026-03-04_23-43-04.webp.webp?fit=1200%2C801&ssl=1","jetpack-related-posts":[{"id":74667,"url":"https:\/\/noticiasribeiraopreto.com.br\/index.php\/2025\/07\/26\/licenca-paternidade-pode-aumentar-entenda-propostas-em-discussao\/","url_meta":{"origin":82979,"position":0},"title":"Licen\u00e7a-paternidade pode aumentar; Entenda propostas em discuss\u00e3o","author":"noticiasribeiraopreto.com.br","date":"26 de July de 2025","format":false,"excerpt":"Os projetos que regulamentam e aumentam o tempo da licen\u00e7a-paternidade devem ser discutidos pelo Congresso Nacional na volta do recesso parlamentar, a partir de 4 de agosto. Isso porque, terminou o prazo dado pelo STF (Supremo Tribunal Federal) para o parlamento se debru\u00e7ar sobre o tema. Em dezembro de 2023,\u2026","rel":"","context":"In &quot;Not\u00edcias de Ribeir\u00e3o Preto-SP e Regi\u00e3o&quot;","block_context":{"text":"Not\u00edcias de Ribeir\u00e3o Preto-SP e Regi\u00e3o","link":"https:\/\/noticiasribeiraopreto.com.br\/index.php\/category\/noticias-de-ribeirao-preto-sp-e-regiao-ismael-colosi\/"},"img":{"alt_text":"","src":"https:\/\/i0.wp.com\/noticiasribeiraopreto.com.br\/wp-content\/uploads\/2025\/07\/licenca-paternidade_2025-07-26_20-38-04.webp.webp?fit=1200%2C800&ssl=1&resize=350%2C200","width":350,"height":200,"srcset":"https:\/\/i0.wp.com\/noticiasribeiraopreto.com.br\/wp-content\/uploads\/2025\/07\/licenca-paternidade_2025-07-26_20-38-04.webp.webp?fit=1200%2C800&ssl=1&resize=350%2C200 1x, https:\/\/i0.wp.com\/noticiasribeiraopreto.com.br\/wp-content\/uploads\/2025\/07\/licenca-paternidade_2025-07-26_20-38-04.webp.webp?fit=1200%2C800&ssl=1&resize=525%2C300 1.5x, https:\/\/i0.wp.com\/noticiasribeiraopreto.com.br\/wp-content\/uploads\/2025\/07\/licenca-paternidade_2025-07-26_20-38-04.webp.webp?fit=1200%2C800&ssl=1&resize=700%2C400 2x, https:\/\/i0.wp.com\/noticiasribeiraopreto.com.br\/wp-content\/uploads\/2025\/07\/licenca-paternidade_2025-07-26_20-38-04.webp.webp?fit=1200%2C800&ssl=1&resize=1050%2C600 3x"},"classes":[]},{"id":42190,"url":"https:\/\/noticiasribeiraopreto.com.br\/index.php\/2024\/03\/13\/tudo-o-que-voce-precisa-saber\/","url_meta":{"origin":82979,"position":1},"title":"tudo o que voc\u00ea precisa saber!","author":"noticiasribeiraopreto.com.br","date":"13 de March de 2024","format":false,"excerpt":"A chegada de uma nova crian\u00e7a na fam\u00edlia \u00e9 carregada de emo\u00e7\u00e3o e mudan\u00e7as na rotina de todos. No entanto, a licen\u00e7a paternidade ainda levanta muitas d\u00favidas a respeito do seu funcionamento. No caso das mulheres, h\u00e1 a\u00a0licen\u00e7a maternidade\u00a0que d\u00e1 direito a 120 dias de afastamento remunerado do trabalho. Para\u2026","rel":"","context":"In &quot;Blog&quot;","block_context":{"text":"Blog","link":"https:\/\/noticiasribeiraopreto.com.br\/index.php\/category\/blog\/"},"img":{"alt_text":"","src":"https:\/\/i0.wp.com\/noticiasribeiraopreto.com.br\/wp-content\/uploads\/2024\/03\/licenca-paternidade.jpg?fit=1200%2C675&ssl=1&resize=350%2C200","width":350,"height":200,"srcset":"https:\/\/i0.wp.com\/noticiasribeiraopreto.com.br\/wp-content\/uploads\/2024\/03\/licenca-paternidade.jpg?fit=1200%2C675&ssl=1&resize=350%2C200 1x, https:\/\/i0.wp.com\/noticiasribeiraopreto.com.br\/wp-content\/uploads\/2024\/03\/licenca-paternidade.jpg?fit=1200%2C675&ssl=1&resize=525%2C300 1.5x, https:\/\/i0.wp.com\/noticiasribeiraopreto.com.br\/wp-content\/uploads\/2024\/03\/licenca-paternidade.jpg?fit=1200%2C675&ssl=1&resize=700%2C400 2x, https:\/\/i0.wp.com\/noticiasribeiraopreto.com.br\/wp-content\/uploads\/2024\/03\/licenca-paternidade.jpg?fit=1200%2C675&ssl=1&resize=1050%2C600 3x"},"classes":[]},{"id":79610,"url":"https:\/\/noticiasribeiraopreto.com.br\/index.php\/2025\/11\/04\/camara-aprova-aumento-gradual-da-licenca-paternidade-para-20-dias\/","url_meta":{"origin":82979,"position":2},"title":"C\u00e2mara aprova aumento gradual da licen\u00e7a-paternidade para 20 dias","author":"noticiasribeiraopreto.com.br","date":"4 de November de 2025","format":false,"excerpt":"A C\u00e2mara dos Deputados aprovou nesta ter\u00e7a-feira (4) o projeto que amplia de forma gradual a licen\u00e7a-paternidade no Brasil, passando dos atuais cinco dias para 20 dias em um per\u00edodo de tr\u00eas anos. O texto aprovado prev\u00ea que a nova regra entre em vigor em 1\u00ba de janeiro de 2027,\u2026","rel":"","context":"In &quot;Not\u00edcias de Ribeir\u00e3o Preto-SP e Regi\u00e3o&quot;","block_context":{"text":"Not\u00edcias de Ribeir\u00e3o Preto-SP e Regi\u00e3o","link":"https:\/\/noticiasribeiraopreto.com.br\/index.php\/category\/noticias-de-ribeirao-preto-sp-e-regiao-ismael-colosi\/"},"img":{"alt_text":"","src":"https:\/\/i0.wp.com\/noticiasribeiraopreto.com.br\/wp-content\/uploads\/2025\/11\/palace-14_2025-11-04_22-40-03.webp.webp?fit=1200%2C675&ssl=1&resize=350%2C200","width":350,"height":200,"srcset":"https:\/\/i0.wp.com\/noticiasribeiraopreto.com.br\/wp-content\/uploads\/2025\/11\/palace-14_2025-11-04_22-40-03.webp.webp?fit=1200%2C675&ssl=1&resize=350%2C200 1x, https:\/\/i0.wp.com\/noticiasribeiraopreto.com.br\/wp-content\/uploads\/2025\/11\/palace-14_2025-11-04_22-40-03.webp.webp?fit=1200%2C675&ssl=1&resize=525%2C300 1.5x, https:\/\/i0.wp.com\/noticiasribeiraopreto.com.br\/wp-content\/uploads\/2025\/11\/palace-14_2025-11-04_22-40-03.webp.webp?fit=1200%2C675&ssl=1&resize=700%2C400 2x, https:\/\/i0.wp.com\/noticiasribeiraopreto.com.br\/wp-content\/uploads\/2025\/11\/palace-14_2025-11-04_22-40-03.webp.webp?fit=1200%2C675&ssl=1&resize=1050%2C600 3x"},"classes":[]},{"id":16942,"url":"https:\/\/noticiasribeiraopreto.com.br\/index.php\/2023\/12\/16\/novidades-sobre-licenca-paternidade-choca-brasileiros\/","url_meta":{"origin":82979,"position":3},"title":"NOVIDADES sobre LICEN\u00c7A PATERNIDADE CHOCA brasileiros","author":"noticiasribeiraopreto.com.br","date":"16 de December de 2023","format":false,"excerpt":"O STF (Supremo Tribunal Federal) nos \u00faltimos desdobramentos acerca da licen\u00e7a paternidade aqui no Brasil, teve uma vota\u00e7\u00e3o un\u00e2nime. Assim, na \u00faltima quinta-feira (14), ficou decidido que \u00e9 de incumb\u00eancia do Congresso Nacional a cria\u00e7\u00e3o da lei espec\u00edfica que regulamentar\u00e1 o benef\u00edcio no pa\u00eds. A resolu\u00e7\u00e3o assume uma import\u00e2ncia especial\u2026","rel":"","context":"In &quot;Vagas de Emprego em Ribeir\u00e3o Preto-SP&quot;","block_context":{"text":"Vagas de Emprego em Ribeir\u00e3o Preto-SP","link":"https:\/\/noticiasribeiraopreto.com.br\/index.php\/category\/empregos-classificados-vagas-trabalho\/vagas-de-empregos-em-ribeirao-preto-regiao-brasil\/"},"img":{"alt_text":"","src":"https:\/\/i0.wp.com\/noticiasribeiraopreto.com.br\/wp-content\/uploads\/2023\/12\/noticiasconcursos.com_.br-shine-4.jpg?fit=1200%2C800&ssl=1&resize=350%2C200","width":350,"height":200,"srcset":"https:\/\/i0.wp.com\/noticiasribeiraopreto.com.br\/wp-content\/uploads\/2023\/12\/noticiasconcursos.com_.br-shine-4.jpg?fit=1200%2C800&ssl=1&resize=350%2C200 1x, https:\/\/i0.wp.com\/noticiasribeiraopreto.com.br\/wp-content\/uploads\/2023\/12\/noticiasconcursos.com_.br-shine-4.jpg?fit=1200%2C800&ssl=1&resize=525%2C300 1.5x, https:\/\/i0.wp.com\/noticiasribeiraopreto.com.br\/wp-content\/uploads\/2023\/12\/noticiasconcursos.com_.br-shine-4.jpg?fit=1200%2C800&ssl=1&resize=700%2C400 2x, https:\/\/i0.wp.com\/noticiasribeiraopreto.com.br\/wp-content\/uploads\/2023\/12\/noticiasconcursos.com_.br-shine-4.jpg?fit=1200%2C800&ssl=1&resize=1050%2C600 3x"},"classes":[]},{"id":16329,"url":"https:\/\/noticiasribeiraopreto.com.br\/index.php\/2023\/12\/15\/stf-determina-regulamentacao-da-licenca-paternidade\/","url_meta":{"origin":82979,"position":4},"title":"STF determina regulamenta\u00e7\u00e3o da licen\u00e7a-paternidade","author":"noticiasribeiraopreto.com.br","date":"15 de December de 2023","format":false,"excerpt":"Estudos mostram que a licen\u00e7a-paternidade estendida traz benef\u00edcios sociais e profissionais (tanto para os pais quanto para as m\u00e3es) O STF (Supremo Tribunal Federal) decidiu na quinta-feira (14) determinar ao Congresso Nacional a aprova\u00e7\u00e3o de uma lei para garantir a regulamenta\u00e7\u00e3o da licen\u00e7a-paternidade no pa\u00eds. Siga a Forbes no WhatsApp\u2026","rel":"","context":"In &quot;Blog&quot;","block_context":{"text":"Blog","link":"https:\/\/noticiasribeiraopreto.com.br\/index.php\/category\/blog\/"},"img":{"alt_text":"","src":"https:\/\/i0.wp.com\/noticiasribeiraopreto.com.br\/wp-content\/uploads\/2023\/12\/carreira-licenca-paternidade-1024x683.png?fit=1024%2C683&ssl=1&resize=350%2C200","width":350,"height":200,"srcset":"https:\/\/i0.wp.com\/noticiasribeiraopreto.com.br\/wp-content\/uploads\/2023\/12\/carreira-licenca-paternidade-1024x683.png?fit=1024%2C683&ssl=1&resize=350%2C200 1x, https:\/\/i0.wp.com\/noticiasribeiraopreto.com.br\/wp-content\/uploads\/2023\/12\/carreira-licenca-paternidade-1024x683.png?fit=1024%2C683&ssl=1&resize=525%2C300 1.5x, https:\/\/i0.wp.com\/noticiasribeiraopreto.com.br\/wp-content\/uploads\/2023\/12\/carreira-licenca-paternidade-1024x683.png?fit=1024%2C683&ssl=1&resize=700%2C400 2x"},"classes":[]},{"id":15639,"url":"https:\/\/noticiasribeiraopreto.com.br\/index.php\/2023\/12\/14\/licenca-paternidade-pode-se-igualar-a-licenca-maternidade-e-ser-de-120-dias-2\/","url_meta":{"origin":82979,"position":5},"title":"Licen\u00e7a-paternidade pode se igualar \u00e0 licen\u00e7a-maternidade e ser de 120 dias","author":"noticiasribeiraopreto.com.br","date":"14 de December de 2023","format":false,"excerpt":"O Supremo Tribunal Federal (STF) deliberou nesta quarta-feira (13) sobre a necessidade de equiparar a licen\u00e7a-paternidade \u00e0 licen\u00e7a-maternidade, estabelecendo um per\u00edodo de 120 dias. A decis\u00e3o, baseada nos votos dos ministros Lu\u00eds Roberto Barroso e Edson Fachin, determina que o Congresso Nacional tem 18 meses para aprovar uma legisla\u00e7\u00e3o que\u2026","rel":"","context":"In &quot;Vagas de Emprego em Ribeir\u00e3o Preto-SP&quot;","block_context":{"text":"Vagas de Emprego em Ribeir\u00e3o Preto-SP","link":"https:\/\/noticiasribeiraopreto.com.br\/index.php\/category\/empregos-classificados-vagas-trabalho\/vagas-de-empregos-em-ribeirao-preto-regiao-brasil\/"},"img":{"alt_text":"","src":"https:\/\/i0.wp.com\/noticiasribeiraopreto.com.br\/wp-content\/uploads\/2023\/12\/licenca-paternidade-pais-adotivos.jpg?fit=1200%2C675&ssl=1&resize=350%2C200","width":350,"height":200,"srcset":"https:\/\/i0.wp.com\/noticiasribeiraopreto.com.br\/wp-content\/uploads\/2023\/12\/licenca-paternidade-pais-adotivos.jpg?fit=1200%2C675&ssl=1&resize=350%2C200 1x, https:\/\/i0.wp.com\/noticiasribeiraopreto.com.br\/wp-content\/uploads\/2023\/12\/licenca-paternidade-pais-adotivos.jpg?fit=1200%2C675&ssl=1&resize=525%2C300 1.5x, https:\/\/i0.wp.com\/noticiasribeiraopreto.com.br\/wp-content\/uploads\/2023\/12\/licenca-paternidade-pais-adotivos.jpg?fit=1200%2C675&ssl=1&resize=700%2C400 2x, https:\/\/i0.wp.com\/noticiasribeiraopreto.com.br\/wp-content\/uploads\/2023\/12\/licenca-paternidade-pais-adotivos.jpg?fit=1200%2C675&ssl=1&resize=1050%2C600 3x"},"classes":[]}],"jetpack_sharing_enabled":true,"jetpack_shortlink":"https:\/\/wp.me\/peQAOb-lAn","_links":{"self":[{"href":"https:\/\/noticiasribeiraopreto.com.br\/index.php\/wp-json\/wp\/v2\/posts\/82979","targetHints":{"allow":["GET"]}}],"collection":[{"href":"https:\/\/noticiasribeiraopreto.com.br\/index.php\/wp-json\/wp\/v2\/posts"}],"about":[{"href":"https:\/\/noticiasribeiraopreto.com.br\/index.php\/wp-json\/wp\/v2\/types\/post"}],"author":[{"embeddable":true,"href":"https:\/\/noticiasribeiraopreto.com.br\/index.php\/wp-json\/wp\/v2\/users\/1"}],"replies":[{"embeddable":true,"href":"https:\/\/noticiasribeiraopreto.com.br\/index.php\/wp-json\/wp\/v2\/comments?post=82979"}],"version-history":[{"count":0,"href":"https:\/\/noticiasribeiraopreto.com.br\/index.php\/wp-json\/wp\/v2\/posts\/82979\/revisions"}],"wp:featuredmedia":[{"embeddable":true,"href":"https:\/\/noticiasribeiraopreto.com.br\/index.php\/wp-json\/wp\/v2\/media\/82980"}],"wp:attachment":[{"href":"https:\/\/noticiasribeiraopreto.com.br\/index.php\/wp-json\/wp\/v2\/media?parent=82979"}],"wp:term":[{"taxonomy":"category","embeddable":true,"href":"https:\/\/noticiasribeiraopreto.com.br\/index.php\/wp-json\/wp\/v2\/categories?post=82979"},{"taxonomy":"post_tag","embeddable":true,"href":"https:\/\/noticiasribeiraopreto.com.br\/index.php\/wp-json\/wp\/v2\/tags?post=82979"}],"curies":[{"name":"wp","href":"https:\/\/api.w.org\/{rel}","templated":true}]}}