{"id":82981,"date":"2026-03-05T10:43:27","date_gmt":"2026-03-05T13:43:27","guid":{"rendered":"https:\/\/noticiasribeiraopreto.com.br\/index.php\/2026\/03\/05\/ribeirao-recebe-pacoquita-power-run-com-percursos-de-3-5-e-10-km-veja-quando\/"},"modified":"2026-03-05T10:43:27","modified_gmt":"2026-03-05T13:43:27","slug":"ribeirao-recebe-pacoquita-power-run-com-percursos-de-3-5-e-10-km-veja-quando","status":"publish","type":"post","link":"https:\/\/noticiasribeiraopreto.com.br\/index.php\/2026\/03\/05\/ribeirao-recebe-pacoquita-power-run-com-percursos-de-3-5-e-10-km-veja-quando\/","title":{"rendered":"Ribeir\u00e3o recebe &#8216;Pa\u00e7oquita Power Run&#8217; com percursos de 3, 5 e 10 km; Veja quando"},"content":{"rendered":"<div class='code-block code-block-1' style='margin: 8px 0 8px auto; text-align: right; display: block; clear: both;'>\n<p><a href=\"https:\/\/wa.link\/vpicfd\"><img data-recalc-dims=\"1\" class=\"wp-image-4922\" style=\"aspect-ratio: 2.0253164556962027; width: 561px; height: auto;\" src=\"https:\/\/i0.wp.com\/ismaelcolosi.com.br\/wp-content\/uploads\/2023\/11\/grupo-de-empregos-whatsapp-e-facebook-ismael-colosi-vagas.jpg?ssl=1\" alt=\"\" \/><\/a><\/p>\n<!-- \/wp:image -->\n<\/div>\n<p> <br \/>\n<\/p>\n<div>\n<p><strong>Ribeir\u00e3o Preto <\/strong>recebe no dia 19 de abril, a \u201c<strong>Pa\u00e7oquita Power Run<\/strong>\u201d, corrida promovida pela Santa Helena Alimentos. O evento ser\u00e1 realizado na avenida Maur\u00edlio Biagi e pretende reunir atletas e amantes da atividade f\u00edsica em percursos de caminhada e corrida.<\/p>\n<p>Os interessados devem se inscrever de <strong>forma online (<a href=\"https:\/\/www.ticketsports.com.br\/e\/PA%25C3%2587OQUITA%2520POWER%2520RUN-85972?utm_source=ig&amp;utm_medium=social&amp;utm_content=link_in_bio&amp;fbclid=PAZXh0bgNhZW0CMTEAc3J0YwZhcHBfaWQMMjU2MjgxMDQwNTU4AAGnoT7Xi1WmKk1-rUR6701s1kkws4sfWWp4WjR_XaqiRthEGXwfZOzbVDvgozo_aem_tigIGTPMZgNvVMAPparJZA\" target=\"_blank\" data-type=\"link\" data-id=\"https:\/\/www.ticketsports.com.br\/e\/PA%25C3%2587OQUITA%2520POWER%2520RUN-85972?utm_source=ig&amp;utm_medium=social&amp;utm_content=link_in_bio&amp;fbclid=PAZXh0bgNhZW0CMTEAc3J0YwZhcHBfaWQMMjU2MjgxMDQwNTU4AAGnoT7Xi1WmKk1-rUR6701s1kkws4sfWWp4WjR_XaqiRthEGXwfZOzbVDvgozo_aem_tigIGTPMZgNvVMAPparJZA\" rel=\"noreferrer noopener\">clique aqui<\/a>)<\/strong>, e o valor do primeiro lote \u00e9 de <strong>R$ 120<\/strong>. Pessoas com 60 anos ou mais t\u00eam direito a 50% de desconto sobre esse valor, assim como atletas PCD, mediante envio da documenta\u00e7\u00e3o exigida por e-mail.<\/p>\n<h2 class=\"wp-block-heading\"><strong>Categorias<\/strong><\/h2>\n<p>A prova contar\u00e1 com <strong>tr\u00eas op\u00e7\u00f5es de trajeto<\/strong>, sendo <strong>caminhada de 3 quil\u00f4metros<\/strong> e <strong>corridas de 5 e 10 quil\u00f4metros<\/strong>. Confira:<\/p>\n<ul class=\"wp-block-list\">\n<li>Individual Masculino (5 km e 10 km)<\/li>\n<li>Individual Feminino (5 km e 10 km)<\/li>\n<li>PCD Masculino (5 km e 10 km)<\/li>\n<li>PCD Feminino (5 km e 10 km)<\/li>\n<li>Caminhada 3 km (com n\u00famero de peito e sem chip)<\/li>\n<\/ul>\n<p><mark style=\"background-color:#fcb900\" class=\"has-inline-color\">O percurso oficial ser\u00e1 divulgado em breve no site oficial do evento<\/mark>. De acordo com a organiza\u00e7\u00e3o, haver\u00e1 postos de hidrata\u00e7\u00e3o ao longo do trajeto, conforme as normas da Confedera\u00e7\u00e3o Brasileira de Atletismo.<\/p>\n<h2 class=\"wp-block-heading\"><strong>Premia\u00e7\u00e3o<\/strong><\/h2>\n<p>Na premia\u00e7\u00e3o, receber\u00e3o trof\u00e9us os <strong>cinco primeiros colocados das categorias masculino e feminino<\/strong> nas dist\u00e2ncias de 5 km e 10 km. <mark style=\"background-color:#fcb900\" class=\"has-inline-color\">Todos que conclu\u00edrem a prova legalmente ganhar\u00e3o medalha de participa\u00e7\u00e3o. <strong>N\u00e3o haver\u00e1 premia\u00e7\u00e3o em dinheiro<\/strong>.<\/mark><\/p>\n<p>Tamb\u00e9m ser\u00e1 divulgado ranking por faixa et\u00e1ria \u2014 at\u00e9 24 anos, 25 a 34, 35 a 44, 45 a 54, 55 a 64 e 65 anos ou mais \u2014 sem premia\u00e7\u00e3o espec\u00edfica. Haver\u00e1 ainda premia\u00e7\u00f5es especiais para colaboradores da empresa.<\/p>\n<h3 class=\"wp-block-heading\"><strong>Servi\u00e7o<\/strong><\/h3>\n<p><em>Pa\u00e7oquita Power Run<\/em><\/p>\n<p>Quando: dia 19 de abril de 2026 (domingo)<\/p>\n<p>Hor\u00e1rio: a definir<\/p>\n<p>Local: avenida Maurilio Biagi \u2013 Ribeir\u00e3o Preto<\/p>\n<p>Inscri\u00e7\u00e3o: <a href=\"https:\/\/www.ticketsports.com.br\/e\/PA%25C3%2587OQUITA%2520POWER%2520RUN-85972?utm_source=ig&amp;utm_medium=social&amp;utm_content=link_in_bio&amp;fbclid=PAZXh0bgNhZW0CMTEAc3J0YwZhcHBfaWQMMjU2MjgxMDQwNTU4AAGnoT7Xi1WmKk1-rUR6701s1kkws4sfWWp4WjR_XaqiRthEGXwfZOzbVDvgozo_aem_tigIGTPMZgNvVMAPparJZA\" target=\"_blank\" data-type=\"link\" data-id=\"https:\/\/www.ticketsports.com.br\/e\/PA%25C3%2587OQUITA%2520POWER%2520RUN-85972?utm_source=ig&amp;utm_medium=social&amp;utm_content=link_in_bio&amp;fbclid=PAZXh0bgNhZW0CMTEAc3J0YwZhcHBfaWQMMjU2MjgxMDQwNTU4AAGnoT7Xi1WmKk1-rUR6701s1kkws4sfWWp4WjR_XaqiRthEGXwfZOzbVDvgozo_aem_tigIGTPMZgNvVMAPparJZA\" rel=\"noreferrer noopener\">clique aqui<\/a><\/p>\n<hr class=\"wp-block-separator has-alpha-channel-opacity\"\/>\n<p>SAIBA MAIS<\/p>\n<p>Centro de Ribeir\u00e3o Preto ter\u00e1 nova interdi\u00e7\u00e3o nesta quinta-feira; veja onde<\/p>\n<h3 class=\"wp-block-heading\"><strong>FIQUE ON<\/strong><\/h3>\n<p>Fique ligado em tudo que acontece em Ribeir\u00e3o Preto e regi\u00e3o. Siga os perfis do<strong>\u00a0acidade on<\/strong>\u00a0no\u00a0<a href=\"https:\/\/www.instagram.com\/acidadeonribeirao\" target=\"_blank\" rel=\"noreferrer noopener\">Instagram<\/a>\u00a0e no\u00a0<a href=\"https:\/\/www.facebook.com\/acidadeonribeirao\/\" target=\"_blank\" rel=\"noreferrer noopener\">Facebook<\/a>.<\/p>\n<p>Receba not\u00edcias do<strong>\u00a0acidade on<\/strong>\u00a0no WhatsApp. Para entrar no grupo,\u00a0basta\u00a0<a href=\"https:\/\/chat.whatsapp.com\/GFH9HUMUTHNFJdnyEd0xxq\" target=\"_blank\" rel=\"noreferrer noopener\">clicar aqui<\/a>. Ou, acesse o nosso\u00a0Canal\u00a0<a href=\"https:\/\/whatsapp.com\/channel\/0029Vb6IQl1JENyAeS57fk2p\" target=\"_blank\" rel=\"noreferrer noopener\">clicando aqui<\/a>.<\/p>\n<p>Fa\u00e7a uma den\u00fancia ou sugira uma reportagem sobre Ribeir\u00e3o Preto e regi\u00e3o pelo WhatsApp: 16 99117 7802.<\/p>\n<p>VEJA TAMB\u00c9M<\/p>\n<p>Decora\u00e7\u00e3o pet friendly: 5 cuidados para garantir a seguran\u00e7a do seu animal<\/p>\n<p><!-- AI CONTENT END 1 -->\n<\/div>\n<p><script async src=\"\/\/www.instagram.com\/embed.js\"><\/script><br \/>\n<br \/><br \/>\n<br \/><a href=\"https:\/\/www.acidadeon.com\/ribeiraopreto\/esportes\/ribeirao-recebe-pacoquita-power-run-com-percursos-de-3-5-e-10-km-veja-quando\/\">Source link <\/a><\/p>\n<!-- CONTENT END 1 -->\n","protected":false},"excerpt":{"rendered":"<p>Ribeir\u00e3o Preto recebe no dia 19 de abril, a \u201cPa\u00e7oquita Power Run\u201d, corrida promovida pela Santa Helena Alimentos. O evento ser\u00e1 realizado na avenida Maur\u00edlio&#8230;<\/p>\n","protected":false},"author":1,"featured_media":82982,"comment_status":"open","ping_status":"open","sticky":false,"template":"","format":"standard","meta":{"advanced_seo_description":"","jetpack_seo_html_title":"","jetpack_seo_noindex":false,"jetpack_post_was_ever_published":false,"_jetpack_newsletter_access":"","_jetpack_dont_email_post_to_subs":false,"_jetpack_newsletter_tier_id":0,"_jetpack_memberships_contains_paywalled_content":false,"_jetpack_memberships_contains_paid_content":false,"footnotes":"","jetpack_publicize_message":"","jetpack_publicize_feature_enabled":true,"jetpack_social_post_already_shared":true,"jetpack_social_options":{"image_generator_settings":{"template":"highway","default_image_id":0,"font":"","enabled":false},"version":2}},"categories":[11],"tags":[],"class_list":["post-82981","post","type-post","status-publish","format-standard","has-post-thumbnail","hentry","category-noticias-de-ribeirao-preto-sp-e-regiao-ismael-colosi"],"jetpack_publicize_connections":[],"jetpack_featured_media_url":"https:\/\/i0.wp.com\/noticiasribeiraopreto.com.br\/wp-content\/uploads\/2026\/03\/53492084770_7ad6fb58c4_6k.webp.webp?fit=1170%2C700&ssl=1","jetpack-related-posts":[{"id":64391,"url":"https:\/\/noticiasribeiraopreto.com.br\/index.php\/2025\/03\/07\/tudo-sobre-a-corrida-de-rua-que-acontece-neste-final-de-semana-em-ribeirao-preto\/","url_meta":{"origin":82981,"position":0},"title":"Tudo sobre a corrida de rua que acontece neste final de semana em Ribeir\u00e3o Preto","author":"noticiasribeiraopreto.com.br","date":"7 de March de 2025","format":false,"excerpt":"Acontece neste domingo (9), a corrida de rua \u201cSantander Track&Field Run Series\u201d. Os percursos dispon\u00edveis s\u00e3o de 4 km e 8 km e a primeira largada est\u00e1 prevista para as 6h15, no estacionamento do shopping Iguatemi, na zona Sul de Ribeir\u00e3o Preto. As inscri\u00e7\u00f5es ainda est\u00e3o dispon\u00edveis e podem ser\u2026","rel":"","context":"In &quot;Not\u00edcias de Ribeir\u00e3o Preto-SP e Regi\u00e3o&quot;","block_context":{"text":"Not\u00edcias de Ribeir\u00e3o Preto-SP e Regi\u00e3o","link":"https:\/\/noticiasribeiraopreto.com.br\/index.php\/category\/noticias-de-ribeirao-preto-sp-e-regiao-ismael-colosi\/"},"img":{"alt_text":"","src":"https:\/\/i0.wp.com\/noticiasribeiraopreto.com.br\/wp-content\/uploads\/2025\/03\/full-shot-people-running-together_2025-03-07_17-51-05_jpg_2025-03-07_17-51-06-scaled.webp.webp?fit=1200%2C800&ssl=1&resize=350%2C200","width":350,"height":200,"srcset":"https:\/\/i0.wp.com\/noticiasribeiraopreto.com.br\/wp-content\/uploads\/2025\/03\/full-shot-people-running-together_2025-03-07_17-51-05_jpg_2025-03-07_17-51-06-scaled.webp.webp?fit=1200%2C800&ssl=1&resize=350%2C200 1x, https:\/\/i0.wp.com\/noticiasribeiraopreto.com.br\/wp-content\/uploads\/2025\/03\/full-shot-people-running-together_2025-03-07_17-51-05_jpg_2025-03-07_17-51-06-scaled.webp.webp?fit=1200%2C800&ssl=1&resize=525%2C300 1.5x, https:\/\/i0.wp.com\/noticiasribeiraopreto.com.br\/wp-content\/uploads\/2025\/03\/full-shot-people-running-together_2025-03-07_17-51-05_jpg_2025-03-07_17-51-06-scaled.webp.webp?fit=1200%2C800&ssl=1&resize=700%2C400 2x, https:\/\/i0.wp.com\/noticiasribeiraopreto.com.br\/wp-content\/uploads\/2025\/03\/full-shot-people-running-together_2025-03-07_17-51-05_jpg_2025-03-07_17-51-06-scaled.webp.webp?fit=1200%2C800&ssl=1&resize=1050%2C600 3x"},"classes":[]},{"id":6597,"url":"https:\/\/noticiasribeiraopreto.com.br\/index.php\/2023\/11\/26\/confira-os-vencedores-da-corrida-integracao-de-ribeirao-preto\/","url_meta":{"origin":82981,"position":1},"title":"Confira os vencedores da Corrida Integra\u00e7\u00e3o de Ribeir\u00e3o Preto","author":"noticiasribeiraopreto.com.br","date":"26 de November de 2023","format":false,"excerpt":"O brasileiro Samur In\u00e1cio, de 32 anos, e a queniana Viola Kosgei, de 24, foram os grandes vencedores da 7\u00aa edi\u00e7\u00e3o da Corrida Integra\u00e7\u00e3o, realizada neste domingo (26), em Ribeir\u00e3o Preto. Os dois lideraram a prova de 10 quil\u00f4metros de ponta a ponta. \u201cFoi uma satisfa\u00e7\u00e3o imensa. O que vinha\u2026","rel":"","context":"In &quot;Not\u00edcias de Ribeir\u00e3o Preto-SP e Regi\u00e3o&quot;","block_context":{"text":"Not\u00edcias de Ribeir\u00e3o Preto-SP e Regi\u00e3o","link":"https:\/\/noticiasribeiraopreto.com.br\/index.php\/category\/noticias-de-ribeirao-preto-sp-e-regiao-ismael-colosi\/"},"img":{"alt_text":"","src":"https:\/\/i0.wp.com\/noticiasribeiraopreto.com.br\/wp-content\/uploads\/2023\/11\/Samur-Inacio-e-Viola-Kosgei.jpg?fit=1000%2C626&ssl=1&resize=350%2C200","width":350,"height":200,"srcset":"https:\/\/i0.wp.com\/noticiasribeiraopreto.com.br\/wp-content\/uploads\/2023\/11\/Samur-Inacio-e-Viola-Kosgei.jpg?fit=1000%2C626&ssl=1&resize=350%2C200 1x, https:\/\/i0.wp.com\/noticiasribeiraopreto.com.br\/wp-content\/uploads\/2023\/11\/Samur-Inacio-e-Viola-Kosgei.jpg?fit=1000%2C626&ssl=1&resize=525%2C300 1.5x, https:\/\/i0.wp.com\/noticiasribeiraopreto.com.br\/wp-content\/uploads\/2023\/11\/Samur-Inacio-e-Viola-Kosgei.jpg?fit=1000%2C626&ssl=1&resize=700%2C400 2x"},"classes":[]},{"id":83515,"url":"https:\/\/noticiasribeiraopreto.com.br\/index.php\/2026\/03\/19\/evento-mistura-corrida-chope-e-samba-em-ribeirao-preto\/","url_meta":{"origin":82981,"position":2},"title":"Evento mistura corrida, chope e samba em Ribeir\u00e3o Preto","author":"noticiasribeiraopreto.com.br","date":"19 de March de 2026","format":false,"excerpt":"00:00 A+ A- Ribeir\u00e3o Preto recebe, neste domingo (22), uma etapa do circuito Run Beer Brasil, que combina corrida de rua, degusta\u00e7\u00e3o de cerveja artesanal e apresenta\u00e7\u00f5es musicais. O evento acontece a partir das 9h, no estacionamento do Novo Shopping. Foto: Divulga\u00e7\u00e3o Foto: Divulga\u00e7\u00e3o Como funciona a corrida? A prova\u2026","rel":"","context":"In &quot;Not\u00edcias de Ribeir\u00e3o Preto-SP e Regi\u00e3o&quot;","block_context":{"text":"Not\u00edcias de Ribeir\u00e3o Preto-SP e Regi\u00e3o","link":"https:\/\/noticiasribeiraopreto.com.br\/index.php\/category\/noticias-de-ribeirao-preto-sp-e-regiao-ismael-colosi\/"},"img":{"alt_text":"","src":"https:\/\/i0.wp.com\/noticiasribeiraopreto.com.br\/wp-content\/uploads\/2026\/03\/palace-81_2026-03-19_20-38-13.webp.webp?fit=1200%2C675&ssl=1&resize=350%2C200","width":350,"height":200,"srcset":"https:\/\/i0.wp.com\/noticiasribeiraopreto.com.br\/wp-content\/uploads\/2026\/03\/palace-81_2026-03-19_20-38-13.webp.webp?fit=1200%2C675&ssl=1&resize=350%2C200 1x, https:\/\/i0.wp.com\/noticiasribeiraopreto.com.br\/wp-content\/uploads\/2026\/03\/palace-81_2026-03-19_20-38-13.webp.webp?fit=1200%2C675&ssl=1&resize=525%2C300 1.5x, https:\/\/i0.wp.com\/noticiasribeiraopreto.com.br\/wp-content\/uploads\/2026\/03\/palace-81_2026-03-19_20-38-13.webp.webp?fit=1200%2C675&ssl=1&resize=700%2C400 2x, https:\/\/i0.wp.com\/noticiasribeiraopreto.com.br\/wp-content\/uploads\/2026\/03\/palace-81_2026-03-19_20-38-13.webp.webp?fit=1200%2C675&ssl=1&resize=1050%2C600 3x"},"classes":[]},{"id":84053,"url":"https:\/\/noticiasribeiraopreto.com.br\/index.php\/2026\/03\/31\/hc-ribeirao-preto-ganha-corrida-em-comemoracao-aos-70-anos\/","url_meta":{"origin":82981,"position":3},"title":"HC Ribeir\u00e3o Preto ganha corrida em comemora\u00e7\u00e3o aos 70 anos","author":"noticiasribeiraopreto.com.br","date":"31 de March de 2026","format":false,"excerpt":"Ler o resumo da not\u00edcia Inscri\u00e7\u00f5es abertas para Corrida HC 70 Anos em Ribeir\u00e3o Preto, marcada para 16 de agosto, \u00e0s 7h30. Modalidades: corrida de 6 km (m\u00edn. 14 anos) e corrida\/caminhada de 3 km (m\u00edn. 12 anos). Inscri\u00e7\u00f5es pela internet a partir de R$ 69,90; pessoas com defici\u00eancia participam\u2026","rel":"","context":"In &quot;Not\u00edcias de Ribeir\u00e3o Preto-SP e Regi\u00e3o&quot;","block_context":{"text":"Not\u00edcias de Ribeir\u00e3o Preto-SP e Regi\u00e3o","link":"https:\/\/noticiasribeiraopreto.com.br\/index.php\/category\/noticias-de-ribeirao-preto-sp-e-regiao-ismael-colosi\/"},"img":{"alt_text":"","src":"https:\/\/i0.wp.com\/noticiasribeiraopreto.com.br\/wp-content\/uploads\/2026\/03\/corrida_2026-03-31_19-22-08.webp.webp?fit=1200%2C801&ssl=1&resize=350%2C200","width":350,"height":200,"srcset":"https:\/\/i0.wp.com\/noticiasribeiraopreto.com.br\/wp-content\/uploads\/2026\/03\/corrida_2026-03-31_19-22-08.webp.webp?fit=1200%2C801&ssl=1&resize=350%2C200 1x, https:\/\/i0.wp.com\/noticiasribeiraopreto.com.br\/wp-content\/uploads\/2026\/03\/corrida_2026-03-31_19-22-08.webp.webp?fit=1200%2C801&ssl=1&resize=525%2C300 1.5x, https:\/\/i0.wp.com\/noticiasribeiraopreto.com.br\/wp-content\/uploads\/2026\/03\/corrida_2026-03-31_19-22-08.webp.webp?fit=1200%2C801&ssl=1&resize=700%2C400 2x, https:\/\/i0.wp.com\/noticiasribeiraopreto.com.br\/wp-content\/uploads\/2026\/03\/corrida_2026-03-31_19-22-08.webp.webp?fit=1200%2C801&ssl=1&resize=1050%2C600 3x"},"classes":[]},{"id":72262,"url":"https:\/\/noticiasribeiraopreto.com.br\/index.php\/2025\/06\/15\/jornal-da-franca-1a-etapa-do-circuito-de-corridas-franca-run-inscricoes-serao-nesta-terca-17\/","url_meta":{"origin":82981,"position":4},"title":"Jornal da Franca &#8211; 1\u00aa Etapa do Circuito de Corridas Franca Run: inscri\u00e7\u00f5es ser\u00e3o nesta ter\u00e7a (17)","author":"noticiasribeiraopreto.com.br","date":"15 de June de 2025","format":false,"excerpt":"compartilhar no whatsapp compartilhar no telegram compartilhar no facebook compartilhar no linkedin Todos os participantes que conclu\u00edrem a prova v\u00e3o receber medalhas de participa\u00e7\u00e3o, \u00e1gua e frutas na chegada. A Secretaria de Esporte e Cultura anunciou a realiza\u00e7\u00e3o da 1\u00aa Etapa do Circuito de Corridas Franca Run, em parceria com\u2026","rel":"","context":"In &quot;Not\u00edcias de Franca-SP&quot;","block_context":{"text":"Not\u00edcias de Franca-SP","link":"https:\/\/noticiasribeiraopreto.com.br\/index.php\/category\/noticias-de-ribeirao-preto-sp-e-regiao-ismael-colosi\/noticias-franca-sp\/"},"img":{"alt_text":"","src":"https:\/\/i0.wp.com\/noticiasribeiraopreto.com.br\/wp-content\/uploads\/2025\/06\/corrida.jpeg?fit=862%2C601&ssl=1&resize=350%2C200","width":350,"height":200,"srcset":"https:\/\/i0.wp.com\/noticiasribeiraopreto.com.br\/wp-content\/uploads\/2025\/06\/corrida.jpeg?fit=862%2C601&ssl=1&resize=350%2C200 1x, https:\/\/i0.wp.com\/noticiasribeiraopreto.com.br\/wp-content\/uploads\/2025\/06\/corrida.jpeg?fit=862%2C601&ssl=1&resize=525%2C300 1.5x, https:\/\/i0.wp.com\/noticiasribeiraopreto.com.br\/wp-content\/uploads\/2025\/06\/corrida.jpeg?fit=862%2C601&ssl=1&resize=700%2C400 2x"},"classes":[]},{"id":74649,"url":"https:\/\/noticiasribeiraopreto.com.br\/index.php\/2025\/07\/26\/circuito-mais-mulher-ribeirao-preto-recebe-corrida-com-3-mil-atletas\/","url_meta":{"origin":82981,"position":5},"title":"Circuito Mais Mulher: Ribeir\u00e3o Preto recebe corrida com 3 mil atletas","author":"noticiasribeiraopreto.com.br","date":"26 de July de 2025","format":false,"excerpt":"Ribeir\u00e3o Preto recebe neste domingo (27) a terceira etapa de 2025 do Circuito Mais Mulher, promovido pela Secretaria de Esportes do Estado de S\u00e3o Paulo. Com todas as inscri\u00e7\u00f5es esgotadas em menos de cinco minutos, o evento reunir\u00e1 cerca de 3 mil mulheres, inscritas gratuitamente. A largada acontece \u00e0s 7h,\u2026","rel":"","context":"In &quot;Not\u00edcias de Ribeir\u00e3o Preto-SP e Regi\u00e3o&quot;","block_context":{"text":"Not\u00edcias de Ribeir\u00e3o Preto-SP e Regi\u00e3o","link":"https:\/\/noticiasribeiraopreto.com.br\/index.php\/category\/noticias-de-ribeirao-preto-sp-e-regiao-ismael-colosi\/"},"img":{"alt_text":"","src":"https:\/\/i0.wp.com\/noticiasribeiraopreto.com.br\/wp-content\/uploads\/2025\/07\/circuito-mais-mulher_2025-07-26_13-50-11.webp.webp?fit=1080%2C720&ssl=1&resize=350%2C200","width":350,"height":200,"srcset":"https:\/\/i0.wp.com\/noticiasribeiraopreto.com.br\/wp-content\/uploads\/2025\/07\/circuito-mais-mulher_2025-07-26_13-50-11.webp.webp?fit=1080%2C720&ssl=1&resize=350%2C200 1x, https:\/\/i0.wp.com\/noticiasribeiraopreto.com.br\/wp-content\/uploads\/2025\/07\/circuito-mais-mulher_2025-07-26_13-50-11.webp.webp?fit=1080%2C720&ssl=1&resize=525%2C300 1.5x, https:\/\/i0.wp.com\/noticiasribeiraopreto.com.br\/wp-content\/uploads\/2025\/07\/circuito-mais-mulher_2025-07-26_13-50-11.webp.webp?fit=1080%2C720&ssl=1&resize=700%2C400 2x, https:\/\/i0.wp.com\/noticiasribeiraopreto.com.br\/wp-content\/uploads\/2025\/07\/circuito-mais-mulher_2025-07-26_13-50-11.webp.webp?fit=1080%2C720&ssl=1&resize=1050%2C600 3x"},"classes":[]}],"jetpack_sharing_enabled":true,"jetpack_shortlink":"https:\/\/wp.me\/peQAOb-lAp","_links":{"self":[{"href":"https:\/\/noticiasribeiraopreto.com.br\/index.php\/wp-json\/wp\/v2\/posts\/82981","targetHints":{"allow":["GET"]}}],"collection":[{"href":"https:\/\/noticiasribeiraopreto.com.br\/index.php\/wp-json\/wp\/v2\/posts"}],"about":[{"href":"https:\/\/noticiasribeiraopreto.com.br\/index.php\/wp-json\/wp\/v2\/types\/post"}],"author":[{"embeddable":true,"href":"https:\/\/noticiasribeiraopreto.com.br\/index.php\/wp-json\/wp\/v2\/users\/1"}],"replies":[{"embeddable":true,"href":"https:\/\/noticiasribeiraopreto.com.br\/index.php\/wp-json\/wp\/v2\/comments?post=82981"}],"version-history":[{"count":0,"href":"https:\/\/noticiasribeiraopreto.com.br\/index.php\/wp-json\/wp\/v2\/posts\/82981\/revisions"}],"wp:featuredmedia":[{"embeddable":true,"href":"https:\/\/noticiasribeiraopreto.com.br\/index.php\/wp-json\/wp\/v2\/media\/82982"}],"wp:attachment":[{"href":"https:\/\/noticiasribeiraopreto.com.br\/index.php\/wp-json\/wp\/v2\/media?parent=82981"}],"wp:term":[{"taxonomy":"category","embeddable":true,"href":"https:\/\/noticiasribeiraopreto.com.br\/index.php\/wp-json\/wp\/v2\/categories?post=82981"},{"taxonomy":"post_tag","embeddable":true,"href":"https:\/\/noticiasribeiraopreto.com.br\/index.php\/wp-json\/wp\/v2\/tags?post=82981"}],"curies":[{"name":"wp","href":"https:\/\/api.w.org\/{rel}","templated":true}]}}