{"id":82983,"date":"2026-03-05T10:50:33","date_gmt":"2026-03-05T13:50:33","guid":{"rendered":"https:\/\/noticiasribeiraopreto.com.br\/index.php\/2026\/03\/05\/centro-de-ribeirao-preto-tera-nova-interdicao-nesta-quinta-feira-veja-onde\/"},"modified":"2026-03-05T10:50:33","modified_gmt":"2026-03-05T13:50:33","slug":"centro-de-ribeirao-preto-tera-nova-interdicao-nesta-quinta-feira-veja-onde","status":"publish","type":"post","link":"https:\/\/noticiasribeiraopreto.com.br\/index.php\/2026\/03\/05\/centro-de-ribeirao-preto-tera-nova-interdicao-nesta-quinta-feira-veja-onde\/","title":{"rendered":"Centro de Ribeir\u00e3o Preto ter\u00e1 nova interdi\u00e7\u00e3o nesta quinta-feira; veja onde"},"content":{"rendered":"<div class='code-block code-block-1' style='margin: 8px 0 8px auto; text-align: right; display: block; clear: both;'>\n<p><a href=\"https:\/\/wa.link\/vpicfd\"><img data-recalc-dims=\"1\" class=\"wp-image-4922\" style=\"aspect-ratio: 2.0253164556962027; width: 561px; height: auto;\" src=\"https:\/\/i0.wp.com\/ismaelcolosi.com.br\/wp-content\/uploads\/2023\/11\/grupo-de-empregos-whatsapp-e-facebook-ismael-colosi-vagas.jpg?ssl=1\" alt=\"\" \/><\/a><\/p>\n<!-- \/wp:image -->\n<\/div>\n<p> <br \/>\n<\/p>\n<div data-td-block-uid=\"tdi_95\">\n<div class=\"tdb-block-inner td-fix-index\">\n<p>O <strong>Centro de Ribeir\u00e3o Preto ter\u00e1 interdi\u00e7\u00e3o parcial nesta quinta-feira (5)<\/strong>, no cruzamento das <strong>ruas Cerqueira C\u00e9sar e General Os\u00f3rio<\/strong>. A medida permitir\u00e1 a continuidade da instala\u00e7\u00e3o da rede de g\u00e1s na regi\u00e3o Central.<\/p>\n<p>Segundo a RP Mobi, o<strong> bloqueio come\u00e7a \u00e0s 8h<\/strong> e deve durar<strong> dois dias.<\/strong> <\/p>\n<div class=\"wp-block-image\">\n<figure class=\"aligncenter size-large is-resized\"><img data-recalc-dims=\"1\" fetchpriority=\"high\" decoding=\"async\" width=\"1024\" height=\"682\" src=\"https:\/\/i0.wp.com\/cdn.media-acidadeon.com.br\/ribeiraopreto\/wp-content\/uploads\/sites\/3\/2026\/03\/image_2026-03-04_19-52-37-1024x682.webp?resize=1024%2C682&#038;ssl=1\" alt=\"interdi\" class=\"wp-image-147684\" style=\"width:806px;height:auto\" title=\"Centro de Ribeir\u00e3o Preto ter\u00e1 nova interdi\u00e7\u00e3o nesta quinta-feira; veja onde 1\" srcset=\"https:\/\/cdn.media-acidadeon.com.br\/ribeiraopreto\/wp-content\/uploads\/sites\/3\/2026\/03\/image_2026-03-04_19-52-37-1024x682.webp 1024w, https:\/\/cdn.media-acidadeon.com.br\/ribeiraopreto\/wp-content\/uploads\/sites\/3\/2026\/03\/image_2026-03-04_19-52-37-300x200.webp 300w, https:\/\/cdn.media-acidadeon.com.br\/ribeiraopreto\/wp-content\/uploads\/sites\/3\/2026\/03\/image_2026-03-04_19-52-37-768x511.webp 768w, https:\/\/cdn.media-acidadeon.com.br\/ribeiraopreto\/wp-content\/uploads\/sites\/3\/2026\/03\/image_2026-03-04_19-52-37-696x463.webp 696w, https:\/\/cdn.media-acidadeon.com.br\/ribeiraopreto\/wp-content\/uploads\/sites\/3\/2026\/03\/image_2026-03-04_19-52-37-1068x711.webp 1068w, https:\/\/cdn.media-acidadeon.com.br\/ribeiraopreto\/wp-content\/uploads\/sites\/3\/2026\/03\/image_2026-03-04_19-52-37.webp 1200w\" sizes=\"(max-width: 1024px) 100vw, 1024px\"\/><\/figure>\n<\/div>\n<h3 class=\"wp-block-heading\"><strong>Rota alternativa<\/strong><\/h3>\n<p>Motoristas que trafegam pela rua Cerqueira C\u00e9sar, ao passar pelo trecho interditado, devem utilizar a faixa de rolamento da esquerda. Na rua General Os\u00f3rio, a circula\u00e7\u00e3o de ve\u00edculos tamb\u00e9m ocorrer\u00e1 apenas pela faixa da esquerda.<\/p>\n<p>A RP Mobi orienta os condutores a redobrar a aten\u00e7\u00e3o e reduzir a velocidade ao se aproximar do local, com o objetivo de evitar sinistros de tr\u00e2nsito.<\/p>\n<hr class=\"wp-block-separator has-alpha-channel-opacity\"\/>\n<p>SAIBA MAIS<br \/>Correios iniciam cadastro de pontos de coleta em Ribeir\u00e3o Preto<\/p>\n<h2 class=\"wp-block-heading\"><strong>FIQUE ON<\/strong><\/h2>\n<p>Fique ligado em tudo que acontece em Ribeir\u00e3o Preto e regi\u00e3o. Siga os perfis do<strong>\u00a0acidade on<\/strong>\u00a0no\u00a0<a href=\"https:\/\/www.instagram.com\/acidadeonribeirao\" target=\"_blank\" rel=\"noreferrer noopener\">Instagram<\/a>\u00a0e no\u00a0<a href=\"https:\/\/www.facebook.com\/acidadeonribeirao\/\" target=\"_blank\" rel=\"noreferrer noopener\">Facebook<\/a>.<\/p>\n<p>Receba not\u00edcias do<strong>\u00a0acidade on<\/strong>\u00a0no WhatsApp. Para entrar no grupo,\u00a0basta\u00a0<a href=\"https:\/\/chat.whatsapp.com\/GFH9HUMUTHNFJdnyEd0xxq\" target=\"_blank\" rel=\"noreferrer noopener\">clicar aqui<\/a>. Ou, acesse o nosso\u00a0Canal\u00a0<a href=\"https:\/\/whatsapp.com\/channel\/0029Vb6IQl1JENyAeS57fk2p\" target=\"_blank\" rel=\"noreferrer noopener\">clicando aqui<\/a>.<\/p>\n<p>Fa\u00e7a uma den\u00fancia ou sugira uma reportagem sobre Ribeir\u00e3o Preto e regi\u00e3o pelo WhatsApp: 16 99117 7802.<\/p>\n<p>VEJA TAMB\u00c9M<br \/>Decora\u00e7\u00e3o pet friendly: 5 cuidados para garantir a seguran\u00e7a do seu animal<\/p>\n<p><!-- AI CONTENT END 1 -->\n<\/div>\n<\/div>\n<p><script async src=\"\/\/www.instagram.com\/embed.js\"><\/script><br \/>\n<br \/><br \/>\n<br \/><a href=\"https:\/\/www.acidadeon.com\/ribeiraopreto\/cotidiano\/centro-de-ribeirao-preto-tera-nova-interdicao-nesta-quinta-feira-veja-onde\/\">Source link <\/a><\/p>\n<!-- CONTENT END 1 -->\n","protected":false},"excerpt":{"rendered":"<p>O Centro de Ribeir\u00e3o Preto ter\u00e1 interdi\u00e7\u00e3o parcial nesta quinta-feira (5), no cruzamento das ruas Cerqueira C\u00e9sar e General Os\u00f3rio. A medida permitir\u00e1 a continuidade&#8230;<\/p>\n","protected":false},"author":1,"featured_media":82984,"comment_status":"open","ping_status":"open","sticky":false,"template":"","format":"standard","meta":{"advanced_seo_description":"","jetpack_seo_html_title":"","jetpack_seo_noindex":false,"jetpack_post_was_ever_published":false,"_jetpack_newsletter_access":"","_jetpack_dont_email_post_to_subs":false,"_jetpack_newsletter_tier_id":0,"_jetpack_memberships_contains_paywalled_content":false,"_jetpack_memberships_contains_paid_content":false,"footnotes":"","jetpack_publicize_message":"","jetpack_publicize_feature_enabled":true,"jetpack_social_post_already_shared":true,"jetpack_social_options":{"image_generator_settings":{"template":"highway","default_image_id":0,"font":"","enabled":false},"version":2}},"categories":[11],"tags":[],"class_list":["post-82983","post","type-post","status-publish","format-standard","has-post-thumbnail","hentry","category-noticias-de-ribeirao-preto-sp-e-regiao-ismael-colosi"],"jetpack_publicize_connections":[],"jetpack_featured_media_url":"https:\/\/i0.wp.com\/noticiasribeiraopreto.com.br\/wp-content\/uploads\/2026\/03\/image_2026-03-04_19-54-33.webp.webp?fit=1200%2C800&ssl=1","jetpack-related-posts":[{"id":84333,"url":"https:\/\/noticiasribeiraopreto.com.br\/index.php\/2026\/04\/07\/centro-de-ribeirao-preto-tera-interdicao-e-falta-dagua-entenda\/","url_meta":{"origin":82983,"position":0},"title":"Centro de Ribeir\u00e3o Preto ter\u00e1 interdi\u00e7\u00e3o e falta d&#8217;\u00e1gua; entenda","author":"noticiasribeiraopreto.com.br","date":"7 de April de 2026","format":false,"excerpt":"Ler o resumo da not\u00edcia Centro de Ribeir\u00e3o Preto ter\u00e1 interdi\u00e7\u00e3o parcial e falta de \u00e1gua nesta quarta-feira (8) devido a reparo emergencial. Equipes da Saerp atuar\u00e3o a partir das 8h30 na esquina das ruas Garibaldi e S\u00e3o Sebasti\u00e3o para consertar tubula\u00e7\u00e3o rompida. A RP Mobi far\u00e1 a sinaliza\u00e7\u00e3o e\u2026","rel":"","context":"In &quot;Not\u00edcias de Ribeir\u00e3o Preto-SP e Regi\u00e3o&quot;","block_context":{"text":"Not\u00edcias de Ribeir\u00e3o Preto-SP e Regi\u00e3o","link":"https:\/\/noticiasribeiraopreto.com.br\/index.php\/category\/noticias-de-ribeirao-preto-sp-e-regiao-ismael-colosi\/"},"img":{"alt_text":"","src":"https:\/\/i0.wp.com\/noticiasribeiraopreto.com.br\/wp-content\/uploads\/2026\/04\/WhatsApp-Image-2026-04-07-at-18.13.03-1_2026-04-07_21-13-53.webp.webp?fit=1200%2C801&ssl=1&resize=350%2C200","width":350,"height":200,"srcset":"https:\/\/i0.wp.com\/noticiasribeiraopreto.com.br\/wp-content\/uploads\/2026\/04\/WhatsApp-Image-2026-04-07-at-18.13.03-1_2026-04-07_21-13-53.webp.webp?fit=1200%2C801&ssl=1&resize=350%2C200 1x, https:\/\/i0.wp.com\/noticiasribeiraopreto.com.br\/wp-content\/uploads\/2026\/04\/WhatsApp-Image-2026-04-07-at-18.13.03-1_2026-04-07_21-13-53.webp.webp?fit=1200%2C801&ssl=1&resize=525%2C300 1.5x, https:\/\/i0.wp.com\/noticiasribeiraopreto.com.br\/wp-content\/uploads\/2026\/04\/WhatsApp-Image-2026-04-07-at-18.13.03-1_2026-04-07_21-13-53.webp.webp?fit=1200%2C801&ssl=1&resize=700%2C400 2x, https:\/\/i0.wp.com\/noticiasribeiraopreto.com.br\/wp-content\/uploads\/2026\/04\/WhatsApp-Image-2026-04-07-at-18.13.03-1_2026-04-07_21-13-53.webp.webp?fit=1200%2C801&ssl=1&resize=1050%2C600 3x"},"classes":[]},{"id":55327,"url":"https:\/\/noticiasribeiraopreto.com.br\/index.php\/2024\/07\/31\/rodovia-anhanguera-na-regiao-de-ribeirao-preto-tem-interdicao-nesta-quinta-feira\/","url_meta":{"origin":82983,"position":1},"title":"Rodovia Anhanguera na regi\u00e3o de Ribeir\u00e3o Preto tem interdi\u00e7\u00e3o nesta quinta-feira","author":"noticiasribeiraopreto.com.br","date":"31 de July de 2024","format":false,"excerpt":"O trecho da rodovia Anhanguera (SP-330) do quil\u00f4metro 282 ao 284, em S\u00e3o Sim\u00e3o, na regi\u00e3o de Ribeir\u00e3o Preto, ser\u00e1 interditado nesta quinta-feira (1). O motivo ser\u00e1 a execu\u00e7\u00e3o de servi\u00e7o de fresagem e recomposi\u00e7\u00e3o do pavimento (veja abaixo), que deve durar das 7h \u00e0s 17h. Segundo a Arteris\/Via Paulista,\u2026","rel":"","context":"In &quot;Not\u00edcias de Ribeir\u00e3o Preto-SP e Regi\u00e3o&quot;","block_context":{"text":"Not\u00edcias de Ribeir\u00e3o Preto-SP e Regi\u00e3o","link":"https:\/\/noticiasribeiraopreto.com.br\/index.php\/category\/noticias-de-ribeirao-preto-sp-e-regiao-ismael-colosi\/"},"img":{"alt_text":"","src":"https:\/\/i0.wp.com\/noticiasribeiraopreto.com.br\/wp-content\/uploads\/2024\/07\/Copia-de-Copia-de-TAMANHO-EXATO-PARA-FOTOS-NO-SISTEMA-NOVO-18_2024-07-31_21-30-54_jpg_2024-07-31_21-30-54.webp.webp?fit=1200%2C675&ssl=1&resize=350%2C200","width":350,"height":200,"srcset":"https:\/\/i0.wp.com\/noticiasribeiraopreto.com.br\/wp-content\/uploads\/2024\/07\/Copia-de-Copia-de-TAMANHO-EXATO-PARA-FOTOS-NO-SISTEMA-NOVO-18_2024-07-31_21-30-54_jpg_2024-07-31_21-30-54.webp.webp?fit=1200%2C675&ssl=1&resize=350%2C200 1x, https:\/\/i0.wp.com\/noticiasribeiraopreto.com.br\/wp-content\/uploads\/2024\/07\/Copia-de-Copia-de-TAMANHO-EXATO-PARA-FOTOS-NO-SISTEMA-NOVO-18_2024-07-31_21-30-54_jpg_2024-07-31_21-30-54.webp.webp?fit=1200%2C675&ssl=1&resize=525%2C300 1.5x, https:\/\/i0.wp.com\/noticiasribeiraopreto.com.br\/wp-content\/uploads\/2024\/07\/Copia-de-Copia-de-TAMANHO-EXATO-PARA-FOTOS-NO-SISTEMA-NOVO-18_2024-07-31_21-30-54_jpg_2024-07-31_21-30-54.webp.webp?fit=1200%2C675&ssl=1&resize=700%2C400 2x, https:\/\/i0.wp.com\/noticiasribeiraopreto.com.br\/wp-content\/uploads\/2024\/07\/Copia-de-Copia-de-TAMANHO-EXATO-PARA-FOTOS-NO-SISTEMA-NOVO-18_2024-07-31_21-30-54_jpg_2024-07-31_21-30-54.webp.webp?fit=1200%2C675&ssl=1&resize=1050%2C600 3x"},"classes":[]},{"id":74233,"url":"https:\/\/noticiasribeiraopreto.com.br\/index.php\/2025\/07\/18\/avenida-maurilio-biagi-tera-interdicao-nesta-sexta-em-ribeirao-preto-veja-desvio\/","url_meta":{"origin":82983,"position":2},"title":"Avenida Maur\u00edlio Biagi ter\u00e1 interdi\u00e7\u00e3o nesta sexta em Ribeir\u00e3o Preto; Veja desvio","author":"noticiasribeiraopreto.com.br","date":"18 de July de 2025","format":false,"excerpt":"Um trecho da pista Centro\u2013bairro da\u00a0avenida Maur\u00edlio Biagi ser\u00e1 interditado nesta sexta-feira (18), das\u00a08h30 \u00e0s 12h30, em Ribeir\u00e3o Preto. Por que ter\u00e1 interdi\u00e7\u00e3o? A RP Mobi informou que o bloqueio ser\u00e1 necess\u00e1rio\u00a0para a realiza\u00e7\u00e3o da prova de ciclismo da 67\u00aa edi\u00e7\u00e3o dos Jogos Regionais.\u00a0 Onde ser\u00e1 o bloqueio? A interdi\u00e7\u00e3o\u2026","rel":"","context":"In &quot;Not\u00edcias de Ribeir\u00e3o Preto-SP e Regi\u00e3o&quot;","block_context":{"text":"Not\u00edcias de Ribeir\u00e3o Preto-SP e Regi\u00e3o","link":"https:\/\/noticiasribeiraopreto.com.br\/index.php\/category\/noticias-de-ribeirao-preto-sp-e-regiao-ismael-colosi\/"},"img":{"alt_text":"","src":"https:\/\/i0.wp.com\/noticiasribeiraopreto.com.br\/wp-content\/uploads\/2025\/07\/ribeirao_preto_1200x675_12122021141615.jpg?fit=1200%2C675&ssl=1&resize=350%2C200","width":350,"height":200,"srcset":"https:\/\/i0.wp.com\/noticiasribeiraopreto.com.br\/wp-content\/uploads\/2025\/07\/ribeirao_preto_1200x675_12122021141615.jpg?fit=1200%2C675&ssl=1&resize=350%2C200 1x, https:\/\/i0.wp.com\/noticiasribeiraopreto.com.br\/wp-content\/uploads\/2025\/07\/ribeirao_preto_1200x675_12122021141615.jpg?fit=1200%2C675&ssl=1&resize=525%2C300 1.5x, https:\/\/i0.wp.com\/noticiasribeiraopreto.com.br\/wp-content\/uploads\/2025\/07\/ribeirao_preto_1200x675_12122021141615.jpg?fit=1200%2C675&ssl=1&resize=700%2C400 2x, https:\/\/i0.wp.com\/noticiasribeiraopreto.com.br\/wp-content\/uploads\/2025\/07\/ribeirao_preto_1200x675_12122021141615.jpg?fit=1200%2C675&ssl=1&resize=1050%2C600 3x"},"classes":[]},{"id":61484,"url":"https:\/\/noticiasribeiraopreto.com.br\/index.php\/2024\/12\/13\/avenida-de-ribeirao-preto-tera-interdicao-parcial-na-proxima-semana-veja-rota\/","url_meta":{"origin":82983,"position":3},"title":"Avenida de Ribeir\u00e3o Preto ter\u00e1 interdi\u00e7\u00e3o parcial na pr\u00f3xima semana; veja rota","author":"noticiasribeiraopreto.com.br","date":"13 de December de 2024","format":false,"excerpt":"Na pr\u00f3xima segunda-feira (16), ser\u00e1 necess\u00e1ria uma nova interdi\u00e7\u00e3o na avenida Pio XII, na Vila Virg\u00ednia, na zona Oeste de Ribeir\u00e3o Preto. Desta vez, ser\u00e1 cruzamento da pista Bairro\/Centro da via com a pista com a rua Ab\u00edlio Sampaio. O bloqueio acontece devido ao avan\u00e7o das obras de drenagem das\u2026","rel":"","context":"In &quot;Not\u00edcias de Ribeir\u00e3o Preto-SP e Regi\u00e3o&quot;","block_context":{"text":"Not\u00edcias de Ribeir\u00e3o Preto-SP e Regi\u00e3o","link":"https:\/\/noticiasribeiraopreto.com.br\/index.php\/category\/noticias-de-ribeirao-preto-sp-e-regiao-ismael-colosi\/"},"img":{"alt_text":"","src":"https:\/\/noticiasribeiraopreto.com.br\/wp-content\/uploads\/2024\/11\/transito-sca-1.jpe","width":350,"height":200,"srcset":"https:\/\/noticiasribeiraopreto.com.br\/wp-content\/uploads\/2024\/11\/transito-sca-1.jpe 1x, https:\/\/noticiasribeiraopreto.com.br\/wp-content\/uploads\/2024\/11\/transito-sca-1.jpe 1.5x, https:\/\/noticiasribeiraopreto.com.br\/wp-content\/uploads\/2024\/11\/transito-sca-1.jpe 2x, https:\/\/noticiasribeiraopreto.com.br\/wp-content\/uploads\/2024\/11\/transito-sca-1.jpe 3x"},"classes":[]},{"id":61403,"url":"https:\/\/noticiasribeiraopreto.com.br\/index.php\/2024\/12\/11\/trecho-na-zona-oeste-de-ribeirao-tera-nova-interdicao-por-10-dias-veja-rota\/","url_meta":{"origin":82983,"position":4},"title":"Trecho na zona Oeste de Ribeir\u00e3o ter\u00e1 nova interdi\u00e7\u00e3o por 10 dias; veja rota","author":"noticiasribeiraopreto.com.br","date":"11 de December de 2024","format":false,"excerpt":"A partir da pr\u00f3xima quinta-feira (12), o\u00a0cruzamento da rua Ab\u00edlio Sampaio com a pista Centro\/Bairro da avenida Pio XII, na Vila V\u00edrginia, zona Oeste de\u00a0Ribeir\u00e3o Preto,\u00a0ser\u00e1 interditado por 10 dias. O bloqueio acontece devido ao\u00a0avan\u00e7o das obras de drenagem das galerias de \u00e1guas pluviais\u00a0no bairro. Importante lembrar que os outros\u2026","rel":"","context":"In &quot;Not\u00edcias de Ribeir\u00e3o Preto-SP e Regi\u00e3o&quot;","block_context":{"text":"Not\u00edcias de Ribeir\u00e3o Preto-SP e Regi\u00e3o","link":"https:\/\/noticiasribeiraopreto.com.br\/index.php\/category\/noticias-de-ribeirao-preto-sp-e-regiao-ismael-colosi\/"},"img":{"alt_text":"","src":"https:\/\/i0.wp.com\/noticiasribeiraopreto.com.br\/wp-content\/uploads\/2024\/12\/OBRAS_2024-12-03_17-36-39_jpg_2024-12-03_17-36-40.webp.webp?fit=1200%2C712&ssl=1&resize=350%2C200","width":350,"height":200,"srcset":"https:\/\/i0.wp.com\/noticiasribeiraopreto.com.br\/wp-content\/uploads\/2024\/12\/OBRAS_2024-12-03_17-36-39_jpg_2024-12-03_17-36-40.webp.webp?fit=1200%2C712&ssl=1&resize=350%2C200 1x, https:\/\/i0.wp.com\/noticiasribeiraopreto.com.br\/wp-content\/uploads\/2024\/12\/OBRAS_2024-12-03_17-36-39_jpg_2024-12-03_17-36-40.webp.webp?fit=1200%2C712&ssl=1&resize=525%2C300 1.5x, https:\/\/i0.wp.com\/noticiasribeiraopreto.com.br\/wp-content\/uploads\/2024\/12\/OBRAS_2024-12-03_17-36-39_jpg_2024-12-03_17-36-40.webp.webp?fit=1200%2C712&ssl=1&resize=700%2C400 2x, https:\/\/i0.wp.com\/noticiasribeiraopreto.com.br\/wp-content\/uploads\/2024\/12\/OBRAS_2024-12-03_17-36-39_jpg_2024-12-03_17-36-40.webp.webp?fit=1200%2C712&ssl=1&resize=1050%2C600 3x"},"classes":[]},{"id":83398,"url":"https:\/\/noticiasribeiraopreto.com.br\/index.php\/2026\/03\/17\/transito-na-zona-norte-tera-mudancas-com-interdicao-da-dom-pedro-veja-quando\/","url_meta":{"origin":82983,"position":5},"title":"Tr\u00e2nsito na zona Norte ter\u00e1 mudan\u00e7as com interdi\u00e7\u00e3o da Dom Pedro; Veja quando","author":"noticiasribeiraopreto.com.br","date":"17 de March de 2026","format":false,"excerpt":"A RP Mobi informou que avenida Dom Pedro I, na zona Norte da cidade, ser\u00e1 interditada nesta quarta-feira (18) para a continuidade dos servi\u00e7os de manuten\u00e7\u00e3o na estrutura do portal localizado na via. O bloqueio acontece entre as ruas Par\u00e1 e Rio Grande do Sul, das 19h30 \u00e0s 23h, at\u00e9\u2026","rel":"","context":"In &quot;Not\u00edcias de Ribeir\u00e3o Preto-SP e Regi\u00e3o&quot;","block_context":{"text":"Not\u00edcias de Ribeir\u00e3o Preto-SP e Regi\u00e3o","link":"https:\/\/noticiasribeiraopreto.com.br\/index.php\/category\/noticias-de-ribeirao-preto-sp-e-regiao-ismael-colosi\/"},"img":{"alt_text":"","src":"https:\/\/i0.wp.com\/noticiasribeiraopreto.com.br\/wp-content\/uploads\/2026\/03\/conscientizacao_faixa_exclusiva_2.jpeg?fit=1002%2C672&ssl=1&resize=350%2C200","width":350,"height":200,"srcset":"https:\/\/i0.wp.com\/noticiasribeiraopreto.com.br\/wp-content\/uploads\/2026\/03\/conscientizacao_faixa_exclusiva_2.jpeg?fit=1002%2C672&ssl=1&resize=350%2C200 1x, https:\/\/i0.wp.com\/noticiasribeiraopreto.com.br\/wp-content\/uploads\/2026\/03\/conscientizacao_faixa_exclusiva_2.jpeg?fit=1002%2C672&ssl=1&resize=525%2C300 1.5x, https:\/\/i0.wp.com\/noticiasribeiraopreto.com.br\/wp-content\/uploads\/2026\/03\/conscientizacao_faixa_exclusiva_2.jpeg?fit=1002%2C672&ssl=1&resize=700%2C400 2x"},"classes":[]}],"jetpack_sharing_enabled":true,"jetpack_shortlink":"https:\/\/wp.me\/peQAOb-lAr","_links":{"self":[{"href":"https:\/\/noticiasribeiraopreto.com.br\/index.php\/wp-json\/wp\/v2\/posts\/82983","targetHints":{"allow":["GET"]}}],"collection":[{"href":"https:\/\/noticiasribeiraopreto.com.br\/index.php\/wp-json\/wp\/v2\/posts"}],"about":[{"href":"https:\/\/noticiasribeiraopreto.com.br\/index.php\/wp-json\/wp\/v2\/types\/post"}],"author":[{"embeddable":true,"href":"https:\/\/noticiasribeiraopreto.com.br\/index.php\/wp-json\/wp\/v2\/users\/1"}],"replies":[{"embeddable":true,"href":"https:\/\/noticiasribeiraopreto.com.br\/index.php\/wp-json\/wp\/v2\/comments?post=82983"}],"version-history":[{"count":0,"href":"https:\/\/noticiasribeiraopreto.com.br\/index.php\/wp-json\/wp\/v2\/posts\/82983\/revisions"}],"wp:featuredmedia":[{"embeddable":true,"href":"https:\/\/noticiasribeiraopreto.com.br\/index.php\/wp-json\/wp\/v2\/media\/82984"}],"wp:attachment":[{"href":"https:\/\/noticiasribeiraopreto.com.br\/index.php\/wp-json\/wp\/v2\/media?parent=82983"}],"wp:term":[{"taxonomy":"category","embeddable":true,"href":"https:\/\/noticiasribeiraopreto.com.br\/index.php\/wp-json\/wp\/v2\/categories?post=82983"},{"taxonomy":"post_tag","embeddable":true,"href":"https:\/\/noticiasribeiraopreto.com.br\/index.php\/wp-json\/wp\/v2\/tags?post=82983"}],"curies":[{"name":"wp","href":"https:\/\/api.w.org\/{rel}","templated":true}]}}