{"id":82985,"date":"2026-03-05T10:57:03","date_gmt":"2026-03-05T13:57:03","guid":{"rendered":"https:\/\/noticiasribeiraopreto.com.br\/index.php\/2026\/03\/05\/pesquisa-da-usp-quer-avaliar-efeito-do-exercicio-fisico-na-gordura-dentro-do-musculo-em-mulheres-idosas\/"},"modified":"2026-03-05T10:57:03","modified_gmt":"2026-03-05T13:57:03","slug":"pesquisa-da-usp-quer-avaliar-efeito-do-exercicio-fisico-na-gordura-dentro-do-musculo-em-mulheres-idosas","status":"publish","type":"post","link":"https:\/\/noticiasribeiraopreto.com.br\/index.php\/2026\/03\/05\/pesquisa-da-usp-quer-avaliar-efeito-do-exercicio-fisico-na-gordura-dentro-do-musculo-em-mulheres-idosas\/","title":{"rendered":"Pesquisa da USP quer avaliar efeito do exerc\u00edcio f\u00edsico na gordura dentro do m\u00fasculo em mulheres idosas"},"content":{"rendered":"<div class='code-block code-block-1' style='margin: 8px 0 8px auto; text-align: right; display: block; clear: both;'>\n<p><a href=\"https:\/\/wa.link\/vpicfd\"><img data-recalc-dims=\"1\" class=\"wp-image-4922\" style=\"aspect-ratio: 2.0253164556962027; width: 561px; height: auto;\" src=\"https:\/\/i0.wp.com\/ismaelcolosi.com.br\/wp-content\/uploads\/2023\/11\/grupo-de-empregos-whatsapp-e-facebook-ismael-colosi-vagas.jpg?ssl=1\" alt=\"\" \/><\/a><\/p>\n<!-- \/wp:image -->\n<\/div>\n<p> <br \/>\n<\/p>\n<div>\n<p>Pesquisadores da <strong>Universidade de S\u00e3o Paulo (USP) <\/strong>est\u00e3o em busca de <strong>volunt\u00e1rias <\/strong>para uma pesquisa que busca avaliar como o exerc\u00edcio f\u00edsico, associado ou n\u00e3o \u00e0 suplementa\u00e7\u00e3o de taurina, pode influenciar a <strong>infiltra\u00e7\u00e3o de gordura intramuscular<\/strong> em mulheres idosas com obesidade.<\/p>\n<p>O objetivo \u00e9 compreender de que forma essas interven\u00e7\u00f5es podem impactar a gordura presente no interior dos m\u00fasculos, condi\u00e7\u00e3o associada \u00e0 perda de for\u00e7a, redu\u00e7\u00e3o da mobilidade e piora da qualidade de vida na velhice.<\/p>\n<p>A pesquisa \u00e9 da <strong>p\u00f3s-doutoranda Ana Claudia Rossini Venturini<\/strong>, sob supervis\u00e3o da professora Ellen Cristini de Freitas, ambas da Escola de <strong>Educa\u00e7\u00e3o F\u00edsica e Esporte de Ribeir\u00e3o Preto (EEFERP) da USP<\/strong>.<\/p>\n<figure class=\"wp-block-image aligncenter size-full is-resized\"><img data-recalc-dims=\"1\" fetchpriority=\"high\" decoding=\"async\" width=\"800\" height=\"420\" src=\"https:\/\/i0.wp.com\/cdn.media-acidadeon.com.br\/ribeiraopreto\/wp-content\/uploads\/sites\/3\/2025\/09\/20181108_Fachada-EEFERP_2025-09-24_21-06-40.webp?resize=800%2C420&#038;ssl=1\" alt=\"Fachada EEFERP-USP \u2013 Foto: Divulga\u00e7\u00e3o.\" class=\"wp-image-130245\" style=\"width:654px\" title=\"Pesquisa da USP quer avaliar efeito do exerc\u00edcio f\u00edsico na gordura dentro do m\u00fasculo em mulheres idosas 1\" srcset=\"https:\/\/cdn.media-acidadeon.com.br\/ribeiraopreto\/wp-content\/uploads\/sites\/3\/2025\/09\/20181108_Fachada-EEFERP_2025-09-24_21-06-40.webp 800w, https:\/\/cdn.media-acidadeon.com.br\/ribeiraopreto\/wp-content\/uploads\/sites\/3\/2025\/09\/20181108_Fachada-EEFERP_2025-09-24_21-06-40-300x158.webp 300w, https:\/\/cdn.media-acidadeon.com.br\/ribeiraopreto\/wp-content\/uploads\/sites\/3\/2025\/09\/20181108_Fachada-EEFERP_2025-09-24_21-06-40-768x403.webp 768w, https:\/\/cdn.media-acidadeon.com.br\/ribeiraopreto\/wp-content\/uploads\/sites\/3\/2025\/09\/20181108_Fachada-EEFERP_2025-09-24_21-06-40-696x365.webp 696w\" sizes=\"(max-width: 800px) 100vw, 800px\"\/><figcaption class=\"wp-element-caption\">Fachada EEFERP-USP \u2013 Foto: Divulga\u00e7\u00e3o.<br \/>\n<\/figcaption><\/figure>\n<h2 class=\"wp-block-heading\"><strong>Quem pode e como participar?<\/strong><\/h2>\n<p>Podem participar <strong>mulheres entre 60 e 75 anos<\/strong>, com <strong>obesidade<\/strong>, que <strong>n\u00e3o pratiquem atividade f\u00edsica regularmente nem sigam dieta alimentar no momento <\/strong>e que<strong> residam em Ribeir\u00e3o Preto<\/strong>.<\/p>\n<p>Como etapa inicial de pr\u00e9-sele\u00e7\u00e3o, as interessadas devem responder a um<strong> formul\u00e1rio on-line para verifica\u00e7\u00e3o dos crit\u00e9rios de elegibilidade<\/strong> (<a href=\"https:\/\/docs.google.com\/forms\/d\/e\/1FAIpQLSdjKxSdwsuH3a05MMT5tp5ZhlrpiBZfS39yxg1mRoa5zsiqLA\/viewform?usp=header\" target=\"_blank\" data-type=\"link\" data-id=\"https:\/\/docs.google.com\/forms\/d\/e\/1FAIpQLSdjKxSdwsuH3a05MMT5tp5ZhlrpiBZfS39yxg1mRoa5zsiqLA\/viewform?usp=header\" rel=\"noreferrer noopener\">clique aqui para acessar<\/a>).<\/p>\n<p>A equipe respons\u00e1vel pela pesquisa entrar\u00e1 em contato com aquelas que atendam os pr\u00e9-requisitos para fornecer mais informa\u00e7\u00f5es sobre o estudo.<\/p>\n<h3 class=\"wp-block-heading\"><strong>Como ser\u00e1 o estudo?<\/strong><\/h3>\n<p>Durante a pesquisa, as participantes ser\u00e3o distribu\u00eddas aleatoriamente em um dos quatro grupos de acompanhamento, que combinam exerc\u00edcio f\u00edsico e\/ou suplementa\u00e7\u00e3o de taurina.<\/p>\n<p>A coordena\u00e7\u00e3o destaca que, <mark style=\"background-color:#fcb900\" class=\"has-inline-color\">mesmo que a volunt\u00e1ria n\u00e3o seja inicialmente alocada no grupo que associa exerc\u00edcio f\u00edsico \u00e0 suplementa\u00e7\u00e3o, esse mesmo programa ser\u00e1 oferecido posteriormente, no segundo semestre<\/mark>.<\/p>\n<p>Mais informa\u00e7\u00f5es podem ser obtidas pelo WhatsApp, atrav\u00e9s do telefone (17) 99155-5958, com Ana Claudia Venturini.<\/p>\n<p><em>*Com informa\u00e7\u00f5es de Joyce Pezzato, do Jornal da USP<\/em><\/p>\n<hr class=\"wp-block-separator has-alpha-channel-opacity\"\/>\n<p>SAIBA MAIS<\/p>\n<p>Ribeir\u00e3o Preto anuncia nova linha de \u00f4nibus e mudan\u00e7a no itiner\u00e1rio da zona Sul<\/p>\n<h3 class=\"wp-block-heading\"><strong>FIQUE ON<\/strong><\/h3>\n<p>Fique ligado em tudo que acontece em Ribeir\u00e3o Preto e regi\u00e3o. Siga os perfis do<strong>\u00a0acidade on<\/strong>\u00a0no\u00a0<a href=\"https:\/\/www.instagram.com\/acidadeonribeirao\" target=\"_blank\" rel=\"noreferrer noopener\">Instagram<\/a>\u00a0e no\u00a0<a href=\"https:\/\/www.facebook.com\/acidadeonribeirao\/\" target=\"_blank\" rel=\"noreferrer noopener\">Facebook<\/a>.<\/p>\n<p>Receba not\u00edcias do<strong>\u00a0acidade on<\/strong>\u00a0no WhatsApp. Para entrar no grupo,\u00a0basta\u00a0<a href=\"https:\/\/chat.whatsapp.com\/GFH9HUMUTHNFJdnyEd0xxq\" target=\"_blank\" rel=\"noreferrer noopener\">clicar aqui<\/a>. Ou, acesse o nosso\u00a0Canal\u00a0<a href=\"https:\/\/whatsapp.com\/channel\/0029Vb6IQl1JENyAeS57fk2p\" target=\"_blank\" rel=\"noreferrer noopener\">clicando aqui<\/a>.<\/p>\n<p>Fa\u00e7a uma den\u00fancia ou sugira uma reportagem sobre Ribeir\u00e3o Preto e regi\u00e3o pelo WhatsApp: 16 99117 7802.<\/p>\n<p>VEJA TAMB\u00c9M<br \/>Decora\u00e7\u00e3o pet friendly: 5 cuidados para garantir a seguran\u00e7a do seu animal<\/p>\n<p><!-- AI CONTENT END 1 -->\n<\/div>\n<p><script async src=\"\/\/www.instagram.com\/embed.js\"><\/script><br \/>\n<br \/><br \/>\n<br \/><a href=\"https:\/\/www.acidadeon.com\/ribeiraopreto\/cotidiano\/pesquisa-da-usp-quer-avaliar-efeito-do-exercicio-fisico-na-gordura-dentro-do-musculo-em-mulheres-idosas\/\">Source link <\/a><\/p>\n<!-- CONTENT END 1 -->\n","protected":false},"excerpt":{"rendered":"<p>Pesquisadores da Universidade de S\u00e3o Paulo (USP) est\u00e3o em busca de volunt\u00e1rias para uma pesquisa que busca avaliar como o exerc\u00edcio f\u00edsico, associado ou n\u00e3o&#8230;<\/p>\n","protected":false},"author":1,"featured_media":82986,"comment_status":"open","ping_status":"open","sticky":false,"template":"","format":"standard","meta":{"advanced_seo_description":"","jetpack_seo_html_title":"","jetpack_seo_noindex":false,"jetpack_post_was_ever_published":false,"_jetpack_newsletter_access":"","_jetpack_dont_email_post_to_subs":false,"_jetpack_newsletter_tier_id":0,"_jetpack_memberships_contains_paywalled_content":false,"_jetpack_memberships_contains_paid_content":false,"footnotes":"","jetpack_publicize_message":"","jetpack_publicize_feature_enabled":true,"jetpack_social_post_already_shared":true,"jetpack_social_options":{"image_generator_settings":{"template":"highway","default_image_id":0,"font":"","enabled":false},"version":2}},"categories":[11],"tags":[],"class_list":["post-82985","post","type-post","status-publish","format-standard","has-post-thumbnail","hentry","category-noticias-de-ribeirao-preto-sp-e-regiao-ismael-colosi"],"jetpack_publicize_connections":[],"jetpack_featured_media_url":"https:\/\/i0.wp.com\/noticiasribeiraopreto.com.br\/wp-content\/uploads\/2026\/03\/women-working-out-treadmill_2026-03-04_20-24-59.webp.webp?fit=1200%2C800&ssl=1","jetpack-related-posts":[{"id":38850,"url":"https:\/\/noticiasribeiraopreto.com.br\/index.php\/2024\/02\/21\/usp-ribeirao-procura-voluntarias-para-pesquisa-sobre-obesidade-sarcopenica\/","url_meta":{"origin":82985,"position":0},"title":"USP Ribeir\u00e3o procura volunt\u00e1rias para pesquisa sobre obesidade sarcop\u00eanica","author":"noticiasribeiraopreto.com.br","date":"21 de February de 2024","format":false,"excerpt":"A Escola de Educa\u00e7\u00e3o F\u00edsica e Esportes de Ribeir\u00e3o Preto (EEFERP) da USP (Universidade de S\u00e3o Paulo) est\u00e1 em busca de volunt\u00e1rias para um estudo sobre a influ\u00eancia gen\u00e9tica na obesidade sarcop\u00eanica em mulheres idosas. Podem participar mulheres com idade entre 60 e 75 anos, com peso de at\u00e9 120\u2026","rel":"","context":"In &quot;Not\u00edcias de Ribeir\u00e3o Preto-SP e Regi\u00e3o&quot;","block_context":{"text":"Not\u00edcias de Ribeir\u00e3o Preto-SP e Regi\u00e3o","link":"https:\/\/noticiasribeiraopreto.com.br\/index.php\/category\/noticias-de-ribeirao-preto-sp-e-regiao-ismael-colosi\/"},"img":{"alt_text":"","src":"https:\/\/i0.wp.com\/noticiasribeiraopreto.com.br\/wp-content\/uploads\/2024\/02\/medium-shot-smiley-women-dancing-1-scaled.jpg?fit=1200%2C800&ssl=1&resize=350%2C200","width":350,"height":200,"srcset":"https:\/\/i0.wp.com\/noticiasribeiraopreto.com.br\/wp-content\/uploads\/2024\/02\/medium-shot-smiley-women-dancing-1-scaled.jpg?fit=1200%2C800&ssl=1&resize=350%2C200 1x, https:\/\/i0.wp.com\/noticiasribeiraopreto.com.br\/wp-content\/uploads\/2024\/02\/medium-shot-smiley-women-dancing-1-scaled.jpg?fit=1200%2C800&ssl=1&resize=525%2C300 1.5x, https:\/\/i0.wp.com\/noticiasribeiraopreto.com.br\/wp-content\/uploads\/2024\/02\/medium-shot-smiley-women-dancing-1-scaled.jpg?fit=1200%2C800&ssl=1&resize=700%2C400 2x, https:\/\/i0.wp.com\/noticiasribeiraopreto.com.br\/wp-content\/uploads\/2024\/02\/medium-shot-smiley-women-dancing-1-scaled.jpg?fit=1200%2C800&ssl=1&resize=1050%2C600 3x"},"classes":[]},{"id":79066,"url":"https:\/\/noticiasribeiraopreto.com.br\/index.php\/2025\/10\/23\/usp-busca-voluntarios-para-pesquisa-que-vai-avaliar-os-efeitos-do-exercicio-fisico-no-controle-da-diabetes\/","url_meta":{"origin":82985,"position":1},"title":"USP busca volunt\u00e1rios para pesquisa que vai avaliar os efeitos do exerc\u00edcio f\u00edsico no controle da diabetes","author":"noticiasribeiraopreto.com.br","date":"23 de October de 2025","format":false,"excerpt":"Pesquisadores da USP (Universidade de S\u00e3o Paulo) de Ribeir\u00e3o Preto est\u00e3o em busca de volunt\u00e1rios para uma pesquisa que busca avaliar os efeitos do exerc\u00edcio f\u00edsico combinados com a exposi\u00e7\u00e3o \u00e0 hip\u00f3xia no controle da diabetes tipo 2. A hip\u00f3xia \u00e9 uma condi\u00e7\u00e3o em que o participante respira um ar\u2026","rel":"","context":"In &quot;Not\u00edcias de Ribeir\u00e3o Preto-SP e Regi\u00e3o&quot;","block_context":{"text":"Not\u00edcias de Ribeir\u00e3o Preto-SP e Regi\u00e3o","link":"https:\/\/noticiasribeiraopreto.com.br\/index.php\/category\/noticias-de-ribeirao-preto-sp-e-regiao-ismael-colosi\/"},"img":{"alt_text":"","src":"https:\/\/i0.wp.com\/noticiasribeiraopreto.com.br\/wp-content\/uploads\/2025\/09\/USP_2025-09-16_14-59-34.webp.webp?fit=1200%2C673&ssl=1&resize=350%2C200","width":350,"height":200,"srcset":"https:\/\/i0.wp.com\/noticiasribeiraopreto.com.br\/wp-content\/uploads\/2025\/09\/USP_2025-09-16_14-59-34.webp.webp?fit=1200%2C673&ssl=1&resize=350%2C200 1x, https:\/\/i0.wp.com\/noticiasribeiraopreto.com.br\/wp-content\/uploads\/2025\/09\/USP_2025-09-16_14-59-34.webp.webp?fit=1200%2C673&ssl=1&resize=525%2C300 1.5x, https:\/\/i0.wp.com\/noticiasribeiraopreto.com.br\/wp-content\/uploads\/2025\/09\/USP_2025-09-16_14-59-34.webp.webp?fit=1200%2C673&ssl=1&resize=700%2C400 2x, https:\/\/i0.wp.com\/noticiasribeiraopreto.com.br\/wp-content\/uploads\/2025\/09\/USP_2025-09-16_14-59-34.webp.webp?fit=1200%2C673&ssl=1&resize=1050%2C600 3x"},"classes":[]},{"id":78019,"url":"https:\/\/noticiasribeiraopreto.com.br\/index.php\/2025\/09\/30\/usp-precisa-de-voluntarios-para-estudo-sobre-gordura-nos-rins-saiba-como-participar\/","url_meta":{"origin":82985,"position":2},"title":"USP precisa de volunt\u00e1rios para estudo sobre gordura nos rins; Saiba como participar","author":"noticiasribeiraopreto.com.br","date":"30 de September de 2025","format":false,"excerpt":"A Faculdade de Medicina de Ribeir\u00e3o Preto da USP (Universidade de S\u00e3o Paulo) est\u00e1 em busca de volunt\u00e1rios para uma pesquisa cl\u00ednica sobre ac\u00famulo de gordura nos rins em pacientes com obesidade grau um. O intuito do estudo \u00e9 avaliar as potenciais consequ\u00eancias desse ac\u00famulo na fun\u00e7\u00e3o renal, na perda\u2026","rel":"","context":"In &quot;Not\u00edcias de Ribeir\u00e3o Preto-SP e Regi\u00e3o&quot;","block_context":{"text":"Not\u00edcias de Ribeir\u00e3o Preto-SP e Regi\u00e3o","link":"https:\/\/noticiasribeiraopreto.com.br\/index.php\/category\/noticias-de-ribeirao-preto-sp-e-regiao-ismael-colosi\/"},"img":{"alt_text":"","src":"https:\/\/i0.wp.com\/noticiasribeiraopreto.com.br\/wp-content\/uploads\/2025\/06\/20170216_00_campus_ribeirao1.webp.webp?fit=800%2C420&ssl=1&resize=350%2C200","width":350,"height":200,"srcset":"https:\/\/i0.wp.com\/noticiasribeiraopreto.com.br\/wp-content\/uploads\/2025\/06\/20170216_00_campus_ribeirao1.webp.webp?fit=800%2C420&ssl=1&resize=350%2C200 1x, https:\/\/i0.wp.com\/noticiasribeiraopreto.com.br\/wp-content\/uploads\/2025\/06\/20170216_00_campus_ribeirao1.webp.webp?fit=800%2C420&ssl=1&resize=525%2C300 1.5x, https:\/\/i0.wp.com\/noticiasribeiraopreto.com.br\/wp-content\/uploads\/2025\/06\/20170216_00_campus_ribeirao1.webp.webp?fit=800%2C420&ssl=1&resize=700%2C400 2x"},"classes":[]},{"id":80645,"url":"https:\/\/noticiasribeiraopreto.com.br\/index.php\/2025\/12\/09\/usp-busca-voluntarios-para-estudo-sobre-exercicios-e-controle-da-diabetes-tipo-2\/","url_meta":{"origin":82985,"position":3},"title":"USP busca volunt\u00e1rios para estudo sobre exerc\u00edcios e controle da diabetes tipo 2","author":"noticiasribeiraopreto.com.br","date":"9 de December de 2025","format":false,"excerpt":"Pesquisadores Escola de Educa\u00e7\u00e3o F\u00edsica e Esporte de Ribeir\u00e3o Preto (EEFERP) da USP est\u00e3o em busca de volunt\u00e1rios para uma pesquisa que busca avaliar os efeitos do exerc\u00edcio f\u00edsico no controle da diabetes tipo 2. De acordo com as informa\u00e7\u00f5es, a pesquisa intuito de investigar os efeitos de um programa\u2026","rel":"","context":"In &quot;Not\u00edcias de Ribeir\u00e3o Preto-SP e Regi\u00e3o&quot;","block_context":{"text":"Not\u00edcias de Ribeir\u00e3o Preto-SP e Regi\u00e3o","link":"https:\/\/noticiasribeiraopreto.com.br\/index.php\/category\/noticias-de-ribeirao-preto-sp-e-regiao-ismael-colosi\/"},"img":{"alt_text":"","src":"https:\/\/i0.wp.com\/noticiasribeiraopreto.com.br\/wp-content\/uploads\/2025\/12\/Copia-de-Copia-de-Copia-de-TAMANHO-EXATO-PARA-FOTOS-NO-SISTEMA-NOVO-2025-10-23T152945.528_2025-10-23_18-29-50.webp.webp?fit=1200%2C675&ssl=1&resize=350%2C200","width":350,"height":200,"srcset":"https:\/\/i0.wp.com\/noticiasribeiraopreto.com.br\/wp-content\/uploads\/2025\/12\/Copia-de-Copia-de-Copia-de-TAMANHO-EXATO-PARA-FOTOS-NO-SISTEMA-NOVO-2025-10-23T152945.528_2025-10-23_18-29-50.webp.webp?fit=1200%2C675&ssl=1&resize=350%2C200 1x, https:\/\/i0.wp.com\/noticiasribeiraopreto.com.br\/wp-content\/uploads\/2025\/12\/Copia-de-Copia-de-Copia-de-TAMANHO-EXATO-PARA-FOTOS-NO-SISTEMA-NOVO-2025-10-23T152945.528_2025-10-23_18-29-50.webp.webp?fit=1200%2C675&ssl=1&resize=525%2C300 1.5x, https:\/\/i0.wp.com\/noticiasribeiraopreto.com.br\/wp-content\/uploads\/2025\/12\/Copia-de-Copia-de-Copia-de-TAMANHO-EXATO-PARA-FOTOS-NO-SISTEMA-NOVO-2025-10-23T152945.528_2025-10-23_18-29-50.webp.webp?fit=1200%2C675&ssl=1&resize=700%2C400 2x, https:\/\/i0.wp.com\/noticiasribeiraopreto.com.br\/wp-content\/uploads\/2025\/12\/Copia-de-Copia-de-Copia-de-TAMANHO-EXATO-PARA-FOTOS-NO-SISTEMA-NOVO-2025-10-23T152945.528_2025-10-23_18-29-50.webp.webp?fit=1200%2C675&ssl=1&resize=1050%2C600 3x"},"classes":[]},{"id":35790,"url":"https:\/\/noticiasribeiraopreto.com.br\/index.php\/2024\/02\/07\/usp-ribeirao-precisa-de-voluntarios-para-pesquisa-sobre-gordura-nos-rins\/","url_meta":{"origin":82985,"position":4},"title":"USP Ribeir\u00e3o precisa de volunt\u00e1rios para pesquisa sobre gordura nos rins","author":"noticiasribeiraopreto.com.br","date":"7 de February de 2024","format":false,"excerpt":"A Faculdade de Medicina de Ribeir\u00e3o Preto da USP (Universidade de S\u00e3o Paulo) precisa de volunt\u00e1rios com obesidade grau I para pesquisa sobre deposi\u00e7\u00e3o de gordura nos rins e complica\u00e7\u00f5es renais associadas com o problema. Podem participar do estudo pessoas com idades entre 18 e 35 anos, com IMC (\u00cdndice\u2026","rel":"","context":"In &quot;Not\u00edcias de Ribeir\u00e3o Preto-SP e Regi\u00e3o&quot;","block_context":{"text":"Not\u00edcias de Ribeir\u00e3o Preto-SP e Regi\u00e3o","link":"https:\/\/noticiasribeiraopreto.com.br\/index.php\/category\/noticias-de-ribeirao-preto-sp-e-regiao-ismael-colosi\/"},"img":{"alt_text":"","src":"https:\/\/i0.wp.com\/noticiasribeiraopreto.com.br\/wp-content\/uploads\/2024\/02\/CAMPUS-DA-USP-DE-RIBEIRAO-PRETO-1024x683.jpg?fit=1024%2C683&ssl=1&resize=350%2C200","width":350,"height":200,"srcset":"https:\/\/i0.wp.com\/noticiasribeiraopreto.com.br\/wp-content\/uploads\/2024\/02\/CAMPUS-DA-USP-DE-RIBEIRAO-PRETO-1024x683.jpg?fit=1024%2C683&ssl=1&resize=350%2C200 1x, https:\/\/i0.wp.com\/noticiasribeiraopreto.com.br\/wp-content\/uploads\/2024\/02\/CAMPUS-DA-USP-DE-RIBEIRAO-PRETO-1024x683.jpg?fit=1024%2C683&ssl=1&resize=525%2C300 1.5x, https:\/\/i0.wp.com\/noticiasribeiraopreto.com.br\/wp-content\/uploads\/2024\/02\/CAMPUS-DA-USP-DE-RIBEIRAO-PRETO-1024x683.jpg?fit=1024%2C683&ssl=1&resize=700%2C400 2x"},"classes":[]},{"id":76362,"url":"https:\/\/noticiasribeiraopreto.com.br\/index.php\/2025\/08\/27\/usp-ribeirao-busca-voluntarios-que-praticam-musculacao-para-estudo-cientifico\/","url_meta":{"origin":82985,"position":5},"title":"USP Ribeir\u00e3o busca volunt\u00e1rios que praticam muscula\u00e7\u00e3o para estudo cient\u00edfico","author":"noticiasribeiraopreto.com.br","date":"27 de August de 2025","format":false,"excerpt":"A Faculdade de Odontologia de Ribeir\u00e3o Preto da Universidade de S\u00e3o Paulo (FORP-USP) est\u00e1 recrutando praticantes regulares de muscula\u00e7\u00e3o para participar de um estudo que investiga comportamentos orais e faciais durante exerc\u00edcios de for\u00e7a. A pesquisa busca entender como h\u00e1bitos relacionados \u00e0 mand\u00edbula podem ocorrer durante treinos e se isso\u2026","rel":"","context":"In &quot;Not\u00edcias de Ribeir\u00e3o Preto-SP e Regi\u00e3o&quot;","block_context":{"text":"Not\u00edcias de Ribeir\u00e3o Preto-SP e Regi\u00e3o","link":"https:\/\/noticiasribeiraopreto.com.br\/index.php\/category\/noticias-de-ribeirao-preto-sp-e-regiao-ismael-colosi\/"},"img":{"alt_text":"","src":"https:\/\/i0.wp.com\/noticiasribeiraopreto.com.br\/wp-content\/uploads\/2025\/08\/Copia-de-Copia-de-Copia-de-TAMANHO-EXATO-PARA-FOTOS-NO-SISTEMA-NOVO-2025-08-27T152505.082_2025-08-27_18-25-16.webp.webp?fit=1200%2C675&ssl=1&resize=350%2C200","width":350,"height":200,"srcset":"https:\/\/i0.wp.com\/noticiasribeiraopreto.com.br\/wp-content\/uploads\/2025\/08\/Copia-de-Copia-de-Copia-de-TAMANHO-EXATO-PARA-FOTOS-NO-SISTEMA-NOVO-2025-08-27T152505.082_2025-08-27_18-25-16.webp.webp?fit=1200%2C675&ssl=1&resize=350%2C200 1x, https:\/\/i0.wp.com\/noticiasribeiraopreto.com.br\/wp-content\/uploads\/2025\/08\/Copia-de-Copia-de-Copia-de-TAMANHO-EXATO-PARA-FOTOS-NO-SISTEMA-NOVO-2025-08-27T152505.082_2025-08-27_18-25-16.webp.webp?fit=1200%2C675&ssl=1&resize=525%2C300 1.5x, https:\/\/i0.wp.com\/noticiasribeiraopreto.com.br\/wp-content\/uploads\/2025\/08\/Copia-de-Copia-de-Copia-de-TAMANHO-EXATO-PARA-FOTOS-NO-SISTEMA-NOVO-2025-08-27T152505.082_2025-08-27_18-25-16.webp.webp?fit=1200%2C675&ssl=1&resize=700%2C400 2x, https:\/\/i0.wp.com\/noticiasribeiraopreto.com.br\/wp-content\/uploads\/2025\/08\/Copia-de-Copia-de-Copia-de-TAMANHO-EXATO-PARA-FOTOS-NO-SISTEMA-NOVO-2025-08-27T152505.082_2025-08-27_18-25-16.webp.webp?fit=1200%2C675&ssl=1&resize=1050%2C600 3x"},"classes":[]}],"jetpack_sharing_enabled":true,"jetpack_shortlink":"https:\/\/wp.me\/peQAOb-lAt","_links":{"self":[{"href":"https:\/\/noticiasribeiraopreto.com.br\/index.php\/wp-json\/wp\/v2\/posts\/82985","targetHints":{"allow":["GET"]}}],"collection":[{"href":"https:\/\/noticiasribeiraopreto.com.br\/index.php\/wp-json\/wp\/v2\/posts"}],"about":[{"href":"https:\/\/noticiasribeiraopreto.com.br\/index.php\/wp-json\/wp\/v2\/types\/post"}],"author":[{"embeddable":true,"href":"https:\/\/noticiasribeiraopreto.com.br\/index.php\/wp-json\/wp\/v2\/users\/1"}],"replies":[{"embeddable":true,"href":"https:\/\/noticiasribeiraopreto.com.br\/index.php\/wp-json\/wp\/v2\/comments?post=82985"}],"version-history":[{"count":0,"href":"https:\/\/noticiasribeiraopreto.com.br\/index.php\/wp-json\/wp\/v2\/posts\/82985\/revisions"}],"wp:featuredmedia":[{"embeddable":true,"href":"https:\/\/noticiasribeiraopreto.com.br\/index.php\/wp-json\/wp\/v2\/media\/82986"}],"wp:attachment":[{"href":"https:\/\/noticiasribeiraopreto.com.br\/index.php\/wp-json\/wp\/v2\/media?parent=82985"}],"wp:term":[{"taxonomy":"category","embeddable":true,"href":"https:\/\/noticiasribeiraopreto.com.br\/index.php\/wp-json\/wp\/v2\/categories?post=82985"},{"taxonomy":"post_tag","embeddable":true,"href":"https:\/\/noticiasribeiraopreto.com.br\/index.php\/wp-json\/wp\/v2\/tags?post=82985"}],"curies":[{"name":"wp","href":"https:\/\/api.w.org\/{rel}","templated":true}]}}