{"id":82987,"date":"2026-03-05T11:03:28","date_gmt":"2026-03-05T14:03:28","guid":{"rendered":"https:\/\/noticiasribeiraopreto.com.br\/index.php\/2026\/03\/05\/comercial-perde-mais-uma-na-serie-a4-demite-tecnico-e-anuncia-pinho\/"},"modified":"2026-03-05T11:03:28","modified_gmt":"2026-03-05T14:03:28","slug":"comercial-perde-mais-uma-na-serie-a4-demite-tecnico-e-anuncia-pinho","status":"publish","type":"post","link":"https:\/\/noticiasribeiraopreto.com.br\/index.php\/2026\/03\/05\/comercial-perde-mais-uma-na-serie-a4-demite-tecnico-e-anuncia-pinho\/","title":{"rendered":"Comercial perde mais uma na S\u00e9rie A4, demite t\u00e9cnico e anuncia Pinho"},"content":{"rendered":"<div class='code-block code-block-1' style='margin: 8px 0 8px auto; text-align: right; display: block; clear: both;'>\n<p><a href=\"https:\/\/wa.link\/vpicfd\"><img data-recalc-dims=\"1\" class=\"wp-image-4922\" style=\"aspect-ratio: 2.0253164556962027; width: 561px; height: auto;\" src=\"https:\/\/i0.wp.com\/ismaelcolosi.com.br\/wp-content\/uploads\/2023\/11\/grupo-de-empregos-whatsapp-e-facebook-ismael-colosi-vagas.jpg?ssl=1\" alt=\"\" \/><\/a><\/p>\n<!-- \/wp:image -->\n<\/div>\n<p> <br \/>\n<\/p>\n<div>\n<p>Na tarde desta quarta-feira (4), o <strong>Comercial foi derrotado por 2 a 1 pelo S\u00e3o Caetano<\/strong>, no est\u00e1dio Anacleto Campanella, em partida v\u00e1lida pela S\u00e9rie A4 do Campeonato Paulista. No final do jogo, a <strong>assessoria do clube anunciou a demiss\u00e3o do t\u00e9cnico Raphael Pereira.<\/strong><\/p>\n<p>O clube passa a ser comandado pelo Pinho at\u00e9 o final da S\u00e9rie A4.<\/p>\n<div class=\"wp-block-image\">\n<figure class=\"aligncenter size-full is-resized\"><img data-recalc-dims=\"1\" fetchpriority=\"high\" decoding=\"async\" width=\"960\" height=\"718\" src=\"https:\/\/i0.wp.com\/cdn.media-acidadeon.com.br\/ribeiraopreto\/wp-content\/uploads\/sites\/3\/2026\/03\/image_2026-03-04_20-20-44.webp?resize=960%2C718&#038;ssl=1\" alt=\"t\u00e9cnico\" class=\"wp-image-147700\" style=\"width:880px;height:auto\" title=\"Comercial perde mais uma na S\u00e9rie A4, demite t\u00e9cnico e anuncia Pinho 1\" srcset=\"https:\/\/cdn.media-acidadeon.com.br\/ribeiraopreto\/wp-content\/uploads\/sites\/3\/2026\/03\/image_2026-03-04_20-20-44.webp 960w, https:\/\/cdn.media-acidadeon.com.br\/ribeiraopreto\/wp-content\/uploads\/sites\/3\/2026\/03\/image_2026-03-04_20-20-44-300x224.webp 300w, https:\/\/cdn.media-acidadeon.com.br\/ribeiraopreto\/wp-content\/uploads\/sites\/3\/2026\/03\/image_2026-03-04_20-20-44-768x574.webp 768w, https:\/\/cdn.media-acidadeon.com.br\/ribeiraopreto\/wp-content\/uploads\/sites\/3\/2026\/03\/image_2026-03-04_20-20-44-696x521.webp 696w\" sizes=\"(max-width: 960px) 100vw, 960px\"\/><figcaption class=\"wp-element-caption\">Foto: Comercial FC<\/figcaption><\/figure>\n<\/div>\n<h3 class=\"wp-block-heading\"><strong>Primeiro tempo<\/strong><\/h3>\n<p>O time de Ribeir\u00e3o Preto saiu na frente logo aos 2 minutos do primeiro tempo. David, camisa 11, marcou para o Bafo e abriu o placar.<\/p>\n<p><strong>Aos 11 minutos<\/strong>, por\u00e9m, o time da casa deixou tudo igual ap\u00f3s uma falha do goleiro Wendel. Jeovan aproveitou a oportunidade, balan\u00e7ou as redes e empatou a partida.<\/p>\n<figure class=\"wp-block-gallery has-nested-images columns-default is-cropped wp-block-gallery-1 is-layout-flex wp-block-gallery-is-layout-flex\">\n<figure class=\"wp-block-image size-large\"><img data-recalc-dims=\"1\" loading=\"lazy\" decoding=\"async\" width=\"1024\" height=\"684\" data-id=\"147697\" src=\"https:\/\/i0.wp.com\/cdn.media-acidadeon.com.br\/ribeiraopreto\/wp-content\/uploads\/sites\/3\/2026\/03\/WhatsApp-Image-2026-03-04-at-16.45.47_2026-03-04_20-16-09-1024x684.webp?resize=1024%2C684&#038;ssl=1\" alt=\"COMERCIAL\" class=\"wp-image-147697\" title=\"Comercial perde mais uma na S\u00e9rie A4, demite t\u00e9cnico e anuncia Pinho 2\" srcset=\"https:\/\/cdn.media-acidadeon.com.br\/ribeiraopreto\/wp-content\/uploads\/sites\/3\/2026\/03\/WhatsApp-Image-2026-03-04-at-16.45.47_2026-03-04_20-16-09-1024x684.webp 1024w, https:\/\/cdn.media-acidadeon.com.br\/ribeiraopreto\/wp-content\/uploads\/sites\/3\/2026\/03\/WhatsApp-Image-2026-03-04-at-16.45.47_2026-03-04_20-16-09-300x200.webp 300w, https:\/\/cdn.media-acidadeon.com.br\/ribeiraopreto\/wp-content\/uploads\/sites\/3\/2026\/03\/WhatsApp-Image-2026-03-04-at-16.45.47_2026-03-04_20-16-09-768x513.webp 768w, https:\/\/cdn.media-acidadeon.com.br\/ribeiraopreto\/wp-content\/uploads\/sites\/3\/2026\/03\/WhatsApp-Image-2026-03-04-at-16.45.47_2026-03-04_20-16-09-696x465.webp 696w, https:\/\/cdn.media-acidadeon.com.br\/ribeiraopreto\/wp-content\/uploads\/sites\/3\/2026\/03\/WhatsApp-Image-2026-03-04-at-16.45.47_2026-03-04_20-16-09-1068x713.webp 1068w, https:\/\/cdn.media-acidadeon.com.br\/ribeiraopreto\/wp-content\/uploads\/sites\/3\/2026\/03\/WhatsApp-Image-2026-03-04-at-16.45.47_2026-03-04_20-16-09.webp 1200w\" sizes=\"auto, (max-width: 1024px) 100vw, 1024px\"\/><figcaption class=\"wp-element-caption\">Foto: B\u00e1rbara Pires\/ Comercial FC<\/figcaption><\/figure>\n<figure class=\"wp-block-image size-large\"><img data-recalc-dims=\"1\" loading=\"lazy\" decoding=\"async\" width=\"1024\" height=\"684\" data-id=\"147696\" src=\"https:\/\/i0.wp.com\/cdn.media-acidadeon.com.br\/ribeiraopreto\/wp-content\/uploads\/sites\/3\/2026\/03\/WhatsApp-Image-2026-03-04-at-16.45.47-1_2026-03-04_20-16-07-1024x684.webp?resize=1024%2C684&#038;ssl=1\" alt=\"WhatsApp Image 2026 03 04 at 16.45.47 1 2026 03 04 20 16 07\" class=\"wp-image-147696\" title=\"Comercial perde mais uma na S\u00e9rie A4, demite t\u00e9cnico e anuncia Pinho 3\" srcset=\"https:\/\/cdn.media-acidadeon.com.br\/ribeiraopreto\/wp-content\/uploads\/sites\/3\/2026\/03\/WhatsApp-Image-2026-03-04-at-16.45.47-1_2026-03-04_20-16-07-1024x684.webp 1024w, https:\/\/cdn.media-acidadeon.com.br\/ribeiraopreto\/wp-content\/uploads\/sites\/3\/2026\/03\/WhatsApp-Image-2026-03-04-at-16.45.47-1_2026-03-04_20-16-07-300x200.webp 300w, https:\/\/cdn.media-acidadeon.com.br\/ribeiraopreto\/wp-content\/uploads\/sites\/3\/2026\/03\/WhatsApp-Image-2026-03-04-at-16.45.47-1_2026-03-04_20-16-07-768x513.webp 768w, https:\/\/cdn.media-acidadeon.com.br\/ribeiraopreto\/wp-content\/uploads\/sites\/3\/2026\/03\/WhatsApp-Image-2026-03-04-at-16.45.47-1_2026-03-04_20-16-07-696x465.webp 696w, https:\/\/cdn.media-acidadeon.com.br\/ribeiraopreto\/wp-content\/uploads\/sites\/3\/2026\/03\/WhatsApp-Image-2026-03-04-at-16.45.47-1_2026-03-04_20-16-07-1068x713.webp 1068w, https:\/\/cdn.media-acidadeon.com.br\/ribeiraopreto\/wp-content\/uploads\/sites\/3\/2026\/03\/WhatsApp-Image-2026-03-04-at-16.45.47-1_2026-03-04_20-16-07.webp 1200w\" sizes=\"auto, (max-width: 1024px) 100vw, 1024px\"\/><figcaption class=\"wp-element-caption\">Foto: B\u00e1rbara Pires\/ Comercial FC<\/figcaption><\/figure>\n<\/figure>\n<h3 class=\"wp-block-heading\"><strong>Etapa final<\/strong><\/h3>\n<p>No segundo tempo, <strong>mesmo com um jogador a menos<\/strong>, o S\u00e3o Caetano passou a dominar as a\u00e7\u00f5es. Aos 15 minutos, o camisa 4, Henrico, subiu mais alto que a defesa e cabeceou sem chances para o goleiro do Comercial, garantindo a virada.<\/p>\n<figure class=\"wp-block-gallery has-nested-images columns-default is-cropped wp-block-gallery-2 is-layout-flex wp-block-gallery-is-layout-flex\">\n<figure class=\"wp-block-image size-large\"><img data-recalc-dims=\"1\" loading=\"lazy\" decoding=\"async\" width=\"1024\" height=\"684\" data-id=\"147698\" src=\"https:\/\/i0.wp.com\/cdn.media-acidadeon.com.br\/ribeiraopreto\/wp-content\/uploads\/sites\/3\/2026\/03\/WhatsApp-Image-2026-03-04-at-16.45.48_2026-03-04_20-16-12-1024x684.webp?resize=1024%2C684&#038;ssl=1\" alt=\"WhatsApp Image 2026 03 04 at 16.45.48 2026 03 04 20 16 12\" class=\"wp-image-147698\" title=\"Comercial perde mais uma na S\u00e9rie A4, demite t\u00e9cnico e anuncia Pinho 4\" srcset=\"https:\/\/cdn.media-acidadeon.com.br\/ribeiraopreto\/wp-content\/uploads\/sites\/3\/2026\/03\/WhatsApp-Image-2026-03-04-at-16.45.48_2026-03-04_20-16-12-1024x684.webp 1024w, https:\/\/cdn.media-acidadeon.com.br\/ribeiraopreto\/wp-content\/uploads\/sites\/3\/2026\/03\/WhatsApp-Image-2026-03-04-at-16.45.48_2026-03-04_20-16-12-300x200.webp 300w, https:\/\/cdn.media-acidadeon.com.br\/ribeiraopreto\/wp-content\/uploads\/sites\/3\/2026\/03\/WhatsApp-Image-2026-03-04-at-16.45.48_2026-03-04_20-16-12-768x513.webp 768w, https:\/\/cdn.media-acidadeon.com.br\/ribeiraopreto\/wp-content\/uploads\/sites\/3\/2026\/03\/WhatsApp-Image-2026-03-04-at-16.45.48_2026-03-04_20-16-12-696x465.webp 696w, https:\/\/cdn.media-acidadeon.com.br\/ribeiraopreto\/wp-content\/uploads\/sites\/3\/2026\/03\/WhatsApp-Image-2026-03-04-at-16.45.48_2026-03-04_20-16-12-1068x713.webp 1068w, https:\/\/cdn.media-acidadeon.com.br\/ribeiraopreto\/wp-content\/uploads\/sites\/3\/2026\/03\/WhatsApp-Image-2026-03-04-at-16.45.48_2026-03-04_20-16-12.webp 1200w\" sizes=\"auto, (max-width: 1024px) 100vw, 1024px\"\/><figcaption class=\"wp-element-caption\">Foto: B\u00e1rbara Pires\/ Comercial FC<\/figcaption><\/figure>\n<figure class=\"wp-block-image size-large\"><img data-recalc-dims=\"1\" loading=\"lazy\" decoding=\"async\" width=\"1024\" height=\"684\" data-id=\"147695\" src=\"https:\/\/i0.wp.com\/cdn.media-acidadeon.com.br\/ribeiraopreto\/wp-content\/uploads\/sites\/3\/2026\/03\/WhatsApp-Image-2026-03-04-at-16.45.46_2026-03-04_20-16-05-1024x684.webp?resize=1024%2C684&#038;ssl=1\" alt=\"WhatsApp Image 2026 03 04 at 16.45.46 2026 03 04 20 16 05\" class=\"wp-image-147695\" title=\"Comercial perde mais uma na S\u00e9rie A4, demite t\u00e9cnico e anuncia Pinho 5\" srcset=\"https:\/\/cdn.media-acidadeon.com.br\/ribeiraopreto\/wp-content\/uploads\/sites\/3\/2026\/03\/WhatsApp-Image-2026-03-04-at-16.45.46_2026-03-04_20-16-05-1024x684.webp 1024w, https:\/\/cdn.media-acidadeon.com.br\/ribeiraopreto\/wp-content\/uploads\/sites\/3\/2026\/03\/WhatsApp-Image-2026-03-04-at-16.45.46_2026-03-04_20-16-05-300x200.webp 300w, https:\/\/cdn.media-acidadeon.com.br\/ribeiraopreto\/wp-content\/uploads\/sites\/3\/2026\/03\/WhatsApp-Image-2026-03-04-at-16.45.46_2026-03-04_20-16-05-768x513.webp 768w, https:\/\/cdn.media-acidadeon.com.br\/ribeiraopreto\/wp-content\/uploads\/sites\/3\/2026\/03\/WhatsApp-Image-2026-03-04-at-16.45.46_2026-03-04_20-16-05-696x465.webp 696w, https:\/\/cdn.media-acidadeon.com.br\/ribeiraopreto\/wp-content\/uploads\/sites\/3\/2026\/03\/WhatsApp-Image-2026-03-04-at-16.45.46_2026-03-04_20-16-05-1068x713.webp 1068w, https:\/\/cdn.media-acidadeon.com.br\/ribeiraopreto\/wp-content\/uploads\/sites\/3\/2026\/03\/WhatsApp-Image-2026-03-04-at-16.45.46_2026-03-04_20-16-05.webp 1200w\" sizes=\"auto, (max-width: 1024px) 100vw, 1024px\"\/><figcaption class=\"wp-element-caption\">Foto: B\u00e1rbara Pires\/ Comercial FC<\/figcaption><\/figure>\n<\/figure>\n<h3 class=\"wp-block-heading\"><strong>Na agenda<\/strong><\/h3>\n<p>Na pr\u00f3xima rodada, os dois times jogam neste s\u00e1bado, \u00e0s 15h. O Comercial recebe o lanterna Nacional, no Palma Travassos e o S\u00e3o Caetano visita o Taquaritinga.<\/p>\n<hr class=\"wp-block-separator has-alpha-channel-opacity\"\/>\n<p><strong><br \/><\/strong>SAIBA MAIS<br \/>Correios iniciam cadastro de pontos de coleta em Ribeir\u00e3o Preto<\/p>\n<h2 class=\"wp-block-heading\"><strong>FIQUE ON<\/strong><\/h2>\n<p>Fique ligado em tudo que acontece em Ribeir\u00e3o Preto e regi\u00e3o. Siga os perfis do<strong>\u00a0acidade on<\/strong>\u00a0no\u00a0<a href=\"https:\/\/www.instagram.com\/acidadeonribeirao\" target=\"_blank\" rel=\"noreferrer noopener\">Instagram<\/a>\u00a0e no\u00a0<a href=\"https:\/\/www.facebook.com\/acidadeonribeirao\/\" target=\"_blank\" rel=\"noreferrer noopener\">Facebook<\/a>.<\/p>\n<p>Receba not\u00edcias do<strong>\u00a0acidade on<\/strong>\u00a0no WhatsApp. Para entrar no grupo,\u00a0basta\u00a0<a href=\"https:\/\/chat.whatsapp.com\/GFH9HUMUTHNFJdnyEd0xxq\" target=\"_blank\" rel=\"noreferrer noopener\">clicar aqui<\/a>. Ou, acesse o nosso\u00a0Canal\u00a0<a href=\"https:\/\/whatsapp.com\/channel\/0029Vb6IQl1JENyAeS57fk2p\" target=\"_blank\" rel=\"noreferrer noopener\">clicando aqui<\/a>.<\/p>\n<p>Fa\u00e7a uma den\u00fancia ou sugira uma reportagem sobre Ribeir\u00e3o Preto e regi\u00e3o pelo WhatsApp: 16 99117 7802.<\/p>\n<p>VEJA TAMB\u00c9M<br \/>Decora\u00e7\u00e3o pet friendly: 5 cuidados para garantir a seguran\u00e7a do seu animal<\/p>\n<p><!-- AI CONTENT END 1 -->\n<\/div>\n<p><script async src=\"\/\/www.instagram.com\/embed.js\"><\/script><br \/>\n<br \/><br \/>\n<br \/><a href=\"https:\/\/www.acidadeon.com\/ribeiraopreto\/esportes\/comercial-perde-mais-uma-na-serie-a4-demite-tecnico-e-anuncia-pinho\/\">Source link <\/a><\/p>\n<!-- CONTENT END 1 -->\n","protected":false},"excerpt":{"rendered":"<p>Na tarde desta quarta-feira (4), o Comercial foi derrotado por 2 a 1 pelo S\u00e3o Caetano, no est\u00e1dio Anacleto Campanella, em partida v\u00e1lida pela S\u00e9rie&#8230;<\/p>\n","protected":false},"author":1,"featured_media":82988,"comment_status":"open","ping_status":"open","sticky":false,"template":"","format":"standard","meta":{"advanced_seo_description":"","jetpack_seo_html_title":"","jetpack_seo_noindex":false,"jetpack_post_was_ever_published":false,"_jetpack_newsletter_access":"","_jetpack_dont_email_post_to_subs":false,"_jetpack_newsletter_tier_id":0,"_jetpack_memberships_contains_paywalled_content":false,"_jetpack_memberships_contains_paid_content":false,"footnotes":"","jetpack_publicize_message":"","jetpack_publicize_feature_enabled":true,"jetpack_social_post_already_shared":true,"jetpack_social_options":{"image_generator_settings":{"template":"highway","default_image_id":0,"font":"","enabled":false},"version":2}},"categories":[11],"tags":[],"class_list":["post-82987","post","type-post","status-publish","format-standard","has-post-thumbnail","hentry","category-noticias-de-ribeirao-preto-sp-e-regiao-ismael-colosi"],"jetpack_publicize_connections":[],"jetpack_featured_media_url":"https:\/\/i0.wp.com\/noticiasribeiraopreto.com.br\/wp-content\/uploads\/2026\/03\/WhatsApp-Image-2026-03-04-at-16.45.46-1_2026-03-04_20-16-02.webp.webp?fit=1200%2C801&ssl=1","jetpack-related-posts":[{"id":83214,"url":"https:\/\/noticiasribeiraopreto.com.br\/index.php\/2026\/03\/12\/pinho-surpreende-e-deixa-o-comercial-apos-um-jogo\/","url_meta":{"origin":82987,"position":0},"title":"Pinho surpreende e deixa o Comercial ap\u00f3s um jogo","author":"noticiasribeiraopreto.com.br","date":"12 de March de 2026","format":false,"excerpt":"\r \r \r \r \r 12 de mar\u00e7o de 2026 21:53 \r Compartilhar0 \r Treinador alegou diverg\u00eancias internas com membros da comiss\u00e3o t\u00e9cnica Na noite desta quinta-feira o Comercial foi surpreendido com a sa\u00edda do t\u00e9cnico Pinho. Ele deixou o clube alegando diverg\u00eancias com membros da comiss\u00e3o t\u00e9cnica. Ele sequer\u2026","rel":"","context":"In &quot;Not\u00edcias de Ribeir\u00e3o Preto-SP e Regi\u00e3o&quot;","block_context":{"text":"Not\u00edcias de Ribeir\u00e3o Preto-SP e Regi\u00e3o","link":"https:\/\/noticiasribeiraopreto.com.br\/index.php\/category\/noticias-de-ribeirao-preto-sp-e-regiao-ismael-colosi\/"},"img":{"alt_text":"","src":"https:\/\/i0.wp.com\/noticiasribeiraopreto.com.br\/wp-content\/uploads\/2026\/03\/coemrcial-scaled.jpg?fit=1170%2C780&ssl=1&resize=350%2C200","width":350,"height":200,"srcset":"https:\/\/i0.wp.com\/noticiasribeiraopreto.com.br\/wp-content\/uploads\/2026\/03\/coemrcial-scaled.jpg?fit=1170%2C780&ssl=1&resize=350%2C200 1x, https:\/\/i0.wp.com\/noticiasribeiraopreto.com.br\/wp-content\/uploads\/2026\/03\/coemrcial-scaled.jpg?fit=1170%2C780&ssl=1&resize=525%2C300 1.5x, https:\/\/i0.wp.com\/noticiasribeiraopreto.com.br\/wp-content\/uploads\/2026\/03\/coemrcial-scaled.jpg?fit=1170%2C780&ssl=1&resize=700%2C400 2x, https:\/\/i0.wp.com\/noticiasribeiraopreto.com.br\/wp-content\/uploads\/2026\/03\/coemrcial-scaled.jpg?fit=1170%2C780&ssl=1&resize=1050%2C600 3x"},"classes":[]},{"id":83237,"url":"https:\/\/noticiasribeiraopreto.com.br\/index.php\/2026\/03\/13\/seria-a4-pinho-nao-e-mais-tecnico-do-comercial\/","url_meta":{"origin":82987,"position":1},"title":"S\u00e9ria A4: Pinho n\u00e3o \u00e9 mais t\u00e9cnico do Comercial","author":"noticiasribeiraopreto.com.br","date":"13 de March de 2026","format":false,"excerpt":"O t\u00e9cnico Ol\u00edmpio Batista Ferreira J\u00fanior, conhecido como Pinho, deixou o comando do Comercial poucos dias ap\u00f3s assumir o cargo. A demiss\u00e3o foi confirmada pelo t\u00e9cnico na noite desta quinta-feira (12). O treinador tinha sido anunciado oficialmente no dia 4 de mar\u00e7o, ap\u00f3s a demiss\u00e3o de Raphael Pereira. A mudan\u00e7a\u2026","rel":"","context":"In &quot;Not\u00edcias de Ribeir\u00e3o Preto-SP e Regi\u00e3o&quot;","block_context":{"text":"Not\u00edcias de Ribeir\u00e3o Preto-SP e Regi\u00e3o","link":"https:\/\/noticiasribeiraopreto.com.br\/index.php\/category\/noticias-de-ribeirao-preto-sp-e-regiao-ismael-colosi\/"},"img":{"alt_text":"","src":"https:\/\/i0.wp.com\/noticiasribeiraopreto.com.br\/wp-content\/uploads\/2026\/03\/pinho-comercial_2025-04-25_20-26-36.webp.webp?fit=1200%2C900&ssl=1&resize=350%2C200","width":350,"height":200,"srcset":"https:\/\/i0.wp.com\/noticiasribeiraopreto.com.br\/wp-content\/uploads\/2026\/03\/pinho-comercial_2025-04-25_20-26-36.webp.webp?fit=1200%2C900&ssl=1&resize=350%2C200 1x, https:\/\/i0.wp.com\/noticiasribeiraopreto.com.br\/wp-content\/uploads\/2026\/03\/pinho-comercial_2025-04-25_20-26-36.webp.webp?fit=1200%2C900&ssl=1&resize=525%2C300 1.5x, https:\/\/i0.wp.com\/noticiasribeiraopreto.com.br\/wp-content\/uploads\/2026\/03\/pinho-comercial_2025-04-25_20-26-36.webp.webp?fit=1200%2C900&ssl=1&resize=700%2C400 2x, https:\/\/i0.wp.com\/noticiasribeiraopreto.com.br\/wp-content\/uploads\/2026\/03\/pinho-comercial_2025-04-25_20-26-36.webp.webp?fit=1200%2C900&ssl=1&resize=1050%2C600 3x"},"classes":[]},{"id":82966,"url":"https:\/\/noticiasribeiraopreto.com.br\/index.php\/2026\/03\/04\/comercial-perde-de-virada-demite-tecnico-e-contrata-pinho\/","url_meta":{"origin":82987,"position":2},"title":"Comercial perde de virada, demite t\u00e9cnico e contrata Pinho","author":"noticiasribeiraopreto.com.br","date":"4 de March de 2026","format":false,"excerpt":"\r Mesmo com um a mais, Bafo \u00e9 superado pelo S\u00e3o Caetano e enfrenta crise\r \r 4 de mar\u00e7o de 2026 17:164 de mar\u00e7o de 2026 17:21 \r Compartilhar1 Por Hugo Luque O Comercial perdeu de virada para o S\u00e3o Caetano por 2 a 1 nesta quarta-feira (4), pela oitava\u2026","rel":"","context":"In &quot;Not\u00edcias de Ribeir\u00e3o Preto-SP e Regi\u00e3o&quot;","block_context":{"text":"Not\u00edcias de Ribeir\u00e3o Preto-SP e Regi\u00e3o","link":"https:\/\/noticiasribeiraopreto.com.br\/index.php\/category\/noticias-de-ribeirao-preto-sp-e-regiao-ismael-colosi\/"},"img":{"alt_text":"","src":"https:\/\/i0.wp.com\/noticiasribeiraopreto.com.br\/wp-content\/uploads\/2026\/03\/1772656083_1-Sao-Caetano-x-Comercial-Barbara-Pires_Comercial-FC-scaled.jpeg?fit=1169%2C780&ssl=1&resize=350%2C200","width":350,"height":200,"srcset":"https:\/\/i0.wp.com\/noticiasribeiraopreto.com.br\/wp-content\/uploads\/2026\/03\/1772656083_1-Sao-Caetano-x-Comercial-Barbara-Pires_Comercial-FC-scaled.jpeg?fit=1169%2C780&ssl=1&resize=350%2C200 1x, https:\/\/i0.wp.com\/noticiasribeiraopreto.com.br\/wp-content\/uploads\/2026\/03\/1772656083_1-Sao-Caetano-x-Comercial-Barbara-Pires_Comercial-FC-scaled.jpeg?fit=1169%2C780&ssl=1&resize=525%2C300 1.5x, https:\/\/i0.wp.com\/noticiasribeiraopreto.com.br\/wp-content\/uploads\/2026\/03\/1772656083_1-Sao-Caetano-x-Comercial-Barbara-Pires_Comercial-FC-scaled.jpeg?fit=1169%2C780&ssl=1&resize=700%2C400 2x, https:\/\/i0.wp.com\/noticiasribeiraopreto.com.br\/wp-content\/uploads\/2026\/03\/1772656083_1-Sao-Caetano-x-Comercial-Barbara-Pires_Comercial-FC-scaled.jpeg?fit=1169%2C780&ssl=1&resize=1050%2C600 3x"},"classes":[]},{"id":68493,"url":"https:\/\/noticiasribeiraopreto.com.br\/index.php\/2025\/04\/25\/situacao-financeira-muito-pior-disse-pinho-na-apresentacao-como-gerente-do-comercial\/","url_meta":{"origin":82987,"position":3},"title":"\u2018Situa\u00e7\u00e3o financeira muito pior\u2019, disse Pinho na apresenta\u00e7\u00e3o como gerente do Comercial","author":"noticiasribeiraopreto.com.br","date":"25 de April de 2025","format":false,"excerpt":"O Comercial apresentou nesta sexta-feira (25) Pinho como novo gerente de futebol do clube. T\u00e9cnico com tr\u00eas passagens pelo Le\u00e3o do Norte, Pinho disse que a equipe de Ribeir\u00e3o Preto ter\u00e1 de recome\u00e7ar do zero no planejamento da Copa Paulista. Pinho foi treinador do alvinegro em 2006 e em 2018,\u2026","rel":"","context":"In &quot;Not\u00edcias de Ribeir\u00e3o Preto-SP e Regi\u00e3o&quot;","block_context":{"text":"Not\u00edcias de Ribeir\u00e3o Preto-SP e Regi\u00e3o","link":"https:\/\/noticiasribeiraopreto.com.br\/index.php\/category\/noticias-de-ribeirao-preto-sp-e-regiao-ismael-colosi\/"},"img":{"alt_text":"","src":"https:\/\/i0.wp.com\/noticiasribeiraopreto.com.br\/wp-content\/uploads\/2025\/04\/pinho-comercial_2025-04-25_20-26-36.webp.webp?fit=1200%2C900&ssl=1&resize=350%2C200","width":350,"height":200,"srcset":"https:\/\/i0.wp.com\/noticiasribeiraopreto.com.br\/wp-content\/uploads\/2025\/04\/pinho-comercial_2025-04-25_20-26-36.webp.webp?fit=1200%2C900&ssl=1&resize=350%2C200 1x, https:\/\/i0.wp.com\/noticiasribeiraopreto.com.br\/wp-content\/uploads\/2025\/04\/pinho-comercial_2025-04-25_20-26-36.webp.webp?fit=1200%2C900&ssl=1&resize=525%2C300 1.5x, https:\/\/i0.wp.com\/noticiasribeiraopreto.com.br\/wp-content\/uploads\/2025\/04\/pinho-comercial_2025-04-25_20-26-36.webp.webp?fit=1200%2C900&ssl=1&resize=700%2C400 2x, https:\/\/i0.wp.com\/noticiasribeiraopreto.com.br\/wp-content\/uploads\/2025\/04\/pinho-comercial_2025-04-25_20-26-36.webp.webp?fit=1200%2C900&ssl=1&resize=1050%2C600 3x"},"classes":[]},{"id":85333,"url":"https:\/\/noticiasribeiraopreto.com.br\/index.php\/2026\/04\/29\/raphael-pereira-retorna-para-comandar-comercial-na-copa-paulista\/","url_meta":{"origin":82987,"position":4},"title":"Raphael Pereira retorna para comandar Comercial na Copa Paulista","author":"noticiasribeiraopreto.com.br","date":"29 de April de 2026","format":false,"excerpt":"\r T\u00e9cnico esteve \u00e0 frente do Bafo em quatro partidas na S\u00e9rie A4 deste ano\r \r 29 de abril de 2026 12:56 \r Compartilhar1 Por Hugo Luque O Comercial oficializou o retorno de Raphael Pereira para o cargo de t\u00e9cnico. Menos de dois meses ap\u00f3s sua demiss\u00e3o, o profissional de\u2026","rel":"","context":"In &quot;Not\u00edcias de Ribeir\u00e3o Preto-SP e Regi\u00e3o&quot;","block_context":{"text":"Not\u00edcias de Ribeir\u00e3o Preto-SP e Regi\u00e3o","link":"https:\/\/noticiasribeiraopreto.com.br\/index.php\/category\/noticias-de-ribeirao-preto-sp-e-regiao-ismael-colosi\/"},"img":{"alt_text":"","src":"https:\/\/i0.wp.com\/noticiasribeiraopreto.com.br\/wp-content\/uploads\/2026\/04\/2-TEC-Raphael-Pereira-Raul-Ramos.jpg?fit=799%2C533&ssl=1&resize=350%2C200","width":350,"height":200,"srcset":"https:\/\/i0.wp.com\/noticiasribeiraopreto.com.br\/wp-content\/uploads\/2026\/04\/2-TEC-Raphael-Pereira-Raul-Ramos.jpg?fit=799%2C533&ssl=1&resize=350%2C200 1x, https:\/\/i0.wp.com\/noticiasribeiraopreto.com.br\/wp-content\/uploads\/2026\/04\/2-TEC-Raphael-Pereira-Raul-Ramos.jpg?fit=799%2C533&ssl=1&resize=525%2C300 1.5x, https:\/\/i0.wp.com\/noticiasribeiraopreto.com.br\/wp-content\/uploads\/2026\/04\/2-TEC-Raphael-Pereira-Raul-Ramos.jpg?fit=799%2C533&ssl=1&resize=700%2C400 2x"},"classes":[]},{"id":83275,"url":"https:\/\/noticiasribeiraopreto.com.br\/index.php\/2026\/03\/14\/comercial-fica-no-empate-em-aracatuba\/","url_meta":{"origin":82987,"position":5},"title":"Comercial fica no empate em Ara\u00e7atuba","author":"noticiasribeiraopreto.com.br","date":"14 de March de 2026","format":false,"excerpt":"\r \r \r 14 de mar\u00e7o de 2026 19:31 \r Compartilhar0 Deu empate sem gols no jogo entre Ara\u00e7atuba e Comercial, realizado na tarde deste s\u00e1bado no est\u00e1dio Doutor Adhemar de Barros, em Ara\u00e7atuba, pela d\u00e9cima rodada da S\u00e9rie A4 do Campeonato Paulista. No jogo de hoje o Le\u00e3o foi\u2026","rel":"","context":"In &quot;Not\u00edcias de Ribeir\u00e3o Preto-SP e Regi\u00e3o&quot;","block_context":{"text":"Not\u00edcias de Ribeir\u00e3o Preto-SP e Regi\u00e3o","link":"https:\/\/noticiasribeiraopreto.com.br\/index.php\/category\/noticias-de-ribeirao-preto-sp-e-regiao-ismael-colosi\/"},"img":{"alt_text":"","src":"https:\/\/i0.wp.com\/noticiasribeiraopreto.com.br\/wp-content\/uploads\/2026\/03\/AEA-0-x-0-CFC-scaled.jpg?fit=975%2C780&ssl=1&resize=350%2C200","width":350,"height":200,"srcset":"https:\/\/i0.wp.com\/noticiasribeiraopreto.com.br\/wp-content\/uploads\/2026\/03\/AEA-0-x-0-CFC-scaled.jpg?fit=975%2C780&ssl=1&resize=350%2C200 1x, https:\/\/i0.wp.com\/noticiasribeiraopreto.com.br\/wp-content\/uploads\/2026\/03\/AEA-0-x-0-CFC-scaled.jpg?fit=975%2C780&ssl=1&resize=525%2C300 1.5x, https:\/\/i0.wp.com\/noticiasribeiraopreto.com.br\/wp-content\/uploads\/2026\/03\/AEA-0-x-0-CFC-scaled.jpg?fit=975%2C780&ssl=1&resize=700%2C400 2x"},"classes":[]}],"jetpack_sharing_enabled":true,"jetpack_shortlink":"https:\/\/wp.me\/peQAOb-lAv","_links":{"self":[{"href":"https:\/\/noticiasribeiraopreto.com.br\/index.php\/wp-json\/wp\/v2\/posts\/82987","targetHints":{"allow":["GET"]}}],"collection":[{"href":"https:\/\/noticiasribeiraopreto.com.br\/index.php\/wp-json\/wp\/v2\/posts"}],"about":[{"href":"https:\/\/noticiasribeiraopreto.com.br\/index.php\/wp-json\/wp\/v2\/types\/post"}],"author":[{"embeddable":true,"href":"https:\/\/noticiasribeiraopreto.com.br\/index.php\/wp-json\/wp\/v2\/users\/1"}],"replies":[{"embeddable":true,"href":"https:\/\/noticiasribeiraopreto.com.br\/index.php\/wp-json\/wp\/v2\/comments?post=82987"}],"version-history":[{"count":0,"href":"https:\/\/noticiasribeiraopreto.com.br\/index.php\/wp-json\/wp\/v2\/posts\/82987\/revisions"}],"wp:featuredmedia":[{"embeddable":true,"href":"https:\/\/noticiasribeiraopreto.com.br\/index.php\/wp-json\/wp\/v2\/media\/82988"}],"wp:attachment":[{"href":"https:\/\/noticiasribeiraopreto.com.br\/index.php\/wp-json\/wp\/v2\/media?parent=82987"}],"wp:term":[{"taxonomy":"category","embeddable":true,"href":"https:\/\/noticiasribeiraopreto.com.br\/index.php\/wp-json\/wp\/v2\/categories?post=82987"},{"taxonomy":"post_tag","embeddable":true,"href":"https:\/\/noticiasribeiraopreto.com.br\/index.php\/wp-json\/wp\/v2\/tags?post=82987"}],"curies":[{"name":"wp","href":"https:\/\/api.w.org\/{rel}","templated":true}]}}