{"id":82989,"date":"2026-03-05T11:10:15","date_gmt":"2026-03-05T14:10:15","guid":{"rendered":"https:\/\/noticiasribeiraopreto.com.br\/index.php\/2026\/03\/05\/pf-prende-seis-em-operacao-contra-imigracao-ilegal\/"},"modified":"2026-03-05T11:10:15","modified_gmt":"2026-03-05T14:10:15","slug":"pf-prende-seis-em-operacao-contra-imigracao-ilegal","status":"publish","type":"post","link":"https:\/\/noticiasribeiraopreto.com.br\/index.php\/2026\/03\/05\/pf-prende-seis-em-operacao-contra-imigracao-ilegal\/","title":{"rendered":"PF prende seis em opera\u00e7\u00e3o contra imigra\u00e7\u00e3o ilegal"},"content":{"rendered":"<div class='code-block code-block-1' style='margin: 8px 0 8px auto; text-align: right; display: block; clear: both;'>\n<p><a href=\"https:\/\/wa.link\/vpicfd\"><img data-recalc-dims=\"1\" class=\"wp-image-4922\" style=\"aspect-ratio: 2.0253164556962027; width: 561px; height: auto;\" src=\"https:\/\/i0.wp.com\/ismaelcolosi.com.br\/wp-content\/uploads\/2023\/11\/grupo-de-empregos-whatsapp-e-facebook-ismael-colosi-vagas.jpg?ssl=1\" alt=\"\" \/><\/a><\/p>\n<!-- \/wp:image -->\n<\/div>\n<p> <br \/>\n<\/p>\n<div id=\"\">&#13;<\/p>\n<h2 class=\"penci-post-subtitle\">A\u00e7\u00e3o \u00e9 decorrente de investiga\u00e7\u00f5es sobre desaparecimento de casal de Ribeir\u00e3o Preto que tentava entrar nos EUA com a ajuda de coiotes<\/h2>\n<p>&#13;<\/p>\n<p>&#13;<br \/>\n\t\t\t\t\t\t\t\t\t<span class=\"entry-meta-item penci-posted-on\"><i class=\"fa fa-clock-o\"\/><time class=\"entry-date published updated\" datetime=\"2026-03-05T11:04:08-03:00\">5 de mar\u00e7o de 2026 11:04<\/time><\/span><span class=\"entry-meta-item penci-post-countview\"\/>\t\t\t\t\t\t\t\t<\/p>\n<p><!-- .entry-meta -->&#13;<br \/>\n\t\t\t\t\t\t\t\t<span class=\"penci-social-buttons penci-social-share-footer\"><span class=\"penci-social-share-text\">Compartilhar<\/span><a href=\"#\" class=\"penci-post-like penci_post-meta_item  single-like-button penci-social-item like\" data-post_id=\"456403\" title=\"Like\" data-like=\"Like\" data-unlike=\"Unlike\"><i class=\"fa fa-thumbs-o-up\"\/><span class=\"penci-share-number\">1<\/span><\/a><i class=\"fa fa-facebook\"\/><a class=\"penci-social-item twitter\" target=\"_blank\" rel=\"noopener\" title=\"\" href=\"https:\/\/twitter.com\/intent\/tweet?text=PF%20prende%20seis%20em%20opera\u00e7\u00e3o%20contra%20imigra\u00e7\u00e3o%20ilegal%20-%20https:\/\/www.tribunaribeirao.com.br\/pf-prende-seis-em-operacao-contra-imigracao-ilegal\/\"><i class=\"fa fa-twitter\"\/><\/a><i class=\"fa fa-linkedin\"\/><i class=\"fa fa-whatsapp\"\/><i class=\"fa fa-telegram\"\/><i class=\"fa fa-envelope\"\/><\/span>\t\t\t\t\t\t\t<\/div>\n<div>\n<p>Por: Adalberto Luque \u2013<\/p>\n<p>Seis pessoas foram presas, na manh\u00e3 desta quinta-feira (5), no \u00e2mbito da segunda fase da Opera\u00e7\u00e3o Borderless. A a\u00e7\u00e3o foi deflagrada pela Delegacia de Pol\u00edcia Federal de Ribeir\u00e3o Preto, contra integrantes de uma associa\u00e7\u00e3o criminosa que promovia a imigra\u00e7\u00e3o ilegal de brasileiros para os Estados Unidos, atrav\u00e9s da fronteira com o M\u00e9xico.<\/p>\n<p>As investiga\u00e7\u00f5es em torno da a\u00e7\u00e3o da quadrilha come\u00e7aram em mar\u00e7o de 2021, ap\u00f3s o desaparecimento do casal ribeir\u00e3o-pretano Raiane Samira dos Santos e Daniel Sann Mour\u00e3o Almeida. Os dois estavam em um barco com outros imigrantes ilegais e dois coiotes, que fazia a travessia mar\u00edtima entre as cidades de Tijuana (M\u00e9xico) e San Diego (EUA), quando desapareceram,<\/p>\n<figure id=\"attachment_456405\" aria-describedby=\"caption-attachment-456405\" style=\"width: 1040px\" class=\"wp-caption alignnone\"><img data-recalc-dims=\"1\" loading=\"lazy\" decoding=\"async\" class=\"size-full wp-image-456405 lazyload\" src=\"https:\/\/i0.wp.com\/www.tribunaribeirao.com.br\/wp-content\/uploads\/2026\/03\/05-mar-2026-acaocoiotes2-scaled.jpg?resize=1040%2C780&#038;ssl=1\" alt=\"\" width=\"1040\" height=\"780\" srcset=\"https:\/\/www.tribunaribeirao.com.br\/wp-content\/uploads\/2026\/03\/05-mar-2026-acaocoiotes2-scaled.jpg 1040w, https:\/\/www.tribunaribeirao.com.br\/wp-content\/uploads\/2026\/03\/05-mar-2026-acaocoiotes2-300x225.jpg 300w, https:\/\/www.tribunaribeirao.com.br\/wp-content\/uploads\/2026\/03\/05-mar-2026-acaocoiotes2-1024x768.jpg 1024w, https:\/\/www.tribunaribeirao.com.br\/wp-content\/uploads\/2026\/03\/05-mar-2026-acaocoiotes2-768x576.jpg 768w, https:\/\/www.tribunaribeirao.com.br\/wp-content\/uploads\/2026\/03\/05-mar-2026-acaocoiotes2-760x570.jpg 760w, https:\/\/www.tribunaribeirao.com.br\/wp-content\/uploads\/2026\/03\/05-mar-2026-acaocoiotes2-960x720.jpg 960w, https:\/\/www.tribunaribeirao.com.br\/wp-content\/uploads\/2026\/03\/05-mar-2026-acaocoiotes2-533x400.jpg 533w, https:\/\/www.tribunaribeirao.com.br\/wp-content\/uploads\/2026\/03\/05-mar-2026-acaocoiotes2-585x439.jpg 585w\" data-sizes=\"(max-width: 1040px) 100vw, 1040px\" style=\"--smush-placeholder-width: 1040px; --smush-placeholder-aspect-ratio: 1040\/780;\"\/><figcaption id=\"caption-attachment-456405\" class=\"wp-caption-text\">Seis pessoas foram presas durante opera\u00e7\u00e3o deflagrada pela PF de Ribeir\u00e3o Preto em Goi\u00e1s (Foto: PF\/Divulga\u00e7\u00e3o)<\/figcaption><\/figure>\n<p>De acordo com a PF, o grupo teve 142 a\u00e7\u00f5es de envio de brasileiros ao exterior comprovadas no decorrer das investiga\u00e7\u00f5es. Os federais cumpriram, nesta segunda fase, seis mandados de pris\u00e3o e cinco de busca e apreens\u00e3o nas cidades de Goi\u00e2nia e Hidrol\u00e2ndia, ambas no estado de Goi\u00e1s.<\/p>\n<p>Todos os investigados foram presos. Al\u00e9m disso, com autoriza\u00e7\u00e3o da Justi\u00e7a, a PF apreendeu ve\u00edculos de luxo e efetuou o bloqueio de bens e contas banc\u00e1rias. Essas medidas s\u00e3o tomadas para interromper a atividade criminosa, preservando provas e recuperando ativos obtidos ilicitamente pelo grupo.<\/p>\n<p>Se condenados, os presos na opera\u00e7\u00e3o podem estar sujeitos a penas que podem chegar at\u00e9 cinco anos de reclus\u00e3o. Devem responder pelos crimes de associa\u00e7\u00e3o criminosa e promo\u00e7\u00e3o de migra\u00e7\u00e3o ilegal.<\/p>\n<figure id=\"attachment_456404\" aria-describedby=\"caption-attachment-456404\" style=\"width: 882px\" class=\"wp-caption alignnone\"><img data-recalc-dims=\"1\" loading=\"lazy\" decoding=\"async\" class=\"size-full wp-image-456404 lazyload\" src=\"https:\/\/i0.wp.com\/www.tribunaribeirao.com.br\/wp-content\/uploads\/2026\/03\/05-mar-2026-acaocoiotes1-scaled.jpg?resize=882%2C780&#038;ssl=1\" alt=\"\" width=\"882\" height=\"780\" srcset=\"https:\/\/www.tribunaribeirao.com.br\/wp-content\/uploads\/2026\/03\/05-mar-2026-acaocoiotes1-scaled.jpg 882w, https:\/\/www.tribunaribeirao.com.br\/wp-content\/uploads\/2026\/03\/05-mar-2026-acaocoiotes1-300x265.jpg 300w, https:\/\/www.tribunaribeirao.com.br\/wp-content\/uploads\/2026\/03\/05-mar-2026-acaocoiotes1-1024x905.jpg 1024w, https:\/\/www.tribunaribeirao.com.br\/wp-content\/uploads\/2026\/03\/05-mar-2026-acaocoiotes1-768x679.jpg 768w, https:\/\/www.tribunaribeirao.com.br\/wp-content\/uploads\/2026\/03\/05-mar-2026-acaocoiotes1-1536x1358.jpg 1536w, https:\/\/www.tribunaribeirao.com.br\/wp-content\/uploads\/2026\/03\/05-mar-2026-acaocoiotes1-960x849.jpg 960w, https:\/\/www.tribunaribeirao.com.br\/wp-content\/uploads\/2026\/03\/05-mar-2026-acaocoiotes1-453x400.jpg 453w, https:\/\/www.tribunaribeirao.com.br\/wp-content\/uploads\/2026\/03\/05-mar-2026-acaocoiotes1-585x517.jpg 585w\" data-sizes=\"(max-width: 882px) 100vw, 882px\" style=\"--smush-placeholder-width: 882px; --smush-placeholder-aspect-ratio: 882\/780;\"\/><figcaption id=\"caption-attachment-456404\" class=\"wp-caption-text\">Al\u00e9m das pris\u00f5es, houve apreens\u00e3o de bens, como carros de luxo e confisco de aplica\u00e7\u00f5es e saldos de contas banc\u00e1rias (Foto: PF\/Divulga\u00e7\u00e3o)<\/figcaption><\/figure>\n<p>Na primeira fase da Opera\u00e7\u00e3o Borderless, realizada em 2023, a PF prendeu um dos coiotes e descobriu que o casal estava em um barco que teria naufragado. As investiga\u00e7\u00f5es apontaram que os dois teriam contratado o grupo de coiotes goianos para entrar ilegalmente nos EUA por US$ 42 mil e j\u00e1 teriam pagos, antecipadamente, R$ 1,7 mil.<\/p>\n<p><strong>Relembre o caso<\/strong><\/p>\n<p>Raiane e Daniel decidiram tentar o sonho americano: morar e trabalhar nos Estados Unidos. Como milhares de brasileiros sem visto de trabalho, decidiram entrar pela fronteira dos EUA com o M\u00e9xico, com a ajuda de coiotes que prometiam a travessia.<\/p>\n<p>O \u00faltimo contato do casal com as fam\u00edlias foi em 12 de mar\u00e7o de 2021. A PF descobriu que os dois estavam em um barco, fazendo a travessia entre Tijuana e San Diego, na costa Oeste dos EUA. No barco, al\u00e9m deles, havia outros cinco imigrantes e dois coiotes.<\/p>\n<p>A embarca\u00e7\u00e3o teria naufragado e os corpos do casal n\u00e3o foram encontrados. A PF tamb\u00e9m descartou, no curso das investiga\u00e7\u00f5es, a hip\u00f3tese de que eles pudessem ter sido capturados por algum servi\u00e7o que combate a imigra\u00e7\u00e3o ilegal nos EUA.<\/p>\n<\/div>\n<p><script async src=\"\/\/platform.twitter.com\/widgets.js\" charset=\"utf-8\"><\/script><br \/>\n<br \/><br \/>\n<br \/><a href=\"https:\/\/www.tribunaribeirao.com.br\/pf-prende-seis-em-operacao-contra-imigracao-ilegal\/\">Source link <\/a><\/p>\n<!-- CONTENT END 1 -->\n","protected":false},"excerpt":{"rendered":"<p>&#13; A\u00e7\u00e3o \u00e9 decorrente de investiga\u00e7\u00f5es sobre desaparecimento de casal de Ribeir\u00e3o Preto que tentava entrar nos EUA com a ajuda de coiotes &#13; &#13;&#8230;<\/p>\n","protected":false},"author":1,"featured_media":82990,"comment_status":"open","ping_status":"open","sticky":false,"template":"","format":"standard","meta":{"advanced_seo_description":"","jetpack_seo_html_title":"","jetpack_seo_noindex":false,"jetpack_post_was_ever_published":false,"_jetpack_newsletter_access":"","_jetpack_dont_email_post_to_subs":false,"_jetpack_newsletter_tier_id":0,"_jetpack_memberships_contains_paywalled_content":false,"_jetpack_memberships_contains_paid_content":false,"footnotes":"","jetpack_publicize_message":"","jetpack_publicize_feature_enabled":true,"jetpack_social_post_already_shared":true,"jetpack_social_options":{"image_generator_settings":{"template":"highway","default_image_id":0,"font":"","enabled":false},"version":2}},"categories":[11],"tags":[],"class_list":["post-82989","post","type-post","status-publish","format-standard","has-post-thumbnail","hentry","category-noticias-de-ribeirao-preto-sp-e-regiao-ismael-colosi"],"jetpack_publicize_connections":[],"jetpack_featured_media_url":"https:\/\/i0.wp.com\/noticiasribeiraopreto.com.br\/wp-content\/uploads\/2026\/03\/05-mar-2026-acaocoiotes3.jpg?fit=1000%2C626&ssl=1","jetpack-related-posts":[{"id":46084,"url":"https:\/\/noticiasribeiraopreto.com.br\/index.php\/2024\/04\/09\/consultora-assistente-de-recrutamento-e-selecao\/","url_meta":{"origin":82989,"position":0},"title":"Consultora assistente de recrutamento e sele\u00e7\u00e3o","author":"noticiasribeiraopreto.com.br","date":"9 de April de 2024","format":false,"excerpt":"Consultora assistente - assessoria Ribeir\u00e3o Preto View JobConsultora assistente de recrutamento e sele\u00e7\u00e3o Ribeir\u00e3o PretoView JobVendedor T\u00e9cnico Externo S\u00e3o Jos\u00e9 do Rio Preto - SPView JobAnalista de Recursos Humanos S\u00eanior Ribeir\u00e3o Preto - SPView JobVendedor de alta performanceRibeir\u00e3o Preto - SP View JobConsultor de Vendas Pleno Ribeir\u00e3o PretoView JobProdutor audiovisualRibeir\u00e3o\u2026","rel":"","context":"In &quot;Vagas de Emprego em Ribeir\u00e3o Preto-SP&quot;","block_context":{"text":"Vagas de Emprego em Ribeir\u00e3o Preto-SP","link":"https:\/\/noticiasribeiraopreto.com.br\/index.php\/category\/empregos-classificados-vagas-trabalho\/vagas-de-empregos-em-ribeirao-preto-regiao-brasil\/"},"img":{"alt_text":"","src":"","width":0,"height":0},"classes":[]},{"id":29795,"url":"https:\/\/noticiasribeiraopreto.com.br\/index.php\/2024\/01\/19\/atendente-e-sac-13\/","url_meta":{"origin":82989,"position":1},"title":"Atendente e SAC","author":"noticiasribeiraopreto.com.br","date":"19 de January de 2024","format":false,"excerpt":"Atendente e SAC Ribeir\u00e3o Preto (SP)View JobGerente de Marketing e Relacionamento Ribeir\u00e3o Preto e Regi\u00e3o View JobGerente Industrial \/ Produ\u00e7\u00e3o Regi\u00e3o do ABC \u2013 S\u00e3o Paulo View JobGerente de Vendas Externo S\u00e3o Paulo Capital e Grande S\u00e3o PauloView JobDIRETOR(A) DE SUSTENBALIDADE Ribeir\u00e3o Preto (SP)View JobCONTROLLER \u2013 INGL\u00caS FLUENTERibeir\u00e3o Preto (SP)View\u2026","rel":"","context":"In &quot;Vagas de Emprego em Ribeir\u00e3o Preto-SP&quot;","block_context":{"text":"Vagas de Emprego em Ribeir\u00e3o Preto-SP","link":"https:\/\/noticiasribeiraopreto.com.br\/index.php\/category\/empregos-classificados-vagas-trabalho\/vagas-de-empregos-em-ribeirao-preto-regiao-brasil\/"},"img":{"alt_text":"","src":"","width":0,"height":0},"classes":[]},{"id":31467,"url":"https:\/\/noticiasribeiraopreto.com.br\/index.php\/2024\/01\/22\/atendente-e-sac-14\/","url_meta":{"origin":82989,"position":2},"title":"Atendente e SAC","author":"noticiasribeiraopreto.com.br","date":"22 de January de 2024","format":false,"excerpt":"Atendente e SAC Ribeir\u00e3o Preto (SP)View JobGerente de Marketing e Relacionamento Ribeir\u00e3o Preto e Regi\u00e3o View JobGerente Industrial \/ Produ\u00e7\u00e3o Regi\u00e3o do ABC \u2013 S\u00e3o Paulo View JobGerente de Vendas Externo S\u00e3o Paulo Capital e Grande S\u00e3o PauloView JobDIRETOR(A) DE SUSTENBALIDADE Ribeir\u00e3o Preto (SP)View JobCONTROLLER \u2013 INGL\u00caS FLUENTERibeir\u00e3o Preto (SP)View\u2026","rel":"","context":"In &quot;Vagas de Emprego em Ribeir\u00e3o Preto-SP&quot;","block_context":{"text":"Vagas de Emprego em Ribeir\u00e3o Preto-SP","link":"https:\/\/noticiasribeiraopreto.com.br\/index.php\/category\/empregos-classificados-vagas-trabalho\/vagas-de-empregos-em-ribeirao-preto-regiao-brasil\/"},"img":{"alt_text":"","src":"","width":0,"height":0},"classes":[]},{"id":28656,"url":"https:\/\/noticiasribeiraopreto.com.br\/index.php\/2024\/01\/16\/atendente-e-sac-12\/","url_meta":{"origin":82989,"position":3},"title":"Atendente e SAC","author":"noticiasribeiraopreto.com.br","date":"16 de January de 2024","format":false,"excerpt":"Atendente e SAC Ribeir\u00e3o Preto (SP)View JobGerente de Marketing e Relacionamento Ribeir\u00e3o Preto e Regi\u00e3o View JobGerente Industrial \/ Produ\u00e7\u00e3o Regi\u00e3o do ABC \u2013 S\u00e3o Paulo View JobGerente de Vendas Externo S\u00e3o Paulo Capital e Grande S\u00e3o PauloView JobDIRETOR(A) DE SUSTENBALIDADE Ribeir\u00e3o Preto (SP)View JobCONTROLLER \u2013 INGL\u00caS FLUENTERibeir\u00e3o Preto (SP)View\u2026","rel":"","context":"In &quot;Vagas de Emprego em Ribeir\u00e3o Preto-SP&quot;","block_context":{"text":"Vagas de Emprego em Ribeir\u00e3o Preto-SP","link":"https:\/\/noticiasribeiraopreto.com.br\/index.php\/category\/empregos-classificados-vagas-trabalho\/vagas-de-empregos-em-ribeirao-preto-regiao-brasil\/"},"img":{"alt_text":"","src":"","width":0,"height":0},"classes":[]},{"id":23108,"url":"https:\/\/noticiasribeiraopreto.com.br\/index.php\/2024\/01\/01\/atendente-e-sac-8\/","url_meta":{"origin":82989,"position":4},"title":"Atendente e SAC","author":"noticiasribeiraopreto.com.br","date":"1 de January de 2024","format":false,"excerpt":"Atendente e SAC Ribeir\u00e3o Preto (SP)View JobGerente de Marketing e Relacionamento Ribeir\u00e3o Preto e Regi\u00e3o View JobGerente Industrial \/ Produ\u00e7\u00e3o Regi\u00e3o do ABC \u2013 S\u00e3o Paulo View JobGerente de Vendas Externo S\u00e3o Paulo Capital e Grande S\u00e3o PauloView JobDIRETOR(A) DE SUSTENBALIDADE Ribeir\u00e3o Preto (SP)View JobCONTROLLER \u2013 INGL\u00caS FLUENTERibeir\u00e3o Preto (SP)View\u2026","rel":"","context":"In &quot;Vagas de Emprego em Ribeir\u00e3o Preto-SP&quot;","block_context":{"text":"Vagas de Emprego em Ribeir\u00e3o Preto-SP","link":"https:\/\/noticiasribeiraopreto.com.br\/index.php\/category\/empregos-classificados-vagas-trabalho\/vagas-de-empregos-em-ribeirao-preto-regiao-brasil\/"},"img":{"alt_text":"","src":"","width":0,"height":0},"classes":[]},{"id":24424,"url":"https:\/\/noticiasribeiraopreto.com.br\/index.php\/2024\/01\/04\/atendente-e-sac-9\/","url_meta":{"origin":82989,"position":5},"title":"Atendente e SAC","author":"noticiasribeiraopreto.com.br","date":"4 de January de 2024","format":false,"excerpt":"Atendente e SAC Ribeir\u00e3o Preto (SP)View JobGerente de Marketing e Relacionamento Ribeir\u00e3o Preto e Regi\u00e3o View JobGerente Industrial \/ Produ\u00e7\u00e3o Regi\u00e3o do ABC \u2013 S\u00e3o Paulo View JobGerente de Vendas Externo S\u00e3o Paulo Capital e Grande S\u00e3o PauloView JobDIRETOR(A) DE SUSTENBALIDADE Ribeir\u00e3o Preto (SP)View JobCONTROLLER \u2013 INGL\u00caS FLUENTERibeir\u00e3o Preto (SP)View\u2026","rel":"","context":"In &quot;Vagas de Emprego em Ribeir\u00e3o Preto-SP&quot;","block_context":{"text":"Vagas de Emprego em Ribeir\u00e3o Preto-SP","link":"https:\/\/noticiasribeiraopreto.com.br\/index.php\/category\/empregos-classificados-vagas-trabalho\/vagas-de-empregos-em-ribeirao-preto-regiao-brasil\/"},"img":{"alt_text":"","src":"","width":0,"height":0},"classes":[]}],"jetpack_sharing_enabled":true,"jetpack_shortlink":"https:\/\/wp.me\/peQAOb-lAx","_links":{"self":[{"href":"https:\/\/noticiasribeiraopreto.com.br\/index.php\/wp-json\/wp\/v2\/posts\/82989","targetHints":{"allow":["GET"]}}],"collection":[{"href":"https:\/\/noticiasribeiraopreto.com.br\/index.php\/wp-json\/wp\/v2\/posts"}],"about":[{"href":"https:\/\/noticiasribeiraopreto.com.br\/index.php\/wp-json\/wp\/v2\/types\/post"}],"author":[{"embeddable":true,"href":"https:\/\/noticiasribeiraopreto.com.br\/index.php\/wp-json\/wp\/v2\/users\/1"}],"replies":[{"embeddable":true,"href":"https:\/\/noticiasribeiraopreto.com.br\/index.php\/wp-json\/wp\/v2\/comments?post=82989"}],"version-history":[{"count":0,"href":"https:\/\/noticiasribeiraopreto.com.br\/index.php\/wp-json\/wp\/v2\/posts\/82989\/revisions"}],"wp:featuredmedia":[{"embeddable":true,"href":"https:\/\/noticiasribeiraopreto.com.br\/index.php\/wp-json\/wp\/v2\/media\/82990"}],"wp:attachment":[{"href":"https:\/\/noticiasribeiraopreto.com.br\/index.php\/wp-json\/wp\/v2\/media?parent=82989"}],"wp:term":[{"taxonomy":"category","embeddable":true,"href":"https:\/\/noticiasribeiraopreto.com.br\/index.php\/wp-json\/wp\/v2\/categories?post=82989"},{"taxonomy":"post_tag","embeddable":true,"href":"https:\/\/noticiasribeiraopreto.com.br\/index.php\/wp-json\/wp\/v2\/tags?post=82989"}],"curies":[{"name":"wp","href":"https:\/\/api.w.org\/{rel}","templated":true}]}}