{"id":82991,"date":"2026-03-05T11:15:00","date_gmt":"2026-03-05T14:15:00","guid":{"rendered":"https:\/\/noticiasribeiraopreto.com.br\/index.php\/2026\/03\/05\/baleia-rossi-diz-que-mdb-deve-liberar-diretorios-para-definir-aliancas-nas-eleicoes-de-2026\/"},"modified":"2026-03-05T11:15:00","modified_gmt":"2026-03-05T14:15:00","slug":"baleia-rossi-diz-que-mdb-deve-liberar-diretorios-para-definir-aliancas-nas-eleicoes-de-2026","status":"publish","type":"post","link":"https:\/\/noticiasribeiraopreto.com.br\/index.php\/2026\/03\/05\/baleia-rossi-diz-que-mdb-deve-liberar-diretorios-para-definir-aliancas-nas-eleicoes-de-2026\/","title":{"rendered":"Baleia Rossi diz que MDB deve liberar diret\u00f3rios para definir alian\u00e7as nas elei\u00e7\u00f5es de 2026"},"content":{"rendered":"<div class='code-block code-block-1' style='margin: 8px 0 8px auto; text-align: right; display: block; clear: both;'>\n<p><a href=\"https:\/\/wa.link\/vpicfd\"><img data-recalc-dims=\"1\" class=\"wp-image-4922\" style=\"aspect-ratio: 2.0253164556962027; width: 561px; height: auto;\" src=\"https:\/\/i0.wp.com\/ismaelcolosi.com.br\/wp-content\/uploads\/2023\/11\/grupo-de-empregos-whatsapp-e-facebook-ismael-colosi-vagas.jpg?ssl=1\" alt=\"\" \/><\/a><\/p>\n<!-- \/wp:image -->\n<\/div>\n<p> <br \/>\n<\/p>\n<div>\n<p>O presidente nacional do <strong>MDB<\/strong>, <strong>deputado federal Baleia Rossi<\/strong>, que mant\u00e9m base pol\u00edtica em <strong>Ribeir\u00e3o Preto<\/strong>, sinalizou que, embora o posicionamento oficial s\u00f3 deva ocorrer ap\u00f3s a conven\u00e7\u00e3o partid\u00e1ria, a sigla tende a liberar os diret\u00f3rios estaduais para escolher quais candidatos apoiar nas elei\u00e7\u00f5es de outubro.<\/p>\n<p>A declara\u00e7\u00e3o ocorreu nesta ter\u00e7a-feira (3), ap\u00f3s dirigentes do partido entregarem uma carta ao l\u00edder da sigla pedindo por neutralidade no pleito e independ\u00eancia nos Estados em vez de uma alian\u00e7a com Lula.<\/p>\n<p>Ap\u00f3s a leitura do documento, Baleia afirmou que reconhece as diferen\u00e7as regionais do partido no pa\u00eds, e que pretende respeitar a \u201charmonia e pluralidade\u201d entre os membros da sigla.<\/p>\n<p>\u201cN\u00e3o \u00e9 s\u00f3 no MDB. Os presidentes dos outros partidos podem at\u00e9 esconder, mas a realidade \u00e9 que existe uma diferen\u00e7a social, pol\u00edtica, regional e do Brasil que \u00e9 continental\u201d, afirma o deputado.<\/p>\n<h2 class=\"wp-block-heading\"><strong>Articula\u00e7\u00f5es regionais<\/strong><\/h2>\n<p>Os dirigentes do partido acreditam que adotar uma posi\u00e7\u00e3o \u00fanica poderia atrapalhar as articula\u00e7\u00f5es regionais. Baleia indicou que vai acatar o pedido dos diret\u00f3rios, j\u00e1 que o MDB pretende focar em lan\u00e7ar candidatos pr\u00f3prios para o governo dos Estados e ampliar sua bancada no Congresso Nacional.<\/p>\n<p>\u201cEstamos focados em montar os nossos palanques regionais porque agora essa janela vai ter muita mudan\u00e7a de parlamentares. Ent\u00e3o, a gente est\u00e1 focado nisso agora. N\u00f3s temos de 8 a 10 candidatos ao governo dos Estados. N\u00f3s temos os 15 candidatos, bons candidatos ao Senado. N\u00f3s temos condi\u00e7\u00f5es de crescer novamente, e eleger pelo menos 55 deputados federais. N\u00f3s precisamos gastar a energia do partido para que realmente isso ocorra\u201d, diz Rossi.<\/p>\n<p>\u201cAgora, claro, a decis\u00e3o vai ser por conven\u00e7\u00e3o\u201d, completa. As conven\u00e7\u00f5es estaduais do partido j\u00e1 ocorreram, e a conven\u00e7\u00e3o nacional deve acontecer entre o final de julho e in\u00edcio de agosto.<\/p>\n<p>Na tarde de ter\u00e7a-feira, os dirigentes de 17 diret\u00f3rios estaduais do MDB entregaram um manifesto contra a alian\u00e7a nacional do partido com o presidente Luiz In\u00e1cio Lula da Silva (PT) e pedindo por neutralidade nas elei\u00e7\u00f5es presidenciais.<\/p>\n<p>Mesmo tendo nomes pr\u00f3ximos ao governo federal, como o senador Renan Calheiros (MDB-AL) e a ministra do Planejamento, Simone Tebet, o MDB re\u00fane grupos com posi\u00e7\u00f5es diferentes. Lideran\u00e7as regionais, principalmente de Estados governados pelo centro ou pela direita, preferem que a sigla se distancie da chapa petista (com informa\u00e7\u00f5es <strong>Maria Magnabosco\/Estad\u00e3o Conte\u00fado<\/strong>).<\/p>\n<p>SAIBA MAIS<br \/>Correios iniciam cadastro de pontos de coleta em Ribeir\u00e3o Preto<\/p>\n<h2 class=\"wp-block-heading\"><strong>FIQUE ON<\/strong><\/h2>\n<p>Fique ligado em tudo que acontece em Ribeir\u00e3o Preto e regi\u00e3o. Siga os perfis do<strong>\u00a0acidade on<\/strong>\u00a0no\u00a0<a href=\"https:\/\/www.instagram.com\/acidadeonribeirao\" target=\"_blank\" rel=\"noreferrer noopener\">Instagram<\/a>\u00a0e no\u00a0<a href=\"https:\/\/www.facebook.com\/acidadeonribeirao\/\" target=\"_blank\" rel=\"noreferrer noopener\">Facebook<\/a>.<\/p>\n<p>Receba not\u00edcias do<strong>\u00a0acidade on<\/strong>\u00a0no WhatsApp. Para entrar no grupo,\u00a0basta\u00a0<a href=\"https:\/\/chat.whatsapp.com\/GFH9HUMUTHNFJdnyEd0xxq\" target=\"_blank\" rel=\"noreferrer noopener\">clicar aqui<\/a>. Ou, acesse o nosso\u00a0Canal\u00a0<a href=\"https:\/\/whatsapp.com\/channel\/0029Vb6IQl1JENyAeS57fk2p\" target=\"_blank\" rel=\"noreferrer noopener\">clicando aqui<\/a>.<\/p>\n<p>Fa\u00e7a uma den\u00fancia ou sugira uma reportagem sobre Ribeir\u00e3o Preto e regi\u00e3o pelo WhatsApp: 16 99117 7802.<\/p>\n<p>VEJA TAMB\u00c9M<br \/>Decora\u00e7\u00e3o pet friendly: 5 cuidados para garantir a seguran\u00e7a do seu animal<\/p>\n<p><!-- AI CONTENT END 1 -->\n<\/div>\n<p><script async src=\"\/\/www.instagram.com\/embed.js\"><\/script><br \/>\n<br \/><br \/>\n<br \/><a href=\"https:\/\/www.acidadeon.com\/ribeiraopreto\/politica\/baleia-rossi-diz-que-mdb-deve-liberar-diretorios-para-definir-aliancas-nas-eleicoes-de-2026\/\">Source link <\/a><\/p>\n<!-- CONTENT END 1 -->\n","protected":false},"excerpt":{"rendered":"<p>O presidente nacional do MDB, deputado federal Baleia Rossi, que mant\u00e9m base pol\u00edtica em Ribeir\u00e3o Preto, sinalizou que, embora o posicionamento oficial s\u00f3 deva ocorrer&#8230;<\/p>\n","protected":false},"author":1,"featured_media":74191,"comment_status":"open","ping_status":"open","sticky":false,"template":"","format":"standard","meta":{"advanced_seo_description":"","jetpack_seo_html_title":"","jetpack_seo_noindex":false,"jetpack_post_was_ever_published":false,"_jetpack_newsletter_access":"","_jetpack_dont_email_post_to_subs":false,"_jetpack_newsletter_tier_id":0,"_jetpack_memberships_contains_paywalled_content":false,"_jetpack_memberships_contains_paid_content":false,"footnotes":"","jetpack_publicize_message":"","jetpack_publicize_feature_enabled":true,"jetpack_social_post_already_shared":true,"jetpack_social_options":{"image_generator_settings":{"template":"highway","default_image_id":0,"font":"","enabled":false},"version":2}},"categories":[11],"tags":[],"class_list":["post-82991","post","type-post","status-publish","format-standard","has-post-thumbnail","hentry","category-noticias-de-ribeirao-preto-sp-e-regiao-ismael-colosi"],"jetpack_publicize_connections":[],"jetpack_featured_media_url":"https:\/\/i0.wp.com\/noticiasribeiraopreto.com.br\/wp-content\/uploads\/2025\/07\/baleia-rossi_2025-07-17_19-09-55.webp.webp?fit=1200%2C739&ssl=1","jetpack-related-posts":[{"id":74190,"url":"https:\/\/noticiasribeiraopreto.com.br\/index.php\/2025\/07\/17\/baleia-rossi-tem-mandato-como-presidente-do-mdb-prorrogado-ate-2027\/","url_meta":{"origin":82991,"position":0},"title":"Baleia Rossi tem mandato como presidente do MDB prorrogado at\u00e9 2027","author":"noticiasribeiraopreto.com.br","date":"17 de July de 2025","format":false,"excerpt":"O deputado federal Baleia Rossi, que tem base pol\u00edtica em Ribeir\u00e3o Preto, teve o mandato como presidente do MDB prorrogado at\u00e9 maio de 2027. O parlamentar ocupa a presid\u00eancia da legenda desde 2019. Segundo o MDB, a decis\u00e3o foi tomada de forma un\u00e2nime e atende \u00e0s regras do estatuto do\u2026","rel":"","context":"In &quot;Not\u00edcias de Ribeir\u00e3o Preto-SP e Regi\u00e3o&quot;","block_context":{"text":"Not\u00edcias de Ribeir\u00e3o Preto-SP e Regi\u00e3o","link":"https:\/\/noticiasribeiraopreto.com.br\/index.php\/category\/noticias-de-ribeirao-preto-sp-e-regiao-ismael-colosi\/"},"img":{"alt_text":"","src":"https:\/\/i0.wp.com\/noticiasribeiraopreto.com.br\/wp-content\/uploads\/2025\/07\/baleia-rossi_2025-07-17_19-09-55.webp.webp?fit=1200%2C739&ssl=1&resize=350%2C200","width":350,"height":200,"srcset":"https:\/\/i0.wp.com\/noticiasribeiraopreto.com.br\/wp-content\/uploads\/2025\/07\/baleia-rossi_2025-07-17_19-09-55.webp.webp?fit=1200%2C739&ssl=1&resize=350%2C200 1x, https:\/\/i0.wp.com\/noticiasribeiraopreto.com.br\/wp-content\/uploads\/2025\/07\/baleia-rossi_2025-07-17_19-09-55.webp.webp?fit=1200%2C739&ssl=1&resize=525%2C300 1.5x, https:\/\/i0.wp.com\/noticiasribeiraopreto.com.br\/wp-content\/uploads\/2025\/07\/baleia-rossi_2025-07-17_19-09-55.webp.webp?fit=1200%2C739&ssl=1&resize=700%2C400 2x, https:\/\/i0.wp.com\/noticiasribeiraopreto.com.br\/wp-content\/uploads\/2025\/07\/baleia-rossi_2025-07-17_19-09-55.webp.webp?fit=1200%2C739&ssl=1&resize=1050%2C600 3x"},"classes":[]},{"id":83137,"url":"https:\/\/noticiasribeiraopreto.com.br\/index.php\/2026\/03\/10\/mdb-cancela-filiacao-de-dado-dolabella-cinco-dias-apos-anuncio-de-pre-candidatura\/","url_meta":{"origin":82991,"position":1},"title":"MDB cancela filia\u00e7\u00e3o de Dado Dolabella cinco dias ap\u00f3s an\u00fancio de pr\u00e9-candidatura","author":"noticiasribeiraopreto.com.br","date":"10 de March de 2026","format":false,"excerpt":"O Movimento Democr\u00e1tico Brasileiro (MDB) cancelou nesta segunda-feira (9) a filia\u00e7\u00e3o do ator e cantor Dado Dolabella ao diret\u00f3rio do partido no Rio de Janeiro. A decis\u00e3o foi divulgada cinco dias ap\u00f3s o artista anunciar que pretendia disputar uma vaga como pr\u00e9-candidato a deputado federal. O comunicado foi publicado nas\u2026","rel":"","context":"In &quot;Not\u00edcias de Ribeir\u00e3o Preto-SP e Regi\u00e3o&quot;","block_context":{"text":"Not\u00edcias de Ribeir\u00e3o Preto-SP e Regi\u00e3o","link":"https:\/\/noticiasribeiraopreto.com.br\/index.php\/category\/noticias-de-ribeirao-preto-sp-e-regiao-ismael-colosi\/"},"img":{"alt_text":"","src":"https:\/\/i0.wp.com\/noticiasribeiraopreto.com.br\/wp-content\/uploads\/2026\/03\/palace-35_2026-03-09_19-51-58.webp.webp?fit=1200%2C675&ssl=1&resize=350%2C200","width":350,"height":200,"srcset":"https:\/\/i0.wp.com\/noticiasribeiraopreto.com.br\/wp-content\/uploads\/2026\/03\/palace-35_2026-03-09_19-51-58.webp.webp?fit=1200%2C675&ssl=1&resize=350%2C200 1x, https:\/\/i0.wp.com\/noticiasribeiraopreto.com.br\/wp-content\/uploads\/2026\/03\/palace-35_2026-03-09_19-51-58.webp.webp?fit=1200%2C675&ssl=1&resize=525%2C300 1.5x, https:\/\/i0.wp.com\/noticiasribeiraopreto.com.br\/wp-content\/uploads\/2026\/03\/palace-35_2026-03-09_19-51-58.webp.webp?fit=1200%2C675&ssl=1&resize=700%2C400 2x, https:\/\/i0.wp.com\/noticiasribeiraopreto.com.br\/wp-content\/uploads\/2026\/03\/palace-35_2026-03-09_19-51-58.webp.webp?fit=1200%2C675&ssl=1&resize=1050%2C600 3x"},"classes":[]},{"id":83912,"url":"https:\/\/noticiasribeiraopreto.com.br\/index.php\/2026\/03\/28\/felicio-ramuth-oficializa-filiacao-ao-mdb-apos-convites-de-liderancas\/","url_meta":{"origin":82991,"position":2},"title":"Fel\u00edcio Ramuth oficializa filia\u00e7\u00e3o ao MDB ap\u00f3s convites de lideran\u00e7as","author":"noticiasribeiraopreto.com.br","date":"28 de March de 2026","format":false,"excerpt":"O vice-governador de S\u00e3o Paulo, Fel\u00edcio Ramuth, oficializou sua filia\u00e7\u00e3o ao MDB (Movimento Democr\u00e1tico Brasileiro). Segundo fontes do acidade on, o encontro entre o vice-governador e o presidente nacional da sigla, o deputado federal Baleia Rossi, teria ocorrido em Ribeir\u00e3o Preto. A ades\u00e3o de Ramuth ao MDB ocorreu ap\u00f3s convites\u2026","rel":"","context":"In &quot;Not\u00edcias de Ribeir\u00e3o Preto-SP e Regi\u00e3o&quot;","block_context":{"text":"Not\u00edcias de Ribeir\u00e3o Preto-SP e Regi\u00e3o","link":"https:\/\/noticiasribeiraopreto.com.br\/index.php\/category\/noticias-de-ribeirao-preto-sp-e-regiao-ismael-colosi\/"},"img":{"alt_text":"","src":"https:\/\/i0.wp.com\/noticiasribeiraopreto.com.br\/wp-content\/uploads\/2026\/03\/palace-8_2026-03-28_14-18-10.webp.webp?fit=1200%2C675&ssl=1&resize=350%2C200","width":350,"height":200,"srcset":"https:\/\/i0.wp.com\/noticiasribeiraopreto.com.br\/wp-content\/uploads\/2026\/03\/palace-8_2026-03-28_14-18-10.webp.webp?fit=1200%2C675&ssl=1&resize=350%2C200 1x, https:\/\/i0.wp.com\/noticiasribeiraopreto.com.br\/wp-content\/uploads\/2026\/03\/palace-8_2026-03-28_14-18-10.webp.webp?fit=1200%2C675&ssl=1&resize=525%2C300 1.5x, https:\/\/i0.wp.com\/noticiasribeiraopreto.com.br\/wp-content\/uploads\/2026\/03\/palace-8_2026-03-28_14-18-10.webp.webp?fit=1200%2C675&ssl=1&resize=700%2C400 2x, https:\/\/i0.wp.com\/noticiasribeiraopreto.com.br\/wp-content\/uploads\/2026\/03\/palace-8_2026-03-28_14-18-10.webp.webp?fit=1200%2C675&ssl=1&resize=1050%2C600 3x"},"classes":[]},{"id":44285,"url":"https:\/\/noticiasribeiraopreto.com.br\/index.php\/2024\/03\/26\/prefeito-e-cinco-vereadores-de-cravinhos-filiam-se-ao-mdb\/","url_meta":{"origin":82991,"position":3},"title":"Prefeito e cinco vereadores de Cravinhos filiam-se ao MDB","author":"noticiasribeiraopreto.com.br","date":"26 de March de 2024","format":false,"excerpt":"26 de mar\u00e7o de 2024 | 17:42 0 O MDB oficializou a filia\u00e7\u00e3o de nove importantes lideran\u00e7as de Cravinhos, incluindo o prefeito Itamar Bueno e o ex-prefeito Boi, na manh\u00e3 desta segunda-feira, 26, na C\u00e2mara Municipal. A cerim\u00f4nia contou com a presen\u00e7a do presidente nacional do partido, deputado federal Baleia\u2026","rel":"","context":"In &quot;Not\u00edcias de Ribeir\u00e3o Preto-SP e Regi\u00e3o&quot;","block_context":{"text":"Not\u00edcias de Ribeir\u00e3o Preto-SP e Regi\u00e3o","link":"https:\/\/noticiasribeiraopreto.com.br\/index.php\/category\/noticias-de-ribeirao-preto-sp-e-regiao-ismael-colosi\/"},"img":{"alt_text":"","src":"https:\/\/i0.wp.com\/noticiasribeiraopreto.com.br\/wp-content\/uploads\/2024\/03\/photo_2024-03-25_12-34-51-scaled.jpg?fit=1000%2C563&ssl=1&resize=350%2C200","width":350,"height":200,"srcset":"https:\/\/i0.wp.com\/noticiasribeiraopreto.com.br\/wp-content\/uploads\/2024\/03\/photo_2024-03-25_12-34-51-scaled.jpg?fit=1000%2C563&ssl=1&resize=350%2C200 1x, https:\/\/i0.wp.com\/noticiasribeiraopreto.com.br\/wp-content\/uploads\/2024\/03\/photo_2024-03-25_12-34-51-scaled.jpg?fit=1000%2C563&ssl=1&resize=525%2C300 1.5x, https:\/\/i0.wp.com\/noticiasribeiraopreto.com.br\/wp-content\/uploads\/2024\/03\/photo_2024-03-25_12-34-51-scaled.jpg?fit=1000%2C563&ssl=1&resize=700%2C400 2x"},"classes":[]},{"id":43917,"url":"https:\/\/noticiasribeiraopreto.com.br\/index.php\/2024\/03\/24\/mdb-lanca-coletivo-so-com-mulheres\/","url_meta":{"origin":82991,"position":4},"title":"MDB lan\u00e7a coletivo s\u00f3 com mulheres","author":"noticiasribeiraopreto.com.br","date":"24 de March de 2024","format":false,"excerpt":"24 de mar\u00e7o de 2024 | 10:0023 de mar\u00e7o de 2024 | 12:14 0 O Movimento Democr\u00e1tico Brasileiro (MDB) de Ribeir\u00e3o Preto realizou nesta semana a filia\u00e7\u00e3o ao partido de cinco mulheres e lan\u00e7ou a pr\u00e9-candidatura do \u201cColetivo Denisia \u2013 Mulheres em Movimento\u201d a uma vaga na C\u00e2mara de Vereadores,\u2026","rel":"","context":"In &quot;Not\u00edcias de Ribeir\u00e3o Preto-SP e Regi\u00e3o&quot;","block_context":{"text":"Not\u00edcias de Ribeir\u00e3o Preto-SP e Regi\u00e3o","link":"https:\/\/noticiasribeiraopreto.com.br\/index.php\/category\/noticias-de-ribeirao-preto-sp-e-regiao-ismael-colosi\/"},"img":{"alt_text":"","src":"https:\/\/i0.wp.com\/noticiasribeiraopreto.com.br\/wp-content\/uploads\/2024\/03\/MulherMDB-Divulgacao-scaled.jpg?fit=1200%2C675&ssl=1&resize=350%2C200","width":350,"height":200,"srcset":"https:\/\/i0.wp.com\/noticiasribeiraopreto.com.br\/wp-content\/uploads\/2024\/03\/MulherMDB-Divulgacao-scaled.jpg?fit=1200%2C675&ssl=1&resize=350%2C200 1x, https:\/\/i0.wp.com\/noticiasribeiraopreto.com.br\/wp-content\/uploads\/2024\/03\/MulherMDB-Divulgacao-scaled.jpg?fit=1200%2C675&ssl=1&resize=525%2C300 1.5x, https:\/\/i0.wp.com\/noticiasribeiraopreto.com.br\/wp-content\/uploads\/2024\/03\/MulherMDB-Divulgacao-scaled.jpg?fit=1200%2C675&ssl=1&resize=700%2C400 2x, https:\/\/i0.wp.com\/noticiasribeiraopreto.com.br\/wp-content\/uploads\/2024\/03\/MulherMDB-Divulgacao-scaled.jpg?fit=1200%2C675&ssl=1&resize=1050%2C600 3x"},"classes":[]},{"id":73891,"url":"https:\/\/noticiasribeiraopreto.com.br\/index.php\/2025\/07\/11\/baleia-rossi-teria-111-em-disputa-para-o-senado-diz-pesquisa\/","url_meta":{"origin":82991,"position":5},"title":"Baleia Rossi teria 11,1 % em disputa para o Senado, diz pesquisa","author":"noticiasribeiraopreto.com.br","date":"11 de July de 2025","format":false,"excerpt":"11 de julho de 2025 16:311 Compartilhar0 Pesquisa realizada pelo Instituto Paran\u00e1 Pesquisa, divulgada esta semana, revelou que o deputado federal ribeir\u00e3o-pretano, Baleia Rossi (MDB), teria atualmente 11,1% de inten\u00e7\u00f5es de votos, caso decida disputar uma vaga para o Senado Federal nas elei\u00e7\u00f5es do pr\u00f3ximo ano. A pesquisa ouviu 1.680\u2026","rel":"","context":"In &quot;Not\u00edcias de Ribeir\u00e3o Preto-SP e Regi\u00e3o&quot;","block_context":{"text":"Not\u00edcias de Ribeir\u00e3o Preto-SP e Regi\u00e3o","link":"https:\/\/noticiasribeiraopreto.com.br\/index.php\/category\/noticias-de-ribeirao-preto-sp-e-regiao-ismael-colosi\/"},"img":{"alt_text":"","src":"https:\/\/i0.wp.com\/noticiasribeiraopreto.com.br\/wp-content\/uploads\/2025\/07\/Ministros-Cleia-Viana-Camara-dos-Deputados-scaled.jpg?fit=800%2C533&ssl=1&resize=350%2C200","width":350,"height":200,"srcset":"https:\/\/i0.wp.com\/noticiasribeiraopreto.com.br\/wp-content\/uploads\/2025\/07\/Ministros-Cleia-Viana-Camara-dos-Deputados-scaled.jpg?fit=800%2C533&ssl=1&resize=350%2C200 1x, https:\/\/i0.wp.com\/noticiasribeiraopreto.com.br\/wp-content\/uploads\/2025\/07\/Ministros-Cleia-Viana-Camara-dos-Deputados-scaled.jpg?fit=800%2C533&ssl=1&resize=525%2C300 1.5x, https:\/\/i0.wp.com\/noticiasribeiraopreto.com.br\/wp-content\/uploads\/2025\/07\/Ministros-Cleia-Viana-Camara-dos-Deputados-scaled.jpg?fit=800%2C533&ssl=1&resize=700%2C400 2x"},"classes":[]}],"jetpack_sharing_enabled":true,"jetpack_shortlink":"https:\/\/wp.me\/peQAOb-lAz","_links":{"self":[{"href":"https:\/\/noticiasribeiraopreto.com.br\/index.php\/wp-json\/wp\/v2\/posts\/82991","targetHints":{"allow":["GET"]}}],"collection":[{"href":"https:\/\/noticiasribeiraopreto.com.br\/index.php\/wp-json\/wp\/v2\/posts"}],"about":[{"href":"https:\/\/noticiasribeiraopreto.com.br\/index.php\/wp-json\/wp\/v2\/types\/post"}],"author":[{"embeddable":true,"href":"https:\/\/noticiasribeiraopreto.com.br\/index.php\/wp-json\/wp\/v2\/users\/1"}],"replies":[{"embeddable":true,"href":"https:\/\/noticiasribeiraopreto.com.br\/index.php\/wp-json\/wp\/v2\/comments?post=82991"}],"version-history":[{"count":0,"href":"https:\/\/noticiasribeiraopreto.com.br\/index.php\/wp-json\/wp\/v2\/posts\/82991\/revisions"}],"wp:featuredmedia":[{"embeddable":true,"href":"https:\/\/noticiasribeiraopreto.com.br\/index.php\/wp-json\/wp\/v2\/media\/74191"}],"wp:attachment":[{"href":"https:\/\/noticiasribeiraopreto.com.br\/index.php\/wp-json\/wp\/v2\/media?parent=82991"}],"wp:term":[{"taxonomy":"category","embeddable":true,"href":"https:\/\/noticiasribeiraopreto.com.br\/index.php\/wp-json\/wp\/v2\/categories?post=82991"},{"taxonomy":"post_tag","embeddable":true,"href":"https:\/\/noticiasribeiraopreto.com.br\/index.php\/wp-json\/wp\/v2\/tags?post=82991"}],"curies":[{"name":"wp","href":"https:\/\/api.w.org\/{rel}","templated":true}]}}