{"id":82992,"date":"2026-03-05T11:22:21","date_gmt":"2026-03-05T14:22:21","guid":{"rendered":"https:\/\/noticiasribeiraopreto.com.br\/index.php\/2026\/03\/05\/ribeirao-preto-anuncia-nova-linha-de-onibus-e-mudanca-no-itinerario-da-zona-sul\/"},"modified":"2026-03-05T11:22:21","modified_gmt":"2026-03-05T14:22:21","slug":"ribeirao-preto-anuncia-nova-linha-de-onibus-e-mudanca-no-itinerario-da-zona-sul","status":"publish","type":"post","link":"https:\/\/noticiasribeiraopreto.com.br\/index.php\/2026\/03\/05\/ribeirao-preto-anuncia-nova-linha-de-onibus-e-mudanca-no-itinerario-da-zona-sul\/","title":{"rendered":"Ribeir\u00e3o Preto anuncia nova linha de \u00f4nibus e mudan\u00e7a no itiner\u00e1rio da zona Sul"},"content":{"rendered":"<div class='code-block code-block-1' style='margin: 8px 0 8px auto; text-align: right; display: block; clear: both;'>\n<p><a href=\"https:\/\/wa.link\/vpicfd\"><img data-recalc-dims=\"1\" class=\"wp-image-4922\" style=\"aspect-ratio: 2.0253164556962027; width: 561px; height: auto;\" src=\"https:\/\/i0.wp.com\/ismaelcolosi.com.br\/wp-content\/uploads\/2023\/11\/grupo-de-empregos-whatsapp-e-facebook-ismael-colosi-vagas.jpg?ssl=1\" alt=\"\" \/><\/a><\/p>\n<!-- \/wp:image -->\n<\/div>\n<p> <br \/>\n<\/p>\n<div data-td-block-uid=\"tdi_95\">\n<div class=\"tdb-block-inner td-fix-index\">\n<p><strong>Ribeir\u00e3o Preto<\/strong> ter\u00e1, na pr\u00f3xima segunda-feira (9), <strong>mudan\u00e7as no transporte coletivo urbano com a cria\u00e7\u00e3o de uma nova linha de \u00f4nibus<\/strong> e a <strong>amplia\u00e7\u00e3o de itiner\u00e1rio em trajetos que atendem a Zona Sul da cidade.<\/strong> <\/p>\n<p>De acordo com a RP Mobi, a implanta\u00e7\u00e3o da<strong> linha 256 \u2013 Parque\/Shopping Iguatemi<\/strong> amplia o atendimento aos moradores do Parque Ribeir\u00e3o Preto e bairros vizinhos. O novo trajeto faz o percurso inverso ao da linha 156 e inclui atendimento ao novo trecho da avenida Coronel Fernando Ferreira Leite.<\/p>\n<div class=\"wp-block-image\">\n<figure class=\"aligncenter size-large is-resized\"><img data-recalc-dims=\"1\" fetchpriority=\"high\" decoding=\"async\" width=\"1024\" height=\"683\" src=\"https:\/\/i0.wp.com\/cdn.media-acidadeon.com.br\/ribeiraopreto\/wp-content\/uploads\/sites\/3\/2026\/03\/image_2026-03-04_19-28-00-1024x683.webp?resize=1024%2C683&#038;ssl=1\" alt=\"zona sul\" class=\"wp-image-147675\" style=\"width:862px;height:auto\" title=\"Ribeir\u00e3o Preto anuncia nova linha de \u00f4nibus e mudan\u00e7a no itiner\u00e1rio da zona Sul 1\" srcset=\"https:\/\/cdn.media-acidadeon.com.br\/ribeiraopreto\/wp-content\/uploads\/sites\/3\/2026\/03\/image_2026-03-04_19-28-00-1024x683.webp 1024w, https:\/\/cdn.media-acidadeon.com.br\/ribeiraopreto\/wp-content\/uploads\/sites\/3\/2026\/03\/image_2026-03-04_19-28-00-300x200.webp 300w, https:\/\/cdn.media-acidadeon.com.br\/ribeiraopreto\/wp-content\/uploads\/sites\/3\/2026\/03\/image_2026-03-04_19-28-00-768x512.webp 768w, https:\/\/cdn.media-acidadeon.com.br\/ribeiraopreto\/wp-content\/uploads\/sites\/3\/2026\/03\/image_2026-03-04_19-28-00-696x464.webp 696w, https:\/\/cdn.media-acidadeon.com.br\/ribeiraopreto\/wp-content\/uploads\/sites\/3\/2026\/03\/image_2026-03-04_19-28-00-1068x712.webp 1068w, https:\/\/cdn.media-acidadeon.com.br\/ribeiraopreto\/wp-content\/uploads\/sites\/3\/2026\/03\/image_2026-03-04_19-28-00.webp 1200w\" sizes=\"(max-width: 1024px) 100vw, 1024px\"\/><figcaption class=\"wp-element-caption\">Foto: Fernando Gonzaga<\/figcaption><\/figure>\n<\/div>\n<p>A nova linha garante acesso direto aos bairros Jardim Calif\u00f3rnia e Jardim Nova Alian\u00e7a. O itiner\u00e1rio tamb\u00e9m fortalece a liga\u00e7\u00e3o com o Ribeir\u00e3o Shopping e o Shopping Iguatemi, dois dos principais polos comerciais da zona Sul.<\/p>\n<h3 class=\"wp-block-heading\"><strong>Hor\u00e1rios e integra\u00e7\u00e3o na zona Sul<\/strong><\/h3>\n<p>De segunda a sexta-feira, os \u00f4nibus partem do Parque Ribeir\u00e3o Preto a partir das 5h10, com viagens distribu\u00eddas ao longo do dia at\u00e9 0h25. A opera\u00e7\u00e3o inclui s\u00e1bados e domingos.<\/p>\n<p>Al\u00e9m da nova linha, a Prefeitura ampliou o itiner\u00e1rio da linha 105, que passa a operar com nova identifica\u00e7\u00e3o: 105 \u2013 Sul Inter Shopping. A mudan\u00e7a estabelece liga\u00e7\u00e3o direta entre o Centro, o Terminal Urbano e os dois centros de compras da zona Sul.<\/p>\n<div class=\"wp-block-image\">\n<figure class=\"aligncenter size-large is-resized\"><img data-recalc-dims=\"1\" loading=\"lazy\" decoding=\"async\" width=\"1024\" height=\"683\" src=\"https:\/\/i0.wp.com\/cdn.media-acidadeon.com.br\/ribeiraopreto\/wp-content\/uploads\/sites\/3\/2026\/03\/image_2026-03-04_19-29-32-1024x683.webp?resize=1024%2C683&#038;ssl=1\" alt=\"image 2026 03 04 19 29 32\" class=\"wp-image-147677\" style=\"width:799px;height:auto\" title=\"Ribeir\u00e3o Preto anuncia nova linha de \u00f4nibus e mudan\u00e7a no itiner\u00e1rio da zona Sul 2\" srcset=\"https:\/\/cdn.media-acidadeon.com.br\/ribeiraopreto\/wp-content\/uploads\/sites\/3\/2026\/03\/image_2026-03-04_19-29-32-1024x683.webp 1024w, https:\/\/cdn.media-acidadeon.com.br\/ribeiraopreto\/wp-content\/uploads\/sites\/3\/2026\/03\/image_2026-03-04_19-29-32-300x200.webp 300w, https:\/\/cdn.media-acidadeon.com.br\/ribeiraopreto\/wp-content\/uploads\/sites\/3\/2026\/03\/image_2026-03-04_19-29-32-768x512.webp 768w, https:\/\/cdn.media-acidadeon.com.br\/ribeiraopreto\/wp-content\/uploads\/sites\/3\/2026\/03\/image_2026-03-04_19-29-32-696x464.webp 696w, https:\/\/cdn.media-acidadeon.com.br\/ribeiraopreto\/wp-content\/uploads\/sites\/3\/2026\/03\/image_2026-03-04_19-29-32-1068x712.webp 1068w, https:\/\/cdn.media-acidadeon.com.br\/ribeiraopreto\/wp-content\/uploads\/sites\/3\/2026\/03\/image_2026-03-04_19-29-32.webp 1200w\" sizes=\"auto, (max-width: 1024px) 100vw, 1024px\"\/><\/figure>\n<\/div>\n<p>Nos dias \u00fateis, as partidas ocorrem a partir das 5h40 no Terminal Urbano, na Plataforma D \u2013 Ponto 8, com viagens regulares at\u00e9 as 23h. A linha tamb\u00e9m mant\u00e9m atendimento aos finais de semana.<\/p>\n<hr class=\"wp-block-separator has-alpha-channel-opacity\"\/>\n<p><strong><br \/><\/strong>SAIBA MAIS<br \/>Correios iniciam cadastro de pontos de coleta em Ribeir\u00e3o Preto<\/p>\n<h2 class=\"wp-block-heading\"><strong>FIQUE ON<\/strong><\/h2>\n<p>Fique ligado em tudo que acontece em Ribeir\u00e3o Preto e regi\u00e3o. Siga os perfis do<strong>\u00a0acidade on<\/strong>\u00a0no\u00a0<a href=\"https:\/\/www.instagram.com\/acidadeonribeirao\" target=\"_blank\" rel=\"noreferrer noopener\">Instagram<\/a>\u00a0e no\u00a0<a href=\"https:\/\/www.facebook.com\/acidadeonribeirao\/\" target=\"_blank\" rel=\"noreferrer noopener\">Facebook<\/a>.<\/p>\n<p>Receba not\u00edcias do<strong>\u00a0acidade on<\/strong>\u00a0no WhatsApp. Para entrar no grupo,\u00a0basta\u00a0<a href=\"https:\/\/chat.whatsapp.com\/GFH9HUMUTHNFJdnyEd0xxq\" target=\"_blank\" rel=\"noreferrer noopener\">clicar aqui<\/a>. Ou, acesse o nosso\u00a0Canal\u00a0<a href=\"https:\/\/whatsapp.com\/channel\/0029Vb6IQl1JENyAeS57fk2p\" target=\"_blank\" rel=\"noreferrer noopener\">clicando aqui<\/a>.<\/p>\n<p>Fa\u00e7a uma den\u00fancia ou sugira uma reportagem sobre Ribeir\u00e3o Preto e regi\u00e3o pelo WhatsApp: 16 99117 7802.<\/p>\n<p>VEJA TAMB\u00c9M<br \/>Decora\u00e7\u00e3o pet friendly: 5 cuidados para garantir a seguran\u00e7a do seu animal<\/p>\n<p><!-- AI CONTENT END 1 -->\n<\/div>\n<\/div>\n<p><script async src=\"\/\/www.instagram.com\/embed.js\"><\/script><br \/>\n<br \/><br \/>\n<br \/><a href=\"https:\/\/www.acidadeon.com\/ribeiraopreto\/cotidiano\/ribeirao-preto-anuncia-nova-linha-de-onibus-e-mudanca-no-itinerario-da-zona-sul\/\">Source link <\/a><\/p>\n<!-- CONTENT END 1 -->\n","protected":false},"excerpt":{"rendered":"<p>Ribeir\u00e3o Preto ter\u00e1, na pr\u00f3xima segunda-feira (9), mudan\u00e7as no transporte coletivo urbano com a cria\u00e7\u00e3o de uma nova linha de \u00f4nibus e a amplia\u00e7\u00e3o de&#8230;<\/p>\n","protected":false},"author":1,"featured_media":82433,"comment_status":"open","ping_status":"open","sticky":false,"template":"","format":"standard","meta":{"advanced_seo_description":"","jetpack_seo_html_title":"","jetpack_seo_noindex":false,"jetpack_post_was_ever_published":false,"_jetpack_newsletter_access":"","_jetpack_dont_email_post_to_subs":false,"_jetpack_newsletter_tier_id":0,"_jetpack_memberships_contains_paywalled_content":false,"_jetpack_memberships_contains_paid_content":false,"footnotes":"","jetpack_publicize_message":"","jetpack_publicize_feature_enabled":true,"jetpack_social_post_already_shared":true,"jetpack_social_options":{"image_generator_settings":{"template":"highway","default_image_id":0,"font":"","enabled":false},"version":2}},"categories":[11],"tags":[],"class_list":["post-82992","post","type-post","status-publish","format-standard","has-post-thumbnail","hentry","category-noticias-de-ribeirao-preto-sp-e-regiao-ismael-colosi"],"jetpack_publicize_connections":[],"jetpack_featured_media_url":"https:\/\/i0.wp.com\/noticiasribeiraopreto.com.br\/wp-content\/uploads\/2026\/02\/onibus-ribeirao-preto_2026-02-13_19-32-40.webp.webp?fit=1200%2C800&ssl=1","jetpack-related-posts":[{"id":81949,"url":"https:\/\/noticiasribeiraopreto.com.br\/index.php\/2026\/01\/31\/dez-linhas-de-onibus-terao-mudancas-a-partir-da-proxima-semana-em-ribeirao-preto\/","url_meta":{"origin":82992,"position":0},"title":"Dez linhas de \u00f4nibus ter\u00e3o mudan\u00e7as a partir da pr\u00f3xima semana em Ribeir\u00e3o Preto","author":"noticiasribeiraopreto.com.br","date":"31 de January de 2026","format":false,"excerpt":"Dez linhas de \u00f4nibus de Ribeir\u00e3o Preto ter\u00e3o mudan\u00e7as a partir de segunda-feira (2). As altera\u00e7\u00f5es envolvem amplia\u00e7\u00e3o de hor\u00e1rios e ajustes de itiner\u00e1rio, segundo a RP Mobi. Linhas com novas viagens De segunda a sexta-feira, as linhas 204 \u2013 City Ribeir\u00e3o, 203 \u2013 Ribeir\u00e2nia, 299 \u2013 Circular 2, 199\u2026","rel":"","context":"In &quot;Not\u00edcias de Ribeir\u00e3o Preto-SP e Regi\u00e3o&quot;","block_context":{"text":"Not\u00edcias de Ribeir\u00e3o Preto-SP e Regi\u00e3o","link":"https:\/\/noticiasribeiraopreto.com.br\/index.php\/category\/noticias-de-ribeirao-preto-sp-e-regiao-ismael-colosi\/"},"img":{"alt_text":"","src":"https:\/\/i0.wp.com\/noticiasribeiraopreto.com.br\/wp-content\/uploads\/2026\/01\/alteracaotransporte_03_2026-01-30_20-43-48.webp.webp?fit=1200%2C800&ssl=1&resize=350%2C200","width":350,"height":200,"srcset":"https:\/\/i0.wp.com\/noticiasribeiraopreto.com.br\/wp-content\/uploads\/2026\/01\/alteracaotransporte_03_2026-01-30_20-43-48.webp.webp?fit=1200%2C800&ssl=1&resize=350%2C200 1x, https:\/\/i0.wp.com\/noticiasribeiraopreto.com.br\/wp-content\/uploads\/2026\/01\/alteracaotransporte_03_2026-01-30_20-43-48.webp.webp?fit=1200%2C800&ssl=1&resize=525%2C300 1.5x, https:\/\/i0.wp.com\/noticiasribeiraopreto.com.br\/wp-content\/uploads\/2026\/01\/alteracaotransporte_03_2026-01-30_20-43-48.webp.webp?fit=1200%2C800&ssl=1&resize=700%2C400 2x, https:\/\/i0.wp.com\/noticiasribeiraopreto.com.br\/wp-content\/uploads\/2026\/01\/alteracaotransporte_03_2026-01-30_20-43-48.webp.webp?fit=1200%2C800&ssl=1&resize=1050%2C600 3x"},"classes":[]},{"id":77274,"url":"https:\/\/noticiasribeiraopreto.com.br\/index.php\/2025\/09\/15\/linha-de-onibus-tera-itinerario-estendido-em-ribeirao-confira-as-mudancas\/","url_meta":{"origin":82992,"position":1},"title":"Linha de \u00f4nibus ter\u00e1 itiner\u00e1rio estendido em Ribeir\u00e3o; Confira as mudan\u00e7as","author":"noticiasribeiraopreto.com.br","date":"15 de September de 2025","format":false,"excerpt":"A RP Mobi, empresa que gerencia o transporte p\u00fablico na cidade, informou que a partir desta quarta-feira (17), a linha 703 \u2013 Parque dos Servidores passar\u00e1 a operar com itiner\u00e1rio estendido. A mudan\u00e7a tem como intuito melhorar o acesso de transporte coletivo \u00e0 regi\u00e3o da avenida Nelson Ferreira de Melo,\u2026","rel":"","context":"In &quot;Not\u00edcias de Ribeir\u00e3o Preto-SP e Regi\u00e3o&quot;","block_context":{"text":"Not\u00edcias de Ribeir\u00e3o Preto-SP e Regi\u00e3o","link":"https:\/\/noticiasribeiraopreto.com.br\/index.php\/category\/noticias-de-ribeirao-preto-sp-e-regiao-ismael-colosi\/"},"img":{"alt_text":"","src":"https:\/\/i0.wp.com\/noticiasribeiraopreto.com.br\/wp-content\/uploads\/2025\/06\/Copia-de-Copia-de-TAMANHO-EXATO-PARA-FOTOS-NO-SISTEMA-NOVO-35_2024-05-23_16-30-22_jpg_2024-05-23_16-30-22.webp.webp?fit=1200%2C675&ssl=1&resize=350%2C200","width":350,"height":200,"srcset":"https:\/\/i0.wp.com\/noticiasribeiraopreto.com.br\/wp-content\/uploads\/2025\/06\/Copia-de-Copia-de-TAMANHO-EXATO-PARA-FOTOS-NO-SISTEMA-NOVO-35_2024-05-23_16-30-22_jpg_2024-05-23_16-30-22.webp.webp?fit=1200%2C675&ssl=1&resize=350%2C200 1x, https:\/\/i0.wp.com\/noticiasribeiraopreto.com.br\/wp-content\/uploads\/2025\/06\/Copia-de-Copia-de-TAMANHO-EXATO-PARA-FOTOS-NO-SISTEMA-NOVO-35_2024-05-23_16-30-22_jpg_2024-05-23_16-30-22.webp.webp?fit=1200%2C675&ssl=1&resize=525%2C300 1.5x, https:\/\/i0.wp.com\/noticiasribeiraopreto.com.br\/wp-content\/uploads\/2025\/06\/Copia-de-Copia-de-TAMANHO-EXATO-PARA-FOTOS-NO-SISTEMA-NOVO-35_2024-05-23_16-30-22_jpg_2024-05-23_16-30-22.webp.webp?fit=1200%2C675&ssl=1&resize=700%2C400 2x, https:\/\/i0.wp.com\/noticiasribeiraopreto.com.br\/wp-content\/uploads\/2025\/06\/Copia-de-Copia-de-TAMANHO-EXATO-PARA-FOTOS-NO-SISTEMA-NOVO-35_2024-05-23_16-30-22_jpg_2024-05-23_16-30-22.webp.webp?fit=1200%2C675&ssl=1&resize=1050%2C600 3x"},"classes":[]},{"id":80695,"url":"https:\/\/noticiasribeiraopreto.com.br\/index.php\/2025\/12\/11\/linha-de-onibus-muda-de-nome-e-passa-a-ter-novo-trajeto-em-ribeirao-preto\/","url_meta":{"origin":82992,"position":2},"title":"Linha de \u00f4nibus muda de nome e passa a ter novo trajeto em Ribeir\u00e3o Preto","author":"noticiasribeiraopreto.com.br","date":"11 de December de 2025","format":false,"excerpt":"A partir da pr\u00f3xima segunda-feira (15) a linha de \u00f4nibus alimentadora 45 \u2013 Vila do Ip\u00ea, do transporte coletivo de Ribeir\u00e3o Preto, passar\u00e1 a se chamar 45 \u2013 Vila do Golfe. Segundo a RP Mobi, a linha contar\u00e1 com novos itiner\u00e1rios e quadros de hor\u00e1rios. A empresa respons\u00e1vel pelo gerenciamento\u2026","rel":"","context":"In &quot;Not\u00edcias de Ribeir\u00e3o Preto-SP e Regi\u00e3o&quot;","block_context":{"text":"Not\u00edcias de Ribeir\u00e3o Preto-SP e Regi\u00e3o","link":"https:\/\/noticiasribeiraopreto.com.br\/index.php\/category\/noticias-de-ribeirao-preto-sp-e-regiao-ismael-colosi\/"},"img":{"alt_text":"","src":"https:\/\/i0.wp.com\/noticiasribeiraopreto.com.br\/wp-content\/uploads\/2025\/12\/linha-de-onibus_2025-12-10_19-46-45.webp.webp?fit=1200%2C799&ssl=1&resize=350%2C200","width":350,"height":200,"srcset":"https:\/\/i0.wp.com\/noticiasribeiraopreto.com.br\/wp-content\/uploads\/2025\/12\/linha-de-onibus_2025-12-10_19-46-45.webp.webp?fit=1200%2C799&ssl=1&resize=350%2C200 1x, https:\/\/i0.wp.com\/noticiasribeiraopreto.com.br\/wp-content\/uploads\/2025\/12\/linha-de-onibus_2025-12-10_19-46-45.webp.webp?fit=1200%2C799&ssl=1&resize=525%2C300 1.5x, https:\/\/i0.wp.com\/noticiasribeiraopreto.com.br\/wp-content\/uploads\/2025\/12\/linha-de-onibus_2025-12-10_19-46-45.webp.webp?fit=1200%2C799&ssl=1&resize=700%2C400 2x, https:\/\/i0.wp.com\/noticiasribeiraopreto.com.br\/wp-content\/uploads\/2025\/12\/linha-de-onibus_2025-12-10_19-46-45.webp.webp?fit=1200%2C799&ssl=1&resize=1050%2C600 3x"},"classes":[]},{"id":44618,"url":"https:\/\/noticiasribeiraopreto.com.br\/index.php\/2024\/03\/28\/linha-de-onibus-da-zona-leste-tem-itinerario-ampliado\/","url_meta":{"origin":82992,"position":3},"title":"Linha de \u00f4nibus da zona Leste tem itiner\u00e1rio ampliado","author":"noticiasribeiraopreto.com.br","date":"28 de March de 2024","format":false,"excerpt":"A linha de \u00f4nibus 43 \u2013 Portal dos Ip\u00eas ter\u00e1 o itiner\u00e1rio ampliado a partir desta segunda-feira (1\u00ba). O trajeto ser\u00e1 prolongado at\u00e9 o loteamento Santa Iria Garden, que fica na rodovia Abr\u00e3o Assed. Veja como fica o novo itiner\u00e1rio: Segundo a RP Mobi, empresa que gerencia o tr\u00e2nsito e\u2026","rel":"","context":"In &quot;Not\u00edcias de Ribeir\u00e3o Preto-SP e Regi\u00e3o&quot;","block_context":{"text":"Not\u00edcias de Ribeir\u00e3o Preto-SP e Regi\u00e3o","link":"https:\/\/noticiasribeiraopreto.com.br\/index.php\/category\/noticias-de-ribeirao-preto-sp-e-regiao-ismael-colosi\/"},"img":{"alt_text":"","src":"https:\/\/i0.wp.com\/noticiasribeiraopreto.com.br\/wp-content\/uploads\/2024\/03\/linha_alimentadora_foto_ascom_rpmobi.jpeg?fit=1156%2C867&ssl=1&resize=350%2C200","width":350,"height":200,"srcset":"https:\/\/i0.wp.com\/noticiasribeiraopreto.com.br\/wp-content\/uploads\/2024\/03\/linha_alimentadora_foto_ascom_rpmobi.jpeg?fit=1156%2C867&ssl=1&resize=350%2C200 1x, https:\/\/i0.wp.com\/noticiasribeiraopreto.com.br\/wp-content\/uploads\/2024\/03\/linha_alimentadora_foto_ascom_rpmobi.jpeg?fit=1156%2C867&ssl=1&resize=525%2C300 1.5x, https:\/\/i0.wp.com\/noticiasribeiraopreto.com.br\/wp-content\/uploads\/2024\/03\/linha_alimentadora_foto_ascom_rpmobi.jpeg?fit=1156%2C867&ssl=1&resize=700%2C400 2x, https:\/\/i0.wp.com\/noticiasribeiraopreto.com.br\/wp-content\/uploads\/2024\/03\/linha_alimentadora_foto_ascom_rpmobi.jpeg?fit=1156%2C867&ssl=1&resize=1050%2C600 3x"},"classes":[]},{"id":24659,"url":"https:\/\/noticiasribeiraopreto.com.br\/index.php\/2024\/01\/04\/linha-de-onibus-da-zona-oeste-tem-alteracao-no-trajeto-em-ribeirao-confira-o-itinerario\/","url_meta":{"origin":82992,"position":4},"title":"Linha de \u00f4nibus da zona Oeste tem altera\u00e7\u00e3o no trajeto em Ribeir\u00e3o; Confira o itiner\u00e1rio","author":"noticiasribeiraopreto.com.br","date":"4 de January de 2024","format":false,"excerpt":"A linha 506 \u2013 Jardim Progresso \u2013 do transporte p\u00fablico de Ribeir\u00e3o Preto ter\u00e1 o trajeto alterado, nesta sexta-feira (5). De acordo com a RP Mobi, empresa que opera o transporte coletivo na cidade, a altera\u00e7\u00e3o acontece devido ao servi\u00e7o de manuten\u00e7\u00e3o na rede de energia el\u00e9trica na rua B\u2026","rel":"","context":"In &quot;Not\u00edcias de Ribeir\u00e3o Preto-SP e Regi\u00e3o&quot;","block_context":{"text":"Not\u00edcias de Ribeir\u00e3o Preto-SP e Regi\u00e3o","link":"https:\/\/noticiasribeiraopreto.com.br\/index.php\/category\/noticias-de-ribeirao-preto-sp-e-regiao-ismael-colosi\/"},"img":{"alt_text":"","src":"https:\/\/i0.wp.com\/noticiasribeiraopreto.com.br\/wp-content\/uploads\/2024\/01\/rp-mobi.jpg?fit=1200%2C675&ssl=1&resize=350%2C200","width":350,"height":200,"srcset":"https:\/\/i0.wp.com\/noticiasribeiraopreto.com.br\/wp-content\/uploads\/2024\/01\/rp-mobi.jpg?fit=1200%2C675&ssl=1&resize=350%2C200 1x, https:\/\/i0.wp.com\/noticiasribeiraopreto.com.br\/wp-content\/uploads\/2024\/01\/rp-mobi.jpg?fit=1200%2C675&ssl=1&resize=525%2C300 1.5x, https:\/\/i0.wp.com\/noticiasribeiraopreto.com.br\/wp-content\/uploads\/2024\/01\/rp-mobi.jpg?fit=1200%2C675&ssl=1&resize=700%2C400 2x, https:\/\/i0.wp.com\/noticiasribeiraopreto.com.br\/wp-content\/uploads\/2024\/01\/rp-mobi.jpg?fit=1200%2C675&ssl=1&resize=1050%2C600 3x"},"classes":[]},{"id":8719,"url":"https:\/\/noticiasribeiraopreto.com.br\/index.php\/2023\/11\/30\/alteracao-no-trajeto-da-linha-de-onibus-norte-sul-comeca-nesta-sexta-feira-veja-o-itinerario\/","url_meta":{"origin":82992,"position":5},"title":"Altera\u00e7\u00e3o no trajeto da linha de \u00f4nibus Norte-Sul come\u00e7a nesta sexta-feira; Veja o itiner\u00e1rio","author":"noticiasribeiraopreto.com.br","date":"30 de November de 2023","format":false,"excerpt":"A partir desta sexta-feira (1\u00ba), o trajeto da linha 910 \u2013 Norte-Sul 1 B, ser\u00e1 alterado no sentido Ribeir\u00e3o Verde ao Ribeir\u00e3o Shopping. A altera\u00e7\u00e3o foi anunciada pela RP Mobi, empresa que gerencia o tr\u00e2nsito e transporte urbano de Ribeir\u00e3o Preto. De acordo com o \u00f3rg\u00e3o, a modifica\u00e7\u00e3o acontece para\u2026","rel":"","context":"In &quot;Not\u00edcias de Ribeir\u00e3o Preto-SP e Regi\u00e3o&quot;","block_context":{"text":"Not\u00edcias de Ribeir\u00e3o Preto-SP e Regi\u00e3o","link":"https:\/\/noticiasribeiraopreto.com.br\/index.php\/category\/noticias-de-ribeirao-preto-sp-e-regiao-ismael-colosi\/"},"img":{"alt_text":"","src":"https:\/\/i0.wp.com\/noticiasribeiraopreto.com.br\/wp-content\/uploads\/2023\/11\/1701379214_novos-onibus-ribeirao-preto.jpg?fit=1200%2C800&ssl=1&resize=350%2C200","width":350,"height":200,"srcset":"https:\/\/i0.wp.com\/noticiasribeiraopreto.com.br\/wp-content\/uploads\/2023\/11\/1701379214_novos-onibus-ribeirao-preto.jpg?fit=1200%2C800&ssl=1&resize=350%2C200 1x, https:\/\/i0.wp.com\/noticiasribeiraopreto.com.br\/wp-content\/uploads\/2023\/11\/1701379214_novos-onibus-ribeirao-preto.jpg?fit=1200%2C800&ssl=1&resize=525%2C300 1.5x, https:\/\/i0.wp.com\/noticiasribeiraopreto.com.br\/wp-content\/uploads\/2023\/11\/1701379214_novos-onibus-ribeirao-preto.jpg?fit=1200%2C800&ssl=1&resize=700%2C400 2x, https:\/\/i0.wp.com\/noticiasribeiraopreto.com.br\/wp-content\/uploads\/2023\/11\/1701379214_novos-onibus-ribeirao-preto.jpg?fit=1200%2C800&ssl=1&resize=1050%2C600 3x"},"classes":[]}],"jetpack_sharing_enabled":true,"jetpack_shortlink":"https:\/\/wp.me\/peQAOb-lAA","_links":{"self":[{"href":"https:\/\/noticiasribeiraopreto.com.br\/index.php\/wp-json\/wp\/v2\/posts\/82992","targetHints":{"allow":["GET"]}}],"collection":[{"href":"https:\/\/noticiasribeiraopreto.com.br\/index.php\/wp-json\/wp\/v2\/posts"}],"about":[{"href":"https:\/\/noticiasribeiraopreto.com.br\/index.php\/wp-json\/wp\/v2\/types\/post"}],"author":[{"embeddable":true,"href":"https:\/\/noticiasribeiraopreto.com.br\/index.php\/wp-json\/wp\/v2\/users\/1"}],"replies":[{"embeddable":true,"href":"https:\/\/noticiasribeiraopreto.com.br\/index.php\/wp-json\/wp\/v2\/comments?post=82992"}],"version-history":[{"count":0,"href":"https:\/\/noticiasribeiraopreto.com.br\/index.php\/wp-json\/wp\/v2\/posts\/82992\/revisions"}],"wp:featuredmedia":[{"embeddable":true,"href":"https:\/\/noticiasribeiraopreto.com.br\/index.php\/wp-json\/wp\/v2\/media\/82433"}],"wp:attachment":[{"href":"https:\/\/noticiasribeiraopreto.com.br\/index.php\/wp-json\/wp\/v2\/media?parent=82992"}],"wp:term":[{"taxonomy":"category","embeddable":true,"href":"https:\/\/noticiasribeiraopreto.com.br\/index.php\/wp-json\/wp\/v2\/categories?post=82992"},{"taxonomy":"post_tag","embeddable":true,"href":"https:\/\/noticiasribeiraopreto.com.br\/index.php\/wp-json\/wp\/v2\/tags?post=82992"}],"curies":[{"name":"wp","href":"https:\/\/api.w.org\/{rel}","templated":true}]}}