{"id":82995,"date":"2026-03-06T07:25:08","date_gmt":"2026-03-06T10:25:08","guid":{"rendered":"https:\/\/noticiasribeiraopreto.com.br\/index.php\/2026\/03\/06\/educacao-vai-comprar-54-mil-ovos-de-pascoa\/"},"modified":"2026-03-06T07:25:08","modified_gmt":"2026-03-06T10:25:08","slug":"educacao-vai-comprar-54-mil-ovos-de-pascoa","status":"publish","type":"post","link":"https:\/\/noticiasribeiraopreto.com.br\/index.php\/2026\/03\/06\/educacao-vai-comprar-54-mil-ovos-de-pascoa\/","title":{"rendered":"Educa\u00e7\u00e3o vai comprar \u202854 mil ovos de p\u00e1scoa"},"content":{"rendered":"<div class='code-block code-block-1' style='margin: 8px 0 8px auto; text-align: right; display: block; clear: both;'>\n<p><a href=\"https:\/\/wa.link\/vpicfd\"><img data-recalc-dims=\"1\" class=\"wp-image-4922\" style=\"aspect-ratio: 2.0253164556962027; width: 561px; height: auto;\" src=\"https:\/\/i0.wp.com\/ismaelcolosi.com.br\/wp-content\/uploads\/2023\/11\/grupo-de-empregos-whatsapp-e-facebook-ismael-colosi-vagas.jpg?ssl=1\" alt=\"\" \/><\/a><\/p>\n<!-- \/wp:image -->\n<\/div>\n<p> <br \/>\n<\/p>\n<div id=\"\">&#13;<br \/>\n\t\t\t\t\t\t\t\t&#13;<\/p>\n<p>&#13;<br \/>\n\t\t\t\t\t\t\t\t\t<span class=\"entry-meta-item penci-posted-on\"><i class=\"fa fa-clock-o\"\/><time class=\"entry-date published updated\" datetime=\"2026-03-06T07:19:49-03:00\">6 de mar\u00e7o de 2026 07:19<\/time><\/span><span class=\"entry-meta-item penci-post-countview\"\/>\t\t\t\t\t\t\t\t<\/p>\n<p><!-- .entry-meta -->&#13;<br \/>\n\t\t\t\t\t\t\t\t<span class=\"penci-social-buttons penci-social-share-footer\"><span class=\"penci-social-share-text\">Compartilhar<\/span><a href=\"#\" class=\"penci-post-like penci_post-meta_item  single-like-button penci-social-item like\" data-post_id=\"456497\" title=\"Like\" data-like=\"Like\" data-unlike=\"Unlike\"><i class=\"fa fa-thumbs-o-up\"\/><span class=\"penci-share-number\">0<\/span><\/a><i class=\"fa fa-facebook\"\/><a class=\"penci-social-item twitter\" target=\"_blank\" rel=\"noopener\" title=\"\" href=\"https:\/\/twitter.com\/intent\/tweet?text=Educa\u00e7\u00e3o%20vai%20comprar%20\u202854%20mil%20ovos%20de%20p\u00e1scoa%20-%20https:\/\/www.tribunaribeirao.com.br\/educacao-vai-comprar-54-mil-ovos-de-pascoa\/\"><i class=\"fa fa-twitter\"\/><\/a><i class=\"fa fa-linkedin\"\/><i class=\"fa fa-whatsapp\"\/><i class=\"fa fa-telegram\"\/><i class=\"fa fa-envelope\"\/><\/span>\t\t\t\t\t\t\t<\/div>\n<div>\n<p class=\"p1\"><i>Licita\u00e7\u00e3o prev\u00ea entrega do produto para os alunos das 146 escolas municipais; custo estimado da compra \u00e9 de R$ 1,7 milh\u00e3o<\/i><\/p>\n<p>A Secretaria da Educa\u00e7\u00e3o de Ribeir\u00e3o Preto abriu licita\u00e7\u00e3o \u2013 na modalidade preg\u00e3o eletr\u00f4nico \u2013 com o objetivo de comprar 54.499 ovos de p\u00e1scoa para todos alunos das 146 escolas municipais. Ser\u00e3o adquiridas 53.561 unidades de chocolates convencionais, 18 diet, 413 sem lactose e 507 unidades sem cacau.<\/p>\n<p>A abertura do certame foi publicada no Di\u00e1rio Oficial do Munic\u00edpio (DOM) de quarta-feira, 4 de mar\u00e7o, e tem custo m\u00e1ximo estimado de R$ 1.775.584,91. A abertura da sess\u00e3o p\u00fablica com as empresas interessadas ser\u00e1 no dia 16 de mar\u00e7o, a partir das nove horas.<\/p>\n<p>O edital pode ser retirado pelo site www.gov.br\/compras\/pt-. Ap\u00f3s a defini\u00e7\u00e3o da vencedora provis\u00f3ria, ela ter\u00e1 que apresentar amostras dos produtos para avalia\u00e7\u00e3o e finaliza\u00e7\u00e3o do processo se o produto for aprovado.<\/p>\n<p>Caber\u00e1 a vencedora, a entrega em todas as escolas municipais a partir de cronograma e orienta\u00e7\u00f5es definidos pela Ger\u00eancia de Distribui\u00e7\u00e3o de Alimentos da secretaria. A Semana Santa come\u00e7a em 3 de abril com a Sexta-Feira da Paix\u00e3o, continua no S\u00e1bado de Aleluia (4) e termina no Domingo de P\u00e1scoa (5)<\/p>\n<p>A rede municipal \u00e9 composta por 146 unidades escolares. S\u00e3o 36 Centros de Educa\u00e7\u00e3o Infantil (Ceis), 41 Escolas Municipais de Educa\u00e7\u00e3o Infantil (Emeis), 29 Escolas de Educa\u00e7\u00e3o Infantil conveniadas, 35 Escolas Municipais de Ensino Fundamental (Emefs) e cinco de Educa\u00e7\u00e3o Especial.<\/p>\n<\/div>\n<p><script async src=\"\/\/platform.twitter.com\/widgets.js\" charset=\"utf-8\"><\/script><br \/>\n<br \/><br \/>\n<br \/><a href=\"https:\/\/www.tribunaribeirao.com.br\/educacao-vai-comprar-54-mil-ovos-de-pascoa\/\">Source link <\/a><\/p>\n<!-- CONTENT END 1 -->\n","protected":false},"excerpt":{"rendered":"<p>&#13; &#13; &#13; 6 de mar\u00e7o de 2026 07:19 &#13; Compartilhar0 Licita\u00e7\u00e3o prev\u00ea entrega do produto para os alunos das 146 escolas municipais; custo estimado&#8230;<\/p>\n","protected":false},"author":1,"featured_media":82996,"comment_status":"open","ping_status":"open","sticky":false,"template":"","format":"standard","meta":{"advanced_seo_description":"","jetpack_seo_html_title":"","jetpack_seo_noindex":false,"jetpack_post_was_ever_published":false,"_jetpack_newsletter_access":"","_jetpack_dont_email_post_to_subs":false,"_jetpack_newsletter_tier_id":0,"_jetpack_memberships_contains_paywalled_content":false,"_jetpack_memberships_contains_paid_content":false,"footnotes":"","jetpack_publicize_message":"","jetpack_publicize_feature_enabled":true,"jetpack_social_post_already_shared":true,"jetpack_social_options":{"image_generator_settings":{"template":"highway","default_image_id":0,"font":"","enabled":false},"version":2}},"categories":[11],"tags":[],"class_list":["post-82995","post","type-post","status-publish","format-standard","has-post-thumbnail","hentry","category-noticias-de-ribeirao-preto-sp-e-regiao-ismael-colosi"],"jetpack_publicize_connections":[],"jetpack_featured_media_url":"https:\/\/i0.wp.com\/noticiasribeiraopreto.com.br\/wp-content\/uploads\/2026\/03\/Pascoa-Marcelo-Camargo-Ag.Br_.jpg?fit=1170%2C700&ssl=1","jetpack-related-posts":[{"id":83997,"url":"https:\/\/noticiasribeiraopreto.com.br\/index.php\/2026\/03\/30\/precos-de-itens-de-pascoa-variam-ate-133-em-ribeirao-preto-aponta-procon\/","url_meta":{"origin":82995,"position":0},"title":"Pre\u00e7os de itens de P\u00e1scoa variam at\u00e9 133% em Ribeir\u00e3o Preto, aponta Procon","author":"noticiasribeiraopreto.com.br","date":"30 de March de 2026","format":false,"excerpt":"Ler o resumo da not\u00edcia Procon-SP registrou varia\u00e7\u00f5es de at\u00e9 133,78% nos pre\u00e7os de produtos de P\u00e1scoa em Ribeir\u00e3o Preto. Pesquisa analisou 121 itens em 8 estabelecimentos entre os dias 18 e 19 de mar\u00e7o. Batata, ovo de P\u00e1scoa Sonho de Valsa e sardinha apresentaram as maiores oscila\u00e7\u00f5es de pre\u00e7o.\u2026","rel":"","context":"In &quot;Not\u00edcias de Ribeir\u00e3o Preto-SP e Regi\u00e3o&quot;","block_context":{"text":"Not\u00edcias de Ribeir\u00e3o Preto-SP e Regi\u00e3o","link":"https:\/\/noticiasribeiraopreto.com.br\/index.php\/category\/noticias-de-ribeirao-preto-sp-e-regiao-ismael-colosi\/"},"img":{"alt_text":"","src":"https:\/\/i0.wp.com\/noticiasribeiraopreto.com.br\/wp-content\/uploads\/2026\/03\/pascoa_ovos_1024x576_29032021192642_2026-03-30_19-10-06.webp.webp?fit=1024%2C576&ssl=1&resize=350%2C200","width":350,"height":200,"srcset":"https:\/\/i0.wp.com\/noticiasribeiraopreto.com.br\/wp-content\/uploads\/2026\/03\/pascoa_ovos_1024x576_29032021192642_2026-03-30_19-10-06.webp.webp?fit=1024%2C576&ssl=1&resize=350%2C200 1x, https:\/\/i0.wp.com\/noticiasribeiraopreto.com.br\/wp-content\/uploads\/2026\/03\/pascoa_ovos_1024x576_29032021192642_2026-03-30_19-10-06.webp.webp?fit=1024%2C576&ssl=1&resize=525%2C300 1.5x, https:\/\/i0.wp.com\/noticiasribeiraopreto.com.br\/wp-content\/uploads\/2026\/03\/pascoa_ovos_1024x576_29032021192642_2026-03-30_19-10-06.webp.webp?fit=1024%2C576&ssl=1&resize=700%2C400 2x"},"classes":[]},{"id":67852,"url":"https:\/\/noticiasribeiraopreto.com.br\/index.php\/2025\/04\/19\/calcadao-de-ribeirao-preto-tem-movimento-intenso-na-vespera-da-pascoa\/","url_meta":{"origin":82995,"position":1},"title":"Cal\u00e7ad\u00e3o de Ribeir\u00e3o Preto tem movimento intenso na v\u00e9spera da P\u00e1scoa","author":"noticiasribeiraopreto.com.br","date":"19 de April de 2025","format":false,"excerpt":"O Cal\u00e7ad\u00e3o de Ribeir\u00e3o Preto, principal ponto de com\u00e9rcio na regi\u00e3o central da cidade, registra movimento intenso neste s\u00e1bado (19), v\u00e9spera da P\u00e1scoa. Muitos consumidores deixaram a compra dos ovos de chocolate para a \u00faltima hora e enfrenta filas nas lojas. \u00a0 \u201cVim aqui ao Centro comprar ovo de P\u00e1scoa,\u2026","rel":"","context":"In &quot;Not\u00edcias de Ribeir\u00e3o Preto-SP e Regi\u00e3o&quot;","block_context":{"text":"Not\u00edcias de Ribeir\u00e3o Preto-SP e Regi\u00e3o","link":"https:\/\/noticiasribeiraopreto.com.br\/index.php\/category\/noticias-de-ribeirao-preto-sp-e-regiao-ismael-colosi\/"},"img":{"alt_text":"","src":"https:\/\/i0.wp.com\/noticiasribeiraopreto.com.br\/wp-content\/uploads\/2025\/04\/CALCADAO_2025-04-19_16-20-24.webp.webp?fit=1200%2C741&ssl=1&resize=350%2C200","width":350,"height":200,"srcset":"https:\/\/i0.wp.com\/noticiasribeiraopreto.com.br\/wp-content\/uploads\/2025\/04\/CALCADAO_2025-04-19_16-20-24.webp.webp?fit=1200%2C741&ssl=1&resize=350%2C200 1x, https:\/\/i0.wp.com\/noticiasribeiraopreto.com.br\/wp-content\/uploads\/2025\/04\/CALCADAO_2025-04-19_16-20-24.webp.webp?fit=1200%2C741&ssl=1&resize=525%2C300 1.5x, https:\/\/i0.wp.com\/noticiasribeiraopreto.com.br\/wp-content\/uploads\/2025\/04\/CALCADAO_2025-04-19_16-20-24.webp.webp?fit=1200%2C741&ssl=1&resize=700%2C400 2x, https:\/\/i0.wp.com\/noticiasribeiraopreto.com.br\/wp-content\/uploads\/2025\/04\/CALCADAO_2025-04-19_16-20-24.webp.webp?fit=1200%2C741&ssl=1&resize=1050%2C600 3x"},"classes":[]},{"id":83446,"url":"https:\/\/noticiasribeiraopreto.com.br\/index.php\/2026\/03\/18\/ribeirao-preto-tera-programacao-gratuita-de-pascoa-com-oficina-infantil-e-aula-de-culinaria\/","url_meta":{"origin":82995,"position":2},"title":"Ribeir\u00e3o Preto ter\u00e1 programa\u00e7\u00e3o gratuita de P\u00e1scoa com oficina infantil e aula de culin\u00e1ria","author":"noticiasribeiraopreto.com.br","date":"18 de March de 2026","format":false,"excerpt":"Ribeir\u00e3o Preto recebe, no dia 25 de mar\u00e7o, uma programa\u00e7\u00e3o gratuita de P\u00e1scoa. O evento acontece na Galeria Renato Aguiar, no bairro Jardim Nova Alian\u00e7a Sul, e re\u00fane atividades interativas para crian\u00e7as e uma aula de culin\u00e1ria tem\u00e1tica aberta ao p\u00fablico. A programa\u00e7\u00e3o come\u00e7a \u00e0s 15h com uma oficina de\u2026","rel":"","context":"In &quot;Not\u00edcias de Ribeir\u00e3o Preto-SP e Regi\u00e3o&quot;","block_context":{"text":"Not\u00edcias de Ribeir\u00e3o Preto-SP e Regi\u00e3o","link":"https:\/\/noticiasribeiraopreto.com.br\/index.php\/category\/noticias-de-ribeirao-preto-sp-e-regiao-ismael-colosi\/"},"img":{"alt_text":"","src":"https:\/\/i0.wp.com\/noticiasribeiraopreto.com.br\/wp-content\/uploads\/2026\/03\/palace-79_2026-03-18_16-22-05.webp.webp?fit=1200%2C675&ssl=1&resize=350%2C200","width":350,"height":200,"srcset":"https:\/\/i0.wp.com\/noticiasribeiraopreto.com.br\/wp-content\/uploads\/2026\/03\/palace-79_2026-03-18_16-22-05.webp.webp?fit=1200%2C675&ssl=1&resize=350%2C200 1x, https:\/\/i0.wp.com\/noticiasribeiraopreto.com.br\/wp-content\/uploads\/2026\/03\/palace-79_2026-03-18_16-22-05.webp.webp?fit=1200%2C675&ssl=1&resize=525%2C300 1.5x, https:\/\/i0.wp.com\/noticiasribeiraopreto.com.br\/wp-content\/uploads\/2026\/03\/palace-79_2026-03-18_16-22-05.webp.webp?fit=1200%2C675&ssl=1&resize=700%2C400 2x, https:\/\/i0.wp.com\/noticiasribeiraopreto.com.br\/wp-content\/uploads\/2026\/03\/palace-79_2026-03-18_16-22-05.webp.webp?fit=1200%2C675&ssl=1&resize=1050%2C600 3x"},"classes":[]},{"id":44606,"url":"https:\/\/noticiasribeiraopreto.com.br\/index.php\/2024\/03\/28\/comercio-espera-alta-de-ate-6-nas-vendas-na-pascoa\/","url_meta":{"origin":82995,"position":3},"title":"Com\u00e9rcio espera alta\u00a0de at\u00e9 6% nas vendas na P\u00e1scoa","author":"noticiasribeiraopreto.com.br","date":"28 de March de 2024","format":false,"excerpt":"28 de mar\u00e7o de 2024 | 18:0028 de mar\u00e7o de 2024 | 12:42 0 O com\u00e9rcio varejista de Ribeir\u00e3o Preto projeta crescimento m\u00e9dio de 4% a 6% nas vendas da P\u00e1scoa deste ano em rela\u00e7\u00e3o ao mesmo per\u00edodo de 2023. Com base em n\u00fameros da Confedera\u00e7\u00e3o Nacional de Dirigentes Lojistas\u2026","rel":"","context":"In &quot;Not\u00edcias de Ribeir\u00e3o Preto-SP e Regi\u00e3o&quot;","block_context":{"text":"Not\u00edcias de Ribeir\u00e3o Preto-SP e Regi\u00e3o","link":"https:\/\/noticiasribeiraopreto.com.br\/index.php\/category\/noticias-de-ribeirao-preto-sp-e-regiao-ismael-colosi\/"},"img":{"alt_text":"","src":"https:\/\/i0.wp.com\/noticiasribeiraopreto.com.br\/wp-content\/uploads\/2024\/03\/PascoaRP-Marcelo-Camargo-Ag.Br_.-01-scaled.jpg?fit=750%2C500&ssl=1&resize=350%2C200","width":350,"height":200,"srcset":"https:\/\/i0.wp.com\/noticiasribeiraopreto.com.br\/wp-content\/uploads\/2024\/03\/PascoaRP-Marcelo-Camargo-Ag.Br_.-01-scaled.jpg?fit=750%2C500&ssl=1&resize=350%2C200 1x, https:\/\/i0.wp.com\/noticiasribeiraopreto.com.br\/wp-content\/uploads\/2024\/03\/PascoaRP-Marcelo-Camargo-Ag.Br_.-01-scaled.jpg?fit=750%2C500&ssl=1&resize=525%2C300 1.5x, https:\/\/i0.wp.com\/noticiasribeiraopreto.com.br\/wp-content\/uploads\/2024\/03\/PascoaRP-Marcelo-Camargo-Ag.Br_.-01-scaled.jpg?fit=750%2C500&ssl=1&resize=700%2C400 2x"},"classes":[]},{"id":84200,"url":"https:\/\/noticiasribeiraopreto.com.br\/index.php\/2026\/04\/04\/o-que-se-sabe-sobre-furto-de-300-ovos-de-pascoa-e-chocolates-em-ribeirao-preto\/","url_meta":{"origin":82995,"position":4},"title":"O que se sabe sobre furto de 300 ovos de P\u00e1scoa e chocolates em Ribeir\u00e3o Preto","author":"noticiasribeiraopreto.com.br","date":"4 de April de 2026","format":false,"excerpt":"Ler o resumo da not\u00edcia O que se sabe sobre furto de 300 ovos de P\u00e1scoa e chocolates em Ribeir\u00e3o Preto A Pol\u00edcia Civil confirmou o furto de 300 ovos de P\u00e1scoa e chocolates em uma loja de Ribeir\u00e3o Preto, na madrugada da \u00faltima quinta-feira (2). O crime aconteceu em\u2026","rel":"","context":"In &quot;Not\u00edcias de Ribeir\u00e3o Preto-SP e Regi\u00e3o&quot;","block_context":{"text":"Not\u00edcias de Ribeir\u00e3o Preto-SP e Regi\u00e3o","link":"https:\/\/noticiasribeiraopreto.com.br\/index.php\/category\/noticias-de-ribeirao-preto-sp-e-regiao-ismael-colosi\/"},"img":{"alt_text":"","src":"https:\/\/i0.wp.com\/noticiasribeiraopreto.com.br\/wp-content\/uploads\/2026\/04\/furto-ovos-de-pascoa_2026-04-04_12-46-58.webp.webp?fit=796%2C681&ssl=1&resize=350%2C200","width":350,"height":200,"srcset":"https:\/\/i0.wp.com\/noticiasribeiraopreto.com.br\/wp-content\/uploads\/2026\/04\/furto-ovos-de-pascoa_2026-04-04_12-46-58.webp.webp?fit=796%2C681&ssl=1&resize=350%2C200 1x, https:\/\/i0.wp.com\/noticiasribeiraopreto.com.br\/wp-content\/uploads\/2026\/04\/furto-ovos-de-pascoa_2026-04-04_12-46-58.webp.webp?fit=796%2C681&ssl=1&resize=525%2C300 1.5x, https:\/\/i0.wp.com\/noticiasribeiraopreto.com.br\/wp-content\/uploads\/2026\/04\/furto-ovos-de-pascoa_2026-04-04_12-46-58.webp.webp?fit=796%2C681&ssl=1&resize=700%2C400 2x"},"classes":[]},{"id":81218,"url":"https:\/\/noticiasribeiraopreto.com.br\/index.php\/2025\/12\/28\/prefeitura-no-interior-de-sp-oferece-19-vagas-com-salarios-de-ate-r-8-mil-veja-oportunidades\/","url_meta":{"origin":82995,"position":5},"title":"Prefeitura no interior de SP oferece 19 vagas com sal\u00e1rios de at\u00e9 R$ 8 mil; Veja oportunidades","author":"noticiasribeiraopreto.com.br","date":"28 de December de 2025","format":false,"excerpt":"A Prefeitura de Jaboticabal, no interior de S\u00e3o Paulo, est\u00e1 com as inscri\u00e7\u00f5es abertas para concurso p\u00fablico que visa contratar profissionais de n\u00edvel superior al\u00e9m de formar cadastro reserva. Ao todo, s\u00e3o 19 vagas para diferentes fun\u00e7\u00f5es. Os sal\u00e1rios variam de R$ 5.008,31 a R$ 8.165,33, para jornadas de 40\u2026","rel":"","context":"In &quot;Not\u00edcias de Ribeir\u00e3o Preto-SP e Regi\u00e3o&quot;","block_context":{"text":"Not\u00edcias de Ribeir\u00e3o Preto-SP e Regi\u00e3o","link":"https:\/\/noticiasribeiraopreto.com.br\/index.php\/category\/noticias-de-ribeirao-preto-sp-e-regiao-ismael-colosi\/"},"img":{"alt_text":"","src":"https:\/\/i0.wp.com\/noticiasribeiraopreto.com.br\/wp-content\/uploads\/2025\/10\/Copia-de-Copia-de-Copia-de-TAMANHO-EXATO-PARA-FOTOS-NO-SISTEMA-NOVO-2025-09-30T183837.662_2025-09-30_21-39-01.webp.webp?fit=1200%2C675&ssl=1&resize=350%2C200","width":350,"height":200,"srcset":"https:\/\/i0.wp.com\/noticiasribeiraopreto.com.br\/wp-content\/uploads\/2025\/10\/Copia-de-Copia-de-Copia-de-TAMANHO-EXATO-PARA-FOTOS-NO-SISTEMA-NOVO-2025-09-30T183837.662_2025-09-30_21-39-01.webp.webp?fit=1200%2C675&ssl=1&resize=350%2C200 1x, https:\/\/i0.wp.com\/noticiasribeiraopreto.com.br\/wp-content\/uploads\/2025\/10\/Copia-de-Copia-de-Copia-de-TAMANHO-EXATO-PARA-FOTOS-NO-SISTEMA-NOVO-2025-09-30T183837.662_2025-09-30_21-39-01.webp.webp?fit=1200%2C675&ssl=1&resize=525%2C300 1.5x, https:\/\/i0.wp.com\/noticiasribeiraopreto.com.br\/wp-content\/uploads\/2025\/10\/Copia-de-Copia-de-Copia-de-TAMANHO-EXATO-PARA-FOTOS-NO-SISTEMA-NOVO-2025-09-30T183837.662_2025-09-30_21-39-01.webp.webp?fit=1200%2C675&ssl=1&resize=700%2C400 2x, https:\/\/i0.wp.com\/noticiasribeiraopreto.com.br\/wp-content\/uploads\/2025\/10\/Copia-de-Copia-de-Copia-de-TAMANHO-EXATO-PARA-FOTOS-NO-SISTEMA-NOVO-2025-09-30T183837.662_2025-09-30_21-39-01.webp.webp?fit=1200%2C675&ssl=1&resize=1050%2C600 3x"},"classes":[]}],"jetpack_sharing_enabled":true,"jetpack_shortlink":"https:\/\/wp.me\/peQAOb-lAD","_links":{"self":[{"href":"https:\/\/noticiasribeiraopreto.com.br\/index.php\/wp-json\/wp\/v2\/posts\/82995","targetHints":{"allow":["GET"]}}],"collection":[{"href":"https:\/\/noticiasribeiraopreto.com.br\/index.php\/wp-json\/wp\/v2\/posts"}],"about":[{"href":"https:\/\/noticiasribeiraopreto.com.br\/index.php\/wp-json\/wp\/v2\/types\/post"}],"author":[{"embeddable":true,"href":"https:\/\/noticiasribeiraopreto.com.br\/index.php\/wp-json\/wp\/v2\/users\/1"}],"replies":[{"embeddable":true,"href":"https:\/\/noticiasribeiraopreto.com.br\/index.php\/wp-json\/wp\/v2\/comments?post=82995"}],"version-history":[{"count":0,"href":"https:\/\/noticiasribeiraopreto.com.br\/index.php\/wp-json\/wp\/v2\/posts\/82995\/revisions"}],"wp:featuredmedia":[{"embeddable":true,"href":"https:\/\/noticiasribeiraopreto.com.br\/index.php\/wp-json\/wp\/v2\/media\/82996"}],"wp:attachment":[{"href":"https:\/\/noticiasribeiraopreto.com.br\/index.php\/wp-json\/wp\/v2\/media?parent=82995"}],"wp:term":[{"taxonomy":"category","embeddable":true,"href":"https:\/\/noticiasribeiraopreto.com.br\/index.php\/wp-json\/wp\/v2\/categories?post=82995"},{"taxonomy":"post_tag","embeddable":true,"href":"https:\/\/noticiasribeiraopreto.com.br\/index.php\/wp-json\/wp\/v2\/tags?post=82995"}],"curies":[{"name":"wp","href":"https:\/\/api.w.org\/{rel}","templated":true}]}}