{"id":82999,"date":"2026-03-06T10:11:20","date_gmt":"2026-03-06T13:11:20","guid":{"rendered":"https:\/\/noticiasribeiraopreto.com.br\/index.php\/2026\/03\/06\/video-onibus-do-cantor-latino-sofre-acidente-na-regiao\/"},"modified":"2026-03-06T10:11:20","modified_gmt":"2026-03-06T13:11:20","slug":"video-onibus-do-cantor-latino-sofre-acidente-na-regiao","status":"publish","type":"post","link":"https:\/\/noticiasribeiraopreto.com.br\/index.php\/2026\/03\/06\/video-onibus-do-cantor-latino-sofre-acidente-na-regiao\/","title":{"rendered":"V\u00cdDEO &#8211; \u00d4nibus do cantor Latino sofre acidente na regi\u00e3o"},"content":{"rendered":"<div class='code-block code-block-1' style='margin: 8px 0 8px auto; text-align: right; display: block; clear: both;'>\n<p><a href=\"https:\/\/wa.link\/vpicfd\"><img data-recalc-dims=\"1\" class=\"wp-image-4922\" style=\"aspect-ratio: 2.0253164556962027; width: 561px; height: auto;\" src=\"https:\/\/i0.wp.com\/ismaelcolosi.com.br\/wp-content\/uploads\/2023\/11\/grupo-de-empregos-whatsapp-e-facebook-ismael-colosi-vagas.jpg?ssl=1\" alt=\"\" \/><\/a><\/p>\n<!-- \/wp:image -->\n<\/div>\n<p> <br \/>\n<\/p>\n<div id=\"\">&#13;<\/p>\n<h2 class=\"penci-post-subtitle\">Ve\u00edculo desgovernado chegou a atravessar canteiro central, invadir pista oposta e s\u00f3 parar ao bater em mureta sobre retorno<\/h2>\n<p>&#13;<\/p>\n<p>&#13;<br \/>\n\t\t\t\t\t\t\t\t\t<span class=\"entry-meta-item penci-posted-on\"><i class=\"fa fa-clock-o\"\/><time class=\"entry-date published\" datetime=\"2026-03-06T10:04:19-03:00\">6 de mar\u00e7o de 2026 10:04<\/time><time class=\"updated\" datetime=\"2026-03-06T10:05:35-03:00\">6 de mar\u00e7o de 2026 10:05<\/time><\/span><span class=\"entry-meta-item penci-post-countview\"\/>\t\t\t\t\t\t\t\t<\/p>\n<p><!-- .entry-meta -->&#13;<br \/>\n\t\t\t\t\t\t\t\t<span class=\"penci-social-buttons penci-social-share-footer\"><span class=\"penci-social-share-text\">Compartilhar<\/span><a href=\"#\" class=\"penci-post-like penci_post-meta_item  single-like-button penci-social-item like\" data-post_id=\"456539\" title=\"Like\" data-like=\"Like\" data-unlike=\"Unlike\"><i class=\"fa fa-thumbs-o-up\"\/><span class=\"penci-share-number\">2<\/span><\/a><i class=\"fa fa-facebook\"\/><a class=\"penci-social-item twitter\" target=\"_blank\" rel=\"noopener\" title=\"\" href=\"https:\/\/twitter.com\/intent\/tweet?text=V\u00cdDEO%20-%20\u00d4nibus%20do%20cantor%20Latino%20sofre%20acidente%20na%20regi\u00e3o%20-%20https:\/\/www.tribunaribeirao.com.br\/onibus-do-cantor-latino-sofre-acidente-na-regiao\/\"><i class=\"fa fa-twitter\"\/><\/a><i class=\"fa fa-linkedin\"\/><i class=\"fa fa-whatsapp\"\/><i class=\"fa fa-telegram\"\/><i class=\"fa fa-envelope\"\/><\/span>\t\t\t\t\t\t\t<\/div>\n<div>\n<p>Por: Adalberto Luque<\/p>\n<p>O \u00f4nibus do cantor Latino sofreu um grave acidente, na manh\u00e3 desta sexta-feira (6). O motorista do \u00f4nibus perdeu o controle de dire\u00e7\u00e3o na Rodovia Washington Luiz (SP-310), altura do km 308, em Mat\u00e3o. Chovia no momento do acidente.<\/p>\n<p>O cantor Latino tamb\u00e9m estava no \u00f4nibus, que saiu de Mogi das Cruzes, na Grande S\u00e3o Paulo, no in\u00edcio da madrugada. O ve\u00edculo seguia para S\u00e3o Jos\u00e9 do Rio Preto, onde o cantor vai se apresentar no s\u00e1bado (7).<\/p>\n<figure id=\"attachment_456542\" aria-describedby=\"caption-attachment-456542\" style=\"width: 727px\" class=\"wp-caption alignnone\"><img data-recalc-dims=\"1\" loading=\"lazy\" decoding=\"async\" class=\"wp-image-456542 lazyload\" src=\"https:\/\/i0.wp.com\/www.tribunaribeirao.com.br\/wp-content\/uploads\/2026\/03\/06-mar-2026-acidentelatino3.jpg?resize=727%2C832&#038;ssl=1\" alt=\"\" width=\"727\" height=\"832\" srcset=\"https:\/\/www.tribunaribeirao.com.br\/wp-content\/uploads\/2026\/03\/06-mar-2026-acidentelatino3.jpg 653w, https:\/\/www.tribunaribeirao.com.br\/wp-content\/uploads\/2026\/03\/06-mar-2026-acidentelatino3-262x300.jpg 262w, https:\/\/www.tribunaribeirao.com.br\/wp-content\/uploads\/2026\/03\/06-mar-2026-acidentelatino3-350x400.jpg 350w, https:\/\/www.tribunaribeirao.com.br\/wp-content\/uploads\/2026\/03\/06-mar-2026-acidentelatino3-585x669.jpg 585w\" data-sizes=\"(max-width: 727px) 100vw, 727px\" style=\"--smush-placeholder-width: 727px; --smush-placeholder-aspect-ratio: 727\/832;\"\/><figcaption id=\"caption-attachment-456542\" class=\"wp-caption-text\">Latino estava no \u00f4nibus que seguia de Mogi das Cruzes para S\u00e3o Jos\u00e9 do Rio Preto (Foto: Redes Sociais e v\u00eddeo: Mat\u00e3o Urgente\/Maury Jr.)<\/figcaption><\/figure>\n<p>De acordo com a Artesp, o ve\u00edculo seguia na pista Norte quando, por motivos a serem apurados, o motorista perdeu o controle de dire\u00e7\u00e3o. O \u00d4nibus atravessou o canteiro central rompendo a defensa met\u00e1lica, invadiu a pista contr\u00e1ria, quase se chocou com um caminh\u00e3o carregado com laranja e s\u00f3 parou ao bater na mureta de um retorno.<\/p>\n<p>Testemunhas disseram que as rodas do ve\u00edculo chegaram a levantar, mas o \u00f4nibus n\u00e3o tombou. Dois integrantes da equipe de Latino sofreram ferimentos leves. Eles foram levados para unidades de sa\u00fade na regi\u00e3o.<\/p>\n<figure id=\"attachment_456540\" aria-describedby=\"caption-attachment-456540\" style=\"width: 962px\" class=\"wp-caption alignnone\"><img data-recalc-dims=\"1\" loading=\"lazy\" decoding=\"async\" class=\"size-full wp-image-456540 lazyload\" src=\"https:\/\/i0.wp.com\/www.tribunaribeirao.com.br\/wp-content\/uploads\/2026\/03\/06-mar-2026-acidentelatino.jpg?resize=962%2C747&#038;ssl=1\" alt=\"\" width=\"962\" height=\"747\" srcset=\"https:\/\/www.tribunaribeirao.com.br\/wp-content\/uploads\/2026\/03\/06-mar-2026-acidentelatino.jpg 962w, https:\/\/www.tribunaribeirao.com.br\/wp-content\/uploads\/2026\/03\/06-mar-2026-acidentelatino-300x233.jpg 300w, https:\/\/www.tribunaribeirao.com.br\/wp-content\/uploads\/2026\/03\/06-mar-2026-acidentelatino-768x596.jpg 768w, https:\/\/www.tribunaribeirao.com.br\/wp-content\/uploads\/2026\/03\/06-mar-2026-acidentelatino-960x745.jpg 960w, https:\/\/www.tribunaribeirao.com.br\/wp-content\/uploads\/2026\/03\/06-mar-2026-acidentelatino-515x400.jpg 515w, https:\/\/www.tribunaribeirao.com.br\/wp-content\/uploads\/2026\/03\/06-mar-2026-acidentelatino-585x454.jpg 585w\" data-sizes=\"(max-width: 962px) 100vw, 962px\" style=\"--smush-placeholder-width: 962px; --smush-placeholder-aspect-ratio: 962\/747;\"\/><figcaption id=\"caption-attachment-456540\" class=\"wp-caption-text\">Nas redes sociais do cantor, a mensagem de gratid\u00e3o por n\u00e3o ter sido nada mais grave (Foto: Reprodu\u00e7\u00e3o e v\u00eddeo: Mat\u00e3o Urgente\/Maury Jr.)<\/figcaption><\/figure>\n<p>De acordo com o Portal Mat\u00e3o Urgente, o grupo j\u00e1 articulava para seguir viagem em outro \u00f4nibus para S\u00e3o Jos\u00e9 do Rio Preto. A Pol\u00edcia Militar Rodovi\u00e1ria (PMRv) e equipes da concession\u00e1ria atenderam \u00e0 ocorr\u00eancia.<\/p>\n<p>O caso foi registrado na Delegacia de Mat\u00e3o. A Pol\u00edcia Civil vai investigar as causas do acidente envolvendo o \u00f4nibus do cantor Latino. A reportagem pediu notas para a assessoria de Latino e para a concession\u00e1ria que administra a rodovia, mas n\u00e3o obteve retorno at\u00e9 a publica\u00e7\u00e3o da reportagem.<\/p>\n<\/div>\n<p><script async src=\"\/\/platform.twitter.com\/widgets.js\" charset=\"utf-8\"><\/script><br \/>\n<br \/><br \/>\n<br \/><a href=\"https:\/\/www.tribunaribeirao.com.br\/onibus-do-cantor-latino-sofre-acidente-na-regiao\/\">Source link <\/a><\/p>\n<!-- CONTENT END 1 -->\n","protected":false},"excerpt":{"rendered":"<p>&#13; Ve\u00edculo desgovernado chegou a atravessar canteiro central, invadir pista oposta e s\u00f3 parar ao bater em mureta sobre retorno &#13; &#13; 6 de mar\u00e7o&#8230;<\/p>\n","protected":false},"author":1,"featured_media":83000,"comment_status":"open","ping_status":"open","sticky":false,"template":"","format":"standard","meta":{"advanced_seo_description":"","jetpack_seo_html_title":"","jetpack_seo_noindex":false,"jetpack_post_was_ever_published":false,"_jetpack_newsletter_access":"","_jetpack_dont_email_post_to_subs":false,"_jetpack_newsletter_tier_id":0,"_jetpack_memberships_contains_paywalled_content":false,"_jetpack_memberships_contains_paid_content":false,"footnotes":"","jetpack_publicize_message":"","jetpack_publicize_feature_enabled":true,"jetpack_social_post_already_shared":true,"jetpack_social_options":{"image_generator_settings":{"template":"highway","default_image_id":0,"font":"","enabled":false},"version":2}},"categories":[11],"tags":[],"class_list":["post-82999","post","type-post","status-publish","format-standard","has-post-thumbnail","hentry","category-noticias-de-ribeirao-preto-sp-e-regiao-ismael-colosi"],"jetpack_publicize_connections":[],"jetpack_featured_media_url":"https:\/\/i0.wp.com\/noticiasribeiraopreto.com.br\/wp-content\/uploads\/2026\/03\/06-mar-2026-acidentelatino2-scaled.jpg?fit=1200%2C670&ssl=1","jetpack-related-posts":[{"id":80723,"url":"https:\/\/noticiasribeiraopreto.com.br\/index.php\/2025\/12\/12\/comercial-conhece-tabela-da-1a-fase-do-paulistao-a4-2026-confira\/","url_meta":{"origin":82999,"position":0},"title":"Comercial conhece tabela da 1\u00aa fase do Paulist\u00e3o A4 2026; Confira","author":"noticiasribeiraopreto.com.br","date":"12 de December de 2025","format":false,"excerpt":"A tabela b\u00e1sica de jogos do Paulist\u00e3o A4 2026 est\u00e1 definida. O Comercial estreia contra o Ecus, fora de casa \u2013 veja a tabela abaixo. A competi\u00e7\u00e3o tem in\u00edcio no primeiro final de semana de fevereiro e a decis\u00e3o est\u00e1 prevista para o dia 10 de maio. Regulamento Com a\u2026","rel":"","context":"In &quot;Not\u00edcias de Ribeir\u00e3o Preto-SP e Regi\u00e3o&quot;","block_context":{"text":"Not\u00edcias de Ribeir\u00e3o Preto-SP e Regi\u00e3o","link":"https:\/\/noticiasribeiraopreto.com.br\/index.php\/category\/noticias-de-ribeirao-preto-sp-e-regiao-ismael-colosi\/"},"img":{"alt_text":"","src":"https:\/\/i0.wp.com\/noticiasribeiraopreto.com.br\/wp-content\/uploads\/2025\/12\/roberval_2025-12-11_21-03-39.webp.webp?fit=1200%2C903&ssl=1&resize=350%2C200","width":350,"height":200,"srcset":"https:\/\/i0.wp.com\/noticiasribeiraopreto.com.br\/wp-content\/uploads\/2025\/12\/roberval_2025-12-11_21-03-39.webp.webp?fit=1200%2C903&ssl=1&resize=350%2C200 1x, https:\/\/i0.wp.com\/noticiasribeiraopreto.com.br\/wp-content\/uploads\/2025\/12\/roberval_2025-12-11_21-03-39.webp.webp?fit=1200%2C903&ssl=1&resize=525%2C300 1.5x, https:\/\/i0.wp.com\/noticiasribeiraopreto.com.br\/wp-content\/uploads\/2025\/12\/roberval_2025-12-11_21-03-39.webp.webp?fit=1200%2C903&ssl=1&resize=700%2C400 2x, https:\/\/i0.wp.com\/noticiasribeiraopreto.com.br\/wp-content\/uploads\/2025\/12\/roberval_2025-12-11_21-03-39.webp.webp?fit=1200%2C903&ssl=1&resize=1050%2C600 3x"},"classes":[]},{"id":83630,"url":"https:\/\/noticiasribeiraopreto.com.br\/index.php\/2026\/03\/22\/saiba-a-previsao-do-tempo-para-ribeirao-preto-nos-proximos-7-dias\/","url_meta":{"origin":82999,"position":1},"title":"Saiba a previs\u00e3o do tempo para Ribeir\u00e3o Preto nos pr\u00f3ximos 7 dias","author":"noticiasribeiraopreto.com.br","date":"22 de March de 2026","format":false,"excerpt":"A semana deve come\u00e7ar em Ribeir\u00e3o Preto com possibilidade de pancadas de chuva no final da tarde, segundo a Climatempo. Contudo, os meteorologistas apontam que, a partir do final da pr\u00f3xima semana, o tempo deve permanecer firme na cidade. Veja a previs\u00e3o do tempo Segunda-feira, 23 de mar\u00e7o M\u00e1xima: 30\u00b0\u2026","rel":"","context":"In &quot;Not\u00edcias de Ribeir\u00e3o Preto-SP e Regi\u00e3o&quot;","block_context":{"text":"Not\u00edcias de Ribeir\u00e3o Preto-SP e Regi\u00e3o","link":"https:\/\/noticiasribeiraopreto.com.br\/index.php\/category\/noticias-de-ribeirao-preto-sp-e-regiao-ismael-colosi\/"},"img":{"alt_text":"","src":"https:\/\/i0.wp.com\/noticiasribeiraopreto.com.br\/wp-content\/uploads\/2026\/03\/WhatsApp-Image-2026-01-21-at-05.57.30_2026-01-21_09-40-11-e1768988461559.webp.webp?fit=834%2C553&ssl=1&resize=350%2C200","width":350,"height":200,"srcset":"https:\/\/i0.wp.com\/noticiasribeiraopreto.com.br\/wp-content\/uploads\/2026\/03\/WhatsApp-Image-2026-01-21-at-05.57.30_2026-01-21_09-40-11-e1768988461559.webp.webp?fit=834%2C553&ssl=1&resize=350%2C200 1x, https:\/\/i0.wp.com\/noticiasribeiraopreto.com.br\/wp-content\/uploads\/2026\/03\/WhatsApp-Image-2026-01-21-at-05.57.30_2026-01-21_09-40-11-e1768988461559.webp.webp?fit=834%2C553&ssl=1&resize=525%2C300 1.5x, https:\/\/i0.wp.com\/noticiasribeiraopreto.com.br\/wp-content\/uploads\/2026\/03\/WhatsApp-Image-2026-01-21-at-05.57.30_2026-01-21_09-40-11-e1768988461559.webp.webp?fit=834%2C553&ssl=1&resize=700%2C400 2x"},"classes":[]},{"id":83473,"url":"https:\/\/noticiasribeiraopreto.com.br\/index.php\/2026\/03\/19\/bolsa-familia-atende-19-999-familias-na-cidade\/","url_meta":{"origin":82999,"position":2},"title":"Bolsa Fam\u00edlia atende 19.999\u2028 fam\u00edlias na cidade","author":"noticiasribeiraopreto.com.br","date":"19 de March de 2026","format":false,"excerpt":"\r \r \r 19 de mar\u00e7o de 2026 06:2419 de mar\u00e7o de 2026 06:28 \r Compartilhar0 O pagamento do Bolsa Fam\u00edlia come\u00e7ou nesta quarta-feira, 18 de mar\u00e7o, e segue at\u00e9 o dia 31, conforme o \u00faltimo d\u00edgito do N\u00famero de Identifica\u00e7\u00e3o Social (NIS) de cada benefici\u00e1rio. Neste m\u00eas, o programa\u2026","rel":"","context":"In &quot;Not\u00edcias de Ribeir\u00e3o Preto-SP e Regi\u00e3o&quot;","block_context":{"text":"Not\u00edcias de Ribeir\u00e3o Preto-SP e Regi\u00e3o","link":"https:\/\/noticiasribeiraopreto.com.br\/index.php\/category\/noticias-de-ribeirao-preto-sp-e-regiao-ismael-colosi\/"},"img":{"alt_text":"","src":"https:\/\/i0.wp.com\/noticiasribeiraopreto.com.br\/wp-content\/uploads\/2026\/03\/Bolsa-Lyon-Santos-MDS.jpg?fit=768%2C512&ssl=1&resize=350%2C200","width":350,"height":200,"srcset":"https:\/\/i0.wp.com\/noticiasribeiraopreto.com.br\/wp-content\/uploads\/2026\/03\/Bolsa-Lyon-Santos-MDS.jpg?fit=768%2C512&ssl=1&resize=350%2C200 1x, https:\/\/i0.wp.com\/noticiasribeiraopreto.com.br\/wp-content\/uploads\/2026\/03\/Bolsa-Lyon-Santos-MDS.jpg?fit=768%2C512&ssl=1&resize=525%2C300 1.5x, https:\/\/i0.wp.com\/noticiasribeiraopreto.com.br\/wp-content\/uploads\/2026\/03\/Bolsa-Lyon-Santos-MDS.jpg?fit=768%2C512&ssl=1&resize=700%2C400 2x"},"classes":[]},{"id":82896,"url":"https:\/\/noticiasribeiraopreto.com.br\/index.php\/2026\/03\/02\/interdicao-temporaria-altera-transito-na-joao-fiusa-entre-os-dias-3-e-6-de-marco\/","url_meta":{"origin":82999,"position":3},"title":"Interdi\u00e7\u00e3o tempor\u00e1ria altera tr\u00e2nsito na Jo\u00e3o Fi\u00fasa entre os dias 3 e 6 de mar\u00e7o","author":"noticiasribeiraopreto.com.br","date":"2 de March de 2026","format":false,"excerpt":"\r \r \r \r \r 2 de mar\u00e7o de 2026 15:15 \r Compartilhar0 \r A RP Mobi informa que haver\u00e1 interdi\u00e7\u00e3o tempor\u00e1ria de um trecho da pista Bairro\/Centro da Avenida Professor Jo\u00e3o Fi\u00fasa, na altura do Parque Olhos D\u2019\u00c1gua, entre os dias 3 e 6 de mar\u00e7o (ter\u00e7a a quinta-feira),\u2026","rel":"","context":"In &quot;Not\u00edcias de Ribeir\u00e3o Preto-SP e Regi\u00e3o&quot;","block_context":{"text":"Not\u00edcias de Ribeir\u00e3o Preto-SP e Regi\u00e3o","link":"https:\/\/noticiasribeiraopreto.com.br\/index.php\/category\/noticias-de-ribeirao-preto-sp-e-regiao-ismael-colosi\/"},"img":{"alt_text":"","src":"https:\/\/i0.wp.com\/noticiasribeiraopreto.com.br\/wp-content\/uploads\/2026\/03\/WhatsApp-Image-2026-03-02-at-14.55.48-scaled.jpeg?fit=1136%2C780&ssl=1&resize=350%2C200","width":350,"height":200,"srcset":"https:\/\/i0.wp.com\/noticiasribeiraopreto.com.br\/wp-content\/uploads\/2026\/03\/WhatsApp-Image-2026-03-02-at-14.55.48-scaled.jpeg?fit=1136%2C780&ssl=1&resize=350%2C200 1x, https:\/\/i0.wp.com\/noticiasribeiraopreto.com.br\/wp-content\/uploads\/2026\/03\/WhatsApp-Image-2026-03-02-at-14.55.48-scaled.jpeg?fit=1136%2C780&ssl=1&resize=525%2C300 1.5x, https:\/\/i0.wp.com\/noticiasribeiraopreto.com.br\/wp-content\/uploads\/2026\/03\/WhatsApp-Image-2026-03-02-at-14.55.48-scaled.jpeg?fit=1136%2C780&ssl=1&resize=700%2C400 2x, https:\/\/i0.wp.com\/noticiasribeiraopreto.com.br\/wp-content\/uploads\/2026\/03\/WhatsApp-Image-2026-03-02-at-14.55.48-scaled.jpeg?fit=1136%2C780&ssl=1&resize=1050%2C600 3x"},"classes":[]},{"id":83077,"url":"https:\/\/noticiasribeiraopreto.com.br\/index.php\/2026\/03\/08\/ribeirao-tera-evento-inedito-voltado-a-arte-e-a-literatura-negra\/","url_meta":{"origin":82999,"position":4},"title":"Ribeir\u00e3o ter\u00e1 evento in\u00e9dito voltado \u00e0 arte e \u00e0 literatura negra","author":"noticiasribeiraopreto.com.br","date":"8 de March de 2026","format":false,"excerpt":"\r \r \r 8 de mar\u00e7o de 2026 11:337 de mar\u00e7o de 2026 21:23 \r Compartilhar0 O Instituto Plural de Educa\u00e7\u00e3o e Cidadania Vila Bela apresentou, no \u00faltimo dia 26 de fevereiro, detalhes da programa\u00e7\u00e3o da Jornada Art\u00edstica e Liter\u00e1ria por Uma Educa\u00e7\u00e3o Plural, que ocorrer\u00e1 de 18 a 22\u2026","rel":"","context":"In &quot;Not\u00edcias de Ribeir\u00e3o Preto-SP e Regi\u00e3o&quot;","block_context":{"text":"Not\u00edcias de Ribeir\u00e3o Preto-SP e Regi\u00e3o","link":"https:\/\/noticiasribeiraopreto.com.br\/index.php\/category\/noticias-de-ribeirao-preto-sp-e-regiao-ismael-colosi\/"},"img":{"alt_text":"","src":"https:\/\/i0.wp.com\/noticiasribeiraopreto.com.br\/wp-content\/uploads\/2026\/03\/2-jornada_afro-1-scaled.jpeg?fit=1170%2C780&ssl=1&resize=350%2C200","width":350,"height":200,"srcset":"https:\/\/i0.wp.com\/noticiasribeiraopreto.com.br\/wp-content\/uploads\/2026\/03\/2-jornada_afro-1-scaled.jpeg?fit=1170%2C780&ssl=1&resize=350%2C200 1x, https:\/\/i0.wp.com\/noticiasribeiraopreto.com.br\/wp-content\/uploads\/2026\/03\/2-jornada_afro-1-scaled.jpeg?fit=1170%2C780&ssl=1&resize=525%2C300 1.5x, https:\/\/i0.wp.com\/noticiasribeiraopreto.com.br\/wp-content\/uploads\/2026\/03\/2-jornada_afro-1-scaled.jpeg?fit=1170%2C780&ssl=1&resize=700%2C400 2x, https:\/\/i0.wp.com\/noticiasribeiraopreto.com.br\/wp-content\/uploads\/2026\/03\/2-jornada_afro-1-scaled.jpeg?fit=1170%2C780&ssl=1&resize=1050%2C600 3x"},"classes":[]},{"id":82929,"url":"https:\/\/noticiasribeiraopreto.com.br\/index.php\/2026\/03\/03\/tres-interdicoes-alteram-o-transito-na-regiao-central-nesta-quarta\/","url_meta":{"origin":82999,"position":5},"title":"Tr\u00eas interdi\u00e7\u00f5es alteram o tr\u00e2nsito na regi\u00e3o Central nesta quarta","author":"noticiasribeiraopreto.com.br","date":"3 de March de 2026","format":false,"excerpt":"\r \r \r 3 de mar\u00e7o de 2026 17:33 \r Compartilhar0 Bloqueios parciais e total come\u00e7am a partir das 8h para servi\u00e7os de poda de \u00e1rvores e instala\u00e7\u00e3o de rede de g\u00e1s A RP Mobi informa que tr\u00eas interdi\u00e7\u00f5es de tr\u00e2nsito ser\u00e3o realizadas nesta quarta-feira, 4 de mar\u00e7o, na regi\u00e3o\u2026","rel":"","context":"In &quot;Not\u00edcias de Ribeir\u00e3o Preto-SP e Regi\u00e3o&quot;","block_context":{"text":"Not\u00edcias de Ribeir\u00e3o Preto-SP e Regi\u00e3o","link":"https:\/\/noticiasribeiraopreto.com.br\/index.php\/category\/noticias-de-ribeirao-preto-sp-e-regiao-ismael-colosi\/"},"img":{"alt_text":"","src":"https:\/\/i0.wp.com\/noticiasribeiraopreto.com.br\/wp-content\/uploads\/2026\/03\/Conppac-CauiAlfredo-Risk-scaled.jpg?fit=750%2C500&ssl=1&resize=350%2C200","width":350,"height":200,"srcset":"https:\/\/i0.wp.com\/noticiasribeiraopreto.com.br\/wp-content\/uploads\/2026\/03\/Conppac-CauiAlfredo-Risk-scaled.jpg?fit=750%2C500&ssl=1&resize=350%2C200 1x, https:\/\/i0.wp.com\/noticiasribeiraopreto.com.br\/wp-content\/uploads\/2026\/03\/Conppac-CauiAlfredo-Risk-scaled.jpg?fit=750%2C500&ssl=1&resize=525%2C300 1.5x, https:\/\/i0.wp.com\/noticiasribeiraopreto.com.br\/wp-content\/uploads\/2026\/03\/Conppac-CauiAlfredo-Risk-scaled.jpg?fit=750%2C500&ssl=1&resize=700%2C400 2x"},"classes":[]}],"jetpack_sharing_enabled":true,"jetpack_shortlink":"https:\/\/wp.me\/peQAOb-lAH","_links":{"self":[{"href":"https:\/\/noticiasribeiraopreto.com.br\/index.php\/wp-json\/wp\/v2\/posts\/82999","targetHints":{"allow":["GET"]}}],"collection":[{"href":"https:\/\/noticiasribeiraopreto.com.br\/index.php\/wp-json\/wp\/v2\/posts"}],"about":[{"href":"https:\/\/noticiasribeiraopreto.com.br\/index.php\/wp-json\/wp\/v2\/types\/post"}],"author":[{"embeddable":true,"href":"https:\/\/noticiasribeiraopreto.com.br\/index.php\/wp-json\/wp\/v2\/users\/1"}],"replies":[{"embeddable":true,"href":"https:\/\/noticiasribeiraopreto.com.br\/index.php\/wp-json\/wp\/v2\/comments?post=82999"}],"version-history":[{"count":0,"href":"https:\/\/noticiasribeiraopreto.com.br\/index.php\/wp-json\/wp\/v2\/posts\/82999\/revisions"}],"wp:featuredmedia":[{"embeddable":true,"href":"https:\/\/noticiasribeiraopreto.com.br\/index.php\/wp-json\/wp\/v2\/media\/83000"}],"wp:attachment":[{"href":"https:\/\/noticiasribeiraopreto.com.br\/index.php\/wp-json\/wp\/v2\/media?parent=82999"}],"wp:term":[{"taxonomy":"category","embeddable":true,"href":"https:\/\/noticiasribeiraopreto.com.br\/index.php\/wp-json\/wp\/v2\/categories?post=82999"},{"taxonomy":"post_tag","embeddable":true,"href":"https:\/\/noticiasribeiraopreto.com.br\/index.php\/wp-json\/wp\/v2\/tags?post=82999"}],"curies":[{"name":"wp","href":"https:\/\/api.w.org\/{rel}","templated":true}]}}