{"id":83001,"date":"2026-03-06T10:15:32","date_gmt":"2026-03-06T13:15:32","guid":{"rendered":"https:\/\/noticiasribeiraopreto.com.br\/index.php\/2026\/03\/06\/em-meio-ao-caso-master-2a-turma-do-stf-retoma-julgamento-da-sevandija\/"},"modified":"2026-03-06T10:15:32","modified_gmt":"2026-03-06T13:15:32","slug":"em-meio-ao-caso-master-2a-turma-do-stf-retoma-julgamento-da-sevandija","status":"publish","type":"post","link":"https:\/\/noticiasribeiraopreto.com.br\/index.php\/2026\/03\/06\/em-meio-ao-caso-master-2a-turma-do-stf-retoma-julgamento-da-sevandija\/","title":{"rendered":"Em meio ao caso Master, 2\u00aa Turma do STF retoma julgamento da Sevandija"},"content":{"rendered":"<div class='code-block code-block-1' style='margin: 8px 0 8px auto; text-align: right; display: block; clear: both;'>\n<p><a href=\"https:\/\/wa.link\/vpicfd\"><img data-recalc-dims=\"1\" class=\"wp-image-4922\" style=\"aspect-ratio: 2.0253164556962027; width: 561px; height: auto;\" src=\"https:\/\/i0.wp.com\/ismaelcolosi.com.br\/wp-content\/uploads\/2023\/11\/grupo-de-empregos-whatsapp-e-facebook-ismael-colosi-vagas.jpg?ssl=1\" alt=\"\" \/><\/a><\/p>\n<!-- \/wp:image -->\n<\/div>\n<p> <br \/>\n<\/p>\n<div>\n<p>A <strong><a href=\"https:\/\/portal.stf.jus.br\/processos\/detalhe.asp?incidente=6577095\" data-type=\"link\" data-id=\"https:\/\/portal.stf.jus.br\/processos\/detalhe.asp?incidente=6577095\" target=\"_blank\" rel=\"noopener\">2\u00aa Turma do STF (Supremo Tribunal Federal)<\/a><\/strong>, a mesma que vai decidir se mant\u00e9m ou n\u00e3o a pris\u00e3o do banqueiro <strong>Daniel Vorcaro<\/strong>, dono do Banco Master, retoma nesta sexta-feira (6) o julgamento do processo que analisa a legalidade das escutas telef\u00f4nicas utilizadas na <strong>Opera\u00e7\u00e3o Sevandija<\/strong>.<\/p>\n<p><mark style=\"background-color:#fcb900\" class=\"has-inline-color has-black-color\">O julgamento no plen\u00e1rio virtual ter\u00e1 in\u00edcio \u00e0s 11h e segue at\u00e9 13 de mar\u00e7o.<\/mark> O caso ainda deve ser analisado pelos ministros Gilmar Mendes, Dias Toffoli, Luiz Fux e Andr\u00e9 Mendon\u00e7a, membros da 2\u00aa Turma do Supremo. O relator do processo, ministro Nunes Marques, j\u00e1 votou para manter a validade das provas.<\/p>\n<p>A a\u00e7\u00e3o foi paralisada em setembro do ano passado, quando Gilmar Mendes pediu vista. Com isso, o julgamento foi suspenso para que o recurso apresentado pela defesa do ex-secret\u00e1rio de Administra\u00e7\u00e3o de Ribeir\u00e3o Preto Marco Ant\u00f4nio dos Santos pudesse ser analisado pelo gabinete do ministro.<\/p>\n<figure class=\"wp-block-embed is-type-video is-provider-youtube wp-block-embed-youtube wp-embed-aspect-9-16 wp-has-aspect-ratio\">\n<div class=\"wp-block-embed__wrapper\">\n<p><iframe loading=\"lazy\" title=\"Gilmar Mendes devolve processo sobre legalidade das escutas na Opera\u00e7\u00e3o Sevandija\" width=\"500\" height=\"281\" src=\"https:\/\/www.youtube.com\/embed\/X7tFQ_UUeJU?feature=oembed\" frameborder=\"0\" allow=\"accelerometer; autoplay; clipboard-write; encrypted-media; gyroscope; picture-in-picture; web-share\" referrerpolicy=\"strict-origin-when-cross-origin\" allowfullscreen><\/iframe><\/p>\n<\/div>\n<\/figure>\n<h2 class=\"wp-block-heading\"><strong>O caso<\/strong><\/h2>\n<p>Desde abril de 2024, quando Nunes Marques acatou recurso da Procuradoria-Geral de Justi\u00e7a de S\u00e3o Paulo, e considerou legais as provas colhidas durante a Opera\u00e7\u00e3o Sevandija, os processos est\u00e3o paralisados.<\/p>\n<p>Na ocasi\u00e3o, o ministro entendeu de forma monocr\u00e1tica que as autoriza\u00e7\u00f5es de intercepta\u00e7\u00e3o telef\u00f4nica, que haviam sido considerados ilegais pelo STJ (Superior Tribunal de Justi\u00e7a), foram fundamentadas pela Justi\u00e7a de Ribeir\u00e3o Preto.<\/p>\n<h2 class=\"wp-block-heading\"><strong>Anula\u00e7\u00e3o<\/strong><\/h2>\n<p>A anula\u00e7\u00e3o das escutas telef\u00f4nicas partiu de um pedido do ex-secret\u00e1rio na gest\u00e3o de D\u00e1rcy Vera, Marco Ant\u00f4nio dos Santos, que solicitou a anula\u00e7\u00e3o da a\u00e7\u00e3o penal, por considerar que as decis\u00f5es que permitiram o prolongamento das escutas telef\u00f4nicas n\u00e3o teriam fundamenta\u00e7\u00e3o.<\/p>\n<p>SAIBA MAIS<br \/>Esquadrilha da Fuma\u00e7a se apresenta neste s\u00e1bado na regi\u00e3o de Ribeir\u00e3o Preto<\/p>\n<h2 class=\"wp-block-heading\"><strong>FIQUE ON<\/strong><\/h2>\n<p>Fique ligado em tudo que acontece em Ribeir\u00e3o Preto e regi\u00e3o. Siga os perfis do\u00a0<strong>acidade on\u00a0<\/strong>no\u00a0<a href=\"https:\/\/www.instagram.com\/acidadeonribeirao\" data-type=\"link\" data-id=\"https:\/\/www.instagram.com\/acidadeonribeirao\" target=\"_blank\" rel=\"noopener\">Instagram<\/a>\u00a0e no\u00a0<a href=\"https:\/\/www.facebook.com\/acidadeonribeirao\/\" data-type=\"link\" data-id=\"https:\/\/www.facebook.com\/acidadeonribeirao\/\" target=\"_blank\" rel=\"noopener\">Facebook<\/a>.<\/p>\n<p>Receba not\u00edcias do\u00a0<strong>acidade on<\/strong>\u00a0no WhatsApp. Para entrar no grupo,\u00a0basta<a href=\"https:\/\/chat.whatsapp.com\/GFH9HUMUTHNFJdnyEd0xxq\" data-type=\"link\" data-id=\"https:\/\/chat.whatsapp.com\/GFH9HUMUTHNFJdnyEd0xxq\" target=\"_blank\" rel=\"noopener\"> clicar aqui<\/a>. Ou, acesse o nosso\u00a0Canal <a href=\"https:\/\/whatsapp.com\/channel\/0029Vb6IQl1JENyAeS57fk2p\" data-type=\"link\" data-id=\"https:\/\/whatsapp.com\/channel\/0029Vb6IQl1JENyAeS57fk2p\" target=\"_blank\" rel=\"noopener\">clicando aqui<\/a>.<\/p>\n<p>Fa\u00e7a uma den\u00fancia ou sugira uma reportagem sobre Ribeir\u00e3o Preto e regi\u00e3o pelo WhatsApp: 16 99117 7802.<\/p>\n<p>VEJA TAMB\u00c9M<br \/>Plantas t\u00f3xicas: veja os riscos para c\u00e3es e gatos<\/p>\n<p><!-- AI CONTENT END 1 -->\n<\/div>\n<p><script async src=\"\/\/www.instagram.com\/embed.js\"><\/script><br \/>\n<br \/><br \/>\n<br \/><a href=\"https:\/\/www.acidadeon.com\/ribeiraopreto\/politica\/em-meio-ao-caso-master-2a-turma-do-stf-retoma-julgamento-da-sevandija\/\">Source link <\/a><\/p>\n<!-- CONTENT END 1 -->\n","protected":false},"excerpt":{"rendered":"<p>A 2\u00aa Turma do STF (Supremo Tribunal Federal), a mesma que vai decidir se mant\u00e9m ou n\u00e3o a pris\u00e3o do banqueiro Daniel Vorcaro, dono do&#8230;<\/p>\n","protected":false},"author":1,"featured_media":83003,"comment_status":"open","ping_status":"open","sticky":false,"template":"","format":"standard","meta":{"advanced_seo_description":"","jetpack_seo_html_title":"","jetpack_seo_noindex":false,"jetpack_post_was_ever_published":false,"_jetpack_newsletter_access":"","_jetpack_dont_email_post_to_subs":false,"_jetpack_newsletter_tier_id":0,"_jetpack_memberships_contains_paywalled_content":false,"_jetpack_memberships_contains_paid_content":false,"footnotes":"","jetpack_publicize_message":"","jetpack_publicize_feature_enabled":true,"jetpack_social_post_already_shared":true,"jetpack_social_options":{"image_generator_settings":{"template":"highway","default_image_id":0,"font":"","enabled":false},"version":2}},"categories":[11],"tags":[],"class_list":["post-83001","post","type-post","status-publish","format-standard","has-post-thumbnail","hentry","category-noticias-de-ribeirao-preto-sp-e-regiao-ismael-colosi"],"jetpack_publicize_connections":[],"jetpack_featured_media_url":"https:\/\/i0.wp.com\/noticiasribeiraopreto.com.br\/wp-content\/uploads\/2026\/03\/segunda-turma_2026-03-06_12-54-20.webp.webp?fit=1200%2C674&ssl=1","jetpack-related-posts":[{"id":77497,"url":"https:\/\/noticiasribeiraopreto.com.br\/index.php\/2025\/09\/19\/stf-suspende-julgamento-de-escutas-da-operacao-sevandija\/","url_meta":{"origin":83001,"position":0},"title":"STF suspende julgamento de escutas da Opera\u00e7\u00e3o Sevandija","author":"noticiasribeiraopreto.com.br","date":"19 de September de 2025","format":false,"excerpt":"19 de setembro de 2025 16:252 Compartilhar0 Julgamento sobre a legalidade das provas obtidas por meio de intercepta\u00e7\u00f5es telef\u00f4nicas foi suspenso nesta sexta-feira, 19 de setembro, em fun\u00e7\u00e3o de pedido de vistas de Gilmar Mendes; ministro ter\u00e1 prazo de at\u00e9 90 dias para votar O Supremo Tribunal Federal (STF) suspendeu\u2026","rel":"","context":"In &quot;Not\u00edcias de Ribeir\u00e3o Preto-SP e Regi\u00e3o&quot;","block_context":{"text":"Not\u00edcias de Ribeir\u00e3o Preto-SP e Regi\u00e3o","link":"https:\/\/noticiasribeiraopreto.com.br\/index.php\/category\/noticias-de-ribeirao-preto-sp-e-regiao-ismael-colosi\/"},"img":{"alt_text":"","src":"https:\/\/i0.wp.com\/noticiasribeiraopreto.com.br\/wp-content\/uploads\/2025\/09\/seva.webp.webp?fit=984%2C616&ssl=1&resize=350%2C200","width":350,"height":200,"srcset":"https:\/\/i0.wp.com\/noticiasribeiraopreto.com.br\/wp-content\/uploads\/2025\/09\/seva.webp.webp?fit=984%2C616&ssl=1&resize=350%2C200 1x, https:\/\/i0.wp.com\/noticiasribeiraopreto.com.br\/wp-content\/uploads\/2025\/09\/seva.webp.webp?fit=984%2C616&ssl=1&resize=525%2C300 1.5x, https:\/\/i0.wp.com\/noticiasribeiraopreto.com.br\/wp-content\/uploads\/2025\/09\/seva.webp.webp?fit=984%2C616&ssl=1&resize=700%2C400 2x"},"classes":[]},{"id":77491,"url":"https:\/\/noticiasribeiraopreto.com.br\/index.php\/2025\/09\/19\/gilmar-mendes-pede-vista-e-julgamento-da-sevandija-e-suspenso-no-stf\/","url_meta":{"origin":83001,"position":1},"title":"Gilmar Mendes pede vista e julgamento da Sevandija \u00e9 suspenso no STF","author":"noticiasribeiraopreto.com.br","date":"19 de September de 2025","format":false,"excerpt":"O ministro Gilmar Mendes, do STF (Supremo Tribunal Federal), fez um pedido de vista no julgamento da legalidade das escutas telef\u00f4nicas da Opera\u00e7\u00e3o Sevandija. O julgamento come\u00e7ou nesta sexta-feira (19) no plen\u00e1rio virtual da 2\u00ba Turma do Supremo. Com isso, o julgamento foi suspenso e s\u00f3 ser\u00e1 reiniciado quando o\u2026","rel":"","context":"In &quot;Not\u00edcias de Ribeir\u00e3o Preto-SP e Regi\u00e3o&quot;","block_context":{"text":"Not\u00edcias de Ribeir\u00e3o Preto-SP e Regi\u00e3o","link":"https:\/\/noticiasribeiraopreto.com.br\/index.php\/category\/noticias-de-ribeirao-preto-sp-e-regiao-ismael-colosi\/"},"img":{"alt_text":"","src":"https:\/\/i0.wp.com\/noticiasribeiraopreto.com.br\/wp-content\/uploads\/2025\/09\/gilmar-mendes_2025-09-19_16-57-38.webp.webp?fit=1200%2C799&ssl=1&resize=350%2C200","width":350,"height":200,"srcset":"https:\/\/i0.wp.com\/noticiasribeiraopreto.com.br\/wp-content\/uploads\/2025\/09\/gilmar-mendes_2025-09-19_16-57-38.webp.webp?fit=1200%2C799&ssl=1&resize=350%2C200 1x, https:\/\/i0.wp.com\/noticiasribeiraopreto.com.br\/wp-content\/uploads\/2025\/09\/gilmar-mendes_2025-09-19_16-57-38.webp.webp?fit=1200%2C799&ssl=1&resize=525%2C300 1.5x, https:\/\/i0.wp.com\/noticiasribeiraopreto.com.br\/wp-content\/uploads\/2025\/09\/gilmar-mendes_2025-09-19_16-57-38.webp.webp?fit=1200%2C799&ssl=1&resize=700%2C400 2x, https:\/\/i0.wp.com\/noticiasribeiraopreto.com.br\/wp-content\/uploads\/2025\/09\/gilmar-mendes_2025-09-19_16-57-38.webp.webp?fit=1200%2C799&ssl=1&resize=1050%2C600 3x"},"classes":[]},{"id":77478,"url":"https:\/\/noticiasribeiraopreto.com.br\/index.php\/2025\/09\/19\/veja-o-voto-do-ministro-nunes-marques-no-julgamento-da-sevandija\/","url_meta":{"origin":83001,"position":2},"title":"Veja o voto do ministro Nunes Marques no julgamento da Sevandija","author":"noticiasribeiraopreto.com.br","date":"19 de September de 2025","format":false,"excerpt":"O ministro Kassio Nunes Marques, do STF (Supremo Tribunal Federal), votou para manter a validade das escutas telef\u00f4nicas da Opera\u00e7\u00e3o Sevandija. O julgamento acontece no plen\u00e1rio virtual da 2\u00aa Turma do STF e segue at\u00e9 as 23h59 do dia 26 de setembro. Nunes Marques, que \u00e9 o relator do processo\u2026","rel":"","context":"In &quot;Not\u00edcias de Ribeir\u00e3o Preto-SP e Regi\u00e3o&quot;","block_context":{"text":"Not\u00edcias de Ribeir\u00e3o Preto-SP e Regi\u00e3o","link":"https:\/\/noticiasribeiraopreto.com.br\/index.php\/category\/noticias-de-ribeirao-preto-sp-e-regiao-ismael-colosi\/"},"img":{"alt_text":"","src":"https:\/\/i0.wp.com\/noticiasribeiraopreto.com.br\/wp-content\/uploads\/2025\/09\/kassio-nunes-marques_2025-09-12_13-09-16.webp.webp?fit=1200%2C799&ssl=1&resize=350%2C200","width":350,"height":200,"srcset":"https:\/\/i0.wp.com\/noticiasribeiraopreto.com.br\/wp-content\/uploads\/2025\/09\/kassio-nunes-marques_2025-09-12_13-09-16.webp.webp?fit=1200%2C799&ssl=1&resize=350%2C200 1x, https:\/\/i0.wp.com\/noticiasribeiraopreto.com.br\/wp-content\/uploads\/2025\/09\/kassio-nunes-marques_2025-09-12_13-09-16.webp.webp?fit=1200%2C799&ssl=1&resize=525%2C300 1.5x, https:\/\/i0.wp.com\/noticiasribeiraopreto.com.br\/wp-content\/uploads\/2025\/09\/kassio-nunes-marques_2025-09-12_13-09-16.webp.webp?fit=1200%2C799&ssl=1&resize=700%2C400 2x, https:\/\/i0.wp.com\/noticiasribeiraopreto.com.br\/wp-content\/uploads\/2025\/09\/kassio-nunes-marques_2025-09-12_13-09-16.webp.webp?fit=1200%2C799&ssl=1&resize=1050%2C600 3x"},"classes":[]},{"id":81509,"url":"https:\/\/noticiasribeiraopreto.com.br\/index.php\/2026\/01\/08\/julgamento-das-escutas-da-sevandija-sera-retomado-em-fevereiro\/","url_meta":{"origin":83001,"position":3},"title":"Julgamento das escutas da Sevandija ser\u00e1 retomado em fevereiro","author":"noticiasribeiraopreto.com.br","date":"8 de January de 2026","format":false,"excerpt":"Prazo para voto de ministro Gilmar Mendes, que pediu vistas, termina em 10 de fevereiro A 2\u00aa Turma do Supremo Tribunal Federal (STF) deve retomar, no dia 11 de fevereiro, a an\u00e1lise da validade das escutas telef\u00f4nicas que serviram de prova para os processos da Opera\u00e7\u00e3o Sevandija. Isso porque, no\u2026","rel":"","context":"In &quot;Not\u00edcias de Ribeir\u00e3o Preto-SP e Regi\u00e3o&quot;","block_context":{"text":"Not\u00edcias de Ribeir\u00e3o Preto-SP e Regi\u00e3o","link":"https:\/\/noticiasribeiraopreto.com.br\/index.php\/category\/noticias-de-ribeirao-preto-sp-e-regiao-ismael-colosi\/"},"img":{"alt_text":"","src":"https:\/\/i0.wp.com\/noticiasribeiraopreto.com.br\/wp-content\/uploads\/2026\/01\/1-Sevandija_-1-gilmar-mendes.jpg?fit=770%2C513&ssl=1&resize=350%2C200","width":350,"height":200,"srcset":"https:\/\/i0.wp.com\/noticiasribeiraopreto.com.br\/wp-content\/uploads\/2026\/01\/1-Sevandija_-1-gilmar-mendes.jpg?fit=770%2C513&ssl=1&resize=350%2C200 1x, https:\/\/i0.wp.com\/noticiasribeiraopreto.com.br\/wp-content\/uploads\/2026\/01\/1-Sevandija_-1-gilmar-mendes.jpg?fit=770%2C513&ssl=1&resize=525%2C300 1.5x, https:\/\/i0.wp.com\/noticiasribeiraopreto.com.br\/wp-content\/uploads\/2026\/01\/1-Sevandija_-1-gilmar-mendes.jpg?fit=770%2C513&ssl=1&resize=700%2C400 2x"},"classes":[]},{"id":82993,"url":"https:\/\/noticiasribeiraopreto.com.br\/index.php\/2026\/03\/06\/stf-volta-a-julgar-escutas-da-sevandija\/","url_meta":{"origin":83001,"position":4},"title":"STF volta a julgar escutas da Sevandija","author":"noticiasribeiraopreto.com.br","date":"6 de March de 2026","format":false,"excerpt":"Supremo Tribunal Federal (STF) retoma nesta sexta-feira (6) a conclus\u00e3o do julgamento que decidir\u00e1 sobre a legalidade das escutas telef\u00f4nicas da Opera\u00e7\u00e3o Sevandija O Supremo Tribunal Federal (STF) retoma nesta sexta-feira, 6 de mar\u00e7o, a conclus\u00e3o do julgamento que decidir\u00e1 sobre a legalidade das escutas telef\u00f4nicas da Opera\u00e7\u00e3o Sevandija que\u2026","rel":"","context":"In &quot;Not\u00edcias de Ribeir\u00e3o Preto-SP e Regi\u00e3o&quot;","block_context":{"text":"Not\u00edcias de Ribeir\u00e3o Preto-SP e Regi\u00e3o","link":"https:\/\/noticiasribeiraopreto.com.br\/index.php\/category\/noticias-de-ribeirao-preto-sp-e-regiao-ismael-colosi\/"},"img":{"alt_text":"","src":"https:\/\/i0.wp.com\/noticiasribeiraopreto.com.br\/wp-content\/uploads\/2026\/03\/SevandijaDV-Dar-JF-Pimenta-Arquivo-scaled.jpg?fit=1170%2C780&ssl=1&resize=350%2C200","width":350,"height":200,"srcset":"https:\/\/i0.wp.com\/noticiasribeiraopreto.com.br\/wp-content\/uploads\/2026\/03\/SevandijaDV-Dar-JF-Pimenta-Arquivo-scaled.jpg?fit=1170%2C780&ssl=1&resize=350%2C200 1x, https:\/\/i0.wp.com\/noticiasribeiraopreto.com.br\/wp-content\/uploads\/2026\/03\/SevandijaDV-Dar-JF-Pimenta-Arquivo-scaled.jpg?fit=1170%2C780&ssl=1&resize=525%2C300 1.5x, https:\/\/i0.wp.com\/noticiasribeiraopreto.com.br\/wp-content\/uploads\/2026\/03\/SevandijaDV-Dar-JF-Pimenta-Arquivo-scaled.jpg?fit=1170%2C780&ssl=1&resize=700%2C400 2x, https:\/\/i0.wp.com\/noticiasribeiraopreto.com.br\/wp-content\/uploads\/2026\/03\/SevandijaDV-Dar-JF-Pimenta-Arquivo-scaled.jpg?fit=1170%2C780&ssl=1&resize=1050%2C600 3x"},"classes":[]},{"id":77138,"url":"https:\/\/noticiasribeiraopreto.com.br\/index.php\/2025\/09\/12\/stf-marca-data-do-julgamento-da-sevandija-veja-o-que-esta-em-jogo\/","url_meta":{"origin":83001,"position":5},"title":"STF marca data do julgamento da Sevandija; Veja o que est\u00e1 em jogo","author":"noticiasribeiraopreto.com.br","date":"12 de September de 2025","format":false,"excerpt":"O ministro do STF (Supremo Tribunal Federal) Kassio Nunes Marques marcou a data para o in\u00edcio do julgamento da Opera\u00e7\u00e3o Sevandija, que investigou agentes pol\u00edticos e empres\u00e1rios de Ribeir\u00e3o Preto. O plen\u00e1rio virtual do Supremo vai analisar recurso extraordin\u00e1rio sobre a legalidade das intercepta\u00e7\u00f5es telef\u00f4nicas utilizadas durante as investiga\u00e7\u00f5es. A\u2026","rel":"","context":"In &quot;Not\u00edcias de Ribeir\u00e3o Preto-SP e Regi\u00e3o&quot;","block_context":{"text":"Not\u00edcias de Ribeir\u00e3o Preto-SP e Regi\u00e3o","link":"https:\/\/noticiasribeiraopreto.com.br\/index.php\/category\/noticias-de-ribeirao-preto-sp-e-regiao-ismael-colosi\/"},"img":{"alt_text":"","src":"https:\/\/i0.wp.com\/noticiasribeiraopreto.com.br\/wp-content\/uploads\/2025\/09\/kassio-nunes-marques_2025-09-12_13-09-16.webp.webp?fit=1200%2C799&ssl=1&resize=350%2C200","width":350,"height":200,"srcset":"https:\/\/i0.wp.com\/noticiasribeiraopreto.com.br\/wp-content\/uploads\/2025\/09\/kassio-nunes-marques_2025-09-12_13-09-16.webp.webp?fit=1200%2C799&ssl=1&resize=350%2C200 1x, https:\/\/i0.wp.com\/noticiasribeiraopreto.com.br\/wp-content\/uploads\/2025\/09\/kassio-nunes-marques_2025-09-12_13-09-16.webp.webp?fit=1200%2C799&ssl=1&resize=525%2C300 1.5x, https:\/\/i0.wp.com\/noticiasribeiraopreto.com.br\/wp-content\/uploads\/2025\/09\/kassio-nunes-marques_2025-09-12_13-09-16.webp.webp?fit=1200%2C799&ssl=1&resize=700%2C400 2x, https:\/\/i0.wp.com\/noticiasribeiraopreto.com.br\/wp-content\/uploads\/2025\/09\/kassio-nunes-marques_2025-09-12_13-09-16.webp.webp?fit=1200%2C799&ssl=1&resize=1050%2C600 3x"},"classes":[]}],"jetpack_sharing_enabled":true,"jetpack_shortlink":"https:\/\/wp.me\/peQAOb-lAJ","_links":{"self":[{"href":"https:\/\/noticiasribeiraopreto.com.br\/index.php\/wp-json\/wp\/v2\/posts\/83001","targetHints":{"allow":["GET"]}}],"collection":[{"href":"https:\/\/noticiasribeiraopreto.com.br\/index.php\/wp-json\/wp\/v2\/posts"}],"about":[{"href":"https:\/\/noticiasribeiraopreto.com.br\/index.php\/wp-json\/wp\/v2\/types\/post"}],"author":[{"embeddable":true,"href":"https:\/\/noticiasribeiraopreto.com.br\/index.php\/wp-json\/wp\/v2\/users\/1"}],"replies":[{"embeddable":true,"href":"https:\/\/noticiasribeiraopreto.com.br\/index.php\/wp-json\/wp\/v2\/comments?post=83001"}],"version-history":[{"count":0,"href":"https:\/\/noticiasribeiraopreto.com.br\/index.php\/wp-json\/wp\/v2\/posts\/83001\/revisions"}],"wp:featuredmedia":[{"embeddable":true,"href":"https:\/\/noticiasribeiraopreto.com.br\/index.php\/wp-json\/wp\/v2\/media\/83003"}],"wp:attachment":[{"href":"https:\/\/noticiasribeiraopreto.com.br\/index.php\/wp-json\/wp\/v2\/media?parent=83001"}],"wp:term":[{"taxonomy":"category","embeddable":true,"href":"https:\/\/noticiasribeiraopreto.com.br\/index.php\/wp-json\/wp\/v2\/categories?post=83001"},{"taxonomy":"post_tag","embeddable":true,"href":"https:\/\/noticiasribeiraopreto.com.br\/index.php\/wp-json\/wp\/v2\/tags?post=83001"}],"curies":[{"name":"wp","href":"https:\/\/api.w.org\/{rel}","templated":true}]}}