{"id":83004,"date":"2026-03-06T10:22:39","date_gmt":"2026-03-06T13:22:39","guid":{"rendered":"https:\/\/noticiasribeiraopreto.com.br\/index.php\/2026\/03\/06\/policia-prende-suspeitos-de-integrar-quadrilha-de-falsificacao-de-agrotoxicos\/"},"modified":"2026-03-06T10:22:39","modified_gmt":"2026-03-06T13:22:39","slug":"policia-prende-suspeitos-de-integrar-quadrilha-de-falsificacao-de-agrotoxicos","status":"publish","type":"post","link":"https:\/\/noticiasribeiraopreto.com.br\/index.php\/2026\/03\/06\/policia-prende-suspeitos-de-integrar-quadrilha-de-falsificacao-de-agrotoxicos\/","title":{"rendered":"Pol\u00edcia prende suspeitos de integrar quadrilha de falsifica\u00e7\u00e3o de agrot\u00f3xicos"},"content":{"rendered":"<div class='code-block code-block-1' style='margin: 8px 0 8px auto; text-align: right; display: block; clear: both;'>\n<p><a href=\"https:\/\/wa.link\/vpicfd\"><img data-recalc-dims=\"1\" class=\"wp-image-4922\" style=\"aspect-ratio: 2.0253164556962027; width: 561px; height: auto;\" src=\"https:\/\/i0.wp.com\/ismaelcolosi.com.br\/wp-content\/uploads\/2023\/11\/grupo-de-empregos-whatsapp-e-facebook-ismael-colosi-vagas.jpg?ssl=1\" alt=\"\" \/><\/a><\/p>\n<!-- \/wp:image -->\n<\/div>\n<p> <br \/>\n<\/p>\n<div data-td-block-uid=\"tdi_95\">\n<div class=\"tdb-block-inner td-fix-index\">\n<p><strong>A PM (Pol\u00edcia Militar) prendeu durante a opera\u00e7\u00e3o Cratos, deflagrada <strong>nesta quinta-feira (5)<\/strong>, quatro suspeitos de integrar uma quadrilha de falsifica\u00e7\u00e3o de agrot\u00f3xicos, em Ribeir\u00e3o Preto.<\/strong><\/p>\n<p>Segundo a corpora\u00e7\u00e3o, em uma <strong>casa <\/strong>na <strong>rua Valqu\u00edria Maria Martins Tanaka com rua F\u00e1tima Ozairn<\/strong>, no <strong>Parque das Gaivotas<\/strong>, foram <mark style=\"background-color:#abb8c3\" class=\"has-inline-color has-black-color\">localizados diversos recipientes lacrados com inseticidas, al\u00e9m de outros abertos com produtos misturados e aparentemente adulterados, que seriam utilizados na prepara\u00e7\u00e3o e fracionamento dos defensivos.<\/mark><\/p>\n<p>Dois suspeitos foram encontrados em uma moto pela Avenida Alfredo Ravanelli. A PM disse que um deles estava sem capacete e havia acabado de sair da \u00e1rea de mata. Eles indicaram a casa, onde mais dois suspeitos foram encontrados.<\/p>\n<p>Antes da primeira abordagem, dois outros suspeitos conseguiram fugir em uma moto e n\u00e3o foram localizados.<\/p>\n<p>Entre o material encontrado na casa e apreendido est\u00e3o cinco gal\u00f5es de 20 litros e 700 frascos de 250 ml com inseticida. Os produtos ainda iriam passar per\u00edcia. <\/p>\n<p>A ocorr\u00eancia foi registrada na CPJ (Central de Pol\u00edcia Judici\u00e1ria) Permanente como flagrante de associa\u00e7\u00e3o criminosa e falsifica\u00e7\u00e3o de defensivos agr\u00edcolas para investiga\u00e7\u00e3o da Pol\u00edcia Civil.<\/p>\n<p>SAIBA MAIS<\/p>\n<p>Inmet emite alerta amarelo para chuvas intensas no estado de SP; Veja as cidade<\/p>\n<h2 class=\"wp-block-heading\"><strong>FIQUE ON<\/strong><\/h2>\n<p>Fique ligado em tudo que acontece em Ribeir\u00e3o Preto e regi\u00e3o. Siga os perfis do<strong>\u00a0acidade on<\/strong>\u00a0no\u00a0<a href=\"https:\/\/www.instagram.com\/acidadeonribeirao\" target=\"_blank\" rel=\"noreferrer noopener\">Instagram<\/a>\u00a0e no\u00a0<a href=\"https:\/\/www.facebook.com\/acidadeonribeirao\/\" target=\"_blank\" rel=\"noreferrer noopener\">Facebook<\/a>.<\/p>\n<p>Receba not\u00edcias do<strong>\u00a0acidade on<\/strong>\u00a0no WhatsApp. Para entrar no grupo,\u00a0basta\u00a0<a href=\"https:\/\/chat.whatsapp.com\/GFH9HUMUTHNFJdnyEd0xxq\" target=\"_blank\" rel=\"noreferrer noopener\">clicar aqui<\/a>. Ou, acesse o nosso\u00a0Canal\u00a0<a href=\"https:\/\/whatsapp.com\/channel\/0029Vb6IQl1JENyAeS57fk2p\" target=\"_blank\" rel=\"noreferrer noopener\">clicando aqui<\/a>.<\/p>\n<p>Fa\u00e7a uma den\u00fancia ou sugira uma reportagem sobre Ribeir\u00e3o Preto e regi\u00e3o pelo WhatsApp: 16 99117 7802.<\/p>\n<p>VEJA TAMB\u00c9M<\/p>\n<p>Decora\u00e7\u00e3o pet friendly: 5 cuidados para garantir a seguran\u00e7a do seu animal<\/p>\n<p><!-- AI CONTENT END 1 -->\n<\/div>\n<\/div>\n<p><script async src=\"\/\/www.instagram.com\/embed.js\"><\/script><br \/>\n<br \/><br \/>\n<br \/><a href=\"https:\/\/www.acidadeon.com\/ribeiraopreto\/cotidiano\/policia-prende-suspeitos-de-integrar-quadrilha-de-falsificacao-de-agrotoxicos\/\">Source link <\/a><\/p>\n<!-- CONTENT END 1 -->\n","protected":false},"excerpt":{"rendered":"<p>A PM (Pol\u00edcia Militar) prendeu durante a opera\u00e7\u00e3o Cratos, deflagrada nesta quinta-feira (5), quatro suspeitos de integrar uma quadrilha de falsifica\u00e7\u00e3o de agrot\u00f3xicos, em Ribeir\u00e3o&#8230;<\/p>\n","protected":false},"author":1,"featured_media":83005,"comment_status":"open","ping_status":"open","sticky":false,"template":"","format":"standard","meta":{"advanced_seo_description":"","jetpack_seo_html_title":"","jetpack_seo_noindex":false,"jetpack_post_was_ever_published":false,"_jetpack_newsletter_access":"","_jetpack_dont_email_post_to_subs":false,"_jetpack_newsletter_tier_id":0,"_jetpack_memberships_contains_paywalled_content":false,"_jetpack_memberships_contains_paid_content":false,"footnotes":"","jetpack_publicize_message":"","jetpack_publicize_feature_enabled":true,"jetpack_social_post_already_shared":true,"jetpack_social_options":{"image_generator_settings":{"template":"highway","default_image_id":0,"font":"","enabled":false},"version":2}},"categories":[11],"tags":[],"class_list":["post-83004","post","type-post","status-publish","format-standard","has-post-thumbnail","hentry","category-noticias-de-ribeirao-preto-sp-e-regiao-ismael-colosi"],"jetpack_publicize_connections":[],"jetpack_featured_media_url":"https:\/\/i0.wp.com\/noticiasribeiraopreto.com.br\/wp-content\/uploads\/2026\/03\/defensivos_2026-03-06_12-34-17.webp.webp?fit=1200%2C907&ssl=1","jetpack-related-posts":[{"id":75602,"url":"https:\/\/noticiasribeiraopreto.com.br\/index.php\/2025\/08\/12\/homem-e-preso-suspeito-de-integrar-quadrilha-que-roubou-casa-de-ex-prefeito\/","url_meta":{"origin":83004,"position":0},"title":"Homem \u00e9 preso suspeito de integrar quadrilha que roubou casa de ex-prefeito","author":"noticiasribeiraopreto.com.br","date":"12 de August de 2025","format":false,"excerpt":"A Pol\u00edcia Civil prendeu na manh\u00e3 desta ter\u00e7a-feira (12) um homem de 26 anos suspeito de integrar uma quadrilha que roubou a resid\u00eancia do ex-prefeito de Barretos\u00a0Uebe Rezeck, na regi\u00e3o central da cidade, a 130 quil\u00f4metros de Ribeir\u00e3o Preto. Assista ao v\u00eddeo abaixo. O crime ocorreu em dezembro de 2024\u2026","rel":"","context":"In &quot;Not\u00edcias de Ribeir\u00e3o Preto-SP e Regi\u00e3o&quot;","block_context":{"text":"Not\u00edcias de Ribeir\u00e3o Preto-SP e Regi\u00e3o","link":"https:\/\/noticiasribeiraopreto.com.br\/index.php\/category\/noticias-de-ribeirao-preto-sp-e-regiao-ismael-colosi\/"},"img":{"alt_text":"","src":"https:\/\/i0.wp.com\/noticiasribeiraopreto.com.br\/wp-content\/uploads\/2025\/08\/POLICIA-CIVIL_2025-08-12_13-12-19.webp.webp?fit=1200%2C713&ssl=1&resize=350%2C200","width":350,"height":200,"srcset":"https:\/\/i0.wp.com\/noticiasribeiraopreto.com.br\/wp-content\/uploads\/2025\/08\/POLICIA-CIVIL_2025-08-12_13-12-19.webp.webp?fit=1200%2C713&ssl=1&resize=350%2C200 1x, https:\/\/i0.wp.com\/noticiasribeiraopreto.com.br\/wp-content\/uploads\/2025\/08\/POLICIA-CIVIL_2025-08-12_13-12-19.webp.webp?fit=1200%2C713&ssl=1&resize=525%2C300 1.5x, https:\/\/i0.wp.com\/noticiasribeiraopreto.com.br\/wp-content\/uploads\/2025\/08\/POLICIA-CIVIL_2025-08-12_13-12-19.webp.webp?fit=1200%2C713&ssl=1&resize=700%2C400 2x, https:\/\/i0.wp.com\/noticiasribeiraopreto.com.br\/wp-content\/uploads\/2025\/08\/POLICIA-CIVIL_2025-08-12_13-12-19.webp.webp?fit=1200%2C713&ssl=1&resize=1050%2C600 3x"},"classes":[]},{"id":80244,"url":"https:\/\/noticiasribeiraopreto.com.br\/index.php\/2025\/11\/18\/policia-civil-prende-suspeitos-de-integrar-quadrilha-de-roubos-de-joias-que-agiu-em-ribeirao-preto\/","url_meta":{"origin":83004,"position":1},"title":"Pol\u00edcia Civil prende suspeitos de integrar quadrilha de roubos de joias que agiu em Ribeir\u00e3o Preto","author":"noticiasribeiraopreto.com.br","date":"18 de November de 2025","format":false,"excerpt":"A Pol\u00edcia Civil prendeu nesta ter\u00e7a-feira (18) quatro suspeitos de integrar uma quadrilha especializada em roubos de joias. Ap\u00f3s um assalto ocorrido em maio deste ano, no bairro Ribeir\u00e2nia, zona Leste de Ribeir\u00e3o Preto, uma das v\u00edtimas reconheceu as joias roubadas sendo vendidas em um programa de TV. Na opera\u00e7\u00e3o\u2026","rel":"","context":"In &quot;Not\u00edcias de Ribeir\u00e3o Preto-SP e Regi\u00e3o&quot;","block_context":{"text":"Not\u00edcias de Ribeir\u00e3o Preto-SP e Regi\u00e3o","link":"https:\/\/noticiasribeiraopreto.com.br\/index.php\/category\/noticias-de-ribeirao-preto-sp-e-regiao-ismael-colosi\/"},"img":{"alt_text":"","src":"https:\/\/i0.wp.com\/noticiasribeiraopreto.com.br\/wp-content\/uploads\/2025\/11\/roubo-joias_2025-11-18_14-15-20.webp.webp?fit=1200%2C833&ssl=1&resize=350%2C200","width":350,"height":200,"srcset":"https:\/\/i0.wp.com\/noticiasribeiraopreto.com.br\/wp-content\/uploads\/2025\/11\/roubo-joias_2025-11-18_14-15-20.webp.webp?fit=1200%2C833&ssl=1&resize=350%2C200 1x, https:\/\/i0.wp.com\/noticiasribeiraopreto.com.br\/wp-content\/uploads\/2025\/11\/roubo-joias_2025-11-18_14-15-20.webp.webp?fit=1200%2C833&ssl=1&resize=525%2C300 1.5x, https:\/\/i0.wp.com\/noticiasribeiraopreto.com.br\/wp-content\/uploads\/2025\/11\/roubo-joias_2025-11-18_14-15-20.webp.webp?fit=1200%2C833&ssl=1&resize=700%2C400 2x, https:\/\/i0.wp.com\/noticiasribeiraopreto.com.br\/wp-content\/uploads\/2025\/11\/roubo-joias_2025-11-18_14-15-20.webp.webp?fit=1200%2C833&ssl=1&resize=1050%2C600 3x"},"classes":[]},{"id":77780,"url":"https:\/\/noticiasribeiraopreto.com.br\/index.php\/2025\/09\/25\/veja-estrutura-da-quadrilha-que-assaltou-predio-no-centro-de-ribeirao-preto\/","url_meta":{"origin":83004,"position":2},"title":"Veja estrutura da quadrilha que assaltou pr\u00e9dio no Centro de Ribeir\u00e3o Preto","author":"noticiasribeiraopreto.com.br","date":"25 de September de 2025","format":false,"excerpt":"A Pol\u00edcia Civil divulgou nesta quinta-feira (25) a estrutura da quadrilha que roubou moradores de um pr\u00e9dio residencial nesta quarta-feira (24), no Centro de Ribeir\u00e3o Preto. Seis suspeitos foram presos. Assista ao v\u00eddeo abaixo. Segundo a pol\u00edcia, um apartamento foi alugado com uso de documento falso no 9\u00ba andar do\u2026","rel":"","context":"In &quot;Not\u00edcias de Ribeir\u00e3o Preto-SP e Regi\u00e3o&quot;","block_context":{"text":"Not\u00edcias de Ribeir\u00e3o Preto-SP e Regi\u00e3o","link":"https:\/\/noticiasribeiraopreto.com.br\/index.php\/category\/noticias-de-ribeirao-preto-sp-e-regiao-ismael-colosi\/"},"img":{"alt_text":"","src":"https:\/\/i0.wp.com\/noticiasribeiraopreto.com.br\/wp-content\/uploads\/2025\/09\/WhatsApp-Image-2025-09-25-at-09.40.11_2025-09-25_13-43-32.webp.webp?fit=1200%2C900&ssl=1&resize=350%2C200","width":350,"height":200,"srcset":"https:\/\/i0.wp.com\/noticiasribeiraopreto.com.br\/wp-content\/uploads\/2025\/09\/WhatsApp-Image-2025-09-25-at-09.40.11_2025-09-25_13-43-32.webp.webp?fit=1200%2C900&ssl=1&resize=350%2C200 1x, https:\/\/i0.wp.com\/noticiasribeiraopreto.com.br\/wp-content\/uploads\/2025\/09\/WhatsApp-Image-2025-09-25-at-09.40.11_2025-09-25_13-43-32.webp.webp?fit=1200%2C900&ssl=1&resize=525%2C300 1.5x, https:\/\/i0.wp.com\/noticiasribeiraopreto.com.br\/wp-content\/uploads\/2025\/09\/WhatsApp-Image-2025-09-25-at-09.40.11_2025-09-25_13-43-32.webp.webp?fit=1200%2C900&ssl=1&resize=700%2C400 2x, https:\/\/i0.wp.com\/noticiasribeiraopreto.com.br\/wp-content\/uploads\/2025\/09\/WhatsApp-Image-2025-09-25-at-09.40.11_2025-09-25_13-43-32.webp.webp?fit=1200%2C900&ssl=1&resize=1050%2C600 3x"},"classes":[]},{"id":82876,"url":"https:\/\/noticiasribeiraopreto.com.br\/index.php\/2026\/03\/02\/operacao-contra-quadrilha-de-furto-de-combustiveis-prende-dois-suspeitos-em-ribeirao-preto\/","url_meta":{"origin":83004,"position":3},"title":"Opera\u00e7\u00e3o contra quadrilha de furto de combust\u00edveis prende dois suspeitos em Ribeir\u00e3o Preto","author":"noticiasribeiraopreto.com.br","date":"2 de March de 2026","format":false,"excerpt":"A Pol\u00edcia Civil prendeu dois suspeitos em Ribeir\u00e3o Preto, durante a opera\u00e7\u00e3o Sangria deflagrada na manh\u00e3 desta segunda-feira (2) contra uma quadrilha apontada por furtar combust\u00edveis em dutos da empresa Transpetro e causar preju\u00edzo de mais de R$ 5 milh\u00f5es. As pris\u00f5es em Ribeir\u00e3o foram realizadas nos bairros Planalto Verde\u2026","rel":"","context":"In &quot;Not\u00edcias de Ribeir\u00e3o Preto-SP e Regi\u00e3o&quot;","block_context":{"text":"Not\u00edcias de Ribeir\u00e3o Preto-SP e Regi\u00e3o","link":"https:\/\/noticiasribeiraopreto.com.br\/index.php\/category\/noticias-de-ribeirao-preto-sp-e-regiao-ismael-colosi\/"},"img":{"alt_text":"","src":"https:\/\/i0.wp.com\/noticiasribeiraopreto.com.br\/wp-content\/uploads\/2026\/03\/POLICIA_2026-03-02_11-15-33.webp.webp?fit=1200%2C735&ssl=1&resize=350%2C200","width":350,"height":200,"srcset":"https:\/\/i0.wp.com\/noticiasribeiraopreto.com.br\/wp-content\/uploads\/2026\/03\/POLICIA_2026-03-02_11-15-33.webp.webp?fit=1200%2C735&ssl=1&resize=350%2C200 1x, https:\/\/i0.wp.com\/noticiasribeiraopreto.com.br\/wp-content\/uploads\/2026\/03\/POLICIA_2026-03-02_11-15-33.webp.webp?fit=1200%2C735&ssl=1&resize=525%2C300 1.5x, https:\/\/i0.wp.com\/noticiasribeiraopreto.com.br\/wp-content\/uploads\/2026\/03\/POLICIA_2026-03-02_11-15-33.webp.webp?fit=1200%2C735&ssl=1&resize=700%2C400 2x, https:\/\/i0.wp.com\/noticiasribeiraopreto.com.br\/wp-content\/uploads\/2026\/03\/POLICIA_2026-03-02_11-15-33.webp.webp?fit=1200%2C735&ssl=1&resize=1050%2C600 3x"},"classes":[]},{"id":77745,"url":"https:\/\/noticiasribeiraopreto.com.br\/index.php\/2025\/09\/24\/suspeitos-sao-detidos-e-policia-encontra-imovel-usado-por-quadrilha-que-assaltou-predio-no-centro-de-ribeirao\/","url_meta":{"origin":83004,"position":4},"title":"Suspeitos s\u00e3o detidos e pol\u00edcia encontra im\u00f3vel usado por quadrilha que assaltou pr\u00e9dio no Centro de Ribeir\u00e3o","author":"noticiasribeiraopreto.com.br","date":"24 de September de 2025","format":false,"excerpt":"A Pol\u00edcia Civil deteve nesta quarta-feira (24) um homem e uma mulher suspeitos de participa\u00e7\u00e3o no roubo a um pr\u00e9dio de apartamentos no Centro de Ribeir\u00e3o Preto, ocorrido na manh\u00e3 de hoje. Durante as buscas, a pol\u00edcia tamb\u00e9m encontrou um apartamento na rua Itagua\u00e7u, zona Norte da cidade, usado como\u2026","rel":"","context":"In &quot;Not\u00edcias de Ribeir\u00e3o Preto-SP e Regi\u00e3o&quot;","block_context":{"text":"Not\u00edcias de Ribeir\u00e3o Preto-SP e Regi\u00e3o","link":"https:\/\/noticiasribeiraopreto.com.br\/index.php\/category\/noticias-de-ribeirao-preto-sp-e-regiao-ismael-colosi\/"},"img":{"alt_text":"","src":"https:\/\/i0.wp.com\/noticiasribeiraopreto.com.br\/wp-content\/uploads\/2025\/09\/Copia-de-Copia-de-Copia-de-TAMANHO-EXATO-PARA-FOTOS-NO-SISTEMA-NOVO-2025-09-24T194626.608_2025-09-24_22-47-19.webp.webp?fit=1200%2C675&ssl=1&resize=350%2C200","width":350,"height":200,"srcset":"https:\/\/i0.wp.com\/noticiasribeiraopreto.com.br\/wp-content\/uploads\/2025\/09\/Copia-de-Copia-de-Copia-de-TAMANHO-EXATO-PARA-FOTOS-NO-SISTEMA-NOVO-2025-09-24T194626.608_2025-09-24_22-47-19.webp.webp?fit=1200%2C675&ssl=1&resize=350%2C200 1x, https:\/\/i0.wp.com\/noticiasribeiraopreto.com.br\/wp-content\/uploads\/2025\/09\/Copia-de-Copia-de-Copia-de-TAMANHO-EXATO-PARA-FOTOS-NO-SISTEMA-NOVO-2025-09-24T194626.608_2025-09-24_22-47-19.webp.webp?fit=1200%2C675&ssl=1&resize=525%2C300 1.5x, https:\/\/i0.wp.com\/noticiasribeiraopreto.com.br\/wp-content\/uploads\/2025\/09\/Copia-de-Copia-de-Copia-de-TAMANHO-EXATO-PARA-FOTOS-NO-SISTEMA-NOVO-2025-09-24T194626.608_2025-09-24_22-47-19.webp.webp?fit=1200%2C675&ssl=1&resize=700%2C400 2x, https:\/\/i0.wp.com\/noticiasribeiraopreto.com.br\/wp-content\/uploads\/2025\/09\/Copia-de-Copia-de-Copia-de-TAMANHO-EXATO-PARA-FOTOS-NO-SISTEMA-NOVO-2025-09-24T194626.608_2025-09-24_22-47-19.webp.webp?fit=1200%2C675&ssl=1&resize=1050%2C600 3x"},"classes":[]},{"id":77861,"url":"https:\/\/noticiasribeiraopreto.com.br\/index.php\/2025\/09\/26\/policia-civil-prende-setimo-suspeito-de-assalto-a-predio-no-centro-de-ribeirao-preto\/","url_meta":{"origin":83004,"position":5},"title":"Pol\u00edcia Civil prende s\u00e9timo suspeito de assalto a pr\u00e9dio no Centro de Ribeir\u00e3o Preto","author":"noticiasribeiraopreto.com.br","date":"26 de September de 2025","format":false,"excerpt":"A Pol\u00edcia Civil confirmou a pris\u00e3o de mais um envolvido no assalto a um pr\u00e9dio residencial no Centro de Ribeir\u00e3o Preto, na noite desta sexta-feira (26). \u00c0 EPTV, o delegado Andr\u00e9 Baldochi informou que o suspeito, Carlos Alberto da Silva, de 44 anos, foi preso no Jardim Jo\u00e3o Rossi, zona\u2026","rel":"","context":"In &quot;Not\u00edcias de Ribeir\u00e3o Preto-SP e Regi\u00e3o&quot;","block_context":{"text":"Not\u00edcias de Ribeir\u00e3o Preto-SP e Regi\u00e3o","link":"https:\/\/noticiasribeiraopreto.com.br\/index.php\/category\/noticias-de-ribeirao-preto-sp-e-regiao-ismael-colosi\/"},"img":{"alt_text":"","src":"https:\/\/i0.wp.com\/noticiasribeiraopreto.com.br\/wp-content\/uploads\/2025\/09\/Copia-de-Copia-de-Copia-de-TAMANHO-EXATO-PARA-FOTOS-NO-SISTEMA-NOVO-2025-09-26T194824.768_2025-09-26_22-48-30.webp.webp?fit=1200%2C675&ssl=1&resize=350%2C200","width":350,"height":200,"srcset":"https:\/\/i0.wp.com\/noticiasribeiraopreto.com.br\/wp-content\/uploads\/2025\/09\/Copia-de-Copia-de-Copia-de-TAMANHO-EXATO-PARA-FOTOS-NO-SISTEMA-NOVO-2025-09-26T194824.768_2025-09-26_22-48-30.webp.webp?fit=1200%2C675&ssl=1&resize=350%2C200 1x, https:\/\/i0.wp.com\/noticiasribeiraopreto.com.br\/wp-content\/uploads\/2025\/09\/Copia-de-Copia-de-Copia-de-TAMANHO-EXATO-PARA-FOTOS-NO-SISTEMA-NOVO-2025-09-26T194824.768_2025-09-26_22-48-30.webp.webp?fit=1200%2C675&ssl=1&resize=525%2C300 1.5x, https:\/\/i0.wp.com\/noticiasribeiraopreto.com.br\/wp-content\/uploads\/2025\/09\/Copia-de-Copia-de-Copia-de-TAMANHO-EXATO-PARA-FOTOS-NO-SISTEMA-NOVO-2025-09-26T194824.768_2025-09-26_22-48-30.webp.webp?fit=1200%2C675&ssl=1&resize=700%2C400 2x, https:\/\/i0.wp.com\/noticiasribeiraopreto.com.br\/wp-content\/uploads\/2025\/09\/Copia-de-Copia-de-Copia-de-TAMANHO-EXATO-PARA-FOTOS-NO-SISTEMA-NOVO-2025-09-26T194824.768_2025-09-26_22-48-30.webp.webp?fit=1200%2C675&ssl=1&resize=1050%2C600 3x"},"classes":[]}],"jetpack_sharing_enabled":true,"jetpack_shortlink":"https:\/\/wp.me\/peQAOb-lAM","_links":{"self":[{"href":"https:\/\/noticiasribeiraopreto.com.br\/index.php\/wp-json\/wp\/v2\/posts\/83004","targetHints":{"allow":["GET"]}}],"collection":[{"href":"https:\/\/noticiasribeiraopreto.com.br\/index.php\/wp-json\/wp\/v2\/posts"}],"about":[{"href":"https:\/\/noticiasribeiraopreto.com.br\/index.php\/wp-json\/wp\/v2\/types\/post"}],"author":[{"embeddable":true,"href":"https:\/\/noticiasribeiraopreto.com.br\/index.php\/wp-json\/wp\/v2\/users\/1"}],"replies":[{"embeddable":true,"href":"https:\/\/noticiasribeiraopreto.com.br\/index.php\/wp-json\/wp\/v2\/comments?post=83004"}],"version-history":[{"count":0,"href":"https:\/\/noticiasribeiraopreto.com.br\/index.php\/wp-json\/wp\/v2\/posts\/83004\/revisions"}],"wp:featuredmedia":[{"embeddable":true,"href":"https:\/\/noticiasribeiraopreto.com.br\/index.php\/wp-json\/wp\/v2\/media\/83005"}],"wp:attachment":[{"href":"https:\/\/noticiasribeiraopreto.com.br\/index.php\/wp-json\/wp\/v2\/media?parent=83004"}],"wp:term":[{"taxonomy":"category","embeddable":true,"href":"https:\/\/noticiasribeiraopreto.com.br\/index.php\/wp-json\/wp\/v2\/categories?post=83004"},{"taxonomy":"post_tag","embeddable":true,"href":"https:\/\/noticiasribeiraopreto.com.br\/index.php\/wp-json\/wp\/v2\/tags?post=83004"}],"curies":[{"name":"wp","href":"https:\/\/api.w.org\/{rel}","templated":true}]}}