{"id":83006,"date":"2026-03-06T10:29:48","date_gmt":"2026-03-06T13:29:48","guid":{"rendered":"https:\/\/noticiasribeiraopreto.com.br\/index.php\/2026\/03\/06\/esquadrilha-da-fumaca-se-apresenta-neste-sabado-na-regiao-de-ribeirao-preto\/"},"modified":"2026-03-06T10:29:48","modified_gmt":"2026-03-06T13:29:48","slug":"esquadrilha-da-fumaca-se-apresenta-neste-sabado-na-regiao-de-ribeirao-preto","status":"publish","type":"post","link":"https:\/\/noticiasribeiraopreto.com.br\/index.php\/2026\/03\/06\/esquadrilha-da-fumaca-se-apresenta-neste-sabado-na-regiao-de-ribeirao-preto\/","title":{"rendered":"Esquadrilha da Fuma\u00e7a se apresenta neste s\u00e1bado na regi\u00e3o de Ribeir\u00e3o Preto"},"content":{"rendered":"<div class='code-block code-block-1' style='margin: 8px 0 8px auto; text-align: right; display: block; clear: both;'>\n<p><a href=\"https:\/\/wa.link\/vpicfd\"><img data-recalc-dims=\"1\" class=\"wp-image-4922\" style=\"aspect-ratio: 2.0253164556962027; width: 561px; height: auto;\" src=\"https:\/\/i0.wp.com\/ismaelcolosi.com.br\/wp-content\/uploads\/2023\/11\/grupo-de-empregos-whatsapp-e-facebook-ismael-colosi-vagas.jpg?ssl=1\" alt=\"\" \/><\/a><\/p>\n<!-- \/wp:image -->\n<\/div>\n<p> <br \/>\n<\/p>\n<div>\n<p><strong>A Esquadrilha da Fuma\u00e7a, da For\u00e7a A\u00e9rea Brasileira (FAB), se apresenta neste s\u00e1bado (7), durante as comemora\u00e7\u00f5es pelos 150 anos de Cravinhos, na regi\u00e3o de Ribeir\u00e3o Preto.<\/strong><\/p>\n<p><mark style=\"background-color:#fcb900\" class=\"has-inline-color has-black-color\">O evento est\u00e1 programado \u00e0s 16h50, na rua Segundo Sargento Jos\u00e9 Augusto Ardenghe, s\/n\u00ba, no Jardim Santa Cruz. O acesso \u00e9 gratuito.<\/mark><\/p>\n<p>A apresenta\u00e7\u00e3o abre a agenda de 2026 do Esquadr\u00e3o de Demonstra\u00e7\u00e3o A\u00e9rea\u00a0(EDA),\u00a0conhecido popularmente como Esquadrilha da Fuma\u00e7a, um dos mais importantes do mundo.<\/p>\n<p>Segundo a FAB, as sete aeronaves retornam \u00e0 Cravinhos ap\u00f3s 24 anos \u2013 a \u00faltima apresenta\u00e7\u00e3o na cidade aconteceu em 2002, ainda com os antigos T-27 Tucano \u2013 desta vez, a apresenta\u00e7\u00e3o ser\u00e1 com os avi\u00f5es A-29 Super Tucano, que integram a equipe desde 2011.\u00a0<\/p>\n<p>\u201cSer\u00e1 um privil\u00e9gio poder estar presente nos c\u00e9us homenageando a cidade e mostrando a capacidade dos nossos pilotos militares, a efic\u00e1cia do A-29 Super Tucano produzido aqui no Brasil e levando um pouco da FAB para a popula\u00e7\u00e3o\u201d, disse o Capit\u00e3o Aviador Giovanni Loures Guimar\u00e3es.\u00a0<\/p>\n<h2 class=\"wp-block-heading\"><strong>Servi\u00e7o<\/strong><\/h2>\n<p><em>Apresenta\u00e7\u00e3o da Esquadrilha da Fuma\u00e7a em Cravinhos<\/em><\/p>\n<p><strong>Quando:<\/strong> S\u00e1bado, dia 7 de mar\u00e7o<br \/><strong>Hor\u00e1rio:<\/strong> \u00c0s 16h50<br \/><strong>Onde:<\/strong> Rua Sargento Jos\u00e9 Augusto Ardenghe, s\/n\u00ba, no Jardim Santa Cruz \u2013 Cravinhos<br \/>Evento gratuito<\/p>\n<p>SAIBA MAIS<\/p>\n<p>Inmet emite alerta amarelo para chuvas intensas no estado de SP; Veja as cidades<\/p>\n<h3 class=\"wp-block-heading\"><strong>FIQUE ON<\/strong><\/h3>\n<p>Fique ligado em tudo que acontece em Ribeir\u00e3o Preto e regi\u00e3o. Siga os perfis do<strong>\u00a0acidade on<\/strong>\u00a0no\u00a0<a href=\"https:\/\/www.instagram.com\/acidadeonribeirao\" target=\"_blank\" rel=\"noreferrer noopener\">Instagram<\/a>\u00a0e no\u00a0<a href=\"https:\/\/www.facebook.com\/acidadeonribeirao\/\" target=\"_blank\" rel=\"noreferrer noopener\">Facebook<\/a>.<\/p>\n<p>Receba not\u00edcias do<strong>\u00a0acidade on<\/strong>\u00a0no WhatsApp. Para entrar no grupo,\u00a0basta\u00a0<a href=\"https:\/\/chat.whatsapp.com\/GFH9HUMUTHNFJdnyEd0xxq\" target=\"_blank\" rel=\"noreferrer noopener\">clicar aqui<\/a>. Ou, acesse o nosso\u00a0Canal\u00a0<a href=\"https:\/\/whatsapp.com\/channel\/0029Vb6IQl1JENyAeS57fk2p\" target=\"_blank\" rel=\"noreferrer noopener\">clicando aqui<\/a>.<\/p>\n<p>Fa\u00e7a uma den\u00fancia ou sugira uma reportagem sobre Ribeir\u00e3o Preto e regi\u00e3o pelo WhatsApp: 16 99117 7802.<\/p>\n<p>VEJA TAMB\u00c9M<\/p>\n<p>Decora\u00e7\u00e3o pet friendly: 5 cuidados para garantir a seguran\u00e7a do seu animal<\/p>\n<p><!-- AI CONTENT END 1 -->\n<\/div>\n<p><script async src=\"\/\/www.instagram.com\/embed.js\"><\/script><br \/>\n<br \/><br \/>\n<br \/><a href=\"https:\/\/www.acidadeon.com\/ribeiraopreto\/lazer-e-cultura\/esquadrilha-da-fumaca-se-apresenta-neste-sabado-regiao-de-ribeirao-preto\/\">Source link <\/a><\/p>\n<!-- CONTENT END 1 -->\n","protected":false},"excerpt":{"rendered":"<p>A Esquadrilha da Fuma\u00e7a, da For\u00e7a A\u00e9rea Brasileira (FAB), se apresenta neste s\u00e1bado (7), durante as comemora\u00e7\u00f5es pelos 150 anos de Cravinhos, na regi\u00e3o de&#8230;<\/p>\n","protected":false},"author":1,"featured_media":83007,"comment_status":"open","ping_status":"open","sticky":false,"template":"","format":"standard","meta":{"advanced_seo_description":"","jetpack_seo_html_title":"","jetpack_seo_noindex":false,"jetpack_post_was_ever_published":false,"_jetpack_newsletter_access":"","_jetpack_dont_email_post_to_subs":false,"_jetpack_newsletter_tier_id":0,"_jetpack_memberships_contains_paywalled_content":false,"_jetpack_memberships_contains_paid_content":false,"footnotes":"","jetpack_publicize_message":"","jetpack_publicize_feature_enabled":true,"jetpack_social_post_already_shared":true,"jetpack_social_options":{"image_generator_settings":{"template":"highway","default_image_id":0,"font":"","enabled":false},"version":2}},"categories":[11],"tags":[],"class_list":["post-83006","post","type-post","status-publish","format-standard","has-post-thumbnail","hentry","category-noticias-de-ribeirao-preto-sp-e-regiao-ismael-colosi"],"jetpack_publicize_connections":[],"jetpack_featured_media_url":"https:\/\/i0.wp.com\/noticiasribeiraopreto.com.br\/wp-content\/uploads\/2026\/03\/esquadrilha_2026-03-06_11-25-16.webp.webp?fit=1200%2C794&ssl=1","jetpack-related-posts":[{"id":43637,"url":"https:\/\/noticiasribeiraopreto.com.br\/index.php\/2024\/03\/22\/esquadrilha-da-fumaca-vai-se-apresentar-na-regiao-de-ribeirao-veja-quando\/","url_meta":{"origin":83006,"position":0},"title":"Esquadrilha da Fuma\u00e7a vai se apresentar na regi\u00e3o de Ribeir\u00e3o; Veja quando","author":"noticiasribeiraopreto.com.br","date":"22 de March de 2024","format":false,"excerpt":"A Esquadrilha da Fuma\u00e7a vai se apresentar em Ituverava, na regi\u00e3o de Ribeir\u00e3o Preto, no pr\u00f3ximo domingo (24), \u00e0s 16h, no aeroporto da cidade (clique aqui e veja como chegar). A \u00faltima apresenta\u00e7\u00e3o da Esquadrilha da Fuma\u00e7a em Ituverava foi em 2011. A apresenta\u00e7\u00e3o a\u00e9rea contar\u00e1 com os A-29 Super\u2026","rel":"","context":"In &quot;Not\u00edcias de Ribeir\u00e3o Preto-SP e Regi\u00e3o&quot;","block_context":{"text":"Not\u00edcias de Ribeir\u00e3o Preto-SP e Regi\u00e3o","link":"https:\/\/noticiasribeiraopreto.com.br\/index.php\/category\/noticias-de-ribeirao-preto-sp-e-regiao-ismael-colosi\/"},"img":{"alt_text":"","src":"https:\/\/i0.wp.com\/noticiasribeiraopreto.com.br\/wp-content\/uploads\/2024\/03\/AnyConv.com__esquadrilha-da-fumaca.webp.webp?fit=1200%2C800&ssl=1&resize=350%2C200","width":350,"height":200,"srcset":"https:\/\/i0.wp.com\/noticiasribeiraopreto.com.br\/wp-content\/uploads\/2024\/03\/AnyConv.com__esquadrilha-da-fumaca.webp.webp?fit=1200%2C800&ssl=1&resize=350%2C200 1x, https:\/\/i0.wp.com\/noticiasribeiraopreto.com.br\/wp-content\/uploads\/2024\/03\/AnyConv.com__esquadrilha-da-fumaca.webp.webp?fit=1200%2C800&ssl=1&resize=525%2C300 1.5x, https:\/\/i0.wp.com\/noticiasribeiraopreto.com.br\/wp-content\/uploads\/2024\/03\/AnyConv.com__esquadrilha-da-fumaca.webp.webp?fit=1200%2C800&ssl=1&resize=700%2C400 2x, https:\/\/i0.wp.com\/noticiasribeiraopreto.com.br\/wp-content\/uploads\/2024\/03\/AnyConv.com__esquadrilha-da-fumaca.webp.webp?fit=1200%2C800&ssl=1&resize=1050%2C600 3x"},"classes":[]},{"id":59590,"url":"https:\/\/noticiasribeiraopreto.com.br\/index.php\/2024\/10\/26\/esquadrilha-da-fumaca-se-apresenta-na-regiao-de-ribeirao-preto-proxima-segunda\/","url_meta":{"origin":83006,"position":1},"title":"Esquadrilha da Fuma\u00e7a se apresenta na regi\u00e3o de Ribeir\u00e3o Preto pr\u00f3xima segunda","author":"noticiasribeiraopreto.com.br","date":"26 de October de 2024","format":false,"excerpt":"A Esquadrilha da Fuma\u00e7a vai se apresentar em S\u00e3o Sim\u00e3o, regi\u00e3o de Ribeir\u00e3o Preto, na pr\u00f3xima segunda-feira (28), \u00e0s 10h, no Posto Rosa \u2013 UBDS Jardim das Am\u00e9ricas. A \u00faltima apresenta\u00e7\u00e3o na cidade aconteceu em 1994. A apresenta\u00e7\u00e3o celebra os 200 anos do munic\u00edpio e conta com as aeronaves T-27\u2026","rel":"","context":"In &quot;Not\u00edcias de Ribeir\u00e3o Preto-SP e Regi\u00e3o&quot;","block_context":{"text":"Not\u00edcias de Ribeir\u00e3o Preto-SP e Regi\u00e3o","link":"https:\/\/noticiasribeiraopreto.com.br\/index.php\/category\/noticias-de-ribeirao-preto-sp-e-regiao-ismael-colosi\/"},"img":{"alt_text":"","src":"https:\/\/i0.wp.com\/noticiasribeiraopreto.com.br\/wp-content\/uploads\/2024\/03\/AnyConv.com__esquadrilha-da-fumaca.webp.webp?fit=1200%2C800&ssl=1&resize=350%2C200","width":350,"height":200,"srcset":"https:\/\/i0.wp.com\/noticiasribeiraopreto.com.br\/wp-content\/uploads\/2024\/03\/AnyConv.com__esquadrilha-da-fumaca.webp.webp?fit=1200%2C800&ssl=1&resize=350%2C200 1x, https:\/\/i0.wp.com\/noticiasribeiraopreto.com.br\/wp-content\/uploads\/2024\/03\/AnyConv.com__esquadrilha-da-fumaca.webp.webp?fit=1200%2C800&ssl=1&resize=525%2C300 1.5x, https:\/\/i0.wp.com\/noticiasribeiraopreto.com.br\/wp-content\/uploads\/2024\/03\/AnyConv.com__esquadrilha-da-fumaca.webp.webp?fit=1200%2C800&ssl=1&resize=700%2C400 2x, https:\/\/i0.wp.com\/noticiasribeiraopreto.com.br\/wp-content\/uploads\/2024\/03\/AnyConv.com__esquadrilha-da-fumaca.webp.webp?fit=1200%2C800&ssl=1&resize=1050%2C600 3x"},"classes":[]},{"id":59586,"url":"https:\/\/noticiasribeiraopreto.com.br\/index.php\/2024\/10\/26\/esquadrilha-da-fumaca-se-apresenta-na-regiao-de-ribeirao-preto-apos-30-anos\/","url_meta":{"origin":83006,"position":2},"title":"Esquadrilha da Fuma\u00e7a se apresenta na regi\u00e3o de Ribeir\u00e3o Preto ap\u00f3s 30 anos","author":"noticiasribeiraopreto.com.br","date":"26 de October de 2024","format":false,"excerpt":"A Esquadrilha da Fuma\u00e7a vai se apresentar em S\u00e3o Sim\u00e3o, regi\u00e3o de Ribeir\u00e3o Preto, na pr\u00f3xima segunda-feira (28), \u00e0s 10h, no Posto Rosa \u2013 UBDS Jardim das Am\u00e9ricas. A \u00faltima apresenta\u00e7\u00e3o na cidade aconteceu em 1994. A apresenta\u00e7\u00e3o celebra os 200 anos do munic\u00edpio e conta com as aeronaves T-27\u2026","rel":"","context":"In &quot;Not\u00edcias de Ribeir\u00e3o Preto-SP e Regi\u00e3o&quot;","block_context":{"text":"Not\u00edcias de Ribeir\u00e3o Preto-SP e Regi\u00e3o","link":"https:\/\/noticiasribeiraopreto.com.br\/index.php\/category\/noticias-de-ribeirao-preto-sp-e-regiao-ismael-colosi\/"},"img":{"alt_text":"","src":"https:\/\/i0.wp.com\/noticiasribeiraopreto.com.br\/wp-content\/uploads\/2024\/03\/AnyConv.com__esquadrilha-da-fumaca.webp.webp?fit=1200%2C800&ssl=1&resize=350%2C200","width":350,"height":200,"srcset":"https:\/\/i0.wp.com\/noticiasribeiraopreto.com.br\/wp-content\/uploads\/2024\/03\/AnyConv.com__esquadrilha-da-fumaca.webp.webp?fit=1200%2C800&ssl=1&resize=350%2C200 1x, https:\/\/i0.wp.com\/noticiasribeiraopreto.com.br\/wp-content\/uploads\/2024\/03\/AnyConv.com__esquadrilha-da-fumaca.webp.webp?fit=1200%2C800&ssl=1&resize=525%2C300 1.5x, https:\/\/i0.wp.com\/noticiasribeiraopreto.com.br\/wp-content\/uploads\/2024\/03\/AnyConv.com__esquadrilha-da-fumaca.webp.webp?fit=1200%2C800&ssl=1&resize=700%2C400 2x, https:\/\/i0.wp.com\/noticiasribeiraopreto.com.br\/wp-content\/uploads\/2024\/03\/AnyConv.com__esquadrilha-da-fumaca.webp.webp?fit=1200%2C800&ssl=1&resize=1050%2C600 3x"},"classes":[]},{"id":59589,"url":"https:\/\/noticiasribeiraopreto.com.br\/index.php\/2024\/10\/26\/esquadrilha-da-fumaca-se-apresenta-na-regiao-de-ribeirao-preto-apos-30-anos-2\/","url_meta":{"origin":83006,"position":3},"title":"Esquadrilha da Fuma\u00e7a se apresenta na regi\u00e3o de Ribeir\u00e3o Preto ap\u00f3s 30 anos","author":"noticiasribeiraopreto.com.br","date":"26 de October de 2024","format":false,"excerpt":"A Esquadrilha da Fuma\u00e7a vai se apresentar em S\u00e3o Sim\u00e3o, regi\u00e3o de Ribeir\u00e3o Preto, na pr\u00f3xima segunda-feira (28), \u00e0s 10h, no Posto Rosa \u2013 UBDS Jardim das Am\u00e9ricas. A \u00faltima apresenta\u00e7\u00e3o na cidade aconteceu em 1994. A apresenta\u00e7\u00e3o celebra os 200 anos do munic\u00edpio e conta com as aeronaves T-27\u2026","rel":"","context":"In &quot;Not\u00edcias de Ribeir\u00e3o Preto-SP e Regi\u00e3o&quot;","block_context":{"text":"Not\u00edcias de Ribeir\u00e3o Preto-SP e Regi\u00e3o","link":"https:\/\/noticiasribeiraopreto.com.br\/index.php\/category\/noticias-de-ribeirao-preto-sp-e-regiao-ismael-colosi\/"},"img":{"alt_text":"","src":"https:\/\/i0.wp.com\/noticiasribeiraopreto.com.br\/wp-content\/uploads\/2024\/03\/AnyConv.com__esquadrilha-da-fumaca.webp.webp?fit=1200%2C800&ssl=1&resize=350%2C200","width":350,"height":200,"srcset":"https:\/\/i0.wp.com\/noticiasribeiraopreto.com.br\/wp-content\/uploads\/2024\/03\/AnyConv.com__esquadrilha-da-fumaca.webp.webp?fit=1200%2C800&ssl=1&resize=350%2C200 1x, https:\/\/i0.wp.com\/noticiasribeiraopreto.com.br\/wp-content\/uploads\/2024\/03\/AnyConv.com__esquadrilha-da-fumaca.webp.webp?fit=1200%2C800&ssl=1&resize=525%2C300 1.5x, https:\/\/i0.wp.com\/noticiasribeiraopreto.com.br\/wp-content\/uploads\/2024\/03\/AnyConv.com__esquadrilha-da-fumaca.webp.webp?fit=1200%2C800&ssl=1&resize=700%2C400 2x, https:\/\/i0.wp.com\/noticiasribeiraopreto.com.br\/wp-content\/uploads\/2024\/03\/AnyConv.com__esquadrilha-da-fumaca.webp.webp?fit=1200%2C800&ssl=1&resize=1050%2C600 3x"},"classes":[]},{"id":61315,"url":"https:\/\/noticiasribeiraopreto.com.br\/index.php\/2024\/12\/09\/piloto-de-ribeirao-preto-se-despede-da-esquadrilha-da-fumaca-e-relembra-acidente\/","url_meta":{"origin":83006,"position":4},"title":"Piloto de Ribeir\u00e3o Preto se despede da Esquadrilha da Fuma\u00e7a e relembra acidente","author":"noticiasribeiraopreto.com.br","date":"9 de December de 2024","format":false,"excerpt":"O piloto militar Vin\u00edcius Moreno, de 36 anos, natural de Ribeir\u00e3o Preto, se despede da Esquadrilha da Fuma\u00e7a em 2024, ap\u00f3s seis anos no seleto grupo da For\u00e7a A\u00e9rea Brasileira (FAB). O capit\u00e3o aviador Moreno conta que foi escolhido em 2018 em um processo de sele\u00e7\u00e3o interno para integrar\u00a0o EDA\u2026","rel":"","context":"In &quot;Not\u00edcias de Ribeir\u00e3o Preto-SP e Regi\u00e3o&quot;","block_context":{"text":"Not\u00edcias de Ribeir\u00e3o Preto-SP e Regi\u00e3o","link":"https:\/\/noticiasribeiraopreto.com.br\/index.php\/category\/noticias-de-ribeirao-preto-sp-e-regiao-ismael-colosi\/"},"img":{"alt_text":"","src":"https:\/\/i0.wp.com\/noticiasribeiraopreto.com.br\/wp-content\/uploads\/2024\/12\/vinicius_moreno_1024x576_05042021223939.jpg?fit=1024%2C576&ssl=1&resize=350%2C200","width":350,"height":200,"srcset":"https:\/\/i0.wp.com\/noticiasribeiraopreto.com.br\/wp-content\/uploads\/2024\/12\/vinicius_moreno_1024x576_05042021223939.jpg?fit=1024%2C576&ssl=1&resize=350%2C200 1x, https:\/\/i0.wp.com\/noticiasribeiraopreto.com.br\/wp-content\/uploads\/2024\/12\/vinicius_moreno_1024x576_05042021223939.jpg?fit=1024%2C576&ssl=1&resize=525%2C300 1.5x, https:\/\/i0.wp.com\/noticiasribeiraopreto.com.br\/wp-content\/uploads\/2024\/12\/vinicius_moreno_1024x576_05042021223939.jpg?fit=1024%2C576&ssl=1&resize=700%2C400 2x"},"classes":[]},{"id":73966,"url":"https:\/\/noticiasribeiraopreto.com.br\/index.php\/2025\/07\/13\/esquadrilha-da-fumaca-se-apresenta-na-regiao-de-ribeirao-preto-veja-quando\/","url_meta":{"origin":83006,"position":5},"title":"Esquadrilha da Fuma\u00e7a se apresenta na regi\u00e3o de Ribeir\u00e3o Preto; Veja quando","author":"noticiasribeiraopreto.com.br","date":"13 de July de 2025","format":false,"excerpt":"A Esquadrilha da Fuma\u00e7a se apresenta em Jaboticabal, na regi\u00e3o de Ribeir\u00e3o Preto, no pr\u00f3ximo dia 26 de julho. O show a\u00e9reo come\u00e7a a partir das 16h no aeroporto municipal de Jaboticabal, ao lado do campus da Unesp (Universidade Estadual Paulista). A apresenta\u00e7\u00e3o retorna \u00e0 cidade ap\u00f3s 17 anos. A\u2026","rel":"","context":"In &quot;Not\u00edcias de Ribeir\u00e3o Preto-SP e Regi\u00e3o&quot;","block_context":{"text":"Not\u00edcias de Ribeir\u00e3o Preto-SP e Regi\u00e3o","link":"https:\/\/noticiasribeiraopreto.com.br\/index.php\/category\/noticias-de-ribeirao-preto-sp-e-regiao-ismael-colosi\/"},"img":{"alt_text":"","src":"https:\/\/i0.wp.com\/noticiasribeiraopreto.com.br\/wp-content\/uploads\/2025\/07\/AnyConv.com__esquadrilha-da-fumaca.webp.webp?fit=1200%2C800&ssl=1&resize=350%2C200","width":350,"height":200,"srcset":"https:\/\/i0.wp.com\/noticiasribeiraopreto.com.br\/wp-content\/uploads\/2025\/07\/AnyConv.com__esquadrilha-da-fumaca.webp.webp?fit=1200%2C800&ssl=1&resize=350%2C200 1x, https:\/\/i0.wp.com\/noticiasribeiraopreto.com.br\/wp-content\/uploads\/2025\/07\/AnyConv.com__esquadrilha-da-fumaca.webp.webp?fit=1200%2C800&ssl=1&resize=525%2C300 1.5x, https:\/\/i0.wp.com\/noticiasribeiraopreto.com.br\/wp-content\/uploads\/2025\/07\/AnyConv.com__esquadrilha-da-fumaca.webp.webp?fit=1200%2C800&ssl=1&resize=700%2C400 2x, https:\/\/i0.wp.com\/noticiasribeiraopreto.com.br\/wp-content\/uploads\/2025\/07\/AnyConv.com__esquadrilha-da-fumaca.webp.webp?fit=1200%2C800&ssl=1&resize=1050%2C600 3x"},"classes":[]}],"jetpack_sharing_enabled":true,"jetpack_shortlink":"https:\/\/wp.me\/peQAOb-lAO","_links":{"self":[{"href":"https:\/\/noticiasribeiraopreto.com.br\/index.php\/wp-json\/wp\/v2\/posts\/83006","targetHints":{"allow":["GET"]}}],"collection":[{"href":"https:\/\/noticiasribeiraopreto.com.br\/index.php\/wp-json\/wp\/v2\/posts"}],"about":[{"href":"https:\/\/noticiasribeiraopreto.com.br\/index.php\/wp-json\/wp\/v2\/types\/post"}],"author":[{"embeddable":true,"href":"https:\/\/noticiasribeiraopreto.com.br\/index.php\/wp-json\/wp\/v2\/users\/1"}],"replies":[{"embeddable":true,"href":"https:\/\/noticiasribeiraopreto.com.br\/index.php\/wp-json\/wp\/v2\/comments?post=83006"}],"version-history":[{"count":0,"href":"https:\/\/noticiasribeiraopreto.com.br\/index.php\/wp-json\/wp\/v2\/posts\/83006\/revisions"}],"wp:featuredmedia":[{"embeddable":true,"href":"https:\/\/noticiasribeiraopreto.com.br\/index.php\/wp-json\/wp\/v2\/media\/83007"}],"wp:attachment":[{"href":"https:\/\/noticiasribeiraopreto.com.br\/index.php\/wp-json\/wp\/v2\/media?parent=83006"}],"wp:term":[{"taxonomy":"category","embeddable":true,"href":"https:\/\/noticiasribeiraopreto.com.br\/index.php\/wp-json\/wp\/v2\/categories?post=83006"},{"taxonomy":"post_tag","embeddable":true,"href":"https:\/\/noticiasribeiraopreto.com.br\/index.php\/wp-json\/wp\/v2\/tags?post=83006"}],"curies":[{"name":"wp","href":"https:\/\/api.w.org\/{rel}","templated":true}]}}