{"id":83008,"date":"2026-03-06T10:36:48","date_gmt":"2026-03-06T13:36:48","guid":{"rendered":"https:\/\/noticiasribeiraopreto.com.br\/index.php\/2026\/03\/06\/inmet-emite-alerta-amarelo-para-chuvas-intensas-no-estado-de-sp-veja-as-cidades\/"},"modified":"2026-03-06T10:36:48","modified_gmt":"2026-03-06T13:36:48","slug":"inmet-emite-alerta-amarelo-para-chuvas-intensas-no-estado-de-sp-veja-as-cidades","status":"publish","type":"post","link":"https:\/\/noticiasribeiraopreto.com.br\/index.php\/2026\/03\/06\/inmet-emite-alerta-amarelo-para-chuvas-intensas-no-estado-de-sp-veja-as-cidades\/","title":{"rendered":"Inmet emite alerta amarelo para chuvas intensas no estado de SP; Veja as cidades"},"content":{"rendered":"<div class='code-block code-block-1' style='margin: 8px 0 8px auto; text-align: right; display: block; clear: both;'>\n<p><a href=\"https:\/\/wa.link\/vpicfd\"><img data-recalc-dims=\"1\" class=\"wp-image-4922\" style=\"aspect-ratio: 2.0253164556962027; width: 561px; height: auto;\" src=\"https:\/\/i0.wp.com\/ismaelcolosi.com.br\/wp-content\/uploads\/2023\/11\/grupo-de-empregos-whatsapp-e-facebook-ismael-colosi-vagas.jpg?ssl=1\" alt=\"\" \/><\/a><\/p>\n<!-- \/wp:image -->\n<\/div>\n<p> <br \/>\n<\/p>\n<div data-td-block-uid=\"tdi_95\">\n<div class=\"tdb-block-inner td-fix-index\">\n<p><strong>O\u00a0<\/strong><a href=\"https:\/\/portal.inmet.gov.br\/\" target=\"_blank\" rel=\"noreferrer noopener\"><strong>Inmet (Instituto Nacional de Meteorologia)<\/strong><\/a><strong>\u00a0emitiu um alerta para chuvas intensas em cidades do estado de S\u00e3o Paulo, incluindo Ribeir\u00e3o Preto e regi\u00e3o.<\/strong>\u00a0O\u00a0<strong>aviso\u00a0<\/strong>teve\u00a0<strong>in\u00edcio\u00a0<\/strong>\u00e0s\u00a0<strong>0h01<\/strong> e vai\u00a0<strong>at\u00e9\u00a0<\/strong>as\u00a0<strong>23h59<\/strong> desta <strong>sexta-feira (6)<\/strong>.<\/p>\n<p><mark style=\"background-color:#abb8c3\" class=\"has-inline-color has-black-color\">As regi\u00f5es oeste, central, norte, leste e parte do sul do estado paulista est\u00e3o na faixa amarela, a primeira em uma escala at\u00e9 tr\u00eas n\u00edveis de severidade, que indica \u201cperigo potencial\u201d.<\/mark> Clique <a href=\"https:\/\/avisos.inmet.gov.br\/53538\" data-type=\"link\" data-id=\"https:\/\/avisos.inmet.gov.br\/53538\" target=\"_blank\" rel=\"noopener\">aqui <\/a>e veja as cidades.<\/p>\n<p>A\u00a0<a href=\"https:\/\/www.climatempo.com.br\/\" target=\"_blank\" rel=\"noreferrer noopener\">Climatempo\u00a0<\/a>explica que a mudan\u00e7a no tempo ocorre devido a uma nova configura\u00e7\u00e3o dos ventos, com o direcionamento de mais umidade para o estado de S\u00e3o Paulo. <\/p>\n<figure class=\"wp-block-pullquote\">\n<blockquote>\n<p>Al\u00e9m disso, a\u00a0propaga\u00e7\u00e3o de cavados meteorol\u00f3gicos, \u00e1reas alongadas de baixa press\u00e3o que favorecem a forma\u00e7\u00e3o de nuvens carregadas, tamb\u00e9m contribui para o aumento das instabilidades. Com isso, as pancadas de chuva tendem a ocorrer entre a tarde e a noite.<\/p>\n<p><cite><strong>Vitor Takao Suganuma, meteorologista da Climatempo<\/strong><\/cite><\/p><\/blockquote>\n<\/figure>\n<p>Uma frente fria deve refor\u00e7ar a chuva no in\u00edcio da pr\u00f3xima semana.<\/p>\n<h2 class=\"wp-block-heading\"><strong>O que diz o alerta nesta sexta:<\/strong><\/h2>\n<ul class=\"wp-block-list\">\n<li>Chuva entre 20 mm\/h e 30 mm\/h ou at\u00e9 50 mm\/dia<\/li>\n<li>Ventos intensos entre 40 km\/h e 60 km\/h<\/li>\n<li>Baixo risco de corte de energia el\u00e9trica, queda de galhos de \u00e1rvores, alagamentos e de descargas el\u00e9tricas<\/li>\n<\/ul>\n<h3 class=\"wp-block-heading\"><strong>Orienta\u00e7\u00f5es<\/strong>:<\/h3>\n<ul class=\"wp-block-list\">\n<li>Em caso de rajadas de vento, n\u00e3o se abrigue debaixo de \u00e1rvores, pois, h\u00e1 leve risco de queda e descargas el\u00e9tricas e n\u00e3o estacione ve\u00edculos pr\u00f3ximos a torres de transmiss\u00e3o e placas de propaganda<\/li>\n<li>Evite usar aparelhos eletr\u00f4nicos ligados \u00e0 tomada<\/li>\n<\/ul>\n<p>SAIBA MAIS<\/p>\n<p>\u2018Frente fria com for\u00e7a acima do normal\u2019, alerta meteorologista; Veja o que esperar<\/p>\n<h4 class=\"wp-block-heading\"><strong>FIQUE ON<\/strong><\/h4>\n<p>Fique ligado em tudo que acontece em Ribeir\u00e3o Preto e regi\u00e3o. Siga os perfis do<strong>\u00a0acidade on<\/strong>\u00a0no\u00a0<a href=\"https:\/\/www.instagram.com\/acidadeonribeirao\" target=\"_blank\" rel=\"noreferrer noopener\">Instagram<\/a>\u00a0e no\u00a0<a href=\"https:\/\/www.facebook.com\/acidadeonribeirao\/\" target=\"_blank\" rel=\"noreferrer noopener\">Facebook<\/a>.<\/p>\n<p>Receba not\u00edcias do<strong>\u00a0acidade on<\/strong>\u00a0no WhatsApp. Para entrar no grupo,\u00a0basta\u00a0<a href=\"https:\/\/chat.whatsapp.com\/GFH9HUMUTHNFJdnyEd0xxq\" target=\"_blank\" rel=\"noreferrer noopener\">clicar aqui<\/a>. Ou, acesse o nosso\u00a0Canal\u00a0<a href=\"https:\/\/whatsapp.com\/channel\/0029Vb6IQl1JENyAeS57fk2p\" target=\"_blank\" rel=\"noreferrer noopener\">clicando aqui<\/a>.<\/p>\n<p>Fa\u00e7a uma den\u00fancia ou sugira uma reportagem sobre Ribeir\u00e3o Preto e regi\u00e3o pelo WhatsApp: 16 99117 7802.<\/p>\n<p>VEJA TAMB\u00c9M<\/p>\n<p>Decora\u00e7\u00e3o pet friendly: 5 cuidados para garantir a seguran\u00e7a do seu animal<\/p>\n<p><!-- AI CONTENT END 1 -->\n<\/div>\n<\/div>\n<p><script async src=\"\/\/www.instagram.com\/embed.js\"><\/script><br \/>\n<br \/><br \/>\n<br \/><a href=\"https:\/\/www.acidadeon.com\/ribeiraopreto\/cotidiano\/inmet-emite-alerta-amarelo-para-chuvas-intensas-no-estado-de-sp-veja-as-cidades\/\">Source link <\/a><\/p>\n<!-- CONTENT END 1 -->\n","protected":false},"excerpt":{"rendered":"<p>O\u00a0Inmet (Instituto Nacional de Meteorologia)\u00a0emitiu um alerta para chuvas intensas em cidades do estado de S\u00e3o Paulo, incluindo Ribeir\u00e3o Preto e regi\u00e3o.\u00a0O\u00a0aviso\u00a0teve\u00a0in\u00edcio\u00a0\u00e0s\u00a00h01 e vai\u00a0at\u00e9\u00a0as\u00a023h59 desta&#8230;<\/p>\n","protected":false},"author":1,"featured_media":83009,"comment_status":"open","ping_status":"open","sticky":false,"template":"","format":"standard","meta":{"advanced_seo_description":"","jetpack_seo_html_title":"","jetpack_seo_noindex":false,"jetpack_post_was_ever_published":false,"_jetpack_newsletter_access":"","_jetpack_dont_email_post_to_subs":false,"_jetpack_newsletter_tier_id":0,"_jetpack_memberships_contains_paywalled_content":false,"_jetpack_memberships_contains_paid_content":false,"footnotes":"","jetpack_publicize_message":"","jetpack_publicize_feature_enabled":true,"jetpack_social_post_already_shared":true,"jetpack_social_options":{"image_generator_settings":{"template":"highway","default_image_id":0,"font":"","enabled":false},"version":2}},"categories":[11],"tags":[],"class_list":["post-83008","post","type-post","status-publish","format-standard","has-post-thumbnail","hentry","category-noticias-de-ribeirao-preto-sp-e-regiao-ismael-colosi"],"jetpack_publicize_connections":[],"jetpack_featured_media_url":"https:\/\/i0.wp.com\/noticiasribeiraopreto.com.br\/wp-content\/uploads\/2026\/03\/mapa-sp_2026-03-06_09-31-43.webp.webp?fit=1200%2C844&ssl=1","jetpack-related-posts":[{"id":78479,"url":"https:\/\/noticiasribeiraopreto.com.br\/index.php\/2025\/10\/11\/inmet-prorroga-alerta-para-chuvas-intensas-no-estado-de-sp-confira-as-cidades\/","url_meta":{"origin":83008,"position":0},"title":"Inmet prorroga alerta para chuvas intensas no estado de SP; Confira as cidades","author":"noticiasribeiraopreto.com.br","date":"11 de October de 2025","format":false,"excerpt":"O\u00a0Inmet (Instituto Nacional de Meteorologia)\u00a0prorrogou neste s\u00e1bado (11)\u00a0o alerta de \u201cperigo potencial\u201d para chuvas intensas no estado de S\u00e3o Paulo. O alerta \u00e9 amarelo, o primeiro em uma escala at\u00e9 tr\u00eas n\u00edveis de severidade, e abrange uma maior parte do estado paulista em rela\u00e7\u00e3o ao aviso anterior. A validade \u00e9\u2026","rel":"","context":"In &quot;Not\u00edcias de Ribeir\u00e3o Preto-SP e Regi\u00e3o&quot;","block_context":{"text":"Not\u00edcias de Ribeir\u00e3o Preto-SP e Regi\u00e3o","link":"https:\/\/noticiasribeiraopreto.com.br\/index.php\/category\/noticias-de-ribeirao-preto-sp-e-regiao-ismael-colosi\/"},"img":{"alt_text":"","src":"https:\/\/i0.wp.com\/noticiasribeiraopreto.com.br\/wp-content\/uploads\/2025\/09\/WhatsApp-Image-2024-10-23-at-18.14.43_2024-10-23_22-19-38_jpeg_2024-10-23_22-19-39-1024x576.webp.webp?fit=1024%2C576&ssl=1&resize=350%2C200","width":350,"height":200,"srcset":"https:\/\/i0.wp.com\/noticiasribeiraopreto.com.br\/wp-content\/uploads\/2025\/09\/WhatsApp-Image-2024-10-23-at-18.14.43_2024-10-23_22-19-38_jpeg_2024-10-23_22-19-39-1024x576.webp.webp?fit=1024%2C576&ssl=1&resize=350%2C200 1x, https:\/\/i0.wp.com\/noticiasribeiraopreto.com.br\/wp-content\/uploads\/2025\/09\/WhatsApp-Image-2024-10-23-at-18.14.43_2024-10-23_22-19-38_jpeg_2024-10-23_22-19-39-1024x576.webp.webp?fit=1024%2C576&ssl=1&resize=525%2C300 1.5x, https:\/\/i0.wp.com\/noticiasribeiraopreto.com.br\/wp-content\/uploads\/2025\/09\/WhatsApp-Image-2024-10-23-at-18.14.43_2024-10-23_22-19-38_jpeg_2024-10-23_22-19-39-1024x576.webp.webp?fit=1024%2C576&ssl=1&resize=700%2C400 2x"},"classes":[]},{"id":82557,"url":"https:\/\/noticiasribeiraopreto.com.br\/index.php\/2026\/02\/19\/inmet-prorroga-alerta-de-perigo-para-chuvas-intensas-no-estado-de-sp-veja-cidades\/","url_meta":{"origin":83008,"position":1},"title":"Inmet prorroga alerta de perigo para chuvas intensas no estado de SP; Veja cidades","author":"noticiasribeiraopreto.com.br","date":"19 de February de 2026","format":false,"excerpt":"O\u00a0Inmet (Instituto Nacional de Meteorologia)\u00a0prorrogou o alerta de \u201cperigo\u201d para chuvas intensas no estado de S\u00e3o Paulo.\u00a0Agora, o\u00a0aviso vai das\u00a010h\u00a0desta\u00a0quinta-feira (19) at\u00e9 as\u00a010h\u00a0desta\u00a0sexta-feira (20). O alerta \u00e9 na cor laranja, a segunda em uma escala at\u00e9 tr\u00eas n\u00edveis de severidade, e abrange as regi\u00f5es nordeste, leste, central e sul do\u2026","rel":"","context":"In &quot;Not\u00edcias de Ribeir\u00e3o Preto-SP e Regi\u00e3o&quot;","block_context":{"text":"Not\u00edcias de Ribeir\u00e3o Preto-SP e Regi\u00e3o","link":"https:\/\/noticiasribeiraopreto.com.br\/index.php\/category\/noticias-de-ribeirao-preto-sp-e-regiao-ismael-colosi\/"},"img":{"alt_text":"","src":"https:\/\/i0.wp.com\/noticiasribeiraopreto.com.br\/wp-content\/uploads\/2026\/02\/MAPA_2026-02-19_09-44-27.webp.webp?fit=1200%2C910&ssl=1&resize=350%2C200","width":350,"height":200,"srcset":"https:\/\/i0.wp.com\/noticiasribeiraopreto.com.br\/wp-content\/uploads\/2026\/02\/MAPA_2026-02-19_09-44-27.webp.webp?fit=1200%2C910&ssl=1&resize=350%2C200 1x, https:\/\/i0.wp.com\/noticiasribeiraopreto.com.br\/wp-content\/uploads\/2026\/02\/MAPA_2026-02-19_09-44-27.webp.webp?fit=1200%2C910&ssl=1&resize=525%2C300 1.5x, https:\/\/i0.wp.com\/noticiasribeiraopreto.com.br\/wp-content\/uploads\/2026\/02\/MAPA_2026-02-19_09-44-27.webp.webp?fit=1200%2C910&ssl=1&resize=700%2C400 2x, https:\/\/i0.wp.com\/noticiasribeiraopreto.com.br\/wp-content\/uploads\/2026\/02\/MAPA_2026-02-19_09-44-27.webp.webp?fit=1200%2C910&ssl=1&resize=1050%2C600 3x"},"classes":[]},{"id":82532,"url":"https:\/\/noticiasribeiraopreto.com.br\/index.php\/2026\/02\/18\/inmet-emite-alerta-laranja-para-chuvas-intensas-no-estado-de-sp-veja-cidades\/","url_meta":{"origin":83008,"position":2},"title":"Inmet emite alerta laranja para chuvas intensas no estado de SP; Veja cidades","author":"noticiasribeiraopreto.com.br","date":"18 de February de 2026","format":false,"excerpt":"O\u00a0Inmet (Instituto Nacional de Meteorologia)\u00a0publicou\u00a0um alerta de \u201cperigo\u201d para chuvas intensas no estado de S\u00e3o Paulo. O aviso tem in\u00edcio \u00e0s 10h desta quarta-feira (18) e vai at\u00e9 as 10h desta quinta-feira (19). O alerta \u00e9 na cor laranja, a segunda em uma escala at\u00e9 tr\u00eas n\u00edveis de severidade, e\u2026","rel":"","context":"In &quot;Not\u00edcias de Ribeir\u00e3o Preto-SP e Regi\u00e3o&quot;","block_context":{"text":"Not\u00edcias de Ribeir\u00e3o Preto-SP e Regi\u00e3o","link":"https:\/\/noticiasribeiraopreto.com.br\/index.php\/category\/noticias-de-ribeirao-preto-sp-e-regiao-ismael-colosi\/"},"img":{"alt_text":"","src":"https:\/\/i0.wp.com\/noticiasribeiraopreto.com.br\/wp-content\/uploads\/2026\/02\/MAPA_2026-02-18_09-25-42.webp.webp?fit=1200%2C853&ssl=1&resize=350%2C200","width":350,"height":200,"srcset":"https:\/\/i0.wp.com\/noticiasribeiraopreto.com.br\/wp-content\/uploads\/2026\/02\/MAPA_2026-02-18_09-25-42.webp.webp?fit=1200%2C853&ssl=1&resize=350%2C200 1x, https:\/\/i0.wp.com\/noticiasribeiraopreto.com.br\/wp-content\/uploads\/2026\/02\/MAPA_2026-02-18_09-25-42.webp.webp?fit=1200%2C853&ssl=1&resize=525%2C300 1.5x, https:\/\/i0.wp.com\/noticiasribeiraopreto.com.br\/wp-content\/uploads\/2026\/02\/MAPA_2026-02-18_09-25-42.webp.webp?fit=1200%2C853&ssl=1&resize=700%2C400 2x, https:\/\/i0.wp.com\/noticiasribeiraopreto.com.br\/wp-content\/uploads\/2026\/02\/MAPA_2026-02-18_09-25-42.webp.webp?fit=1200%2C853&ssl=1&resize=1050%2C600 3x"},"classes":[]},{"id":83476,"url":"https:\/\/noticiasribeiraopreto.com.br\/index.php\/2026\/03\/19\/inmet-emite-alerta-laranja-para-chuvas-intensas-no-interior-de-sp-veja-cidades\/","url_meta":{"origin":83008,"position":3},"title":"Inmet emite alerta laranja para chuvas intensas no interior de SP; Veja cidades","author":"noticiasribeiraopreto.com.br","date":"19 de March de 2026","format":false,"excerpt":"O\u00a0Inmet (Instituto Nacional de Meteorologia)\u00a0publicou\u00a0um alerta de \u201cperigo\u201d para chuvas intensas no interior de S\u00e3o Paulo.\u00a0O\u00a0aviso\u00a0teve\u00a0in\u00edcio\u00a0\u00e0s\u00a00h01\u00a0desta\u00a0quinta-feira (19)\u00a0e vai at\u00e9 as\u00a010h\u00a0desta\u00a0sexta-feira (20). O alerta \u00e9 na cor laranja, a segunda em uma escala at\u00e9 tr\u00eas n\u00edveis de severidade, e abrange as regi\u00f5es norte, leste e central do estado paulista. Clique aqui\u2026","rel":"","context":"In &quot;Not\u00edcias de Ribeir\u00e3o Preto-SP e Regi\u00e3o&quot;","block_context":{"text":"Not\u00edcias de Ribeir\u00e3o Preto-SP e Regi\u00e3o","link":"https:\/\/noticiasribeiraopreto.com.br\/index.php\/category\/noticias-de-ribeirao-preto-sp-e-regiao-ismael-colosi\/"},"img":{"alt_text":"","src":"https:\/\/i0.wp.com\/noticiasribeiraopreto.com.br\/wp-content\/uploads\/2026\/03\/mapa-sp_2026-03-19_09-37-13.webp.webp?fit=1200%2C848&ssl=1&resize=350%2C200","width":350,"height":200,"srcset":"https:\/\/i0.wp.com\/noticiasribeiraopreto.com.br\/wp-content\/uploads\/2026\/03\/mapa-sp_2026-03-19_09-37-13.webp.webp?fit=1200%2C848&ssl=1&resize=350%2C200 1x, https:\/\/i0.wp.com\/noticiasribeiraopreto.com.br\/wp-content\/uploads\/2026\/03\/mapa-sp_2026-03-19_09-37-13.webp.webp?fit=1200%2C848&ssl=1&resize=525%2C300 1.5x, https:\/\/i0.wp.com\/noticiasribeiraopreto.com.br\/wp-content\/uploads\/2026\/03\/mapa-sp_2026-03-19_09-37-13.webp.webp?fit=1200%2C848&ssl=1&resize=700%2C400 2x, https:\/\/i0.wp.com\/noticiasribeiraopreto.com.br\/wp-content\/uploads\/2026\/03\/mapa-sp_2026-03-19_09-37-13.webp.webp?fit=1200%2C848&ssl=1&resize=1050%2C600 3x"},"classes":[]},{"id":78556,"url":"https:\/\/noticiasribeiraopreto.com.br\/index.php\/2025\/10\/13\/ribeirao-preto-esta-em-atencao-para-chuva-intensa-e-ventos-fortes-veja-previsao\/","url_meta":{"origin":83008,"position":4},"title":"Ribeir\u00e3o Preto est\u00e1 em aten\u00e7\u00e3o para chuva intensa e ventos fortes; Veja previs\u00e3o","author":"noticiasribeiraopreto.com.br","date":"13 de October de 2025","format":false,"excerpt":"O Instituto Nacional de Meteorologia (Inmet) ampliou nesta segunda-feira (13) a \u00e1rea de alerta de \u201cperigo\u201d para tempestades no estado de S\u00e3o Paulo. A nova atualiza\u00e7\u00e3o inclui parte da regi\u00e3o de Ribeir\u00e3o Preto, que agora est\u00e1 entre as \u00e1reas com risco de chuva intensa. De acordo com o Inmet, o\u2026","rel":"","context":"In &quot;Not\u00edcias de Ribeir\u00e3o Preto-SP e Regi\u00e3o&quot;","block_context":{"text":"Not\u00edcias de Ribeir\u00e3o Preto-SP e Regi\u00e3o","link":"https:\/\/noticiasribeiraopreto.com.br\/index.php\/category\/noticias-de-ribeirao-preto-sp-e-regiao-ismael-colosi\/"},"img":{"alt_text":"","src":"https:\/\/i0.wp.com\/noticiasribeiraopreto.com.br\/wp-content\/uploads\/2025\/10\/Copia-de-Copia-de-Copia-de-TAMANHO-EXATO-PARA-FOTOS-NO-SISTEMA-NOVO-2025-10-13T145457.360_2025-10-13_17-55-10.webp.webp?fit=1200%2C675&ssl=1&resize=350%2C200","width":350,"height":200,"srcset":"https:\/\/i0.wp.com\/noticiasribeiraopreto.com.br\/wp-content\/uploads\/2025\/10\/Copia-de-Copia-de-Copia-de-TAMANHO-EXATO-PARA-FOTOS-NO-SISTEMA-NOVO-2025-10-13T145457.360_2025-10-13_17-55-10.webp.webp?fit=1200%2C675&ssl=1&resize=350%2C200 1x, https:\/\/i0.wp.com\/noticiasribeiraopreto.com.br\/wp-content\/uploads\/2025\/10\/Copia-de-Copia-de-Copia-de-TAMANHO-EXATO-PARA-FOTOS-NO-SISTEMA-NOVO-2025-10-13T145457.360_2025-10-13_17-55-10.webp.webp?fit=1200%2C675&ssl=1&resize=525%2C300 1.5x, https:\/\/i0.wp.com\/noticiasribeiraopreto.com.br\/wp-content\/uploads\/2025\/10\/Copia-de-Copia-de-Copia-de-TAMANHO-EXATO-PARA-FOTOS-NO-SISTEMA-NOVO-2025-10-13T145457.360_2025-10-13_17-55-10.webp.webp?fit=1200%2C675&ssl=1&resize=700%2C400 2x, https:\/\/i0.wp.com\/noticiasribeiraopreto.com.br\/wp-content\/uploads\/2025\/10\/Copia-de-Copia-de-Copia-de-TAMANHO-EXATO-PARA-FOTOS-NO-SISTEMA-NOVO-2025-10-13T145457.360_2025-10-13_17-55-10.webp.webp?fit=1200%2C675&ssl=1&resize=1050%2C600 3x"},"classes":[]},{"id":56123,"url":"https:\/\/noticiasribeiraopreto.com.br\/index.php\/2024\/08\/09\/frente-fria-interior-de-sp-tem-alerta-para-chuvas-intensas-veja-cidades-afetadas\/","url_meta":{"origin":83008,"position":5},"title":"Frente fria: interior de SP tem alerta para chuvas intensas; Veja cidades afetadas","author":"noticiasribeiraopreto.com.br","date":"9 de August de 2024","format":false,"excerpt":"Uma forte frente fria come\u00e7ou a atuar sobre interior do Estado de S\u00e3o Paulo nesta sexta-feira (9) e promete deixar as temperaturas mais baixas neste final de semana. Por conta desse cen\u00e1rio, o Instituto de Meteorologia (Inmet) emitiu um alerta de perigo potencial para chuvas intensas em diversas regi\u00f5es, inclusive\u2026","rel":"","context":"In &quot;Not\u00edcias de Ribeir\u00e3o Preto-SP e Regi\u00e3o&quot;","block_context":{"text":"Not\u00edcias de Ribeir\u00e3o Preto-SP e Regi\u00e3o","link":"https:\/\/noticiasribeiraopreto.com.br\/index.php\/category\/noticias-de-ribeirao-preto-sp-e-regiao-ismael-colosi\/"},"img":{"alt_text":"","src":"https:\/\/i0.wp.com\/noticiasribeiraopreto.com.br\/wp-content\/uploads\/2024\/08\/CicloneextratropicalgrandeeintensoprovocaalertaVejaaprevisodotempo_Tamanho_2_image.jpg?fit=1200%2C900&ssl=1&resize=350%2C200","width":350,"height":200,"srcset":"https:\/\/i0.wp.com\/noticiasribeiraopreto.com.br\/wp-content\/uploads\/2024\/08\/CicloneextratropicalgrandeeintensoprovocaalertaVejaaprevisodotempo_Tamanho_2_image.jpg?fit=1200%2C900&ssl=1&resize=350%2C200 1x, https:\/\/i0.wp.com\/noticiasribeiraopreto.com.br\/wp-content\/uploads\/2024\/08\/CicloneextratropicalgrandeeintensoprovocaalertaVejaaprevisodotempo_Tamanho_2_image.jpg?fit=1200%2C900&ssl=1&resize=525%2C300 1.5x, https:\/\/i0.wp.com\/noticiasribeiraopreto.com.br\/wp-content\/uploads\/2024\/08\/CicloneextratropicalgrandeeintensoprovocaalertaVejaaprevisodotempo_Tamanho_2_image.jpg?fit=1200%2C900&ssl=1&resize=700%2C400 2x, https:\/\/i0.wp.com\/noticiasribeiraopreto.com.br\/wp-content\/uploads\/2024\/08\/CicloneextratropicalgrandeeintensoprovocaalertaVejaaprevisodotempo_Tamanho_2_image.jpg?fit=1200%2C900&ssl=1&resize=1050%2C600 3x"},"classes":[]}],"jetpack_sharing_enabled":true,"jetpack_shortlink":"https:\/\/wp.me\/peQAOb-lAQ","_links":{"self":[{"href":"https:\/\/noticiasribeiraopreto.com.br\/index.php\/wp-json\/wp\/v2\/posts\/83008","targetHints":{"allow":["GET"]}}],"collection":[{"href":"https:\/\/noticiasribeiraopreto.com.br\/index.php\/wp-json\/wp\/v2\/posts"}],"about":[{"href":"https:\/\/noticiasribeiraopreto.com.br\/index.php\/wp-json\/wp\/v2\/types\/post"}],"author":[{"embeddable":true,"href":"https:\/\/noticiasribeiraopreto.com.br\/index.php\/wp-json\/wp\/v2\/users\/1"}],"replies":[{"embeddable":true,"href":"https:\/\/noticiasribeiraopreto.com.br\/index.php\/wp-json\/wp\/v2\/comments?post=83008"}],"version-history":[{"count":0,"href":"https:\/\/noticiasribeiraopreto.com.br\/index.php\/wp-json\/wp\/v2\/posts\/83008\/revisions"}],"wp:featuredmedia":[{"embeddable":true,"href":"https:\/\/noticiasribeiraopreto.com.br\/index.php\/wp-json\/wp\/v2\/media\/83009"}],"wp:attachment":[{"href":"https:\/\/noticiasribeiraopreto.com.br\/index.php\/wp-json\/wp\/v2\/media?parent=83008"}],"wp:term":[{"taxonomy":"category","embeddable":true,"href":"https:\/\/noticiasribeiraopreto.com.br\/index.php\/wp-json\/wp\/v2\/categories?post=83008"},{"taxonomy":"post_tag","embeddable":true,"href":"https:\/\/noticiasribeiraopreto.com.br\/index.php\/wp-json\/wp\/v2\/tags?post=83008"}],"curies":[{"name":"wp","href":"https:\/\/api.w.org\/{rel}","templated":true}]}}