{"id":83010,"date":"2026-03-06T10:43:31","date_gmt":"2026-03-06T13:43:31","guid":{"rendered":"https:\/\/noticiasribeiraopreto.com.br\/index.php\/2026\/03\/06\/cervejarias-do-interior-de-sp-sao-eleitas-as-melhores-do-estado-em-concurso-nacional\/"},"modified":"2026-03-06T10:43:31","modified_gmt":"2026-03-06T13:43:31","slug":"cervejarias-do-interior-de-sp-sao-eleitas-as-melhores-do-estado-em-concurso-nacional","status":"publish","type":"post","link":"https:\/\/noticiasribeiraopreto.com.br\/index.php\/2026\/03\/06\/cervejarias-do-interior-de-sp-sao-eleitas-as-melhores-do-estado-em-concurso-nacional\/","title":{"rendered":"Cervejarias do interior de SP s\u00e3o eleitas as melhores do estado em concurso nacional"},"content":{"rendered":"<div class='code-block code-block-1' style='margin: 8px 0 8px auto; text-align: right; display: block; clear: both;'>\n<p><a href=\"https:\/\/wa.link\/vpicfd\"><img data-recalc-dims=\"1\" class=\"wp-image-4922\" style=\"aspect-ratio: 2.0253164556962027; width: 561px; height: auto;\" src=\"https:\/\/i0.wp.com\/ismaelcolosi.com.br\/wp-content\/uploads\/2023\/11\/grupo-de-empregos-whatsapp-e-facebook-ismael-colosi-vagas.jpg?ssl=1\" alt=\"\" \/><\/a><\/p>\n<!-- \/wp:image -->\n<\/div>\n<p> <br \/>\n<\/p>\n<div>\n<p><strong>Duas cervejarias de Ribeir\u00e3o Preto<\/strong> e <strong>uma de Sert\u00e3ozinho<\/strong> foram eleitas <strong>as melhores do estado de S\u00e3o Paulo<\/strong> no <a href=\"https:\/\/www.cbcbrasiloficial.com.br\/\" target=\"_blank\" data-type=\"link\" data-id=\"https:\/\/www.cbcbrasiloficial.com.br\/\" rel=\"noreferrer noopener\">14\u00ba Concurso Brasileiro de Cervejas (CBC)<\/a>. A premia\u00e7\u00e3o aconteceu na \u00faltima ter\u00e7a-feira (3), durante evento realizado em <strong>Uberl\u00e2ndia-MG<\/strong>.<\/p>\n<p>Al\u00e9m do reconhecimento entre as melhores do estado, as tr\u00eas cervejarias tamb\u00e9m conquistaram <strong>diversas premia\u00e7\u00f5es com seus r\u00f3tulos<\/strong>. As medalhas foram distribu\u00eddas em diferentes estilos de cerveja, desde <strong>American-Style Amber Lager<\/strong> at\u00e9 <strong>Wild Beer <\/strong>\u2013 veja abaixo.<\/p>\n<p><strong>Confira as melhores cervejarias de S\u00e3o Paulo eleitas pelo CBC:<\/strong><\/p>\n<ol class=\"wp-block-list\">\n<li>Vila Dion\u00edsio<\/li>\n<li>Cervejaria SP-330<\/li>\n<li>Cervejaria Wolfes Bier (Sert\u00e3ozinho)<\/li>\n<\/ol>\n<p>\u26a0\ufe0f <em>Vale mencionar que a cervejaria Vila Dion\u00edsio foi fundada em Rio Preto e tamb\u00e9m possui unidade na cidade.<\/em><\/p>\n<h2 class=\"wp-block-heading\"><strong>Cervejas produzidas com ingredientes locais<\/strong><\/h2>\n<p>Em <strong>Ribeir\u00e3o Preto<\/strong>, o mestre cervejeiro da <strong>SP-330<\/strong>, <strong>Tio Limongi<\/strong>, conta que o interesse pela cerveja artesanal come\u00e7ou ainda em 1998, durante uma viagem \u00e0 Europa, quando teve o primeiro contato com o estilo da bebida.<\/p>\n<p>Apesar de ser formado em publicidade e propaganda, ele decidiu seguir no <strong>universo cervejeiro <\/strong>e come\u00e7ou a trabalhar com cerveja artesanal em 2004. \u201cSempre fui muito curioso com gastronomia, tanto comida quanto bebida\u201d, lembra.<\/p>\n<p>Hoje, com mais de duas d\u00e9cadas de experi\u00eancia, ele destaca a import\u00e2ncia dos ingredientes locais nas receitas produzidas em Ribeir\u00e3o Preto. <strong><mark style=\"background-color:#fcb900\" class=\"has-inline-color\">Segundo ele, duas das cervejas premiadas utilizam produtos da regi\u00e3o, como caldo de mandioca e barris de amburana.<\/mark><\/strong><\/p>\n<figure class=\"wp-block-pullquote\">\n<blockquote>\n<p>Nossa regi\u00e3o \u00e9 muito rica em ingredientes e mat\u00e9rias-primas. Valorizar os produtores locais faz toda a diferen\u00e7a<\/p>\n<\/blockquote>\n<\/figure>\n<p>Ele tamb\u00e9m observa mudan\u00e7as no mercado, com consumidores buscando bebidas mais leves. Para o cervejeiro, <strong>Ribeir\u00e3o Preto se destaca pela tradi\u00e7\u00e3o e pela forte cultura cervejeira, com dezenas de f\u00e1bricas na cidade e na regi\u00e3o.<\/strong><\/p>\n<p>Vale mencionar que neste ano, a <strong>cervejaria SP-330<\/strong> completa 10 anos e conquistou cinco medalhas no concurso, sendo duas de ouro e tr\u00eas de prata. \u201c\u00c9 algo muito especial e que mostra o trabalho de todo o time\u201d<\/p>\n<figure class=\"wp-block-gallery has-nested-images columns-default is-cropped wp-block-gallery-1 is-layout-flex wp-block-gallery-is-layout-flex\">\n<figure class=\"wp-block-image size-large\"><img data-recalc-dims=\"1\" fetchpriority=\"high\" decoding=\"async\" width=\"720\" height=\"900\" data-id=\"147875\" src=\"https:\/\/i0.wp.com\/cdn.media-acidadeon.com.br\/ribeiraopreto\/wp-content\/uploads\/sites\/3\/2026\/03\/641287639_18532236346070447_291054325945993973_n.webp?resize=720%2C900&#038;ssl=1\" alt=\"Cervejaria SP-330 foi premiada no CBC - Foto: arquivo pessoal.\" class=\"wp-image-147875\" title=\"Cervejarias do interior de SP s\u00e3o eleitas as melhores do estado em concurso nacional 1\" srcset=\"https:\/\/cdn.media-acidadeon.com.br\/ribeiraopreto\/wp-content\/uploads\/sites\/3\/2026\/03\/641287639_18532236346070447_291054325945993973_n.webp 720w, https:\/\/cdn.media-acidadeon.com.br\/ribeiraopreto\/wp-content\/uploads\/sites\/3\/2026\/03\/641287639_18532236346070447_291054325945993973_n-240x300.webp 240w, https:\/\/cdn.media-acidadeon.com.br\/ribeiraopreto\/wp-content\/uploads\/sites\/3\/2026\/03\/641287639_18532236346070447_291054325945993973_n-696x870.webp 696w\" sizes=\"(max-width: 720px) 100vw, 720px\"\/><figcaption class=\"wp-element-caption\">Cervejaria SP-330 foi premiada no CBC \u2013 Foto: arquivo pessoal.<\/figcaption><\/figure>\n<figure class=\"wp-block-image size-large\"><img data-recalc-dims=\"1\" loading=\"lazy\" decoding=\"async\" width=\"909\" height=\"1024\" data-id=\"147876\" src=\"https:\/\/i0.wp.com\/cdn.media-acidadeon.com.br\/ribeiraopreto\/wp-content\/uploads\/sites\/3\/2026\/03\/%F0%9F%8D%BA%F0%9F%8F%85%F0%9F%A5%88-2026-comecou-com-grandes-motivos-para-brindar-A-SP330-acaba-de-conquistar-5-medalhas-no-5_2026-03-05_22-36-08-909x1024.webp?resize=909%2C1024&#038;ssl=1\" alt=\"\ud83c\udf7a\ud83c\udfc5\ud83e\udd48 2026 comecou com grandes motivos para brindar A SP330 acaba de conquistar 5 medalhas no 5 2026 03 05 22 36 08\" class=\"wp-image-147876\" title=\"Cervejarias do interior de SP s\u00e3o eleitas as melhores do estado em concurso nacional 2\" srcset=\"https:\/\/cdn.media-acidadeon.com.br\/ribeiraopreto\/wp-content\/uploads\/sites\/3\/2026\/03\/\ud83c\udf7a\ud83c\udfc5\ud83e\udd48-2026-comecou-com-grandes-motivos-para-brindar-A-SP330-acaba-de-conquistar-5-medalhas-no-5_2026-03-05_22-36-08-909x1024.webp 909w, https:\/\/cdn.media-acidadeon.com.br\/ribeiraopreto\/wp-content\/uploads\/sites\/3\/2026\/03\/\ud83c\udf7a\ud83c\udfc5\ud83e\udd48-2026-comecou-com-grandes-motivos-para-brindar-A-SP330-acaba-de-conquistar-5-medalhas-no-5_2026-03-05_22-36-08-266x300.webp 266w, https:\/\/cdn.media-acidadeon.com.br\/ribeiraopreto\/wp-content\/uploads\/sites\/3\/2026\/03\/\ud83c\udf7a\ud83c\udfc5\ud83e\udd48-2026-comecou-com-grandes-motivos-para-brindar-A-SP330-acaba-de-conquistar-5-medalhas-no-5_2026-03-05_22-36-08-768x865.webp 768w, https:\/\/cdn.media-acidadeon.com.br\/ribeiraopreto\/wp-content\/uploads\/sites\/3\/2026\/03\/\ud83c\udf7a\ud83c\udfc5\ud83e\udd48-2026-comecou-com-grandes-motivos-para-brindar-A-SP330-acaba-de-conquistar-5-medalhas-no-5_2026-03-05_22-36-08-696x784.webp 696w, https:\/\/cdn.media-acidadeon.com.br\/ribeiraopreto\/wp-content\/uploads\/sites\/3\/2026\/03\/\ud83c\udf7a\ud83c\udfc5\ud83e\udd48-2026-comecou-com-grandes-motivos-para-brindar-A-SP330-acaba-de-conquistar-5-medalhas-no-5_2026-03-05_22-36-08-1068x1203.webp 1068w, https:\/\/cdn.media-acidadeon.com.br\/ribeiraopreto\/wp-content\/uploads\/sites\/3\/2026\/03\/\ud83c\udf7a\ud83c\udfc5\ud83e\udd48-2026-comecou-com-grandes-motivos-para-brindar-A-SP330-acaba-de-conquistar-5-medalhas-no-5_2026-03-05_22-36-08.webp 1080w\" sizes=\"auto, (max-width: 909px) 100vw, 909px\"\/><figcaption class=\"wp-element-caption\">Foto: reprodu\u00e7\u00e3o\/ Instagram<\/figcaption><\/figure>\n<figure class=\"wp-block-image size-large\"><img data-recalc-dims=\"1\" loading=\"lazy\" decoding=\"async\" width=\"909\" height=\"1024\" data-id=\"147877\" src=\"https:\/\/i0.wp.com\/cdn.media-acidadeon.com.br\/ribeiraopreto\/wp-content\/uploads\/sites\/3\/2026\/03\/%F0%9F%8D%BA%F0%9F%8F%85%F0%9F%A5%88-2026-comecou-com-grandes-motivos-para-brindar-A-SP330-acaba-de-conquistar-5-medalhas-no-1_2026-03-05_22-36-10-909x1024.webp?resize=909%2C1024&#038;ssl=1\" alt=\"\ud83c\udf7a\ud83c\udfc5\ud83e\udd48 2026 comecou com grandes motivos para brindar A SP330 acaba de conquistar 5 medalhas no 1 2026 03 05 22 36 10\" class=\"wp-image-147877\" title=\"Cervejarias do interior de SP s\u00e3o eleitas as melhores do estado em concurso nacional 3\" srcset=\"https:\/\/cdn.media-acidadeon.com.br\/ribeiraopreto\/wp-content\/uploads\/sites\/3\/2026\/03\/\ud83c\udf7a\ud83c\udfc5\ud83e\udd48-2026-comecou-com-grandes-motivos-para-brindar-A-SP330-acaba-de-conquistar-5-medalhas-no-1_2026-03-05_22-36-10-909x1024.webp 909w, https:\/\/cdn.media-acidadeon.com.br\/ribeiraopreto\/wp-content\/uploads\/sites\/3\/2026\/03\/\ud83c\udf7a\ud83c\udfc5\ud83e\udd48-2026-comecou-com-grandes-motivos-para-brindar-A-SP330-acaba-de-conquistar-5-medalhas-no-1_2026-03-05_22-36-10-266x300.webp 266w, https:\/\/cdn.media-acidadeon.com.br\/ribeiraopreto\/wp-content\/uploads\/sites\/3\/2026\/03\/\ud83c\udf7a\ud83c\udfc5\ud83e\udd48-2026-comecou-com-grandes-motivos-para-brindar-A-SP330-acaba-de-conquistar-5-medalhas-no-1_2026-03-05_22-36-10-768x865.webp 768w, https:\/\/cdn.media-acidadeon.com.br\/ribeiraopreto\/wp-content\/uploads\/sites\/3\/2026\/03\/\ud83c\udf7a\ud83c\udfc5\ud83e\udd48-2026-comecou-com-grandes-motivos-para-brindar-A-SP330-acaba-de-conquistar-5-medalhas-no-1_2026-03-05_22-36-10-696x784.webp 696w, https:\/\/cdn.media-acidadeon.com.br\/ribeiraopreto\/wp-content\/uploads\/sites\/3\/2026\/03\/\ud83c\udf7a\ud83c\udfc5\ud83e\udd48-2026-comecou-com-grandes-motivos-para-brindar-A-SP330-acaba-de-conquistar-5-medalhas-no-1_2026-03-05_22-36-10-1068x1203.webp 1068w, https:\/\/cdn.media-acidadeon.com.br\/ribeiraopreto\/wp-content\/uploads\/sites\/3\/2026\/03\/\ud83c\udf7a\ud83c\udfc5\ud83e\udd48-2026-comecou-com-grandes-motivos-para-brindar-A-SP330-acaba-de-conquistar-5-medalhas-no-1_2026-03-05_22-36-10.webp 1080w\" sizes=\"auto, (max-width: 909px) 100vw, 909px\"\/><figcaption class=\"wp-element-caption\">Foto: reprodu\u00e7\u00e3o\/ Instagram<\/figcaption><\/figure>\n<figure class=\"wp-block-image size-large\"><img data-recalc-dims=\"1\" loading=\"lazy\" decoding=\"async\" width=\"909\" height=\"1024\" data-id=\"147878\" src=\"https:\/\/i0.wp.com\/cdn.media-acidadeon.com.br\/ribeiraopreto\/wp-content\/uploads\/sites\/3\/2026\/03\/%F0%9F%8D%BA%F0%9F%8F%85%F0%9F%A5%88-2026-comecou-com-grandes-motivos-para-brindar-A-SP330-acaba-de-conquistar-5-medalhas-no-2_2026-03-05_22-36-12-909x1024.webp?resize=909%2C1024&#038;ssl=1\" alt=\"\ud83c\udf7a\ud83c\udfc5\ud83e\udd48 2026 comecou com grandes motivos para brindar A SP330 acaba de conquistar 5 medalhas no 2 2026 03 05 22 36 12\" class=\"wp-image-147878\" title=\"Cervejarias do interior de SP s\u00e3o eleitas as melhores do estado em concurso nacional 4\" srcset=\"https:\/\/cdn.media-acidadeon.com.br\/ribeiraopreto\/wp-content\/uploads\/sites\/3\/2026\/03\/\ud83c\udf7a\ud83c\udfc5\ud83e\udd48-2026-comecou-com-grandes-motivos-para-brindar-A-SP330-acaba-de-conquistar-5-medalhas-no-2_2026-03-05_22-36-12-909x1024.webp 909w, https:\/\/cdn.media-acidadeon.com.br\/ribeiraopreto\/wp-content\/uploads\/sites\/3\/2026\/03\/\ud83c\udf7a\ud83c\udfc5\ud83e\udd48-2026-comecou-com-grandes-motivos-para-brindar-A-SP330-acaba-de-conquistar-5-medalhas-no-2_2026-03-05_22-36-12-266x300.webp 266w, https:\/\/cdn.media-acidadeon.com.br\/ribeiraopreto\/wp-content\/uploads\/sites\/3\/2026\/03\/\ud83c\udf7a\ud83c\udfc5\ud83e\udd48-2026-comecou-com-grandes-motivos-para-brindar-A-SP330-acaba-de-conquistar-5-medalhas-no-2_2026-03-05_22-36-12-768x865.webp 768w, https:\/\/cdn.media-acidadeon.com.br\/ribeiraopreto\/wp-content\/uploads\/sites\/3\/2026\/03\/\ud83c\udf7a\ud83c\udfc5\ud83e\udd48-2026-comecou-com-grandes-motivos-para-brindar-A-SP330-acaba-de-conquistar-5-medalhas-no-2_2026-03-05_22-36-12-696x784.webp 696w, https:\/\/cdn.media-acidadeon.com.br\/ribeiraopreto\/wp-content\/uploads\/sites\/3\/2026\/03\/\ud83c\udf7a\ud83c\udfc5\ud83e\udd48-2026-comecou-com-grandes-motivos-para-brindar-A-SP330-acaba-de-conquistar-5-medalhas-no-2_2026-03-05_22-36-12-1068x1203.webp 1068w, https:\/\/cdn.media-acidadeon.com.br\/ribeiraopreto\/wp-content\/uploads\/sites\/3\/2026\/03\/\ud83c\udf7a\ud83c\udfc5\ud83e\udd48-2026-comecou-com-grandes-motivos-para-brindar-A-SP330-acaba-de-conquistar-5-medalhas-no-2_2026-03-05_22-36-12.webp 1080w\" sizes=\"auto, (max-width: 909px) 100vw, 909px\"\/><figcaption class=\"wp-element-caption\">Foto: reprodu\u00e7\u00e3o\/ Instagram<\/figcaption><\/figure>\n<figure class=\"wp-block-image size-large\"><img data-recalc-dims=\"1\" loading=\"lazy\" decoding=\"async\" width=\"909\" height=\"1024\" data-id=\"147879\" src=\"https:\/\/i0.wp.com\/cdn.media-acidadeon.com.br\/ribeiraopreto\/wp-content\/uploads\/sites\/3\/2026\/03\/%F0%9F%8D%BA%F0%9F%8F%85%F0%9F%A5%88-2026-comecou-com-grandes-motivos-para-brindar-A-SP330-acaba-de-conquistar-5-medalhas-no-3_2026-03-05_22-36-14-909x1024.webp?resize=909%2C1024&#038;ssl=1\" alt=\"\ud83c\udf7a\ud83c\udfc5\ud83e\udd48 2026 comecou com grandes motivos para brindar A SP330 acaba de conquistar 5 medalhas no 3 2026 03 05 22 36 14\" class=\"wp-image-147879\" title=\"Cervejarias do interior de SP s\u00e3o eleitas as melhores do estado em concurso nacional 5\" srcset=\"https:\/\/cdn.media-acidadeon.com.br\/ribeiraopreto\/wp-content\/uploads\/sites\/3\/2026\/03\/\ud83c\udf7a\ud83c\udfc5\ud83e\udd48-2026-comecou-com-grandes-motivos-para-brindar-A-SP330-acaba-de-conquistar-5-medalhas-no-3_2026-03-05_22-36-14-909x1024.webp 909w, https:\/\/cdn.media-acidadeon.com.br\/ribeiraopreto\/wp-content\/uploads\/sites\/3\/2026\/03\/\ud83c\udf7a\ud83c\udfc5\ud83e\udd48-2026-comecou-com-grandes-motivos-para-brindar-A-SP330-acaba-de-conquistar-5-medalhas-no-3_2026-03-05_22-36-14-266x300.webp 266w, https:\/\/cdn.media-acidadeon.com.br\/ribeiraopreto\/wp-content\/uploads\/sites\/3\/2026\/03\/\ud83c\udf7a\ud83c\udfc5\ud83e\udd48-2026-comecou-com-grandes-motivos-para-brindar-A-SP330-acaba-de-conquistar-5-medalhas-no-3_2026-03-05_22-36-14-768x865.webp 768w, https:\/\/cdn.media-acidadeon.com.br\/ribeiraopreto\/wp-content\/uploads\/sites\/3\/2026\/03\/\ud83c\udf7a\ud83c\udfc5\ud83e\udd48-2026-comecou-com-grandes-motivos-para-brindar-A-SP330-acaba-de-conquistar-5-medalhas-no-3_2026-03-05_22-36-14-696x784.webp 696w, https:\/\/cdn.media-acidadeon.com.br\/ribeiraopreto\/wp-content\/uploads\/sites\/3\/2026\/03\/\ud83c\udf7a\ud83c\udfc5\ud83e\udd48-2026-comecou-com-grandes-motivos-para-brindar-A-SP330-acaba-de-conquistar-5-medalhas-no-3_2026-03-05_22-36-14-1068x1203.webp 1068w, https:\/\/cdn.media-acidadeon.com.br\/ribeiraopreto\/wp-content\/uploads\/sites\/3\/2026\/03\/\ud83c\udf7a\ud83c\udfc5\ud83e\udd48-2026-comecou-com-grandes-motivos-para-brindar-A-SP330-acaba-de-conquistar-5-medalhas-no-3_2026-03-05_22-36-14.webp 1080w\" sizes=\"auto, (max-width: 909px) 100vw, 909px\"\/><figcaption class=\"wp-element-caption\">Foto: reprodu\u00e7\u00e3o\/ Instagram<\/figcaption><\/figure>\n<figure class=\"wp-block-image size-large\"><img data-recalc-dims=\"1\" loading=\"lazy\" decoding=\"async\" width=\"909\" height=\"1024\" data-id=\"147880\" src=\"https:\/\/i0.wp.com\/cdn.media-acidadeon.com.br\/ribeiraopreto\/wp-content\/uploads\/sites\/3\/2026\/03\/%F0%9F%8D%BA%F0%9F%8F%85%F0%9F%A5%88-2026-comecou-com-grandes-motivos-para-brindar-A-SP330-acaba-de-conquistar-5-medalhas-no-4_2026-03-05_22-36-16-909x1024.webp?resize=909%2C1024&#038;ssl=1\" alt=\"\ud83c\udf7a\ud83c\udfc5\ud83e\udd48 2026 comecou com grandes motivos para brindar A SP330 acaba de conquistar 5 medalhas no 4 2026 03 05 22 36 16\" class=\"wp-image-147880\" title=\"Cervejarias do interior de SP s\u00e3o eleitas as melhores do estado em concurso nacional 6\" srcset=\"https:\/\/cdn.media-acidadeon.com.br\/ribeiraopreto\/wp-content\/uploads\/sites\/3\/2026\/03\/\ud83c\udf7a\ud83c\udfc5\ud83e\udd48-2026-comecou-com-grandes-motivos-para-brindar-A-SP330-acaba-de-conquistar-5-medalhas-no-4_2026-03-05_22-36-16-909x1024.webp 909w, https:\/\/cdn.media-acidadeon.com.br\/ribeiraopreto\/wp-content\/uploads\/sites\/3\/2026\/03\/\ud83c\udf7a\ud83c\udfc5\ud83e\udd48-2026-comecou-com-grandes-motivos-para-brindar-A-SP330-acaba-de-conquistar-5-medalhas-no-4_2026-03-05_22-36-16-266x300.webp 266w, https:\/\/cdn.media-acidadeon.com.br\/ribeiraopreto\/wp-content\/uploads\/sites\/3\/2026\/03\/\ud83c\udf7a\ud83c\udfc5\ud83e\udd48-2026-comecou-com-grandes-motivos-para-brindar-A-SP330-acaba-de-conquistar-5-medalhas-no-4_2026-03-05_22-36-16-768x865.webp 768w, https:\/\/cdn.media-acidadeon.com.br\/ribeiraopreto\/wp-content\/uploads\/sites\/3\/2026\/03\/\ud83c\udf7a\ud83c\udfc5\ud83e\udd48-2026-comecou-com-grandes-motivos-para-brindar-A-SP330-acaba-de-conquistar-5-medalhas-no-4_2026-03-05_22-36-16-696x784.webp 696w, https:\/\/cdn.media-acidadeon.com.br\/ribeiraopreto\/wp-content\/uploads\/sites\/3\/2026\/03\/\ud83c\udf7a\ud83c\udfc5\ud83e\udd48-2026-comecou-com-grandes-motivos-para-brindar-A-SP330-acaba-de-conquistar-5-medalhas-no-4_2026-03-05_22-36-16-1068x1203.webp 1068w, https:\/\/cdn.media-acidadeon.com.br\/ribeiraopreto\/wp-content\/uploads\/sites\/3\/2026\/03\/\ud83c\udf7a\ud83c\udfc5\ud83e\udd48-2026-comecou-com-grandes-motivos-para-brindar-A-SP330-acaba-de-conquistar-5-medalhas-no-4_2026-03-05_22-36-16.webp 1080w\" sizes=\"auto, (max-width: 909px) 100vw, 909px\"\/><figcaption class=\"wp-element-caption\">Foto: reprodu\u00e7\u00e3o\/ Instagram<\/figcaption><\/figure>\n<\/figure>\n<h2 class=\"wp-block-heading\"><strong>Diferencial est\u00e1 no cuidado com a qualidade<\/strong><\/h2>\n<p>Representando o munic\u00edpio de <strong>Sert\u00e3ozinho<\/strong>, cidade a cerca de 20 quil\u00f4metros de Ribeir\u00e3o Preto, a <strong>Cervejaria Wolfes Bier<\/strong> destacou que o principal diferencial do seu trabalho est\u00e1 no cuidado com a qualidade.<\/p>\n<p>Segundo um dos respons\u00e1veis pela marca, <strong>Jairo Lima<\/strong>, nenhuma cerveja \u00e9 colocada \u00e0 venda <strong>se n\u00e3o estiver no padr\u00e3o que a equipe considera ideal<\/strong>. Al\u00e9m dele, <strong>Marcelo Gardengki <\/strong>e <strong>Jaciel Almeida<\/strong> comandam a cervejaria.<\/p>\n<p>Ao <strong>acidade on<\/strong>, Jairo disse que a medalha de ouro conquistada com a <strong>Pilsen<\/strong>, um estilo mais leve e popular entre os brasileiros, foi considerada <strong>um momento inesquec\u00edvel para a equipe<\/strong>.<\/p>\n<figure class=\"wp-block-pullquote\">\n<blockquote>\n<p>\u00c9 uma cerveja do dia a dia, que as pessoas j\u00e1 est\u00e3o acostumadas a beber. Levar justamente esse r\u00f3tulo para o concurso e conquistar o ouro foi muito especial para n\u00f3s<\/p>\n<\/blockquote>\n<\/figure>\n<p><mark style=\"background-color:#fcb900\" class=\"has-inline-color\">Ele tamb\u00e9m ressaltou que as cervejas premiadas <strong>s\u00e3o as mesmas servidas normalmente ao p\u00fablico<\/strong>.<\/mark> Para a cervejaria, o objetivo n\u00e3o \u00e9 produzir r\u00f3tulos apenas para competir, mas oferecer uma bebida equilibrada e de qualidade para quem consome.<\/p>\n<p>\u201cA gente busca melhorar sempre. N\u00e3o existe produto perfeito, sempre d\u00e1 para evoluir um pouco mais\u201d, completou o s\u00f3cio da cervejaria.<\/p>\n<figure class=\"wp-block-gallery has-nested-images columns-default is-cropped wp-block-gallery-2 is-layout-flex wp-block-gallery-is-layout-flex\">\n<figure class=\"wp-block-image size-large\"><img data-recalc-dims=\"1\" loading=\"lazy\" decoding=\"async\" width=\"1024\" height=\"683\" data-id=\"147870\" src=\"https:\/\/i0.wp.com\/cdn.media-acidadeon.com.br\/ribeiraopreto\/wp-content\/uploads\/sites\/3\/2026\/03\/WhatsApp-Image-2026-03-04-at-16.36.50_2026-03-05_22-26-15-1024x683.webp?resize=1024%2C683&#038;ssl=1\" alt=\"Cervejaria Wolfes Bier em Sert\u00e3ozinho - Foto: arquivo pessoal.\" class=\"wp-image-147870\" title=\"Cervejarias do interior de SP s\u00e3o eleitas as melhores do estado em concurso nacional 7\" srcset=\"https:\/\/cdn.media-acidadeon.com.br\/ribeiraopreto\/wp-content\/uploads\/sites\/3\/2026\/03\/WhatsApp-Image-2026-03-04-at-16.36.50_2026-03-05_22-26-15-1024x683.webp 1024w, https:\/\/cdn.media-acidadeon.com.br\/ribeiraopreto\/wp-content\/uploads\/sites\/3\/2026\/03\/WhatsApp-Image-2026-03-04-at-16.36.50_2026-03-05_22-26-15-300x200.webp 300w, https:\/\/cdn.media-acidadeon.com.br\/ribeiraopreto\/wp-content\/uploads\/sites\/3\/2026\/03\/WhatsApp-Image-2026-03-04-at-16.36.50_2026-03-05_22-26-15-768x512.webp 768w, https:\/\/cdn.media-acidadeon.com.br\/ribeiraopreto\/wp-content\/uploads\/sites\/3\/2026\/03\/WhatsApp-Image-2026-03-04-at-16.36.50_2026-03-05_22-26-15-696x464.webp 696w, https:\/\/cdn.media-acidadeon.com.br\/ribeiraopreto\/wp-content\/uploads\/sites\/3\/2026\/03\/WhatsApp-Image-2026-03-04-at-16.36.50_2026-03-05_22-26-15-1068x712.webp 1068w, https:\/\/cdn.media-acidadeon.com.br\/ribeiraopreto\/wp-content\/uploads\/sites\/3\/2026\/03\/WhatsApp-Image-2026-03-04-at-16.36.50_2026-03-05_22-26-15.webp 1200w\" sizes=\"auto, (max-width: 1024px) 100vw, 1024px\"\/><figcaption class=\"wp-element-caption\">Cervejaria Wolfes Bier em Sert\u00e3ozinho \u2013 Foto: arquivo pessoal.<\/figcaption><\/figure>\n<figure class=\"wp-block-image size-large\"><img data-recalc-dims=\"1\" loading=\"lazy\" decoding=\"async\" width=\"576\" height=\"1024\" data-id=\"147871\" src=\"https:\/\/i0.wp.com\/cdn.media-acidadeon.com.br\/ribeiraopreto\/wp-content\/uploads\/sites\/3\/2026\/03\/WhatsApp-Image-2026-03-04-at-16.41.39_2026-03-05_22-26-18-576x1024.webp?resize=576%2C1024&#038;ssl=1\" alt=\"Cervejaria Wolfes Bier foi premiada no CBC - Foto: arquivo pessoal.\" class=\"wp-image-147871\" title=\"Cervejarias do interior de SP s\u00e3o eleitas as melhores do estado em concurso nacional 8\" srcset=\"https:\/\/cdn.media-acidadeon.com.br\/ribeiraopreto\/wp-content\/uploads\/sites\/3\/2026\/03\/WhatsApp-Image-2026-03-04-at-16.41.39_2026-03-05_22-26-18-576x1024.webp 576w, https:\/\/cdn.media-acidadeon.com.br\/ribeiraopreto\/wp-content\/uploads\/sites\/3\/2026\/03\/WhatsApp-Image-2026-03-04-at-16.41.39_2026-03-05_22-26-18-169x300.webp 169w, https:\/\/cdn.media-acidadeon.com.br\/ribeiraopreto\/wp-content\/uploads\/sites\/3\/2026\/03\/WhatsApp-Image-2026-03-04-at-16.41.39_2026-03-05_22-26-18-768x1365.webp 768w, https:\/\/cdn.media-acidadeon.com.br\/ribeiraopreto\/wp-content\/uploads\/sites\/3\/2026\/03\/WhatsApp-Image-2026-03-04-at-16.41.39_2026-03-05_22-26-18-864x1536.webp 864w, https:\/\/cdn.media-acidadeon.com.br\/ribeiraopreto\/wp-content\/uploads\/sites\/3\/2026\/03\/WhatsApp-Image-2026-03-04-at-16.41.39_2026-03-05_22-26-18-696x1237.webp 696w, https:\/\/cdn.media-acidadeon.com.br\/ribeiraopreto\/wp-content\/uploads\/sites\/3\/2026\/03\/WhatsApp-Image-2026-03-04-at-16.41.39_2026-03-05_22-26-18.webp 900w\" sizes=\"auto, (max-width: 576px) 100vw, 576px\"\/><figcaption class=\"wp-element-caption\">Cervejaria Wolfes Bier foi premiada no CBC \u2013 Foto: arquivo pessoal.<\/figcaption><\/figure>\n<figure class=\"wp-block-image size-large\"><img data-recalc-dims=\"1\" loading=\"lazy\" decoding=\"async\" width=\"576\" height=\"1024\" data-id=\"147872\" src=\"https:\/\/i0.wp.com\/cdn.media-acidadeon.com.br\/ribeiraopreto\/wp-content\/uploads\/sites\/3\/2026\/03\/WhatsApp-Image-2026-03-04-at-16.41.13-1_2026-03-05_22-26-20-576x1024.webp?resize=576%2C1024&#038;ssl=1\" alt=\"WhatsApp Image 2026 03 04 at 16.41.13 1 2026 03 05 22 26 20\" class=\"wp-image-147872\" title=\"Cervejarias do interior de SP s\u00e3o eleitas as melhores do estado em concurso nacional 9\" srcset=\"https:\/\/cdn.media-acidadeon.com.br\/ribeiraopreto\/wp-content\/uploads\/sites\/3\/2026\/03\/WhatsApp-Image-2026-03-04-at-16.41.13-1_2026-03-05_22-26-20-576x1024.webp 576w, https:\/\/cdn.media-acidadeon.com.br\/ribeiraopreto\/wp-content\/uploads\/sites\/3\/2026\/03\/WhatsApp-Image-2026-03-04-at-16.41.13-1_2026-03-05_22-26-20-169x300.webp 169w, https:\/\/cdn.media-acidadeon.com.br\/ribeiraopreto\/wp-content\/uploads\/sites\/3\/2026\/03\/WhatsApp-Image-2026-03-04-at-16.41.13-1_2026-03-05_22-26-20-768x1365.webp 768w, https:\/\/cdn.media-acidadeon.com.br\/ribeiraopreto\/wp-content\/uploads\/sites\/3\/2026\/03\/WhatsApp-Image-2026-03-04-at-16.41.13-1_2026-03-05_22-26-20-864x1536.webp 864w, https:\/\/cdn.media-acidadeon.com.br\/ribeiraopreto\/wp-content\/uploads\/sites\/3\/2026\/03\/WhatsApp-Image-2026-03-04-at-16.41.13-1_2026-03-05_22-26-20-696x1237.webp 696w, https:\/\/cdn.media-acidadeon.com.br\/ribeiraopreto\/wp-content\/uploads\/sites\/3\/2026\/03\/WhatsApp-Image-2026-03-04-at-16.41.13-1_2026-03-05_22-26-20.webp 900w\" sizes=\"auto, (max-width: 576px) 100vw, 576px\"\/><figcaption class=\"wp-element-caption\">Foto: reprodu\u00e7\u00e3o\/ Instagram<\/figcaption><\/figure>\n<figure class=\"wp-block-image size-large\"><img data-recalc-dims=\"1\" loading=\"lazy\" decoding=\"async\" width=\"576\" height=\"1024\" data-id=\"147873\" src=\"https:\/\/i0.wp.com\/cdn.media-acidadeon.com.br\/ribeiraopreto\/wp-content\/uploads\/sites\/3\/2026\/03\/WhatsApp-Image-2026-03-04-at-16.41.13_2026-03-05_22-26-22-576x1024.webp?resize=576%2C1024&#038;ssl=1\" alt=\"WhatsApp Image 2026 03 04 at 16.41.13 2026 03 05 22 26 22\" class=\"wp-image-147873\" title=\"Cervejarias do interior de SP s\u00e3o eleitas as melhores do estado em concurso nacional 10\" srcset=\"https:\/\/cdn.media-acidadeon.com.br\/ribeiraopreto\/wp-content\/uploads\/sites\/3\/2026\/03\/WhatsApp-Image-2026-03-04-at-16.41.13_2026-03-05_22-26-22-576x1024.webp 576w, https:\/\/cdn.media-acidadeon.com.br\/ribeiraopreto\/wp-content\/uploads\/sites\/3\/2026\/03\/WhatsApp-Image-2026-03-04-at-16.41.13_2026-03-05_22-26-22-169x300.webp 169w, https:\/\/cdn.media-acidadeon.com.br\/ribeiraopreto\/wp-content\/uploads\/sites\/3\/2026\/03\/WhatsApp-Image-2026-03-04-at-16.41.13_2026-03-05_22-26-22-768x1365.webp 768w, https:\/\/cdn.media-acidadeon.com.br\/ribeiraopreto\/wp-content\/uploads\/sites\/3\/2026\/03\/WhatsApp-Image-2026-03-04-at-16.41.13_2026-03-05_22-26-22-864x1536.webp 864w, https:\/\/cdn.media-acidadeon.com.br\/ribeiraopreto\/wp-content\/uploads\/sites\/3\/2026\/03\/WhatsApp-Image-2026-03-04-at-16.41.13_2026-03-05_22-26-22-696x1237.webp 696w, https:\/\/cdn.media-acidadeon.com.br\/ribeiraopreto\/wp-content\/uploads\/sites\/3\/2026\/03\/WhatsApp-Image-2026-03-04-at-16.41.13_2026-03-05_22-26-22.webp 900w\" sizes=\"auto, (max-width: 576px) 100vw, 576px\"\/><figcaption class=\"wp-element-caption\">Foto: reprodu\u00e7\u00e3o\/ Instagram<\/figcaption><\/figure>\n<figure class=\"wp-block-image size-large\"><img data-recalc-dims=\"1\" loading=\"lazy\" decoding=\"async\" width=\"576\" height=\"1024\" data-id=\"147874\" src=\"https:\/\/i0.wp.com\/cdn.media-acidadeon.com.br\/ribeiraopreto\/wp-content\/uploads\/sites\/3\/2026\/03\/WhatsApp-Image-2026-03-04-at-16.40.55_2026-03-05_22-26-24-576x1024.webp?resize=576%2C1024&#038;ssl=1\" alt=\"WhatsApp Image 2026 03 04 at 16.40.55 2026 03 05 22 26 24\" class=\"wp-image-147874\" title=\"Cervejarias do interior de SP s\u00e3o eleitas as melhores do estado em concurso nacional 11\" srcset=\"https:\/\/cdn.media-acidadeon.com.br\/ribeiraopreto\/wp-content\/uploads\/sites\/3\/2026\/03\/WhatsApp-Image-2026-03-04-at-16.40.55_2026-03-05_22-26-24-576x1024.webp 576w, https:\/\/cdn.media-acidadeon.com.br\/ribeiraopreto\/wp-content\/uploads\/sites\/3\/2026\/03\/WhatsApp-Image-2026-03-04-at-16.40.55_2026-03-05_22-26-24-169x300.webp 169w, https:\/\/cdn.media-acidadeon.com.br\/ribeiraopreto\/wp-content\/uploads\/sites\/3\/2026\/03\/WhatsApp-Image-2026-03-04-at-16.40.55_2026-03-05_22-26-24-768x1365.webp 768w, https:\/\/cdn.media-acidadeon.com.br\/ribeiraopreto\/wp-content\/uploads\/sites\/3\/2026\/03\/WhatsApp-Image-2026-03-04-at-16.40.55_2026-03-05_22-26-24-864x1536.webp 864w, https:\/\/cdn.media-acidadeon.com.br\/ribeiraopreto\/wp-content\/uploads\/sites\/3\/2026\/03\/WhatsApp-Image-2026-03-04-at-16.40.55_2026-03-05_22-26-24-696x1237.webp 696w, https:\/\/cdn.media-acidadeon.com.br\/ribeiraopreto\/wp-content\/uploads\/sites\/3\/2026\/03\/WhatsApp-Image-2026-03-04-at-16.40.55_2026-03-05_22-26-24.webp 900w\" sizes=\"auto, (max-width: 576px) 100vw, 576px\"\/><figcaption class=\"wp-element-caption\">Foto: reprodu\u00e7\u00e3o\/ Instagram<\/figcaption><\/figure>\n<\/figure>\n<h2 class=\"wp-block-heading\"><strong>Confira os r\u00f3tulos premiados<\/strong><\/h2>\n<h3 class=\"wp-block-heading\"><strong>American-Style Amber Lager<\/strong><\/h3>\n<ul class=\"wp-block-list\">\n<li>1\u00ba Lugar \u2013 Sasha (Vila Dion\u00edsio)<\/li>\n<\/ul>\n<h3 class=\"wp-block-heading\"><strong>American-Style Fruit Beer<\/strong><\/h3>\n<ul class=\"wp-block-list\">\n<li>1\u00ba Lugar \u2013 Dumb Cervejaria (Cervejaria SP-330)<\/li>\n<\/ul>\n<h3 class=\"wp-block-heading\"><strong>American-Style Lager<\/strong><\/h3>\n<ul class=\"wp-block-list\">\n<li>1\u00ba Lugar \u2013 Pilsen Wolfes Bier (Cervejaria Wolfes Bier | Sert\u00e3ozinho)<\/li>\n<li>2\u00ba Lugar \u2013 Vila Pilsen (Vila Dion\u00edsio)<\/li>\n<\/ul>\n<h3 class=\"wp-block-heading\"><strong>American-Style Maerzen\/Oktoberfest<\/strong><\/h3>\n<ul class=\"wp-block-list\">\n<li>2\u00ba Lugar \u2013 Munique 26 (Vila Dion\u00edsio)<\/li>\n<\/ul>\n<h3 class=\"wp-block-heading\"><strong>Belgian-Style Fruit Beer<\/strong><\/h3>\n<ul class=\"wp-block-list\">\n<li>2\u00ba Lugar \u2013 Cupua\u00e7u Brett (Vila Dion\u00edsio)<\/li>\n<\/ul>\n<h3 class=\"wp-block-heading\"><strong>Brazilian-Style Herb Or Spiced Beer<\/strong><\/h3>\n<ul class=\"wp-block-list\">\n<li>2\u00ba Lugar \u2013 Bock N Amburana (Vila Dion\u00edsio)<\/li>\n<\/ul>\n<h3 class=\"wp-block-heading\"><strong>Brazilian-Style Wood Aged Beer<\/strong><\/h3>\n<ul class=\"wp-block-list\">\n<li>2\u00ba Lugar \u2013 Manipueira Cacha\u00e7a (Cervejaria SP-330)<\/li>\n<\/ul>\n<h3 class=\"wp-block-heading\"><strong>British-Style India Pale Ale<\/strong><\/h3>\n<ul class=\"wp-block-list\">\n<li>2\u00ba Lugar \u2013 Ipa Wolfes Bier (Cervejaria Wolfes Bier | Sert\u00e3ozinho)<\/li>\n<\/ul>\n<h3 class=\"wp-block-heading\"><strong>Czech-Style Pale Lager<\/strong><\/h3>\n<ul class=\"wp-block-list\">\n<li>3\u00ba Lugar \u2013 Czech Vila Tcheca (Vila Dion\u00edsio)<\/li>\n<\/ul>\n<h3 class=\"wp-block-heading\"><strong>Experimental India Pale Ale<\/strong><\/h3>\n<ul class=\"wp-block-list\">\n<li>2\u00ba Lugar \u2013 Ice Ipa (Cervejaria-SP 330)<\/li>\n<\/ul>\n<h3 class=\"wp-block-heading\"><strong>German-Style Schwarzbier<\/strong><\/h3>\n<ul class=\"wp-block-list\">\n<li>1\u00ba Lugar \u2013 Schwarzbier Wolfes Bier (Cervejaria Wolfes Bier | Sert\u00e3ozinho)<\/li>\n<\/ul>\n<h3 class=\"wp-block-heading\"><strong>Mixed-Culture Brett Beer<\/strong><\/h3>\n<ul class=\"wp-block-list\">\n<li>1\u00ba Lugar \u2013 Cacau Brett (Vila Dion\u00edsio)<\/li>\n<\/ul>\n<h3 class=\"wp-block-heading\"><strong>Wild Beer<\/strong><\/h3>\n<ul class=\"wp-block-list\">\n<li>1\u00ba Lugar \u2013 Manipueira Syrah collab Vin\u00edcola Terras Altas (Cervejaria SP-330)<\/li>\n<li>2\u00ba Lugar \u2013 Labicpueira (Cervejaria SP-330)<\/li>\n<\/ul>\n<hr class=\"wp-block-separator has-alpha-channel-opacity\"\/>\n<p>SAIBA MAIS<\/p>\n<p>Ribeir\u00e3o Preto recebe festival com 14 cervejarias, food trucks e shows gratuitos<\/p>\n<h2 class=\"wp-block-heading\"><strong>FIQUE ON<\/strong><\/h2>\n<p>Fique ligado em tudo que acontece em Ribeir\u00e3o Preto e regi\u00e3o. Siga os perfis do<strong>\u00a0acidade on\u00a0<\/strong>no\u00a0<a href=\"https:\/\/www.instagram.com\/acidadeonribeirao\" target=\"_blank\" rel=\"noreferrer noopener\">Instagram<\/a>\u00a0e no<a href=\"https:\/\/www.facebook.com\/acidadeonribeirao\/\" target=\"_blank\" rel=\"noreferrer noopener\">\u00a0Facebook<\/a>.<\/p>\n<p>Receba not\u00edcias do\u00a0<strong>acidade on<\/strong>\u00a0no WhatsApp. Para entrar no grupo,\u00a0basta\u00a0<a href=\"https:\/\/chat.whatsapp.com\/GFH9HUMUTHNFJdnyEd0xxq\" target=\"_blank\" rel=\"noreferrer noopener\">clicar aqui<\/a>. Ou, acesse o nosso\u00a0Canal\u00a0<a href=\"https:\/\/whatsapp.com\/channel\/0029Vb6IQl1JENyAeS57fk2p\" target=\"_blank\" rel=\"noreferrer noopener\">clicando aqui<\/a>.<\/p>\n<p>Fa\u00e7a uma den\u00fancia ou sugira uma reportagem sobre Ribeir\u00e3o Preto e regi\u00e3o pelo WhatsApp: 16 99117 7802.<\/p>\n<p>VEJA TAMB\u00c9M<br \/>Espaguete \u00e0 carbonara: 3 receitas pr\u00e1ticas para inovar no jantar<\/p>\n<p><!-- AI CONTENT END 1 -->\n<\/div>\n<p><script async src=\"\/\/www.instagram.com\/embed.js\"><\/script><br \/>\n<br \/><br \/>\n<br \/><a href=\"https:\/\/www.acidadeon.com\/ribeiraopreto\/cotidiano\/cervejarias-do-interior-de-sp-sao-eleitas-as-melhores-do-estado-em-concurso-nacional\/\">Source link <\/a><\/p>\n<!-- CONTENT END 1 -->\n","protected":false},"excerpt":{"rendered":"<p>Duas cervejarias de Ribeir\u00e3o Preto e uma de Sert\u00e3ozinho foram eleitas as melhores do estado de S\u00e3o Paulo no 14\u00ba Concurso Brasileiro de Cervejas (CBC)&#8230;.<\/p>\n","protected":false},"author":1,"featured_media":83011,"comment_status":"open","ping_status":"open","sticky":false,"template":"","format":"standard","meta":{"advanced_seo_description":"","jetpack_seo_html_title":"","jetpack_seo_noindex":false,"jetpack_post_was_ever_published":false,"_jetpack_newsletter_access":"","_jetpack_dont_email_post_to_subs":false,"_jetpack_newsletter_tier_id":0,"_jetpack_memberships_contains_paywalled_content":false,"_jetpack_memberships_contains_paid_content":false,"footnotes":"","jetpack_publicize_message":"","jetpack_publicize_feature_enabled":true,"jetpack_social_post_already_shared":true,"jetpack_social_options":{"image_generator_settings":{"template":"highway","default_image_id":0,"font":"","enabled":false},"version":2}},"categories":[11],"tags":[],"class_list":["post-83010","post","type-post","status-publish","format-standard","has-post-thumbnail","hentry","category-noticias-de-ribeirao-preto-sp-e-regiao-ismael-colosi"],"jetpack_publicize_connections":[],"jetpack_featured_media_url":"https:\/\/i0.wp.com\/noticiasribeiraopreto.com.br\/wp-content\/uploads\/2026\/03\/mid-section-bar-tender-filling-beer-from-bar-pump_2026-03-05_22-44-07.webp.webp?fit=1200%2C800&ssl=1","jetpack-related-posts":[{"id":69505,"url":"https:\/\/noticiasribeiraopreto.com.br\/index.php\/2025\/05\/06\/jornal-da-franca-veja-as-tres-cervejas-brasileiras-ficaram-entre-as-melhores-em-concurso-mundial\/","url_meta":{"origin":83010,"position":0},"title":"Jornal da Franca &#8211; Veja as tr\u00eas cervejas brasileiras ficaram entre as melhores em concurso mundial","author":"noticiasribeiraopreto.com.br","date":"6 de May de 2025","format":false,"excerpt":"compartilhar no whatsapp compartilhar no telegram compartilhar no facebook compartilhar no linkedin Nada de grandes marcas: as cervejas que ficaram entre as melhores do mundo s\u00e3o artesanais, produzidas no interior de S\u00e3o Paulo e no Paran\u00e1 Tr\u00eas cervejas artesanais brasileiras foram premiadas no\u00a0maior concurso cervejeiro do mundo\u00a0e trouxeram para a\u2026","rel":"","context":"In &quot;Not\u00edcias de Franca-SP&quot;","block_context":{"text":"Not\u00edcias de Franca-SP","link":"https:\/\/noticiasribeiraopreto.com.br\/index.php\/category\/noticias-de-ribeirao-preto-sp-e-regiao-ismael-colosi\/noticias-franca-sp\/"},"img":{"alt_text":"","src":"https:\/\/i0.wp.com\/noticiasribeiraopreto.com.br\/wp-content\/uploads\/2025\/05\/01-Canoa-Quebrada.jpg?fit=850%2C477&ssl=1&resize=350%2C200","width":350,"height":200,"srcset":"https:\/\/i0.wp.com\/noticiasribeiraopreto.com.br\/wp-content\/uploads\/2025\/05\/01-Canoa-Quebrada.jpg?fit=850%2C477&ssl=1&resize=350%2C200 1x, https:\/\/i0.wp.com\/noticiasribeiraopreto.com.br\/wp-content\/uploads\/2025\/05\/01-Canoa-Quebrada.jpg?fit=850%2C477&ssl=1&resize=525%2C300 1.5x, https:\/\/i0.wp.com\/noticiasribeiraopreto.com.br\/wp-content\/uploads\/2025\/05\/01-Canoa-Quebrada.jpg?fit=850%2C477&ssl=1&resize=700%2C400 2x"},"classes":[]},{"id":74753,"url":"https:\/\/noticiasribeiraopreto.com.br\/index.php\/2025\/07\/28\/festival-de-cerveja-artesanal-em-ribeirao-preto-tem-entrada-gratuita-e-atracoes-musicais\/","url_meta":{"origin":83010,"position":1},"title":"Festival de cerveja artesanal em Ribeir\u00e3o Preto tem entrada gratuita e atra\u00e7\u00f5es musicais","author":"noticiasribeiraopreto.com.br","date":"28 de July de 2025","format":false,"excerpt":"Ribeir\u00e3o Preto sedia, nos dois pr\u00f3ximos fins de semana, o festival de cervejas artesanais Champions Beer, no estacionamento do Shopping Iguatemi. O evento tem entrada gratuita e re\u00fane 15 cervejarias de diferentes cidades de S\u00e3o Paulo, al\u00e9m de shows ao vivo, pra\u00e7a de alimenta\u00e7\u00e3o, espa\u00e7o pet-friendly e \u00e1rea kids. A\u2026","rel":"","context":"In &quot;Not\u00edcias de Ribeir\u00e3o Preto-SP e Regi\u00e3o&quot;","block_context":{"text":"Not\u00edcias de Ribeir\u00e3o Preto-SP e Regi\u00e3o","link":"https:\/\/noticiasribeiraopreto.com.br\/index.php\/category\/noticias-de-ribeirao-preto-sp-e-regiao-ismael-colosi\/"},"img":{"alt_text":"","src":"https:\/\/i0.wp.com\/noticiasribeiraopreto.com.br\/wp-content\/uploads\/2025\/07\/Copia-de-Copia-de-Copia-de-TAMANHO-EXATO-PARA-FOTOS-NO-SISTEMA-NOVO-2025-07-28T161641.051_2025-07-28_19-17-00.webp.webp?fit=1200%2C675&ssl=1&resize=350%2C200","width":350,"height":200,"srcset":"https:\/\/i0.wp.com\/noticiasribeiraopreto.com.br\/wp-content\/uploads\/2025\/07\/Copia-de-Copia-de-Copia-de-TAMANHO-EXATO-PARA-FOTOS-NO-SISTEMA-NOVO-2025-07-28T161641.051_2025-07-28_19-17-00.webp.webp?fit=1200%2C675&ssl=1&resize=350%2C200 1x, https:\/\/i0.wp.com\/noticiasribeiraopreto.com.br\/wp-content\/uploads\/2025\/07\/Copia-de-Copia-de-Copia-de-TAMANHO-EXATO-PARA-FOTOS-NO-SISTEMA-NOVO-2025-07-28T161641.051_2025-07-28_19-17-00.webp.webp?fit=1200%2C675&ssl=1&resize=525%2C300 1.5x, https:\/\/i0.wp.com\/noticiasribeiraopreto.com.br\/wp-content\/uploads\/2025\/07\/Copia-de-Copia-de-Copia-de-TAMANHO-EXATO-PARA-FOTOS-NO-SISTEMA-NOVO-2025-07-28T161641.051_2025-07-28_19-17-00.webp.webp?fit=1200%2C675&ssl=1&resize=700%2C400 2x, https:\/\/i0.wp.com\/noticiasribeiraopreto.com.br\/wp-content\/uploads\/2025\/07\/Copia-de-Copia-de-Copia-de-TAMANHO-EXATO-PARA-FOTOS-NO-SISTEMA-NOVO-2025-07-28T161641.051_2025-07-28_19-17-00.webp.webp?fit=1200%2C675&ssl=1&resize=1050%2C600 3x"},"classes":[]},{"id":66462,"url":"https:\/\/noticiasribeiraopreto.com.br\/index.php\/2025\/04\/01\/ribeirao-preto-recebe-festival-de-cervejas-artesanais-com-food-trucks-e-shows-gratuitos\/","url_meta":{"origin":83010,"position":2},"title":"Ribeir\u00e3o Preto recebe festival de cervejas artesanais com food trucks e shows gratuitos","author":"noticiasribeiraopreto.com.br","date":"1 de April de 2025","format":false,"excerpt":"O festival de cervejas artesanais Champions Beer chega a Ribeir\u00e3o Preto nos dois pr\u00f3ximos finais de semana, no Shopping Iguatemi, com entrada gratuita. A abertura ocorre nesta sexta-feira (4), \u00e0s 17h. No s\u00e1bado (5) e no domingo (6), o evento inicia \u00e0s 13h. O festival ser\u00e1 retomado entre os dias\u2026","rel":"","context":"In &quot;Not\u00edcias de Ribeir\u00e3o Preto-SP e Regi\u00e3o&quot;","block_context":{"text":"Not\u00edcias de Ribeir\u00e3o Preto-SP e Regi\u00e3o","link":"https:\/\/noticiasribeiraopreto.com.br\/index.php\/category\/noticias-de-ribeirao-preto-sp-e-regiao-ismael-colosi\/"},"img":{"alt_text":"","src":"https:\/\/i0.wp.com\/noticiasribeiraopreto.com.br\/wp-content\/uploads\/2024\/09\/champions-beer_2024-09-06_17-47-35_jpeg_2024-09-06_17-47-35.webp.webp?fit=1200%2C675&ssl=1&resize=350%2C200","width":350,"height":200,"srcset":"https:\/\/i0.wp.com\/noticiasribeiraopreto.com.br\/wp-content\/uploads\/2024\/09\/champions-beer_2024-09-06_17-47-35_jpeg_2024-09-06_17-47-35.webp.webp?fit=1200%2C675&ssl=1&resize=350%2C200 1x, https:\/\/i0.wp.com\/noticiasribeiraopreto.com.br\/wp-content\/uploads\/2024\/09\/champions-beer_2024-09-06_17-47-35_jpeg_2024-09-06_17-47-35.webp.webp?fit=1200%2C675&ssl=1&resize=525%2C300 1.5x, https:\/\/i0.wp.com\/noticiasribeiraopreto.com.br\/wp-content\/uploads\/2024\/09\/champions-beer_2024-09-06_17-47-35_jpeg_2024-09-06_17-47-35.webp.webp?fit=1200%2C675&ssl=1&resize=700%2C400 2x, https:\/\/i0.wp.com\/noticiasribeiraopreto.com.br\/wp-content\/uploads\/2024\/09\/champions-beer_2024-09-06_17-47-35_jpeg_2024-09-06_17-47-35.webp.webp?fit=1200%2C675&ssl=1&resize=1050%2C600 3x"},"classes":[]},{"id":69405,"url":"https:\/\/noticiasribeiraopreto.com.br\/index.php\/2025\/05\/05\/cerveja-produzida-no-interior-de-sp-esta-entre-as-melhores-do-mundo\/","url_meta":{"origin":83010,"position":3},"title":"Cerveja produzida no interior de SP est\u00e1 entre as melhores do mundo","author":"noticiasribeiraopreto.com.br","date":"5 de May de 2025","format":false,"excerpt":"Uma cerveja produzida em Campinas, no interior de S\u00e3o Paulo, foi premiada na edi\u00e7\u00e3o de 2025 da World Beer Cup, principal competi\u00e7\u00e3o internacional do setor. O r\u00f3tulo Melancia SOUR\u2019n Salt, da Sim! Cerveja, levou medalha de ouro na categoria Specialty Non-Alcohol Beer. A Sim! Cerveja \u00e9 a primeira cervejaria do\u2026","rel":"","context":"In &quot;Not\u00edcias de Ribeir\u00e3o Preto-SP e Regi\u00e3o&quot;","block_context":{"text":"Not\u00edcias de Ribeir\u00e3o Preto-SP e Regi\u00e3o","link":"https:\/\/noticiasribeiraopreto.com.br\/index.php\/category\/noticias-de-ribeirao-preto-sp-e-regiao-ismael-colosi\/"},"img":{"alt_text":"","src":"https:\/\/i0.wp.com\/noticiasribeiraopreto.com.br\/wp-content\/uploads\/2025\/05\/Copia-de-Copia-de-Copia-de-TAMANHO-EXATO-PARA-FOTOS-NO-SISTEMA-NOVO-43_2025-05-06_00-32-13.webp.webp?fit=1200%2C675&ssl=1&resize=350%2C200","width":350,"height":200,"srcset":"https:\/\/i0.wp.com\/noticiasribeiraopreto.com.br\/wp-content\/uploads\/2025\/05\/Copia-de-Copia-de-Copia-de-TAMANHO-EXATO-PARA-FOTOS-NO-SISTEMA-NOVO-43_2025-05-06_00-32-13.webp.webp?fit=1200%2C675&ssl=1&resize=350%2C200 1x, https:\/\/i0.wp.com\/noticiasribeiraopreto.com.br\/wp-content\/uploads\/2025\/05\/Copia-de-Copia-de-Copia-de-TAMANHO-EXATO-PARA-FOTOS-NO-SISTEMA-NOVO-43_2025-05-06_00-32-13.webp.webp?fit=1200%2C675&ssl=1&resize=525%2C300 1.5x, https:\/\/i0.wp.com\/noticiasribeiraopreto.com.br\/wp-content\/uploads\/2025\/05\/Copia-de-Copia-de-Copia-de-TAMANHO-EXATO-PARA-FOTOS-NO-SISTEMA-NOVO-43_2025-05-06_00-32-13.webp.webp?fit=1200%2C675&ssl=1&resize=700%2C400 2x, https:\/\/i0.wp.com\/noticiasribeiraopreto.com.br\/wp-content\/uploads\/2025\/05\/Copia-de-Copia-de-Copia-de-TAMANHO-EXATO-PARA-FOTOS-NO-SISTEMA-NOVO-43_2025-05-06_00-32-13.webp.webp?fit=1200%2C675&ssl=1&resize=1050%2C600 3x"},"classes":[]},{"id":67165,"url":"https:\/\/noticiasribeiraopreto.com.br\/index.php\/2025\/04\/10\/festival-de-cervejas-artesanais-continua-neste-fim-de-semana-em-ribeirao-preto\/","url_meta":{"origin":83010,"position":4},"title":"Festival de cervejas artesanais continua neste fim de semana em Ribeir\u00e3o Preto","author":"noticiasribeiraopreto.com.br","date":"10 de April de 2025","format":false,"excerpt":"Continua neste fim de semana a programa\u00e7\u00e3o do Champions Beer. A abertura do festival de cervejas artesanais acontece na sexta-feira (11), \u00e0s 17h e segue at\u00e9 domingo (13), no estacionamento do Shopping Iguatemi. A entrada \u00e9 gratuita. Al\u00e9m das cervejas artesanais, o evento conta com programa\u00e7\u00e3o musical, pra\u00e7a de alimenta\u00e7\u00e3o,\u2026","rel":"","context":"In &quot;Not\u00edcias de Ribeir\u00e3o Preto-SP e Regi\u00e3o&quot;","block_context":{"text":"Not\u00edcias de Ribeir\u00e3o Preto-SP e Regi\u00e3o","link":"https:\/\/noticiasribeiraopreto.com.br\/index.php\/category\/noticias-de-ribeirao-preto-sp-e-regiao-ismael-colosi\/"},"img":{"alt_text":"","src":"https:\/\/i0.wp.com\/noticiasribeiraopreto.com.br\/wp-content\/uploads\/2024\/09\/champions-beer_2024-09-06_17-47-35_jpeg_2024-09-06_17-47-35.webp.webp?fit=1200%2C675&ssl=1&resize=350%2C200","width":350,"height":200,"srcset":"https:\/\/i0.wp.com\/noticiasribeiraopreto.com.br\/wp-content\/uploads\/2024\/09\/champions-beer_2024-09-06_17-47-35_jpeg_2024-09-06_17-47-35.webp.webp?fit=1200%2C675&ssl=1&resize=350%2C200 1x, https:\/\/i0.wp.com\/noticiasribeiraopreto.com.br\/wp-content\/uploads\/2024\/09\/champions-beer_2024-09-06_17-47-35_jpeg_2024-09-06_17-47-35.webp.webp?fit=1200%2C675&ssl=1&resize=525%2C300 1.5x, https:\/\/i0.wp.com\/noticiasribeiraopreto.com.br\/wp-content\/uploads\/2024\/09\/champions-beer_2024-09-06_17-47-35_jpeg_2024-09-06_17-47-35.webp.webp?fit=1200%2C675&ssl=1&resize=700%2C400 2x, https:\/\/i0.wp.com\/noticiasribeiraopreto.com.br\/wp-content\/uploads\/2024\/09\/champions-beer_2024-09-06_17-47-35_jpeg_2024-09-06_17-47-35.webp.webp?fit=1200%2C675&ssl=1&resize=1050%2C600 3x"},"classes":[]},{"id":74971,"url":"https:\/\/noticiasribeiraopreto.com.br\/index.php\/2025\/07\/31\/festival-com-cerveja-gastronomia-e-entrada-gratuita-comeca-nesta-sexta-em-ribeirao-preto-2\/","url_meta":{"origin":83010,"position":5},"title":"Festival com cerveja, gastronomia e entrada gratuita come\u00e7a nesta sexta em Ribeir\u00e3o Preto","author":"noticiasribeiraopreto.com.br","date":"31 de July de 2025","format":false,"excerpt":"O maior festival de cervejas artesanais do estado de S\u00e3o Paulo, o Champions Beer, come\u00e7a nesta quinta-feira (1\u00ba) no estacionamento do Shopping Iguatemi, em Ribeir\u00e3o Preto. O evento tem entrada gratuita e acontece durante dois finais de semana: de 1 a 3 de agosto e de 8 a 10 de\u2026","rel":"","context":"In &quot;Not\u00edcias de Ribeir\u00e3o Preto-SP e Regi\u00e3o&quot;","block_context":{"text":"Not\u00edcias de Ribeir\u00e3o Preto-SP e Regi\u00e3o","link":"https:\/\/noticiasribeiraopreto.com.br\/index.php\/category\/noticias-de-ribeirao-preto-sp-e-regiao-ismael-colosi\/"},"img":{"alt_text":"","src":"https:\/\/i0.wp.com\/noticiasribeiraopreto.com.br\/wp-content\/uploads\/2025\/07\/Copia-de-Copia-de-Copia-de-TAMANHO-EXATO-PARA-FOTOS-NO-SISTEMA-NOVO-2025-07-28T161641.051_2025-07-28_19-17-00.webp.webp?fit=1200%2C675&ssl=1&resize=350%2C200","width":350,"height":200,"srcset":"https:\/\/i0.wp.com\/noticiasribeiraopreto.com.br\/wp-content\/uploads\/2025\/07\/Copia-de-Copia-de-Copia-de-TAMANHO-EXATO-PARA-FOTOS-NO-SISTEMA-NOVO-2025-07-28T161641.051_2025-07-28_19-17-00.webp.webp?fit=1200%2C675&ssl=1&resize=350%2C200 1x, https:\/\/i0.wp.com\/noticiasribeiraopreto.com.br\/wp-content\/uploads\/2025\/07\/Copia-de-Copia-de-Copia-de-TAMANHO-EXATO-PARA-FOTOS-NO-SISTEMA-NOVO-2025-07-28T161641.051_2025-07-28_19-17-00.webp.webp?fit=1200%2C675&ssl=1&resize=525%2C300 1.5x, https:\/\/i0.wp.com\/noticiasribeiraopreto.com.br\/wp-content\/uploads\/2025\/07\/Copia-de-Copia-de-Copia-de-TAMANHO-EXATO-PARA-FOTOS-NO-SISTEMA-NOVO-2025-07-28T161641.051_2025-07-28_19-17-00.webp.webp?fit=1200%2C675&ssl=1&resize=700%2C400 2x, https:\/\/i0.wp.com\/noticiasribeiraopreto.com.br\/wp-content\/uploads\/2025\/07\/Copia-de-Copia-de-Copia-de-TAMANHO-EXATO-PARA-FOTOS-NO-SISTEMA-NOVO-2025-07-28T161641.051_2025-07-28_19-17-00.webp.webp?fit=1200%2C675&ssl=1&resize=1050%2C600 3x"},"classes":[]}],"jetpack_sharing_enabled":true,"jetpack_shortlink":"https:\/\/wp.me\/peQAOb-lAS","_links":{"self":[{"href":"https:\/\/noticiasribeiraopreto.com.br\/index.php\/wp-json\/wp\/v2\/posts\/83010","targetHints":{"allow":["GET"]}}],"collection":[{"href":"https:\/\/noticiasribeiraopreto.com.br\/index.php\/wp-json\/wp\/v2\/posts"}],"about":[{"href":"https:\/\/noticiasribeiraopreto.com.br\/index.php\/wp-json\/wp\/v2\/types\/post"}],"author":[{"embeddable":true,"href":"https:\/\/noticiasribeiraopreto.com.br\/index.php\/wp-json\/wp\/v2\/users\/1"}],"replies":[{"embeddable":true,"href":"https:\/\/noticiasribeiraopreto.com.br\/index.php\/wp-json\/wp\/v2\/comments?post=83010"}],"version-history":[{"count":0,"href":"https:\/\/noticiasribeiraopreto.com.br\/index.php\/wp-json\/wp\/v2\/posts\/83010\/revisions"}],"wp:featuredmedia":[{"embeddable":true,"href":"https:\/\/noticiasribeiraopreto.com.br\/index.php\/wp-json\/wp\/v2\/media\/83011"}],"wp:attachment":[{"href":"https:\/\/noticiasribeiraopreto.com.br\/index.php\/wp-json\/wp\/v2\/media?parent=83010"}],"wp:term":[{"taxonomy":"category","embeddable":true,"href":"https:\/\/noticiasribeiraopreto.com.br\/index.php\/wp-json\/wp\/v2\/categories?post=83010"},{"taxonomy":"post_tag","embeddable":true,"href":"https:\/\/noticiasribeiraopreto.com.br\/index.php\/wp-json\/wp\/v2\/tags?post=83010"}],"curies":[{"name":"wp","href":"https:\/\/api.w.org\/{rel}","templated":true}]}}